{"id":244450,"date":"2022-03-25T14:56:47","date_gmt":"2022-03-25T19:56:47","guid":{"rendered":"https:\/\/www.fiscalia.gov.co\/colombia\/?p=244450"},"modified":"2022-03-25T15:16:52","modified_gmt":"2022-03-25T20:16:52","slug":"condenan-a-29-anos-de-prision-a-dos-hombres-por-homicidio-colectivo-de-samaniego-donde-fueron-asesinados-8-jovenes","status":"publish","type":"post","link":"https:\/\/www.fiscalia.gov.co\/colombia\/noticias\/condenan-a-29-anos-de-prision-a-dos-hombres-por-homicidio-colectivo-de-samaniego-donde-fueron-asesinados-8-jovenes\/","title":{"rendered":"Condenan a 29 a\u00f1os de prisi\u00f3n a dos hombres por homicidio colectivo de Samaniego donde fueron asesinados 8 j\u00f3venes"},"content":{"rendered":"<p>El Fiscal General de la Naci\u00f3n Francisco Barbosa Delgado anunci\u00f3 desde Valledupar la condena de dos de los autores materiales del homicidio colectivo de 8 j\u00f3venes, con edades entre los 19 y 27 a\u00f1os, y un menor de edad, ocurrido el 15 de agosto de 2020 en Samaniego (Nari\u00f1o).<\/p>\n<p>El Fiscal afirm\u00f3 que gracias al trabajo de fiscales e investigadores se pudo concluir que Andr\u00e9s Fernando Moriano, alias Fercho\u00a0 y Yeiron Alexander Pantoja Rodr\u00edguez, alias Conductor, participaron en este homicidio m\u00faltiple ocurrido en\u00a0 la vereda Santa Catalina del municipio de Samaniego.<\/p>\n[embedyt] https:\/\/www.youtube.com\/watch?v=5Ej0BLOb31k[\/embedyt]\n<p>Seg\u00fan la investigaci\u00f3n adelantada por la Fiscal\u00eda, el d\u00eda de los hechos los dos condenados, junto con varios hombres, llegaron encapuchados a una finca de la vereda Santa Catalina, donde depart\u00edan unos 30 j\u00f3venes. Los perpetradores empezaron a disparar contra quienes se encontraban all\u00ed, caus\u00e1ndole la muerte a los ocho j\u00f3venes.<\/p>\n<p>Alias Fercho y alias Conductor fueron hallados responsables de los delitos de: homicidio agravado en concurso heterog\u00e9neo; concierto para delinquir agravado, y fabricaci\u00f3n, tr\u00e1fico y porte de armas, municiones de uso restringido de uso privativo de las fuerzas armadas o explosivos. Los dos hombres fueron condenados a 29 a\u00f1os de prisi\u00f3n y una multa de mil quinientos cincuenta (1.550) salarios m\u00ednimos legales.<\/p>\n[embedyt] https:\/\/www.youtube.com\/watch?v=XcD1ZTl2a3o[\/embedyt]\n<p>A partir de la informaci\u00f3n recaudada, el trabajo en campo y recolecci\u00f3n de pruebas en el lugar de los hechos, la Fiscal\u00eda logr\u00f3 que el 20 de octubre de 2020 se emitieran cinco \u00f3rdenes de captura en contra de: Arc\u00e1ngel Machado L\u00f3pez, Kevin Alexander Bastidas Quiroz, Andr\u00e9s Fernando Moriano Caicedo Fercho, Oscar Ferney Martinez Zambrano y Yeiron Alexander Pantoja Rodr\u00edguez alias Mono o conductor.<\/p>\n<p>Durante la investigaci\u00f3n Kevin Alexander Bastidas Quiroz y Oscar Ferney Mart\u00ednez Zambrano fueron encontrados sin vida, por lo que hubo preclusi\u00f3n por la muerte de los dos procesados.<\/p>\n<p>El Fiscal General de la Naci\u00f3n concluy\u00f3 en su visita a Valledupar que, gracias al trabajo articulado entre Fiscal\u00eda, Polic\u00eda y Fuerzas Militares, van 43 d\u00edas sin presentarse homicidios colectivos en el pa\u00eds. Adem\u00e1s, en el departamento de Nari\u00f1o se destaca que van 103 d\u00edas sin estos homicidios m\u00faltiples.<\/p>\n<p><strong>La Fiscal\u00eda habla con resultados<\/strong><\/p>\n<p>&nbsp;<\/p>\n<p>FAGH\/MRC\/CA\/<\/p>\n<p>&nbsp;<\/p>\n<div class=\"td-post-content tagdiv-type\">\n<div class=\"td-post-content tagdiv-type\">\n<p><em>La informaci\u00f3n contenida en este bolet\u00edn de prensa corresponde a la narraci\u00f3n de los hechos noticiosos objetivos, suministrados por los funcionarios encargados de adelantar las investigaciones penales al interior de la Fiscal\u00eda General de la Naci\u00f3n. Para el momento de la divulgaci\u00f3n de este comunicado, la situaci\u00f3n jur\u00eddica de la(s) persona(s) relacionada(s) se encuentra pendiente de resolver por la autoridad judicial competente, siempre bajo los preceptos de la presunci\u00f3n de inocencia, consagrados en el art\u00edculo 29 de la Constituci\u00f3n Pol\u00edtica y el art\u00edculo 7\u00ba de la Ley 906 de 2004.<\/em><\/p>\n<\/div>\n<\/div>\n\n<div class=\"twitter-share\"><a href=\"https:\/\/twitter.com\/intent\/tweet?via=fiscaliacol\" class=\"twitter-share-button\">Tweet<\/a><\/div>\n","protected":false},"excerpt":{"rendered":"<p>El Fiscal General de la Naci\u00f3n Francisco Barbosa Delgado anunci\u00f3 desde Valledupar la condena de dos de los autores materiales del homicidio colectivo de 8 j\u00f3venes, con edades entre los 19 y 27 a\u00f1os, y un menor de edad, ocurrido el 15 de agosto de 2020 en Samaniego (Nari\u00f1o). El Fiscal afirm\u00f3 que gracias al [&hellip;]<\/p>\n","protected":false},"author":177,"featured_media":0,"comment_status":"closed","ping_status":"open","sticky":false,"template":"","format":"video","meta":{"tdm_status":"","tdm_grid_status":"","footnotes":""},"categories":[25128,24096,1],"tags":[293,24185,24188,1047,409,25744],"class_list":{"0":"post-244450","1":"post","2":"type-post","3":"status-publish","4":"format-video","6":"category-el-fiscal-en-los-territorios","7":"category-fiscal-general-de-la-nacion","8":"category-noticias","9":"tag-condena","10":"tag-fiscal-barbosa","11":"tag-fiscal-francisco-barbosa","12":"tag-fiscalia-general-de-la-nacion","13":"tag-homicidio","14":"tag-samaniego","15":"post_format-post-format-video"},"yoast_head":"<!-- This site is optimized with the Yoast SEO plugin v24.3 - https:\/\/yoast.com\/wordpress\/plugins\/seo\/ -->\n<title>Fiscal\u00eda General de la Naci\u00f3n<\/title>\n<meta name=\"description\" content=\"P\u00e1gina oficial de la Fiscal\u00eda General de la Naci\u00f3n \u2013 Colombia. Garantizamos el acceso efectivo a la justicia, la verdad y la reparaci\u00f3n de las v\u00edctimas de los delitos.\" \/>\n<meta name=\"robots\" content=\"noindex, follow\" \/>\n<meta property=\"og:locale\" content=\"es_ES\" \/>\n<meta property=\"og:type\" content=\"article\" \/>\n<meta property=\"og:title\" content=\"Fiscal\u00eda General de la Naci\u00f3n\" \/>\n<meta property=\"og:description\" content=\"P\u00e1gina oficial de la Fiscal\u00eda General de la Naci\u00f3n \u2013 Colombia. Garantizamos el acceso efectivo a la justicia, la verdad y la reparaci\u00f3n de las v\u00edctimas de los delitos.\" \/>\n<meta property=\"og:url\" content=\"https:\/\/www.fiscalia.gov.co\/colombia\/noticias\/condenan-a-29-anos-de-prision-a-dos-hombres-por-homicidio-colectivo-de-samaniego-donde-fueron-asesinados-8-jovenes\/\" \/>\n<meta property=\"og:site_name\" content=\"Fiscal\u00eda General de la Naci\u00f3n\" \/>\n<meta property=\"article:publisher\" content=\"https:\/\/www.facebook.com\/FiscaliaCol\" \/>\n<meta property=\"article:published_time\" content=\"2022-03-25T19:56:47+00:00\" \/>\n<meta property=\"article:modified_time\" content=\"2022-03-25T20:16:52+00:00\" \/>\n<meta name=\"author\" content=\"Jordan Leandro Oviedo Anzola\" \/>\n<meta name=\"twitter:card\" content=\"summary_large_image\" \/>\n<meta name=\"twitter:creator\" content=\"@FiscaliaCol\" \/>\n<meta name=\"twitter:site\" content=\"@FiscaliaCol\" \/>\n<meta name=\"twitter:label1\" content=\"Escrito por\" \/>\n\t<meta name=\"twitter:data1\" content=\"Jordan Leandro Oviedo Anzola\" \/>\n\t<meta name=\"twitter:label2\" content=\"Tiempo de lectura\" \/>\n\t<meta name=\"twitter:data2\" content=\"3 minutos\" \/>\n<script type=\"application\/ld+json\" class=\"yoast-schema-graph\">{\"@context\":\"https:\/\/schema.org\",\"@graph\":[{\"@type\":\"Article\",\"@id\":\"https:\/\/www.fiscalia.gov.co\/colombia\/noticias\/condenan-a-29-anos-de-prision-a-dos-hombres-por-homicidio-colectivo-de-samaniego-donde-fueron-asesinados-8-jovenes\/#article\",\"isPartOf\":{\"@id\":\"https:\/\/www.fiscalia.gov.co\/colombia\/noticias\/condenan-a-29-anos-de-prision-a-dos-hombres-por-homicidio-colectivo-de-samaniego-donde-fueron-asesinados-8-jovenes\/\"},\"author\":{\"name\":\"Jordan Leandro Oviedo Anzola\",\"@id\":\"https:\/\/www.fiscalia.gov.co\/colombia\/#\/schema\/person\/bf84402cf293a5393e9c70b111020b24\"},\"headline\":\"Condenan a 29 a\u00f1os de prisi\u00f3n a dos hombres por homicidio colectivo de Samaniego donde fueron asesinados 8 j\u00f3venes\",\"datePublished\":\"2022-03-25T19:56:47+00:00\",\"dateModified\":\"2022-03-25T20:16:52+00:00\",\"mainEntityOfPage\":{\"@id\":\"https:\/\/www.fiscalia.gov.co\/colombia\/noticias\/condenan-a-29-anos-de-prision-a-dos-hombres-por-homicidio-colectivo-de-samaniego-donde-fueron-asesinados-8-jovenes\/\"},\"wordCount\":529,\"publisher\":{\"@id\":\"https:\/\/www.fiscalia.gov.co\/colombia\/#organization\"},\"keywords\":[\"Condena\",\"Fiscal Barbosa\",\"Fiscal Francisco Barbosa\",\"Fiscal\u00eda General de la Naci\u00f3n\",\"Homicidio\",\"Samaniego\"],\"articleSection\":[\"El Fiscal en los territorios\",\"Fiscal General de la Naci\u00f3n\",\"Noticias\"],\"inLanguage\":\"es-CO\"},{\"@type\":\"WebPage\",\"@id\":\"https:\/\/www.fiscalia.gov.co\/colombia\/noticias\/condenan-a-29-anos-de-prision-a-dos-hombres-por-homicidio-colectivo-de-samaniego-donde-fueron-asesinados-8-jovenes\/\",\"url\":\"https:\/\/www.fiscalia.gov.co\/colombia\/noticias\/condenan-a-29-anos-de-prision-a-dos-hombres-por-homicidio-colectivo-de-samaniego-donde-fueron-asesinados-8-jovenes\/\",\"name\":\"Fiscal\u00eda General de la Naci\u00f3n\",\"isPartOf\":{\"@id\":\"https:\/\/www.fiscalia.gov.co\/colombia\/#website\"},\"datePublished\":\"2022-03-25T19:56:47+00:00\",\"dateModified\":\"2022-03-25T20:16:52+00:00\",\"description\":\"P\u00e1gina oficial de la Fiscal\u00eda General de la Naci\u00f3n \u2013 Colombia. Garantizamos el acceso efectivo a la justicia, la verdad y la reparaci\u00f3n de las v\u00edctimas de los delitos.\",\"breadcrumb\":{\"@id\":\"https:\/\/www.fiscalia.gov.co\/colombia\/noticias\/condenan-a-29-anos-de-prision-a-dos-hombres-por-homicidio-colectivo-de-samaniego-donde-fueron-asesinados-8-jovenes\/#breadcrumb\"},\"inLanguage\":\"es-CO\",\"potentialAction\":[{\"@type\":\"ReadAction\",\"target\":[\"https:\/\/www.fiscalia.gov.co\/colombia\/noticias\/condenan-a-29-anos-de-prision-a-dos-hombres-por-homicidio-colectivo-de-samaniego-donde-fueron-asesinados-8-jovenes\/\"]}]},{\"@type\":\"BreadcrumbList\",\"@id\":\"https:\/\/www.fiscalia.gov.co\/colombia\/noticias\/condenan-a-29-anos-de-prision-a-dos-hombres-por-homicidio-colectivo-de-samaniego-donde-fueron-asesinados-8-jovenes\/#breadcrumb\",\"itemListElement\":[{\"@type\":\"ListItem\",\"position\":1,\"name\":\"Home\",\"item\":\"https:\/\/www.fiscalia.gov.co\/colombia\/\"},{\"@type\":\"ListItem\",\"position\":2,\"name\":\"Condenan a 29 a\u00f1os de prisi\u00f3n a dos hombres por homicidio colectivo de Samaniego donde fueron asesinados 8 j\u00f3venes\"}]},{\"@type\":\"WebSite\",\"@id\":\"https:\/\/www.fiscalia.gov.co\/colombia\/#website\",\"url\":\"https:\/\/www.fiscalia.gov.co\/colombia\/\",\"name\":\"Fiscal\u00eda General de la Naci\u00f3n\",\"description\":\"P\u00e1gina oficial de la Fiscal\u00eda General de la Naci\u00f3n \u2013 Colombia. Garantizamos el acceso efectivo a la justicia, la verdad y la reparaci\u00f3n de las v\u00edctimas de los delitos.\",\"publisher\":{\"@id\":\"https:\/\/www.fiscalia.gov.co\/colombia\/#organization\"},\"potentialAction\":[{\"@type\":\"SearchAction\",\"target\":{\"@type\":\"EntryPoint\",\"urlTemplate\":\"https:\/\/www.fiscalia.gov.co\/colombia\/?s={search_term_string}\"},\"query-input\":{\"@type\":\"PropertyValueSpecification\",\"valueRequired\":true,\"valueName\":\"search_term_string\"}}],\"inLanguage\":\"es-CO\"},{\"@type\":\"Organization\",\"@id\":\"https:\/\/www.fiscalia.gov.co\/colombia\/#organization\",\"name\":\"Fiscal\u00eda General de la Naci\u00f3n\",\"url\":\"https:\/\/www.fiscalia.gov.co\/colombia\/\",\"logo\":{\"@type\":\"ImageObject\",\"inLanguage\":\"es-CO\",\"@id\":\"https:\/\/www.fiscalia.gov.co\/colombia\/#\/schema\/logo\/image\/\",\"url\":\"https:\/\/www.fiscalia.gov.co\/colombia\/wp-content\/uploads\/LogoHorizontal_1.jpg\",\"contentUrl\":\"https:\/\/www.fiscalia.gov.co\/colombia\/wp-content\/uploads\/LogoHorizontal_1.jpg\",\"width\":300,\"height\":90,\"caption\":\"Fiscal\u00eda General de la Naci\u00f3n\"},\"image\":{\"@id\":\"https:\/\/www.fiscalia.gov.co\/colombia\/#\/schema\/logo\/image\/\"},\"sameAs\":[\"https:\/\/www.facebook.com\/FiscaliaCol\",\"https:\/\/x.com\/FiscaliaCol\",\"https:\/\/www.instagram.com\/fiscaliacol\",\"https:\/\/www.linkedin.com\/company\/fiscalia-general-de-la-naci-n\/\",\"https:\/\/youtube.com\/@fiscaliageneraldelanacion-4668?si=6nN79nyQICPU5iTh\"]},{\"@type\":\"Person\",\"@id\":\"https:\/\/www.fiscalia.gov.co\/colombia\/#\/schema\/person\/bf84402cf293a5393e9c70b111020b24\",\"name\":\"Jordan Leandro Oviedo Anzola\",\"image\":{\"@type\":\"ImageObject\",\"inLanguage\":\"es-CO\",\"@id\":\"https:\/\/www.fiscalia.gov.co\/colombia\/#\/schema\/person\/image\/\",\"url\":\"https:\/\/secure.gravatar.com\/avatar\/dabba4346fa9b9207d96adafa8f92721?s=96&d=mm&r=g\",\"contentUrl\":\"https:\/\/secure.gravatar.com\/avatar\/dabba4346fa9b9207d96adafa8f92721?s=96&d=mm&r=g\",\"caption\":\"Jordan Leandro Oviedo Anzola\"},\"url\":\"https:\/\/www.fiscalia.gov.co\/colombia\/author\/joviedo\/\"}]}<\/script>\n<!-- \/ Yoast SEO plugin. -->","yoast_head_json":{"title":"Fiscal\u00eda General de la Naci\u00f3n","description":"P\u00e1gina oficial de la Fiscal\u00eda General de la Naci\u00f3n \u2013 Colombia. Garantizamos el acceso efectivo a la justicia, la verdad y la reparaci\u00f3n de las v\u00edctimas de los delitos.","robots":{"index":"noindex","follow":"follow"},"og_locale":"es_ES","og_type":"article","og_title":"Fiscal\u00eda General de la Naci\u00f3n","og_description":"P\u00e1gina oficial de la Fiscal\u00eda General de la Naci\u00f3n \u2013 Colombia. Garantizamos el acceso efectivo a la justicia, la verdad y la reparaci\u00f3n de las v\u00edctimas de los delitos.","og_url":"https:\/\/www.fiscalia.gov.co\/colombia\/noticias\/condenan-a-29-anos-de-prision-a-dos-hombres-por-homicidio-colectivo-de-samaniego-donde-fueron-asesinados-8-jovenes\/","og_site_name":"Fiscal\u00eda General de la Naci\u00f3n","article_publisher":"https:\/\/www.facebook.com\/FiscaliaCol","article_published_time":"2022-03-25T19:56:47+00:00","article_modified_time":"2022-03-25T20:16:52+00:00","author":"Jordan Leandro Oviedo Anzola","twitter_card":"summary_large_image","twitter_creator":"@FiscaliaCol","twitter_site":"@FiscaliaCol","twitter_misc":{"Escrito por":"Jordan Leandro Oviedo Anzola","Tiempo de lectura":"3 minutos"},"schema":{"@context":"https:\/\/schema.org","@graph":[{"@type":"Article","@id":"https:\/\/www.fiscalia.gov.co\/colombia\/noticias\/condenan-a-29-anos-de-prision-a-dos-hombres-por-homicidio-colectivo-de-samaniego-donde-fueron-asesinados-8-jovenes\/#article","isPartOf":{"@id":"https:\/\/www.fiscalia.gov.co\/colombia\/noticias\/condenan-a-29-anos-de-prision-a-dos-hombres-por-homicidio-colectivo-de-samaniego-donde-fueron-asesinados-8-jovenes\/"},"author":{"name":"Jordan Leandro Oviedo Anzola","@id":"https:\/\/www.fiscalia.gov.co\/colombia\/#\/schema\/person\/bf84402cf293a5393e9c70b111020b24"},"headline":"Condenan a 29 a\u00f1os de prisi\u00f3n a dos hombres por homicidio colectivo de Samaniego donde fueron asesinados 8 j\u00f3venes","datePublished":"2022-03-25T19:56:47+00:00","dateModified":"2022-03-25T20:16:52+00:00","mainEntityOfPage":{"@id":"https:\/\/www.fiscalia.gov.co\/colombia\/noticias\/condenan-a-29-anos-de-prision-a-dos-hombres-por-homicidio-colectivo-de-samaniego-donde-fueron-asesinados-8-jovenes\/"},"wordCount":529,"publisher":{"@id":"https:\/\/www.fiscalia.gov.co\/colombia\/#organization"},"keywords":["Condena","Fiscal Barbosa","Fiscal Francisco Barbosa","Fiscal\u00eda General de la Naci\u00f3n","Homicidio","Samaniego"],"articleSection":["El Fiscal en los territorios","Fiscal General de la Naci\u00f3n","Noticias"],"inLanguage":"es-CO"},{"@type":"WebPage","@id":"https:\/\/www.fiscalia.gov.co\/colombia\/noticias\/condenan-a-29-anos-de-prision-a-dos-hombres-por-homicidio-colectivo-de-samaniego-donde-fueron-asesinados-8-jovenes\/","url":"https:\/\/www.fiscalia.gov.co\/colombia\/noticias\/condenan-a-29-anos-de-prision-a-dos-hombres-por-homicidio-colectivo-de-samaniego-donde-fueron-asesinados-8-jovenes\/","name":"Fiscal\u00eda General de la Naci\u00f3n","isPartOf":{"@id":"https:\/\/www.fiscalia.gov.co\/colombia\/#website"},"datePublished":"2022-03-25T19:56:47+00:00","dateModified":"2022-03-25T20:16:52+00:00","description":"P\u00e1gina oficial de la Fiscal\u00eda General de la Naci\u00f3n \u2013 Colombia. Garantizamos el acceso efectivo a la justicia, la verdad y la reparaci\u00f3n de las v\u00edctimas de los delitos.","breadcrumb":{"@id":"https:\/\/www.fiscalia.gov.co\/colombia\/noticias\/condenan-a-29-anos-de-prision-a-dos-hombres-por-homicidio-colectivo-de-samaniego-donde-fueron-asesinados-8-jovenes\/#breadcrumb"},"inLanguage":"es-CO","potentialAction":[{"@type":"ReadAction","target":["https:\/\/www.fiscalia.gov.co\/colombia\/noticias\/condenan-a-29-anos-de-prision-a-dos-hombres-por-homicidio-colectivo-de-samaniego-donde-fueron-asesinados-8-jovenes\/"]}]},{"@type":"BreadcrumbList","@id":"https:\/\/www.fiscalia.gov.co\/colombia\/noticias\/condenan-a-29-anos-de-prision-a-dos-hombres-por-homicidio-colectivo-de-samaniego-donde-fueron-asesinados-8-jovenes\/#breadcrumb","itemListElement":[{"@type":"ListItem","position":1,"name":"Home","item":"https:\/\/www.fiscalia.gov.co\/colombia\/"},{"@type":"ListItem","position":2,"name":"Condenan a 29 a\u00f1os de prisi\u00f3n a dos hombres por homicidio colectivo de Samaniego donde fueron asesinados 8 j\u00f3venes"}]},{"@type":"WebSite","@id":"https:\/\/www.fiscalia.gov.co\/colombia\/#website","url":"https:\/\/www.fiscalia.gov.co\/colombia\/","name":"Fiscal\u00eda General de la Naci\u00f3n","description":"P\u00e1gina oficial de la Fiscal\u00eda General de la Naci\u00f3n \u2013 Colombia. Garantizamos el acceso efectivo a la justicia, la verdad y la reparaci\u00f3n de las v\u00edctimas de los delitos.","publisher":{"@id":"https:\/\/www.fiscalia.gov.co\/colombia\/#organization"},"potentialAction":[{"@type":"SearchAction","target":{"@type":"EntryPoint","urlTemplate":"https:\/\/www.fiscalia.gov.co\/colombia\/?s={search_term_string}"},"query-input":{"@type":"PropertyValueSpecification","valueRequired":true,"valueName":"search_term_string"}}],"inLanguage":"es-CO"},{"@type":"Organization","@id":"https:\/\/www.fiscalia.gov.co\/colombia\/#organization","name":"Fiscal\u00eda General de la Naci\u00f3n","url":"https:\/\/www.fiscalia.gov.co\/colombia\/","logo":{"@type":"ImageObject","inLanguage":"es-CO","@id":"https:\/\/www.fiscalia.gov.co\/colombia\/#\/schema\/logo\/image\/","url":"https:\/\/www.fiscalia.gov.co\/colombia\/wp-content\/uploads\/LogoHorizontal_1.jpg","contentUrl":"https:\/\/www.fiscalia.gov.co\/colombia\/wp-content\/uploads\/LogoHorizontal_1.jpg","width":300,"height":90,"caption":"Fiscal\u00eda General de la Naci\u00f3n"},"image":{"@id":"https:\/\/www.fiscalia.gov.co\/colombia\/#\/schema\/logo\/image\/"},"sameAs":["https:\/\/www.facebook.com\/FiscaliaCol","https:\/\/x.com\/FiscaliaCol","https:\/\/www.instagram.com\/fiscaliacol","https:\/\/www.linkedin.com\/company\/fiscalia-general-de-la-naci-n\/","https:\/\/youtube.com\/@fiscaliageneraldelanacion-4668?si=6nN79nyQICPU5iTh"]},{"@type":"Person","@id":"https:\/\/www.fiscalia.gov.co\/colombia\/#\/schema\/person\/bf84402cf293a5393e9c70b111020b24","name":"Jordan Leandro Oviedo Anzola","image":{"@type":"ImageObject","inLanguage":"es-CO","@id":"https:\/\/www.fiscalia.gov.co\/colombia\/#\/schema\/person\/image\/","url":"https:\/\/secure.gravatar.com\/avatar\/dabba4346fa9b9207d96adafa8f92721?s=96&d=mm&r=g","contentUrl":"https:\/\/secure.gravatar.com\/avatar\/dabba4346fa9b9207d96adafa8f92721?s=96&d=mm&r=g","caption":"Jordan Leandro Oviedo Anzola"},"url":"https:\/\/www.fiscalia.gov.co\/colombia\/author\/joviedo\/"}]}},"_links":{"self":[{"href":"https:\/\/www.fiscalia.gov.co\/colombia\/wp-json\/wp\/v2\/posts\/244450","targetHints":{"allow":["GET"]}}],"collection":[{"href":"https:\/\/www.fiscalia.gov.co\/colombia\/wp-json\/wp\/v2\/posts"}],"about":[{"href":"https:\/\/www.fiscalia.gov.co\/colombia\/wp-json\/wp\/v2\/types\/post"}],"author":[{"embeddable":true,"href":"https:\/\/www.fiscalia.gov.co\/colombia\/wp-json\/wp\/v2\/users\/177"}],"replies":[{"embeddable":true,"href":"https:\/\/www.fiscalia.gov.co\/colombia\/wp-json\/wp\/v2\/comments?post=244450"}],"version-history":[{"count":2,"href":"https:\/\/www.fiscalia.gov.co\/colombia\/wp-json\/wp\/v2\/posts\/244450\/revisions"}],"predecessor-version":[{"id":244484,"href":"https:\/\/www.fiscalia.gov.co\/colombia\/wp-json\/wp\/v2\/posts\/244450\/revisions\/244484"}],"wp:attachment":[{"href":"https:\/\/www.fiscalia.gov.co\/colombia\/wp-json\/wp\/v2\/media?parent=244450"}],"wp:term":[{"taxonomy":"category","embeddable":true,"href":"https:\/\/www.fiscalia.gov.co\/colombia\/wp-json\/wp\/v2\/categories?post=244450"},{"taxonomy":"post_tag","embeddable":true,"href":"https:\/\/www.fiscalia.gov.co\/colombia\/wp-json\/wp\/v2\/tags?post=244450"}],"curies":[{"name":"wp","href":"https:\/\/api.w.org\/{rel}","templated":true}]}}