{"id":244166,"date":"2022-03-23T07:49:09","date_gmt":"2022-03-23T12:49:09","guid":{"rendered":"https:\/\/www.fiscalia.gov.co\/colombia\/?p=244166"},"modified":"2022-03-23T09:09:50","modified_gmt":"2022-03-23T14:09:50","slug":"asegurados-supuestos-integrantes-de-red-de-corrupcion-senalada-de-interceder-en-cerca-de-50-procesos-de-contratacion-por-mas-de-43-000-millones-de-pesos","status":"publish","type":"post","link":"https:\/\/www.fiscalia.gov.co\/colombia\/noticias\/asegurados-supuestos-integrantes-de-red-de-corrupcion-senalada-de-interceder-en-cerca-de-50-procesos-de-contratacion-por-mas-de-43-000-millones-de-pesos\/","title":{"rendered":"Asegurados supuestos integrantes de red de corrupci\u00f3n se\u00f1alada de interceder en cerca de 50 procesos de contrataci\u00f3n por m\u00e1s de 43.000 millones de pesos"},"content":{"rendered":"<h4><strong><em>La estructura ilegal habr\u00eda accedido a la contrataci\u00f3n p\u00fablica en regiones con la supuesta intermediaci\u00f3n de un congresista.<\/em><\/strong><\/h4>\n<p>Por solicitud de la Fiscal\u00eda General de la Naci\u00f3n, un juez de control de garant\u00edas impuso medidas de aseguramiento privativas de la libertad a 10 presuntos integrantes de una red de corrupci\u00f3n que, de manera irregular, se benefici\u00f3 econ\u00f3micamente con contratos en municipios y entidades del orden nacional.<\/p>\n<p>Estas personas, presuntamente gestionaron recursos para asumir obras de mitigaci\u00f3n, construcci\u00f3n de parques y alcantarillado; la pavimentaci\u00f3n de v\u00edas terciar\u00edas; programas de educaci\u00f3n y atenci\u00f3n a la ni\u00f1ez; as\u00ed como distribuci\u00f3n de licores y proyectos productivos que eran ofrecidos en diferentes poblaciones del pa\u00eds.<\/p>\n<p>La organizaci\u00f3n delictiva, al parecer, previa intermediaci\u00f3n de un congresista, por medio de empresas e ingenieros formulaba propuestas y proyectos con los requisitos b\u00e1sicos para acceder contratos a trav\u00e9s de diferentes entidades, como p\u00f3lizas o estudios de mercado. Con todo este andamiaje se garantizar\u00eda la aceptaci\u00f3n de las ofertas ante cualquier instancia o entidad.<\/p>\n<p>El material probatorio indica que todo se defin\u00eda mediante el pago de d\u00e1divas, que correspond\u00edan a porcentajes de los dineros recibidos luego de la adjudicaci\u00f3n de cada contrato. Parte de los recursos, supuestamente, se distribu\u00eda entre los gestores de los proyectos y otra quedaba en manos del congresista.<\/p>\n<p>De esta manera, la estructura ilegal habr\u00eda ganado en dos a\u00f1os cerca de 50 contratos, que ascendieron en valor a 43.433 millones de pesos.<\/p>\n<p>En la investigaci\u00f3n, liderada por la Direcci\u00f3n Especializada contra la Corrupci\u00f3n de la Fiscal\u00eda, se conocieron varios contratos que fueron gestionados, entre estos la adjudicaci\u00f3n de la comercializaci\u00f3n del Aguardiente de Choc\u00f3 por un valor de 14.492 millones de pesos; obras para atender una emergencia vial en Villamar\u00eda (Caldas) por 10.000 millones de pesos; la construcci\u00f3n de un parque en Nuqu\u00ed (Choc\u00f3) por 1.250 millones de pesos; la realizaci\u00f3n de una obra civil en Manizales (Caldas) por 16.424 millones de pesos; y una interventor\u00eda en un proyecto energ\u00e9tico en Boyac\u00e1 por 1.000 millones de pesos.<\/p>\n<p>Asimismo, los hoy procesados, al parecer, obtuvieron 17 nombramientos de personas recomendadas en entidades estatales, gobernaciones y alcald\u00edas municipales. Los elementos de prueba indican que los beneficiados deb\u00edan pagar un mes de los salarios percibidos en el nuevo trabajo.<\/p>\n<p><strong><u>Capturas y judicializaci\u00f3n<\/u><\/strong><\/p>\n<p>Los se\u00f1alados involucrados en las actividades il\u00edcitas detectadas fueron capturados en diligencias de registro y allanamiento realizadas por el CTI de la Fiscal\u00eda. Los detenidos son:<\/p>\n<ul>\n<li>Claudia Marcela Casta\u00f1o Morales.<\/li>\n<li>Juan Sebasti\u00e1n Vargas Mar\u00edn.<\/li>\n<li>Wilmar Herrera Gallego.<\/li>\n<li>Santiago Casta\u00f1o Morales.<\/li>\n<li>Harvis Arturo Renter\u00eda Rivas.<\/li>\n<li>Nova Lorena Ca\u00f1\u00f3n Reyes.<\/li>\n<li>Daniela Ospina Loaiza.<\/li>\n<li>Alejandro Nore\u00f1a Castro.<\/li>\n<li>Yeiler Javier S\u00e1nchez Moreno.<\/li>\n<li>Jhon Alexander S\u00e1nchez.<\/li>\n<\/ul>\n<p>La Fiscal\u00eda imput\u00f3 a estas personas, seg\u00fan el rol y posible participaci\u00f3n en los hechos, delitos como: concierto para delinquir agravado, inter\u00e9s indebido en la celebraci\u00f3n de contratos, extorsi\u00f3n tentada y estafa agravada.<\/p>\n<p>Los cargos fueron aceptados por Claudia Marcela Casta\u00f1o Morales, quien deber\u00e1 permanecer privada de la libertad en el lugar de residencia. Esta misma medida le fue impuesta a Juan Sebasti\u00e1n Vargas Mar\u00edn.<\/p>\n<p>Los otros ocho investigados recibieron medidas de aseguramiento en centro carcelario.<\/p>\n<p>Por las actuaciones il\u00edcitas conocidas en este proceso y la presunta participaci\u00f3n de un senador de la Rep\u00fablica, la Fiscal\u00eda compuls\u00f3 copias a la Corte Suprema de Justicia para que asuma las indagaciones que sean de su competencia.<\/p>\n<p>Esta informaci\u00f3n se publica por razones de inter\u00e9s general.<\/p>\n<p><strong>La Fiscal\u00eda habla con resultados.<\/strong><\/p>\n<p>&nbsp;<\/p>\n<p>&nbsp;<\/p>\n<p>LAGP\/JARG\/MRC\/EAC\/<\/p>\n<p>&nbsp;<\/p>\n<p>&nbsp;<\/p>\n<div class=\"td-post-content tagdiv-type\">\n<p><em>La informaci\u00f3n contenida en este bolet\u00edn de prensa corresponde a la narraci\u00f3n de los hechos noticiosos objetivos, suministrados por los funcionarios encargados de adelantar las investigaciones penales al interior de la Fiscal\u00eda General de la Naci\u00f3n. Para el momento de la divulgaci\u00f3n de este comunicado, la situaci\u00f3n jur\u00eddica de la(s) persona(s) relacionada(s) se encuentra pendiente de resolver por la autoridad judicial competente, siempre bajo los preceptos de la presunci\u00f3n de inocencia, consagrados en el art\u00edculo 29 de la Constituci\u00f3n Pol\u00edtica y el art\u00edculo 7\u00ba de la Ley 906 de 2004.<\/em><\/p>\n<\/div>\n\n<div class=\"twitter-share\"><a href=\"https:\/\/twitter.com\/intent\/tweet?via=fiscaliacol\" class=\"twitter-share-button\">Tweet<\/a><\/div>\n","protected":false},"excerpt":{"rendered":"<p>La estructura ilegal habr\u00eda accedido a la contrataci\u00f3n p\u00fablica en regiones con la supuesta intermediaci\u00f3n de un congresista. Por solicitud de la Fiscal\u00eda General de la Naci\u00f3n, un juez de control de garant\u00edas impuso medidas de aseguramiento privativas de la libertad a 10 presuntos integrantes de una red de corrupci\u00f3n que, de manera irregular, se [&hellip;]<\/p>\n","protected":false},"author":177,"featured_media":0,"comment_status":"closed","ping_status":"open","sticky":false,"template":"","format":"standard","meta":{"_price":"","_stock":"","_tribe_ticket_header":"","_tribe_default_ticket_provider":"","_tribe_ticket_capacity":"0","_ticket_start_date":"","_ticket_end_date":"","_tribe_ticket_show_description":"","_tribe_ticket_show_not_going":false,"_tribe_ticket_use_global_stock":"","_tribe_ticket_global_stock_level":"","_global_stock_mode":"","_global_stock_cap":"","_tribe_rsvp_for_event":"","_tribe_ticket_going_count":"","_tribe_ticket_not_going_count":"","_tribe_tickets_list":"[]","_tribe_ticket_has_attendee_info_fields":false,"tdm_status":"","tdm_grid_status":"","footnotes":""},"categories":[24097,24107,1],"tags":[2289,427,24185,24188,1047,15912],"class_list":{"0":"post-244166","1":"post","2":"type-post","3":"status-publish","4":"format-standard","6":"category-corrupcion","7":"category-lucha-contra-corrupcion","8":"category-noticias","9":"tag-contratacion","10":"tag-corrupcion","11":"tag-fiscal-barbosa","12":"tag-fiscal-francisco-barbosa","13":"tag-fiscalia-general-de-la-nacion","14":"tag-organizacion-delictiva"},"yoast_head":"<!-- This site is optimized with the Yoast SEO plugin v24.3 - https:\/\/yoast.com\/wordpress\/plugins\/seo\/ -->\n<title>Fiscal\u00eda General de la Naci\u00f3n<\/title>\n<meta name=\"description\" content=\"P\u00e1gina oficial de la Fiscal\u00eda General de la Naci\u00f3n \u2013 Colombia. Garantizamos el acceso efectivo a la justicia, la verdad y la reparaci\u00f3n de las v\u00edctimas de los delitos.\" \/>\n<meta name=\"robots\" content=\"noindex, follow\" \/>\n<meta property=\"og:locale\" content=\"es_ES\" \/>\n<meta property=\"og:type\" content=\"article\" \/>\n<meta property=\"og:title\" content=\"Fiscal\u00eda General de la Naci\u00f3n\" \/>\n<meta property=\"og:description\" content=\"P\u00e1gina oficial de la Fiscal\u00eda General de la Naci\u00f3n \u2013 Colombia. Garantizamos el acceso efectivo a la justicia, la verdad y la reparaci\u00f3n de las v\u00edctimas de los delitos.\" \/>\n<meta property=\"og:url\" content=\"https:\/\/www.fiscalia.gov.co\/colombia\/noticias\/asegurados-supuestos-integrantes-de-red-de-corrupcion-senalada-de-interceder-en-cerca-de-50-procesos-de-contratacion-por-mas-de-43-000-millones-de-pesos\/\" \/>\n<meta property=\"og:site_name\" content=\"Fiscal\u00eda General de la Naci\u00f3n\" \/>\n<meta property=\"article:publisher\" content=\"https:\/\/www.facebook.com\/FiscaliaCol\" \/>\n<meta property=\"article:published_time\" content=\"2022-03-23T12:49:09+00:00\" \/>\n<meta property=\"article:modified_time\" content=\"2022-03-23T14:09:50+00:00\" \/>\n<meta name=\"author\" content=\"Jordan Leandro Oviedo Anzola\" \/>\n<meta name=\"twitter:card\" content=\"summary_large_image\" \/>\n<meta name=\"twitter:creator\" content=\"@FiscaliaCol\" \/>\n<meta name=\"twitter:site\" content=\"@FiscaliaCol\" \/>\n<meta name=\"twitter:label1\" content=\"Escrito por\" \/>\n\t<meta name=\"twitter:data1\" content=\"Jordan Leandro Oviedo Anzola\" \/>\n\t<meta name=\"twitter:label2\" content=\"Tiempo de lectura\" \/>\n\t<meta name=\"twitter:data2\" content=\"4 minutos\" \/>\n<script type=\"application\/ld+json\" class=\"yoast-schema-graph\">{\"@context\":\"https:\/\/schema.org\",\"@graph\":[{\"@type\":\"Article\",\"@id\":\"https:\/\/www.fiscalia.gov.co\/colombia\/noticias\/asegurados-supuestos-integrantes-de-red-de-corrupcion-senalada-de-interceder-en-cerca-de-50-procesos-de-contratacion-por-mas-de-43-000-millones-de-pesos\/#article\",\"isPartOf\":{\"@id\":\"https:\/\/www.fiscalia.gov.co\/colombia\/noticias\/asegurados-supuestos-integrantes-de-red-de-corrupcion-senalada-de-interceder-en-cerca-de-50-procesos-de-contratacion-por-mas-de-43-000-millones-de-pesos\/\"},\"author\":{\"name\":\"Jordan Leandro Oviedo Anzola\",\"@id\":\"https:\/\/www.fiscalia.gov.co\/colombia\/#\/schema\/person\/bf84402cf293a5393e9c70b111020b24\"},\"headline\":\"Asegurados supuestos integrantes de red de corrupci\u00f3n se\u00f1alada de interceder en cerca de 50 procesos de contrataci\u00f3n por m\u00e1s de 43.000 millones de pesos\",\"datePublished\":\"2022-03-23T12:49:09+00:00\",\"dateModified\":\"2022-03-23T14:09:50+00:00\",\"mainEntityOfPage\":{\"@id\":\"https:\/\/www.fiscalia.gov.co\/colombia\/noticias\/asegurados-supuestos-integrantes-de-red-de-corrupcion-senalada-de-interceder-en-cerca-de-50-procesos-de-contratacion-por-mas-de-43-000-millones-de-pesos\/\"},\"wordCount\":764,\"publisher\":{\"@id\":\"https:\/\/www.fiscalia.gov.co\/colombia\/#organization\"},\"keywords\":[\"Contrataci\u00f3n\",\"Corrupci\u00f3n\",\"Fiscal Barbosa\",\"Fiscal Francisco Barbosa\",\"Fiscal\u00eda General de la Naci\u00f3n\",\"Organizaci\u00f3n delictiva\"],\"articleSection\":[\"Corrupci\u00f3n\",\"Corrupci\u00f3n\",\"Noticias\"],\"inLanguage\":\"es-CO\"},{\"@type\":\"WebPage\",\"@id\":\"https:\/\/www.fiscalia.gov.co\/colombia\/noticias\/asegurados-supuestos-integrantes-de-red-de-corrupcion-senalada-de-interceder-en-cerca-de-50-procesos-de-contratacion-por-mas-de-43-000-millones-de-pesos\/\",\"url\":\"https:\/\/www.fiscalia.gov.co\/colombia\/noticias\/asegurados-supuestos-integrantes-de-red-de-corrupcion-senalada-de-interceder-en-cerca-de-50-procesos-de-contratacion-por-mas-de-43-000-millones-de-pesos\/\",\"name\":\"Fiscal\u00eda General de la Naci\u00f3n\",\"isPartOf\":{\"@id\":\"https:\/\/www.fiscalia.gov.co\/colombia\/#website\"},\"datePublished\":\"2022-03-23T12:49:09+00:00\",\"dateModified\":\"2022-03-23T14:09:50+00:00\",\"description\":\"P\u00e1gina oficial de la Fiscal\u00eda General de la Naci\u00f3n \u2013 Colombia. Garantizamos el acceso efectivo a la justicia, la verdad y la reparaci\u00f3n de las v\u00edctimas de los delitos.\",\"breadcrumb\":{\"@id\":\"https:\/\/www.fiscalia.gov.co\/colombia\/noticias\/asegurados-supuestos-integrantes-de-red-de-corrupcion-senalada-de-interceder-en-cerca-de-50-procesos-de-contratacion-por-mas-de-43-000-millones-de-pesos\/#breadcrumb\"},\"inLanguage\":\"es-CO\",\"potentialAction\":[{\"@type\":\"ReadAction\",\"target\":[\"https:\/\/www.fiscalia.gov.co\/colombia\/noticias\/asegurados-supuestos-integrantes-de-red-de-corrupcion-senalada-de-interceder-en-cerca-de-50-procesos-de-contratacion-por-mas-de-43-000-millones-de-pesos\/\"]}]},{\"@type\":\"BreadcrumbList\",\"@id\":\"https:\/\/www.fiscalia.gov.co\/colombia\/noticias\/asegurados-supuestos-integrantes-de-red-de-corrupcion-senalada-de-interceder-en-cerca-de-50-procesos-de-contratacion-por-mas-de-43-000-millones-de-pesos\/#breadcrumb\",\"itemListElement\":[{\"@type\":\"ListItem\",\"position\":1,\"name\":\"Home\",\"item\":\"https:\/\/www.fiscalia.gov.co\/colombia\/\"},{\"@type\":\"ListItem\",\"position\":2,\"name\":\"Asegurados supuestos integrantes de red de corrupci\u00f3n se\u00f1alada de interceder en cerca de 50 procesos de contrataci\u00f3n por m\u00e1s de 43.000 millones de pesos\"}]},{\"@type\":\"WebSite\",\"@id\":\"https:\/\/www.fiscalia.gov.co\/colombia\/#website\",\"url\":\"https:\/\/www.fiscalia.gov.co\/colombia\/\",\"name\":\"Fiscal\u00eda General de la Naci\u00f3n\",\"description\":\"P\u00e1gina oficial de la Fiscal\u00eda General de la Naci\u00f3n \u2013 Colombia. Garantizamos el acceso efectivo a la justicia, la verdad y la reparaci\u00f3n de las v\u00edctimas de los delitos.\",\"publisher\":{\"@id\":\"https:\/\/www.fiscalia.gov.co\/colombia\/#organization\"},\"potentialAction\":[{\"@type\":\"SearchAction\",\"target\":{\"@type\":\"EntryPoint\",\"urlTemplate\":\"https:\/\/www.fiscalia.gov.co\/colombia\/?s={search_term_string}\"},\"query-input\":{\"@type\":\"PropertyValueSpecification\",\"valueRequired\":true,\"valueName\":\"search_term_string\"}}],\"inLanguage\":\"es-CO\"},{\"@type\":\"Organization\",\"@id\":\"https:\/\/www.fiscalia.gov.co\/colombia\/#organization\",\"name\":\"Fiscal\u00eda General de la Naci\u00f3n\",\"url\":\"https:\/\/www.fiscalia.gov.co\/colombia\/\",\"logo\":{\"@type\":\"ImageObject\",\"inLanguage\":\"es-CO\",\"@id\":\"https:\/\/www.fiscalia.gov.co\/colombia\/#\/schema\/logo\/image\/\",\"url\":\"https:\/\/www.fiscalia.gov.co\/colombia\/wp-content\/uploads\/LogoHorizontal_1.jpg\",\"contentUrl\":\"https:\/\/www.fiscalia.gov.co\/colombia\/wp-content\/uploads\/LogoHorizontal_1.jpg\",\"width\":300,\"height\":90,\"caption\":\"Fiscal\u00eda General de la Naci\u00f3n\"},\"image\":{\"@id\":\"https:\/\/www.fiscalia.gov.co\/colombia\/#\/schema\/logo\/image\/\"},\"sameAs\":[\"https:\/\/www.facebook.com\/FiscaliaCol\",\"https:\/\/x.com\/FiscaliaCol\",\"https:\/\/www.instagram.com\/fiscaliacol\",\"https:\/\/www.linkedin.com\/company\/fiscalia-general-de-la-naci-n\/\",\"https:\/\/youtube.com\/@fiscaliageneraldelanacion-4668?si=6nN79nyQICPU5iTh\"]},{\"@type\":\"Person\",\"@id\":\"https:\/\/www.fiscalia.gov.co\/colombia\/#\/schema\/person\/bf84402cf293a5393e9c70b111020b24\",\"name\":\"Jordan Leandro Oviedo Anzola\",\"image\":{\"@type\":\"ImageObject\",\"inLanguage\":\"es-CO\",\"@id\":\"https:\/\/www.fiscalia.gov.co\/colombia\/#\/schema\/person\/image\/\",\"url\":\"https:\/\/secure.gravatar.com\/avatar\/dabba4346fa9b9207d96adafa8f92721?s=96&d=mm&r=g\",\"contentUrl\":\"https:\/\/secure.gravatar.com\/avatar\/dabba4346fa9b9207d96adafa8f92721?s=96&d=mm&r=g\",\"caption\":\"Jordan Leandro Oviedo Anzola\"},\"url\":\"https:\/\/www.fiscalia.gov.co\/colombia\/author\/joviedo\/\"}]}<\/script>\n<!-- \/ Yoast SEO plugin. -->","yoast_head_json":{"title":"Fiscal\u00eda General de la Naci\u00f3n","description":"P\u00e1gina oficial de la Fiscal\u00eda General de la Naci\u00f3n \u2013 Colombia. Garantizamos el acceso efectivo a la justicia, la verdad y la reparaci\u00f3n de las v\u00edctimas de los delitos.","robots":{"index":"noindex","follow":"follow"},"og_locale":"es_ES","og_type":"article","og_title":"Fiscal\u00eda General de la Naci\u00f3n","og_description":"P\u00e1gina oficial de la Fiscal\u00eda General de la Naci\u00f3n \u2013 Colombia. Garantizamos el acceso efectivo a la justicia, la verdad y la reparaci\u00f3n de las v\u00edctimas de los delitos.","og_url":"https:\/\/www.fiscalia.gov.co\/colombia\/noticias\/asegurados-supuestos-integrantes-de-red-de-corrupcion-senalada-de-interceder-en-cerca-de-50-procesos-de-contratacion-por-mas-de-43-000-millones-de-pesos\/","og_site_name":"Fiscal\u00eda General de la Naci\u00f3n","article_publisher":"https:\/\/www.facebook.com\/FiscaliaCol","article_published_time":"2022-03-23T12:49:09+00:00","article_modified_time":"2022-03-23T14:09:50+00:00","author":"Jordan Leandro Oviedo Anzola","twitter_card":"summary_large_image","twitter_creator":"@FiscaliaCol","twitter_site":"@FiscaliaCol","twitter_misc":{"Escrito por":"Jordan Leandro Oviedo Anzola","Tiempo de lectura":"4 minutos"},"schema":{"@context":"https:\/\/schema.org","@graph":[{"@type":"Article","@id":"https:\/\/www.fiscalia.gov.co\/colombia\/noticias\/asegurados-supuestos-integrantes-de-red-de-corrupcion-senalada-de-interceder-en-cerca-de-50-procesos-de-contratacion-por-mas-de-43-000-millones-de-pesos\/#article","isPartOf":{"@id":"https:\/\/www.fiscalia.gov.co\/colombia\/noticias\/asegurados-supuestos-integrantes-de-red-de-corrupcion-senalada-de-interceder-en-cerca-de-50-procesos-de-contratacion-por-mas-de-43-000-millones-de-pesos\/"},"author":{"name":"Jordan Leandro Oviedo Anzola","@id":"https:\/\/www.fiscalia.gov.co\/colombia\/#\/schema\/person\/bf84402cf293a5393e9c70b111020b24"},"headline":"Asegurados supuestos integrantes de red de corrupci\u00f3n se\u00f1alada de interceder en cerca de 50 procesos de contrataci\u00f3n por m\u00e1s de 43.000 millones de pesos","datePublished":"2022-03-23T12:49:09+00:00","dateModified":"2022-03-23T14:09:50+00:00","mainEntityOfPage":{"@id":"https:\/\/www.fiscalia.gov.co\/colombia\/noticias\/asegurados-supuestos-integrantes-de-red-de-corrupcion-senalada-de-interceder-en-cerca-de-50-procesos-de-contratacion-por-mas-de-43-000-millones-de-pesos\/"},"wordCount":764,"publisher":{"@id":"https:\/\/www.fiscalia.gov.co\/colombia\/#organization"},"keywords":["Contrataci\u00f3n","Corrupci\u00f3n","Fiscal Barbosa","Fiscal Francisco Barbosa","Fiscal\u00eda General de la Naci\u00f3n","Organizaci\u00f3n delictiva"],"articleSection":["Corrupci\u00f3n","Corrupci\u00f3n","Noticias"],"inLanguage":"es-CO"},{"@type":"WebPage","@id":"https:\/\/www.fiscalia.gov.co\/colombia\/noticias\/asegurados-supuestos-integrantes-de-red-de-corrupcion-senalada-de-interceder-en-cerca-de-50-procesos-de-contratacion-por-mas-de-43-000-millones-de-pesos\/","url":"https:\/\/www.fiscalia.gov.co\/colombia\/noticias\/asegurados-supuestos-integrantes-de-red-de-corrupcion-senalada-de-interceder-en-cerca-de-50-procesos-de-contratacion-por-mas-de-43-000-millones-de-pesos\/","name":"Fiscal\u00eda General de la Naci\u00f3n","isPartOf":{"@id":"https:\/\/www.fiscalia.gov.co\/colombia\/#website"},"datePublished":"2022-03-23T12:49:09+00:00","dateModified":"2022-03-23T14:09:50+00:00","description":"P\u00e1gina oficial de la Fiscal\u00eda General de la Naci\u00f3n \u2013 Colombia. Garantizamos el acceso efectivo a la justicia, la verdad y la reparaci\u00f3n de las v\u00edctimas de los delitos.","breadcrumb":{"@id":"https:\/\/www.fiscalia.gov.co\/colombia\/noticias\/asegurados-supuestos-integrantes-de-red-de-corrupcion-senalada-de-interceder-en-cerca-de-50-procesos-de-contratacion-por-mas-de-43-000-millones-de-pesos\/#breadcrumb"},"inLanguage":"es-CO","potentialAction":[{"@type":"ReadAction","target":["https:\/\/www.fiscalia.gov.co\/colombia\/noticias\/asegurados-supuestos-integrantes-de-red-de-corrupcion-senalada-de-interceder-en-cerca-de-50-procesos-de-contratacion-por-mas-de-43-000-millones-de-pesos\/"]}]},{"@type":"BreadcrumbList","@id":"https:\/\/www.fiscalia.gov.co\/colombia\/noticias\/asegurados-supuestos-integrantes-de-red-de-corrupcion-senalada-de-interceder-en-cerca-de-50-procesos-de-contratacion-por-mas-de-43-000-millones-de-pesos\/#breadcrumb","itemListElement":[{"@type":"ListItem","position":1,"name":"Home","item":"https:\/\/www.fiscalia.gov.co\/colombia\/"},{"@type":"ListItem","position":2,"name":"Asegurados supuestos integrantes de red de corrupci\u00f3n se\u00f1alada de interceder en cerca de 50 procesos de contrataci\u00f3n por m\u00e1s de 43.000 millones de pesos"}]},{"@type":"WebSite","@id":"https:\/\/www.fiscalia.gov.co\/colombia\/#website","url":"https:\/\/www.fiscalia.gov.co\/colombia\/","name":"Fiscal\u00eda General de la Naci\u00f3n","description":"P\u00e1gina oficial de la Fiscal\u00eda General de la Naci\u00f3n \u2013 Colombia. Garantizamos el acceso efectivo a la justicia, la verdad y la reparaci\u00f3n de las v\u00edctimas de los delitos.","publisher":{"@id":"https:\/\/www.fiscalia.gov.co\/colombia\/#organization"},"potentialAction":[{"@type":"SearchAction","target":{"@type":"EntryPoint","urlTemplate":"https:\/\/www.fiscalia.gov.co\/colombia\/?s={search_term_string}"},"query-input":{"@type":"PropertyValueSpecification","valueRequired":true,"valueName":"search_term_string"}}],"inLanguage":"es-CO"},{"@type":"Organization","@id":"https:\/\/www.fiscalia.gov.co\/colombia\/#organization","name":"Fiscal\u00eda General de la Naci\u00f3n","url":"https:\/\/www.fiscalia.gov.co\/colombia\/","logo":{"@type":"ImageObject","inLanguage":"es-CO","@id":"https:\/\/www.fiscalia.gov.co\/colombia\/#\/schema\/logo\/image\/","url":"https:\/\/www.fiscalia.gov.co\/colombia\/wp-content\/uploads\/LogoHorizontal_1.jpg","contentUrl":"https:\/\/www.fiscalia.gov.co\/colombia\/wp-content\/uploads\/LogoHorizontal_1.jpg","width":300,"height":90,"caption":"Fiscal\u00eda General de la Naci\u00f3n"},"image":{"@id":"https:\/\/www.fiscalia.gov.co\/colombia\/#\/schema\/logo\/image\/"},"sameAs":["https:\/\/www.facebook.com\/FiscaliaCol","https:\/\/x.com\/FiscaliaCol","https:\/\/www.instagram.com\/fiscaliacol","https:\/\/www.linkedin.com\/company\/fiscalia-general-de-la-naci-n\/","https:\/\/youtube.com\/@fiscaliageneraldelanacion-4668?si=6nN79nyQICPU5iTh"]},{"@type":"Person","@id":"https:\/\/www.fiscalia.gov.co\/colombia\/#\/schema\/person\/bf84402cf293a5393e9c70b111020b24","name":"Jordan Leandro Oviedo Anzola","image":{"@type":"ImageObject","inLanguage":"es-CO","@id":"https:\/\/www.fiscalia.gov.co\/colombia\/#\/schema\/person\/image\/","url":"https:\/\/secure.gravatar.com\/avatar\/dabba4346fa9b9207d96adafa8f92721?s=96&d=mm&r=g","contentUrl":"https:\/\/secure.gravatar.com\/avatar\/dabba4346fa9b9207d96adafa8f92721?s=96&d=mm&r=g","caption":"Jordan Leandro Oviedo Anzola"},"url":"https:\/\/www.fiscalia.gov.co\/colombia\/author\/joviedo\/"}]}},"_links":{"self":[{"href":"https:\/\/www.fiscalia.gov.co\/colombia\/wp-json\/wp\/v2\/posts\/244166","targetHints":{"allow":["GET"]}}],"collection":[{"href":"https:\/\/www.fiscalia.gov.co\/colombia\/wp-json\/wp\/v2\/posts"}],"about":[{"href":"https:\/\/www.fiscalia.gov.co\/colombia\/wp-json\/wp\/v2\/types\/post"}],"author":[{"embeddable":true,"href":"https:\/\/www.fiscalia.gov.co\/colombia\/wp-json\/wp\/v2\/users\/177"}],"replies":[{"embeddable":true,"href":"https:\/\/www.fiscalia.gov.co\/colombia\/wp-json\/wp\/v2\/comments?post=244166"}],"version-history":[{"count":2,"href":"https:\/\/www.fiscalia.gov.co\/colombia\/wp-json\/wp\/v2\/posts\/244166\/revisions"}],"predecessor-version":[{"id":244174,"href":"https:\/\/www.fiscalia.gov.co\/colombia\/wp-json\/wp\/v2\/posts\/244166\/revisions\/244174"}],"wp:attachment":[{"href":"https:\/\/www.fiscalia.gov.co\/colombia\/wp-json\/wp\/v2\/media?parent=244166"}],"wp:term":[{"taxonomy":"category","embeddable":true,"href":"https:\/\/www.fiscalia.gov.co\/colombia\/wp-json\/wp\/v2\/categories?post=244166"},{"taxonomy":"post_tag","embeddable":true,"href":"https:\/\/www.fiscalia.gov.co\/colombia\/wp-json\/wp\/v2\/tags?post=244166"}],"curies":[{"name":"wp","href":"https:\/\/api.w.org\/{rel}","templated":true}]}}