{"id":243583,"date":"2022-03-16T10:36:39","date_gmt":"2022-03-16T15:36:39","guid":{"rendered":"https:\/\/www.fiscalia.gov.co\/colombia\/?p=243583"},"modified":"2022-03-16T10:36:39","modified_gmt":"2022-03-16T15:36:39","slug":"judicializado-alias-maicol-presunto-jefe-de-sicarios-de-la-disidencia-franco-benavides-como-presunto-coautor-de-homicidio-agravado-y-porte-ilegal-de-armas","status":"publish","type":"post","link":"https:\/\/www.fiscalia.gov.co\/colombia\/noticias\/judicializado-alias-maicol-presunto-jefe-de-sicarios-de-la-disidencia-franco-benavides-como-presunto-coautor-de-homicidio-agravado-y-porte-ilegal-de-armas\/","title":{"rendered":"Judicializado alias Maicol, presunto jefe de sicarios de la disidencia Franco Benavides, como presunto coautor de homicidio agravado y porte ilegal de armas"},"content":{"rendered":"<h4 style=\"font-weight: 400;\"><strong><em>El hombre fue capturado en el aeropuerto El Dorado de Bogot\u00e1, cuando se dispon\u00eda a tomar un vuelo a M\u00e9xico\u00a0<\/em><\/strong><\/h4>\n<p style=\"font-weight: 400;\">Maicol Javier Monta\u00f1o Escobar, alias Maicol, presunto jefe de sicarios del grupo armado organizado residual\u00a0Franco Benavides, que opera en el municipio de El Charco, Nari\u00f1o, fue privado de la libertad por el juez Promiscuo Penal de este municipio, luego de dictarle medida de aseguramiento en establecimiento carcelario.<\/p>\n<figure id=\"attachment_243584\" aria-describedby=\"caption-attachment-243584\" style=\"width: 696px\" class=\"wp-caption aligncenter\"><img loading=\"lazy\" decoding=\"async\" class=\"size-large wp-image-243584\" src=\"https:\/\/www.fiscalia.gov.co\/colombia\/wp-content\/uploads\/Fiscal-Francisco-Barbosa_Alias-Maicol-875x1024.jpg\" alt=\"\" width=\"696\" height=\"815\" srcset=\"https:\/\/www.fiscalia.gov.co\/colombia\/wp-content\/uploads\/Fiscal-Francisco-Barbosa_Alias-Maicol-875x1024.jpg 875w, https:\/\/www.fiscalia.gov.co\/colombia\/wp-content\/uploads\/Fiscal-Francisco-Barbosa_Alias-Maicol-256x300.jpg 256w, https:\/\/www.fiscalia.gov.co\/colombia\/wp-content\/uploads\/Fiscal-Francisco-Barbosa_Alias-Maicol-768x899.jpg 768w, https:\/\/www.fiscalia.gov.co\/colombia\/wp-content\/uploads\/Fiscal-Francisco-Barbosa_Alias-Maicol-696x814.jpg 696w, https:\/\/www.fiscalia.gov.co\/colombia\/wp-content\/uploads\/Fiscal-Francisco-Barbosa_Alias-Maicol-1068x1250.jpg 1068w, https:\/\/www.fiscalia.gov.co\/colombia\/wp-content\/uploads\/Fiscal-Francisco-Barbosa_Alias-Maicol-359x420.jpg 359w, https:\/\/www.fiscalia.gov.co\/colombia\/wp-content\/uploads\/Fiscal-Francisco-Barbosa_Alias-Maicol.jpg 1094w\" sizes=\"auto, (max-width: 696px) 100vw, 696px\" \/><figcaption id=\"caption-attachment-243584\" class=\"wp-caption-text\">Alias Maicol, presunto jefe de sicarios de la disidencia Franco Benavides, fue detenido en el aeropuerto El Dorado de Bogot\u00e1, cuando pretend\u00eda tomar un vuelo a M\u00e9xico.<\/figcaption><\/figure>\n<p style=\"font-weight: 400;\">La Fiscal\u00eda le imput\u00f3 cargos como presunto autor de los delitos de\u00a0<a href=\"https:\/\/www.fiscalia.gov.co\/colombia\/noticias\/alias-tiritos-fue-enviado-a-la-carcel-por-ser-el-presunto-responsable-de-un-homicidio-con-arma-de-fuego\/\" data-saferedirecturl=\"https:\/\/www.google.com\/url?q=https:\/\/www.fiscalia.gov.co\/colombia\/noticias\/alias-tiritos-fue-enviado-a-la-carcel-por-ser-el-presunto-responsable-de-un-homicidio-con-arma-de-fuego\/&amp;source=gmail&amp;ust=1647531073665000&amp;usg=AOvVaw0APHKZd3XWDDzilclZvZz0\">homicidio<\/a>\u00a0agravado en concurso con fabricaci\u00f3n, tr\u00e1fico y porte de armas de fuego, accesorios, partes, y municiones.<\/p>\n<p style=\"font-weight: 400;\">El hombre fue capturado por agentes de Migraci\u00f3n Colombia, dentro de las instalaciones del aeropuerto internacional El Dorado de Bogot\u00e1, cuando se dispon\u00eda a abordar un avi\u00f3n hacia M\u00e9xico. Al presentar su pasaporte, los servidores de Migraci\u00f3n confirmaron que sobre alias Maicol pesaba una orden de captura vigente por el homicidio de un ciudadano en El Charco.<\/p>\n<p style=\"font-weight: 400;\">Los hechos habr\u00edan ocurrido en v\u00eda p\u00fablica del barrio Santa Cruz de esta poblaci\u00f3n nari\u00f1ense, el 12 de febrero de 2021, cuando la v\u00edctima, identificada como Fernando Paredes Gonz\u00e1lez, se encontraba departiendo con varios amigos y vecinos. Seg\u00fan la investigaci\u00f3n, hasta el sitio llegaron Maicol Javier Monta\u00f1o y Jhan Carlo Cuero Monta\u00f1o, quienes le habr\u00edan disparado caus\u00e1ndole la muerte.<\/p>\n<p style=\"font-weight: 400;\">El presunto jefe de sicarios de la disidencia Franco Benavides fue puesto a disposici\u00f3n del Inpec para que sea trasladado a la c\u00e1rcel La Picota de Bogot\u00e1 y cumpla la medida de aseguramiento.<\/p>\n<p style=\"font-weight: 400;\">La Fiscal\u00eda habla con resultados.<\/p>\n<p>Le puede interesar:\u00a0<a href=\"https:\/\/www.fiscalia.gov.co\/colombia\/noticias\/descubierto-complejo-narcotraficante-que-las-disidencias-de-las-farc-habrian-levantado-en-una-zona-de-reserva-forestal-en-el-parque-nacional-natural-sanquianga\/\" data-saferedirecturl=\"https:\/\/www.google.com\/url?q=https:\/\/www.fiscalia.gov.co\/colombia\/noticias\/descubierto-complejo-narcotraficante-que-las-disidencias-de-las-farc-habrian-levantado-en-una-zona-de-reserva-forestal-en-el-parque-nacional-natural-sanquianga\/&amp;source=gmail&amp;ust=1647531073665000&amp;usg=AOvVaw3bUO38xenqy38he0uLhUZ3\">Descubierto complejo narcotraficante que las disidencias de las Farc habr\u00edan levantado en una zona de reserva forestal en el Parque Nacional Natural Sanquianga\u00a0<\/a><\/p>\n<p>&nbsp;<\/p>\n<p>&nbsp;<\/p>\n<p style=\"font-weight: 400;\">JGP\/LVB\/CFG<\/p>\n<p style=\"font-weight: 400;\">\n<p>&nbsp;<\/p>\n<p style=\"font-weight: 400;\"><em>La informaci\u00f3n contenida en este bolet\u00edn de prensa corresponde a la narraci\u00f3n de los hechos noticiosos objetivos, suministrados por los funcionarios encargados de adelantar las investigaciones penales al interior de la Fiscal\u00eda General de la Naci\u00f3n. Para el momento de la divulgaci\u00f3n de este comunicado, la situaci\u00f3n jur\u00eddica de la(s) persona(s) relacionada(s) se encuentra pendiente de resolver por la autoridad judicial competente, siempre bajo los preceptos de la presunci\u00f3n de inocencia, consagrados en el art\u00edculo 29 de la Constituci\u00f3n Pol\u00edtica y el art\u00edculo 7\u00ba de la Ley 906 de 2004.\u00a0<\/em><\/p>\n\n<div class=\"twitter-share\"><a href=\"https:\/\/twitter.com\/intent\/tweet?via=fiscaliacol\" class=\"twitter-share-button\">Tweet<\/a><\/div>\n","protected":false},"excerpt":{"rendered":"<p>El hombre fue capturado en el aeropuerto El Dorado de Bogot\u00e1, cuando se dispon\u00eda a tomar un vuelo a M\u00e9xico\u00a0 Maicol Javier Monta\u00f1o Escobar, alias Maicol, presunto jefe de sicarios del grupo armado organizado residual\u00a0Franco Benavides, que opera en el municipio de El Charco, Nari\u00f1o, fue privado de la libertad por el juez Promiscuo Penal [&hellip;]<\/p>\n","protected":false},"author":177,"featured_media":0,"comment_status":"closed","ping_status":"open","sticky":false,"template":"","format":"standard","meta":{"_price":"","_stock":"","_tribe_ticket_header":"","_tribe_default_ticket_provider":"","_tribe_ticket_capacity":"0","_ticket_start_date":"","_ticket_end_date":"","_tribe_ticket_show_description":"","_tribe_ticket_show_not_going":false,"_tribe_ticket_use_global_stock":"","_tribe_ticket_global_stock_level":"","_global_stock_mode":"","_global_stock_cap":"","_tribe_rsvp_for_event":"","_tribe_ticket_going_count":"","_tribe_ticket_not_going_count":"","_tribe_tickets_list":"[]","_tribe_ticket_has_attendee_info_fields":false,"tdm_status":"","tdm_grid_status":"","footnotes":""},"categories":[1,334,303,24099],"tags":[12495,24185,24526,24481,1047,409],"class_list":{"0":"post-243583","1":"post","2":"type-post","3":"status-publish","4":"format-standard","6":"category-noticias","7":"category-seccional-pasto","8":"category-seccionales","9":"category-seguridad-territorial","10":"tag-disidencia","11":"tag-fiscal-barbosa","12":"tag-fiscal-general-francisco-barbosa-delgado","13":"tag-fiscalia-de-colombia","14":"tag-fiscalia-general-de-la-nacion","15":"tag-homicidio"},"yoast_head":"<!-- This site is optimized with the Yoast SEO plugin v24.3 - https:\/\/yoast.com\/wordpress\/plugins\/seo\/ -->\n<title>Fiscal\u00eda General de la Naci\u00f3n<\/title>\n<meta name=\"description\" content=\"P\u00e1gina oficial de la Fiscal\u00eda General de la Naci\u00f3n \u2013 Colombia. Garantizamos el acceso efectivo a la justicia, la verdad y la reparaci\u00f3n de las v\u00edctimas de los delitos.\" \/>\n<meta name=\"robots\" content=\"noindex, follow\" \/>\n<meta property=\"og:locale\" content=\"es_ES\" \/>\n<meta property=\"og:type\" content=\"article\" \/>\n<meta property=\"og:title\" content=\"Fiscal\u00eda General de la Naci\u00f3n\" \/>\n<meta property=\"og:description\" content=\"P\u00e1gina oficial de la Fiscal\u00eda General de la Naci\u00f3n \u2013 Colombia. Garantizamos el acceso efectivo a la justicia, la verdad y la reparaci\u00f3n de las v\u00edctimas de los delitos.\" \/>\n<meta property=\"og:url\" content=\"https:\/\/www.fiscalia.gov.co\/colombia\/noticias\/judicializado-alias-maicol-presunto-jefe-de-sicarios-de-la-disidencia-franco-benavides-como-presunto-coautor-de-homicidio-agravado-y-porte-ilegal-de-armas\/\" \/>\n<meta property=\"og:site_name\" content=\"Fiscal\u00eda General de la Naci\u00f3n\" \/>\n<meta property=\"article:publisher\" content=\"https:\/\/www.facebook.com\/FiscaliaCol\" \/>\n<meta property=\"article:published_time\" content=\"2022-03-16T15:36:39+00:00\" \/>\n<meta property=\"og:image\" content=\"https:\/\/www.fiscalia.gov.co\/colombia\/wp-content\/uploads\/Fiscal-Francisco-Barbosa_Alias-Maicol-875x1024.jpg\" \/>\n<meta name=\"author\" content=\"Jordan Leandro Oviedo Anzola\" \/>\n<meta name=\"twitter:card\" content=\"summary_large_image\" \/>\n<meta name=\"twitter:creator\" content=\"@FiscaliaCol\" \/>\n<meta name=\"twitter:site\" content=\"@FiscaliaCol\" \/>\n<meta name=\"twitter:label1\" content=\"Escrito por\" \/>\n\t<meta name=\"twitter:data1\" content=\"Jordan Leandro Oviedo Anzola\" \/>\n\t<meta name=\"twitter:label2\" content=\"Tiempo de lectura\" \/>\n\t<meta name=\"twitter:data2\" content=\"2 minutos\" \/>\n<script type=\"application\/ld+json\" class=\"yoast-schema-graph\">{\"@context\":\"https:\/\/schema.org\",\"@graph\":[{\"@type\":\"Article\",\"@id\":\"https:\/\/www.fiscalia.gov.co\/colombia\/noticias\/judicializado-alias-maicol-presunto-jefe-de-sicarios-de-la-disidencia-franco-benavides-como-presunto-coautor-de-homicidio-agravado-y-porte-ilegal-de-armas\/#article\",\"isPartOf\":{\"@id\":\"https:\/\/www.fiscalia.gov.co\/colombia\/noticias\/judicializado-alias-maicol-presunto-jefe-de-sicarios-de-la-disidencia-franco-benavides-como-presunto-coautor-de-homicidio-agravado-y-porte-ilegal-de-armas\/\"},\"author\":{\"name\":\"Jordan Leandro Oviedo Anzola\",\"@id\":\"https:\/\/www.fiscalia.gov.co\/colombia\/#\/schema\/person\/bf84402cf293a5393e9c70b111020b24\"},\"headline\":\"Judicializado alias Maicol, presunto jefe de sicarios de la disidencia Franco Benavides, como presunto coautor de homicidio agravado y porte ilegal de armas\",\"datePublished\":\"2022-03-16T15:36:39+00:00\",\"dateModified\":\"2022-03-16T15:36:39+00:00\",\"mainEntityOfPage\":{\"@id\":\"https:\/\/www.fiscalia.gov.co\/colombia\/noticias\/judicializado-alias-maicol-presunto-jefe-de-sicarios-de-la-disidencia-franco-benavides-como-presunto-coautor-de-homicidio-agravado-y-porte-ilegal-de-armas\/\"},\"wordCount\":471,\"publisher\":{\"@id\":\"https:\/\/www.fiscalia.gov.co\/colombia\/#organization\"},\"image\":{\"@id\":\"https:\/\/www.fiscalia.gov.co\/colombia\/noticias\/judicializado-alias-maicol-presunto-jefe-de-sicarios-de-la-disidencia-franco-benavides-como-presunto-coautor-de-homicidio-agravado-y-porte-ilegal-de-armas\/#primaryimage\"},\"thumbnailUrl\":\"https:\/\/www.fiscalia.gov.co\/colombia\/wp-content\/uploads\/Fiscal-Francisco-Barbosa_Alias-Maicol-875x1024.jpg\",\"keywords\":[\"Disidencia\",\"Fiscal Barbosa\",\"Fiscal General Francisco Barbosa Delgado\",\"Fiscal\u00eda de Colombia\",\"Fiscal\u00eda General de la Naci\u00f3n\",\"Homicidio\"],\"articleSection\":[\"Noticias\",\"Seccional Pasto\",\"Seccionales\",\"Seguridad territorial\"],\"inLanguage\":\"es-CO\"},{\"@type\":\"WebPage\",\"@id\":\"https:\/\/www.fiscalia.gov.co\/colombia\/noticias\/judicializado-alias-maicol-presunto-jefe-de-sicarios-de-la-disidencia-franco-benavides-como-presunto-coautor-de-homicidio-agravado-y-porte-ilegal-de-armas\/\",\"url\":\"https:\/\/www.fiscalia.gov.co\/colombia\/noticias\/judicializado-alias-maicol-presunto-jefe-de-sicarios-de-la-disidencia-franco-benavides-como-presunto-coautor-de-homicidio-agravado-y-porte-ilegal-de-armas\/\",\"name\":\"Fiscal\u00eda General de la Naci\u00f3n\",\"isPartOf\":{\"@id\":\"https:\/\/www.fiscalia.gov.co\/colombia\/#website\"},\"primaryImageOfPage\":{\"@id\":\"https:\/\/www.fiscalia.gov.co\/colombia\/noticias\/judicializado-alias-maicol-presunto-jefe-de-sicarios-de-la-disidencia-franco-benavides-como-presunto-coautor-de-homicidio-agravado-y-porte-ilegal-de-armas\/#primaryimage\"},\"image\":{\"@id\":\"https:\/\/www.fiscalia.gov.co\/colombia\/noticias\/judicializado-alias-maicol-presunto-jefe-de-sicarios-de-la-disidencia-franco-benavides-como-presunto-coautor-de-homicidio-agravado-y-porte-ilegal-de-armas\/#primaryimage\"},\"thumbnailUrl\":\"https:\/\/www.fiscalia.gov.co\/colombia\/wp-content\/uploads\/Fiscal-Francisco-Barbosa_Alias-Maicol-875x1024.jpg\",\"datePublished\":\"2022-03-16T15:36:39+00:00\",\"dateModified\":\"2022-03-16T15:36:39+00:00\",\"description\":\"P\u00e1gina oficial de la Fiscal\u00eda General de la Naci\u00f3n \u2013 Colombia. Garantizamos el acceso efectivo a la justicia, la verdad y la reparaci\u00f3n de las v\u00edctimas de los delitos.\",\"breadcrumb\":{\"@id\":\"https:\/\/www.fiscalia.gov.co\/colombia\/noticias\/judicializado-alias-maicol-presunto-jefe-de-sicarios-de-la-disidencia-franco-benavides-como-presunto-coautor-de-homicidio-agravado-y-porte-ilegal-de-armas\/#breadcrumb\"},\"inLanguage\":\"es-CO\",\"potentialAction\":[{\"@type\":\"ReadAction\",\"target\":[\"https:\/\/www.fiscalia.gov.co\/colombia\/noticias\/judicializado-alias-maicol-presunto-jefe-de-sicarios-de-la-disidencia-franco-benavides-como-presunto-coautor-de-homicidio-agravado-y-porte-ilegal-de-armas\/\"]}]},{\"@type\":\"ImageObject\",\"inLanguage\":\"es-CO\",\"@id\":\"https:\/\/www.fiscalia.gov.co\/colombia\/noticias\/judicializado-alias-maicol-presunto-jefe-de-sicarios-de-la-disidencia-franco-benavides-como-presunto-coautor-de-homicidio-agravado-y-porte-ilegal-de-armas\/#primaryimage\",\"url\":\"https:\/\/www.fiscalia.gov.co\/colombia\/wp-content\/uploads\/Fiscal-Francisco-Barbosa_Alias-Maicol.jpg\",\"contentUrl\":\"https:\/\/www.fiscalia.gov.co\/colombia\/wp-content\/uploads\/Fiscal-Francisco-Barbosa_Alias-Maicol.jpg\",\"width\":1094,\"height\":1280,\"caption\":\"Alias Maicol, presunto jefe de sicarios de la disidencia Franco Benavides, fue detenido en el aeropuerto El Dorado de Bogot\u00e1, cuando pretend\u00eda tomar un vuelo a M\u00e9xico.\"},{\"@type\":\"BreadcrumbList\",\"@id\":\"https:\/\/www.fiscalia.gov.co\/colombia\/noticias\/judicializado-alias-maicol-presunto-jefe-de-sicarios-de-la-disidencia-franco-benavides-como-presunto-coautor-de-homicidio-agravado-y-porte-ilegal-de-armas\/#breadcrumb\",\"itemListElement\":[{\"@type\":\"ListItem\",\"position\":1,\"name\":\"Home\",\"item\":\"https:\/\/www.fiscalia.gov.co\/colombia\/\"},{\"@type\":\"ListItem\",\"position\":2,\"name\":\"Judicializado alias Maicol, presunto jefe de sicarios de la disidencia Franco Benavides, como presunto coautor de homicidio agravado y porte ilegal de armas\"}]},{\"@type\":\"WebSite\",\"@id\":\"https:\/\/www.fiscalia.gov.co\/colombia\/#website\",\"url\":\"https:\/\/www.fiscalia.gov.co\/colombia\/\",\"name\":\"Fiscal\u00eda General de la Naci\u00f3n\",\"description\":\"P\u00e1gina oficial de la Fiscal\u00eda General de la Naci\u00f3n \u2013 Colombia. Garantizamos el acceso efectivo a la justicia, la verdad y la reparaci\u00f3n de las v\u00edctimas de los delitos.\",\"publisher\":{\"@id\":\"https:\/\/www.fiscalia.gov.co\/colombia\/#organization\"},\"potentialAction\":[{\"@type\":\"SearchAction\",\"target\":{\"@type\":\"EntryPoint\",\"urlTemplate\":\"https:\/\/www.fiscalia.gov.co\/colombia\/?s={search_term_string}\"},\"query-input\":{\"@type\":\"PropertyValueSpecification\",\"valueRequired\":true,\"valueName\":\"search_term_string\"}}],\"inLanguage\":\"es-CO\"},{\"@type\":\"Organization\",\"@id\":\"https:\/\/www.fiscalia.gov.co\/colombia\/#organization\",\"name\":\"Fiscal\u00eda General de la Naci\u00f3n\",\"url\":\"https:\/\/www.fiscalia.gov.co\/colombia\/\",\"logo\":{\"@type\":\"ImageObject\",\"inLanguage\":\"es-CO\",\"@id\":\"https:\/\/www.fiscalia.gov.co\/colombia\/#\/schema\/logo\/image\/\",\"url\":\"https:\/\/www.fiscalia.gov.co\/colombia\/wp-content\/uploads\/LogoHorizontal_1.jpg\",\"contentUrl\":\"https:\/\/www.fiscalia.gov.co\/colombia\/wp-content\/uploads\/LogoHorizontal_1.jpg\",\"width\":300,\"height\":90,\"caption\":\"Fiscal\u00eda General de la Naci\u00f3n\"},\"image\":{\"@id\":\"https:\/\/www.fiscalia.gov.co\/colombia\/#\/schema\/logo\/image\/\"},\"sameAs\":[\"https:\/\/www.facebook.com\/FiscaliaCol\",\"https:\/\/x.com\/FiscaliaCol\",\"https:\/\/www.instagram.com\/fiscaliacol\",\"https:\/\/www.linkedin.com\/company\/fiscalia-general-de-la-naci-n\/\",\"https:\/\/youtube.com\/@fiscaliageneraldelanacion-4668?si=6nN79nyQICPU5iTh\"]},{\"@type\":\"Person\",\"@id\":\"https:\/\/www.fiscalia.gov.co\/colombia\/#\/schema\/person\/bf84402cf293a5393e9c70b111020b24\",\"name\":\"Jordan Leandro Oviedo Anzola\",\"image\":{\"@type\":\"ImageObject\",\"inLanguage\":\"es-CO\",\"@id\":\"https:\/\/www.fiscalia.gov.co\/colombia\/#\/schema\/person\/image\/\",\"url\":\"https:\/\/secure.gravatar.com\/avatar\/dabba4346fa9b9207d96adafa8f92721?s=96&d=mm&r=g\",\"contentUrl\":\"https:\/\/secure.gravatar.com\/avatar\/dabba4346fa9b9207d96adafa8f92721?s=96&d=mm&r=g\",\"caption\":\"Jordan Leandro Oviedo Anzola\"},\"url\":\"https:\/\/www.fiscalia.gov.co\/colombia\/author\/joviedo\/\"}]}<\/script>\n<!-- \/ Yoast SEO plugin. -->","yoast_head_json":{"title":"Fiscal\u00eda General de la Naci\u00f3n","description":"P\u00e1gina oficial de la Fiscal\u00eda General de la Naci\u00f3n \u2013 Colombia. Garantizamos el acceso efectivo a la justicia, la verdad y la reparaci\u00f3n de las v\u00edctimas de los delitos.","robots":{"index":"noindex","follow":"follow"},"og_locale":"es_ES","og_type":"article","og_title":"Fiscal\u00eda General de la Naci\u00f3n","og_description":"P\u00e1gina oficial de la Fiscal\u00eda General de la Naci\u00f3n \u2013 Colombia. Garantizamos el acceso efectivo a la justicia, la verdad y la reparaci\u00f3n de las v\u00edctimas de los delitos.","og_url":"https:\/\/www.fiscalia.gov.co\/colombia\/noticias\/judicializado-alias-maicol-presunto-jefe-de-sicarios-de-la-disidencia-franco-benavides-como-presunto-coautor-de-homicidio-agravado-y-porte-ilegal-de-armas\/","og_site_name":"Fiscal\u00eda General de la Naci\u00f3n","article_publisher":"https:\/\/www.facebook.com\/FiscaliaCol","article_published_time":"2022-03-16T15:36:39+00:00","og_image":[{"url":"https:\/\/www.fiscalia.gov.co\/colombia\/wp-content\/uploads\/Fiscal-Francisco-Barbosa_Alias-Maicol-875x1024.jpg","type":"","width":"","height":""}],"author":"Jordan Leandro Oviedo Anzola","twitter_card":"summary_large_image","twitter_creator":"@FiscaliaCol","twitter_site":"@FiscaliaCol","twitter_misc":{"Escrito por":"Jordan Leandro Oviedo Anzola","Tiempo de lectura":"2 minutos"},"schema":{"@context":"https:\/\/schema.org","@graph":[{"@type":"Article","@id":"https:\/\/www.fiscalia.gov.co\/colombia\/noticias\/judicializado-alias-maicol-presunto-jefe-de-sicarios-de-la-disidencia-franco-benavides-como-presunto-coautor-de-homicidio-agravado-y-porte-ilegal-de-armas\/#article","isPartOf":{"@id":"https:\/\/www.fiscalia.gov.co\/colombia\/noticias\/judicializado-alias-maicol-presunto-jefe-de-sicarios-de-la-disidencia-franco-benavides-como-presunto-coautor-de-homicidio-agravado-y-porte-ilegal-de-armas\/"},"author":{"name":"Jordan Leandro Oviedo Anzola","@id":"https:\/\/www.fiscalia.gov.co\/colombia\/#\/schema\/person\/bf84402cf293a5393e9c70b111020b24"},"headline":"Judicializado alias Maicol, presunto jefe de sicarios de la disidencia Franco Benavides, como presunto coautor de homicidio agravado y porte ilegal de armas","datePublished":"2022-03-16T15:36:39+00:00","dateModified":"2022-03-16T15:36:39+00:00","mainEntityOfPage":{"@id":"https:\/\/www.fiscalia.gov.co\/colombia\/noticias\/judicializado-alias-maicol-presunto-jefe-de-sicarios-de-la-disidencia-franco-benavides-como-presunto-coautor-de-homicidio-agravado-y-porte-ilegal-de-armas\/"},"wordCount":471,"publisher":{"@id":"https:\/\/www.fiscalia.gov.co\/colombia\/#organization"},"image":{"@id":"https:\/\/www.fiscalia.gov.co\/colombia\/noticias\/judicializado-alias-maicol-presunto-jefe-de-sicarios-de-la-disidencia-franco-benavides-como-presunto-coautor-de-homicidio-agravado-y-porte-ilegal-de-armas\/#primaryimage"},"thumbnailUrl":"https:\/\/www.fiscalia.gov.co\/colombia\/wp-content\/uploads\/Fiscal-Francisco-Barbosa_Alias-Maicol-875x1024.jpg","keywords":["Disidencia","Fiscal Barbosa","Fiscal General Francisco Barbosa Delgado","Fiscal\u00eda de Colombia","Fiscal\u00eda General de la Naci\u00f3n","Homicidio"],"articleSection":["Noticias","Seccional Pasto","Seccionales","Seguridad territorial"],"inLanguage":"es-CO"},{"@type":"WebPage","@id":"https:\/\/www.fiscalia.gov.co\/colombia\/noticias\/judicializado-alias-maicol-presunto-jefe-de-sicarios-de-la-disidencia-franco-benavides-como-presunto-coautor-de-homicidio-agravado-y-porte-ilegal-de-armas\/","url":"https:\/\/www.fiscalia.gov.co\/colombia\/noticias\/judicializado-alias-maicol-presunto-jefe-de-sicarios-de-la-disidencia-franco-benavides-como-presunto-coautor-de-homicidio-agravado-y-porte-ilegal-de-armas\/","name":"Fiscal\u00eda General de la Naci\u00f3n","isPartOf":{"@id":"https:\/\/www.fiscalia.gov.co\/colombia\/#website"},"primaryImageOfPage":{"@id":"https:\/\/www.fiscalia.gov.co\/colombia\/noticias\/judicializado-alias-maicol-presunto-jefe-de-sicarios-de-la-disidencia-franco-benavides-como-presunto-coautor-de-homicidio-agravado-y-porte-ilegal-de-armas\/#primaryimage"},"image":{"@id":"https:\/\/www.fiscalia.gov.co\/colombia\/noticias\/judicializado-alias-maicol-presunto-jefe-de-sicarios-de-la-disidencia-franco-benavides-como-presunto-coautor-de-homicidio-agravado-y-porte-ilegal-de-armas\/#primaryimage"},"thumbnailUrl":"https:\/\/www.fiscalia.gov.co\/colombia\/wp-content\/uploads\/Fiscal-Francisco-Barbosa_Alias-Maicol-875x1024.jpg","datePublished":"2022-03-16T15:36:39+00:00","dateModified":"2022-03-16T15:36:39+00:00","description":"P\u00e1gina oficial de la Fiscal\u00eda General de la Naci\u00f3n \u2013 Colombia. Garantizamos el acceso efectivo a la justicia, la verdad y la reparaci\u00f3n de las v\u00edctimas de los delitos.","breadcrumb":{"@id":"https:\/\/www.fiscalia.gov.co\/colombia\/noticias\/judicializado-alias-maicol-presunto-jefe-de-sicarios-de-la-disidencia-franco-benavides-como-presunto-coautor-de-homicidio-agravado-y-porte-ilegal-de-armas\/#breadcrumb"},"inLanguage":"es-CO","potentialAction":[{"@type":"ReadAction","target":["https:\/\/www.fiscalia.gov.co\/colombia\/noticias\/judicializado-alias-maicol-presunto-jefe-de-sicarios-de-la-disidencia-franco-benavides-como-presunto-coautor-de-homicidio-agravado-y-porte-ilegal-de-armas\/"]}]},{"@type":"ImageObject","inLanguage":"es-CO","@id":"https:\/\/www.fiscalia.gov.co\/colombia\/noticias\/judicializado-alias-maicol-presunto-jefe-de-sicarios-de-la-disidencia-franco-benavides-como-presunto-coautor-de-homicidio-agravado-y-porte-ilegal-de-armas\/#primaryimage","url":"https:\/\/www.fiscalia.gov.co\/colombia\/wp-content\/uploads\/Fiscal-Francisco-Barbosa_Alias-Maicol.jpg","contentUrl":"https:\/\/www.fiscalia.gov.co\/colombia\/wp-content\/uploads\/Fiscal-Francisco-Barbosa_Alias-Maicol.jpg","width":1094,"height":1280,"caption":"Alias Maicol, presunto jefe de sicarios de la disidencia Franco Benavides, fue detenido en el aeropuerto El Dorado de Bogot\u00e1, cuando pretend\u00eda tomar un vuelo a M\u00e9xico."},{"@type":"BreadcrumbList","@id":"https:\/\/www.fiscalia.gov.co\/colombia\/noticias\/judicializado-alias-maicol-presunto-jefe-de-sicarios-de-la-disidencia-franco-benavides-como-presunto-coautor-de-homicidio-agravado-y-porte-ilegal-de-armas\/#breadcrumb","itemListElement":[{"@type":"ListItem","position":1,"name":"Home","item":"https:\/\/www.fiscalia.gov.co\/colombia\/"},{"@type":"ListItem","position":2,"name":"Judicializado alias Maicol, presunto jefe de sicarios de la disidencia Franco Benavides, como presunto coautor de homicidio agravado y porte ilegal de armas"}]},{"@type":"WebSite","@id":"https:\/\/www.fiscalia.gov.co\/colombia\/#website","url":"https:\/\/www.fiscalia.gov.co\/colombia\/","name":"Fiscal\u00eda General de la Naci\u00f3n","description":"P\u00e1gina oficial de la Fiscal\u00eda General de la Naci\u00f3n \u2013 Colombia. Garantizamos el acceso efectivo a la justicia, la verdad y la reparaci\u00f3n de las v\u00edctimas de los delitos.","publisher":{"@id":"https:\/\/www.fiscalia.gov.co\/colombia\/#organization"},"potentialAction":[{"@type":"SearchAction","target":{"@type":"EntryPoint","urlTemplate":"https:\/\/www.fiscalia.gov.co\/colombia\/?s={search_term_string}"},"query-input":{"@type":"PropertyValueSpecification","valueRequired":true,"valueName":"search_term_string"}}],"inLanguage":"es-CO"},{"@type":"Organization","@id":"https:\/\/www.fiscalia.gov.co\/colombia\/#organization","name":"Fiscal\u00eda General de la Naci\u00f3n","url":"https:\/\/www.fiscalia.gov.co\/colombia\/","logo":{"@type":"ImageObject","inLanguage":"es-CO","@id":"https:\/\/www.fiscalia.gov.co\/colombia\/#\/schema\/logo\/image\/","url":"https:\/\/www.fiscalia.gov.co\/colombia\/wp-content\/uploads\/LogoHorizontal_1.jpg","contentUrl":"https:\/\/www.fiscalia.gov.co\/colombia\/wp-content\/uploads\/LogoHorizontal_1.jpg","width":300,"height":90,"caption":"Fiscal\u00eda General de la Naci\u00f3n"},"image":{"@id":"https:\/\/www.fiscalia.gov.co\/colombia\/#\/schema\/logo\/image\/"},"sameAs":["https:\/\/www.facebook.com\/FiscaliaCol","https:\/\/x.com\/FiscaliaCol","https:\/\/www.instagram.com\/fiscaliacol","https:\/\/www.linkedin.com\/company\/fiscalia-general-de-la-naci-n\/","https:\/\/youtube.com\/@fiscaliageneraldelanacion-4668?si=6nN79nyQICPU5iTh"]},{"@type":"Person","@id":"https:\/\/www.fiscalia.gov.co\/colombia\/#\/schema\/person\/bf84402cf293a5393e9c70b111020b24","name":"Jordan Leandro Oviedo Anzola","image":{"@type":"ImageObject","inLanguage":"es-CO","@id":"https:\/\/www.fiscalia.gov.co\/colombia\/#\/schema\/person\/image\/","url":"https:\/\/secure.gravatar.com\/avatar\/dabba4346fa9b9207d96adafa8f92721?s=96&d=mm&r=g","contentUrl":"https:\/\/secure.gravatar.com\/avatar\/dabba4346fa9b9207d96adafa8f92721?s=96&d=mm&r=g","caption":"Jordan Leandro Oviedo Anzola"},"url":"https:\/\/www.fiscalia.gov.co\/colombia\/author\/joviedo\/"}]}},"_links":{"self":[{"href":"https:\/\/www.fiscalia.gov.co\/colombia\/wp-json\/wp\/v2\/posts\/243583","targetHints":{"allow":["GET"]}}],"collection":[{"href":"https:\/\/www.fiscalia.gov.co\/colombia\/wp-json\/wp\/v2\/posts"}],"about":[{"href":"https:\/\/www.fiscalia.gov.co\/colombia\/wp-json\/wp\/v2\/types\/post"}],"author":[{"embeddable":true,"href":"https:\/\/www.fiscalia.gov.co\/colombia\/wp-json\/wp\/v2\/users\/177"}],"replies":[{"embeddable":true,"href":"https:\/\/www.fiscalia.gov.co\/colombia\/wp-json\/wp\/v2\/comments?post=243583"}],"version-history":[{"count":1,"href":"https:\/\/www.fiscalia.gov.co\/colombia\/wp-json\/wp\/v2\/posts\/243583\/revisions"}],"predecessor-version":[{"id":243585,"href":"https:\/\/www.fiscalia.gov.co\/colombia\/wp-json\/wp\/v2\/posts\/243583\/revisions\/243585"}],"wp:attachment":[{"href":"https:\/\/www.fiscalia.gov.co\/colombia\/wp-json\/wp\/v2\/media?parent=243583"}],"wp:term":[{"taxonomy":"category","embeddable":true,"href":"https:\/\/www.fiscalia.gov.co\/colombia\/wp-json\/wp\/v2\/categories?post=243583"},{"taxonomy":"post_tag","embeddable":true,"href":"https:\/\/www.fiscalia.gov.co\/colombia\/wp-json\/wp\/v2\/tags?post=243583"}],"curies":[{"name":"wp","href":"https:\/\/api.w.org\/{rel}","templated":true}]}}