{"id":243526,"date":"2022-03-15T17:13:39","date_gmt":"2022-03-15T22:13:39","guid":{"rendered":"https:\/\/www.fiscalia.gov.co\/colombia\/?p=243526"},"modified":"2022-03-15T17:13:39","modified_gmt":"2022-03-15T22:13:39","slug":"medida-en-centro-carcelario-para-posible-integrante-del-grupo-armado-e-48-por-distintos-delitos-tras-su-captura-con-armas-y-municiones","status":"publish","type":"post","link":"https:\/\/www.fiscalia.gov.co\/colombia\/noticias\/medida-en-centro-carcelario-para-posible-integrante-del-grupo-armado-e-48-por-distintos-delitos-tras-su-captura-con-armas-y-municiones\/","title":{"rendered":"Medida en centro carcelario para posible integrante del grupo armado E-48 por distintos delitos tras su captura con armas y municiones"},"content":{"rendered":"<p style=\"font-weight: 400;\">Un juez con funci\u00f3n de control de garant\u00edas aval\u00f3 la petici\u00f3n de la Fiscal\u00eda e impuso\u00a0<strong>medida privativa de la libertad en centro carcelario\u00a0<\/strong>en contra de Yiner Segura Morales, alias Jhon o Peluche, presunto miembro del grupo armado E-48 denominado Comandos de la Frontera, quien fue capturado con armas y municiones.<\/p>\n<figure id=\"attachment_243527\" aria-describedby=\"caption-attachment-243527\" style=\"width: 696px\" class=\"wp-caption aligncenter\"><img loading=\"lazy\" decoding=\"async\" class=\"size-large wp-image-243527\" src=\"https:\/\/www.fiscalia.gov.co\/colombia\/wp-content\/uploads\/Fiscal-Francisco-Barbosa_grupo-armado-e48_Mocoa-1024x573.jpg\" alt=\"\" width=\"696\" height=\"389\" srcset=\"https:\/\/www.fiscalia.gov.co\/colombia\/wp-content\/uploads\/Fiscal-Francisco-Barbosa_grupo-armado-e48_Mocoa-1024x573.jpg 1024w, https:\/\/www.fiscalia.gov.co\/colombia\/wp-content\/uploads\/Fiscal-Francisco-Barbosa_grupo-armado-e48_Mocoa-300x168.jpg 300w, https:\/\/www.fiscalia.gov.co\/colombia\/wp-content\/uploads\/Fiscal-Francisco-Barbosa_grupo-armado-e48_Mocoa-768x430.jpg 768w, https:\/\/www.fiscalia.gov.co\/colombia\/wp-content\/uploads\/Fiscal-Francisco-Barbosa_grupo-armado-e48_Mocoa-696x389.jpg 696w, https:\/\/www.fiscalia.gov.co\/colombia\/wp-content\/uploads\/Fiscal-Francisco-Barbosa_grupo-armado-e48_Mocoa-1068x597.jpg 1068w, https:\/\/www.fiscalia.gov.co\/colombia\/wp-content\/uploads\/Fiscal-Francisco-Barbosa_grupo-armado-e48_Mocoa-751x420.jpg 751w, https:\/\/www.fiscalia.gov.co\/colombia\/wp-content\/uploads\/Fiscal-Francisco-Barbosa_grupo-armado-e48_Mocoa.jpg 1280w\" sizes=\"auto, (max-width: 696px) 100vw, 696px\" \/><figcaption id=\"caption-attachment-243527\" class=\"wp-caption-text\">Yiner Segura Morales al parecer ten\u00eda en su poder armas de fuego con proveedor y municiones cuando fue capturado.<\/figcaption><\/figure>\n<p style=\"font-weight: 400;\">De acuerdo con los hechos, el pasado 10 de marzo, uniformados del Ej\u00e9rcito Nacional en labores de reconocimiento y registro de \u00e1rea en la vereda Los Almendros en Piamonte (Cauca),\u00a0 capturaron al hoy judicializado con\u00a0<strong>armas de fuego, proveedores y municiones.\u00a0<\/strong><\/p>\n<p style=\"font-weight: 400;\">Labores investigativas y de inteligencia permitieron establecer que el imputado ser\u00eda parte de la estructura criminal mencionada y tendr\u00eda al mando personas para\u00a0<strong>controlar los corredores de narcotr\u00e1fico<\/strong>\u00a0en Puerto Legu\u00edzamo (Putumayo) y\u00a0Piamonte (Cauca).<\/p>\n<p style=\"font-weight: 400;\">Al momento de su captura le fueron incautados una\u00a0<strong>pistola 9 mm, un proveedor con 4 proyectiles, 72 cartuchos 9 mm, tres celulares, $13.487.000 y un radio de comunicaci\u00f3n port\u00e1til con su bater\u00eda, antena y cargador y una tabla\u00a0\u00a0I. O. C<\/strong>. (idioma operacional de combate).<\/p>\n<p style=\"font-weight: 400;\">El hoy capturado, quien fue trasladado en helic\u00f3ptero hasta Villagarz\u00f3n, al parecer\u00a0<strong>le ofreci\u00f3 la suma de dinero incautada al comandante del Ej\u00e9rcito\u00a0<\/strong>para que lo dejaran ir y se presume le ofreci\u00f3 conseguir m\u00e1s.<\/p>\n<p style=\"font-weight: 400;\">A Segura Morales la Fiscal\u00eda le formul\u00f3 cargos como presunto responsable de los delitos de\u00a0<strong>fabricaci\u00f3n, tr\u00e1fico, porte o tenencia de armas de fuego, accesorios, partes o municiones agravado en concurso con concierto para delinquir, enriquecimiento il\u00edcito de particulares, lavado de activos y cohecho por dar u ofrecer<\/strong>. No acept\u00f3 cargos.<\/p>\n<p style=\"font-weight: 400;\">La Fiscal\u00eda General de La Naci\u00f3n habla con resultados.<\/p>\n<p><b>Tambi\u00e9n le puede interesar:\u00a0\u00a0<\/b><b><a title=\"Env\u00edan a la c\u00e1rcel a presunto integrante del Gaor Carlos Pati\u00f1o, requerido con circular azul por secuestro extorsivo y concierto para delinquir\" href=\"https:\/\/www.fiscalia.gov.co\/colombia\/noticias\/envian-a-la-carcel-a-presunto-integrante-del-gaor-carlos-patino-requerido-con-circular-azul-por-secuestro-extorsivo-y-concierto-para-delinquir\/\" target=\"_blank\" rel=\"noopener noreferrer\" data-saferedirecturl=\"https:\/\/www.google.com\/url?q=https:\/\/www.fiscalia.gov.co\/colombia\/noticias\/envian-a-la-carcel-a-presunto-integrante-del-gaor-carlos-patino-requerido-con-circular-azul-por-secuestro-extorsivo-y-concierto-para-delinquir\/&amp;source=gmail&amp;ust=1647468447732000&amp;usg=AOvVaw3g73-KmXEF7_SAnylXzdHF\">Env\u00edan a la c\u00e1rcel a presunto integrante del Gaor Carlos Pati\u00f1o, requerido con circular azul por secuestro extorsivo y concierto para delinquir<\/a><\/b><u><\/u><\/p>\n<p>&nbsp;<\/p>\n<p>&nbsp;<\/p>\n<p style=\"font-weight: 400;\">LMGM\/CFG\/GRM<\/p>\n<p style=\"font-weight: 400;\">\n<p>&nbsp;<\/p>\n<p>&nbsp;<\/p>\n<p style=\"font-weight: 400;\"><em>La informaci\u00f3n contenida en este bolet\u00edn de prensa corresponde a la narraci\u00f3n de los hechos noticiosos objetivos, suministrados por los funcionarios encargados de adelantar las investigaciones penales al interior de la Fiscal\u00eda General de la Naci\u00f3n. Para el momento de la divulgaci\u00f3n de este comunicado, la situaci\u00f3n jur\u00eddica de la(s) persona(s) relacionada(s) se encuentra pendiente de resolver por la autoridad judicial competente, siempre bajo los preceptos de la presunci\u00f3n de inocencia, consagrados en el art\u00edculo 29 de la Constituci\u00f3n Pol\u00edtica y el art\u00edculo 7\u00ba de la Ley 906 de 2004.<\/em><\/p>\n\n<div class=\"twitter-share\"><a href=\"https:\/\/twitter.com\/intent\/tweet?via=fiscaliacol\" class=\"twitter-share-button\">Tweet<\/a><\/div>\n","protected":false},"excerpt":{"rendered":"<p>Un juez con funci\u00f3n de control de garant\u00edas aval\u00f3 la petici\u00f3n de la Fiscal\u00eda e impuso\u00a0medida privativa de la libertad en centro carcelario\u00a0en contra de Yiner Segura Morales, alias Jhon [&hellip;]<\/p>\n","protected":false},"author":177,"featured_media":0,"comment_status":"closed","ping_status":"open","sticky":false,"template":"","format":"standard","meta":{"tdm_status":"","tdm_grid_status":"","footnotes":""},"categories":[1,2910,303,24099],"tags":[30879,2712,30878,24185,24188,24206,5699,698,2279],"class_list":["post-243526","post","type-post","status-publish","format-standard","category-noticias","category-seccional-mocoa","category-seccionales","category-seguridad-territorial","tag-alias-jhon-o-peluche","tag-cauca","tag-comandos-de-la-frontera","tag-fiscal-barbosa","tag-fiscal-francisco-barbosa","tag-gaor","tag-municiones","tag-porte-de-armas","tag-putumayo"],"yoast_head":"<!-- This site is optimized with the Yoast SEO plugin v24.3 - https:\/\/yoast.com\/wordpress\/plugins\/seo\/ -->\n<title>Fiscal\u00eda General de la Naci\u00f3n<\/title>\n<meta name=\"description\" content=\"P\u00e1gina oficial de la Fiscal\u00eda General de la Naci\u00f3n \u2013 Colombia. Garantizamos el acceso efectivo a la justicia, la verdad y la reparaci\u00f3n de las v\u00edctimas de los delitos.\" \/>\n<meta name=\"robots\" content=\"noindex, follow\" \/>\n<meta property=\"og:locale\" content=\"es_ES\" \/>\n<meta property=\"og:type\" content=\"article\" \/>\n<meta property=\"og:title\" content=\"Fiscal\u00eda General de la Naci\u00f3n\" \/>\n<meta property=\"og:description\" content=\"P\u00e1gina oficial de la Fiscal\u00eda General de la Naci\u00f3n \u2013 Colombia. Garantizamos el acceso efectivo a la justicia, la verdad y la reparaci\u00f3n de las v\u00edctimas de los delitos.\" \/>\n<meta property=\"og:url\" content=\"https:\/\/www.fiscalia.gov.co\/colombia\/noticias\/medida-en-centro-carcelario-para-posible-integrante-del-grupo-armado-e-48-por-distintos-delitos-tras-su-captura-con-armas-y-municiones\/\" \/>\n<meta property=\"og:site_name\" content=\"Fiscal\u00eda General de la Naci\u00f3n\" \/>\n<meta property=\"article:publisher\" content=\"https:\/\/www.facebook.com\/FiscaliaCol\" \/>\n<meta property=\"article:published_time\" content=\"2022-03-15T22:13:39+00:00\" \/>\n<meta property=\"og:image\" content=\"https:\/\/www.fiscalia.gov.co\/colombia\/wp-content\/uploads\/Fiscal-Francisco-Barbosa_grupo-armado-e48_Mocoa-1024x573.jpg\" \/>\n<meta name=\"author\" content=\"Jordan Leandro Oviedo Anzola\" \/>\n<meta name=\"twitter:card\" content=\"summary_large_image\" \/>\n<meta name=\"twitter:creator\" content=\"@FiscaliaCol\" \/>\n<meta name=\"twitter:site\" content=\"@FiscaliaCol\" \/>\n<meta name=\"twitter:label1\" content=\"Escrito por\" \/>\n\t<meta name=\"twitter:data1\" content=\"Jordan Leandro Oviedo Anzola\" \/>\n\t<meta name=\"twitter:label2\" content=\"Tiempo de lectura\" \/>\n\t<meta name=\"twitter:data2\" content=\"2 minutos\" \/>\n<script type=\"application\/ld+json\" class=\"yoast-schema-graph\">{\"@context\":\"https:\/\/schema.org\",\"@graph\":[{\"@type\":\"Article\",\"@id\":\"https:\/\/www.fiscalia.gov.co\/colombia\/noticias\/medida-en-centro-carcelario-para-posible-integrante-del-grupo-armado-e-48-por-distintos-delitos-tras-su-captura-con-armas-y-municiones\/#article\",\"isPartOf\":{\"@id\":\"https:\/\/www.fiscalia.gov.co\/colombia\/noticias\/medida-en-centro-carcelario-para-posible-integrante-del-grupo-armado-e-48-por-distintos-delitos-tras-su-captura-con-armas-y-municiones\/\"},\"author\":{\"name\":\"Jordan Leandro Oviedo Anzola\",\"@id\":\"https:\/\/www.fiscalia.gov.co\/colombia\/#\/schema\/person\/bf84402cf293a5393e9c70b111020b24\"},\"headline\":\"Medida en centro carcelario para posible integrante del grupo armado E-48 por distintos delitos tras su captura con armas y municiones\",\"datePublished\":\"2022-03-15T22:13:39+00:00\",\"dateModified\":\"2022-03-15T22:13:39+00:00\",\"mainEntityOfPage\":{\"@id\":\"https:\/\/www.fiscalia.gov.co\/colombia\/noticias\/medida-en-centro-carcelario-para-posible-integrante-del-grupo-armado-e-48-por-distintos-delitos-tras-su-captura-con-armas-y-municiones\/\"},\"wordCount\":472,\"publisher\":{\"@id\":\"https:\/\/www.fiscalia.gov.co\/colombia\/#organization\"},\"image\":{\"@id\":\"https:\/\/www.fiscalia.gov.co\/colombia\/noticias\/medida-en-centro-carcelario-para-posible-integrante-del-grupo-armado-e-48-por-distintos-delitos-tras-su-captura-con-armas-y-municiones\/#primaryimage\"},\"thumbnailUrl\":\"https:\/\/www.fiscalia.gov.co\/colombia\/wp-content\/uploads\/Fiscal-Francisco-Barbosa_grupo-armado-e48_Mocoa-1024x573.jpg\",\"keywords\":[\"alias Jhon o Peluche\",\"Cauca\",\"Comandos de la Frontera\",\"Fiscal Barbosa\",\"Fiscal Francisco Barbosa\",\"Gaor\",\"Municiones\",\"Porte de armas\",\"Putumayo\"],\"articleSection\":[\"Noticias\",\"Seccional Mocoa\",\"Seccionales\",\"Seguridad territorial\"],\"inLanguage\":\"es-CO\"},{\"@type\":\"WebPage\",\"@id\":\"https:\/\/www.fiscalia.gov.co\/colombia\/noticias\/medida-en-centro-carcelario-para-posible-integrante-del-grupo-armado-e-48-por-distintos-delitos-tras-su-captura-con-armas-y-municiones\/\",\"url\":\"https:\/\/www.fiscalia.gov.co\/colombia\/noticias\/medida-en-centro-carcelario-para-posible-integrante-del-grupo-armado-e-48-por-distintos-delitos-tras-su-captura-con-armas-y-municiones\/\",\"name\":\"Fiscal\u00eda General de la Naci\u00f3n\",\"isPartOf\":{\"@id\":\"https:\/\/www.fiscalia.gov.co\/colombia\/#website\"},\"primaryImageOfPage\":{\"@id\":\"https:\/\/www.fiscalia.gov.co\/colombia\/noticias\/medida-en-centro-carcelario-para-posible-integrante-del-grupo-armado-e-48-por-distintos-delitos-tras-su-captura-con-armas-y-municiones\/#primaryimage\"},\"image\":{\"@id\":\"https:\/\/www.fiscalia.gov.co\/colombia\/noticias\/medida-en-centro-carcelario-para-posible-integrante-del-grupo-armado-e-48-por-distintos-delitos-tras-su-captura-con-armas-y-municiones\/#primaryimage\"},\"thumbnailUrl\":\"https:\/\/www.fiscalia.gov.co\/colombia\/wp-content\/uploads\/Fiscal-Francisco-Barbosa_grupo-armado-e48_Mocoa-1024x573.jpg\",\"datePublished\":\"2022-03-15T22:13:39+00:00\",\"dateModified\":\"2022-03-15T22:13:39+00:00\",\"description\":\"P\u00e1gina oficial de la Fiscal\u00eda General de la Naci\u00f3n \u2013 Colombia. Garantizamos el acceso efectivo a la justicia, la verdad y la reparaci\u00f3n de las v\u00edctimas de los delitos.\",\"breadcrumb\":{\"@id\":\"https:\/\/www.fiscalia.gov.co\/colombia\/noticias\/medida-en-centro-carcelario-para-posible-integrante-del-grupo-armado-e-48-por-distintos-delitos-tras-su-captura-con-armas-y-municiones\/#breadcrumb\"},\"inLanguage\":\"es-CO\",\"potentialAction\":[{\"@type\":\"ReadAction\",\"target\":[\"https:\/\/www.fiscalia.gov.co\/colombia\/noticias\/medida-en-centro-carcelario-para-posible-integrante-del-grupo-armado-e-48-por-distintos-delitos-tras-su-captura-con-armas-y-municiones\/\"]}]},{\"@type\":\"ImageObject\",\"inLanguage\":\"es-CO\",\"@id\":\"https:\/\/www.fiscalia.gov.co\/colombia\/noticias\/medida-en-centro-carcelario-para-posible-integrante-del-grupo-armado-e-48-por-distintos-delitos-tras-su-captura-con-armas-y-municiones\/#primaryimage\",\"url\":\"https:\/\/www.fiscalia.gov.co\/colombia\/wp-content\/uploads\/Fiscal-Francisco-Barbosa_grupo-armado-e48_Mocoa.jpg\",\"contentUrl\":\"https:\/\/www.fiscalia.gov.co\/colombia\/wp-content\/uploads\/Fiscal-Francisco-Barbosa_grupo-armado-e48_Mocoa.jpg\",\"width\":1280,\"height\":716,\"caption\":\"Yiner Segura Morales al parecer ten\u00eda en su poder armas de fuego con proveedor y municiones cuando fue capturado.\"},{\"@type\":\"BreadcrumbList\",\"@id\":\"https:\/\/www.fiscalia.gov.co\/colombia\/noticias\/medida-en-centro-carcelario-para-posible-integrante-del-grupo-armado-e-48-por-distintos-delitos-tras-su-captura-con-armas-y-municiones\/#breadcrumb\",\"itemListElement\":[{\"@type\":\"ListItem\",\"position\":1,\"name\":\"Home\",\"item\":\"https:\/\/www.fiscalia.gov.co\/colombia\/\"},{\"@type\":\"ListItem\",\"position\":2,\"name\":\"Medida en centro carcelario para posible integrante del grupo armado E-48 por distintos delitos tras su captura con armas y municiones\"}]},{\"@type\":\"WebSite\",\"@id\":\"https:\/\/www.fiscalia.gov.co\/colombia\/#website\",\"url\":\"https:\/\/www.fiscalia.gov.co\/colombia\/\",\"name\":\"Fiscal\u00eda General de la Naci\u00f3n\",\"description\":\"P\u00e1gina oficial de la Fiscal\u00eda General de la Naci\u00f3n \u2013 Colombia. Garantizamos el acceso efectivo a la justicia, la verdad y la reparaci\u00f3n de las v\u00edctimas de los delitos.\",\"publisher\":{\"@id\":\"https:\/\/www.fiscalia.gov.co\/colombia\/#organization\"},\"potentialAction\":[{\"@type\":\"SearchAction\",\"target\":{\"@type\":\"EntryPoint\",\"urlTemplate\":\"https:\/\/www.fiscalia.gov.co\/colombia\/?s={search_term_string}\"},\"query-input\":{\"@type\":\"PropertyValueSpecification\",\"valueRequired\":true,\"valueName\":\"search_term_string\"}}],\"inLanguage\":\"es-CO\"},{\"@type\":\"Organization\",\"@id\":\"https:\/\/www.fiscalia.gov.co\/colombia\/#organization\",\"name\":\"Fiscal\u00eda General de la Naci\u00f3n\",\"url\":\"https:\/\/www.fiscalia.gov.co\/colombia\/\",\"logo\":{\"@type\":\"ImageObject\",\"inLanguage\":\"es-CO\",\"@id\":\"https:\/\/www.fiscalia.gov.co\/colombia\/#\/schema\/logo\/image\/\",\"url\":\"https:\/\/www.fiscalia.gov.co\/colombia\/wp-content\/uploads\/LogoHorizontal_1.jpg\",\"contentUrl\":\"https:\/\/www.fiscalia.gov.co\/colombia\/wp-content\/uploads\/LogoHorizontal_1.jpg\",\"width\":300,\"height\":90,\"caption\":\"Fiscal\u00eda General de la Naci\u00f3n\"},\"image\":{\"@id\":\"https:\/\/www.fiscalia.gov.co\/colombia\/#\/schema\/logo\/image\/\"},\"sameAs\":[\"https:\/\/www.facebook.com\/FiscaliaCol\",\"https:\/\/x.com\/FiscaliaCol\",\"https:\/\/www.instagram.com\/fiscaliacol\",\"https:\/\/www.linkedin.com\/company\/fiscalia-general-de-la-naci-n\/\",\"https:\/\/youtube.com\/@fiscaliageneraldelanacion-4668?si=6nN79nyQICPU5iTh\"]},{\"@type\":\"Person\",\"@id\":\"https:\/\/www.fiscalia.gov.co\/colombia\/#\/schema\/person\/bf84402cf293a5393e9c70b111020b24\",\"name\":\"Jordan Leandro Oviedo Anzola\",\"image\":{\"@type\":\"ImageObject\",\"inLanguage\":\"es-CO\",\"@id\":\"https:\/\/www.fiscalia.gov.co\/colombia\/#\/schema\/person\/image\/\",\"url\":\"https:\/\/secure.gravatar.com\/avatar\/dabba4346fa9b9207d96adafa8f92721?s=96&d=mm&r=g\",\"contentUrl\":\"https:\/\/secure.gravatar.com\/avatar\/dabba4346fa9b9207d96adafa8f92721?s=96&d=mm&r=g\",\"caption\":\"Jordan Leandro Oviedo Anzola\"},\"url\":\"https:\/\/www.fiscalia.gov.co\/colombia\/author\/joviedo\/\"}]}<\/script>\n<!-- \/ Yoast SEO plugin. -->","yoast_head_json":{"title":"Fiscal\u00eda General de la Naci\u00f3n","description":"P\u00e1gina oficial de la Fiscal\u00eda General de la Naci\u00f3n \u2013 Colombia. Garantizamos el acceso efectivo a la justicia, la verdad y la reparaci\u00f3n de las v\u00edctimas de los delitos.","robots":{"index":"noindex","follow":"follow"},"og_locale":"es_ES","og_type":"article","og_title":"Fiscal\u00eda General de la Naci\u00f3n","og_description":"P\u00e1gina oficial de la Fiscal\u00eda General de la Naci\u00f3n \u2013 Colombia. Garantizamos el acceso efectivo a la justicia, la verdad y la reparaci\u00f3n de las v\u00edctimas de los delitos.","og_url":"https:\/\/www.fiscalia.gov.co\/colombia\/noticias\/medida-en-centro-carcelario-para-posible-integrante-del-grupo-armado-e-48-por-distintos-delitos-tras-su-captura-con-armas-y-municiones\/","og_site_name":"Fiscal\u00eda General de la Naci\u00f3n","article_publisher":"https:\/\/www.facebook.com\/FiscaliaCol","article_published_time":"2022-03-15T22:13:39+00:00","og_image":[{"url":"https:\/\/www.fiscalia.gov.co\/colombia\/wp-content\/uploads\/Fiscal-Francisco-Barbosa_grupo-armado-e48_Mocoa-1024x573.jpg","type":"","width":"","height":""}],"author":"Jordan Leandro Oviedo Anzola","twitter_card":"summary_large_image","twitter_creator":"@FiscaliaCol","twitter_site":"@FiscaliaCol","twitter_misc":{"Escrito por":"Jordan Leandro Oviedo Anzola","Tiempo de lectura":"2 minutos"},"schema":{"@context":"https:\/\/schema.org","@graph":[{"@type":"Article","@id":"https:\/\/www.fiscalia.gov.co\/colombia\/noticias\/medida-en-centro-carcelario-para-posible-integrante-del-grupo-armado-e-48-por-distintos-delitos-tras-su-captura-con-armas-y-municiones\/#article","isPartOf":{"@id":"https:\/\/www.fiscalia.gov.co\/colombia\/noticias\/medida-en-centro-carcelario-para-posible-integrante-del-grupo-armado-e-48-por-distintos-delitos-tras-su-captura-con-armas-y-municiones\/"},"author":{"name":"Jordan Leandro Oviedo Anzola","@id":"https:\/\/www.fiscalia.gov.co\/colombia\/#\/schema\/person\/bf84402cf293a5393e9c70b111020b24"},"headline":"Medida en centro carcelario para posible integrante del grupo armado E-48 por distintos delitos tras su captura con armas y municiones","datePublished":"2022-03-15T22:13:39+00:00","dateModified":"2022-03-15T22:13:39+00:00","mainEntityOfPage":{"@id":"https:\/\/www.fiscalia.gov.co\/colombia\/noticias\/medida-en-centro-carcelario-para-posible-integrante-del-grupo-armado-e-48-por-distintos-delitos-tras-su-captura-con-armas-y-municiones\/"},"wordCount":472,"publisher":{"@id":"https:\/\/www.fiscalia.gov.co\/colombia\/#organization"},"image":{"@id":"https:\/\/www.fiscalia.gov.co\/colombia\/noticias\/medida-en-centro-carcelario-para-posible-integrante-del-grupo-armado-e-48-por-distintos-delitos-tras-su-captura-con-armas-y-municiones\/#primaryimage"},"thumbnailUrl":"https:\/\/www.fiscalia.gov.co\/colombia\/wp-content\/uploads\/Fiscal-Francisco-Barbosa_grupo-armado-e48_Mocoa-1024x573.jpg","keywords":["alias Jhon o Peluche","Cauca","Comandos de la Frontera","Fiscal Barbosa","Fiscal Francisco Barbosa","Gaor","Municiones","Porte de armas","Putumayo"],"articleSection":["Noticias","Seccional Mocoa","Seccionales","Seguridad territorial"],"inLanguage":"es-CO"},{"@type":"WebPage","@id":"https:\/\/www.fiscalia.gov.co\/colombia\/noticias\/medida-en-centro-carcelario-para-posible-integrante-del-grupo-armado-e-48-por-distintos-delitos-tras-su-captura-con-armas-y-municiones\/","url":"https:\/\/www.fiscalia.gov.co\/colombia\/noticias\/medida-en-centro-carcelario-para-posible-integrante-del-grupo-armado-e-48-por-distintos-delitos-tras-su-captura-con-armas-y-municiones\/","name":"Fiscal\u00eda General de la Naci\u00f3n","isPartOf":{"@id":"https:\/\/www.fiscalia.gov.co\/colombia\/#website"},"primaryImageOfPage":{"@id":"https:\/\/www.fiscalia.gov.co\/colombia\/noticias\/medida-en-centro-carcelario-para-posible-integrante-del-grupo-armado-e-48-por-distintos-delitos-tras-su-captura-con-armas-y-municiones\/#primaryimage"},"image":{"@id":"https:\/\/www.fiscalia.gov.co\/colombia\/noticias\/medida-en-centro-carcelario-para-posible-integrante-del-grupo-armado-e-48-por-distintos-delitos-tras-su-captura-con-armas-y-municiones\/#primaryimage"},"thumbnailUrl":"https:\/\/www.fiscalia.gov.co\/colombia\/wp-content\/uploads\/Fiscal-Francisco-Barbosa_grupo-armado-e48_Mocoa-1024x573.jpg","datePublished":"2022-03-15T22:13:39+00:00","dateModified":"2022-03-15T22:13:39+00:00","description":"P\u00e1gina oficial de la Fiscal\u00eda General de la Naci\u00f3n \u2013 Colombia. Garantizamos el acceso efectivo a la justicia, la verdad y la reparaci\u00f3n de las v\u00edctimas de los delitos.","breadcrumb":{"@id":"https:\/\/www.fiscalia.gov.co\/colombia\/noticias\/medida-en-centro-carcelario-para-posible-integrante-del-grupo-armado-e-48-por-distintos-delitos-tras-su-captura-con-armas-y-municiones\/#breadcrumb"},"inLanguage":"es-CO","potentialAction":[{"@type":"ReadAction","target":["https:\/\/www.fiscalia.gov.co\/colombia\/noticias\/medida-en-centro-carcelario-para-posible-integrante-del-grupo-armado-e-48-por-distintos-delitos-tras-su-captura-con-armas-y-municiones\/"]}]},{"@type":"ImageObject","inLanguage":"es-CO","@id":"https:\/\/www.fiscalia.gov.co\/colombia\/noticias\/medida-en-centro-carcelario-para-posible-integrante-del-grupo-armado-e-48-por-distintos-delitos-tras-su-captura-con-armas-y-municiones\/#primaryimage","url":"https:\/\/www.fiscalia.gov.co\/colombia\/wp-content\/uploads\/Fiscal-Francisco-Barbosa_grupo-armado-e48_Mocoa.jpg","contentUrl":"https:\/\/www.fiscalia.gov.co\/colombia\/wp-content\/uploads\/Fiscal-Francisco-Barbosa_grupo-armado-e48_Mocoa.jpg","width":1280,"height":716,"caption":"Yiner Segura Morales al parecer ten\u00eda en su poder armas de fuego con proveedor y municiones cuando fue capturado."},{"@type":"BreadcrumbList","@id":"https:\/\/www.fiscalia.gov.co\/colombia\/noticias\/medida-en-centro-carcelario-para-posible-integrante-del-grupo-armado-e-48-por-distintos-delitos-tras-su-captura-con-armas-y-municiones\/#breadcrumb","itemListElement":[{"@type":"ListItem","position":1,"name":"Home","item":"https:\/\/www.fiscalia.gov.co\/colombia\/"},{"@type":"ListItem","position":2,"name":"Medida en centro carcelario para posible integrante del grupo armado E-48 por distintos delitos tras su captura con armas y municiones"}]},{"@type":"WebSite","@id":"https:\/\/www.fiscalia.gov.co\/colombia\/#website","url":"https:\/\/www.fiscalia.gov.co\/colombia\/","name":"Fiscal\u00eda General de la Naci\u00f3n","description":"P\u00e1gina oficial de la Fiscal\u00eda General de la Naci\u00f3n \u2013 Colombia. Garantizamos el acceso efectivo a la justicia, la verdad y la reparaci\u00f3n de las v\u00edctimas de los delitos.","publisher":{"@id":"https:\/\/www.fiscalia.gov.co\/colombia\/#organization"},"potentialAction":[{"@type":"SearchAction","target":{"@type":"EntryPoint","urlTemplate":"https:\/\/www.fiscalia.gov.co\/colombia\/?s={search_term_string}"},"query-input":{"@type":"PropertyValueSpecification","valueRequired":true,"valueName":"search_term_string"}}],"inLanguage":"es-CO"},{"@type":"Organization","@id":"https:\/\/www.fiscalia.gov.co\/colombia\/#organization","name":"Fiscal\u00eda General de la Naci\u00f3n","url":"https:\/\/www.fiscalia.gov.co\/colombia\/","logo":{"@type":"ImageObject","inLanguage":"es-CO","@id":"https:\/\/www.fiscalia.gov.co\/colombia\/#\/schema\/logo\/image\/","url":"https:\/\/www.fiscalia.gov.co\/colombia\/wp-content\/uploads\/LogoHorizontal_1.jpg","contentUrl":"https:\/\/www.fiscalia.gov.co\/colombia\/wp-content\/uploads\/LogoHorizontal_1.jpg","width":300,"height":90,"caption":"Fiscal\u00eda General de la Naci\u00f3n"},"image":{"@id":"https:\/\/www.fiscalia.gov.co\/colombia\/#\/schema\/logo\/image\/"},"sameAs":["https:\/\/www.facebook.com\/FiscaliaCol","https:\/\/x.com\/FiscaliaCol","https:\/\/www.instagram.com\/fiscaliacol","https:\/\/www.linkedin.com\/company\/fiscalia-general-de-la-naci-n\/","https:\/\/youtube.com\/@fiscaliageneraldelanacion-4668?si=6nN79nyQICPU5iTh"]},{"@type":"Person","@id":"https:\/\/www.fiscalia.gov.co\/colombia\/#\/schema\/person\/bf84402cf293a5393e9c70b111020b24","name":"Jordan Leandro Oviedo Anzola","image":{"@type":"ImageObject","inLanguage":"es-CO","@id":"https:\/\/www.fiscalia.gov.co\/colombia\/#\/schema\/person\/image\/","url":"https:\/\/secure.gravatar.com\/avatar\/dabba4346fa9b9207d96adafa8f92721?s=96&d=mm&r=g","contentUrl":"https:\/\/secure.gravatar.com\/avatar\/dabba4346fa9b9207d96adafa8f92721?s=96&d=mm&r=g","caption":"Jordan Leandro Oviedo Anzola"},"url":"https:\/\/www.fiscalia.gov.co\/colombia\/author\/joviedo\/"}]}},"_links":{"self":[{"href":"https:\/\/www.fiscalia.gov.co\/colombia\/wp-json\/wp\/v2\/posts\/243526","targetHints":{"allow":["GET"]}}],"collection":[{"href":"https:\/\/www.fiscalia.gov.co\/colombia\/wp-json\/wp\/v2\/posts"}],"about":[{"href":"https:\/\/www.fiscalia.gov.co\/colombia\/wp-json\/wp\/v2\/types\/post"}],"author":[{"embeddable":true,"href":"https:\/\/www.fiscalia.gov.co\/colombia\/wp-json\/wp\/v2\/users\/177"}],"replies":[{"embeddable":true,"href":"https:\/\/www.fiscalia.gov.co\/colombia\/wp-json\/wp\/v2\/comments?post=243526"}],"version-history":[{"count":1,"href":"https:\/\/www.fiscalia.gov.co\/colombia\/wp-json\/wp\/v2\/posts\/243526\/revisions"}],"predecessor-version":[{"id":243528,"href":"https:\/\/www.fiscalia.gov.co\/colombia\/wp-json\/wp\/v2\/posts\/243526\/revisions\/243528"}],"wp:attachment":[{"href":"https:\/\/www.fiscalia.gov.co\/colombia\/wp-json\/wp\/v2\/media?parent=243526"}],"wp:term":[{"taxonomy":"category","embeddable":true,"href":"https:\/\/www.fiscalia.gov.co\/colombia\/wp-json\/wp\/v2\/categories?post=243526"},{"taxonomy":"post_tag","embeddable":true,"href":"https:\/\/www.fiscalia.gov.co\/colombia\/wp-json\/wp\/v2\/tags?post=243526"}],"curies":[{"name":"wp","href":"https:\/\/api.w.org\/{rel}","templated":true}]}}