{"id":243298,"date":"2022-03-13T13:01:32","date_gmt":"2022-03-13T18:01:32","guid":{"rendered":"https:\/\/www.fiscalia.gov.co\/colombia\/?p=243298"},"modified":"2022-03-13T17:53:06","modified_gmt":"2022-03-13T22:53:06","slug":"fiscalia-general-de-la-nacion-presente-en-la-jornada-electoral-para-garantizar-el-ejercicio-democratico-al-voto","status":"publish","type":"post","link":"https:\/\/www.fiscalia.gov.co\/colombia\/fiscal-general-de-la-nacion\/fiscalia-general-de-la-nacion-presente-en-la-jornada-electoral-para-garantizar-el-ejercicio-democratico-al-voto\/","title":{"rendered":"Fiscal\u00eda General de la Naci\u00f3n presente en la jornada electoral para garantizar el ejercicio democr\u00e1tico al voto"},"content":{"rendered":"<blockquote>\n<h4 style=\"text-align: left;\"><strong><em>20 personas han sido capturadas, dos de ellas por hechos relacionados con el certamen democr\u00e1tico. Asimismo, se han recibido 32 reportes de posibles delitos electorales, a trav\u00e9s la Unidad de Recepci\u00f3n Inmediata para la Transparencia Electoral (URIEL).<\/em><\/strong><\/h4>\n<\/blockquote>\n<p>&nbsp;<\/p>\n<p>Cuatro horas despu\u00e9s de la apertura de las urnas en el pa\u00eds con ocasi\u00f3n de las elecciones legislativas y las consultas interpartidistas, el Puesto de Mando Unificado (PMU), dispuesto por la Fiscal\u00eda General de la Naci\u00f3n y la Polic\u00eda Nacional, ha realizado un monitoreo detallado de los hechos de alteraci\u00f3n al orden p\u00fablico y que representen riesgo para el libre ejercicio al voto.<\/p>\n<p>Los reportes de los grupos de polic\u00eda judicial dan cuenta de cuatro capturas en flagrancia, dos de estas relacionadas con el certamen democr\u00e1tico. Se trata de la detenci\u00f3n de dos hombres que, en la sede de informaci\u00f3n del SENA en Bucaramanga (Santander), estar\u00edan repartiendo publicidad electoral y llevaban sobres con $10.000 en efectivo. Los capturados fueron trasladados a la Unidad de Reacci\u00f3n Inmediata (URI) para realizar los actos previos a la presentaci\u00f3n ante juez de control de garant\u00edas.<\/p>\n<p>De otra parte, se han registrado 16 capturas por otros delitos en Arauca, Santander, San Andr\u00e9s Islas, Bol\u00edvar, Norte de Santander, Cundinamarca, Tolima, Antioquia, Huila, Risaralda, Magdalena y Sucre. Aqu\u00ed son personas que se acercaron a los puestos de votaci\u00f3n y, durante el proceso de verificaci\u00f3n de antecedentes, se constat\u00f3 que ten\u00edan \u00f3rdenes judiciales vigentes en su contra.<\/p>\n<p><strong><u>Denuncias electorales<\/u><\/strong><\/p>\n<p>Durante el d\u00eda, la Fiscal\u00eda ha recibido de la Unidad de Recepci\u00f3n Inmediata para la Transparencia Electoral (URIEL) 32 reportes de posibles delitos electorales, la mayor\u00eda por corrupci\u00f3n al sufragante (15), voto fraudulento (9) y constre\u00f1imiento al sufragante (4). Se hace la valoraci\u00f3n respectiva para disponer los actos de indagaci\u00f3n que correspondan.<\/p>\n<p>Como parte de una labor investigativa que se realiza en la Costa Atl\u00e1ntica por la presunta compra de votos, personal del CTI de la Seccional Bol\u00edvar realiz\u00f3 dos diligencias de registro y allanamiento en el sector de Manga, en Cartagena (Bol\u00edvar); y en Guaranda (Sucre).<\/p>\n<p>En los procedimientos se encontraron cuadernos con planillas que relacionan nombres, documentos de identidad y posibles valores en pesos; adem\u00e1s de talonarios diligenciados, una chequera y otros documentos con porcentajes y datos de jurados de votaci\u00f3n de la regi\u00f3n.<\/p>\n<p>Los elementos encontrados fueron sometidos a control de legalidad ante un juez de control de garant\u00edas. Los actos investigativos contin\u00faan.<\/p>\n<p>En Arauca, la Fiscal\u00eda destac\u00f3 un equipo especializado para seguir las incidencias en zona de frontera. Este grupo est\u00e1 conformado por el director seccional y delegados de nivel nacional, quienes orientan las labores de judicialziaci\u00f3n.<\/p>\n<p><strong><u>Orden P\u00fablico<\/u><\/strong><\/p>\n<p>En el PMU ha procesado informaci\u00f3n relacionada con situaciones de violencia, obstrucciones y acciones terroristas en Meta, Atl\u00e1ntico, Cesar, Magdalena, Nari\u00f1o y Bogot\u00e1.<\/p>\n<p>Los eventos de mayor relevancia han ocurrido son:<\/p>\n<ul>\n<li>En la vereda La Cristalina Lozada, en La Macarena (Meta), fue activado un artefacto explosivo en inmediaciones de un puesto de votaci\u00f3n de la Circunscripci\u00f3n Especial Territorial de Paz. Un gu\u00eda del Ej\u00e9rcito Nacional y su unidad canina murieron.<\/li>\n<li>En la vereda La Novia Celestial, en San Vicente del Cagu\u00e1n (Caquet\u00e1), muri\u00f3 un militar y otro result\u00f3 herido por la detonaci\u00f3n de un explosivo.<\/li>\n<\/ul>\n<p>Finalmente, cuatro personas que estaban reportadas como desaparecidas llegaron a los puestos de votaci\u00f3n y se suscribieron las respectivas actas de supervivencia.<\/p>\n<p><strong>La Fiscal\u00eda habla con resultados<\/strong><\/p>\n<p>JARG\/MRC\/<\/p>\n<div class=\"td-post-content tagdiv-type\">\n<p><em>La informaci\u00f3n contenida en este bolet\u00edn de prensa corresponde a la narraci\u00f3n de los hechos noticiosos objetivos, suministrados por los funcionarios encargados de adelantar las investigaciones penales al interior de la Fiscal\u00eda General de la Naci\u00f3n. Para el momento de la divulgaci\u00f3n de este comunicado, la situaci\u00f3n jur\u00eddica de la(s) persona(s) relacionada(s) se encuentra pendiente de resolver por la autoridad judicial competente, siempre bajo los preceptos de la presunci\u00f3n de inocencia, consagrados en el art\u00edculo 29 de la Constituci\u00f3n Pol\u00edtica y el art\u00edculo 7\u00ba de la Ley 906 de 2004.<\/em><\/p>\n<\/div>\n\n<div class=\"twitter-share\"><a href=\"https:\/\/twitter.com\/intent\/tweet?via=fiscaliacol\" class=\"twitter-share-button\">Tweet<\/a><\/div>\n","protected":false},"excerpt":{"rendered":"<p>20 personas han sido capturadas, dos de ellas por hechos relacionados con el certamen democr\u00e1tico. Asimismo, se han recibido 32 reportes de posibles delitos electorales, a trav\u00e9s la Unidad de [&hellip;]<\/p>\n","protected":false},"author":175,"featured_media":243305,"comment_status":"closed","ping_status":"open","sticky":false,"template":"","format":"video","meta":{"tdm_status":"","tdm_grid_status":"","footnotes":""},"categories":[25128,24096],"tags":[6351,30835,24189,24305],"class_list":["post-243298","post","type-post","status-publish","format-video","has-post-thumbnail","category-el-fiscal-en-los-territorios","category-fiscal-general-de-la-nacion","tag-delitos-electorales","tag-elecciones-2022","tag-fiscal-francisco-barbosa-delgado","tag-fiscal-general-francisco-barbosa","post_format-post-format-video"],"yoast_head":"<!-- This site is optimized with the Yoast SEO plugin v24.3 - https:\/\/yoast.com\/wordpress\/plugins\/seo\/ -->\n<title>Fiscal\u00eda General de la Naci\u00f3n<\/title>\n<meta name=\"description\" content=\"P\u00e1gina oficial de la Fiscal\u00eda General de la Naci\u00f3n \u2013 Colombia. Garantizamos el acceso efectivo a la justicia, la verdad y la reparaci\u00f3n de las v\u00edctimas de los delitos.\" \/>\n<meta name=\"robots\" content=\"noindex, follow\" \/>\n<meta property=\"og:locale\" content=\"es_ES\" \/>\n<meta property=\"og:type\" content=\"article\" \/>\n<meta property=\"og:title\" content=\"Fiscal\u00eda General de la Naci\u00f3n\" \/>\n<meta property=\"og:description\" content=\"P\u00e1gina oficial de la Fiscal\u00eda General de la Naci\u00f3n \u2013 Colombia. Garantizamos el acceso efectivo a la justicia, la verdad y la reparaci\u00f3n de las v\u00edctimas de los delitos.\" \/>\n<meta property=\"og:url\" content=\"https:\/\/www.fiscalia.gov.co\/colombia\/fiscal-general-de-la-nacion\/fiscalia-general-de-la-nacion-presente-en-la-jornada-electoral-para-garantizar-el-ejercicio-democratico-al-voto\/\" \/>\n<meta property=\"og:site_name\" content=\"Fiscal\u00eda General de la Naci\u00f3n\" \/>\n<meta property=\"article:publisher\" content=\"https:\/\/www.facebook.com\/FiscaliaCol\" \/>\n<meta property=\"article:published_time\" content=\"2022-03-13T18:01:32+00:00\" \/>\n<meta property=\"article:modified_time\" content=\"2022-03-13T22:53:06+00:00\" \/>\n<meta property=\"og:image\" content=\"https:\/\/www.fiscalia.gov.co\/colombia\/wp-content\/uploads\/maxresdefault-371.jpg\" \/>\n\t<meta property=\"og:image:width\" content=\"1280\" \/>\n\t<meta property=\"og:image:height\" content=\"720\" \/>\n\t<meta property=\"og:image:type\" content=\"image\/jpeg\" \/>\n<meta name=\"author\" content=\"Katherine Loaiza Mart\u00ednez\" \/>\n<meta name=\"twitter:card\" content=\"summary_large_image\" \/>\n<meta name=\"twitter:creator\" content=\"@FiscaliaCol\" \/>\n<meta name=\"twitter:site\" content=\"@FiscaliaCol\" \/>\n<meta name=\"twitter:label1\" content=\"Escrito por\" \/>\n\t<meta name=\"twitter:data1\" content=\"Katherine Loaiza Mart\u00ednez\" \/>\n\t<meta name=\"twitter:label2\" content=\"Tiempo de lectura\" \/>\n\t<meta name=\"twitter:data2\" content=\"4 minutos\" \/>\n<script type=\"application\/ld+json\" class=\"yoast-schema-graph\">{\"@context\":\"https:\/\/schema.org\",\"@graph\":[{\"@type\":\"Article\",\"@id\":\"https:\/\/www.fiscalia.gov.co\/colombia\/fiscal-general-de-la-nacion\/fiscalia-general-de-la-nacion-presente-en-la-jornada-electoral-para-garantizar-el-ejercicio-democratico-al-voto\/#article\",\"isPartOf\":{\"@id\":\"https:\/\/www.fiscalia.gov.co\/colombia\/fiscal-general-de-la-nacion\/fiscalia-general-de-la-nacion-presente-en-la-jornada-electoral-para-garantizar-el-ejercicio-democratico-al-voto\/\"},\"author\":{\"name\":\"Katherine Loaiza Mart\u00ednez\",\"@id\":\"https:\/\/www.fiscalia.gov.co\/colombia\/#\/schema\/person\/2e76b9aba5ecf875ed565ce4de0e0415\"},\"headline\":\"Fiscal\u00eda General de la Naci\u00f3n presente en la jornada electoral para garantizar el ejercicio democr\u00e1tico al voto\",\"datePublished\":\"2022-03-13T18:01:32+00:00\",\"dateModified\":\"2022-03-13T22:53:06+00:00\",\"mainEntityOfPage\":{\"@id\":\"https:\/\/www.fiscalia.gov.co\/colombia\/fiscal-general-de-la-nacion\/fiscalia-general-de-la-nacion-presente-en-la-jornada-electoral-para-garantizar-el-ejercicio-democratico-al-voto\/\"},\"wordCount\":724,\"publisher\":{\"@id\":\"https:\/\/www.fiscalia.gov.co\/colombia\/#organization\"},\"image\":{\"@id\":\"https:\/\/www.fiscalia.gov.co\/colombia\/fiscal-general-de-la-nacion\/fiscalia-general-de-la-nacion-presente-en-la-jornada-electoral-para-garantizar-el-ejercicio-democratico-al-voto\/#primaryimage\"},\"thumbnailUrl\":\"https:\/\/www.fiscalia.gov.co\/colombia\/wp-content\/uploads\/maxresdefault-371.jpg\",\"keywords\":[\"Delitos electorales\",\"Elecciones 2022\",\"Fiscal Francisco Barbosa Delgado\",\"Fiscal General Francisco Barbosa\"],\"articleSection\":[\"El Fiscal en los territorios\",\"Fiscal General de la Naci\u00f3n\"],\"inLanguage\":\"es-CO\"},{\"@type\":\"WebPage\",\"@id\":\"https:\/\/www.fiscalia.gov.co\/colombia\/fiscal-general-de-la-nacion\/fiscalia-general-de-la-nacion-presente-en-la-jornada-electoral-para-garantizar-el-ejercicio-democratico-al-voto\/\",\"url\":\"https:\/\/www.fiscalia.gov.co\/colombia\/fiscal-general-de-la-nacion\/fiscalia-general-de-la-nacion-presente-en-la-jornada-electoral-para-garantizar-el-ejercicio-democratico-al-voto\/\",\"name\":\"Fiscal\u00eda General de la Naci\u00f3n\",\"isPartOf\":{\"@id\":\"https:\/\/www.fiscalia.gov.co\/colombia\/#website\"},\"primaryImageOfPage\":{\"@id\":\"https:\/\/www.fiscalia.gov.co\/colombia\/fiscal-general-de-la-nacion\/fiscalia-general-de-la-nacion-presente-en-la-jornada-electoral-para-garantizar-el-ejercicio-democratico-al-voto\/#primaryimage\"},\"image\":{\"@id\":\"https:\/\/www.fiscalia.gov.co\/colombia\/fiscal-general-de-la-nacion\/fiscalia-general-de-la-nacion-presente-en-la-jornada-electoral-para-garantizar-el-ejercicio-democratico-al-voto\/#primaryimage\"},\"thumbnailUrl\":\"https:\/\/www.fiscalia.gov.co\/colombia\/wp-content\/uploads\/maxresdefault-371.jpg\",\"datePublished\":\"2022-03-13T18:01:32+00:00\",\"dateModified\":\"2022-03-13T22:53:06+00:00\",\"description\":\"P\u00e1gina oficial de la Fiscal\u00eda General de la Naci\u00f3n \u2013 Colombia. Garantizamos el acceso efectivo a la justicia, la verdad y la reparaci\u00f3n de las v\u00edctimas de los delitos.\",\"breadcrumb\":{\"@id\":\"https:\/\/www.fiscalia.gov.co\/colombia\/fiscal-general-de-la-nacion\/fiscalia-general-de-la-nacion-presente-en-la-jornada-electoral-para-garantizar-el-ejercicio-democratico-al-voto\/#breadcrumb\"},\"inLanguage\":\"es-CO\",\"potentialAction\":[{\"@type\":\"ReadAction\",\"target\":[\"https:\/\/www.fiscalia.gov.co\/colombia\/fiscal-general-de-la-nacion\/fiscalia-general-de-la-nacion-presente-en-la-jornada-electoral-para-garantizar-el-ejercicio-democratico-al-voto\/\"]}]},{\"@type\":\"ImageObject\",\"inLanguage\":\"es-CO\",\"@id\":\"https:\/\/www.fiscalia.gov.co\/colombia\/fiscal-general-de-la-nacion\/fiscalia-general-de-la-nacion-presente-en-la-jornada-electoral-para-garantizar-el-ejercicio-democratico-al-voto\/#primaryimage\",\"url\":\"https:\/\/www.fiscalia.gov.co\/colombia\/wp-content\/uploads\/maxresdefault-371.jpg\",\"contentUrl\":\"https:\/\/www.fiscalia.gov.co\/colombia\/wp-content\/uploads\/maxresdefault-371.jpg\",\"width\":1280,\"height\":720},{\"@type\":\"BreadcrumbList\",\"@id\":\"https:\/\/www.fiscalia.gov.co\/colombia\/fiscal-general-de-la-nacion\/fiscalia-general-de-la-nacion-presente-en-la-jornada-electoral-para-garantizar-el-ejercicio-democratico-al-voto\/#breadcrumb\",\"itemListElement\":[{\"@type\":\"ListItem\",\"position\":1,\"name\":\"Home\",\"item\":\"https:\/\/www.fiscalia.gov.co\/colombia\/\"},{\"@type\":\"ListItem\",\"position\":2,\"name\":\"Fiscal\u00eda General de la Naci\u00f3n presente en la jornada electoral para garantizar el ejercicio democr\u00e1tico al voto\"}]},{\"@type\":\"WebSite\",\"@id\":\"https:\/\/www.fiscalia.gov.co\/colombia\/#website\",\"url\":\"https:\/\/www.fiscalia.gov.co\/colombia\/\",\"name\":\"Fiscal\u00eda General de la Naci\u00f3n\",\"description\":\"P\u00e1gina oficial de la Fiscal\u00eda General de la Naci\u00f3n \u2013 Colombia. Garantizamos el acceso efectivo a la justicia, la verdad y la reparaci\u00f3n de las v\u00edctimas de los delitos.\",\"publisher\":{\"@id\":\"https:\/\/www.fiscalia.gov.co\/colombia\/#organization\"},\"potentialAction\":[{\"@type\":\"SearchAction\",\"target\":{\"@type\":\"EntryPoint\",\"urlTemplate\":\"https:\/\/www.fiscalia.gov.co\/colombia\/?s={search_term_string}\"},\"query-input\":{\"@type\":\"PropertyValueSpecification\",\"valueRequired\":true,\"valueName\":\"search_term_string\"}}],\"inLanguage\":\"es-CO\"},{\"@type\":\"Organization\",\"@id\":\"https:\/\/www.fiscalia.gov.co\/colombia\/#organization\",\"name\":\"Fiscal\u00eda General de la Naci\u00f3n\",\"url\":\"https:\/\/www.fiscalia.gov.co\/colombia\/\",\"logo\":{\"@type\":\"ImageObject\",\"inLanguage\":\"es-CO\",\"@id\":\"https:\/\/www.fiscalia.gov.co\/colombia\/#\/schema\/logo\/image\/\",\"url\":\"https:\/\/www.fiscalia.gov.co\/colombia\/wp-content\/uploads\/LogoHorizontal_1.jpg\",\"contentUrl\":\"https:\/\/www.fiscalia.gov.co\/colombia\/wp-content\/uploads\/LogoHorizontal_1.jpg\",\"width\":300,\"height\":90,\"caption\":\"Fiscal\u00eda General de la Naci\u00f3n\"},\"image\":{\"@id\":\"https:\/\/www.fiscalia.gov.co\/colombia\/#\/schema\/logo\/image\/\"},\"sameAs\":[\"https:\/\/www.facebook.com\/FiscaliaCol\",\"https:\/\/x.com\/FiscaliaCol\",\"https:\/\/www.instagram.com\/fiscaliacol\",\"https:\/\/www.linkedin.com\/company\/fiscalia-general-de-la-naci-n\/\",\"https:\/\/youtube.com\/@fiscaliageneraldelanacion-4668?si=6nN79nyQICPU5iTh\"]},{\"@type\":\"Person\",\"@id\":\"https:\/\/www.fiscalia.gov.co\/colombia\/#\/schema\/person\/2e76b9aba5ecf875ed565ce4de0e0415\",\"name\":\"Katherine Loaiza Mart\u00ednez\",\"image\":{\"@type\":\"ImageObject\",\"inLanguage\":\"es-CO\",\"@id\":\"https:\/\/www.fiscalia.gov.co\/colombia\/#\/schema\/person\/image\/\",\"url\":\"https:\/\/secure.gravatar.com\/avatar\/ab775a2f394c1b83b6d6f78680e57b50?s=96&d=mm&r=g\",\"contentUrl\":\"https:\/\/secure.gravatar.com\/avatar\/ab775a2f394c1b83b6d6f78680e57b50?s=96&d=mm&r=g\",\"caption\":\"Katherine Loaiza Mart\u00ednez\"},\"url\":\"https:\/\/www.fiscalia.gov.co\/colombia\/author\/kloaiza\/\"}]}<\/script>\n<!-- \/ Yoast SEO plugin. -->","yoast_head_json":{"title":"Fiscal\u00eda General de la Naci\u00f3n","description":"P\u00e1gina oficial de la Fiscal\u00eda General de la Naci\u00f3n \u2013 Colombia. Garantizamos el acceso efectivo a la justicia, la verdad y la reparaci\u00f3n de las v\u00edctimas de los delitos.","robots":{"index":"noindex","follow":"follow"},"og_locale":"es_ES","og_type":"article","og_title":"Fiscal\u00eda General de la Naci\u00f3n","og_description":"P\u00e1gina oficial de la Fiscal\u00eda General de la Naci\u00f3n \u2013 Colombia. Garantizamos el acceso efectivo a la justicia, la verdad y la reparaci\u00f3n de las v\u00edctimas de los delitos.","og_url":"https:\/\/www.fiscalia.gov.co\/colombia\/fiscal-general-de-la-nacion\/fiscalia-general-de-la-nacion-presente-en-la-jornada-electoral-para-garantizar-el-ejercicio-democratico-al-voto\/","og_site_name":"Fiscal\u00eda General de la Naci\u00f3n","article_publisher":"https:\/\/www.facebook.com\/FiscaliaCol","article_published_time":"2022-03-13T18:01:32+00:00","article_modified_time":"2022-03-13T22:53:06+00:00","og_image":[{"width":1280,"height":720,"url":"https:\/\/www.fiscalia.gov.co\/colombia\/wp-content\/uploads\/maxresdefault-371.jpg","type":"image\/jpeg"}],"author":"Katherine Loaiza Mart\u00ednez","twitter_card":"summary_large_image","twitter_creator":"@FiscaliaCol","twitter_site":"@FiscaliaCol","twitter_misc":{"Escrito por":"Katherine Loaiza Mart\u00ednez","Tiempo de lectura":"4 minutos"},"schema":{"@context":"https:\/\/schema.org","@graph":[{"@type":"Article","@id":"https:\/\/www.fiscalia.gov.co\/colombia\/fiscal-general-de-la-nacion\/fiscalia-general-de-la-nacion-presente-en-la-jornada-electoral-para-garantizar-el-ejercicio-democratico-al-voto\/#article","isPartOf":{"@id":"https:\/\/www.fiscalia.gov.co\/colombia\/fiscal-general-de-la-nacion\/fiscalia-general-de-la-nacion-presente-en-la-jornada-electoral-para-garantizar-el-ejercicio-democratico-al-voto\/"},"author":{"name":"Katherine Loaiza Mart\u00ednez","@id":"https:\/\/www.fiscalia.gov.co\/colombia\/#\/schema\/person\/2e76b9aba5ecf875ed565ce4de0e0415"},"headline":"Fiscal\u00eda General de la Naci\u00f3n presente en la jornada electoral para garantizar el ejercicio democr\u00e1tico al voto","datePublished":"2022-03-13T18:01:32+00:00","dateModified":"2022-03-13T22:53:06+00:00","mainEntityOfPage":{"@id":"https:\/\/www.fiscalia.gov.co\/colombia\/fiscal-general-de-la-nacion\/fiscalia-general-de-la-nacion-presente-en-la-jornada-electoral-para-garantizar-el-ejercicio-democratico-al-voto\/"},"wordCount":724,"publisher":{"@id":"https:\/\/www.fiscalia.gov.co\/colombia\/#organization"},"image":{"@id":"https:\/\/www.fiscalia.gov.co\/colombia\/fiscal-general-de-la-nacion\/fiscalia-general-de-la-nacion-presente-en-la-jornada-electoral-para-garantizar-el-ejercicio-democratico-al-voto\/#primaryimage"},"thumbnailUrl":"https:\/\/www.fiscalia.gov.co\/colombia\/wp-content\/uploads\/maxresdefault-371.jpg","keywords":["Delitos electorales","Elecciones 2022","Fiscal Francisco Barbosa Delgado","Fiscal General Francisco Barbosa"],"articleSection":["El Fiscal en los territorios","Fiscal General de la Naci\u00f3n"],"inLanguage":"es-CO"},{"@type":"WebPage","@id":"https:\/\/www.fiscalia.gov.co\/colombia\/fiscal-general-de-la-nacion\/fiscalia-general-de-la-nacion-presente-en-la-jornada-electoral-para-garantizar-el-ejercicio-democratico-al-voto\/","url":"https:\/\/www.fiscalia.gov.co\/colombia\/fiscal-general-de-la-nacion\/fiscalia-general-de-la-nacion-presente-en-la-jornada-electoral-para-garantizar-el-ejercicio-democratico-al-voto\/","name":"Fiscal\u00eda General de la Naci\u00f3n","isPartOf":{"@id":"https:\/\/www.fiscalia.gov.co\/colombia\/#website"},"primaryImageOfPage":{"@id":"https:\/\/www.fiscalia.gov.co\/colombia\/fiscal-general-de-la-nacion\/fiscalia-general-de-la-nacion-presente-en-la-jornada-electoral-para-garantizar-el-ejercicio-democratico-al-voto\/#primaryimage"},"image":{"@id":"https:\/\/www.fiscalia.gov.co\/colombia\/fiscal-general-de-la-nacion\/fiscalia-general-de-la-nacion-presente-en-la-jornada-electoral-para-garantizar-el-ejercicio-democratico-al-voto\/#primaryimage"},"thumbnailUrl":"https:\/\/www.fiscalia.gov.co\/colombia\/wp-content\/uploads\/maxresdefault-371.jpg","datePublished":"2022-03-13T18:01:32+00:00","dateModified":"2022-03-13T22:53:06+00:00","description":"P\u00e1gina oficial de la Fiscal\u00eda General de la Naci\u00f3n \u2013 Colombia. Garantizamos el acceso efectivo a la justicia, la verdad y la reparaci\u00f3n de las v\u00edctimas de los delitos.","breadcrumb":{"@id":"https:\/\/www.fiscalia.gov.co\/colombia\/fiscal-general-de-la-nacion\/fiscalia-general-de-la-nacion-presente-en-la-jornada-electoral-para-garantizar-el-ejercicio-democratico-al-voto\/#breadcrumb"},"inLanguage":"es-CO","potentialAction":[{"@type":"ReadAction","target":["https:\/\/www.fiscalia.gov.co\/colombia\/fiscal-general-de-la-nacion\/fiscalia-general-de-la-nacion-presente-en-la-jornada-electoral-para-garantizar-el-ejercicio-democratico-al-voto\/"]}]},{"@type":"ImageObject","inLanguage":"es-CO","@id":"https:\/\/www.fiscalia.gov.co\/colombia\/fiscal-general-de-la-nacion\/fiscalia-general-de-la-nacion-presente-en-la-jornada-electoral-para-garantizar-el-ejercicio-democratico-al-voto\/#primaryimage","url":"https:\/\/www.fiscalia.gov.co\/colombia\/wp-content\/uploads\/maxresdefault-371.jpg","contentUrl":"https:\/\/www.fiscalia.gov.co\/colombia\/wp-content\/uploads\/maxresdefault-371.jpg","width":1280,"height":720},{"@type":"BreadcrumbList","@id":"https:\/\/www.fiscalia.gov.co\/colombia\/fiscal-general-de-la-nacion\/fiscalia-general-de-la-nacion-presente-en-la-jornada-electoral-para-garantizar-el-ejercicio-democratico-al-voto\/#breadcrumb","itemListElement":[{"@type":"ListItem","position":1,"name":"Home","item":"https:\/\/www.fiscalia.gov.co\/colombia\/"},{"@type":"ListItem","position":2,"name":"Fiscal\u00eda General de la Naci\u00f3n presente en la jornada electoral para garantizar el ejercicio democr\u00e1tico al voto"}]},{"@type":"WebSite","@id":"https:\/\/www.fiscalia.gov.co\/colombia\/#website","url":"https:\/\/www.fiscalia.gov.co\/colombia\/","name":"Fiscal\u00eda General de la Naci\u00f3n","description":"P\u00e1gina oficial de la Fiscal\u00eda General de la Naci\u00f3n \u2013 Colombia. Garantizamos el acceso efectivo a la justicia, la verdad y la reparaci\u00f3n de las v\u00edctimas de los delitos.","publisher":{"@id":"https:\/\/www.fiscalia.gov.co\/colombia\/#organization"},"potentialAction":[{"@type":"SearchAction","target":{"@type":"EntryPoint","urlTemplate":"https:\/\/www.fiscalia.gov.co\/colombia\/?s={search_term_string}"},"query-input":{"@type":"PropertyValueSpecification","valueRequired":true,"valueName":"search_term_string"}}],"inLanguage":"es-CO"},{"@type":"Organization","@id":"https:\/\/www.fiscalia.gov.co\/colombia\/#organization","name":"Fiscal\u00eda General de la Naci\u00f3n","url":"https:\/\/www.fiscalia.gov.co\/colombia\/","logo":{"@type":"ImageObject","inLanguage":"es-CO","@id":"https:\/\/www.fiscalia.gov.co\/colombia\/#\/schema\/logo\/image\/","url":"https:\/\/www.fiscalia.gov.co\/colombia\/wp-content\/uploads\/LogoHorizontal_1.jpg","contentUrl":"https:\/\/www.fiscalia.gov.co\/colombia\/wp-content\/uploads\/LogoHorizontal_1.jpg","width":300,"height":90,"caption":"Fiscal\u00eda General de la Naci\u00f3n"},"image":{"@id":"https:\/\/www.fiscalia.gov.co\/colombia\/#\/schema\/logo\/image\/"},"sameAs":["https:\/\/www.facebook.com\/FiscaliaCol","https:\/\/x.com\/FiscaliaCol","https:\/\/www.instagram.com\/fiscaliacol","https:\/\/www.linkedin.com\/company\/fiscalia-general-de-la-naci-n\/","https:\/\/youtube.com\/@fiscaliageneraldelanacion-4668?si=6nN79nyQICPU5iTh"]},{"@type":"Person","@id":"https:\/\/www.fiscalia.gov.co\/colombia\/#\/schema\/person\/2e76b9aba5ecf875ed565ce4de0e0415","name":"Katherine Loaiza Mart\u00ednez","image":{"@type":"ImageObject","inLanguage":"es-CO","@id":"https:\/\/www.fiscalia.gov.co\/colombia\/#\/schema\/person\/image\/","url":"https:\/\/secure.gravatar.com\/avatar\/ab775a2f394c1b83b6d6f78680e57b50?s=96&d=mm&r=g","contentUrl":"https:\/\/secure.gravatar.com\/avatar\/ab775a2f394c1b83b6d6f78680e57b50?s=96&d=mm&r=g","caption":"Katherine Loaiza Mart\u00ednez"},"url":"https:\/\/www.fiscalia.gov.co\/colombia\/author\/kloaiza\/"}]}},"_links":{"self":[{"href":"https:\/\/www.fiscalia.gov.co\/colombia\/wp-json\/wp\/v2\/posts\/243298","targetHints":{"allow":["GET"]}}],"collection":[{"href":"https:\/\/www.fiscalia.gov.co\/colombia\/wp-json\/wp\/v2\/posts"}],"about":[{"href":"https:\/\/www.fiscalia.gov.co\/colombia\/wp-json\/wp\/v2\/types\/post"}],"author":[{"embeddable":true,"href":"https:\/\/www.fiscalia.gov.co\/colombia\/wp-json\/wp\/v2\/users\/175"}],"replies":[{"embeddable":true,"href":"https:\/\/www.fiscalia.gov.co\/colombia\/wp-json\/wp\/v2\/comments?post=243298"}],"version-history":[{"count":2,"href":"https:\/\/www.fiscalia.gov.co\/colombia\/wp-json\/wp\/v2\/posts\/243298\/revisions"}],"predecessor-version":[{"id":243300,"href":"https:\/\/www.fiscalia.gov.co\/colombia\/wp-json\/wp\/v2\/posts\/243298\/revisions\/243300"}],"wp:featuredmedia":[{"embeddable":true,"href":"https:\/\/www.fiscalia.gov.co\/colombia\/wp-json\/wp\/v2\/media\/243305"}],"wp:attachment":[{"href":"https:\/\/www.fiscalia.gov.co\/colombia\/wp-json\/wp\/v2\/media?parent=243298"}],"wp:term":[{"taxonomy":"category","embeddable":true,"href":"https:\/\/www.fiscalia.gov.co\/colombia\/wp-json\/wp\/v2\/categories?post=243298"},{"taxonomy":"post_tag","embeddable":true,"href":"https:\/\/www.fiscalia.gov.co\/colombia\/wp-json\/wp\/v2\/tags?post=243298"}],"curies":[{"name":"wp","href":"https:\/\/api.w.org\/{rel}","templated":true}]}}