{"id":242994,"date":"2022-03-09T17:42:59","date_gmt":"2022-03-09T22:42:59","guid":{"rendered":"https:\/\/www.fiscalia.gov.co\/colombia\/?p=242994"},"modified":"2022-03-10T09:39:52","modified_gmt":"2022-03-10T14:39:52","slug":"con-presencia-en-los-territorios-y-nuevas-metodologias-investigativas-fiscal-general-de-la-nacion-francisco-barbosa-delgado-entrega-destacado-balance-de-su-segundo-ano-de-gestion","status":"publish","type":"post","link":"https:\/\/www.fiscalia.gov.co\/colombia\/noticias\/con-presencia-en-los-territorios-y-nuevas-metodologias-investigativas-fiscal-general-de-la-nacion-francisco-barbosa-delgado-entrega-destacado-balance-de-su-segundo-ano-de-gestion\/","title":{"rendered":"Con presencia en los territorios y nuevas metodolog\u00edas investigativas, Fiscal General de la Naci\u00f3n, Francisco Barbosa Delgado, entrega destacado balance de su segundo a\u00f1o de gesti\u00f3n"},"content":{"rendered":"<ul>\n<li>\n<h4><strong><em>En feminicidios y homicidios colectivos se logr\u00f3 un avance de esclarecimiento superior al 85%.<\/em><\/strong><\/h4>\n<\/li>\n<\/ul>\n<ul>\n<li>\n<h4><strong><em>287 cabecillas y objetivos estrat\u00e9gicos de la criminalidad organizada fueron judicializados.<\/em><\/strong><\/h4>\n<\/li>\n<\/ul>\n<ul>\n<li>\n<h4><strong><em>La puesta en marcha de nuevos modelos investigativos permiti\u00f3 esclarecer con rapidez homicidios como el de Mauricio Leal y su se\u00f1ora madre; y los atentados terroristas contra la Brigada 30 del Ej\u00e9rcito Nacional y el helic\u00f3ptero presidencial.<\/em><\/strong><\/h4>\n<\/li>\n<\/ul>\n<p>Con importantes avances de esclarecimiento en los delitos que m\u00e1s afectan a la ciudadan\u00eda, nuevas estrategias investigativas y la consolidaci\u00f3n de acciones en los territorios, el Fiscal General de la Naci\u00f3n, Francisco Barbosa Delgado, rindi\u00f3 cuentas de su segundo a\u00f1o de gesti\u00f3n en la entidad.<\/p>\n<p>\u201cEsta Fiscal\u00eda lo que ha hecho y lo que ha puesto sobre la mesa en el pa\u00eds son dos grandes cosas: la primera que tiene que ver con que volvimos a Colombia mucho m\u00e1s grande de lo que es (\u2026) hemos llegado a todos los lugares del territorio nacional, nos hemos trasladado bajo la idea de que si la delincuencia se mueve, nosotros como Fiscal\u00eda General de la Naci\u00f3n nos tenemos que mover, sab\u00edamos de antemano que era importante llegar a los territorios, que la verdadera paz en Colombia, m\u00e1s all\u00e1 de cualquier consideraci\u00f3n era tener que llevar el estado a los territorios\u201d asegur\u00f3 el doctor Barbosa.<\/p>\n<iframe loading=\"lazy\"  id=\"_ytid_42240\"  width=\"696\" height=\"392\"  data-origwidth=\"696\" data-origheight=\"392\" src=\"https:\/\/www.youtube.com\/embed\/0Wmu6eYZbSw?enablejsapi=1&autoplay=0&cc_load_policy=0&cc_lang_pref=&iv_load_policy=1&loop=0&modestbranding=0&rel=1&fs=1&playsinline=0&autohide=2&theme=dark&color=red&controls=1&\" class=\"__youtube_prefs__  no-lazyload\" title=\"YouTube player\"  allow=\"fullscreen; accelerometer; autoplay; clipboard-write; encrypted-media; gyroscope; picture-in-picture\" allowfullscreen data-no-lazy=\"1\" data-skipgform_ajax_framebjll=\"\"><\/iframe>\n<p>Este accionar investigativo es producto de tres principios rectores que, desde febrero de 2020, han centrado el trabajo de la entidad: itinerancia, concentraci\u00f3n investigativa y articulaci\u00f3n.<\/p>\n<p>\u201cHacer un trabajo de fortalecimiento metodol\u00f3gico dentro de cada una de esas din\u00e1micas crim\u00ednales para romper las rutas regionales de criminalidad, los delincuentes no piensan en t\u00e9rminos de mapa pol\u00edtico ellos act\u00faan geogr\u00e1ficamente en el pa\u00eds (\u2026) eso es lo que permite comprender que muchas organizaciones delincuenciales operan en 5, 6, 7, 8, 10, departamentos en este pa\u00eds y nosotros no podemos pensar en t\u00e9rminos departamentales o seccionales para combatir la criminalidad\u201d, reiter\u00f3 el Fiscal Francisco Barbosa.<\/p>\n<iframe loading=\"lazy\"  id=\"_ytid_61099\"  width=\"696\" height=\"392\"  data-origwidth=\"696\" data-origheight=\"392\" src=\"https:\/\/www.youtube.com\/embed\/2Py3B1uDh4Y?enablejsapi=1&autoplay=0&cc_load_policy=0&cc_lang_pref=&iv_load_policy=1&loop=0&modestbranding=0&rel=1&fs=1&playsinline=0&autohide=2&theme=dark&color=red&controls=1&\" class=\"__youtube_prefs__  no-lazyload\" title=\"YouTube player\"  allow=\"fullscreen; accelerometer; autoplay; clipboard-write; encrypted-media; gyroscope; picture-in-picture\" allowfullscreen data-no-lazy=\"1\" data-skipgform_ajax_framebjll=\"\"><\/iframe>\n<p>En ese sentido, hay 17 ejes de acci\u00f3n en los que se obtuvieron resultados destacados durante el \u00faltimo a\u00f1o, estos son:<strong>\u00a0\u00a0\u00a0\u00a0\u00a0\u00a0\u00a0 <\/strong><\/p>\n<ol>\n<li><strong>Homicidios colectivos. <\/strong>Entre febrero de 2021 y febrero de 2022, se alcanz\u00f3 una tasa de avance de esclarecimiento de homicidios de cuatro o m\u00e1s v\u00edctimas de 84,90%. Antes de la llegada del Fiscal Barbosa Delgado, este promedio se ubicaba en 57.63%.<\/li>\n<li><strong>Homicidios de defensores de derechos humanos. <\/strong>Con relaci\u00f3n a los cr\u00edmenes puestos en conocimiento por las Naciones Unidad, entre 2016 y enero de 2021, se ha logrado un avance de esclarecimiento de 68,82%. Esta cifra estaba en 52,56%, antes de febrero de 2020.<\/li>\n<li><strong>Homicidios y desaparici\u00f3n forzada de reincorporados y sus familiares.<\/strong> Entre el 13 de febrero de 2021 y el 12 de febrero de 2022, se obtuvo un avance de esclarecimiento de 58,91%. Esta tasa ascend\u00eda a 46,46% en febrero de 2020.<\/li>\n<li><strong>Homicidios dolosos.<\/strong> Durante el \u00faltimo a\u00f1o de gesti\u00f3n se avanz\u00f3 en el esclarecimiento del 36,3% de los asesinatos registrados en el pa\u00eds. En febrero de 2020, se hab\u00eda alcanzado el 27.72%.<\/li>\n<li>Entre el 13 de febrero de 2021 y el 12 de febrero de 2022, se logr\u00f3 un avance de esclarecimiento de 95,96%. 27 direcciones seccionales alcanzaron un avance de 100%.<\/li>\n<li><strong>Acciones durante Paro Nacional.<\/strong> En la investigaci\u00f3n de los homicidios ocurridos con ocasi\u00f3n de las protestas violentas, se tiene un avance de esclarecimiento del 58,62%. Para esto se dispuso de un equipo conformado por fiscales destacados, con presencia en todo el territorio nacional, acompa\u00f1ados de investigadores expertos en m\u00faltiples disciplinas.<\/li>\n<\/ol>\n<p>El Mecanismo de B\u00fasqueda Urgente (MBU) se activ\u00f3 con relaci\u00f3n a 627 reportes de personas no ubicadas. Las labores de la Fiscal\u00eda permitieron localizar 418 e inadmitir 192 por duplicidad, ausencia voluntaria y otras conductas.<\/p>\n<p>Asimismo, se priorizaron 29 investigaciones por delitos en los que habr\u00edan incurrido integrantes de la fuerza p\u00fablica durante las movilizaciones. En este aspecto, se avanz\u00f3 en el esclarecimiento de 12 procesos (41,4%). De otra parte, fueron identificados 17 hechos violentos en los que tuvieron directa participaci\u00f3n las estructuras de crimen organizado. 14 procesos est\u00e1n en indagaci\u00f3n y tres m\u00e1s en investigaci\u00f3n, con 55 personas vinculadas.<\/p>\n<ol start=\"7\">\n<li><strong>Lucha contra la criminalidad organizada. <\/strong>Entre febrero de 2021 y febrero de 2022, fueron capturados 1.999 integrantes de organizaciones como el \u2018Clan del Golfo\u2019, ELN, disidencias de las FARC, \u2018Los Caparros\u2019, \u2018Los Pelusos\u2019 y otras estructuras. A estos grupos ilegales les fueron judicializados 287 cabecillas y objetivos estrat\u00e9gicos.<\/li>\n<li><strong>Narcotr\u00e1fico.<\/strong> En el \u00faltimo a\u00f1o fueron impactadas 1.795 estructuras narcotraficantes, incautadas 497 toneladas de estupefacientes (24 toneladas de base de coca, 282 toneladas de clorhidrato de coca\u00edna y 191 toneladas de marihuana), y destruidos 648 laboratorios.<\/li>\n<li><strong>Corrupci\u00f3n. <\/strong>Las acciones investigativas contras la corrupci\u00f3n fueron priorizadas. En ese sentido, entre el 13 de febrero de 2021 y el 12 de febrero de 2022, se realizaron 1.975 imputaciones y escritos de acusaci\u00f3n, y se obtuvieron 502 condenas.<\/li>\n<\/ol>\n<p>En dos a\u00f1os de gesti\u00f3n del Fiscal General de la Naci\u00f3n, se han realizado 4.095 imputaciones y escritos de acusaci\u00f3n, y obtenido 982 condenas.<\/p>\n<ol start=\"10\">\n<li><strong>Justicia transicional:<\/strong> En el \u00faltimo a\u00f1o, la Direcci\u00f3n de Justicia Transicional realiz\u00f3 solicitudes de imputaci\u00f3n por 27.171 hechos delictivos que se le atribuyen a estructuras paramilitares desmovilizadas con la Ley de Justicia y Paz. En dos a\u00f1os de gesti\u00f3n del Fiscal General de la Naci\u00f3n, Francisco Barbosa Delgado, se han solicitado m\u00e1s de 54.000 imputaciones.<\/li>\n<\/ol>\n<p>Durante esta administraci\u00f3n, han sido entregados al Fondo de Reparaci\u00f3n de V\u00edctimas bienes avaluados en m\u00e1s de 426 mil millones de pesos. Esto representa 86% de todo lo que se puso a disposici\u00f3n del Fondo entre 2016 \u2013 2019.<\/p>\n<p>En lo relacionado a diligencias de exhumaci\u00f3n, se han efectuado 943 diligencias a nivel nacional y se han entregado dignamente a sus familiares 499 cuerpos.<\/p>\n<p>Asimismo, se han llevado a cabo 53 jornadas de atenci\u00f3n a v\u00edctimas, con m\u00e1s de 6.000 personas atendidas.<\/p>\n<ol start=\"11\">\n<li><strong>Deforestaci\u00f3n. <\/strong>Las labores de la Fiscal\u00eda contra los responsables de arrasar selva y bosque nativo en el pa\u00eds, permitieron realizar 42 procedimiento y judicializar a 139 personas durante el \u00faltimo a\u00f1o, 31 m\u00e1s que el periodo anterior.<\/li>\n<li><strong>Explotaci\u00f3n ilegal de yacimientos mineros.<\/strong> En 62 operativos fueron capturadas 119 personas e incautados 170 elementos, entre maquinar\u00eda, veh\u00edculos y otros bienes asociados a esta actividad il\u00edcita.<\/li>\n<li><strong>Maltrato animal. <\/strong>Durante la administraci\u00f3n del Fiscal Barbosa Delgado se han obtenido 72 condenas y realizado 222 imputaciones por el delito de maltrato animal, 149 de estas corresponden al \u00faltimo a\u00f1o.<\/li>\n<li><strong>Extinci\u00f3n de dominio.<\/strong> En los \u00faltimos dos a\u00f1os se han impuesto medidas cautelares sobre 373 bienes, cuyo aval\u00fao supera los 22 billones de pesos.<\/li>\n<li><strong>Lavado de activos. <\/strong>En dos a\u00f1os se han imputado 363 personas y realizado incautaciones con fines por $15.590\u2019179.412.<\/li>\n<li><strong>Gesti\u00f3n internacional.<\/strong> La Fiscal\u00eda lider\u00f3 la articulaci\u00f3n regional con diferentes fiscal\u00edas y procuradur\u00edas de otros pa\u00edses para combatir los delitos que m\u00e1s afectan al continente como el tr\u00e1fico de migrantes, el narcotr\u00e1fico, la trata de personas, entre otras conductas delictivas. En desarrollo de esta estrategia, el Fiscal General visit\u00f3 ocho pa\u00edses: Ecuador, Estados Unidos, Panam\u00e1, M\u00e9xico, Honduras, Francia, Suiza y Holanda.<\/li>\n<li><strong>Fortalecimiento institucional.<\/strong> En 2021, el Fiscal General de la Naci\u00f3n, Francisco Barbosa, logr\u00f3 un acuerdo hist\u00f3rico con las organizaciones sindicales de la entidad. Asimismo, gestion\u00f3 la priorizaci\u00f3n de todo el personal en la Primera Fase de vacunaci\u00f3n contra el COVID-19.<\/li>\n<\/ol>\n<p>En materia de infraestructura fueron intervenidas 256 sedes a nivel nacional, a esto se suma la instalaci\u00f3n de 2.635 puntos de red en 52 municipios, y la conexi\u00f3n de 839 sedes a nivel nacional para el ingreso de noticias criminales a los diferentes aplicativos e intercambio de informaci\u00f3n con otras instituciones.<\/p>\n<p><strong>La Fiscal\u00eda habla con resultados<\/strong><\/p>\n<p>AMCJ\/JARG\/MRC\/MM\/<\/p>\n\n<div class=\"twitter-share\"><a href=\"https:\/\/twitter.com\/intent\/tweet?via=fiscaliacol\" class=\"twitter-share-button\">Tweet<\/a><\/div>\n","protected":false},"excerpt":{"rendered":"<p>En feminicidios y homicidios colectivos se logr\u00f3 un avance de esclarecimiento superior al 85%. 287 cabecillas y objetivos estrat\u00e9gicos de la criminalidad organizada fueron judicializados. La puesta en marcha de [&hellip;]<\/p>\n","protected":false},"author":177,"featured_media":0,"comment_status":"closed","ping_status":"open","sticky":false,"template":"","format":"standard","meta":{"tdm_status":"","tdm_grid_status":"","footnotes":""},"categories":[25128,24096,1],"tags":[10172,24185,24188,30779],"class_list":["post-242994","post","type-post","status-publish","format-standard","category-el-fiscal-en-los-territorios","category-fiscal-general-de-la-nacion","category-noticias","tag-el-fiscal-general-de-la-nacion","tag-fiscal-barbosa","tag-fiscal-francisco-barbosa","tag-rendicion-de-cuentas-2022"],"yoast_head":"<!-- This site is optimized with the Yoast SEO plugin v24.3 - https:\/\/yoast.com\/wordpress\/plugins\/seo\/ -->\n<title>Fiscal\u00eda General de la Naci\u00f3n<\/title>\n<meta name=\"description\" content=\"P\u00e1gina oficial de la Fiscal\u00eda General de la Naci\u00f3n \u2013 Colombia. Garantizamos el acceso efectivo a la justicia, la verdad y la reparaci\u00f3n de las v\u00edctimas de los delitos.\" \/>\n<meta name=\"robots\" content=\"noindex, follow\" \/>\n<meta property=\"og:locale\" content=\"es_ES\" \/>\n<meta property=\"og:type\" content=\"article\" \/>\n<meta property=\"og:title\" content=\"Fiscal\u00eda General de la Naci\u00f3n\" \/>\n<meta property=\"og:description\" content=\"P\u00e1gina oficial de la Fiscal\u00eda General de la Naci\u00f3n \u2013 Colombia. Garantizamos el acceso efectivo a la justicia, la verdad y la reparaci\u00f3n de las v\u00edctimas de los delitos.\" \/>\n<meta property=\"og:url\" content=\"https:\/\/www.fiscalia.gov.co\/colombia\/noticias\/con-presencia-en-los-territorios-y-nuevas-metodologias-investigativas-fiscal-general-de-la-nacion-francisco-barbosa-delgado-entrega-destacado-balance-de-su-segundo-ano-de-gestion\/\" \/>\n<meta property=\"og:site_name\" content=\"Fiscal\u00eda General de la Naci\u00f3n\" \/>\n<meta property=\"article:publisher\" content=\"https:\/\/www.facebook.com\/FiscaliaCol\" \/>\n<meta property=\"article:published_time\" content=\"2022-03-09T22:42:59+00:00\" \/>\n<meta property=\"article:modified_time\" content=\"2022-03-10T14:39:52+00:00\" \/>\n<meta name=\"author\" content=\"Jordan Leandro Oviedo Anzola\" \/>\n<meta name=\"twitter:card\" content=\"summary_large_image\" \/>\n<meta name=\"twitter:creator\" content=\"@FiscaliaCol\" \/>\n<meta name=\"twitter:site\" content=\"@FiscaliaCol\" \/>\n<meta name=\"twitter:label1\" content=\"Escrito por\" \/>\n\t<meta name=\"twitter:data1\" content=\"Jordan Leandro Oviedo Anzola\" \/>\n\t<meta name=\"twitter:label2\" content=\"Tiempo de lectura\" \/>\n\t<meta name=\"twitter:data2\" content=\"6 minutos\" \/>\n<script type=\"application\/ld+json\" class=\"yoast-schema-graph\">{\"@context\":\"https:\/\/schema.org\",\"@graph\":[{\"@type\":\"Article\",\"@id\":\"https:\/\/www.fiscalia.gov.co\/colombia\/noticias\/con-presencia-en-los-territorios-y-nuevas-metodologias-investigativas-fiscal-general-de-la-nacion-francisco-barbosa-delgado-entrega-destacado-balance-de-su-segundo-ano-de-gestion\/#article\",\"isPartOf\":{\"@id\":\"https:\/\/www.fiscalia.gov.co\/colombia\/noticias\/con-presencia-en-los-territorios-y-nuevas-metodologias-investigativas-fiscal-general-de-la-nacion-francisco-barbosa-delgado-entrega-destacado-balance-de-su-segundo-ano-de-gestion\/\"},\"author\":{\"name\":\"Jordan Leandro Oviedo Anzola\",\"@id\":\"https:\/\/www.fiscalia.gov.co\/colombia\/#\/schema\/person\/bf84402cf293a5393e9c70b111020b24\"},\"headline\":\"Con presencia en los territorios y nuevas metodolog\u00edas investigativas, Fiscal General de la Naci\u00f3n, Francisco Barbosa Delgado, entrega destacado balance de su segundo a\u00f1o de gesti\u00f3n\",\"datePublished\":\"2022-03-09T22:42:59+00:00\",\"dateModified\":\"2022-03-10T14:39:52+00:00\",\"mainEntityOfPage\":{\"@id\":\"https:\/\/www.fiscalia.gov.co\/colombia\/noticias\/con-presencia-en-los-territorios-y-nuevas-metodologias-investigativas-fiscal-general-de-la-nacion-francisco-barbosa-delgado-entrega-destacado-balance-de-su-segundo-ano-de-gestion\/\"},\"wordCount\":1329,\"publisher\":{\"@id\":\"https:\/\/www.fiscalia.gov.co\/colombia\/#organization\"},\"keywords\":[\"El Fiscal General de la Naci\u00f3n\",\"Fiscal Barbosa\",\"Fiscal Francisco Barbosa\",\"Rendici\u00f3n de Cuentas 2022\"],\"articleSection\":[\"El Fiscal en los territorios\",\"Fiscal General de la Naci\u00f3n\",\"Noticias\"],\"inLanguage\":\"es-CO\"},{\"@type\":\"WebPage\",\"@id\":\"https:\/\/www.fiscalia.gov.co\/colombia\/noticias\/con-presencia-en-los-territorios-y-nuevas-metodologias-investigativas-fiscal-general-de-la-nacion-francisco-barbosa-delgado-entrega-destacado-balance-de-su-segundo-ano-de-gestion\/\",\"url\":\"https:\/\/www.fiscalia.gov.co\/colombia\/noticias\/con-presencia-en-los-territorios-y-nuevas-metodologias-investigativas-fiscal-general-de-la-nacion-francisco-barbosa-delgado-entrega-destacado-balance-de-su-segundo-ano-de-gestion\/\",\"name\":\"Fiscal\u00eda General de la Naci\u00f3n\",\"isPartOf\":{\"@id\":\"https:\/\/www.fiscalia.gov.co\/colombia\/#website\"},\"datePublished\":\"2022-03-09T22:42:59+00:00\",\"dateModified\":\"2022-03-10T14:39:52+00:00\",\"description\":\"P\u00e1gina oficial de la Fiscal\u00eda General de la Naci\u00f3n \u2013 Colombia. Garantizamos el acceso efectivo a la justicia, la verdad y la reparaci\u00f3n de las v\u00edctimas de los delitos.\",\"breadcrumb\":{\"@id\":\"https:\/\/www.fiscalia.gov.co\/colombia\/noticias\/con-presencia-en-los-territorios-y-nuevas-metodologias-investigativas-fiscal-general-de-la-nacion-francisco-barbosa-delgado-entrega-destacado-balance-de-su-segundo-ano-de-gestion\/#breadcrumb\"},\"inLanguage\":\"es-CO\",\"potentialAction\":[{\"@type\":\"ReadAction\",\"target\":[\"https:\/\/www.fiscalia.gov.co\/colombia\/noticias\/con-presencia-en-los-territorios-y-nuevas-metodologias-investigativas-fiscal-general-de-la-nacion-francisco-barbosa-delgado-entrega-destacado-balance-de-su-segundo-ano-de-gestion\/\"]}]},{\"@type\":\"BreadcrumbList\",\"@id\":\"https:\/\/www.fiscalia.gov.co\/colombia\/noticias\/con-presencia-en-los-territorios-y-nuevas-metodologias-investigativas-fiscal-general-de-la-nacion-francisco-barbosa-delgado-entrega-destacado-balance-de-su-segundo-ano-de-gestion\/#breadcrumb\",\"itemListElement\":[{\"@type\":\"ListItem\",\"position\":1,\"name\":\"Home\",\"item\":\"https:\/\/www.fiscalia.gov.co\/colombia\/\"},{\"@type\":\"ListItem\",\"position\":2,\"name\":\"Con presencia en los territorios y nuevas metodolog\u00edas investigativas, Fiscal General de la Naci\u00f3n, Francisco Barbosa Delgado, entrega destacado balance de su segundo a\u00f1o de gesti\u00f3n\"}]},{\"@type\":\"WebSite\",\"@id\":\"https:\/\/www.fiscalia.gov.co\/colombia\/#website\",\"url\":\"https:\/\/www.fiscalia.gov.co\/colombia\/\",\"name\":\"Fiscal\u00eda General de la Naci\u00f3n\",\"description\":\"P\u00e1gina oficial de la Fiscal\u00eda General de la Naci\u00f3n \u2013 Colombia. Garantizamos el acceso efectivo a la justicia, la verdad y la reparaci\u00f3n de las v\u00edctimas de los delitos.\",\"publisher\":{\"@id\":\"https:\/\/www.fiscalia.gov.co\/colombia\/#organization\"},\"potentialAction\":[{\"@type\":\"SearchAction\",\"target\":{\"@type\":\"EntryPoint\",\"urlTemplate\":\"https:\/\/www.fiscalia.gov.co\/colombia\/?s={search_term_string}\"},\"query-input\":{\"@type\":\"PropertyValueSpecification\",\"valueRequired\":true,\"valueName\":\"search_term_string\"}}],\"inLanguage\":\"es-CO\"},{\"@type\":\"Organization\",\"@id\":\"https:\/\/www.fiscalia.gov.co\/colombia\/#organization\",\"name\":\"Fiscal\u00eda General de la Naci\u00f3n\",\"url\":\"https:\/\/www.fiscalia.gov.co\/colombia\/\",\"logo\":{\"@type\":\"ImageObject\",\"inLanguage\":\"es-CO\",\"@id\":\"https:\/\/www.fiscalia.gov.co\/colombia\/#\/schema\/logo\/image\/\",\"url\":\"https:\/\/www.fiscalia.gov.co\/colombia\/wp-content\/uploads\/LogoHorizontal_1.jpg\",\"contentUrl\":\"https:\/\/www.fiscalia.gov.co\/colombia\/wp-content\/uploads\/LogoHorizontal_1.jpg\",\"width\":300,\"height\":90,\"caption\":\"Fiscal\u00eda General de la Naci\u00f3n\"},\"image\":{\"@id\":\"https:\/\/www.fiscalia.gov.co\/colombia\/#\/schema\/logo\/image\/\"},\"sameAs\":[\"https:\/\/www.facebook.com\/FiscaliaCol\",\"https:\/\/x.com\/FiscaliaCol\",\"https:\/\/www.instagram.com\/fiscaliacol\",\"https:\/\/www.linkedin.com\/company\/fiscalia-general-de-la-naci-n\/\",\"https:\/\/youtube.com\/@fiscaliageneraldelanacion-4668?si=6nN79nyQICPU5iTh\"]},{\"@type\":\"Person\",\"@id\":\"https:\/\/www.fiscalia.gov.co\/colombia\/#\/schema\/person\/bf84402cf293a5393e9c70b111020b24\",\"name\":\"Jordan Leandro Oviedo Anzola\",\"image\":{\"@type\":\"ImageObject\",\"inLanguage\":\"es-CO\",\"@id\":\"https:\/\/www.fiscalia.gov.co\/colombia\/#\/schema\/person\/image\/\",\"url\":\"https:\/\/secure.gravatar.com\/avatar\/dabba4346fa9b9207d96adafa8f92721?s=96&d=mm&r=g\",\"contentUrl\":\"https:\/\/secure.gravatar.com\/avatar\/dabba4346fa9b9207d96adafa8f92721?s=96&d=mm&r=g\",\"caption\":\"Jordan Leandro Oviedo Anzola\"},\"url\":\"https:\/\/www.fiscalia.gov.co\/colombia\/author\/joviedo\/\"}]}<\/script>\n<!-- \/ Yoast SEO plugin. -->","yoast_head_json":{"title":"Fiscal\u00eda General de la Naci\u00f3n","description":"P\u00e1gina oficial de la Fiscal\u00eda General de la Naci\u00f3n \u2013 Colombia. Garantizamos el acceso efectivo a la justicia, la verdad y la reparaci\u00f3n de las v\u00edctimas de los delitos.","robots":{"index":"noindex","follow":"follow"},"og_locale":"es_ES","og_type":"article","og_title":"Fiscal\u00eda General de la Naci\u00f3n","og_description":"P\u00e1gina oficial de la Fiscal\u00eda General de la Naci\u00f3n \u2013 Colombia. Garantizamos el acceso efectivo a la justicia, la verdad y la reparaci\u00f3n de las v\u00edctimas de los delitos.","og_url":"https:\/\/www.fiscalia.gov.co\/colombia\/noticias\/con-presencia-en-los-territorios-y-nuevas-metodologias-investigativas-fiscal-general-de-la-nacion-francisco-barbosa-delgado-entrega-destacado-balance-de-su-segundo-ano-de-gestion\/","og_site_name":"Fiscal\u00eda General de la Naci\u00f3n","article_publisher":"https:\/\/www.facebook.com\/FiscaliaCol","article_published_time":"2022-03-09T22:42:59+00:00","article_modified_time":"2022-03-10T14:39:52+00:00","author":"Jordan Leandro Oviedo Anzola","twitter_card":"summary_large_image","twitter_creator":"@FiscaliaCol","twitter_site":"@FiscaliaCol","twitter_misc":{"Escrito por":"Jordan Leandro Oviedo Anzola","Tiempo de lectura":"6 minutos"},"schema":{"@context":"https:\/\/schema.org","@graph":[{"@type":"Article","@id":"https:\/\/www.fiscalia.gov.co\/colombia\/noticias\/con-presencia-en-los-territorios-y-nuevas-metodologias-investigativas-fiscal-general-de-la-nacion-francisco-barbosa-delgado-entrega-destacado-balance-de-su-segundo-ano-de-gestion\/#article","isPartOf":{"@id":"https:\/\/www.fiscalia.gov.co\/colombia\/noticias\/con-presencia-en-los-territorios-y-nuevas-metodologias-investigativas-fiscal-general-de-la-nacion-francisco-barbosa-delgado-entrega-destacado-balance-de-su-segundo-ano-de-gestion\/"},"author":{"name":"Jordan Leandro Oviedo Anzola","@id":"https:\/\/www.fiscalia.gov.co\/colombia\/#\/schema\/person\/bf84402cf293a5393e9c70b111020b24"},"headline":"Con presencia en los territorios y nuevas metodolog\u00edas investigativas, Fiscal General de la Naci\u00f3n, Francisco Barbosa Delgado, entrega destacado balance de su segundo a\u00f1o de gesti\u00f3n","datePublished":"2022-03-09T22:42:59+00:00","dateModified":"2022-03-10T14:39:52+00:00","mainEntityOfPage":{"@id":"https:\/\/www.fiscalia.gov.co\/colombia\/noticias\/con-presencia-en-los-territorios-y-nuevas-metodologias-investigativas-fiscal-general-de-la-nacion-francisco-barbosa-delgado-entrega-destacado-balance-de-su-segundo-ano-de-gestion\/"},"wordCount":1329,"publisher":{"@id":"https:\/\/www.fiscalia.gov.co\/colombia\/#organization"},"keywords":["El Fiscal General de la Naci\u00f3n","Fiscal Barbosa","Fiscal Francisco Barbosa","Rendici\u00f3n de Cuentas 2022"],"articleSection":["El Fiscal en los territorios","Fiscal General de la Naci\u00f3n","Noticias"],"inLanguage":"es-CO"},{"@type":"WebPage","@id":"https:\/\/www.fiscalia.gov.co\/colombia\/noticias\/con-presencia-en-los-territorios-y-nuevas-metodologias-investigativas-fiscal-general-de-la-nacion-francisco-barbosa-delgado-entrega-destacado-balance-de-su-segundo-ano-de-gestion\/","url":"https:\/\/www.fiscalia.gov.co\/colombia\/noticias\/con-presencia-en-los-territorios-y-nuevas-metodologias-investigativas-fiscal-general-de-la-nacion-francisco-barbosa-delgado-entrega-destacado-balance-de-su-segundo-ano-de-gestion\/","name":"Fiscal\u00eda General de la Naci\u00f3n","isPartOf":{"@id":"https:\/\/www.fiscalia.gov.co\/colombia\/#website"},"datePublished":"2022-03-09T22:42:59+00:00","dateModified":"2022-03-10T14:39:52+00:00","description":"P\u00e1gina oficial de la Fiscal\u00eda General de la Naci\u00f3n \u2013 Colombia. Garantizamos el acceso efectivo a la justicia, la verdad y la reparaci\u00f3n de las v\u00edctimas de los delitos.","breadcrumb":{"@id":"https:\/\/www.fiscalia.gov.co\/colombia\/noticias\/con-presencia-en-los-territorios-y-nuevas-metodologias-investigativas-fiscal-general-de-la-nacion-francisco-barbosa-delgado-entrega-destacado-balance-de-su-segundo-ano-de-gestion\/#breadcrumb"},"inLanguage":"es-CO","potentialAction":[{"@type":"ReadAction","target":["https:\/\/www.fiscalia.gov.co\/colombia\/noticias\/con-presencia-en-los-territorios-y-nuevas-metodologias-investigativas-fiscal-general-de-la-nacion-francisco-barbosa-delgado-entrega-destacado-balance-de-su-segundo-ano-de-gestion\/"]}]},{"@type":"BreadcrumbList","@id":"https:\/\/www.fiscalia.gov.co\/colombia\/noticias\/con-presencia-en-los-territorios-y-nuevas-metodologias-investigativas-fiscal-general-de-la-nacion-francisco-barbosa-delgado-entrega-destacado-balance-de-su-segundo-ano-de-gestion\/#breadcrumb","itemListElement":[{"@type":"ListItem","position":1,"name":"Home","item":"https:\/\/www.fiscalia.gov.co\/colombia\/"},{"@type":"ListItem","position":2,"name":"Con presencia en los territorios y nuevas metodolog\u00edas investigativas, Fiscal General de la Naci\u00f3n, Francisco Barbosa Delgado, entrega destacado balance de su segundo a\u00f1o de gesti\u00f3n"}]},{"@type":"WebSite","@id":"https:\/\/www.fiscalia.gov.co\/colombia\/#website","url":"https:\/\/www.fiscalia.gov.co\/colombia\/","name":"Fiscal\u00eda General de la Naci\u00f3n","description":"P\u00e1gina oficial de la Fiscal\u00eda General de la Naci\u00f3n \u2013 Colombia. Garantizamos el acceso efectivo a la justicia, la verdad y la reparaci\u00f3n de las v\u00edctimas de los delitos.","publisher":{"@id":"https:\/\/www.fiscalia.gov.co\/colombia\/#organization"},"potentialAction":[{"@type":"SearchAction","target":{"@type":"EntryPoint","urlTemplate":"https:\/\/www.fiscalia.gov.co\/colombia\/?s={search_term_string}"},"query-input":{"@type":"PropertyValueSpecification","valueRequired":true,"valueName":"search_term_string"}}],"inLanguage":"es-CO"},{"@type":"Organization","@id":"https:\/\/www.fiscalia.gov.co\/colombia\/#organization","name":"Fiscal\u00eda General de la Naci\u00f3n","url":"https:\/\/www.fiscalia.gov.co\/colombia\/","logo":{"@type":"ImageObject","inLanguage":"es-CO","@id":"https:\/\/www.fiscalia.gov.co\/colombia\/#\/schema\/logo\/image\/","url":"https:\/\/www.fiscalia.gov.co\/colombia\/wp-content\/uploads\/LogoHorizontal_1.jpg","contentUrl":"https:\/\/www.fiscalia.gov.co\/colombia\/wp-content\/uploads\/LogoHorizontal_1.jpg","width":300,"height":90,"caption":"Fiscal\u00eda General de la Naci\u00f3n"},"image":{"@id":"https:\/\/www.fiscalia.gov.co\/colombia\/#\/schema\/logo\/image\/"},"sameAs":["https:\/\/www.facebook.com\/FiscaliaCol","https:\/\/x.com\/FiscaliaCol","https:\/\/www.instagram.com\/fiscaliacol","https:\/\/www.linkedin.com\/company\/fiscalia-general-de-la-naci-n\/","https:\/\/youtube.com\/@fiscaliageneraldelanacion-4668?si=6nN79nyQICPU5iTh"]},{"@type":"Person","@id":"https:\/\/www.fiscalia.gov.co\/colombia\/#\/schema\/person\/bf84402cf293a5393e9c70b111020b24","name":"Jordan Leandro Oviedo Anzola","image":{"@type":"ImageObject","inLanguage":"es-CO","@id":"https:\/\/www.fiscalia.gov.co\/colombia\/#\/schema\/person\/image\/","url":"https:\/\/secure.gravatar.com\/avatar\/dabba4346fa9b9207d96adafa8f92721?s=96&d=mm&r=g","contentUrl":"https:\/\/secure.gravatar.com\/avatar\/dabba4346fa9b9207d96adafa8f92721?s=96&d=mm&r=g","caption":"Jordan Leandro Oviedo Anzola"},"url":"https:\/\/www.fiscalia.gov.co\/colombia\/author\/joviedo\/"}]}},"_links":{"self":[{"href":"https:\/\/www.fiscalia.gov.co\/colombia\/wp-json\/wp\/v2\/posts\/242994","targetHints":{"allow":["GET"]}}],"collection":[{"href":"https:\/\/www.fiscalia.gov.co\/colombia\/wp-json\/wp\/v2\/posts"}],"about":[{"href":"https:\/\/www.fiscalia.gov.co\/colombia\/wp-json\/wp\/v2\/types\/post"}],"author":[{"embeddable":true,"href":"https:\/\/www.fiscalia.gov.co\/colombia\/wp-json\/wp\/v2\/users\/177"}],"replies":[{"embeddable":true,"href":"https:\/\/www.fiscalia.gov.co\/colombia\/wp-json\/wp\/v2\/comments?post=242994"}],"version-history":[{"count":5,"href":"https:\/\/www.fiscalia.gov.co\/colombia\/wp-json\/wp\/v2\/posts\/242994\/revisions"}],"predecessor-version":[{"id":243058,"href":"https:\/\/www.fiscalia.gov.co\/colombia\/wp-json\/wp\/v2\/posts\/242994\/revisions\/243058"}],"wp:attachment":[{"href":"https:\/\/www.fiscalia.gov.co\/colombia\/wp-json\/wp\/v2\/media?parent=242994"}],"wp:term":[{"taxonomy":"category","embeddable":true,"href":"https:\/\/www.fiscalia.gov.co\/colombia\/wp-json\/wp\/v2\/categories?post=242994"},{"taxonomy":"post_tag","embeddable":true,"href":"https:\/\/www.fiscalia.gov.co\/colombia\/wp-json\/wp\/v2\/tags?post=242994"}],"curies":[{"name":"wp","href":"https:\/\/api.w.org\/{rel}","templated":true}]}}