{"id":242957,"date":"2022-03-08T17:08:49","date_gmt":"2022-03-08T22:08:49","guid":{"rendered":"https:\/\/www.fiscalia.gov.co\/colombia\/?p=242957"},"modified":"2022-03-08T17:08:49","modified_gmt":"2022-03-08T22:08:49","slug":"en-magdalena-la-fiscalia-general-de-la-nacion-adelanta-acciones-que-buscan-contrarrestar-la-violencia-de-genero","status":"publish","type":"post","link":"https:\/\/www.fiscalia.gov.co\/colombia\/noticias\/en-magdalena-la-fiscalia-general-de-la-nacion-adelanta-acciones-que-buscan-contrarrestar-la-violencia-de-genero\/","title":{"rendered":"En Magdalena, la Fiscal\u00eda General de la Naci\u00f3n adelanta acciones que buscan contrarrestar la violencia de g\u00e9nero"},"content":{"rendered":"<p>En el marco del D\u00eda Internacional de la Mujer, la Fiscal\u00eda Seccional Magdalena present\u00f3 las acciones investigativas que buscan mitigar la violencia en contra de las mujeres y as\u00ed evitar que sus derechos sean vulnerados.<\/p>\n<figure id=\"attachment_242958\" aria-describedby=\"caption-attachment-242958\" style=\"width: 1024px\" class=\"wp-caption aligncenter\"><img loading=\"lazy\" decoding=\"async\" class=\"size-full wp-image-242958\" src=\"https:\/\/www.fiscalia.gov.co\/colombia\/wp-content\/uploads\/Fiscal-Francisco-Barbosa_Foro-D\u00eda-de-la-Mujer-Magdalena.jpeg\" alt=\"\" width=\"1024\" height=\"768\" srcset=\"https:\/\/www.fiscalia.gov.co\/colombia\/wp-content\/uploads\/Fiscal-Francisco-Barbosa_Foro-D\u00eda-de-la-Mujer-Magdalena.jpeg 1024w, https:\/\/www.fiscalia.gov.co\/colombia\/wp-content\/uploads\/Fiscal-Francisco-Barbosa_Foro-D\u00eda-de-la-Mujer-Magdalena-300x225.jpeg 300w, https:\/\/www.fiscalia.gov.co\/colombia\/wp-content\/uploads\/Fiscal-Francisco-Barbosa_Foro-D\u00eda-de-la-Mujer-Magdalena-768x576.jpeg 768w, https:\/\/www.fiscalia.gov.co\/colombia\/wp-content\/uploads\/Fiscal-Francisco-Barbosa_Foro-D\u00eda-de-la-Mujer-Magdalena-696x522.jpeg 696w, https:\/\/www.fiscalia.gov.co\/colombia\/wp-content\/uploads\/Fiscal-Francisco-Barbosa_Foro-D\u00eda-de-la-Mujer-Magdalena-560x420.jpeg 560w, https:\/\/www.fiscalia.gov.co\/colombia\/wp-content\/uploads\/Fiscal-Francisco-Barbosa_Foro-D\u00eda-de-la-Mujer-Magdalena-80x60.jpeg 80w, https:\/\/www.fiscalia.gov.co\/colombia\/wp-content\/uploads\/Fiscal-Francisco-Barbosa_Foro-D\u00eda-de-la-Mujer-Magdalena-265x198.jpeg 265w\" sizes=\"auto, (max-width: 1024px) 100vw, 1024px\" \/><figcaption id=\"caption-attachment-242958\" class=\"wp-caption-text\">Foro D\u00eda Internacional de la Mujer en Magdalena<\/figcaption><\/figure>\n<p>El ente investigador en articulaci\u00f3n interinstitucional de la Gobernaci\u00f3n del Magdalena, la Oficina de la Mujer, la Polic\u00eda Nacional y las Fuerzas Militares ha logrado importantes resultados en el esclarecimiento de los delitos que atentan contra la integridad de la mujer.<\/p>\n<p>Uno de los casos esclarecidos por la Seccional Magdalena se registr\u00f3 en el corregimiento de San Diego (Magdalena), el pasado 31 de enero. All\u00ed.\u00a0<b>Jos\u00e9 Adri\u00e1n C\u00e1ceres Meza,\u00a0<\/b>al parecer, convenci\u00f3 a una mujer de llevarla hasta su vivienda en motocicleta y durante el recorrido se desvi\u00f3 a un sector despoblado en donde habr\u00eda intentado accederla sexualmente. Se presume que el procesado la atac\u00f3 con arma cortopunzante en varias partes de su cuerpo y rostro.<\/p>\n<p>La v\u00edctima de 20 a\u00f1os fue auxiliada y gracias a la intervenci\u00f3n oportuna de los m\u00e9dicos que la atendieron sobrevivi\u00f3 al ataque y puso en conocimiento los hechos materia de Investigaci\u00f3n.<\/p>\n<p>El ente acusador le endilg\u00f3 al investigado los delitos de feminicidio agravado en grado de tentativa en concurso heterog\u00e9neo y sucesivo con acceso carnal violento agravado en grado de tentativa. Por su parte el\u00a0juez de control de garant\u00edas aval\u00f3 los argumentos de la Fiscal\u00eda y priv\u00f3 de la libertad al hoy procesado.<\/p>\n<p><b>Canales de atenci\u00f3n y recepci\u00f3n de denuncias de g\u00e9nero<\/b><b><\/b><\/p>\n<p>En la capital del Magdalena, el ente acusador dispone de diversos canales y plataformas que ofrecen atenci\u00f3n 24 horas para que las v\u00edctimas de violencia basada en g\u00e9nero puedan recibir orientaci\u00f3n e interponer sus denuncias.<\/p>\n<p>Puede acercase a las sedes de la Fiscal\u00eda cercana a su sector, llamar desde su celular a la l\u00ednea 122 y\/o contactarnos a los correos:\u00a0<a href=\"mailto:atencionusuario.magdalena@fiscalia.gov.co\" target=\"_blank\" rel=\"noopener noreferrer\">atencionusuario.magdalena@<wbr \/>fiscalia.gov.co<\/a>\u00a0y\u00a0<a href=\"mailto:contactofnf2@fiscalia.gov.co\" target=\"_blank\" rel=\"noopener noreferrer\">contactofnf2@fiscalia.gov.co<\/a><\/p>\n<p>La Fiscal\u00eda General de la Naci\u00f3n habla con resultados.<\/p>\n<p>&nbsp;<\/p>\n<p>&nbsp;<\/p>\n<p>SKCR\/MG\/RIRM<\/p>\n<p>&nbsp;<\/p>\n<p>&nbsp;<\/p>\n<div class=\"td-post-content tagdiv-type\">\n<div class=\"td-post-content tagdiv-type\">\n<p><i>La informaci\u00f3n contenida en este bolet\u00edn\u00a0de\u00a0prensa corresponde a la narraci\u00f3n\u00a0de\u00a0los hechos noticiosos objetivos, suministrados por los funcionarios encargados\u00a0de\u00a0adelantar las investigaciones penales al interior\u00a0de\u00a0la Fiscal\u00eda General\u00a0de\u00a0la Naci\u00f3n. Para el momento\u00a0de\u00a0la divulgaci\u00f3n\u00a0de\u00a0este comunicado, la situaci\u00f3n jur\u00eddica\u00a0de\u00a0la(s) persona(s) relacionada(s) se encuentra pendiente\u00a0de\u00a0resolver por la autoridad judicial competente, siempre bajo los preceptos\u00a0de\u00a0la presunci\u00f3n\u00a0de\u00a0inocencia, consagrados en el art\u00edculo 29\u00a0de\u00a0la Constituci\u00f3n Pol\u00edtica y el art\u00edculo 7\u00ba\u00a0de\u00a0la Ley 906\u00a0de\u00a02004.<\/i><\/p>\n<\/div>\n<\/div>\n\n<div class=\"twitter-share\"><a href=\"https:\/\/twitter.com\/intent\/tweet?via=fiscaliacol\" class=\"twitter-share-button\">Tweet<\/a><\/div>\n","protected":false},"excerpt":{"rendered":"<p>En el marco del D\u00eda Internacional de la Mujer, la Fiscal\u00eda Seccional Magdalena present\u00f3 las acciones investigativas que buscan mitigar la violencia en contra de las mujeres y as\u00ed evitar [&hellip;]<\/p>\n","protected":false},"author":177,"featured_media":0,"comment_status":"closed","ping_status":"open","sticky":false,"template":"","format":"standard","meta":{"tdm_status":"","tdm_grid_status":"","footnotes":""},"categories":[1,339,303,24127],"tags":[13442,24185,24188,1047,3750,24009,1176],"class_list":["post-242957","post","type-post","status-publish","format-standard","category-noticias","category-seccional-santa-marta","category-seccionales","category-violencia-sexual-e-intrafamiliar","tag-feminicidio","tag-fiscal-barbosa","tag-fiscal-francisco-barbosa","tag-fiscalia-general-de-la-nacion","tag-foro","tag-santa-marta-magdalena","tag-violencia-de-genero"],"yoast_head":"<!-- This site is optimized with the Yoast SEO plugin v24.3 - https:\/\/yoast.com\/wordpress\/plugins\/seo\/ -->\n<title>Fiscal\u00eda General de la Naci\u00f3n<\/title>\n<meta name=\"description\" content=\"P\u00e1gina oficial de la Fiscal\u00eda General de la Naci\u00f3n \u2013 Colombia. Garantizamos el acceso efectivo a la justicia, la verdad y la reparaci\u00f3n de las v\u00edctimas de los delitos.\" \/>\n<meta name=\"robots\" content=\"noindex, follow\" \/>\n<meta property=\"og:locale\" content=\"es_ES\" \/>\n<meta property=\"og:type\" content=\"article\" \/>\n<meta property=\"og:title\" content=\"Fiscal\u00eda General de la Naci\u00f3n\" \/>\n<meta property=\"og:description\" content=\"P\u00e1gina oficial de la Fiscal\u00eda General de la Naci\u00f3n \u2013 Colombia. Garantizamos el acceso efectivo a la justicia, la verdad y la reparaci\u00f3n de las v\u00edctimas de los delitos.\" \/>\n<meta property=\"og:url\" content=\"https:\/\/www.fiscalia.gov.co\/colombia\/noticias\/en-magdalena-la-fiscalia-general-de-la-nacion-adelanta-acciones-que-buscan-contrarrestar-la-violencia-de-genero\/\" \/>\n<meta property=\"og:site_name\" content=\"Fiscal\u00eda General de la Naci\u00f3n\" \/>\n<meta property=\"article:publisher\" content=\"https:\/\/www.facebook.com\/FiscaliaCol\" \/>\n<meta property=\"article:published_time\" content=\"2022-03-08T22:08:49+00:00\" \/>\n<meta name=\"author\" content=\"Jordan Leandro Oviedo Anzola\" \/>\n<meta name=\"twitter:card\" content=\"summary_large_image\" \/>\n<meta name=\"twitter:creator\" content=\"@FiscaliaCol\" \/>\n<meta name=\"twitter:site\" content=\"@FiscaliaCol\" \/>\n<meta name=\"twitter:label1\" content=\"Escrito por\" \/>\n\t<meta name=\"twitter:data1\" content=\"Jordan Leandro Oviedo Anzola\" \/>\n\t<meta name=\"twitter:label2\" content=\"Tiempo de lectura\" \/>\n\t<meta name=\"twitter:data2\" content=\"2 minutos\" \/>\n<script type=\"application\/ld+json\" class=\"yoast-schema-graph\">{\"@context\":\"https:\/\/schema.org\",\"@graph\":[{\"@type\":\"Article\",\"@id\":\"https:\/\/www.fiscalia.gov.co\/colombia\/noticias\/en-magdalena-la-fiscalia-general-de-la-nacion-adelanta-acciones-que-buscan-contrarrestar-la-violencia-de-genero\/#article\",\"isPartOf\":{\"@id\":\"https:\/\/www.fiscalia.gov.co\/colombia\/noticias\/en-magdalena-la-fiscalia-general-de-la-nacion-adelanta-acciones-que-buscan-contrarrestar-la-violencia-de-genero\/\"},\"author\":{\"name\":\"Jordan Leandro Oviedo Anzola\",\"@id\":\"https:\/\/www.fiscalia.gov.co\/colombia\/#\/schema\/person\/bf84402cf293a5393e9c70b111020b24\"},\"headline\":\"En Magdalena, la Fiscal\u00eda General de la Naci\u00f3n adelanta acciones que buscan contrarrestar la violencia de g\u00e9nero\",\"datePublished\":\"2022-03-08T22:08:49+00:00\",\"dateModified\":\"2022-03-08T22:08:49+00:00\",\"mainEntityOfPage\":{\"@id\":\"https:\/\/www.fiscalia.gov.co\/colombia\/noticias\/en-magdalena-la-fiscalia-general-de-la-nacion-adelanta-acciones-que-buscan-contrarrestar-la-violencia-de-genero\/\"},\"wordCount\":492,\"publisher\":{\"@id\":\"https:\/\/www.fiscalia.gov.co\/colombia\/#organization\"},\"keywords\":[\"Feminicidio\",\"Fiscal Barbosa\",\"Fiscal Francisco Barbosa\",\"Fiscal\u00eda General de la Naci\u00f3n\",\"Foro\",\"Santa Marta (Magdalena)\",\"Violencia de g\u00e9nero\"],\"articleSection\":[\"Noticias\",\"Seccional Santa Marta\",\"Seccionales\",\"Violencia sexual e intrafamiliar\"],\"inLanguage\":\"es-CO\"},{\"@type\":\"WebPage\",\"@id\":\"https:\/\/www.fiscalia.gov.co\/colombia\/noticias\/en-magdalena-la-fiscalia-general-de-la-nacion-adelanta-acciones-que-buscan-contrarrestar-la-violencia-de-genero\/\",\"url\":\"https:\/\/www.fiscalia.gov.co\/colombia\/noticias\/en-magdalena-la-fiscalia-general-de-la-nacion-adelanta-acciones-que-buscan-contrarrestar-la-violencia-de-genero\/\",\"name\":\"Fiscal\u00eda General de la Naci\u00f3n\",\"isPartOf\":{\"@id\":\"https:\/\/www.fiscalia.gov.co\/colombia\/#website\"},\"datePublished\":\"2022-03-08T22:08:49+00:00\",\"dateModified\":\"2022-03-08T22:08:49+00:00\",\"description\":\"P\u00e1gina oficial de la Fiscal\u00eda General de la Naci\u00f3n \u2013 Colombia. Garantizamos el acceso efectivo a la justicia, la verdad y la reparaci\u00f3n de las v\u00edctimas de los delitos.\",\"breadcrumb\":{\"@id\":\"https:\/\/www.fiscalia.gov.co\/colombia\/noticias\/en-magdalena-la-fiscalia-general-de-la-nacion-adelanta-acciones-que-buscan-contrarrestar-la-violencia-de-genero\/#breadcrumb\"},\"inLanguage\":\"es-CO\",\"potentialAction\":[{\"@type\":\"ReadAction\",\"target\":[\"https:\/\/www.fiscalia.gov.co\/colombia\/noticias\/en-magdalena-la-fiscalia-general-de-la-nacion-adelanta-acciones-que-buscan-contrarrestar-la-violencia-de-genero\/\"]}]},{\"@type\":\"BreadcrumbList\",\"@id\":\"https:\/\/www.fiscalia.gov.co\/colombia\/noticias\/en-magdalena-la-fiscalia-general-de-la-nacion-adelanta-acciones-que-buscan-contrarrestar-la-violencia-de-genero\/#breadcrumb\",\"itemListElement\":[{\"@type\":\"ListItem\",\"position\":1,\"name\":\"Home\",\"item\":\"https:\/\/www.fiscalia.gov.co\/colombia\/\"},{\"@type\":\"ListItem\",\"position\":2,\"name\":\"En Magdalena, la Fiscal\u00eda General de la Naci\u00f3n adelanta acciones que buscan contrarrestar la violencia de g\u00e9nero\"}]},{\"@type\":\"WebSite\",\"@id\":\"https:\/\/www.fiscalia.gov.co\/colombia\/#website\",\"url\":\"https:\/\/www.fiscalia.gov.co\/colombia\/\",\"name\":\"Fiscal\u00eda General de la Naci\u00f3n\",\"description\":\"P\u00e1gina oficial de la Fiscal\u00eda General de la Naci\u00f3n \u2013 Colombia. Garantizamos el acceso efectivo a la justicia, la verdad y la reparaci\u00f3n de las v\u00edctimas de los delitos.\",\"publisher\":{\"@id\":\"https:\/\/www.fiscalia.gov.co\/colombia\/#organization\"},\"potentialAction\":[{\"@type\":\"SearchAction\",\"target\":{\"@type\":\"EntryPoint\",\"urlTemplate\":\"https:\/\/www.fiscalia.gov.co\/colombia\/?s={search_term_string}\"},\"query-input\":{\"@type\":\"PropertyValueSpecification\",\"valueRequired\":true,\"valueName\":\"search_term_string\"}}],\"inLanguage\":\"es-CO\"},{\"@type\":\"Organization\",\"@id\":\"https:\/\/www.fiscalia.gov.co\/colombia\/#organization\",\"name\":\"Fiscal\u00eda General de la Naci\u00f3n\",\"url\":\"https:\/\/www.fiscalia.gov.co\/colombia\/\",\"logo\":{\"@type\":\"ImageObject\",\"inLanguage\":\"es-CO\",\"@id\":\"https:\/\/www.fiscalia.gov.co\/colombia\/#\/schema\/logo\/image\/\",\"url\":\"https:\/\/www.fiscalia.gov.co\/colombia\/wp-content\/uploads\/LogoHorizontal_1.jpg\",\"contentUrl\":\"https:\/\/www.fiscalia.gov.co\/colombia\/wp-content\/uploads\/LogoHorizontal_1.jpg\",\"width\":300,\"height\":90,\"caption\":\"Fiscal\u00eda General de la Naci\u00f3n\"},\"image\":{\"@id\":\"https:\/\/www.fiscalia.gov.co\/colombia\/#\/schema\/logo\/image\/\"},\"sameAs\":[\"https:\/\/www.facebook.com\/FiscaliaCol\",\"https:\/\/x.com\/FiscaliaCol\",\"https:\/\/www.instagram.com\/fiscaliacol\",\"https:\/\/www.linkedin.com\/company\/fiscalia-general-de-la-naci-n\/\",\"https:\/\/youtube.com\/@fiscaliageneraldelanacion-4668?si=6nN79nyQICPU5iTh\"]},{\"@type\":\"Person\",\"@id\":\"https:\/\/www.fiscalia.gov.co\/colombia\/#\/schema\/person\/bf84402cf293a5393e9c70b111020b24\",\"name\":\"Jordan Leandro Oviedo Anzola\",\"image\":{\"@type\":\"ImageObject\",\"inLanguage\":\"es-CO\",\"@id\":\"https:\/\/www.fiscalia.gov.co\/colombia\/#\/schema\/person\/image\/\",\"url\":\"https:\/\/secure.gravatar.com\/avatar\/dabba4346fa9b9207d96adafa8f92721?s=96&d=mm&r=g\",\"contentUrl\":\"https:\/\/secure.gravatar.com\/avatar\/dabba4346fa9b9207d96adafa8f92721?s=96&d=mm&r=g\",\"caption\":\"Jordan Leandro Oviedo Anzola\"},\"url\":\"https:\/\/www.fiscalia.gov.co\/colombia\/author\/joviedo\/\"}]}<\/script>\n<!-- \/ Yoast SEO plugin. -->","yoast_head_json":{"title":"Fiscal\u00eda General de la Naci\u00f3n","description":"P\u00e1gina oficial de la Fiscal\u00eda General de la Naci\u00f3n \u2013 Colombia. Garantizamos el acceso efectivo a la justicia, la verdad y la reparaci\u00f3n de las v\u00edctimas de los delitos.","robots":{"index":"noindex","follow":"follow"},"og_locale":"es_ES","og_type":"article","og_title":"Fiscal\u00eda General de la Naci\u00f3n","og_description":"P\u00e1gina oficial de la Fiscal\u00eda General de la Naci\u00f3n \u2013 Colombia. Garantizamos el acceso efectivo a la justicia, la verdad y la reparaci\u00f3n de las v\u00edctimas de los delitos.","og_url":"https:\/\/www.fiscalia.gov.co\/colombia\/noticias\/en-magdalena-la-fiscalia-general-de-la-nacion-adelanta-acciones-que-buscan-contrarrestar-la-violencia-de-genero\/","og_site_name":"Fiscal\u00eda General de la Naci\u00f3n","article_publisher":"https:\/\/www.facebook.com\/FiscaliaCol","article_published_time":"2022-03-08T22:08:49+00:00","author":"Jordan Leandro Oviedo Anzola","twitter_card":"summary_large_image","twitter_creator":"@FiscaliaCol","twitter_site":"@FiscaliaCol","twitter_misc":{"Escrito por":"Jordan Leandro Oviedo Anzola","Tiempo de lectura":"2 minutos"},"schema":{"@context":"https:\/\/schema.org","@graph":[{"@type":"Article","@id":"https:\/\/www.fiscalia.gov.co\/colombia\/noticias\/en-magdalena-la-fiscalia-general-de-la-nacion-adelanta-acciones-que-buscan-contrarrestar-la-violencia-de-genero\/#article","isPartOf":{"@id":"https:\/\/www.fiscalia.gov.co\/colombia\/noticias\/en-magdalena-la-fiscalia-general-de-la-nacion-adelanta-acciones-que-buscan-contrarrestar-la-violencia-de-genero\/"},"author":{"name":"Jordan Leandro Oviedo Anzola","@id":"https:\/\/www.fiscalia.gov.co\/colombia\/#\/schema\/person\/bf84402cf293a5393e9c70b111020b24"},"headline":"En Magdalena, la Fiscal\u00eda General de la Naci\u00f3n adelanta acciones que buscan contrarrestar la violencia de g\u00e9nero","datePublished":"2022-03-08T22:08:49+00:00","dateModified":"2022-03-08T22:08:49+00:00","mainEntityOfPage":{"@id":"https:\/\/www.fiscalia.gov.co\/colombia\/noticias\/en-magdalena-la-fiscalia-general-de-la-nacion-adelanta-acciones-que-buscan-contrarrestar-la-violencia-de-genero\/"},"wordCount":492,"publisher":{"@id":"https:\/\/www.fiscalia.gov.co\/colombia\/#organization"},"keywords":["Feminicidio","Fiscal Barbosa","Fiscal Francisco Barbosa","Fiscal\u00eda General de la Naci\u00f3n","Foro","Santa Marta (Magdalena)","Violencia de g\u00e9nero"],"articleSection":["Noticias","Seccional Santa Marta","Seccionales","Violencia sexual e intrafamiliar"],"inLanguage":"es-CO"},{"@type":"WebPage","@id":"https:\/\/www.fiscalia.gov.co\/colombia\/noticias\/en-magdalena-la-fiscalia-general-de-la-nacion-adelanta-acciones-que-buscan-contrarrestar-la-violencia-de-genero\/","url":"https:\/\/www.fiscalia.gov.co\/colombia\/noticias\/en-magdalena-la-fiscalia-general-de-la-nacion-adelanta-acciones-que-buscan-contrarrestar-la-violencia-de-genero\/","name":"Fiscal\u00eda General de la Naci\u00f3n","isPartOf":{"@id":"https:\/\/www.fiscalia.gov.co\/colombia\/#website"},"datePublished":"2022-03-08T22:08:49+00:00","dateModified":"2022-03-08T22:08:49+00:00","description":"P\u00e1gina oficial de la Fiscal\u00eda General de la Naci\u00f3n \u2013 Colombia. Garantizamos el acceso efectivo a la justicia, la verdad y la reparaci\u00f3n de las v\u00edctimas de los delitos.","breadcrumb":{"@id":"https:\/\/www.fiscalia.gov.co\/colombia\/noticias\/en-magdalena-la-fiscalia-general-de-la-nacion-adelanta-acciones-que-buscan-contrarrestar-la-violencia-de-genero\/#breadcrumb"},"inLanguage":"es-CO","potentialAction":[{"@type":"ReadAction","target":["https:\/\/www.fiscalia.gov.co\/colombia\/noticias\/en-magdalena-la-fiscalia-general-de-la-nacion-adelanta-acciones-que-buscan-contrarrestar-la-violencia-de-genero\/"]}]},{"@type":"BreadcrumbList","@id":"https:\/\/www.fiscalia.gov.co\/colombia\/noticias\/en-magdalena-la-fiscalia-general-de-la-nacion-adelanta-acciones-que-buscan-contrarrestar-la-violencia-de-genero\/#breadcrumb","itemListElement":[{"@type":"ListItem","position":1,"name":"Home","item":"https:\/\/www.fiscalia.gov.co\/colombia\/"},{"@type":"ListItem","position":2,"name":"En Magdalena, la Fiscal\u00eda General de la Naci\u00f3n adelanta acciones que buscan contrarrestar la violencia de g\u00e9nero"}]},{"@type":"WebSite","@id":"https:\/\/www.fiscalia.gov.co\/colombia\/#website","url":"https:\/\/www.fiscalia.gov.co\/colombia\/","name":"Fiscal\u00eda General de la Naci\u00f3n","description":"P\u00e1gina oficial de la Fiscal\u00eda General de la Naci\u00f3n \u2013 Colombia. Garantizamos el acceso efectivo a la justicia, la verdad y la reparaci\u00f3n de las v\u00edctimas de los delitos.","publisher":{"@id":"https:\/\/www.fiscalia.gov.co\/colombia\/#organization"},"potentialAction":[{"@type":"SearchAction","target":{"@type":"EntryPoint","urlTemplate":"https:\/\/www.fiscalia.gov.co\/colombia\/?s={search_term_string}"},"query-input":{"@type":"PropertyValueSpecification","valueRequired":true,"valueName":"search_term_string"}}],"inLanguage":"es-CO"},{"@type":"Organization","@id":"https:\/\/www.fiscalia.gov.co\/colombia\/#organization","name":"Fiscal\u00eda General de la Naci\u00f3n","url":"https:\/\/www.fiscalia.gov.co\/colombia\/","logo":{"@type":"ImageObject","inLanguage":"es-CO","@id":"https:\/\/www.fiscalia.gov.co\/colombia\/#\/schema\/logo\/image\/","url":"https:\/\/www.fiscalia.gov.co\/colombia\/wp-content\/uploads\/LogoHorizontal_1.jpg","contentUrl":"https:\/\/www.fiscalia.gov.co\/colombia\/wp-content\/uploads\/LogoHorizontal_1.jpg","width":300,"height":90,"caption":"Fiscal\u00eda General de la Naci\u00f3n"},"image":{"@id":"https:\/\/www.fiscalia.gov.co\/colombia\/#\/schema\/logo\/image\/"},"sameAs":["https:\/\/www.facebook.com\/FiscaliaCol","https:\/\/x.com\/FiscaliaCol","https:\/\/www.instagram.com\/fiscaliacol","https:\/\/www.linkedin.com\/company\/fiscalia-general-de-la-naci-n\/","https:\/\/youtube.com\/@fiscaliageneraldelanacion-4668?si=6nN79nyQICPU5iTh"]},{"@type":"Person","@id":"https:\/\/www.fiscalia.gov.co\/colombia\/#\/schema\/person\/bf84402cf293a5393e9c70b111020b24","name":"Jordan Leandro Oviedo Anzola","image":{"@type":"ImageObject","inLanguage":"es-CO","@id":"https:\/\/www.fiscalia.gov.co\/colombia\/#\/schema\/person\/image\/","url":"https:\/\/secure.gravatar.com\/avatar\/dabba4346fa9b9207d96adafa8f92721?s=96&d=mm&r=g","contentUrl":"https:\/\/secure.gravatar.com\/avatar\/dabba4346fa9b9207d96adafa8f92721?s=96&d=mm&r=g","caption":"Jordan Leandro Oviedo Anzola"},"url":"https:\/\/www.fiscalia.gov.co\/colombia\/author\/joviedo\/"}]}},"_links":{"self":[{"href":"https:\/\/www.fiscalia.gov.co\/colombia\/wp-json\/wp\/v2\/posts\/242957","targetHints":{"allow":["GET"]}}],"collection":[{"href":"https:\/\/www.fiscalia.gov.co\/colombia\/wp-json\/wp\/v2\/posts"}],"about":[{"href":"https:\/\/www.fiscalia.gov.co\/colombia\/wp-json\/wp\/v2\/types\/post"}],"author":[{"embeddable":true,"href":"https:\/\/www.fiscalia.gov.co\/colombia\/wp-json\/wp\/v2\/users\/177"}],"replies":[{"embeddable":true,"href":"https:\/\/www.fiscalia.gov.co\/colombia\/wp-json\/wp\/v2\/comments?post=242957"}],"version-history":[{"count":1,"href":"https:\/\/www.fiscalia.gov.co\/colombia\/wp-json\/wp\/v2\/posts\/242957\/revisions"}],"predecessor-version":[{"id":242959,"href":"https:\/\/www.fiscalia.gov.co\/colombia\/wp-json\/wp\/v2\/posts\/242957\/revisions\/242959"}],"wp:attachment":[{"href":"https:\/\/www.fiscalia.gov.co\/colombia\/wp-json\/wp\/v2\/media?parent=242957"}],"wp:term":[{"taxonomy":"category","embeddable":true,"href":"https:\/\/www.fiscalia.gov.co\/colombia\/wp-json\/wp\/v2\/categories?post=242957"},{"taxonomy":"post_tag","embeddable":true,"href":"https:\/\/www.fiscalia.gov.co\/colombia\/wp-json\/wp\/v2\/tags?post=242957"}],"curies":[{"name":"wp","href":"https:\/\/api.w.org\/{rel}","templated":true}]}}