{"id":242945,"date":"2022-03-08T16:43:48","date_gmt":"2022-03-08T21:43:48","guid":{"rendered":"https:\/\/www.fiscalia.gov.co\/colombia\/?p=242945"},"modified":"2022-03-08T16:43:48","modified_gmt":"2022-03-08T21:43:48","slug":"carcel-para-chulo-presunto-explosivista-del-eln-que-habria-activado-artefacto-que-le-causo-la-muerte-a-una-canina-antiexplosivos-de-la-policia-nacional","status":"publish","type":"post","link":"https:\/\/www.fiscalia.gov.co\/colombia\/noticias\/carcel-para-chulo-presunto-explosivista-del-eln-que-habria-activado-artefacto-que-le-causo-la-muerte-a-una-canina-antiexplosivos-de-la-policia-nacional\/","title":{"rendered":"C\u00e1rcel para \u2018Chulo\u2019, presunto explosivista del ELN que habr\u00eda activado artefacto que le caus\u00f3 la muerte a una canina antiexplosivos de la Polic\u00eda Nacional"},"content":{"rendered":"<p style=\"font-weight: 400;\">Ante la contundencia del material de prueba presentado por la Fiscal\u00eda General de la Naci\u00f3n, un juez de control de garant\u00edas impuso medida de aseguramiento en centro carcelario a Eduardo R\u00edos Rodr\u00edguez, alias Chulo, supuesto explosivista del frente urbano Carlos Germ\u00e1n Velazco del ELN.<\/p>\n<figure id=\"attachment_242946\" aria-describedby=\"caption-attachment-242946\" style=\"width: 696px\" class=\"wp-caption aligncenter\"><img loading=\"lazy\" decoding=\"async\" class=\"size-large wp-image-242946\" src=\"https:\/\/www.fiscalia.gov.co\/colombia\/wp-content\/uploads\/Fiscal-Francisco-Barbosa_Canina-antiexplosivos-1024x541.jpeg\" alt=\"\" width=\"696\" height=\"368\" srcset=\"https:\/\/www.fiscalia.gov.co\/colombia\/wp-content\/uploads\/Fiscal-Francisco-Barbosa_Canina-antiexplosivos-1024x541.jpeg 1024w, https:\/\/www.fiscalia.gov.co\/colombia\/wp-content\/uploads\/Fiscal-Francisco-Barbosa_Canina-antiexplosivos-300x158.jpeg 300w, https:\/\/www.fiscalia.gov.co\/colombia\/wp-content\/uploads\/Fiscal-Francisco-Barbosa_Canina-antiexplosivos-768x406.jpeg 768w, https:\/\/www.fiscalia.gov.co\/colombia\/wp-content\/uploads\/Fiscal-Francisco-Barbosa_Canina-antiexplosivos-696x368.jpeg 696w, https:\/\/www.fiscalia.gov.co\/colombia\/wp-content\/uploads\/Fiscal-Francisco-Barbosa_Canina-antiexplosivos-1068x564.jpeg 1068w, https:\/\/www.fiscalia.gov.co\/colombia\/wp-content\/uploads\/Fiscal-Francisco-Barbosa_Canina-antiexplosivos-795x420.jpeg 795w, https:\/\/www.fiscalia.gov.co\/colombia\/wp-content\/uploads\/Fiscal-Francisco-Barbosa_Canina-antiexplosivos.jpeg 1280w\" sizes=\"auto, (max-width: 696px) 100vw, 696px\" \/><figcaption id=\"caption-attachment-242946\" class=\"wp-caption-text\">Alias Chulo fue capturado en un inmueble de C\u00facuta (Norte de Santander).<\/figcaption><\/figure>\n<p style=\"font-weight: 400;\">Las evidencias dan cuenta de que \u2018Chulo\u2019 ser\u00eda el responsable de varias acciones terroristas registradas los \u00faltimos meses en zona rural de C\u00facuta (Norte de Santander), entre estas, la instalaci\u00f3n y activaci\u00f3n de una carga explosiva en el puente Garc\u00eda Herreros, que comunica a C\u00facuta con Oca\u00f1a (Norte de Santander), el pasado 25 de febrero.<\/p>\n<p style=\"font-weight: 400;\">En el ataque muri\u00f3 \u2018Jelly\u2019, una perra de la Direcci\u00f3n de Antinarc\u00f3ticos de la Polic\u00eda Nacional, que hab\u00eda llegado al lugar para inspeccionar un paquete sospechoso.<\/p>\n<p style=\"font-weight: 400;\">R\u00edos Rodr\u00edguez fue capturado en C\u00facuta (Norte de Santander), en una diligencia realizada por la Fiscal\u00eda y la Polic\u00eda Nacional. El hombre trat\u00f3 de huir por el techo de la vivienda en la que se encontraba; sin embargo, fue alcanzado y detenido. En su poder fueron hallados un rev\u00f3lver, propaganda alusiva al ELN, cuatro cartuchos, un casco t\u00e1ctico y elementos de campa\u00f1a.<\/p>\n<p style=\"font-weight: 400;\">Un fiscal de la Direcci\u00f3n Especializada contra las Organizaciones Criminales imput\u00f3 a alias Chulo los delitos de: fabricaci\u00f3n, tr\u00e1fico, porte o tenencia de armas de fuego, accesorios, partes o municiones; fabricaci\u00f3n, tr\u00e1fico y porte de armas, municiones de uso restringido, de uso privativo de las Fuerzas Armadas o explosivos; y<strong>\u00a0<\/strong>utilizaci\u00f3n ilegal de uniformes e insignias. Los cargos no fueron\u00a0aceptados.<\/p>\n<p style=\"font-weight: 400;\">En las verificaciones se constat\u00f3 que el procesado estaba privado de la libertad en el lugar de residencia, en atenci\u00f3n a una condena en su contra de 11 a\u00f1os y 11 meses de prisi\u00f3n por fabricaci\u00f3n, tr\u00e1fico, porte o tenencia de armas de fuego; y hurto calificado y agravado.<\/p>\n<p style=\"font-weight: 400;\"><strong>La Fiscal\u00eda habla con resultados.<\/strong><\/p>\n<p>&nbsp;<\/p>\n<p>LMBG\/JARG\/DECOC.<\/p>\n<p>&nbsp;<\/p>\n<div class=\"td-post-content tagdiv-type\">\n<p><em>La informaci\u00f3n contenida en este bolet\u00edn de prensa corresponde a la narraci\u00f3n de los hechos<\/em><em> noticiosos objetivos, suministrados por los funcionarios encargados de adelantar las investigaciones penales al interior de la Fiscal\u00eda General de la Naci\u00f3n. Para el momento de la divulgaci\u00f3n de este comunicado, la situaci\u00f3n jur\u00eddica de la(s) persona(s) relacionada(s) se encuentra pendiente de resolver por la autoridad\u00a0judicial competente, siempre bajo los preceptos de la presunci\u00f3n de inocencia, consagrados en el art\u00edculo 29 de la Constituci\u00f3n Pol\u00edtica y el art\u00edculo 7\u00ba de la Ley 906 de 2004.<\/em><\/p>\n<\/div>\n\n<div class=\"twitter-share\"><a href=\"https:\/\/twitter.com\/intent\/tweet?via=fiscaliacol\" class=\"twitter-share-button\">Tweet<\/a><\/div>\n","protected":false},"excerpt":{"rendered":"<p>Ante la contundencia del material de prueba presentado por la Fiscal\u00eda General de la Naci\u00f3n, un juez de control de garant\u00edas impuso medida de aseguramiento en centro carcelario a Eduardo [&hellip;]<\/p>\n","protected":false},"author":177,"featured_media":0,"comment_status":"closed","ping_status":"open","sticky":false,"template":"","format":"standard","meta":{"tdm_status":"","tdm_grid_status":"","footnotes":""},"categories":[24098,1],"tags":[30766,7484,762,24185,24188,1047,558],"class_list":["post-242945","post","type-post","status-publish","format-standard","category-crimen-organizado","category-noticias","tag-canina-antiexplosivos","tag-crimen-organizado","tag-eln","tag-fiscal-barbosa","tag-fiscal-francisco-barbosa","tag-fiscalia-general-de-la-nacion","tag-policia-nacional"],"yoast_head":"<!-- This site is optimized with the Yoast SEO plugin v24.3 - https:\/\/yoast.com\/wordpress\/plugins\/seo\/ -->\n<title>Fiscal\u00eda General de la Naci\u00f3n<\/title>\n<meta name=\"description\" content=\"P\u00e1gina oficial de la Fiscal\u00eda General de la Naci\u00f3n \u2013 Colombia. Garantizamos el acceso efectivo a la justicia, la verdad y la reparaci\u00f3n de las v\u00edctimas de los delitos.\" \/>\n<meta name=\"robots\" content=\"noindex, follow\" \/>\n<meta property=\"og:locale\" content=\"es_ES\" \/>\n<meta property=\"og:type\" content=\"article\" \/>\n<meta property=\"og:title\" content=\"Fiscal\u00eda General de la Naci\u00f3n\" \/>\n<meta property=\"og:description\" content=\"P\u00e1gina oficial de la Fiscal\u00eda General de la Naci\u00f3n \u2013 Colombia. Garantizamos el acceso efectivo a la justicia, la verdad y la reparaci\u00f3n de las v\u00edctimas de los delitos.\" \/>\n<meta property=\"og:url\" content=\"https:\/\/www.fiscalia.gov.co\/colombia\/noticias\/carcel-para-chulo-presunto-explosivista-del-eln-que-habria-activado-artefacto-que-le-causo-la-muerte-a-una-canina-antiexplosivos-de-la-policia-nacional\/\" \/>\n<meta property=\"og:site_name\" content=\"Fiscal\u00eda General de la Naci\u00f3n\" \/>\n<meta property=\"article:publisher\" content=\"https:\/\/www.facebook.com\/FiscaliaCol\" \/>\n<meta property=\"article:published_time\" content=\"2022-03-08T21:43:48+00:00\" \/>\n<meta property=\"og:image\" content=\"https:\/\/www.fiscalia.gov.co\/colombia\/wp-content\/uploads\/Fiscal-Francisco-Barbosa_Canina-antiexplosivos-1024x541.jpeg\" \/>\n<meta name=\"author\" content=\"Jordan Leandro Oviedo Anzola\" \/>\n<meta name=\"twitter:card\" content=\"summary_large_image\" \/>\n<meta name=\"twitter:creator\" content=\"@FiscaliaCol\" \/>\n<meta name=\"twitter:site\" content=\"@FiscaliaCol\" \/>\n<meta name=\"twitter:label1\" content=\"Escrito por\" \/>\n\t<meta name=\"twitter:data1\" content=\"Jordan Leandro Oviedo Anzola\" \/>\n\t<meta name=\"twitter:label2\" content=\"Tiempo de lectura\" \/>\n\t<meta name=\"twitter:data2\" content=\"2 minutos\" \/>\n<script type=\"application\/ld+json\" class=\"yoast-schema-graph\">{\"@context\":\"https:\/\/schema.org\",\"@graph\":[{\"@type\":\"Article\",\"@id\":\"https:\/\/www.fiscalia.gov.co\/colombia\/noticias\/carcel-para-chulo-presunto-explosivista-del-eln-que-habria-activado-artefacto-que-le-causo-la-muerte-a-una-canina-antiexplosivos-de-la-policia-nacional\/#article\",\"isPartOf\":{\"@id\":\"https:\/\/www.fiscalia.gov.co\/colombia\/noticias\/carcel-para-chulo-presunto-explosivista-del-eln-que-habria-activado-artefacto-que-le-causo-la-muerte-a-una-canina-antiexplosivos-de-la-policia-nacional\/\"},\"author\":{\"name\":\"Jordan Leandro Oviedo Anzola\",\"@id\":\"https:\/\/www.fiscalia.gov.co\/colombia\/#\/schema\/person\/bf84402cf293a5393e9c70b111020b24\"},\"headline\":\"C\u00e1rcel para \u2018Chulo\u2019, presunto explosivista del ELN que habr\u00eda activado artefacto que le caus\u00f3 la muerte a una canina antiexplosivos de la Polic\u00eda Nacional\",\"datePublished\":\"2022-03-08T21:43:48+00:00\",\"dateModified\":\"2022-03-08T21:43:48+00:00\",\"mainEntityOfPage\":{\"@id\":\"https:\/\/www.fiscalia.gov.co\/colombia\/noticias\/carcel-para-chulo-presunto-explosivista-del-eln-que-habria-activado-artefacto-que-le-causo-la-muerte-a-una-canina-antiexplosivos-de-la-policia-nacional\/\"},\"wordCount\":490,\"publisher\":{\"@id\":\"https:\/\/www.fiscalia.gov.co\/colombia\/#organization\"},\"image\":{\"@id\":\"https:\/\/www.fiscalia.gov.co\/colombia\/noticias\/carcel-para-chulo-presunto-explosivista-del-eln-que-habria-activado-artefacto-que-le-causo-la-muerte-a-una-canina-antiexplosivos-de-la-policia-nacional\/#primaryimage\"},\"thumbnailUrl\":\"https:\/\/www.fiscalia.gov.co\/colombia\/wp-content\/uploads\/Fiscal-Francisco-Barbosa_Canina-antiexplosivos-1024x541.jpeg\",\"keywords\":[\"Canina antiexplosivos\",\"Crimen organizado\",\"Eln\",\"Fiscal Barbosa\",\"Fiscal Francisco Barbosa\",\"Fiscal\u00eda General de la Naci\u00f3n\",\"Polic\u00eda Nacional\"],\"articleSection\":[\"Crimen organizado\",\"Noticias\"],\"inLanguage\":\"es-CO\"},{\"@type\":\"WebPage\",\"@id\":\"https:\/\/www.fiscalia.gov.co\/colombia\/noticias\/carcel-para-chulo-presunto-explosivista-del-eln-que-habria-activado-artefacto-que-le-causo-la-muerte-a-una-canina-antiexplosivos-de-la-policia-nacional\/\",\"url\":\"https:\/\/www.fiscalia.gov.co\/colombia\/noticias\/carcel-para-chulo-presunto-explosivista-del-eln-que-habria-activado-artefacto-que-le-causo-la-muerte-a-una-canina-antiexplosivos-de-la-policia-nacional\/\",\"name\":\"Fiscal\u00eda General de la Naci\u00f3n\",\"isPartOf\":{\"@id\":\"https:\/\/www.fiscalia.gov.co\/colombia\/#website\"},\"primaryImageOfPage\":{\"@id\":\"https:\/\/www.fiscalia.gov.co\/colombia\/noticias\/carcel-para-chulo-presunto-explosivista-del-eln-que-habria-activado-artefacto-que-le-causo-la-muerte-a-una-canina-antiexplosivos-de-la-policia-nacional\/#primaryimage\"},\"image\":{\"@id\":\"https:\/\/www.fiscalia.gov.co\/colombia\/noticias\/carcel-para-chulo-presunto-explosivista-del-eln-que-habria-activado-artefacto-que-le-causo-la-muerte-a-una-canina-antiexplosivos-de-la-policia-nacional\/#primaryimage\"},\"thumbnailUrl\":\"https:\/\/www.fiscalia.gov.co\/colombia\/wp-content\/uploads\/Fiscal-Francisco-Barbosa_Canina-antiexplosivos-1024x541.jpeg\",\"datePublished\":\"2022-03-08T21:43:48+00:00\",\"dateModified\":\"2022-03-08T21:43:48+00:00\",\"description\":\"P\u00e1gina oficial de la Fiscal\u00eda General de la Naci\u00f3n \u2013 Colombia. Garantizamos el acceso efectivo a la justicia, la verdad y la reparaci\u00f3n de las v\u00edctimas de los delitos.\",\"breadcrumb\":{\"@id\":\"https:\/\/www.fiscalia.gov.co\/colombia\/noticias\/carcel-para-chulo-presunto-explosivista-del-eln-que-habria-activado-artefacto-que-le-causo-la-muerte-a-una-canina-antiexplosivos-de-la-policia-nacional\/#breadcrumb\"},\"inLanguage\":\"es-CO\",\"potentialAction\":[{\"@type\":\"ReadAction\",\"target\":[\"https:\/\/www.fiscalia.gov.co\/colombia\/noticias\/carcel-para-chulo-presunto-explosivista-del-eln-que-habria-activado-artefacto-que-le-causo-la-muerte-a-una-canina-antiexplosivos-de-la-policia-nacional\/\"]}]},{\"@type\":\"ImageObject\",\"inLanguage\":\"es-CO\",\"@id\":\"https:\/\/www.fiscalia.gov.co\/colombia\/noticias\/carcel-para-chulo-presunto-explosivista-del-eln-que-habria-activado-artefacto-que-le-causo-la-muerte-a-una-canina-antiexplosivos-de-la-policia-nacional\/#primaryimage\",\"url\":\"https:\/\/www.fiscalia.gov.co\/colombia\/wp-content\/uploads\/Fiscal-Francisco-Barbosa_Canina-antiexplosivos-1024x541.jpeg\",\"contentUrl\":\"https:\/\/www.fiscalia.gov.co\/colombia\/wp-content\/uploads\/Fiscal-Francisco-Barbosa_Canina-antiexplosivos-1024x541.jpeg\"},{\"@type\":\"BreadcrumbList\",\"@id\":\"https:\/\/www.fiscalia.gov.co\/colombia\/noticias\/carcel-para-chulo-presunto-explosivista-del-eln-que-habria-activado-artefacto-que-le-causo-la-muerte-a-una-canina-antiexplosivos-de-la-policia-nacional\/#breadcrumb\",\"itemListElement\":[{\"@type\":\"ListItem\",\"position\":1,\"name\":\"Home\",\"item\":\"https:\/\/www.fiscalia.gov.co\/colombia\/\"},{\"@type\":\"ListItem\",\"position\":2,\"name\":\"C\u00e1rcel para \u2018Chulo\u2019, presunto explosivista del ELN que habr\u00eda activado artefacto que le caus\u00f3 la muerte a una canina antiexplosivos de la Polic\u00eda Nacional\"}]},{\"@type\":\"WebSite\",\"@id\":\"https:\/\/www.fiscalia.gov.co\/colombia\/#website\",\"url\":\"https:\/\/www.fiscalia.gov.co\/colombia\/\",\"name\":\"Fiscal\u00eda General de la Naci\u00f3n\",\"description\":\"P\u00e1gina oficial de la Fiscal\u00eda General de la Naci\u00f3n \u2013 Colombia. Garantizamos el acceso efectivo a la justicia, la verdad y la reparaci\u00f3n de las v\u00edctimas de los delitos.\",\"publisher\":{\"@id\":\"https:\/\/www.fiscalia.gov.co\/colombia\/#organization\"},\"potentialAction\":[{\"@type\":\"SearchAction\",\"target\":{\"@type\":\"EntryPoint\",\"urlTemplate\":\"https:\/\/www.fiscalia.gov.co\/colombia\/?s={search_term_string}\"},\"query-input\":{\"@type\":\"PropertyValueSpecification\",\"valueRequired\":true,\"valueName\":\"search_term_string\"}}],\"inLanguage\":\"es-CO\"},{\"@type\":\"Organization\",\"@id\":\"https:\/\/www.fiscalia.gov.co\/colombia\/#organization\",\"name\":\"Fiscal\u00eda General de la Naci\u00f3n\",\"url\":\"https:\/\/www.fiscalia.gov.co\/colombia\/\",\"logo\":{\"@type\":\"ImageObject\",\"inLanguage\":\"es-CO\",\"@id\":\"https:\/\/www.fiscalia.gov.co\/colombia\/#\/schema\/logo\/image\/\",\"url\":\"https:\/\/www.fiscalia.gov.co\/colombia\/wp-content\/uploads\/LogoHorizontal_1.jpg\",\"contentUrl\":\"https:\/\/www.fiscalia.gov.co\/colombia\/wp-content\/uploads\/LogoHorizontal_1.jpg\",\"width\":300,\"height\":90,\"caption\":\"Fiscal\u00eda General de la Naci\u00f3n\"},\"image\":{\"@id\":\"https:\/\/www.fiscalia.gov.co\/colombia\/#\/schema\/logo\/image\/\"},\"sameAs\":[\"https:\/\/www.facebook.com\/FiscaliaCol\",\"https:\/\/x.com\/FiscaliaCol\",\"https:\/\/www.instagram.com\/fiscaliacol\",\"https:\/\/www.linkedin.com\/company\/fiscalia-general-de-la-naci-n\/\",\"https:\/\/youtube.com\/@fiscaliageneraldelanacion-4668?si=6nN79nyQICPU5iTh\"]},{\"@type\":\"Person\",\"@id\":\"https:\/\/www.fiscalia.gov.co\/colombia\/#\/schema\/person\/bf84402cf293a5393e9c70b111020b24\",\"name\":\"Jordan Leandro Oviedo Anzola\",\"image\":{\"@type\":\"ImageObject\",\"inLanguage\":\"es-CO\",\"@id\":\"https:\/\/www.fiscalia.gov.co\/colombia\/#\/schema\/person\/image\/\",\"url\":\"https:\/\/secure.gravatar.com\/avatar\/dabba4346fa9b9207d96adafa8f92721?s=96&d=mm&r=g\",\"contentUrl\":\"https:\/\/secure.gravatar.com\/avatar\/dabba4346fa9b9207d96adafa8f92721?s=96&d=mm&r=g\",\"caption\":\"Jordan Leandro Oviedo Anzola\"},\"url\":\"https:\/\/www.fiscalia.gov.co\/colombia\/author\/joviedo\/\"}]}<\/script>\n<!-- \/ Yoast SEO plugin. -->","yoast_head_json":{"title":"Fiscal\u00eda General de la Naci\u00f3n","description":"P\u00e1gina oficial de la Fiscal\u00eda General de la Naci\u00f3n \u2013 Colombia. Garantizamos el acceso efectivo a la justicia, la verdad y la reparaci\u00f3n de las v\u00edctimas de los delitos.","robots":{"index":"noindex","follow":"follow"},"og_locale":"es_ES","og_type":"article","og_title":"Fiscal\u00eda General de la Naci\u00f3n","og_description":"P\u00e1gina oficial de la Fiscal\u00eda General de la Naci\u00f3n \u2013 Colombia. Garantizamos el acceso efectivo a la justicia, la verdad y la reparaci\u00f3n de las v\u00edctimas de los delitos.","og_url":"https:\/\/www.fiscalia.gov.co\/colombia\/noticias\/carcel-para-chulo-presunto-explosivista-del-eln-que-habria-activado-artefacto-que-le-causo-la-muerte-a-una-canina-antiexplosivos-de-la-policia-nacional\/","og_site_name":"Fiscal\u00eda General de la Naci\u00f3n","article_publisher":"https:\/\/www.facebook.com\/FiscaliaCol","article_published_time":"2022-03-08T21:43:48+00:00","og_image":[{"url":"https:\/\/www.fiscalia.gov.co\/colombia\/wp-content\/uploads\/Fiscal-Francisco-Barbosa_Canina-antiexplosivos-1024x541.jpeg","type":"","width":"","height":""}],"author":"Jordan Leandro Oviedo Anzola","twitter_card":"summary_large_image","twitter_creator":"@FiscaliaCol","twitter_site":"@FiscaliaCol","twitter_misc":{"Escrito por":"Jordan Leandro Oviedo Anzola","Tiempo de lectura":"2 minutos"},"schema":{"@context":"https:\/\/schema.org","@graph":[{"@type":"Article","@id":"https:\/\/www.fiscalia.gov.co\/colombia\/noticias\/carcel-para-chulo-presunto-explosivista-del-eln-que-habria-activado-artefacto-que-le-causo-la-muerte-a-una-canina-antiexplosivos-de-la-policia-nacional\/#article","isPartOf":{"@id":"https:\/\/www.fiscalia.gov.co\/colombia\/noticias\/carcel-para-chulo-presunto-explosivista-del-eln-que-habria-activado-artefacto-que-le-causo-la-muerte-a-una-canina-antiexplosivos-de-la-policia-nacional\/"},"author":{"name":"Jordan Leandro Oviedo Anzola","@id":"https:\/\/www.fiscalia.gov.co\/colombia\/#\/schema\/person\/bf84402cf293a5393e9c70b111020b24"},"headline":"C\u00e1rcel para \u2018Chulo\u2019, presunto explosivista del ELN que habr\u00eda activado artefacto que le caus\u00f3 la muerte a una canina antiexplosivos de la Polic\u00eda Nacional","datePublished":"2022-03-08T21:43:48+00:00","dateModified":"2022-03-08T21:43:48+00:00","mainEntityOfPage":{"@id":"https:\/\/www.fiscalia.gov.co\/colombia\/noticias\/carcel-para-chulo-presunto-explosivista-del-eln-que-habria-activado-artefacto-que-le-causo-la-muerte-a-una-canina-antiexplosivos-de-la-policia-nacional\/"},"wordCount":490,"publisher":{"@id":"https:\/\/www.fiscalia.gov.co\/colombia\/#organization"},"image":{"@id":"https:\/\/www.fiscalia.gov.co\/colombia\/noticias\/carcel-para-chulo-presunto-explosivista-del-eln-que-habria-activado-artefacto-que-le-causo-la-muerte-a-una-canina-antiexplosivos-de-la-policia-nacional\/#primaryimage"},"thumbnailUrl":"https:\/\/www.fiscalia.gov.co\/colombia\/wp-content\/uploads\/Fiscal-Francisco-Barbosa_Canina-antiexplosivos-1024x541.jpeg","keywords":["Canina antiexplosivos","Crimen organizado","Eln","Fiscal Barbosa","Fiscal Francisco Barbosa","Fiscal\u00eda General de la Naci\u00f3n","Polic\u00eda Nacional"],"articleSection":["Crimen organizado","Noticias"],"inLanguage":"es-CO"},{"@type":"WebPage","@id":"https:\/\/www.fiscalia.gov.co\/colombia\/noticias\/carcel-para-chulo-presunto-explosivista-del-eln-que-habria-activado-artefacto-que-le-causo-la-muerte-a-una-canina-antiexplosivos-de-la-policia-nacional\/","url":"https:\/\/www.fiscalia.gov.co\/colombia\/noticias\/carcel-para-chulo-presunto-explosivista-del-eln-que-habria-activado-artefacto-que-le-causo-la-muerte-a-una-canina-antiexplosivos-de-la-policia-nacional\/","name":"Fiscal\u00eda General de la Naci\u00f3n","isPartOf":{"@id":"https:\/\/www.fiscalia.gov.co\/colombia\/#website"},"primaryImageOfPage":{"@id":"https:\/\/www.fiscalia.gov.co\/colombia\/noticias\/carcel-para-chulo-presunto-explosivista-del-eln-que-habria-activado-artefacto-que-le-causo-la-muerte-a-una-canina-antiexplosivos-de-la-policia-nacional\/#primaryimage"},"image":{"@id":"https:\/\/www.fiscalia.gov.co\/colombia\/noticias\/carcel-para-chulo-presunto-explosivista-del-eln-que-habria-activado-artefacto-que-le-causo-la-muerte-a-una-canina-antiexplosivos-de-la-policia-nacional\/#primaryimage"},"thumbnailUrl":"https:\/\/www.fiscalia.gov.co\/colombia\/wp-content\/uploads\/Fiscal-Francisco-Barbosa_Canina-antiexplosivos-1024x541.jpeg","datePublished":"2022-03-08T21:43:48+00:00","dateModified":"2022-03-08T21:43:48+00:00","description":"P\u00e1gina oficial de la Fiscal\u00eda General de la Naci\u00f3n \u2013 Colombia. Garantizamos el acceso efectivo a la justicia, la verdad y la reparaci\u00f3n de las v\u00edctimas de los delitos.","breadcrumb":{"@id":"https:\/\/www.fiscalia.gov.co\/colombia\/noticias\/carcel-para-chulo-presunto-explosivista-del-eln-que-habria-activado-artefacto-que-le-causo-la-muerte-a-una-canina-antiexplosivos-de-la-policia-nacional\/#breadcrumb"},"inLanguage":"es-CO","potentialAction":[{"@type":"ReadAction","target":["https:\/\/www.fiscalia.gov.co\/colombia\/noticias\/carcel-para-chulo-presunto-explosivista-del-eln-que-habria-activado-artefacto-que-le-causo-la-muerte-a-una-canina-antiexplosivos-de-la-policia-nacional\/"]}]},{"@type":"ImageObject","inLanguage":"es-CO","@id":"https:\/\/www.fiscalia.gov.co\/colombia\/noticias\/carcel-para-chulo-presunto-explosivista-del-eln-que-habria-activado-artefacto-que-le-causo-la-muerte-a-una-canina-antiexplosivos-de-la-policia-nacional\/#primaryimage","url":"https:\/\/www.fiscalia.gov.co\/colombia\/wp-content\/uploads\/Fiscal-Francisco-Barbosa_Canina-antiexplosivos-1024x541.jpeg","contentUrl":"https:\/\/www.fiscalia.gov.co\/colombia\/wp-content\/uploads\/Fiscal-Francisco-Barbosa_Canina-antiexplosivos-1024x541.jpeg"},{"@type":"BreadcrumbList","@id":"https:\/\/www.fiscalia.gov.co\/colombia\/noticias\/carcel-para-chulo-presunto-explosivista-del-eln-que-habria-activado-artefacto-que-le-causo-la-muerte-a-una-canina-antiexplosivos-de-la-policia-nacional\/#breadcrumb","itemListElement":[{"@type":"ListItem","position":1,"name":"Home","item":"https:\/\/www.fiscalia.gov.co\/colombia\/"},{"@type":"ListItem","position":2,"name":"C\u00e1rcel para \u2018Chulo\u2019, presunto explosivista del ELN que habr\u00eda activado artefacto que le caus\u00f3 la muerte a una canina antiexplosivos de la Polic\u00eda Nacional"}]},{"@type":"WebSite","@id":"https:\/\/www.fiscalia.gov.co\/colombia\/#website","url":"https:\/\/www.fiscalia.gov.co\/colombia\/","name":"Fiscal\u00eda General de la Naci\u00f3n","description":"P\u00e1gina oficial de la Fiscal\u00eda General de la Naci\u00f3n \u2013 Colombia. Garantizamos el acceso efectivo a la justicia, la verdad y la reparaci\u00f3n de las v\u00edctimas de los delitos.","publisher":{"@id":"https:\/\/www.fiscalia.gov.co\/colombia\/#organization"},"potentialAction":[{"@type":"SearchAction","target":{"@type":"EntryPoint","urlTemplate":"https:\/\/www.fiscalia.gov.co\/colombia\/?s={search_term_string}"},"query-input":{"@type":"PropertyValueSpecification","valueRequired":true,"valueName":"search_term_string"}}],"inLanguage":"es-CO"},{"@type":"Organization","@id":"https:\/\/www.fiscalia.gov.co\/colombia\/#organization","name":"Fiscal\u00eda General de la Naci\u00f3n","url":"https:\/\/www.fiscalia.gov.co\/colombia\/","logo":{"@type":"ImageObject","inLanguage":"es-CO","@id":"https:\/\/www.fiscalia.gov.co\/colombia\/#\/schema\/logo\/image\/","url":"https:\/\/www.fiscalia.gov.co\/colombia\/wp-content\/uploads\/LogoHorizontal_1.jpg","contentUrl":"https:\/\/www.fiscalia.gov.co\/colombia\/wp-content\/uploads\/LogoHorizontal_1.jpg","width":300,"height":90,"caption":"Fiscal\u00eda General de la Naci\u00f3n"},"image":{"@id":"https:\/\/www.fiscalia.gov.co\/colombia\/#\/schema\/logo\/image\/"},"sameAs":["https:\/\/www.facebook.com\/FiscaliaCol","https:\/\/x.com\/FiscaliaCol","https:\/\/www.instagram.com\/fiscaliacol","https:\/\/www.linkedin.com\/company\/fiscalia-general-de-la-naci-n\/","https:\/\/youtube.com\/@fiscaliageneraldelanacion-4668?si=6nN79nyQICPU5iTh"]},{"@type":"Person","@id":"https:\/\/www.fiscalia.gov.co\/colombia\/#\/schema\/person\/bf84402cf293a5393e9c70b111020b24","name":"Jordan Leandro Oviedo Anzola","image":{"@type":"ImageObject","inLanguage":"es-CO","@id":"https:\/\/www.fiscalia.gov.co\/colombia\/#\/schema\/person\/image\/","url":"https:\/\/secure.gravatar.com\/avatar\/dabba4346fa9b9207d96adafa8f92721?s=96&d=mm&r=g","contentUrl":"https:\/\/secure.gravatar.com\/avatar\/dabba4346fa9b9207d96adafa8f92721?s=96&d=mm&r=g","caption":"Jordan Leandro Oviedo Anzola"},"url":"https:\/\/www.fiscalia.gov.co\/colombia\/author\/joviedo\/"}]}},"_links":{"self":[{"href":"https:\/\/www.fiscalia.gov.co\/colombia\/wp-json\/wp\/v2\/posts\/242945","targetHints":{"allow":["GET"]}}],"collection":[{"href":"https:\/\/www.fiscalia.gov.co\/colombia\/wp-json\/wp\/v2\/posts"}],"about":[{"href":"https:\/\/www.fiscalia.gov.co\/colombia\/wp-json\/wp\/v2\/types\/post"}],"author":[{"embeddable":true,"href":"https:\/\/www.fiscalia.gov.co\/colombia\/wp-json\/wp\/v2\/users\/177"}],"replies":[{"embeddable":true,"href":"https:\/\/www.fiscalia.gov.co\/colombia\/wp-json\/wp\/v2\/comments?post=242945"}],"version-history":[{"count":1,"href":"https:\/\/www.fiscalia.gov.co\/colombia\/wp-json\/wp\/v2\/posts\/242945\/revisions"}],"predecessor-version":[{"id":242947,"href":"https:\/\/www.fiscalia.gov.co\/colombia\/wp-json\/wp\/v2\/posts\/242945\/revisions\/242947"}],"wp:attachment":[{"href":"https:\/\/www.fiscalia.gov.co\/colombia\/wp-json\/wp\/v2\/media?parent=242945"}],"wp:term":[{"taxonomy":"category","embeddable":true,"href":"https:\/\/www.fiscalia.gov.co\/colombia\/wp-json\/wp\/v2\/categories?post=242945"},{"taxonomy":"post_tag","embeddable":true,"href":"https:\/\/www.fiscalia.gov.co\/colombia\/wp-json\/wp\/v2\/tags?post=242945"}],"curies":[{"name":"wp","href":"https:\/\/api.w.org\/{rel}","templated":true}]}}