{"id":242753,"date":"2022-03-05T10:28:19","date_gmt":"2022-03-05T15:28:19","guid":{"rendered":"https:\/\/www.fiscalia.gov.co\/colombia\/?p=242753"},"modified":"2022-03-05T10:28:19","modified_gmt":"2022-03-05T15:28:19","slug":"cae-la-red-de-el-mago-senalada-de-obtener-y-alterar-pasaportes-que-eran-enviados-a-integrantes-de-organizaciones-delincuenciales-en-distintos-paises-del-mundo","status":"publish","type":"post","link":"https:\/\/www.fiscalia.gov.co\/colombia\/noticias\/cae-la-red-de-el-mago-senalada-de-obtener-y-alterar-pasaportes-que-eran-enviados-a-integrantes-de-organizaciones-delincuenciales-en-distintos-paises-del-mundo\/","title":{"rendered":"Cae la red de \u2018El Mago\u2019, se\u00f1alada de obtener y alterar pasaportes que eran enviados a integrantes de organizaciones delincuenciales en distintos pa\u00edses del mundo"},"content":{"rendered":"<h4><strong><em>Seis personas fueron capturadas y judicializadas. Adicionalmente, se encontraron maquinaria, insumos, sellos, hologramas y cerca de 200 pasaportes de Espa\u00f1a, M\u00e9xico Turqu\u00eda, India, Argentina, Estados Unidos, Italia, Israel y Guatemala, entre otros pa\u00edses.<\/em><\/strong><\/h4>\n<p>La Fiscal\u00eda General de la Naci\u00f3n, en un trabajo articulado con el CTI, Migraci\u00f3n Colombia y el Servicio de Seguridad Diplom\u00e1tico de la Embajada de Estados Unidos en Colombia, desarticul\u00f3 la red de alias El Mago, se\u00f1alada de obtener y alterar pasaportes de diferentes pa\u00edses de Europa, Asia y Am\u00e9rica.<\/p>\n<p>Esta organizaci\u00f3n, supuestamente, recib\u00eda v\u00eda servicio postal los documentos hurtados o extraviados en diferentes aeropuertos y ciudades del mundo. Al parecer, eran entregados a \u2018El Mago\u2019, quien ser\u00eda el encargado de modificar identidades, fotograf\u00edas y otros datos. Luego, sus presuntos c\u00f3mplices se encargaban de venderlos y enviarlos a distintos destinos.<\/p>\n<p>La investigaci\u00f3n permiti\u00f3 conocer que, mediante este andamiaje ilegal, los se\u00f1alados integrantes de la estructura habr\u00edan elaborado y comercializado pasaportes, licencias de conducci\u00f3n, cartas de identidad y hasta certificados internacionales de vacunaci\u00f3n contra el COVID &#8211; 19 a personas con antecedentes judiciales y delincuentes en Rumania, Bulgaria, Espa\u00f1a, Francia, Portugal, M\u00e9xico, Argentina y Estados Unidos, entre otros pa\u00edses.<\/p>\n<p><strong>Captura y judicializaci\u00f3n<\/strong><\/p>\n<p>Seis personas que har\u00edan parte de la red ilegal fueron capturadas en Bogot\u00e1, entre ellos, William Estrada, alias El Mago. Los dem\u00e1s detenidos cumplir\u00edan el rol de tramitadores y ser\u00edan los encargados de las negociaciones internacionales, de recibir y enviar los documentos falsos.<\/p>\n<p>En 20 diligencias de registro y allanamiento se encontraron cerca de 200 pasaportes de Espa\u00f1a, M\u00e9xico, Turqu\u00eda, India, Argentina, Estados Unidos, Italia, Israel, Guatemala, Costa Rica, Per\u00fa, Rep\u00fablica Dominicana, Portugal, Venezuela, China y Rumania. Adicionalmente, fueron incautados car\u00e1tulas para pasaportes de diversas nacionalidades, abundante documentaci\u00f3n, sellos, rollos de hologramas, maquinaria y una importante cantidad de dispositivos de almacenamiento.<\/p>\n<p>Un fiscal de la Direcci\u00f3n Especializada contras las Organizaciones Criminales present\u00f3 a los detenidos ante un juez de control de garant\u00edas y les imput\u00f3 delitos como: concierto para delinquir, falsedad material en documento p\u00fablico y receptaci\u00f3n. Tres de los procesados, uno de ellos \u2018El Mago\u2019, aceptaron cargos.<\/p>\n<p>Todos los investigados recibieron medidas privativas de la libertad, ellos son:<\/p>\n<ul>\n<li>William Estrada, alias El Mago (medida intramural).<\/li>\n<li>Jorge Alberto Guti\u00e9rrez, alias Soldado (medida intramural).<\/li>\n<li>Luis Fernando Mar\u00edn, alias Amichi (medida intramural).<\/li>\n<li>Luis Jaime D\u00edaz Monclub, alias Correcaminos (medida en el lugar de residencia).<\/li>\n<li>Jos\u00e9 Leonel Arag\u00f3n Var\u00f3n, alias Leo (medida en el lugar de residencia).<\/li>\n<li>Aida Xiomara Chaux G\u00f3mez (medida en el lugar de residencia).<\/li>\n<\/ul>\n<p><strong>Los c\u00f3digos del delito<\/strong><\/p>\n<p>Los controles t\u00e9cnicos permitieron identificar varios c\u00f3digos que usaban los supuestos integrantes de la red de El Mago para recibir por encargo \u00f3rdenes para elaborar pasaportes de distintas nacionalidades. Por ejemplo, colombianos era denominados \u2018Caliche\u2019, mexicanos \u2018sombrer\u00f3n\u2019, espa\u00f1oles \u2018torero\u2019, franceses \u2018torre\u2019, y argentinos \u2018Maradona\u2019, \u2018Higuain\u2019 o \u2018Messi\u2019, entre otros muchas palabras.<\/p>\n<p>La investigaci\u00f3n da cuenta de que por un documento cobraban hasta $1\u2019800.000; y que Rumania, Espa\u00f1a, Estados Unidos y M\u00e9xico ser\u00edan los destinos a los que m\u00e1s enviaban pasaportes y licencias de conducci\u00f3n. La mayor cantidad de receptores, al parecer, eran personas que acaban de salir de la c\u00e1rcel o integrantes de bandas de estafadores, narcotraficantes o asaltantes.<\/p>\n<p>Esta informaci\u00f3n se publica por razones de inter\u00e9s general.<\/p>\n<p>&nbsp;<\/p>\n<p><strong>La Fiscal\u00eda habla con resultados.<\/strong><\/p>\n<p>&nbsp;<\/p>\n<p>JARG\/DECOC\/MCRC.<\/p>\n<p>&nbsp;<\/p>\n<p><em>La informaci\u00f3n contenida en este bolet\u00edn de prensa corresponde a la narraci\u00f3n de los hechos noticiosos objetivos, suministrados por los funcionarios encargados de adelantar las investigaciones penales al interior de la Fiscal\u00eda General de la Naci\u00f3n. Para el momento de la divulgaci\u00f3n de este comunicado, la situaci\u00f3n jur\u00eddica de la(s) persona(s) relacionada(s) se encuentra pendiente de resolver por la autoridad judicial competente, siempre bajo los preceptos de la presunci\u00f3n de inocencia, consagrados en el art\u00edculo 29 de la Constituci\u00f3n Pol\u00edtica y el art\u00edculo 7\u00ba de la Ley 906 de 2004.<\/em><\/p>\n\n<div class=\"twitter-share\"><a href=\"https:\/\/twitter.com\/intent\/tweet?via=fiscaliacol\" class=\"twitter-share-button\">Tweet<\/a><\/div>\n","protected":false},"excerpt":{"rendered":"<p>Seis personas fueron capturadas y judicializadas. Adicionalmente, se encontraron maquinaria, insumos, sellos, hologramas y cerca de 200 pasaportes de Espa\u00f1a, M\u00e9xico Turqu\u00eda, India, Argentina, Estados Unidos, Italia, Israel y Guatemala, [&hellip;]<\/p>\n","protected":false},"author":177,"featured_media":0,"comment_status":"closed","ping_status":"open","sticky":false,"template":"","format":"standard","meta":{"tdm_status":"","tdm_grid_status":"","footnotes":""},"categories":[24098,1],"tags":[7484,24185,24188,29144,30745],"class_list":["post-242753","post","type-post","status-publish","format-standard","category-crimen-organizado","category-noticias","tag-crimen-organizado","tag-fiscal-barbosa","tag-fiscal-francisco-barbosa","tag-fiscalia-genera-de-la-nacion","tag-pasaportes"],"yoast_head":"<!-- This site is optimized with the Yoast SEO plugin v24.3 - https:\/\/yoast.com\/wordpress\/plugins\/seo\/ -->\n<title>Fiscal\u00eda General de la Naci\u00f3n<\/title>\n<meta name=\"description\" content=\"P\u00e1gina oficial de la Fiscal\u00eda General de la Naci\u00f3n \u2013 Colombia. Garantizamos el acceso efectivo a la justicia, la verdad y la reparaci\u00f3n de las v\u00edctimas de los delitos.\" \/>\n<meta name=\"robots\" content=\"noindex, follow\" \/>\n<meta property=\"og:locale\" content=\"es_ES\" \/>\n<meta property=\"og:type\" content=\"article\" \/>\n<meta property=\"og:title\" content=\"Fiscal\u00eda General de la Naci\u00f3n\" \/>\n<meta property=\"og:description\" content=\"P\u00e1gina oficial de la Fiscal\u00eda General de la Naci\u00f3n \u2013 Colombia. Garantizamos el acceso efectivo a la justicia, la verdad y la reparaci\u00f3n de las v\u00edctimas de los delitos.\" \/>\n<meta property=\"og:url\" content=\"https:\/\/www.fiscalia.gov.co\/colombia\/noticias\/cae-la-red-de-el-mago-senalada-de-obtener-y-alterar-pasaportes-que-eran-enviados-a-integrantes-de-organizaciones-delincuenciales-en-distintos-paises-del-mundo\/\" \/>\n<meta property=\"og:site_name\" content=\"Fiscal\u00eda General de la Naci\u00f3n\" \/>\n<meta property=\"article:publisher\" content=\"https:\/\/www.facebook.com\/FiscaliaCol\" \/>\n<meta property=\"article:published_time\" content=\"2022-03-05T15:28:19+00:00\" \/>\n<meta name=\"author\" content=\"Jordan Leandro Oviedo Anzola\" \/>\n<meta name=\"twitter:card\" content=\"summary_large_image\" \/>\n<meta name=\"twitter:creator\" content=\"@FiscaliaCol\" \/>\n<meta name=\"twitter:site\" content=\"@FiscaliaCol\" \/>\n<meta name=\"twitter:label1\" content=\"Escrito por\" \/>\n\t<meta name=\"twitter:data1\" content=\"Jordan Leandro Oviedo Anzola\" \/>\n\t<meta name=\"twitter:label2\" content=\"Tiempo de lectura\" \/>\n\t<meta name=\"twitter:data2\" content=\"3 minutos\" \/>\n<script type=\"application\/ld+json\" class=\"yoast-schema-graph\">{\"@context\":\"https:\/\/schema.org\",\"@graph\":[{\"@type\":\"Article\",\"@id\":\"https:\/\/www.fiscalia.gov.co\/colombia\/noticias\/cae-la-red-de-el-mago-senalada-de-obtener-y-alterar-pasaportes-que-eran-enviados-a-integrantes-de-organizaciones-delincuenciales-en-distintos-paises-del-mundo\/#article\",\"isPartOf\":{\"@id\":\"https:\/\/www.fiscalia.gov.co\/colombia\/noticias\/cae-la-red-de-el-mago-senalada-de-obtener-y-alterar-pasaportes-que-eran-enviados-a-integrantes-de-organizaciones-delincuenciales-en-distintos-paises-del-mundo\/\"},\"author\":{\"name\":\"Jordan Leandro Oviedo Anzola\",\"@id\":\"https:\/\/www.fiscalia.gov.co\/colombia\/#\/schema\/person\/bf84402cf293a5393e9c70b111020b24\"},\"headline\":\"Cae la red de \u2018El Mago\u2019, se\u00f1alada de obtener y alterar pasaportes que eran enviados a integrantes de organizaciones delincuenciales en distintos pa\u00edses del mundo\",\"datePublished\":\"2022-03-05T15:28:19+00:00\",\"dateModified\":\"2022-03-05T15:28:19+00:00\",\"mainEntityOfPage\":{\"@id\":\"https:\/\/www.fiscalia.gov.co\/colombia\/noticias\/cae-la-red-de-el-mago-senalada-de-obtener-y-alterar-pasaportes-que-eran-enviados-a-integrantes-de-organizaciones-delincuenciales-en-distintos-paises-del-mundo\/\"},\"wordCount\":726,\"publisher\":{\"@id\":\"https:\/\/www.fiscalia.gov.co\/colombia\/#organization\"},\"keywords\":[\"Crimen organizado\",\"Fiscal Barbosa\",\"Fiscal Francisco Barbosa\",\"Fiscal\u00eda Genera de la Naci\u00f3n\",\"pasaportes\"],\"articleSection\":[\"Crimen organizado\",\"Noticias\"],\"inLanguage\":\"es-CO\"},{\"@type\":\"WebPage\",\"@id\":\"https:\/\/www.fiscalia.gov.co\/colombia\/noticias\/cae-la-red-de-el-mago-senalada-de-obtener-y-alterar-pasaportes-que-eran-enviados-a-integrantes-de-organizaciones-delincuenciales-en-distintos-paises-del-mundo\/\",\"url\":\"https:\/\/www.fiscalia.gov.co\/colombia\/noticias\/cae-la-red-de-el-mago-senalada-de-obtener-y-alterar-pasaportes-que-eran-enviados-a-integrantes-de-organizaciones-delincuenciales-en-distintos-paises-del-mundo\/\",\"name\":\"Fiscal\u00eda General de la Naci\u00f3n\",\"isPartOf\":{\"@id\":\"https:\/\/www.fiscalia.gov.co\/colombia\/#website\"},\"datePublished\":\"2022-03-05T15:28:19+00:00\",\"dateModified\":\"2022-03-05T15:28:19+00:00\",\"description\":\"P\u00e1gina oficial de la Fiscal\u00eda General de la Naci\u00f3n \u2013 Colombia. Garantizamos el acceso efectivo a la justicia, la verdad y la reparaci\u00f3n de las v\u00edctimas de los delitos.\",\"breadcrumb\":{\"@id\":\"https:\/\/www.fiscalia.gov.co\/colombia\/noticias\/cae-la-red-de-el-mago-senalada-de-obtener-y-alterar-pasaportes-que-eran-enviados-a-integrantes-de-organizaciones-delincuenciales-en-distintos-paises-del-mundo\/#breadcrumb\"},\"inLanguage\":\"es-CO\",\"potentialAction\":[{\"@type\":\"ReadAction\",\"target\":[\"https:\/\/www.fiscalia.gov.co\/colombia\/noticias\/cae-la-red-de-el-mago-senalada-de-obtener-y-alterar-pasaportes-que-eran-enviados-a-integrantes-de-organizaciones-delincuenciales-en-distintos-paises-del-mundo\/\"]}]},{\"@type\":\"BreadcrumbList\",\"@id\":\"https:\/\/www.fiscalia.gov.co\/colombia\/noticias\/cae-la-red-de-el-mago-senalada-de-obtener-y-alterar-pasaportes-que-eran-enviados-a-integrantes-de-organizaciones-delincuenciales-en-distintos-paises-del-mundo\/#breadcrumb\",\"itemListElement\":[{\"@type\":\"ListItem\",\"position\":1,\"name\":\"Home\",\"item\":\"https:\/\/www.fiscalia.gov.co\/colombia\/\"},{\"@type\":\"ListItem\",\"position\":2,\"name\":\"Cae la red de \u2018El Mago\u2019, se\u00f1alada de obtener y alterar pasaportes que eran enviados a integrantes de organizaciones delincuenciales en distintos pa\u00edses del mundo\"}]},{\"@type\":\"WebSite\",\"@id\":\"https:\/\/www.fiscalia.gov.co\/colombia\/#website\",\"url\":\"https:\/\/www.fiscalia.gov.co\/colombia\/\",\"name\":\"Fiscal\u00eda General de la Naci\u00f3n\",\"description\":\"P\u00e1gina oficial de la Fiscal\u00eda General de la Naci\u00f3n \u2013 Colombia. Garantizamos el acceso efectivo a la justicia, la verdad y la reparaci\u00f3n de las v\u00edctimas de los delitos.\",\"publisher\":{\"@id\":\"https:\/\/www.fiscalia.gov.co\/colombia\/#organization\"},\"potentialAction\":[{\"@type\":\"SearchAction\",\"target\":{\"@type\":\"EntryPoint\",\"urlTemplate\":\"https:\/\/www.fiscalia.gov.co\/colombia\/?s={search_term_string}\"},\"query-input\":{\"@type\":\"PropertyValueSpecification\",\"valueRequired\":true,\"valueName\":\"search_term_string\"}}],\"inLanguage\":\"es-CO\"},{\"@type\":\"Organization\",\"@id\":\"https:\/\/www.fiscalia.gov.co\/colombia\/#organization\",\"name\":\"Fiscal\u00eda General de la Naci\u00f3n\",\"url\":\"https:\/\/www.fiscalia.gov.co\/colombia\/\",\"logo\":{\"@type\":\"ImageObject\",\"inLanguage\":\"es-CO\",\"@id\":\"https:\/\/www.fiscalia.gov.co\/colombia\/#\/schema\/logo\/image\/\",\"url\":\"https:\/\/www.fiscalia.gov.co\/colombia\/wp-content\/uploads\/LogoHorizontal_1.jpg\",\"contentUrl\":\"https:\/\/www.fiscalia.gov.co\/colombia\/wp-content\/uploads\/LogoHorizontal_1.jpg\",\"width\":300,\"height\":90,\"caption\":\"Fiscal\u00eda General de la Naci\u00f3n\"},\"image\":{\"@id\":\"https:\/\/www.fiscalia.gov.co\/colombia\/#\/schema\/logo\/image\/\"},\"sameAs\":[\"https:\/\/www.facebook.com\/FiscaliaCol\",\"https:\/\/x.com\/FiscaliaCol\",\"https:\/\/www.instagram.com\/fiscaliacol\",\"https:\/\/www.linkedin.com\/company\/fiscalia-general-de-la-naci-n\/\",\"https:\/\/youtube.com\/@fiscaliageneraldelanacion-4668?si=6nN79nyQICPU5iTh\"]},{\"@type\":\"Person\",\"@id\":\"https:\/\/www.fiscalia.gov.co\/colombia\/#\/schema\/person\/bf84402cf293a5393e9c70b111020b24\",\"name\":\"Jordan Leandro Oviedo Anzola\",\"image\":{\"@type\":\"ImageObject\",\"inLanguage\":\"es-CO\",\"@id\":\"https:\/\/www.fiscalia.gov.co\/colombia\/#\/schema\/person\/image\/\",\"url\":\"https:\/\/secure.gravatar.com\/avatar\/dabba4346fa9b9207d96adafa8f92721?s=96&d=mm&r=g\",\"contentUrl\":\"https:\/\/secure.gravatar.com\/avatar\/dabba4346fa9b9207d96adafa8f92721?s=96&d=mm&r=g\",\"caption\":\"Jordan Leandro Oviedo Anzola\"},\"url\":\"https:\/\/www.fiscalia.gov.co\/colombia\/author\/joviedo\/\"}]}<\/script>\n<!-- \/ Yoast SEO plugin. -->","yoast_head_json":{"title":"Fiscal\u00eda General de la Naci\u00f3n","description":"P\u00e1gina oficial de la Fiscal\u00eda General de la Naci\u00f3n \u2013 Colombia. Garantizamos el acceso efectivo a la justicia, la verdad y la reparaci\u00f3n de las v\u00edctimas de los delitos.","robots":{"index":"noindex","follow":"follow"},"og_locale":"es_ES","og_type":"article","og_title":"Fiscal\u00eda General de la Naci\u00f3n","og_description":"P\u00e1gina oficial de la Fiscal\u00eda General de la Naci\u00f3n \u2013 Colombia. Garantizamos el acceso efectivo a la justicia, la verdad y la reparaci\u00f3n de las v\u00edctimas de los delitos.","og_url":"https:\/\/www.fiscalia.gov.co\/colombia\/noticias\/cae-la-red-de-el-mago-senalada-de-obtener-y-alterar-pasaportes-que-eran-enviados-a-integrantes-de-organizaciones-delincuenciales-en-distintos-paises-del-mundo\/","og_site_name":"Fiscal\u00eda General de la Naci\u00f3n","article_publisher":"https:\/\/www.facebook.com\/FiscaliaCol","article_published_time":"2022-03-05T15:28:19+00:00","author":"Jordan Leandro Oviedo Anzola","twitter_card":"summary_large_image","twitter_creator":"@FiscaliaCol","twitter_site":"@FiscaliaCol","twitter_misc":{"Escrito por":"Jordan Leandro Oviedo Anzola","Tiempo de lectura":"3 minutos"},"schema":{"@context":"https:\/\/schema.org","@graph":[{"@type":"Article","@id":"https:\/\/www.fiscalia.gov.co\/colombia\/noticias\/cae-la-red-de-el-mago-senalada-de-obtener-y-alterar-pasaportes-que-eran-enviados-a-integrantes-de-organizaciones-delincuenciales-en-distintos-paises-del-mundo\/#article","isPartOf":{"@id":"https:\/\/www.fiscalia.gov.co\/colombia\/noticias\/cae-la-red-de-el-mago-senalada-de-obtener-y-alterar-pasaportes-que-eran-enviados-a-integrantes-de-organizaciones-delincuenciales-en-distintos-paises-del-mundo\/"},"author":{"name":"Jordan Leandro Oviedo Anzola","@id":"https:\/\/www.fiscalia.gov.co\/colombia\/#\/schema\/person\/bf84402cf293a5393e9c70b111020b24"},"headline":"Cae la red de \u2018El Mago\u2019, se\u00f1alada de obtener y alterar pasaportes que eran enviados a integrantes de organizaciones delincuenciales en distintos pa\u00edses del mundo","datePublished":"2022-03-05T15:28:19+00:00","dateModified":"2022-03-05T15:28:19+00:00","mainEntityOfPage":{"@id":"https:\/\/www.fiscalia.gov.co\/colombia\/noticias\/cae-la-red-de-el-mago-senalada-de-obtener-y-alterar-pasaportes-que-eran-enviados-a-integrantes-de-organizaciones-delincuenciales-en-distintos-paises-del-mundo\/"},"wordCount":726,"publisher":{"@id":"https:\/\/www.fiscalia.gov.co\/colombia\/#organization"},"keywords":["Crimen organizado","Fiscal Barbosa","Fiscal Francisco Barbosa","Fiscal\u00eda Genera de la Naci\u00f3n","pasaportes"],"articleSection":["Crimen organizado","Noticias"],"inLanguage":"es-CO"},{"@type":"WebPage","@id":"https:\/\/www.fiscalia.gov.co\/colombia\/noticias\/cae-la-red-de-el-mago-senalada-de-obtener-y-alterar-pasaportes-que-eran-enviados-a-integrantes-de-organizaciones-delincuenciales-en-distintos-paises-del-mundo\/","url":"https:\/\/www.fiscalia.gov.co\/colombia\/noticias\/cae-la-red-de-el-mago-senalada-de-obtener-y-alterar-pasaportes-que-eran-enviados-a-integrantes-de-organizaciones-delincuenciales-en-distintos-paises-del-mundo\/","name":"Fiscal\u00eda General de la Naci\u00f3n","isPartOf":{"@id":"https:\/\/www.fiscalia.gov.co\/colombia\/#website"},"datePublished":"2022-03-05T15:28:19+00:00","dateModified":"2022-03-05T15:28:19+00:00","description":"P\u00e1gina oficial de la Fiscal\u00eda General de la Naci\u00f3n \u2013 Colombia. Garantizamos el acceso efectivo a la justicia, la verdad y la reparaci\u00f3n de las v\u00edctimas de los delitos.","breadcrumb":{"@id":"https:\/\/www.fiscalia.gov.co\/colombia\/noticias\/cae-la-red-de-el-mago-senalada-de-obtener-y-alterar-pasaportes-que-eran-enviados-a-integrantes-de-organizaciones-delincuenciales-en-distintos-paises-del-mundo\/#breadcrumb"},"inLanguage":"es-CO","potentialAction":[{"@type":"ReadAction","target":["https:\/\/www.fiscalia.gov.co\/colombia\/noticias\/cae-la-red-de-el-mago-senalada-de-obtener-y-alterar-pasaportes-que-eran-enviados-a-integrantes-de-organizaciones-delincuenciales-en-distintos-paises-del-mundo\/"]}]},{"@type":"BreadcrumbList","@id":"https:\/\/www.fiscalia.gov.co\/colombia\/noticias\/cae-la-red-de-el-mago-senalada-de-obtener-y-alterar-pasaportes-que-eran-enviados-a-integrantes-de-organizaciones-delincuenciales-en-distintos-paises-del-mundo\/#breadcrumb","itemListElement":[{"@type":"ListItem","position":1,"name":"Home","item":"https:\/\/www.fiscalia.gov.co\/colombia\/"},{"@type":"ListItem","position":2,"name":"Cae la red de \u2018El Mago\u2019, se\u00f1alada de obtener y alterar pasaportes que eran enviados a integrantes de organizaciones delincuenciales en distintos pa\u00edses del mundo"}]},{"@type":"WebSite","@id":"https:\/\/www.fiscalia.gov.co\/colombia\/#website","url":"https:\/\/www.fiscalia.gov.co\/colombia\/","name":"Fiscal\u00eda General de la Naci\u00f3n","description":"P\u00e1gina oficial de la Fiscal\u00eda General de la Naci\u00f3n \u2013 Colombia. Garantizamos el acceso efectivo a la justicia, la verdad y la reparaci\u00f3n de las v\u00edctimas de los delitos.","publisher":{"@id":"https:\/\/www.fiscalia.gov.co\/colombia\/#organization"},"potentialAction":[{"@type":"SearchAction","target":{"@type":"EntryPoint","urlTemplate":"https:\/\/www.fiscalia.gov.co\/colombia\/?s={search_term_string}"},"query-input":{"@type":"PropertyValueSpecification","valueRequired":true,"valueName":"search_term_string"}}],"inLanguage":"es-CO"},{"@type":"Organization","@id":"https:\/\/www.fiscalia.gov.co\/colombia\/#organization","name":"Fiscal\u00eda General de la Naci\u00f3n","url":"https:\/\/www.fiscalia.gov.co\/colombia\/","logo":{"@type":"ImageObject","inLanguage":"es-CO","@id":"https:\/\/www.fiscalia.gov.co\/colombia\/#\/schema\/logo\/image\/","url":"https:\/\/www.fiscalia.gov.co\/colombia\/wp-content\/uploads\/LogoHorizontal_1.jpg","contentUrl":"https:\/\/www.fiscalia.gov.co\/colombia\/wp-content\/uploads\/LogoHorizontal_1.jpg","width":300,"height":90,"caption":"Fiscal\u00eda General de la Naci\u00f3n"},"image":{"@id":"https:\/\/www.fiscalia.gov.co\/colombia\/#\/schema\/logo\/image\/"},"sameAs":["https:\/\/www.facebook.com\/FiscaliaCol","https:\/\/x.com\/FiscaliaCol","https:\/\/www.instagram.com\/fiscaliacol","https:\/\/www.linkedin.com\/company\/fiscalia-general-de-la-naci-n\/","https:\/\/youtube.com\/@fiscaliageneraldelanacion-4668?si=6nN79nyQICPU5iTh"]},{"@type":"Person","@id":"https:\/\/www.fiscalia.gov.co\/colombia\/#\/schema\/person\/bf84402cf293a5393e9c70b111020b24","name":"Jordan Leandro Oviedo Anzola","image":{"@type":"ImageObject","inLanguage":"es-CO","@id":"https:\/\/www.fiscalia.gov.co\/colombia\/#\/schema\/person\/image\/","url":"https:\/\/secure.gravatar.com\/avatar\/dabba4346fa9b9207d96adafa8f92721?s=96&d=mm&r=g","contentUrl":"https:\/\/secure.gravatar.com\/avatar\/dabba4346fa9b9207d96adafa8f92721?s=96&d=mm&r=g","caption":"Jordan Leandro Oviedo Anzola"},"url":"https:\/\/www.fiscalia.gov.co\/colombia\/author\/joviedo\/"}]}},"_links":{"self":[{"href":"https:\/\/www.fiscalia.gov.co\/colombia\/wp-json\/wp\/v2\/posts\/242753","targetHints":{"allow":["GET"]}}],"collection":[{"href":"https:\/\/www.fiscalia.gov.co\/colombia\/wp-json\/wp\/v2\/posts"}],"about":[{"href":"https:\/\/www.fiscalia.gov.co\/colombia\/wp-json\/wp\/v2\/types\/post"}],"author":[{"embeddable":true,"href":"https:\/\/www.fiscalia.gov.co\/colombia\/wp-json\/wp\/v2\/users\/177"}],"replies":[{"embeddable":true,"href":"https:\/\/www.fiscalia.gov.co\/colombia\/wp-json\/wp\/v2\/comments?post=242753"}],"version-history":[{"count":1,"href":"https:\/\/www.fiscalia.gov.co\/colombia\/wp-json\/wp\/v2\/posts\/242753\/revisions"}],"predecessor-version":[{"id":242754,"href":"https:\/\/www.fiscalia.gov.co\/colombia\/wp-json\/wp\/v2\/posts\/242753\/revisions\/242754"}],"wp:attachment":[{"href":"https:\/\/www.fiscalia.gov.co\/colombia\/wp-json\/wp\/v2\/media?parent=242753"}],"wp:term":[{"taxonomy":"category","embeddable":true,"href":"https:\/\/www.fiscalia.gov.co\/colombia\/wp-json\/wp\/v2\/categories?post=242753"},{"taxonomy":"post_tag","embeddable":true,"href":"https:\/\/www.fiscalia.gov.co\/colombia\/wp-json\/wp\/v2\/tags?post=242753"}],"curies":[{"name":"wp","href":"https:\/\/api.w.org\/{rel}","templated":true}]}}