{"id":24272,"date":"2012-10-02T10:07:12","date_gmt":"2012-10-02T15:07:12","guid":{"rendered":"http:\/\/www.fiscalia.gov.co\/colombia\/?p=24272"},"modified":"2013-02-06T12:28:08","modified_gmt":"2013-02-06T17:28:08","slug":"plan-nacional-de-formacion-a-funcionarios-publicos-para-garantizar-el-acceso-a-la-justicias-de-las-mujeres-victimas-de-la-violencia","status":"publish","type":"post","link":"https:\/\/www.fiscalia.gov.co\/colombia\/noticias\/plan-nacional-de-formacion-a-funcionarios-publicos-para-garantizar-el-acceso-a-la-justicias-de-las-mujeres-victimas-de-la-violencia\/","title":{"rendered":"Plan Nacional de Formaci\u00f3n a funcionarios p\u00fablicos para Garantizar el Acceso a la Justicia de las Mujeres V\u00edctimas de la Violencia"},"content":{"rendered":"<p>Este mi\u00e9rcoles 3 de octubre a las 8:00 am en la Direcci\u00f3n General de la Polic\u00eda Nacional se llevar\u00e1 a cabo el lanzamiento del \u201c Plan Nacional de Formaci\u00f3n para Garantizar el Acceso a la Justicia de las Mujeres V\u00edctimas de la Violencia\u201d, dirigido a funcionarios judiciales con \u00e9nfasis en la aplicaci\u00f3n de la Ley 1257 de 2008 y sus decretos reglamentarios.<\/p>\n<p>El Plan de Formaci\u00f3n es la primera experiencia realizada de manera interinstitucional a trav\u00e9s de acuerdo entre el Ministerio de Justicia y del Derecho, la Alta Consejer\u00eda Presidencial para la Equidad de la Mujer,\u00a0 la Escuela de Estudios e Investigaciones Criminal\u00edsticas y Ciencias Forenses de la Fiscal\u00eda General, la Escuela Superior de Administraci\u00f3n P\u00fablica, la Escuela Judicial Rodrigo Lara Bonilla y la Direcci\u00f3n Nacional de Escuelas de la Polic\u00eda Nacional, con el apoyo de la Agencia Espa\u00f1ola de Cooperaci\u00f3n Internacional para el Desarrollo, AECID.<\/p>\n<p>Por medio de esta formaci\u00f3n se busca que las y los funcionarios cuenten con el suficiente conocimiento de la problem\u00e1tica con el fin de brindar atenci\u00f3n integral y diferenciada a las mujeres v\u00edctimas de diversas formas de violencia, garantizando la protecci\u00f3n y restituci\u00f3n de sus derechos. Cristina Plazas,\u00a0 Alta Consejera Presidencial de la Equidad de la Mujer, mostr\u00f3 su satisfacci\u00f3n con el inicio de esta formaci\u00f3n \u201cdado que con esto se instruye un componente fundamental de la implementaci\u00f3n del Plan Integral para Garantizar una vida libre de violencia a las mujeres, como es la formaci\u00f3n de las personas que atienden directamente a las v\u00edctimas y de las cuales depende no solo la atenci\u00f3n sino la seguridad y confianza de las v\u00edctimas\u201d.<\/p>\n<p>La primera promoci\u00f3n est\u00e1 dirigida a m\u00e1s de 500 funcionarios entre fiscales, jueces civiles, jueces de familia, jueces promiscuos municipales, comisarios de familia, Polic\u00eda Nacional, jueces de paz, y personeros de los departamentos de Antioquia, Boyac\u00e1, Cundinamarca, Nari\u00f1o, Santander, Norte de Santander,\u00a0 Atl\u00e1ntico, Caldas, Huila, Caquet\u00e1, Tolima, Bol\u00edvar, Cauca, Meta, Risaralda y Valle del Cauca. Durante el a\u00f1o 2013 se continuar\u00e1 con el cronograma para alcanzar la capacitaci\u00f3n de la totalidad de los funcionarios\/as p\u00fablicos de las entidades participantes.<\/p>\n\n<div class=\"twitter-share\"><a href=\"https:\/\/twitter.com\/intent\/tweet?via=fiscaliacol\" class=\"twitter-share-button\">Tweet<\/a><\/div>\n","protected":false},"excerpt":{"rendered":"<p>Este mi\u00e9rcoles 3 de octubre a las 8:00 am en la Direcci\u00f3n General de la Polic\u00eda Nacional se llevar\u00e1 a cabo el lanzamiento del \u201c Plan Nacional de Formaci\u00f3n para [&hellip;]<\/p>\n","protected":false},"author":143,"featured_media":0,"comment_status":"closed","ping_status":"open","sticky":false,"template":"","format":"standard","meta":{"tdm_status":"","tdm_grid_status":"","footnotes":""},"categories":[1],"tags":[],"class_list":["post-24272","post","type-post","status-publish","format-standard","category-noticias"],"yoast_head":"<!-- This site is optimized with the Yoast SEO plugin v24.3 - https:\/\/yoast.com\/wordpress\/plugins\/seo\/ -->\n<title>Fiscal\u00eda General de la Naci\u00f3n<\/title>\n<meta name=\"description\" content=\"P\u00e1gina oficial de la Fiscal\u00eda General de la Naci\u00f3n \u2013 Colombia. Garantizamos el acceso efectivo a la justicia, la verdad y la reparaci\u00f3n de las v\u00edctimas de los delitos.\" \/>\n<meta name=\"robots\" content=\"noindex, follow\" \/>\n<meta property=\"og:locale\" content=\"es_ES\" \/>\n<meta property=\"og:type\" content=\"article\" \/>\n<meta property=\"og:title\" content=\"Fiscal\u00eda General de la Naci\u00f3n\" \/>\n<meta property=\"og:description\" content=\"P\u00e1gina oficial de la Fiscal\u00eda General de la Naci\u00f3n \u2013 Colombia. Garantizamos el acceso efectivo a la justicia, la verdad y la reparaci\u00f3n de las v\u00edctimas de los delitos.\" \/>\n<meta property=\"og:url\" content=\"https:\/\/www.fiscalia.gov.co\/colombia\/noticias\/plan-nacional-de-formacion-a-funcionarios-publicos-para-garantizar-el-acceso-a-la-justicias-de-las-mujeres-victimas-de-la-violencia\/\" \/>\n<meta property=\"og:site_name\" content=\"Fiscal\u00eda General de la Naci\u00f3n\" \/>\n<meta property=\"article:publisher\" content=\"https:\/\/www.facebook.com\/FiscaliaCol\" \/>\n<meta property=\"article:published_time\" content=\"2012-10-02T15:07:12+00:00\" \/>\n<meta property=\"article:modified_time\" content=\"2013-02-06T17:28:08+00:00\" \/>\n<meta name=\"author\" content=\"dfgordillo\" \/>\n<meta name=\"twitter:card\" content=\"summary_large_image\" \/>\n<meta name=\"twitter:creator\" content=\"@FiscaliaCol\" \/>\n<meta name=\"twitter:site\" content=\"@FiscaliaCol\" \/>\n<meta name=\"twitter:label1\" content=\"Escrito por\" \/>\n\t<meta name=\"twitter:data1\" content=\"dfgordillo\" \/>\n\t<meta name=\"twitter:label2\" content=\"Tiempo de lectura\" \/>\n\t<meta name=\"twitter:data2\" content=\"2 minutos\" \/>\n<script type=\"application\/ld+json\" class=\"yoast-schema-graph\">{\"@context\":\"https:\/\/schema.org\",\"@graph\":[{\"@type\":\"Article\",\"@id\":\"https:\/\/www.fiscalia.gov.co\/colombia\/noticias\/plan-nacional-de-formacion-a-funcionarios-publicos-para-garantizar-el-acceso-a-la-justicias-de-las-mujeres-victimas-de-la-violencia\/#article\",\"isPartOf\":{\"@id\":\"https:\/\/www.fiscalia.gov.co\/colombia\/noticias\/plan-nacional-de-formacion-a-funcionarios-publicos-para-garantizar-el-acceso-a-la-justicias-de-las-mujeres-victimas-de-la-violencia\/\"},\"author\":{\"name\":\"dfgordillo\",\"@id\":\"https:\/\/www.fiscalia.gov.co\/colombia\/#\/schema\/person\/3903856a3ce2d54b094c69eb29247895\"},\"headline\":\"Plan Nacional de Formaci\u00f3n a funcionarios p\u00fablicos para Garantizar el Acceso a la Justicia de las Mujeres V\u00edctimas de la Violencia\",\"datePublished\":\"2012-10-02T15:07:12+00:00\",\"dateModified\":\"2013-02-06T17:28:08+00:00\",\"mainEntityOfPage\":{\"@id\":\"https:\/\/www.fiscalia.gov.co\/colombia\/noticias\/plan-nacional-de-formacion-a-funcionarios-publicos-para-garantizar-el-acceso-a-la-justicias-de-las-mujeres-victimas-de-la-violencia\/\"},\"wordCount\":403,\"publisher\":{\"@id\":\"https:\/\/www.fiscalia.gov.co\/colombia\/#organization\"},\"articleSection\":[\"Noticias\"],\"inLanguage\":\"es-CO\"},{\"@type\":\"WebPage\",\"@id\":\"https:\/\/www.fiscalia.gov.co\/colombia\/noticias\/plan-nacional-de-formacion-a-funcionarios-publicos-para-garantizar-el-acceso-a-la-justicias-de-las-mujeres-victimas-de-la-violencia\/\",\"url\":\"https:\/\/www.fiscalia.gov.co\/colombia\/noticias\/plan-nacional-de-formacion-a-funcionarios-publicos-para-garantizar-el-acceso-a-la-justicias-de-las-mujeres-victimas-de-la-violencia\/\",\"name\":\"Fiscal\u00eda General de la Naci\u00f3n\",\"isPartOf\":{\"@id\":\"https:\/\/www.fiscalia.gov.co\/colombia\/#website\"},\"datePublished\":\"2012-10-02T15:07:12+00:00\",\"dateModified\":\"2013-02-06T17:28:08+00:00\",\"description\":\"P\u00e1gina oficial de la Fiscal\u00eda General de la Naci\u00f3n \u2013 Colombia. Garantizamos el acceso efectivo a la justicia, la verdad y la reparaci\u00f3n de las v\u00edctimas de los delitos.\",\"breadcrumb\":{\"@id\":\"https:\/\/www.fiscalia.gov.co\/colombia\/noticias\/plan-nacional-de-formacion-a-funcionarios-publicos-para-garantizar-el-acceso-a-la-justicias-de-las-mujeres-victimas-de-la-violencia\/#breadcrumb\"},\"inLanguage\":\"es-CO\",\"potentialAction\":[{\"@type\":\"ReadAction\",\"target\":[\"https:\/\/www.fiscalia.gov.co\/colombia\/noticias\/plan-nacional-de-formacion-a-funcionarios-publicos-para-garantizar-el-acceso-a-la-justicias-de-las-mujeres-victimas-de-la-violencia\/\"]}]},{\"@type\":\"BreadcrumbList\",\"@id\":\"https:\/\/www.fiscalia.gov.co\/colombia\/noticias\/plan-nacional-de-formacion-a-funcionarios-publicos-para-garantizar-el-acceso-a-la-justicias-de-las-mujeres-victimas-de-la-violencia\/#breadcrumb\",\"itemListElement\":[{\"@type\":\"ListItem\",\"position\":1,\"name\":\"Home\",\"item\":\"https:\/\/www.fiscalia.gov.co\/colombia\/\"},{\"@type\":\"ListItem\",\"position\":2,\"name\":\"Plan Nacional de Formaci\u00f3n a funcionarios p\u00fablicos para Garantizar el Acceso a la Justicia de las Mujeres V\u00edctimas de la Violencia\"}]},{\"@type\":\"WebSite\",\"@id\":\"https:\/\/www.fiscalia.gov.co\/colombia\/#website\",\"url\":\"https:\/\/www.fiscalia.gov.co\/colombia\/\",\"name\":\"Fiscal\u00eda General de la Naci\u00f3n\",\"description\":\"P\u00e1gina oficial de la Fiscal\u00eda General de la Naci\u00f3n \u2013 Colombia. Garantizamos el acceso efectivo a la justicia, la verdad y la reparaci\u00f3n de las v\u00edctimas de los delitos.\",\"publisher\":{\"@id\":\"https:\/\/www.fiscalia.gov.co\/colombia\/#organization\"},\"potentialAction\":[{\"@type\":\"SearchAction\",\"target\":{\"@type\":\"EntryPoint\",\"urlTemplate\":\"https:\/\/www.fiscalia.gov.co\/colombia\/?s={search_term_string}\"},\"query-input\":{\"@type\":\"PropertyValueSpecification\",\"valueRequired\":true,\"valueName\":\"search_term_string\"}}],\"inLanguage\":\"es-CO\"},{\"@type\":\"Organization\",\"@id\":\"https:\/\/www.fiscalia.gov.co\/colombia\/#organization\",\"name\":\"Fiscal\u00eda General de la Naci\u00f3n\",\"url\":\"https:\/\/www.fiscalia.gov.co\/colombia\/\",\"logo\":{\"@type\":\"ImageObject\",\"inLanguage\":\"es-CO\",\"@id\":\"https:\/\/www.fiscalia.gov.co\/colombia\/#\/schema\/logo\/image\/\",\"url\":\"https:\/\/www.fiscalia.gov.co\/colombia\/wp-content\/uploads\/LogoHorizontal_1.jpg\",\"contentUrl\":\"https:\/\/www.fiscalia.gov.co\/colombia\/wp-content\/uploads\/LogoHorizontal_1.jpg\",\"width\":300,\"height\":90,\"caption\":\"Fiscal\u00eda General de la Naci\u00f3n\"},\"image\":{\"@id\":\"https:\/\/www.fiscalia.gov.co\/colombia\/#\/schema\/logo\/image\/\"},\"sameAs\":[\"https:\/\/www.facebook.com\/FiscaliaCol\",\"https:\/\/x.com\/FiscaliaCol\",\"https:\/\/www.instagram.com\/fiscaliacol\",\"https:\/\/www.linkedin.com\/company\/fiscalia-general-de-la-naci-n\/\",\"https:\/\/youtube.com\/@fiscaliageneraldelanacion-4668?si=6nN79nyQICPU5iTh\"]},{\"@type\":\"Person\",\"@id\":\"https:\/\/www.fiscalia.gov.co\/colombia\/#\/schema\/person\/3903856a3ce2d54b094c69eb29247895\",\"name\":\"dfgordillo\",\"image\":{\"@type\":\"ImageObject\",\"inLanguage\":\"es-CO\",\"@id\":\"https:\/\/www.fiscalia.gov.co\/colombia\/#\/schema\/person\/image\/\",\"url\":\"https:\/\/secure.gravatar.com\/avatar\/b6356e21c5657c60757fe6fb9493e947?s=96&d=mm&r=g\",\"contentUrl\":\"https:\/\/secure.gravatar.com\/avatar\/b6356e21c5657c60757fe6fb9493e947?s=96&d=mm&r=g\",\"caption\":\"dfgordillo\"},\"sameAs\":[\"dfgordillo\"],\"url\":\"https:\/\/www.fiscalia.gov.co\/colombia\/author\/dfgordillo\/\"}]}<\/script>\n<!-- \/ Yoast SEO plugin. -->","yoast_head_json":{"title":"Fiscal\u00eda General de la Naci\u00f3n","description":"P\u00e1gina oficial de la Fiscal\u00eda General de la Naci\u00f3n \u2013 Colombia. Garantizamos el acceso efectivo a la justicia, la verdad y la reparaci\u00f3n de las v\u00edctimas de los delitos.","robots":{"index":"noindex","follow":"follow"},"og_locale":"es_ES","og_type":"article","og_title":"Fiscal\u00eda General de la Naci\u00f3n","og_description":"P\u00e1gina oficial de la Fiscal\u00eda General de la Naci\u00f3n \u2013 Colombia. Garantizamos el acceso efectivo a la justicia, la verdad y la reparaci\u00f3n de las v\u00edctimas de los delitos.","og_url":"https:\/\/www.fiscalia.gov.co\/colombia\/noticias\/plan-nacional-de-formacion-a-funcionarios-publicos-para-garantizar-el-acceso-a-la-justicias-de-las-mujeres-victimas-de-la-violencia\/","og_site_name":"Fiscal\u00eda General de la Naci\u00f3n","article_publisher":"https:\/\/www.facebook.com\/FiscaliaCol","article_published_time":"2012-10-02T15:07:12+00:00","article_modified_time":"2013-02-06T17:28:08+00:00","author":"dfgordillo","twitter_card":"summary_large_image","twitter_creator":"@FiscaliaCol","twitter_site":"@FiscaliaCol","twitter_misc":{"Escrito por":"dfgordillo","Tiempo de lectura":"2 minutos"},"schema":{"@context":"https:\/\/schema.org","@graph":[{"@type":"Article","@id":"https:\/\/www.fiscalia.gov.co\/colombia\/noticias\/plan-nacional-de-formacion-a-funcionarios-publicos-para-garantizar-el-acceso-a-la-justicias-de-las-mujeres-victimas-de-la-violencia\/#article","isPartOf":{"@id":"https:\/\/www.fiscalia.gov.co\/colombia\/noticias\/plan-nacional-de-formacion-a-funcionarios-publicos-para-garantizar-el-acceso-a-la-justicias-de-las-mujeres-victimas-de-la-violencia\/"},"author":{"name":"dfgordillo","@id":"https:\/\/www.fiscalia.gov.co\/colombia\/#\/schema\/person\/3903856a3ce2d54b094c69eb29247895"},"headline":"Plan Nacional de Formaci\u00f3n a funcionarios p\u00fablicos para Garantizar el Acceso a la Justicia de las Mujeres V\u00edctimas de la Violencia","datePublished":"2012-10-02T15:07:12+00:00","dateModified":"2013-02-06T17:28:08+00:00","mainEntityOfPage":{"@id":"https:\/\/www.fiscalia.gov.co\/colombia\/noticias\/plan-nacional-de-formacion-a-funcionarios-publicos-para-garantizar-el-acceso-a-la-justicias-de-las-mujeres-victimas-de-la-violencia\/"},"wordCount":403,"publisher":{"@id":"https:\/\/www.fiscalia.gov.co\/colombia\/#organization"},"articleSection":["Noticias"],"inLanguage":"es-CO"},{"@type":"WebPage","@id":"https:\/\/www.fiscalia.gov.co\/colombia\/noticias\/plan-nacional-de-formacion-a-funcionarios-publicos-para-garantizar-el-acceso-a-la-justicias-de-las-mujeres-victimas-de-la-violencia\/","url":"https:\/\/www.fiscalia.gov.co\/colombia\/noticias\/plan-nacional-de-formacion-a-funcionarios-publicos-para-garantizar-el-acceso-a-la-justicias-de-las-mujeres-victimas-de-la-violencia\/","name":"Fiscal\u00eda General de la Naci\u00f3n","isPartOf":{"@id":"https:\/\/www.fiscalia.gov.co\/colombia\/#website"},"datePublished":"2012-10-02T15:07:12+00:00","dateModified":"2013-02-06T17:28:08+00:00","description":"P\u00e1gina oficial de la Fiscal\u00eda General de la Naci\u00f3n \u2013 Colombia. Garantizamos el acceso efectivo a la justicia, la verdad y la reparaci\u00f3n de las v\u00edctimas de los delitos.","breadcrumb":{"@id":"https:\/\/www.fiscalia.gov.co\/colombia\/noticias\/plan-nacional-de-formacion-a-funcionarios-publicos-para-garantizar-el-acceso-a-la-justicias-de-las-mujeres-victimas-de-la-violencia\/#breadcrumb"},"inLanguage":"es-CO","potentialAction":[{"@type":"ReadAction","target":["https:\/\/www.fiscalia.gov.co\/colombia\/noticias\/plan-nacional-de-formacion-a-funcionarios-publicos-para-garantizar-el-acceso-a-la-justicias-de-las-mujeres-victimas-de-la-violencia\/"]}]},{"@type":"BreadcrumbList","@id":"https:\/\/www.fiscalia.gov.co\/colombia\/noticias\/plan-nacional-de-formacion-a-funcionarios-publicos-para-garantizar-el-acceso-a-la-justicias-de-las-mujeres-victimas-de-la-violencia\/#breadcrumb","itemListElement":[{"@type":"ListItem","position":1,"name":"Home","item":"https:\/\/www.fiscalia.gov.co\/colombia\/"},{"@type":"ListItem","position":2,"name":"Plan Nacional de Formaci\u00f3n a funcionarios p\u00fablicos para Garantizar el Acceso a la Justicia de las Mujeres V\u00edctimas de la Violencia"}]},{"@type":"WebSite","@id":"https:\/\/www.fiscalia.gov.co\/colombia\/#website","url":"https:\/\/www.fiscalia.gov.co\/colombia\/","name":"Fiscal\u00eda General de la Naci\u00f3n","description":"P\u00e1gina oficial de la Fiscal\u00eda General de la Naci\u00f3n \u2013 Colombia. Garantizamos el acceso efectivo a la justicia, la verdad y la reparaci\u00f3n de las v\u00edctimas de los delitos.","publisher":{"@id":"https:\/\/www.fiscalia.gov.co\/colombia\/#organization"},"potentialAction":[{"@type":"SearchAction","target":{"@type":"EntryPoint","urlTemplate":"https:\/\/www.fiscalia.gov.co\/colombia\/?s={search_term_string}"},"query-input":{"@type":"PropertyValueSpecification","valueRequired":true,"valueName":"search_term_string"}}],"inLanguage":"es-CO"},{"@type":"Organization","@id":"https:\/\/www.fiscalia.gov.co\/colombia\/#organization","name":"Fiscal\u00eda General de la Naci\u00f3n","url":"https:\/\/www.fiscalia.gov.co\/colombia\/","logo":{"@type":"ImageObject","inLanguage":"es-CO","@id":"https:\/\/www.fiscalia.gov.co\/colombia\/#\/schema\/logo\/image\/","url":"https:\/\/www.fiscalia.gov.co\/colombia\/wp-content\/uploads\/LogoHorizontal_1.jpg","contentUrl":"https:\/\/www.fiscalia.gov.co\/colombia\/wp-content\/uploads\/LogoHorizontal_1.jpg","width":300,"height":90,"caption":"Fiscal\u00eda General de la Naci\u00f3n"},"image":{"@id":"https:\/\/www.fiscalia.gov.co\/colombia\/#\/schema\/logo\/image\/"},"sameAs":["https:\/\/www.facebook.com\/FiscaliaCol","https:\/\/x.com\/FiscaliaCol","https:\/\/www.instagram.com\/fiscaliacol","https:\/\/www.linkedin.com\/company\/fiscalia-general-de-la-naci-n\/","https:\/\/youtube.com\/@fiscaliageneraldelanacion-4668?si=6nN79nyQICPU5iTh"]},{"@type":"Person","@id":"https:\/\/www.fiscalia.gov.co\/colombia\/#\/schema\/person\/3903856a3ce2d54b094c69eb29247895","name":"dfgordillo","image":{"@type":"ImageObject","inLanguage":"es-CO","@id":"https:\/\/www.fiscalia.gov.co\/colombia\/#\/schema\/person\/image\/","url":"https:\/\/secure.gravatar.com\/avatar\/b6356e21c5657c60757fe6fb9493e947?s=96&d=mm&r=g","contentUrl":"https:\/\/secure.gravatar.com\/avatar\/b6356e21c5657c60757fe6fb9493e947?s=96&d=mm&r=g","caption":"dfgordillo"},"sameAs":["dfgordillo"],"url":"https:\/\/www.fiscalia.gov.co\/colombia\/author\/dfgordillo\/"}]}},"_links":{"self":[{"href":"https:\/\/www.fiscalia.gov.co\/colombia\/wp-json\/wp\/v2\/posts\/24272","targetHints":{"allow":["GET"]}}],"collection":[{"href":"https:\/\/www.fiscalia.gov.co\/colombia\/wp-json\/wp\/v2\/posts"}],"about":[{"href":"https:\/\/www.fiscalia.gov.co\/colombia\/wp-json\/wp\/v2\/types\/post"}],"author":[{"embeddable":true,"href":"https:\/\/www.fiscalia.gov.co\/colombia\/wp-json\/wp\/v2\/users\/143"}],"replies":[{"embeddable":true,"href":"https:\/\/www.fiscalia.gov.co\/colombia\/wp-json\/wp\/v2\/comments?post=24272"}],"version-history":[{"count":5,"href":"https:\/\/www.fiscalia.gov.co\/colombia\/wp-json\/wp\/v2\/posts\/24272\/revisions"}],"predecessor-version":[{"id":24276,"href":"https:\/\/www.fiscalia.gov.co\/colombia\/wp-json\/wp\/v2\/posts\/24272\/revisions\/24276"}],"wp:attachment":[{"href":"https:\/\/www.fiscalia.gov.co\/colombia\/wp-json\/wp\/v2\/media?parent=24272"}],"wp:term":[{"taxonomy":"category","embeddable":true,"href":"https:\/\/www.fiscalia.gov.co\/colombia\/wp-json\/wp\/v2\/categories?post=24272"},{"taxonomy":"post_tag","embeddable":true,"href":"https:\/\/www.fiscalia.gov.co\/colombia\/wp-json\/wp\/v2\/tags?post=24272"}],"curies":[{"name":"wp","href":"https:\/\/api.w.org\/{rel}","templated":true}]}}