{"id":242517,"date":"2022-03-02T19:19:51","date_gmt":"2022-03-03T00:19:51","guid":{"rendered":"https:\/\/www.fiscalia.gov.co\/colombia\/?p=242517"},"modified":"2022-03-02T19:28:23","modified_gmt":"2022-03-03T00:28:23","slug":"exdirector-de-inteligencia-del-das-ofrece-excusas-publicas-por-participar-en-plan-de-desprestigio-contra-magistrados-de-la-corte-suprema-de-justicia-y-algunos-congresistas","status":"publish","type":"post","link":"https:\/\/www.fiscalia.gov.co\/colombia\/noticias\/exdirector-de-inteligencia-del-das-ofrece-excusas-publicas-por-participar-en-plan-de-desprestigio-contra-magistrados-de-la-corte-suprema-de-justicia-y-algunos-congresistas\/","title":{"rendered":"Exdirector de Inteligencia del DAS ofrece excusas p\u00fablicas por participar en plan de desprestigio contra magistrados de la Corte Suprema de Justicia y algunos congresistas"},"content":{"rendered":"<h4><strong><em>El capit\u00e1n en retiro Fernando Alfonso Tabares Molina hizo la manifestaci\u00f3n p\u00fablica como parte del principio de oportunidad que fue avalado por una juez de control de garant\u00edas.<\/em><\/strong><\/h4>\n<p>La Fiscal\u00eda General de la Naci\u00f3n solicit\u00f3 la aplicaci\u00f3n del principio de oportunidad al capit\u00e1n en retiro de la Armada Nacional, Fernando Alfonso Tabares Molina, quien acept\u00f3 su participaci\u00f3n y ha brindado informaci\u00f3n para poner en evidencia a los responsables de un plan de desprestigio que se impuls\u00f3 desde el desaparecidos Departamento Administrativo de Seguridad (DAS) contra algunos magistrados de la Corte Suprema de Justicia, congresistas y periodistas.<\/p>\n<p>La petici\u00f3n formal fue avalada por una juez de control de garant\u00edas, quien respald\u00f3 los argumentos y elementos presentados por un fiscal delegado ante la Corte Suprema de Justicia.<\/p>\n<p>Como director de Inteligencia del DAS, entre 2005 y 2009, el se\u00f1or Tabares Molina estuvo involucrado en ocho eventos distintos, en los que se recopil\u00f3 informaci\u00f3n y testimonios falsos para afectar la imagen de distintas personalidades. En ese sentido, el 7 de marzo de 2011, fue condenado a ocho a\u00f1os de prisi\u00f3n por los delitos de concierto para delinquir, prevaricato por acci\u00f3n, abuso de funci\u00f3n p\u00fablica y violaci\u00f3n il\u00edcita de comunicaciones.<\/p>\n<p>En una segunda acci\u00f3n penal, en febrero de 2017, la Fiscal\u00eda imput\u00f3 al capit\u00e1n en retiro el delito de peculado por apropiaci\u00f3n con relaci\u00f3n a $68\u2019000.000 que, por concepto de gastos reservados, se pusieron a disposici\u00f3n del entramado ilegal de desprestigio. Por este cargo, la Fiscal\u00eda solicit\u00f3 la aplicaci\u00f3n del citado principio de oportunidad.<\/p>\n<p>En el curso del proceso el exdirector de inteligencia del DAS ha aportado detalles importantes que le han permitido a la Fiscal\u00eda obtener ocho condenas contra particulares, y funcionarios de la Casa de Nari\u00f1o y del extinto DAS. Adicionalmente, durante la audiencia p\u00fablica que se realiz\u00f3 ante un juez de control de garant\u00edas, ofreci\u00f3 excusas a la Corte Suprema de Justicia, otras instituciones y personas que fueron v\u00edctimas de las actividades il\u00edcitas desplegadas desde el departamento de seguridad.<\/p>\n<p>Esta informaci\u00f3n se publica por razones de inter\u00e9s general.<\/p>\n<p>&nbsp;<\/p>\n<p>LAGP\/JARG\/GRJD\/MRC<\/p>\n<p>&nbsp;<\/p>\n<p><em>La informaci\u00f3n contenida en este bolet\u00edn de prensa corresponde a la narraci\u00f3n de los hechos noticiosos objetivos, y las investigaciones penales al interior de la Fiscal\u00eda General de la Naci\u00f3n. Para el momento de la divulgaci\u00f3n de este comunicado, la situaci\u00f3n jur\u00eddica de la(s) persona(s) relacionada(s) se encuentra pendiente de resolver por la autoridad judicial competente, siempre bajo los preceptos de la presunci\u00f3n de inocencia, consagrados en el art\u00edculo 29 de la Constituci\u00f3n Pol\u00edtica y el art\u00edculo 7\u00ba de la Ley 906 de 2004.<\/em><\/p>\n\n<div class=\"twitter-share\"><a href=\"https:\/\/twitter.com\/intent\/tweet?via=fiscaliacol\" class=\"twitter-share-button\">Tweet<\/a><\/div>\n","protected":false},"excerpt":{"rendered":"<p>El capit\u00e1n en retiro Fernando Alfonso Tabares Molina hizo la manifestaci\u00f3n p\u00fablica como parte del principio de oportunidad que fue avalado por una juez de control de garant\u00edas. La Fiscal\u00eda General de la Naci\u00f3n solicit\u00f3 la aplicaci\u00f3n del principio de oportunidad al capit\u00e1n en retiro de la Armada Nacional, Fernando Alfonso Tabares Molina, quien acept\u00f3 [&hellip;]<\/p>\n","protected":false},"author":177,"featured_media":0,"comment_status":"closed","ping_status":"open","sticky":false,"template":"","format":"standard","meta":{"_price":"","_stock":"","_tribe_ticket_header":"","_tribe_default_ticket_provider":"","_tribe_ticket_capacity":"0","_ticket_start_date":"","_ticket_end_date":"","_tribe_ticket_show_description":"","_tribe_ticket_show_not_going":false,"_tribe_ticket_use_global_stock":"","_tribe_ticket_global_stock_level":"","_global_stock_mode":"","_global_stock_cap":"","_tribe_rsvp_for_event":"","_tribe_ticket_going_count":"","_tribe_ticket_not_going_count":"","_tribe_tickets_list":"[]","_tribe_ticket_has_attendee_info_fields":false,"tdm_status":"","tdm_grid_status":"","footnotes":""},"categories":[1],"tags":[30706,3563,77,30705,24185,24188,1047],"class_list":{"0":"post-242517","1":"post","2":"type-post","3":"status-publish","4":"format-standard","6":"category-noticias","7":"tag-congresistas","8":"tag-corte-suprema-de-justicia","9":"tag-das","10":"tag-exdirector","11":"tag-fiscal-barbosa","12":"tag-fiscal-francisco-barbosa","13":"tag-fiscalia-general-de-la-nacion"},"yoast_head":"<!-- This site is optimized with the Yoast SEO plugin v24.3 - https:\/\/yoast.com\/wordpress\/plugins\/seo\/ -->\n<title>Fiscal\u00eda General de la Naci\u00f3n<\/title>\n<meta name=\"description\" content=\"P\u00e1gina oficial de la Fiscal\u00eda General de la Naci\u00f3n \u2013 Colombia. Garantizamos el acceso efectivo a la justicia, la verdad y la reparaci\u00f3n de las v\u00edctimas de los delitos.\" \/>\n<meta name=\"robots\" content=\"noindex, follow\" \/>\n<meta property=\"og:locale\" content=\"es_ES\" \/>\n<meta property=\"og:type\" content=\"article\" \/>\n<meta property=\"og:title\" content=\"Fiscal\u00eda General de la Naci\u00f3n\" \/>\n<meta property=\"og:description\" content=\"P\u00e1gina oficial de la Fiscal\u00eda General de la Naci\u00f3n \u2013 Colombia. Garantizamos el acceso efectivo a la justicia, la verdad y la reparaci\u00f3n de las v\u00edctimas de los delitos.\" \/>\n<meta property=\"og:url\" content=\"https:\/\/www.fiscalia.gov.co\/colombia\/noticias\/exdirector-de-inteligencia-del-das-ofrece-excusas-publicas-por-participar-en-plan-de-desprestigio-contra-magistrados-de-la-corte-suprema-de-justicia-y-algunos-congresistas\/\" \/>\n<meta property=\"og:site_name\" content=\"Fiscal\u00eda General de la Naci\u00f3n\" \/>\n<meta property=\"article:publisher\" content=\"https:\/\/www.facebook.com\/FiscaliaCol\" \/>\n<meta property=\"article:published_time\" content=\"2022-03-03T00:19:51+00:00\" \/>\n<meta property=\"article:modified_time\" content=\"2022-03-03T00:28:23+00:00\" \/>\n<meta name=\"author\" content=\"Jordan Leandro Oviedo Anzola\" \/>\n<meta name=\"twitter:card\" content=\"summary_large_image\" \/>\n<meta name=\"twitter:creator\" content=\"@FiscaliaCol\" \/>\n<meta name=\"twitter:site\" content=\"@FiscaliaCol\" \/>\n<meta name=\"twitter:label1\" content=\"Escrito por\" \/>\n\t<meta name=\"twitter:data1\" content=\"Jordan Leandro Oviedo Anzola\" \/>\n\t<meta name=\"twitter:label2\" content=\"Tiempo de lectura\" \/>\n\t<meta name=\"twitter:data2\" content=\"2 minutos\" \/>\n<script type=\"application\/ld+json\" class=\"yoast-schema-graph\">{\"@context\":\"https:\/\/schema.org\",\"@graph\":[{\"@type\":\"Article\",\"@id\":\"https:\/\/www.fiscalia.gov.co\/colombia\/noticias\/exdirector-de-inteligencia-del-das-ofrece-excusas-publicas-por-participar-en-plan-de-desprestigio-contra-magistrados-de-la-corte-suprema-de-justicia-y-algunos-congresistas\/#article\",\"isPartOf\":{\"@id\":\"https:\/\/www.fiscalia.gov.co\/colombia\/noticias\/exdirector-de-inteligencia-del-das-ofrece-excusas-publicas-por-participar-en-plan-de-desprestigio-contra-magistrados-de-la-corte-suprema-de-justicia-y-algunos-congresistas\/\"},\"author\":{\"name\":\"Jordan Leandro Oviedo Anzola\",\"@id\":\"https:\/\/www.fiscalia.gov.co\/colombia\/#\/schema\/person\/bf84402cf293a5393e9c70b111020b24\"},\"headline\":\"Exdirector de Inteligencia del DAS ofrece excusas p\u00fablicas por participar en plan de desprestigio contra magistrados de la Corte Suprema de Justicia y algunos congresistas\",\"datePublished\":\"2022-03-03T00:19:51+00:00\",\"dateModified\":\"2022-03-03T00:28:23+00:00\",\"mainEntityOfPage\":{\"@id\":\"https:\/\/www.fiscalia.gov.co\/colombia\/noticias\/exdirector-de-inteligencia-del-das-ofrece-excusas-publicas-por-participar-en-plan-de-desprestigio-contra-magistrados-de-la-corte-suprema-de-justicia-y-algunos-congresistas\/\"},\"wordCount\":496,\"publisher\":{\"@id\":\"https:\/\/www.fiscalia.gov.co\/colombia\/#organization\"},\"keywords\":[\"congresistas\",\"Corte Suprema de Justicia\",\"DAS\",\"Exdirector\",\"Fiscal Barbosa\",\"Fiscal Francisco Barbosa\",\"Fiscal\u00eda General de la Naci\u00f3n\"],\"articleSection\":[\"Noticias\"],\"inLanguage\":\"es-CO\"},{\"@type\":\"WebPage\",\"@id\":\"https:\/\/www.fiscalia.gov.co\/colombia\/noticias\/exdirector-de-inteligencia-del-das-ofrece-excusas-publicas-por-participar-en-plan-de-desprestigio-contra-magistrados-de-la-corte-suprema-de-justicia-y-algunos-congresistas\/\",\"url\":\"https:\/\/www.fiscalia.gov.co\/colombia\/noticias\/exdirector-de-inteligencia-del-das-ofrece-excusas-publicas-por-participar-en-plan-de-desprestigio-contra-magistrados-de-la-corte-suprema-de-justicia-y-algunos-congresistas\/\",\"name\":\"Fiscal\u00eda General de la Naci\u00f3n\",\"isPartOf\":{\"@id\":\"https:\/\/www.fiscalia.gov.co\/colombia\/#website\"},\"datePublished\":\"2022-03-03T00:19:51+00:00\",\"dateModified\":\"2022-03-03T00:28:23+00:00\",\"description\":\"P\u00e1gina oficial de la Fiscal\u00eda General de la Naci\u00f3n \u2013 Colombia. Garantizamos el acceso efectivo a la justicia, la verdad y la reparaci\u00f3n de las v\u00edctimas de los delitos.\",\"breadcrumb\":{\"@id\":\"https:\/\/www.fiscalia.gov.co\/colombia\/noticias\/exdirector-de-inteligencia-del-das-ofrece-excusas-publicas-por-participar-en-plan-de-desprestigio-contra-magistrados-de-la-corte-suprema-de-justicia-y-algunos-congresistas\/#breadcrumb\"},\"inLanguage\":\"es-CO\",\"potentialAction\":[{\"@type\":\"ReadAction\",\"target\":[\"https:\/\/www.fiscalia.gov.co\/colombia\/noticias\/exdirector-de-inteligencia-del-das-ofrece-excusas-publicas-por-participar-en-plan-de-desprestigio-contra-magistrados-de-la-corte-suprema-de-justicia-y-algunos-congresistas\/\"]}]},{\"@type\":\"BreadcrumbList\",\"@id\":\"https:\/\/www.fiscalia.gov.co\/colombia\/noticias\/exdirector-de-inteligencia-del-das-ofrece-excusas-publicas-por-participar-en-plan-de-desprestigio-contra-magistrados-de-la-corte-suprema-de-justicia-y-algunos-congresistas\/#breadcrumb\",\"itemListElement\":[{\"@type\":\"ListItem\",\"position\":1,\"name\":\"Home\",\"item\":\"https:\/\/www.fiscalia.gov.co\/colombia\/\"},{\"@type\":\"ListItem\",\"position\":2,\"name\":\"Exdirector de Inteligencia del DAS ofrece excusas p\u00fablicas por participar en plan de desprestigio contra magistrados de la Corte Suprema de Justicia y algunos congresistas\"}]},{\"@type\":\"WebSite\",\"@id\":\"https:\/\/www.fiscalia.gov.co\/colombia\/#website\",\"url\":\"https:\/\/www.fiscalia.gov.co\/colombia\/\",\"name\":\"Fiscal\u00eda General de la Naci\u00f3n\",\"description\":\"P\u00e1gina oficial de la Fiscal\u00eda General de la Naci\u00f3n \u2013 Colombia. Garantizamos el acceso efectivo a la justicia, la verdad y la reparaci\u00f3n de las v\u00edctimas de los delitos.\",\"publisher\":{\"@id\":\"https:\/\/www.fiscalia.gov.co\/colombia\/#organization\"},\"potentialAction\":[{\"@type\":\"SearchAction\",\"target\":{\"@type\":\"EntryPoint\",\"urlTemplate\":\"https:\/\/www.fiscalia.gov.co\/colombia\/?s={search_term_string}\"},\"query-input\":{\"@type\":\"PropertyValueSpecification\",\"valueRequired\":true,\"valueName\":\"search_term_string\"}}],\"inLanguage\":\"es-CO\"},{\"@type\":\"Organization\",\"@id\":\"https:\/\/www.fiscalia.gov.co\/colombia\/#organization\",\"name\":\"Fiscal\u00eda General de la Naci\u00f3n\",\"url\":\"https:\/\/www.fiscalia.gov.co\/colombia\/\",\"logo\":{\"@type\":\"ImageObject\",\"inLanguage\":\"es-CO\",\"@id\":\"https:\/\/www.fiscalia.gov.co\/colombia\/#\/schema\/logo\/image\/\",\"url\":\"https:\/\/www.fiscalia.gov.co\/colombia\/wp-content\/uploads\/LogoHorizontal_1.jpg\",\"contentUrl\":\"https:\/\/www.fiscalia.gov.co\/colombia\/wp-content\/uploads\/LogoHorizontal_1.jpg\",\"width\":300,\"height\":90,\"caption\":\"Fiscal\u00eda General de la Naci\u00f3n\"},\"image\":{\"@id\":\"https:\/\/www.fiscalia.gov.co\/colombia\/#\/schema\/logo\/image\/\"},\"sameAs\":[\"https:\/\/www.facebook.com\/FiscaliaCol\",\"https:\/\/x.com\/FiscaliaCol\",\"https:\/\/www.instagram.com\/fiscaliacol\",\"https:\/\/www.linkedin.com\/company\/fiscalia-general-de-la-naci-n\/\",\"https:\/\/youtube.com\/@fiscaliageneraldelanacion-4668?si=6nN79nyQICPU5iTh\"]},{\"@type\":\"Person\",\"@id\":\"https:\/\/www.fiscalia.gov.co\/colombia\/#\/schema\/person\/bf84402cf293a5393e9c70b111020b24\",\"name\":\"Jordan Leandro Oviedo Anzola\",\"image\":{\"@type\":\"ImageObject\",\"inLanguage\":\"es-CO\",\"@id\":\"https:\/\/www.fiscalia.gov.co\/colombia\/#\/schema\/person\/image\/\",\"url\":\"https:\/\/secure.gravatar.com\/avatar\/dabba4346fa9b9207d96adafa8f92721?s=96&d=mm&r=g\",\"contentUrl\":\"https:\/\/secure.gravatar.com\/avatar\/dabba4346fa9b9207d96adafa8f92721?s=96&d=mm&r=g\",\"caption\":\"Jordan Leandro Oviedo Anzola\"},\"url\":\"https:\/\/www.fiscalia.gov.co\/colombia\/author\/joviedo\/\"}]}<\/script>\n<!-- \/ Yoast SEO plugin. -->","yoast_head_json":{"title":"Fiscal\u00eda General de la Naci\u00f3n","description":"P\u00e1gina oficial de la Fiscal\u00eda General de la Naci\u00f3n \u2013 Colombia. Garantizamos el acceso efectivo a la justicia, la verdad y la reparaci\u00f3n de las v\u00edctimas de los delitos.","robots":{"index":"noindex","follow":"follow"},"og_locale":"es_ES","og_type":"article","og_title":"Fiscal\u00eda General de la Naci\u00f3n","og_description":"P\u00e1gina oficial de la Fiscal\u00eda General de la Naci\u00f3n \u2013 Colombia. Garantizamos el acceso efectivo a la justicia, la verdad y la reparaci\u00f3n de las v\u00edctimas de los delitos.","og_url":"https:\/\/www.fiscalia.gov.co\/colombia\/noticias\/exdirector-de-inteligencia-del-das-ofrece-excusas-publicas-por-participar-en-plan-de-desprestigio-contra-magistrados-de-la-corte-suprema-de-justicia-y-algunos-congresistas\/","og_site_name":"Fiscal\u00eda General de la Naci\u00f3n","article_publisher":"https:\/\/www.facebook.com\/FiscaliaCol","article_published_time":"2022-03-03T00:19:51+00:00","article_modified_time":"2022-03-03T00:28:23+00:00","author":"Jordan Leandro Oviedo Anzola","twitter_card":"summary_large_image","twitter_creator":"@FiscaliaCol","twitter_site":"@FiscaliaCol","twitter_misc":{"Escrito por":"Jordan Leandro Oviedo Anzola","Tiempo de lectura":"2 minutos"},"schema":{"@context":"https:\/\/schema.org","@graph":[{"@type":"Article","@id":"https:\/\/www.fiscalia.gov.co\/colombia\/noticias\/exdirector-de-inteligencia-del-das-ofrece-excusas-publicas-por-participar-en-plan-de-desprestigio-contra-magistrados-de-la-corte-suprema-de-justicia-y-algunos-congresistas\/#article","isPartOf":{"@id":"https:\/\/www.fiscalia.gov.co\/colombia\/noticias\/exdirector-de-inteligencia-del-das-ofrece-excusas-publicas-por-participar-en-plan-de-desprestigio-contra-magistrados-de-la-corte-suprema-de-justicia-y-algunos-congresistas\/"},"author":{"name":"Jordan Leandro Oviedo Anzola","@id":"https:\/\/www.fiscalia.gov.co\/colombia\/#\/schema\/person\/bf84402cf293a5393e9c70b111020b24"},"headline":"Exdirector de Inteligencia del DAS ofrece excusas p\u00fablicas por participar en plan de desprestigio contra magistrados de la Corte Suprema de Justicia y algunos congresistas","datePublished":"2022-03-03T00:19:51+00:00","dateModified":"2022-03-03T00:28:23+00:00","mainEntityOfPage":{"@id":"https:\/\/www.fiscalia.gov.co\/colombia\/noticias\/exdirector-de-inteligencia-del-das-ofrece-excusas-publicas-por-participar-en-plan-de-desprestigio-contra-magistrados-de-la-corte-suprema-de-justicia-y-algunos-congresistas\/"},"wordCount":496,"publisher":{"@id":"https:\/\/www.fiscalia.gov.co\/colombia\/#organization"},"keywords":["congresistas","Corte Suprema de Justicia","DAS","Exdirector","Fiscal Barbosa","Fiscal Francisco Barbosa","Fiscal\u00eda General de la Naci\u00f3n"],"articleSection":["Noticias"],"inLanguage":"es-CO"},{"@type":"WebPage","@id":"https:\/\/www.fiscalia.gov.co\/colombia\/noticias\/exdirector-de-inteligencia-del-das-ofrece-excusas-publicas-por-participar-en-plan-de-desprestigio-contra-magistrados-de-la-corte-suprema-de-justicia-y-algunos-congresistas\/","url":"https:\/\/www.fiscalia.gov.co\/colombia\/noticias\/exdirector-de-inteligencia-del-das-ofrece-excusas-publicas-por-participar-en-plan-de-desprestigio-contra-magistrados-de-la-corte-suprema-de-justicia-y-algunos-congresistas\/","name":"Fiscal\u00eda General de la Naci\u00f3n","isPartOf":{"@id":"https:\/\/www.fiscalia.gov.co\/colombia\/#website"},"datePublished":"2022-03-03T00:19:51+00:00","dateModified":"2022-03-03T00:28:23+00:00","description":"P\u00e1gina oficial de la Fiscal\u00eda General de la Naci\u00f3n \u2013 Colombia. Garantizamos el acceso efectivo a la justicia, la verdad y la reparaci\u00f3n de las v\u00edctimas de los delitos.","breadcrumb":{"@id":"https:\/\/www.fiscalia.gov.co\/colombia\/noticias\/exdirector-de-inteligencia-del-das-ofrece-excusas-publicas-por-participar-en-plan-de-desprestigio-contra-magistrados-de-la-corte-suprema-de-justicia-y-algunos-congresistas\/#breadcrumb"},"inLanguage":"es-CO","potentialAction":[{"@type":"ReadAction","target":["https:\/\/www.fiscalia.gov.co\/colombia\/noticias\/exdirector-de-inteligencia-del-das-ofrece-excusas-publicas-por-participar-en-plan-de-desprestigio-contra-magistrados-de-la-corte-suprema-de-justicia-y-algunos-congresistas\/"]}]},{"@type":"BreadcrumbList","@id":"https:\/\/www.fiscalia.gov.co\/colombia\/noticias\/exdirector-de-inteligencia-del-das-ofrece-excusas-publicas-por-participar-en-plan-de-desprestigio-contra-magistrados-de-la-corte-suprema-de-justicia-y-algunos-congresistas\/#breadcrumb","itemListElement":[{"@type":"ListItem","position":1,"name":"Home","item":"https:\/\/www.fiscalia.gov.co\/colombia\/"},{"@type":"ListItem","position":2,"name":"Exdirector de Inteligencia del DAS ofrece excusas p\u00fablicas por participar en plan de desprestigio contra magistrados de la Corte Suprema de Justicia y algunos congresistas"}]},{"@type":"WebSite","@id":"https:\/\/www.fiscalia.gov.co\/colombia\/#website","url":"https:\/\/www.fiscalia.gov.co\/colombia\/","name":"Fiscal\u00eda General de la Naci\u00f3n","description":"P\u00e1gina oficial de la Fiscal\u00eda General de la Naci\u00f3n \u2013 Colombia. Garantizamos el acceso efectivo a la justicia, la verdad y la reparaci\u00f3n de las v\u00edctimas de los delitos.","publisher":{"@id":"https:\/\/www.fiscalia.gov.co\/colombia\/#organization"},"potentialAction":[{"@type":"SearchAction","target":{"@type":"EntryPoint","urlTemplate":"https:\/\/www.fiscalia.gov.co\/colombia\/?s={search_term_string}"},"query-input":{"@type":"PropertyValueSpecification","valueRequired":true,"valueName":"search_term_string"}}],"inLanguage":"es-CO"},{"@type":"Organization","@id":"https:\/\/www.fiscalia.gov.co\/colombia\/#organization","name":"Fiscal\u00eda General de la Naci\u00f3n","url":"https:\/\/www.fiscalia.gov.co\/colombia\/","logo":{"@type":"ImageObject","inLanguage":"es-CO","@id":"https:\/\/www.fiscalia.gov.co\/colombia\/#\/schema\/logo\/image\/","url":"https:\/\/www.fiscalia.gov.co\/colombia\/wp-content\/uploads\/LogoHorizontal_1.jpg","contentUrl":"https:\/\/www.fiscalia.gov.co\/colombia\/wp-content\/uploads\/LogoHorizontal_1.jpg","width":300,"height":90,"caption":"Fiscal\u00eda General de la Naci\u00f3n"},"image":{"@id":"https:\/\/www.fiscalia.gov.co\/colombia\/#\/schema\/logo\/image\/"},"sameAs":["https:\/\/www.facebook.com\/FiscaliaCol","https:\/\/x.com\/FiscaliaCol","https:\/\/www.instagram.com\/fiscaliacol","https:\/\/www.linkedin.com\/company\/fiscalia-general-de-la-naci-n\/","https:\/\/youtube.com\/@fiscaliageneraldelanacion-4668?si=6nN79nyQICPU5iTh"]},{"@type":"Person","@id":"https:\/\/www.fiscalia.gov.co\/colombia\/#\/schema\/person\/bf84402cf293a5393e9c70b111020b24","name":"Jordan Leandro Oviedo Anzola","image":{"@type":"ImageObject","inLanguage":"es-CO","@id":"https:\/\/www.fiscalia.gov.co\/colombia\/#\/schema\/person\/image\/","url":"https:\/\/secure.gravatar.com\/avatar\/dabba4346fa9b9207d96adafa8f92721?s=96&d=mm&r=g","contentUrl":"https:\/\/secure.gravatar.com\/avatar\/dabba4346fa9b9207d96adafa8f92721?s=96&d=mm&r=g","caption":"Jordan Leandro Oviedo Anzola"},"url":"https:\/\/www.fiscalia.gov.co\/colombia\/author\/joviedo\/"}]}},"_links":{"self":[{"href":"https:\/\/www.fiscalia.gov.co\/colombia\/wp-json\/wp\/v2\/posts\/242517","targetHints":{"allow":["GET"]}}],"collection":[{"href":"https:\/\/www.fiscalia.gov.co\/colombia\/wp-json\/wp\/v2\/posts"}],"about":[{"href":"https:\/\/www.fiscalia.gov.co\/colombia\/wp-json\/wp\/v2\/types\/post"}],"author":[{"embeddable":true,"href":"https:\/\/www.fiscalia.gov.co\/colombia\/wp-json\/wp\/v2\/users\/177"}],"replies":[{"embeddable":true,"href":"https:\/\/www.fiscalia.gov.co\/colombia\/wp-json\/wp\/v2\/comments?post=242517"}],"version-history":[{"count":1,"href":"https:\/\/www.fiscalia.gov.co\/colombia\/wp-json\/wp\/v2\/posts\/242517\/revisions"}],"predecessor-version":[{"id":242518,"href":"https:\/\/www.fiscalia.gov.co\/colombia\/wp-json\/wp\/v2\/posts\/242517\/revisions\/242518"}],"wp:attachment":[{"href":"https:\/\/www.fiscalia.gov.co\/colombia\/wp-json\/wp\/v2\/media?parent=242517"}],"wp:term":[{"taxonomy":"category","embeddable":true,"href":"https:\/\/www.fiscalia.gov.co\/colombia\/wp-json\/wp\/v2\/categories?post=242517"},{"taxonomy":"post_tag","embeddable":true,"href":"https:\/\/www.fiscalia.gov.co\/colombia\/wp-json\/wp\/v2\/tags?post=242517"}],"curies":[{"name":"wp","href":"https:\/\/api.w.org\/{rel}","templated":true}]}}