{"id":242472,"date":"2022-03-02T12:13:15","date_gmt":"2022-03-02T17:13:15","guid":{"rendered":"https:\/\/www.fiscalia.gov.co\/colombia\/?p=242472"},"modified":"2022-03-02T12:13:15","modified_gmt":"2022-03-02T17:13:15","slug":"judicializado-exfuncionario-de-la-rama-judicial-en-cartagena-y-nueve-particulares-como-posibles-implicados-en-el-desfalco-de-cerca-de-2800-millones-de-pesos-de-erario-publico","status":"publish","type":"post","link":"https:\/\/www.fiscalia.gov.co\/colombia\/noticias\/judicializado-exfuncionario-de-la-rama-judicial-en-cartagena-y-nueve-particulares-como-posibles-implicados-en-el-desfalco-de-cerca-de-2800-millones-de-pesos-de-erario-publico\/","title":{"rendered":"Judicializado exfuncionario de la Rama Judicial en Cartagena y nueve particulares como posibles implicados en el desfalco de cerca de 2800 millones de pesos de erario p\u00fablico"},"content":{"rendered":"<h4><strong><i>El exservidor p\u00fablico acept\u00f3 todos los cargos imputados por la Fiscal\u00eda.<\/i><\/strong><\/h4>\n<p>La contundencia del material de prueba presentado por un fiscal de la Unidad de Administraci\u00f3n P\u00fablica de Cartagena (Seccional Bol\u00edvar), fue suficiente para que un juez de control de garant\u00edas judicializara a diez personas, presuntamente, implicadas en hechos de corrupci\u00f3n por, presuntamente, haber afectado el presupuesto de la Rama Judicial en este departamento.<\/p>\n<p><img loading=\"lazy\" decoding=\"async\" class=\"aligncenter size-large wp-image-242473\" src=\"https:\/\/www.fiscalia.gov.co\/colombia\/wp-content\/uploads\/Fiscal_Francisco_Barbosa_Imputados_cartagena_dinero-p\u00fablico-1024x672.jpeg\" alt=\"\" width=\"696\" height=\"457\" srcset=\"https:\/\/www.fiscalia.gov.co\/colombia\/wp-content\/uploads\/Fiscal_Francisco_Barbosa_Imputados_cartagena_dinero-p\u00fablico-1024x672.jpeg 1024w, https:\/\/www.fiscalia.gov.co\/colombia\/wp-content\/uploads\/Fiscal_Francisco_Barbosa_Imputados_cartagena_dinero-p\u00fablico-300x197.jpeg 300w, https:\/\/www.fiscalia.gov.co\/colombia\/wp-content\/uploads\/Fiscal_Francisco_Barbosa_Imputados_cartagena_dinero-p\u00fablico-768x504.jpeg 768w, https:\/\/www.fiscalia.gov.co\/colombia\/wp-content\/uploads\/Fiscal_Francisco_Barbosa_Imputados_cartagena_dinero-p\u00fablico-696x457.jpeg 696w, https:\/\/www.fiscalia.gov.co\/colombia\/wp-content\/uploads\/Fiscal_Francisco_Barbosa_Imputados_cartagena_dinero-p\u00fablico-1068x701.jpeg 1068w, https:\/\/www.fiscalia.gov.co\/colombia\/wp-content\/uploads\/Fiscal_Francisco_Barbosa_Imputados_cartagena_dinero-p\u00fablico-640x420.jpeg 640w, https:\/\/www.fiscalia.gov.co\/colombia\/wp-content\/uploads\/Fiscal_Francisco_Barbosa_Imputados_cartagena_dinero-p\u00fablico-741x486.jpeg 741w, https:\/\/www.fiscalia.gov.co\/colombia\/wp-content\/uploads\/Fiscal_Francisco_Barbosa_Imputados_cartagena_dinero-p\u00fablico.jpeg 1280w\" sizes=\"auto, (max-width: 696px) 100vw, 696px\" \/><\/p>\n<p>Se trata de Larry L\u00f3pez Ospino, quien hasta el 2021 se desempe\u00f1\u00f3 como liquidador de n\u00f3mina de la Direcci\u00f3n Administrativa Judicial de Cartagena. A \u00e9l se suman nueve personas, al parecer, implicadas en un desfalco superior a los 2.800 de pesos, mediante el pago irregular de salarios.<\/p>\n<p>De acuerdo con la investigaci\u00f3n, desde 2016 a la fecha el procesado habr\u00eda aprovechado su rol para, supuestamente, inscribir en el sistema de registro de funcionarios a amigos y familiares quienes, sin ser servidores judiciales, se beneficiaron con las prestaciones que normalmente son reconocidas a estos trabajadores.<\/p>\n<p>El ente acusador tambi\u00e9n determin\u00f3 que L\u00f3pez Ospino habr\u00eda aprovechado sus conocimientos en inform\u00e1tica para, al parecer, alterar los sistemas y los programas de n\u00f3mina de la Rama Judicial e ingresar datos de falsos trabajadores y de esa manera lograr que les fueran cancelados por cinco a\u00f1os salarios, primas, cesant\u00edas y bonificaciones, entre otros, rubros que superaron los 2.800 millones de pesos.<\/p>\n<p><b>Los dem\u00e1s implicados<\/b><\/p>\n<p>Se trata de Miryam Fajado Pombo y Renzo Le\u00f3n P\u00e9rez quienes aparec\u00edan en el papel como juez; siendo en realidad ama de casa y mec\u00e1nico, respectivamente. Jos\u00e9 Manuel P\u00e9rez Gonz\u00e1lez, supuestamente, cumpl\u00eda funciones como oficial mayor; pero en realidad se desempe\u00f1a como mototaxista; y Amanda Ortiz Mart\u00ednez, supuesta secretaria municipal, pero su trabajo era el de empleada dom\u00e9stica.<\/p>\n<p>Estas cinco personas fueron capturadas por agentes del Cuerpo T\u00e9cnico de Investigaci\u00f3n (CTI) en desarrollo de varias diligencias de registro y allanamiento.<\/p>\n<p><b>Otros investigados<\/b><\/p>\n<p>Otras de las personas que est\u00e1n siendo procesadas, en ausencia, pero representados por sus abogados son Evelyn Torres Reinero y Eder Santiago Ch\u00e1vez Hern\u00e1ndez; quienes aparec\u00edan en la n\u00f3mina de la Rama como abogados y jueces, pero en realidad se desempe\u00f1aban como comerciante y contador.<\/p>\n<p>En los hechos tambi\u00e9n estar\u00edan implicados Natalia Kamila P\u00e9rez Torres, estudiante; y Fredy Fernando Lemus Mart\u00ednez, quien labora en expendio de carne. Estas dos personas habr\u00edan recibido dineros p\u00fablicos, aunque no fueron incluidos como trabajadores de la Rama Judicial.<\/p>\n<p>El material de prueba recaudado evidenci\u00f3 que los falsos trabajadores, una vez cancelados los salarios indebidos, se quedar\u00edan con un porcentaje del dinero, y le consignar\u00edan el restante a L\u00f3pez Ospino.<\/p>\n<p>A los procesados les fueron imputados seg\u00fan sus responsabilidades individuales, delitos como: peculado por apropiaci\u00f3n agravado continuado, falsedad ideol\u00f3gica en documento p\u00fablico agravado continuado y acceso abusivo a un sistema de informaci\u00f3n.<\/p>\n<p>L\u00f3pez Ospino, quien durante las audiencias concentradas se allan\u00f3 a todos los cargos imputados por la Fiscal\u00eda, cumplir\u00e1 su medida preventiva intramural en la c\u00e1rcel Ternera de Cartagena. Los nueve restantes fueron privados de la libertad en sus sitios de domicilio.<\/p>\n<p>La Fiscal\u00eda continuar\u00e1 con la investigaci\u00f3n en contra de otros cuatro procesados.<b>\u00a0<\/b><\/p>\n<p style=\"text-align: left;\" align=\"center\"><b>La Fiscal\u00eda habla con resultados.<\/b><\/p>\n<p>&nbsp;<\/p>\n<p>&nbsp;<\/p>\n<p>MEVA\/MAGA\/LV\/MRC.<b><\/b><\/p>\n<p>&nbsp;<\/p>\n<p>&nbsp;<\/p>\n<div>\n<p><em><span lang=\"ES\">La informaci\u00f3n contenida en este bolet\u00edn de prensa corresponde a la narraci\u00f3n de los hechos noticiosos objetivos, suministrados por los funcionarios encargados de adelantar las investigaciones penales al interior de la Fiscal\u00eda General de la Naci\u00f3n. Para el momento de la divulgaci\u00f3n de este comunicado, la situaci\u00f3n jur\u00eddica de la(s) persona(s) relacionada(s) se encuentra pendiente de resolver por la autoridad judicial competente, siempre bajo los preceptos de la presunci\u00f3n de inocencia, consagrados en el art\u00edculo 29 de la Constituci\u00f3n Pol\u00edtica y el art\u00edculo 7\u00ba de la Ley 906 de 2004.<\/span><\/em><\/p>\n<\/div>\n\n<div class=\"twitter-share\"><a href=\"https:\/\/twitter.com\/intent\/tweet?via=fiscaliacol\" class=\"twitter-share-button\">Tweet<\/a><\/div>\n","protected":false},"excerpt":{"rendered":"<p>El exservidor p\u00fablico acept\u00f3 todos los cargos imputados por la Fiscal\u00eda. La contundencia del material de prueba presentado por un fiscal de la Unidad de Administraci\u00f3n P\u00fablica de Cartagena (Seccional Bol\u00edvar), fue suficiente para que un juez de control de garant\u00edas judicializara a diez personas, presuntamente, implicadas en hechos de corrupci\u00f3n por, presuntamente, haber afectado [&hellip;]<\/p>\n","protected":false},"author":177,"featured_media":0,"comment_status":"closed","ping_status":"open","sticky":false,"template":"","format":"standard","meta":{"_price":"","_stock":"","_tribe_ticket_header":"","_tribe_default_ticket_provider":"","_tribe_ticket_capacity":"0","_ticket_start_date":"","_ticket_end_date":"","_tribe_ticket_show_description":"","_tribe_ticket_show_not_going":false,"_tribe_ticket_use_global_stock":"","_tribe_ticket_global_stock_level":"","_global_stock_mode":"","_global_stock_cap":"","_tribe_rsvp_for_event":"","_tribe_ticket_going_count":"","_tribe_ticket_not_going_count":"","_tribe_tickets_list":"[]","_tribe_ticket_has_attendee_info_fields":false,"tdm_status":"","tdm_grid_status":"","footnotes":""},"categories":[1,325,303,24099],"tags":[427,2095,30692,24185,24188,1047],"class_list":{"0":"post-242472","1":"post","2":"type-post","3":"status-publish","4":"format-standard","6":"category-noticias","7":"category-seccional-cartagena","8":"category-seccionales","9":"category-seguridad-territorial","10":"tag-corrupcion","11":"tag-desfalco","12":"tag-erario-publico","13":"tag-fiscal-barbosa","14":"tag-fiscal-francisco-barbosa","15":"tag-fiscalia-general-de-la-nacion"},"yoast_head":"<!-- This site is optimized with the Yoast SEO plugin v24.3 - https:\/\/yoast.com\/wordpress\/plugins\/seo\/ -->\n<title>Fiscal\u00eda General de la Naci\u00f3n<\/title>\n<meta name=\"description\" content=\"P\u00e1gina oficial de la Fiscal\u00eda General de la Naci\u00f3n \u2013 Colombia. Garantizamos el acceso efectivo a la justicia, la verdad y la reparaci\u00f3n de las v\u00edctimas de los delitos.\" \/>\n<meta name=\"robots\" content=\"noindex, follow\" \/>\n<meta property=\"og:locale\" content=\"es_ES\" \/>\n<meta property=\"og:type\" content=\"article\" \/>\n<meta property=\"og:title\" content=\"Fiscal\u00eda General de la Naci\u00f3n\" \/>\n<meta property=\"og:description\" content=\"P\u00e1gina oficial de la Fiscal\u00eda General de la Naci\u00f3n \u2013 Colombia. Garantizamos el acceso efectivo a la justicia, la verdad y la reparaci\u00f3n de las v\u00edctimas de los delitos.\" \/>\n<meta property=\"og:url\" content=\"https:\/\/www.fiscalia.gov.co\/colombia\/noticias\/judicializado-exfuncionario-de-la-rama-judicial-en-cartagena-y-nueve-particulares-como-posibles-implicados-en-el-desfalco-de-cerca-de-2800-millones-de-pesos-de-erario-publico\/\" \/>\n<meta property=\"og:site_name\" content=\"Fiscal\u00eda General de la Naci\u00f3n\" \/>\n<meta property=\"article:publisher\" content=\"https:\/\/www.facebook.com\/FiscaliaCol\" \/>\n<meta property=\"article:published_time\" content=\"2022-03-02T17:13:15+00:00\" \/>\n<meta name=\"author\" content=\"Jordan Leandro Oviedo Anzola\" \/>\n<meta name=\"twitter:card\" content=\"summary_large_image\" \/>\n<meta name=\"twitter:creator\" content=\"@FiscaliaCol\" \/>\n<meta name=\"twitter:site\" content=\"@FiscaliaCol\" \/>\n<meta name=\"twitter:label1\" content=\"Escrito por\" \/>\n\t<meta name=\"twitter:data1\" content=\"Jordan Leandro Oviedo Anzola\" \/>\n\t<meta name=\"twitter:label2\" content=\"Tiempo de lectura\" \/>\n\t<meta name=\"twitter:data2\" content=\"3 minutos\" \/>\n<script type=\"application\/ld+json\" class=\"yoast-schema-graph\">{\"@context\":\"https:\/\/schema.org\",\"@graph\":[{\"@type\":\"Article\",\"@id\":\"https:\/\/www.fiscalia.gov.co\/colombia\/noticias\/judicializado-exfuncionario-de-la-rama-judicial-en-cartagena-y-nueve-particulares-como-posibles-implicados-en-el-desfalco-de-cerca-de-2800-millones-de-pesos-de-erario-publico\/#article\",\"isPartOf\":{\"@id\":\"https:\/\/www.fiscalia.gov.co\/colombia\/noticias\/judicializado-exfuncionario-de-la-rama-judicial-en-cartagena-y-nueve-particulares-como-posibles-implicados-en-el-desfalco-de-cerca-de-2800-millones-de-pesos-de-erario-publico\/\"},\"author\":{\"name\":\"Jordan Leandro Oviedo Anzola\",\"@id\":\"https:\/\/www.fiscalia.gov.co\/colombia\/#\/schema\/person\/bf84402cf293a5393e9c70b111020b24\"},\"headline\":\"Judicializado exfuncionario de la Rama Judicial en Cartagena y nueve particulares como posibles implicados en el desfalco de cerca de 2800 millones de pesos de erario p\u00fablico\",\"datePublished\":\"2022-03-02T17:13:15+00:00\",\"dateModified\":\"2022-03-02T17:13:15+00:00\",\"mainEntityOfPage\":{\"@id\":\"https:\/\/www.fiscalia.gov.co\/colombia\/noticias\/judicializado-exfuncionario-de-la-rama-judicial-en-cartagena-y-nueve-particulares-como-posibles-implicados-en-el-desfalco-de-cerca-de-2800-millones-de-pesos-de-erario-publico\/\"},\"wordCount\":701,\"publisher\":{\"@id\":\"https:\/\/www.fiscalia.gov.co\/colombia\/#organization\"},\"keywords\":[\"Corrupci\u00f3n\",\"Desfalco\",\"Erario Publico\",\"Fiscal Barbosa\",\"Fiscal Francisco Barbosa\",\"Fiscal\u00eda General de la Naci\u00f3n\"],\"articleSection\":[\"Noticias\",\"Seccional Cartagena\",\"Seccionales\",\"Seguridad territorial\"],\"inLanguage\":\"es-CO\"},{\"@type\":\"WebPage\",\"@id\":\"https:\/\/www.fiscalia.gov.co\/colombia\/noticias\/judicializado-exfuncionario-de-la-rama-judicial-en-cartagena-y-nueve-particulares-como-posibles-implicados-en-el-desfalco-de-cerca-de-2800-millones-de-pesos-de-erario-publico\/\",\"url\":\"https:\/\/www.fiscalia.gov.co\/colombia\/noticias\/judicializado-exfuncionario-de-la-rama-judicial-en-cartagena-y-nueve-particulares-como-posibles-implicados-en-el-desfalco-de-cerca-de-2800-millones-de-pesos-de-erario-publico\/\",\"name\":\"Fiscal\u00eda General de la Naci\u00f3n\",\"isPartOf\":{\"@id\":\"https:\/\/www.fiscalia.gov.co\/colombia\/#website\"},\"datePublished\":\"2022-03-02T17:13:15+00:00\",\"dateModified\":\"2022-03-02T17:13:15+00:00\",\"description\":\"P\u00e1gina oficial de la Fiscal\u00eda General de la Naci\u00f3n \u2013 Colombia. Garantizamos el acceso efectivo a la justicia, la verdad y la reparaci\u00f3n de las v\u00edctimas de los delitos.\",\"breadcrumb\":{\"@id\":\"https:\/\/www.fiscalia.gov.co\/colombia\/noticias\/judicializado-exfuncionario-de-la-rama-judicial-en-cartagena-y-nueve-particulares-como-posibles-implicados-en-el-desfalco-de-cerca-de-2800-millones-de-pesos-de-erario-publico\/#breadcrumb\"},\"inLanguage\":\"es-CO\",\"potentialAction\":[{\"@type\":\"ReadAction\",\"target\":[\"https:\/\/www.fiscalia.gov.co\/colombia\/noticias\/judicializado-exfuncionario-de-la-rama-judicial-en-cartagena-y-nueve-particulares-como-posibles-implicados-en-el-desfalco-de-cerca-de-2800-millones-de-pesos-de-erario-publico\/\"]}]},{\"@type\":\"BreadcrumbList\",\"@id\":\"https:\/\/www.fiscalia.gov.co\/colombia\/noticias\/judicializado-exfuncionario-de-la-rama-judicial-en-cartagena-y-nueve-particulares-como-posibles-implicados-en-el-desfalco-de-cerca-de-2800-millones-de-pesos-de-erario-publico\/#breadcrumb\",\"itemListElement\":[{\"@type\":\"ListItem\",\"position\":1,\"name\":\"Home\",\"item\":\"https:\/\/www.fiscalia.gov.co\/colombia\/\"},{\"@type\":\"ListItem\",\"position\":2,\"name\":\"Judicializado exfuncionario de la Rama Judicial en Cartagena y nueve particulares como posibles implicados en el desfalco de cerca de 2800 millones de pesos de erario p\u00fablico\"}]},{\"@type\":\"WebSite\",\"@id\":\"https:\/\/www.fiscalia.gov.co\/colombia\/#website\",\"url\":\"https:\/\/www.fiscalia.gov.co\/colombia\/\",\"name\":\"Fiscal\u00eda General de la Naci\u00f3n\",\"description\":\"P\u00e1gina oficial de la Fiscal\u00eda General de la Naci\u00f3n \u2013 Colombia. Garantizamos el acceso efectivo a la justicia, la verdad y la reparaci\u00f3n de las v\u00edctimas de los delitos.\",\"publisher\":{\"@id\":\"https:\/\/www.fiscalia.gov.co\/colombia\/#organization\"},\"potentialAction\":[{\"@type\":\"SearchAction\",\"target\":{\"@type\":\"EntryPoint\",\"urlTemplate\":\"https:\/\/www.fiscalia.gov.co\/colombia\/?s={search_term_string}\"},\"query-input\":{\"@type\":\"PropertyValueSpecification\",\"valueRequired\":true,\"valueName\":\"search_term_string\"}}],\"inLanguage\":\"es-CO\"},{\"@type\":\"Organization\",\"@id\":\"https:\/\/www.fiscalia.gov.co\/colombia\/#organization\",\"name\":\"Fiscal\u00eda General de la Naci\u00f3n\",\"url\":\"https:\/\/www.fiscalia.gov.co\/colombia\/\",\"logo\":{\"@type\":\"ImageObject\",\"inLanguage\":\"es-CO\",\"@id\":\"https:\/\/www.fiscalia.gov.co\/colombia\/#\/schema\/logo\/image\/\",\"url\":\"https:\/\/www.fiscalia.gov.co\/colombia\/wp-content\/uploads\/LogoHorizontal_1.jpg\",\"contentUrl\":\"https:\/\/www.fiscalia.gov.co\/colombia\/wp-content\/uploads\/LogoHorizontal_1.jpg\",\"width\":300,\"height\":90,\"caption\":\"Fiscal\u00eda General de la Naci\u00f3n\"},\"image\":{\"@id\":\"https:\/\/www.fiscalia.gov.co\/colombia\/#\/schema\/logo\/image\/\"},\"sameAs\":[\"https:\/\/www.facebook.com\/FiscaliaCol\",\"https:\/\/x.com\/FiscaliaCol\",\"https:\/\/www.instagram.com\/fiscaliacol\",\"https:\/\/www.linkedin.com\/company\/fiscalia-general-de-la-naci-n\/\",\"https:\/\/youtube.com\/@fiscaliageneraldelanacion-4668?si=6nN79nyQICPU5iTh\"]},{\"@type\":\"Person\",\"@id\":\"https:\/\/www.fiscalia.gov.co\/colombia\/#\/schema\/person\/bf84402cf293a5393e9c70b111020b24\",\"name\":\"Jordan Leandro Oviedo Anzola\",\"image\":{\"@type\":\"ImageObject\",\"inLanguage\":\"es-CO\",\"@id\":\"https:\/\/www.fiscalia.gov.co\/colombia\/#\/schema\/person\/image\/\",\"url\":\"https:\/\/secure.gravatar.com\/avatar\/dabba4346fa9b9207d96adafa8f92721?s=96&d=mm&r=g\",\"contentUrl\":\"https:\/\/secure.gravatar.com\/avatar\/dabba4346fa9b9207d96adafa8f92721?s=96&d=mm&r=g\",\"caption\":\"Jordan Leandro Oviedo Anzola\"},\"url\":\"https:\/\/www.fiscalia.gov.co\/colombia\/author\/joviedo\/\"}]}<\/script>\n<!-- \/ Yoast SEO plugin. -->","yoast_head_json":{"title":"Fiscal\u00eda General de la Naci\u00f3n","description":"P\u00e1gina oficial de la Fiscal\u00eda General de la Naci\u00f3n \u2013 Colombia. Garantizamos el acceso efectivo a la justicia, la verdad y la reparaci\u00f3n de las v\u00edctimas de los delitos.","robots":{"index":"noindex","follow":"follow"},"og_locale":"es_ES","og_type":"article","og_title":"Fiscal\u00eda General de la Naci\u00f3n","og_description":"P\u00e1gina oficial de la Fiscal\u00eda General de la Naci\u00f3n \u2013 Colombia. Garantizamos el acceso efectivo a la justicia, la verdad y la reparaci\u00f3n de las v\u00edctimas de los delitos.","og_url":"https:\/\/www.fiscalia.gov.co\/colombia\/noticias\/judicializado-exfuncionario-de-la-rama-judicial-en-cartagena-y-nueve-particulares-como-posibles-implicados-en-el-desfalco-de-cerca-de-2800-millones-de-pesos-de-erario-publico\/","og_site_name":"Fiscal\u00eda General de la Naci\u00f3n","article_publisher":"https:\/\/www.facebook.com\/FiscaliaCol","article_published_time":"2022-03-02T17:13:15+00:00","author":"Jordan Leandro Oviedo Anzola","twitter_card":"summary_large_image","twitter_creator":"@FiscaliaCol","twitter_site":"@FiscaliaCol","twitter_misc":{"Escrito por":"Jordan Leandro Oviedo Anzola","Tiempo de lectura":"3 minutos"},"schema":{"@context":"https:\/\/schema.org","@graph":[{"@type":"Article","@id":"https:\/\/www.fiscalia.gov.co\/colombia\/noticias\/judicializado-exfuncionario-de-la-rama-judicial-en-cartagena-y-nueve-particulares-como-posibles-implicados-en-el-desfalco-de-cerca-de-2800-millones-de-pesos-de-erario-publico\/#article","isPartOf":{"@id":"https:\/\/www.fiscalia.gov.co\/colombia\/noticias\/judicializado-exfuncionario-de-la-rama-judicial-en-cartagena-y-nueve-particulares-como-posibles-implicados-en-el-desfalco-de-cerca-de-2800-millones-de-pesos-de-erario-publico\/"},"author":{"name":"Jordan Leandro Oviedo Anzola","@id":"https:\/\/www.fiscalia.gov.co\/colombia\/#\/schema\/person\/bf84402cf293a5393e9c70b111020b24"},"headline":"Judicializado exfuncionario de la Rama Judicial en Cartagena y nueve particulares como posibles implicados en el desfalco de cerca de 2800 millones de pesos de erario p\u00fablico","datePublished":"2022-03-02T17:13:15+00:00","dateModified":"2022-03-02T17:13:15+00:00","mainEntityOfPage":{"@id":"https:\/\/www.fiscalia.gov.co\/colombia\/noticias\/judicializado-exfuncionario-de-la-rama-judicial-en-cartagena-y-nueve-particulares-como-posibles-implicados-en-el-desfalco-de-cerca-de-2800-millones-de-pesos-de-erario-publico\/"},"wordCount":701,"publisher":{"@id":"https:\/\/www.fiscalia.gov.co\/colombia\/#organization"},"keywords":["Corrupci\u00f3n","Desfalco","Erario Publico","Fiscal Barbosa","Fiscal Francisco Barbosa","Fiscal\u00eda General de la Naci\u00f3n"],"articleSection":["Noticias","Seccional Cartagena","Seccionales","Seguridad territorial"],"inLanguage":"es-CO"},{"@type":"WebPage","@id":"https:\/\/www.fiscalia.gov.co\/colombia\/noticias\/judicializado-exfuncionario-de-la-rama-judicial-en-cartagena-y-nueve-particulares-como-posibles-implicados-en-el-desfalco-de-cerca-de-2800-millones-de-pesos-de-erario-publico\/","url":"https:\/\/www.fiscalia.gov.co\/colombia\/noticias\/judicializado-exfuncionario-de-la-rama-judicial-en-cartagena-y-nueve-particulares-como-posibles-implicados-en-el-desfalco-de-cerca-de-2800-millones-de-pesos-de-erario-publico\/","name":"Fiscal\u00eda General de la Naci\u00f3n","isPartOf":{"@id":"https:\/\/www.fiscalia.gov.co\/colombia\/#website"},"datePublished":"2022-03-02T17:13:15+00:00","dateModified":"2022-03-02T17:13:15+00:00","description":"P\u00e1gina oficial de la Fiscal\u00eda General de la Naci\u00f3n \u2013 Colombia. Garantizamos el acceso efectivo a la justicia, la verdad y la reparaci\u00f3n de las v\u00edctimas de los delitos.","breadcrumb":{"@id":"https:\/\/www.fiscalia.gov.co\/colombia\/noticias\/judicializado-exfuncionario-de-la-rama-judicial-en-cartagena-y-nueve-particulares-como-posibles-implicados-en-el-desfalco-de-cerca-de-2800-millones-de-pesos-de-erario-publico\/#breadcrumb"},"inLanguage":"es-CO","potentialAction":[{"@type":"ReadAction","target":["https:\/\/www.fiscalia.gov.co\/colombia\/noticias\/judicializado-exfuncionario-de-la-rama-judicial-en-cartagena-y-nueve-particulares-como-posibles-implicados-en-el-desfalco-de-cerca-de-2800-millones-de-pesos-de-erario-publico\/"]}]},{"@type":"BreadcrumbList","@id":"https:\/\/www.fiscalia.gov.co\/colombia\/noticias\/judicializado-exfuncionario-de-la-rama-judicial-en-cartagena-y-nueve-particulares-como-posibles-implicados-en-el-desfalco-de-cerca-de-2800-millones-de-pesos-de-erario-publico\/#breadcrumb","itemListElement":[{"@type":"ListItem","position":1,"name":"Home","item":"https:\/\/www.fiscalia.gov.co\/colombia\/"},{"@type":"ListItem","position":2,"name":"Judicializado exfuncionario de la Rama Judicial en Cartagena y nueve particulares como posibles implicados en el desfalco de cerca de 2800 millones de pesos de erario p\u00fablico"}]},{"@type":"WebSite","@id":"https:\/\/www.fiscalia.gov.co\/colombia\/#website","url":"https:\/\/www.fiscalia.gov.co\/colombia\/","name":"Fiscal\u00eda General de la Naci\u00f3n","description":"P\u00e1gina oficial de la Fiscal\u00eda General de la Naci\u00f3n \u2013 Colombia. Garantizamos el acceso efectivo a la justicia, la verdad y la reparaci\u00f3n de las v\u00edctimas de los delitos.","publisher":{"@id":"https:\/\/www.fiscalia.gov.co\/colombia\/#organization"},"potentialAction":[{"@type":"SearchAction","target":{"@type":"EntryPoint","urlTemplate":"https:\/\/www.fiscalia.gov.co\/colombia\/?s={search_term_string}"},"query-input":{"@type":"PropertyValueSpecification","valueRequired":true,"valueName":"search_term_string"}}],"inLanguage":"es-CO"},{"@type":"Organization","@id":"https:\/\/www.fiscalia.gov.co\/colombia\/#organization","name":"Fiscal\u00eda General de la Naci\u00f3n","url":"https:\/\/www.fiscalia.gov.co\/colombia\/","logo":{"@type":"ImageObject","inLanguage":"es-CO","@id":"https:\/\/www.fiscalia.gov.co\/colombia\/#\/schema\/logo\/image\/","url":"https:\/\/www.fiscalia.gov.co\/colombia\/wp-content\/uploads\/LogoHorizontal_1.jpg","contentUrl":"https:\/\/www.fiscalia.gov.co\/colombia\/wp-content\/uploads\/LogoHorizontal_1.jpg","width":300,"height":90,"caption":"Fiscal\u00eda General de la Naci\u00f3n"},"image":{"@id":"https:\/\/www.fiscalia.gov.co\/colombia\/#\/schema\/logo\/image\/"},"sameAs":["https:\/\/www.facebook.com\/FiscaliaCol","https:\/\/x.com\/FiscaliaCol","https:\/\/www.instagram.com\/fiscaliacol","https:\/\/www.linkedin.com\/company\/fiscalia-general-de-la-naci-n\/","https:\/\/youtube.com\/@fiscaliageneraldelanacion-4668?si=6nN79nyQICPU5iTh"]},{"@type":"Person","@id":"https:\/\/www.fiscalia.gov.co\/colombia\/#\/schema\/person\/bf84402cf293a5393e9c70b111020b24","name":"Jordan Leandro Oviedo Anzola","image":{"@type":"ImageObject","inLanguage":"es-CO","@id":"https:\/\/www.fiscalia.gov.co\/colombia\/#\/schema\/person\/image\/","url":"https:\/\/secure.gravatar.com\/avatar\/dabba4346fa9b9207d96adafa8f92721?s=96&d=mm&r=g","contentUrl":"https:\/\/secure.gravatar.com\/avatar\/dabba4346fa9b9207d96adafa8f92721?s=96&d=mm&r=g","caption":"Jordan Leandro Oviedo Anzola"},"url":"https:\/\/www.fiscalia.gov.co\/colombia\/author\/joviedo\/"}]}},"_links":{"self":[{"href":"https:\/\/www.fiscalia.gov.co\/colombia\/wp-json\/wp\/v2\/posts\/242472","targetHints":{"allow":["GET"]}}],"collection":[{"href":"https:\/\/www.fiscalia.gov.co\/colombia\/wp-json\/wp\/v2\/posts"}],"about":[{"href":"https:\/\/www.fiscalia.gov.co\/colombia\/wp-json\/wp\/v2\/types\/post"}],"author":[{"embeddable":true,"href":"https:\/\/www.fiscalia.gov.co\/colombia\/wp-json\/wp\/v2\/users\/177"}],"replies":[{"embeddable":true,"href":"https:\/\/www.fiscalia.gov.co\/colombia\/wp-json\/wp\/v2\/comments?post=242472"}],"version-history":[{"count":1,"href":"https:\/\/www.fiscalia.gov.co\/colombia\/wp-json\/wp\/v2\/posts\/242472\/revisions"}],"predecessor-version":[{"id":242474,"href":"https:\/\/www.fiscalia.gov.co\/colombia\/wp-json\/wp\/v2\/posts\/242472\/revisions\/242474"}],"wp:attachment":[{"href":"https:\/\/www.fiscalia.gov.co\/colombia\/wp-json\/wp\/v2\/media?parent=242472"}],"wp:term":[{"taxonomy":"category","embeddable":true,"href":"https:\/\/www.fiscalia.gov.co\/colombia\/wp-json\/wp\/v2\/categories?post=242472"},{"taxonomy":"post_tag","embeddable":true,"href":"https:\/\/www.fiscalia.gov.co\/colombia\/wp-json\/wp\/v2\/tags?post=242472"}],"curies":[{"name":"wp","href":"https:\/\/api.w.org\/{rel}","templated":true}]}}