{"id":242434,"date":"2022-03-02T09:35:24","date_gmt":"2022-03-02T14:35:24","guid":{"rendered":"https:\/\/www.fiscalia.gov.co\/colombia\/?p=242434"},"modified":"2022-03-02T09:35:24","modified_gmt":"2022-03-02T14:35:24","slug":"asegurados-particulares-e-integrantes-de-la-fuerza-publica-que-estarian-involucrados-en-graves-danos-a-una-fuente-hidrica-de-meta","status":"publish","type":"post","link":"https:\/\/www.fiscalia.gov.co\/colombia\/noticias\/asegurados-particulares-e-integrantes-de-la-fuerza-publica-que-estarian-involucrados-en-graves-danos-a-una-fuente-hidrica-de-meta\/","title":{"rendered":"Asegurados particulares e integrantes de la fuerza p\u00fablica que estar\u00edan involucrados en graves da\u00f1os a una fuente h\u00eddrica de Meta"},"content":{"rendered":"<h4><strong><em>Entre los procesados hay un hombre conocido como \u2018Gurre\u2019, quien habr\u00eda entregado $3\u2019000.000 a un componente de la Polic\u00eda Nacional para que no le inmovilizaran maquinaria amarilla utilizada para la extracci\u00f3n de material de arrastre.<\/em><\/strong><\/h4>\n<p>La Fiscal\u00eda General de la Naci\u00f3n, como parte de la estrategia investigativa definida para proteger la Amazon\u00eda, logr\u00f3 la judicializaci\u00f3n de nueve personas, entre particulares e integrantes de la fuerza p\u00fablica, como presuntos responsables de graves afectaciones a una fuente h\u00eddrica en Meta, entre otras actuaciones irregulares.<\/p>\n<p>Uno de los procesados es Reinel Gait\u00e1n Tangarife, conocido como \u2018Gurre\u2019, quien habr\u00eda entregado $3\u2019000.000 a siete uniformados de la Polic\u00eda Nacional para que no le inmovilizaran retroexcavadoras utilizadas para la extracci\u00f3n ilegal de piedra y arena del r\u00edo Urichare, en Lejan\u00edas (Meta).<\/p>\n<p>Los hechos investigados ocurrieron el 2 de junio de 2021. Los uniformados reportaron la aprehensi\u00f3n de tres volquetas y la captura en flagrancia de los conductores; sin embargo, no habr\u00edan incluido en los informes la maquinaria amarilla. De esta manera, al parecer, plasmaron informaci\u00f3n equivocada y omitieron detalles en los documentos que sustentaban el procedimiento. Esto indujo en error al fiscal que conoci\u00f3 el caso, que dej\u00f3 en libertad a los detenidos.<\/p>\n<p>Las investigaciones dan cuenta de que horas antes de la diligencia se realizaron 120 viajes de volquetas cargadas de material obtenido del cauce del r\u00edo. Los d\u00edas anteriores se hicieron 240 viajes de arena, piedra y otros elementos, los cuales fueron trasladados a una finca para la construcci\u00f3n de una carretera privada.<\/p>\n<p>Esta actividad, ejecutada sin permisos, caus\u00f3 graves da\u00f1os al afluente, el cual hace parte de un complejo de humedales y lagunas que abastece de agua a los acueductos de la regi\u00f3n y es una zona de recarga h\u00eddrica. Adicionalmente, ocasion\u00f3 desplazamiento de la fauna y una acelerada reducci\u00f3n del bosque nativo.<\/p>\n<p>En ese sentido, Gait\u00e1n Tangarife; uno de sus empleados, identificado como Jose Arbey Garc\u00eda Ospina; y siete integrantes de la Polic\u00eda Nacional fueron imputados por delitos como: da\u00f1o a los recursos naturales agravado, explotaci\u00f3n il\u00edcita de yacimiento minero, fraude procesal, cohecho por dar u ofrecer; y cohecho propio.<\/p>\n<p>Ocho de los procesados recibieron medidas de aseguramiento privativas de la libertad. Gait\u00e1n Tangarife en centro carcelario y los dem\u00e1s, entre estos un teniente, un intendente y cuatro patrulleros, en los lugares de residencia.<\/p>\n<p><strong>La Fiscal\u00eda habla con resultados.<\/strong><\/p>\n<p>&nbsp;<\/p>\n<p>JARG\/DJR\/DEVDH\/MCRC.<\/p>\n<p>&nbsp;<\/p>\n<p><em><span lang=\"ES\">La informaci\u00f3n contenida en este bolet\u00edn de prensa corresponde a la narraci\u00f3n de los hechos noticiosos objetivos, suministrados por los funcionarios encargados de adelantar las investigaciones penales al interior de la Fiscal\u00eda General de la Naci\u00f3n. Para el momento de la divulgaci\u00f3n de este comunicado, la situaci\u00f3n jur\u00eddica de la(s) persona(s) relacionada(s) se encuentra pendiente de resolver por la autoridad judicial competente, siempre bajo los preceptos de la presunci\u00f3n de inocencia, consagrados en el art\u00edculo 29 de la Constituci\u00f3n Pol\u00edtica y el art\u00edculo 7\u00ba de la Ley 906 de 2004.<\/span><\/em><\/p>\n\n<div class=\"twitter-share\"><a href=\"https:\/\/twitter.com\/intent\/tweet?via=fiscaliacol\" class=\"twitter-share-button\">Tweet<\/a><\/div>\n","protected":false},"excerpt":{"rendered":"<p>Entre los procesados hay un hombre conocido como \u2018Gurre\u2019, quien habr\u00eda entregado $3\u2019000.000 a un componente de la Polic\u00eda Nacional para que no le inmovilizaran maquinaria amarilla utilizada para la extracci\u00f3n de material de arrastre. La Fiscal\u00eda General de la Naci\u00f3n, como parte de la estrategia investigativa definida para proteger la Amazon\u00eda, logr\u00f3 la judicializaci\u00f3n [&hellip;]<\/p>\n","protected":false},"author":177,"featured_media":0,"comment_status":"closed","ping_status":"open","sticky":false,"template":"","format":"standard","meta":{"_price":"","_stock":"","_tribe_ticket_header":"","_tribe_default_ticket_provider":"","_tribe_ticket_capacity":"0","_ticket_start_date":"","_ticket_end_date":"","_tribe_ticket_show_description":"","_tribe_ticket_show_not_going":false,"_tribe_ticket_use_global_stock":"","_tribe_ticket_global_stock_level":"","_global_stock_mode":"","_global_stock_cap":"","_tribe_rsvp_for_event":"","_tribe_ticket_going_count":"","_tribe_ticket_not_going_count":"","_tribe_tickets_list":"[]","_tribe_ticket_has_attendee_info_fields":false,"tdm_status":"","tdm_grid_status":"","footnotes":""},"categories":[24124,24102,1],"tags":[7033,1050,24185,24188,29144,10355,2617],"class_list":{"0":"post-242434","1":"post","2":"type-post","3":"status-publish","4":"format-standard","6":"category-dano-al-medio-ambiente","7":"category-derechos-humanos","8":"category-noticias","9":"tag-dano-ambiental","10":"tag-derechoa-humanos","11":"tag-fiscal-barbosa","12":"tag-fiscal-francisco-barbosa","13":"tag-fiscalia-genera-de-la-nacion","14":"tag-fuerza-publica","15":"tag-meta"},"yoast_head":"<!-- This site is optimized with the Yoast SEO plugin v24.3 - https:\/\/yoast.com\/wordpress\/plugins\/seo\/ -->\n<title>Fiscal\u00eda General de la Naci\u00f3n<\/title>\n<meta name=\"description\" content=\"P\u00e1gina oficial de la Fiscal\u00eda General de la Naci\u00f3n \u2013 Colombia. Garantizamos el acceso efectivo a la justicia, la verdad y la reparaci\u00f3n de las v\u00edctimas de los delitos.\" \/>\n<meta name=\"robots\" content=\"noindex, follow\" \/>\n<meta property=\"og:locale\" content=\"es_ES\" \/>\n<meta property=\"og:type\" content=\"article\" \/>\n<meta property=\"og:title\" content=\"Fiscal\u00eda General de la Naci\u00f3n\" \/>\n<meta property=\"og:description\" content=\"P\u00e1gina oficial de la Fiscal\u00eda General de la Naci\u00f3n \u2013 Colombia. Garantizamos el acceso efectivo a la justicia, la verdad y la reparaci\u00f3n de las v\u00edctimas de los delitos.\" \/>\n<meta property=\"og:url\" content=\"https:\/\/www.fiscalia.gov.co\/colombia\/noticias\/asegurados-particulares-e-integrantes-de-la-fuerza-publica-que-estarian-involucrados-en-graves-danos-a-una-fuente-hidrica-de-meta\/\" \/>\n<meta property=\"og:site_name\" content=\"Fiscal\u00eda General de la Naci\u00f3n\" \/>\n<meta property=\"article:publisher\" content=\"https:\/\/www.facebook.com\/FiscaliaCol\" \/>\n<meta property=\"article:published_time\" content=\"2022-03-02T14:35:24+00:00\" \/>\n<meta name=\"author\" content=\"Jordan Leandro Oviedo Anzola\" \/>\n<meta name=\"twitter:card\" content=\"summary_large_image\" \/>\n<meta name=\"twitter:creator\" content=\"@FiscaliaCol\" \/>\n<meta name=\"twitter:site\" content=\"@FiscaliaCol\" \/>\n<meta name=\"twitter:label1\" content=\"Escrito por\" \/>\n\t<meta name=\"twitter:data1\" content=\"Jordan Leandro Oviedo Anzola\" \/>\n\t<meta name=\"twitter:label2\" content=\"Tiempo de lectura\" \/>\n\t<meta name=\"twitter:data2\" content=\"3 minutos\" \/>\n<script type=\"application\/ld+json\" class=\"yoast-schema-graph\">{\"@context\":\"https:\/\/schema.org\",\"@graph\":[{\"@type\":\"Article\",\"@id\":\"https:\/\/www.fiscalia.gov.co\/colombia\/noticias\/asegurados-particulares-e-integrantes-de-la-fuerza-publica-que-estarian-involucrados-en-graves-danos-a-una-fuente-hidrica-de-meta\/#article\",\"isPartOf\":{\"@id\":\"https:\/\/www.fiscalia.gov.co\/colombia\/noticias\/asegurados-particulares-e-integrantes-de-la-fuerza-publica-que-estarian-involucrados-en-graves-danos-a-una-fuente-hidrica-de-meta\/\"},\"author\":{\"name\":\"Jordan Leandro Oviedo Anzola\",\"@id\":\"https:\/\/www.fiscalia.gov.co\/colombia\/#\/schema\/person\/bf84402cf293a5393e9c70b111020b24\"},\"headline\":\"Asegurados particulares e integrantes de la fuerza p\u00fablica que estar\u00edan involucrados en graves da\u00f1os a una fuente h\u00eddrica de Meta\",\"datePublished\":\"2022-03-02T14:35:24+00:00\",\"dateModified\":\"2022-03-02T14:35:24+00:00\",\"mainEntityOfPage\":{\"@id\":\"https:\/\/www.fiscalia.gov.co\/colombia\/noticias\/asegurados-particulares-e-integrantes-de-la-fuerza-publica-que-estarian-involucrados-en-graves-danos-a-una-fuente-hidrica-de-meta\/\"},\"wordCount\":547,\"publisher\":{\"@id\":\"https:\/\/www.fiscalia.gov.co\/colombia\/#organization\"},\"keywords\":[\"Da\u00f1o ambiental\",\"Derechos Humanos\",\"Fiscal Barbosa\",\"Fiscal Francisco Barbosa\",\"Fiscal\u00eda Genera de la Naci\u00f3n\",\"Fuerza P\u00fablica\",\"Meta\"],\"articleSection\":[\"Da\u00f1o al medio ambiente\",\"Derechos Humanos\",\"Noticias\"],\"inLanguage\":\"es-CO\"},{\"@type\":\"WebPage\",\"@id\":\"https:\/\/www.fiscalia.gov.co\/colombia\/noticias\/asegurados-particulares-e-integrantes-de-la-fuerza-publica-que-estarian-involucrados-en-graves-danos-a-una-fuente-hidrica-de-meta\/\",\"url\":\"https:\/\/www.fiscalia.gov.co\/colombia\/noticias\/asegurados-particulares-e-integrantes-de-la-fuerza-publica-que-estarian-involucrados-en-graves-danos-a-una-fuente-hidrica-de-meta\/\",\"name\":\"Fiscal\u00eda General de la Naci\u00f3n\",\"isPartOf\":{\"@id\":\"https:\/\/www.fiscalia.gov.co\/colombia\/#website\"},\"datePublished\":\"2022-03-02T14:35:24+00:00\",\"dateModified\":\"2022-03-02T14:35:24+00:00\",\"description\":\"P\u00e1gina oficial de la Fiscal\u00eda General de la Naci\u00f3n \u2013 Colombia. Garantizamos el acceso efectivo a la justicia, la verdad y la reparaci\u00f3n de las v\u00edctimas de los delitos.\",\"breadcrumb\":{\"@id\":\"https:\/\/www.fiscalia.gov.co\/colombia\/noticias\/asegurados-particulares-e-integrantes-de-la-fuerza-publica-que-estarian-involucrados-en-graves-danos-a-una-fuente-hidrica-de-meta\/#breadcrumb\"},\"inLanguage\":\"es-CO\",\"potentialAction\":[{\"@type\":\"ReadAction\",\"target\":[\"https:\/\/www.fiscalia.gov.co\/colombia\/noticias\/asegurados-particulares-e-integrantes-de-la-fuerza-publica-que-estarian-involucrados-en-graves-danos-a-una-fuente-hidrica-de-meta\/\"]}]},{\"@type\":\"BreadcrumbList\",\"@id\":\"https:\/\/www.fiscalia.gov.co\/colombia\/noticias\/asegurados-particulares-e-integrantes-de-la-fuerza-publica-que-estarian-involucrados-en-graves-danos-a-una-fuente-hidrica-de-meta\/#breadcrumb\",\"itemListElement\":[{\"@type\":\"ListItem\",\"position\":1,\"name\":\"Home\",\"item\":\"https:\/\/www.fiscalia.gov.co\/colombia\/\"},{\"@type\":\"ListItem\",\"position\":2,\"name\":\"Asegurados particulares e integrantes de la fuerza p\u00fablica que estar\u00edan involucrados en graves da\u00f1os a una fuente h\u00eddrica de Meta\"}]},{\"@type\":\"WebSite\",\"@id\":\"https:\/\/www.fiscalia.gov.co\/colombia\/#website\",\"url\":\"https:\/\/www.fiscalia.gov.co\/colombia\/\",\"name\":\"Fiscal\u00eda General de la Naci\u00f3n\",\"description\":\"P\u00e1gina oficial de la Fiscal\u00eda General de la Naci\u00f3n \u2013 Colombia. Garantizamos el acceso efectivo a la justicia, la verdad y la reparaci\u00f3n de las v\u00edctimas de los delitos.\",\"publisher\":{\"@id\":\"https:\/\/www.fiscalia.gov.co\/colombia\/#organization\"},\"potentialAction\":[{\"@type\":\"SearchAction\",\"target\":{\"@type\":\"EntryPoint\",\"urlTemplate\":\"https:\/\/www.fiscalia.gov.co\/colombia\/?s={search_term_string}\"},\"query-input\":{\"@type\":\"PropertyValueSpecification\",\"valueRequired\":true,\"valueName\":\"search_term_string\"}}],\"inLanguage\":\"es-CO\"},{\"@type\":\"Organization\",\"@id\":\"https:\/\/www.fiscalia.gov.co\/colombia\/#organization\",\"name\":\"Fiscal\u00eda General de la Naci\u00f3n\",\"url\":\"https:\/\/www.fiscalia.gov.co\/colombia\/\",\"logo\":{\"@type\":\"ImageObject\",\"inLanguage\":\"es-CO\",\"@id\":\"https:\/\/www.fiscalia.gov.co\/colombia\/#\/schema\/logo\/image\/\",\"url\":\"https:\/\/www.fiscalia.gov.co\/colombia\/wp-content\/uploads\/LogoHorizontal_1.jpg\",\"contentUrl\":\"https:\/\/www.fiscalia.gov.co\/colombia\/wp-content\/uploads\/LogoHorizontal_1.jpg\",\"width\":300,\"height\":90,\"caption\":\"Fiscal\u00eda General de la Naci\u00f3n\"},\"image\":{\"@id\":\"https:\/\/www.fiscalia.gov.co\/colombia\/#\/schema\/logo\/image\/\"},\"sameAs\":[\"https:\/\/www.facebook.com\/FiscaliaCol\",\"https:\/\/x.com\/FiscaliaCol\",\"https:\/\/www.instagram.com\/fiscaliacol\",\"https:\/\/www.linkedin.com\/company\/fiscalia-general-de-la-naci-n\/\",\"https:\/\/youtube.com\/@fiscaliageneraldelanacion-4668?si=6nN79nyQICPU5iTh\"]},{\"@type\":\"Person\",\"@id\":\"https:\/\/www.fiscalia.gov.co\/colombia\/#\/schema\/person\/bf84402cf293a5393e9c70b111020b24\",\"name\":\"Jordan Leandro Oviedo Anzola\",\"image\":{\"@type\":\"ImageObject\",\"inLanguage\":\"es-CO\",\"@id\":\"https:\/\/www.fiscalia.gov.co\/colombia\/#\/schema\/person\/image\/\",\"url\":\"https:\/\/secure.gravatar.com\/avatar\/dabba4346fa9b9207d96adafa8f92721?s=96&d=mm&r=g\",\"contentUrl\":\"https:\/\/secure.gravatar.com\/avatar\/dabba4346fa9b9207d96adafa8f92721?s=96&d=mm&r=g\",\"caption\":\"Jordan Leandro Oviedo Anzola\"},\"url\":\"https:\/\/www.fiscalia.gov.co\/colombia\/author\/joviedo\/\"}]}<\/script>\n<!-- \/ Yoast SEO plugin. -->","yoast_head_json":{"title":"Fiscal\u00eda General de la Naci\u00f3n","description":"P\u00e1gina oficial de la Fiscal\u00eda General de la Naci\u00f3n \u2013 Colombia. Garantizamos el acceso efectivo a la justicia, la verdad y la reparaci\u00f3n de las v\u00edctimas de los delitos.","robots":{"index":"noindex","follow":"follow"},"og_locale":"es_ES","og_type":"article","og_title":"Fiscal\u00eda General de la Naci\u00f3n","og_description":"P\u00e1gina oficial de la Fiscal\u00eda General de la Naci\u00f3n \u2013 Colombia. Garantizamos el acceso efectivo a la justicia, la verdad y la reparaci\u00f3n de las v\u00edctimas de los delitos.","og_url":"https:\/\/www.fiscalia.gov.co\/colombia\/noticias\/asegurados-particulares-e-integrantes-de-la-fuerza-publica-que-estarian-involucrados-en-graves-danos-a-una-fuente-hidrica-de-meta\/","og_site_name":"Fiscal\u00eda General de la Naci\u00f3n","article_publisher":"https:\/\/www.facebook.com\/FiscaliaCol","article_published_time":"2022-03-02T14:35:24+00:00","author":"Jordan Leandro Oviedo Anzola","twitter_card":"summary_large_image","twitter_creator":"@FiscaliaCol","twitter_site":"@FiscaliaCol","twitter_misc":{"Escrito por":"Jordan Leandro Oviedo Anzola","Tiempo de lectura":"3 minutos"},"schema":{"@context":"https:\/\/schema.org","@graph":[{"@type":"Article","@id":"https:\/\/www.fiscalia.gov.co\/colombia\/noticias\/asegurados-particulares-e-integrantes-de-la-fuerza-publica-que-estarian-involucrados-en-graves-danos-a-una-fuente-hidrica-de-meta\/#article","isPartOf":{"@id":"https:\/\/www.fiscalia.gov.co\/colombia\/noticias\/asegurados-particulares-e-integrantes-de-la-fuerza-publica-que-estarian-involucrados-en-graves-danos-a-una-fuente-hidrica-de-meta\/"},"author":{"name":"Jordan Leandro Oviedo Anzola","@id":"https:\/\/www.fiscalia.gov.co\/colombia\/#\/schema\/person\/bf84402cf293a5393e9c70b111020b24"},"headline":"Asegurados particulares e integrantes de la fuerza p\u00fablica que estar\u00edan involucrados en graves da\u00f1os a una fuente h\u00eddrica de Meta","datePublished":"2022-03-02T14:35:24+00:00","dateModified":"2022-03-02T14:35:24+00:00","mainEntityOfPage":{"@id":"https:\/\/www.fiscalia.gov.co\/colombia\/noticias\/asegurados-particulares-e-integrantes-de-la-fuerza-publica-que-estarian-involucrados-en-graves-danos-a-una-fuente-hidrica-de-meta\/"},"wordCount":547,"publisher":{"@id":"https:\/\/www.fiscalia.gov.co\/colombia\/#organization"},"keywords":["Da\u00f1o ambiental","Derechos Humanos","Fiscal Barbosa","Fiscal Francisco Barbosa","Fiscal\u00eda Genera de la Naci\u00f3n","Fuerza P\u00fablica","Meta"],"articleSection":["Da\u00f1o al medio ambiente","Derechos Humanos","Noticias"],"inLanguage":"es-CO"},{"@type":"WebPage","@id":"https:\/\/www.fiscalia.gov.co\/colombia\/noticias\/asegurados-particulares-e-integrantes-de-la-fuerza-publica-que-estarian-involucrados-en-graves-danos-a-una-fuente-hidrica-de-meta\/","url":"https:\/\/www.fiscalia.gov.co\/colombia\/noticias\/asegurados-particulares-e-integrantes-de-la-fuerza-publica-que-estarian-involucrados-en-graves-danos-a-una-fuente-hidrica-de-meta\/","name":"Fiscal\u00eda General de la Naci\u00f3n","isPartOf":{"@id":"https:\/\/www.fiscalia.gov.co\/colombia\/#website"},"datePublished":"2022-03-02T14:35:24+00:00","dateModified":"2022-03-02T14:35:24+00:00","description":"P\u00e1gina oficial de la Fiscal\u00eda General de la Naci\u00f3n \u2013 Colombia. Garantizamos el acceso efectivo a la justicia, la verdad y la reparaci\u00f3n de las v\u00edctimas de los delitos.","breadcrumb":{"@id":"https:\/\/www.fiscalia.gov.co\/colombia\/noticias\/asegurados-particulares-e-integrantes-de-la-fuerza-publica-que-estarian-involucrados-en-graves-danos-a-una-fuente-hidrica-de-meta\/#breadcrumb"},"inLanguage":"es-CO","potentialAction":[{"@type":"ReadAction","target":["https:\/\/www.fiscalia.gov.co\/colombia\/noticias\/asegurados-particulares-e-integrantes-de-la-fuerza-publica-que-estarian-involucrados-en-graves-danos-a-una-fuente-hidrica-de-meta\/"]}]},{"@type":"BreadcrumbList","@id":"https:\/\/www.fiscalia.gov.co\/colombia\/noticias\/asegurados-particulares-e-integrantes-de-la-fuerza-publica-que-estarian-involucrados-en-graves-danos-a-una-fuente-hidrica-de-meta\/#breadcrumb","itemListElement":[{"@type":"ListItem","position":1,"name":"Home","item":"https:\/\/www.fiscalia.gov.co\/colombia\/"},{"@type":"ListItem","position":2,"name":"Asegurados particulares e integrantes de la fuerza p\u00fablica que estar\u00edan involucrados en graves da\u00f1os a una fuente h\u00eddrica de Meta"}]},{"@type":"WebSite","@id":"https:\/\/www.fiscalia.gov.co\/colombia\/#website","url":"https:\/\/www.fiscalia.gov.co\/colombia\/","name":"Fiscal\u00eda General de la Naci\u00f3n","description":"P\u00e1gina oficial de la Fiscal\u00eda General de la Naci\u00f3n \u2013 Colombia. Garantizamos el acceso efectivo a la justicia, la verdad y la reparaci\u00f3n de las v\u00edctimas de los delitos.","publisher":{"@id":"https:\/\/www.fiscalia.gov.co\/colombia\/#organization"},"potentialAction":[{"@type":"SearchAction","target":{"@type":"EntryPoint","urlTemplate":"https:\/\/www.fiscalia.gov.co\/colombia\/?s={search_term_string}"},"query-input":{"@type":"PropertyValueSpecification","valueRequired":true,"valueName":"search_term_string"}}],"inLanguage":"es-CO"},{"@type":"Organization","@id":"https:\/\/www.fiscalia.gov.co\/colombia\/#organization","name":"Fiscal\u00eda General de la Naci\u00f3n","url":"https:\/\/www.fiscalia.gov.co\/colombia\/","logo":{"@type":"ImageObject","inLanguage":"es-CO","@id":"https:\/\/www.fiscalia.gov.co\/colombia\/#\/schema\/logo\/image\/","url":"https:\/\/www.fiscalia.gov.co\/colombia\/wp-content\/uploads\/LogoHorizontal_1.jpg","contentUrl":"https:\/\/www.fiscalia.gov.co\/colombia\/wp-content\/uploads\/LogoHorizontal_1.jpg","width":300,"height":90,"caption":"Fiscal\u00eda General de la Naci\u00f3n"},"image":{"@id":"https:\/\/www.fiscalia.gov.co\/colombia\/#\/schema\/logo\/image\/"},"sameAs":["https:\/\/www.facebook.com\/FiscaliaCol","https:\/\/x.com\/FiscaliaCol","https:\/\/www.instagram.com\/fiscaliacol","https:\/\/www.linkedin.com\/company\/fiscalia-general-de-la-naci-n\/","https:\/\/youtube.com\/@fiscaliageneraldelanacion-4668?si=6nN79nyQICPU5iTh"]},{"@type":"Person","@id":"https:\/\/www.fiscalia.gov.co\/colombia\/#\/schema\/person\/bf84402cf293a5393e9c70b111020b24","name":"Jordan Leandro Oviedo Anzola","image":{"@type":"ImageObject","inLanguage":"es-CO","@id":"https:\/\/www.fiscalia.gov.co\/colombia\/#\/schema\/person\/image\/","url":"https:\/\/secure.gravatar.com\/avatar\/dabba4346fa9b9207d96adafa8f92721?s=96&d=mm&r=g","contentUrl":"https:\/\/secure.gravatar.com\/avatar\/dabba4346fa9b9207d96adafa8f92721?s=96&d=mm&r=g","caption":"Jordan Leandro Oviedo Anzola"},"url":"https:\/\/www.fiscalia.gov.co\/colombia\/author\/joviedo\/"}]}},"_links":{"self":[{"href":"https:\/\/www.fiscalia.gov.co\/colombia\/wp-json\/wp\/v2\/posts\/242434","targetHints":{"allow":["GET"]}}],"collection":[{"href":"https:\/\/www.fiscalia.gov.co\/colombia\/wp-json\/wp\/v2\/posts"}],"about":[{"href":"https:\/\/www.fiscalia.gov.co\/colombia\/wp-json\/wp\/v2\/types\/post"}],"author":[{"embeddable":true,"href":"https:\/\/www.fiscalia.gov.co\/colombia\/wp-json\/wp\/v2\/users\/177"}],"replies":[{"embeddable":true,"href":"https:\/\/www.fiscalia.gov.co\/colombia\/wp-json\/wp\/v2\/comments?post=242434"}],"version-history":[{"count":1,"href":"https:\/\/www.fiscalia.gov.co\/colombia\/wp-json\/wp\/v2\/posts\/242434\/revisions"}],"predecessor-version":[{"id":242435,"href":"https:\/\/www.fiscalia.gov.co\/colombia\/wp-json\/wp\/v2\/posts\/242434\/revisions\/242435"}],"wp:attachment":[{"href":"https:\/\/www.fiscalia.gov.co\/colombia\/wp-json\/wp\/v2\/media?parent=242434"}],"wp:term":[{"taxonomy":"category","embeddable":true,"href":"https:\/\/www.fiscalia.gov.co\/colombia\/wp-json\/wp\/v2\/categories?post=242434"},{"taxonomy":"post_tag","embeddable":true,"href":"https:\/\/www.fiscalia.gov.co\/colombia\/wp-json\/wp\/v2\/tags?post=242434"}],"curies":[{"name":"wp","href":"https:\/\/api.w.org\/{rel}","templated":true}]}}