{"id":242425,"date":"2022-03-02T10:30:38","date_gmt":"2022-03-02T15:30:38","guid":{"rendered":"https:\/\/www.fiscalia.gov.co\/colombia\/?p=242425"},"modified":"2022-03-02T10:30:38","modified_gmt":"2022-03-02T15:30:38","slug":"un-adios-posible-familia-de-victima-de-la-toma-del-palacio-de-justicia-se-despidio-tras-36-anos-de-incertidumbre","status":"publish","type":"post","link":"https:\/\/www.fiscalia.gov.co\/colombia\/hechos-concretos\/un-adios-posible-familia-de-victima-de-la-toma-del-palacio-de-justicia-se-despidio-tras-36-anos-de-incertidumbre\/","title":{"rendered":"Un adi\u00f3s posible: familia de v\u00edctima de la toma del Palacio de Justicia se despidi\u00f3 tras 36 a\u00f1os de incertidumbre"},"content":{"rendered":"<p><strong>Fuente: El Colombiano<\/strong><\/p>\n<p>Mar\u00eda Teresa Barrios Rodr\u00edguez fue una de las 94 v\u00edctimas mortales que dej\u00f3 la toma guerrillera del Palacio de Justicia, en manos del M-19, el 6 de noviembre de 1985. A pesar de que la enterraron en aquella \u00e9poca, la familia nunca tuvo certeza de que el cuerpo inhumado fuera el suyo, por lo que hasta ahora pudieron despedirla luego de un an\u00e1lisis realizado por la Fiscal\u00eda y el Instituto de Medicina Legal.<\/p>\n<p>Mar\u00eda Teresa, nacida en Bogot\u00e1, fue abogada de la Universidad del Rosario y contaba con algunas especializaciones. Se hab\u00eda destacado por su trabajo en el Ministerio de Hacienda y como auxiliar de despacho en el Palacio de Justicia. All\u00ed se encontraba, realizando una labor para su jefe de entonces, Dolly Pedraza, cuando el M-19 comenz\u00f3 a tomarse de forma violenta las instalaciones del lugar.<\/p>\n<p>\u201cCuando llegu\u00e9 todo era caos. Un se\u00f1or me ayud\u00f3 a entrar a la oficina de Teresita despu\u00e9s del incendio que consumi\u00f3 el edificio. En un rinc\u00f3n, el cad\u00e1ver de un guerrillero. De mi hermana so lo qued\u00f3 el tronco y el cr\u00e1neo, al lado de su escritorio\u201d, recuerda Miguel Eduardo Barrios, su hermano, quien fue al lugar al d\u00eda siguiente de los hechos, cuando se enter\u00f3 de lo sucedido.<\/p>\n<p>Lea la noticia completa <a href=\"https:\/\/www.elcolombiano.com\/colombia\/familia-despide-a-victima-de-la-toma-del-palacio-de-justicia-tras-36-anos-NI16692618\" target=\"_blank\" rel=\"noopener noreferrer\">aqu\u00ed<\/a>.<\/p>\n<p>&nbsp;<\/p>\n<p>&nbsp;<\/p>\n\n<div class=\"twitter-share\"><a href=\"https:\/\/twitter.com\/intent\/tweet?via=fiscaliacol\" class=\"twitter-share-button\">Tweet<\/a><\/div>\n","protected":false},"excerpt":{"rendered":"<p>Fuente: El Colombiano Mar\u00eda Teresa Barrios Rodr\u00edguez fue una de las 94 v\u00edctimas mortales que dej\u00f3 la toma guerrillera del Palacio de Justicia, en manos del M-19, el 6 de [&hellip;]<\/p>\n","protected":false},"author":175,"featured_media":242437,"comment_status":"closed","ping_status":"open","sticky":false,"template":"","format":"standard","meta":{"tdm_status":"","tdm_grid_status":"","footnotes":""},"categories":[24184],"tags":[363,24189,2895],"class_list":["post-242425","post","type-post","status-publish","format-standard","has-post-thumbnail","category-hechos-concretos","tag-desaparicion-forzada","tag-fiscal-francisco-barbosa-delgado","tag-palacio-de-justicia"],"yoast_head":"<!-- This site is optimized with the Yoast SEO plugin v24.3 - https:\/\/yoast.com\/wordpress\/plugins\/seo\/ -->\n<title>Fiscal\u00eda General de la Naci\u00f3n<\/title>\n<meta name=\"description\" content=\"P\u00e1gina oficial de la Fiscal\u00eda General de la Naci\u00f3n \u2013 Colombia. Garantizamos el acceso efectivo a la justicia, la verdad y la reparaci\u00f3n de las v\u00edctimas de los delitos.\" \/>\n<meta name=\"robots\" content=\"noindex, follow\" \/>\n<meta property=\"og:locale\" content=\"es_ES\" \/>\n<meta property=\"og:type\" content=\"article\" \/>\n<meta property=\"og:title\" content=\"Fiscal\u00eda General de la Naci\u00f3n\" \/>\n<meta property=\"og:description\" content=\"P\u00e1gina oficial de la Fiscal\u00eda General de la Naci\u00f3n \u2013 Colombia. Garantizamos el acceso efectivo a la justicia, la verdad y la reparaci\u00f3n de las v\u00edctimas de los delitos.\" \/>\n<meta property=\"og:url\" content=\"https:\/\/www.fiscalia.gov.co\/colombia\/hechos-concretos\/un-adios-posible-familia-de-victima-de-la-toma-del-palacio-de-justicia-se-despidio-tras-36-anos-de-incertidumbre\/\" \/>\n<meta property=\"og:site_name\" content=\"Fiscal\u00eda General de la Naci\u00f3n\" \/>\n<meta property=\"article:publisher\" content=\"https:\/\/www.facebook.com\/FiscaliaCol\" \/>\n<meta property=\"article:published_time\" content=\"2022-03-02T15:30:38+00:00\" \/>\n<meta property=\"og:image\" content=\"https:\/\/www.fiscalia.gov.co\/colombia\/wp-content\/uploads\/Fiscal_Francisco_Barbosa_desaparici\u00f3n_forzada_Palacio_Justicia.jpeg\" \/>\n\t<meta property=\"og:image:width\" content=\"1280\" \/>\n\t<meta property=\"og:image:height\" content=\"720\" \/>\n\t<meta property=\"og:image:type\" content=\"image\/jpeg\" \/>\n<meta name=\"author\" content=\"Katherine Loaiza Mart\u00ednez\" \/>\n<meta name=\"twitter:card\" content=\"summary_large_image\" \/>\n<meta name=\"twitter:creator\" content=\"@FiscaliaCol\" \/>\n<meta name=\"twitter:site\" content=\"@FiscaliaCol\" \/>\n<meta name=\"twitter:label1\" content=\"Escrito por\" \/>\n\t<meta name=\"twitter:data1\" content=\"Katherine Loaiza Mart\u00ednez\" \/>\n\t<meta name=\"twitter:label2\" content=\"Tiempo de lectura\" \/>\n\t<meta name=\"twitter:data2\" content=\"1 minuto\" \/>\n<script type=\"application\/ld+json\" class=\"yoast-schema-graph\">{\"@context\":\"https:\/\/schema.org\",\"@graph\":[{\"@type\":\"Article\",\"@id\":\"https:\/\/www.fiscalia.gov.co\/colombia\/hechos-concretos\/un-adios-posible-familia-de-victima-de-la-toma-del-palacio-de-justicia-se-despidio-tras-36-anos-de-incertidumbre\/#article\",\"isPartOf\":{\"@id\":\"https:\/\/www.fiscalia.gov.co\/colombia\/hechos-concretos\/un-adios-posible-familia-de-victima-de-la-toma-del-palacio-de-justicia-se-despidio-tras-36-anos-de-incertidumbre\/\"},\"author\":{\"name\":\"Katherine Loaiza Mart\u00ednez\",\"@id\":\"https:\/\/www.fiscalia.gov.co\/colombia\/#\/schema\/person\/2e76b9aba5ecf875ed565ce4de0e0415\"},\"headline\":\"Un adi\u00f3s posible: familia de v\u00edctima de la toma del Palacio de Justicia se despidi\u00f3 tras 36 a\u00f1os de incertidumbre\",\"datePublished\":\"2022-03-02T15:30:38+00:00\",\"dateModified\":\"2022-03-02T15:30:38+00:00\",\"mainEntityOfPage\":{\"@id\":\"https:\/\/www.fiscalia.gov.co\/colombia\/hechos-concretos\/un-adios-posible-familia-de-victima-de-la-toma-del-palacio-de-justicia-se-despidio-tras-36-anos-de-incertidumbre\/\"},\"wordCount\":248,\"publisher\":{\"@id\":\"https:\/\/www.fiscalia.gov.co\/colombia\/#organization\"},\"image\":{\"@id\":\"https:\/\/www.fiscalia.gov.co\/colombia\/hechos-concretos\/un-adios-posible-familia-de-victima-de-la-toma-del-palacio-de-justicia-se-despidio-tras-36-anos-de-incertidumbre\/#primaryimage\"},\"thumbnailUrl\":\"https:\/\/www.fiscalia.gov.co\/colombia\/wp-content\/uploads\/Fiscal_Francisco_Barbosa_desaparici\u00f3n_forzada_Palacio_Justicia.jpeg\",\"keywords\":[\"Desaparici\u00f3n forzada\",\"Fiscal Francisco Barbosa Delgado\",\"Palacio de Justicia\"],\"articleSection\":[\"Hechos concretos\"],\"inLanguage\":\"es-CO\"},{\"@type\":\"WebPage\",\"@id\":\"https:\/\/www.fiscalia.gov.co\/colombia\/hechos-concretos\/un-adios-posible-familia-de-victima-de-la-toma-del-palacio-de-justicia-se-despidio-tras-36-anos-de-incertidumbre\/\",\"url\":\"https:\/\/www.fiscalia.gov.co\/colombia\/hechos-concretos\/un-adios-posible-familia-de-victima-de-la-toma-del-palacio-de-justicia-se-despidio-tras-36-anos-de-incertidumbre\/\",\"name\":\"Fiscal\u00eda General de la Naci\u00f3n\",\"isPartOf\":{\"@id\":\"https:\/\/www.fiscalia.gov.co\/colombia\/#website\"},\"primaryImageOfPage\":{\"@id\":\"https:\/\/www.fiscalia.gov.co\/colombia\/hechos-concretos\/un-adios-posible-familia-de-victima-de-la-toma-del-palacio-de-justicia-se-despidio-tras-36-anos-de-incertidumbre\/#primaryimage\"},\"image\":{\"@id\":\"https:\/\/www.fiscalia.gov.co\/colombia\/hechos-concretos\/un-adios-posible-familia-de-victima-de-la-toma-del-palacio-de-justicia-se-despidio-tras-36-anos-de-incertidumbre\/#primaryimage\"},\"thumbnailUrl\":\"https:\/\/www.fiscalia.gov.co\/colombia\/wp-content\/uploads\/Fiscal_Francisco_Barbosa_desaparici\u00f3n_forzada_Palacio_Justicia.jpeg\",\"datePublished\":\"2022-03-02T15:30:38+00:00\",\"dateModified\":\"2022-03-02T15:30:38+00:00\",\"description\":\"P\u00e1gina oficial de la Fiscal\u00eda General de la Naci\u00f3n \u2013 Colombia. Garantizamos el acceso efectivo a la justicia, la verdad y la reparaci\u00f3n de las v\u00edctimas de los delitos.\",\"breadcrumb\":{\"@id\":\"https:\/\/www.fiscalia.gov.co\/colombia\/hechos-concretos\/un-adios-posible-familia-de-victima-de-la-toma-del-palacio-de-justicia-se-despidio-tras-36-anos-de-incertidumbre\/#breadcrumb\"},\"inLanguage\":\"es-CO\",\"potentialAction\":[{\"@type\":\"ReadAction\",\"target\":[\"https:\/\/www.fiscalia.gov.co\/colombia\/hechos-concretos\/un-adios-posible-familia-de-victima-de-la-toma-del-palacio-de-justicia-se-despidio-tras-36-anos-de-incertidumbre\/\"]}]},{\"@type\":\"ImageObject\",\"inLanguage\":\"es-CO\",\"@id\":\"https:\/\/www.fiscalia.gov.co\/colombia\/hechos-concretos\/un-adios-posible-familia-de-victima-de-la-toma-del-palacio-de-justicia-se-despidio-tras-36-anos-de-incertidumbre\/#primaryimage\",\"url\":\"https:\/\/www.fiscalia.gov.co\/colombia\/wp-content\/uploads\/Fiscal_Francisco_Barbosa_desaparici\u00f3n_forzada_Palacio_Justicia.jpeg\",\"contentUrl\":\"https:\/\/www.fiscalia.gov.co\/colombia\/wp-content\/uploads\/Fiscal_Francisco_Barbosa_desaparici\u00f3n_forzada_Palacio_Justicia.jpeg\",\"width\":1280,\"height\":720},{\"@type\":\"BreadcrumbList\",\"@id\":\"https:\/\/www.fiscalia.gov.co\/colombia\/hechos-concretos\/un-adios-posible-familia-de-victima-de-la-toma-del-palacio-de-justicia-se-despidio-tras-36-anos-de-incertidumbre\/#breadcrumb\",\"itemListElement\":[{\"@type\":\"ListItem\",\"position\":1,\"name\":\"Home\",\"item\":\"https:\/\/www.fiscalia.gov.co\/colombia\/\"},{\"@type\":\"ListItem\",\"position\":2,\"name\":\"Un adi\u00f3s posible: familia de v\u00edctima de la toma del Palacio de Justicia se despidi\u00f3 tras 36 a\u00f1os de incertidumbre\"}]},{\"@type\":\"WebSite\",\"@id\":\"https:\/\/www.fiscalia.gov.co\/colombia\/#website\",\"url\":\"https:\/\/www.fiscalia.gov.co\/colombia\/\",\"name\":\"Fiscal\u00eda General de la Naci\u00f3n\",\"description\":\"P\u00e1gina oficial de la Fiscal\u00eda General de la Naci\u00f3n \u2013 Colombia. Garantizamos el acceso efectivo a la justicia, la verdad y la reparaci\u00f3n de las v\u00edctimas de los delitos.\",\"publisher\":{\"@id\":\"https:\/\/www.fiscalia.gov.co\/colombia\/#organization\"},\"potentialAction\":[{\"@type\":\"SearchAction\",\"target\":{\"@type\":\"EntryPoint\",\"urlTemplate\":\"https:\/\/www.fiscalia.gov.co\/colombia\/?s={search_term_string}\"},\"query-input\":{\"@type\":\"PropertyValueSpecification\",\"valueRequired\":true,\"valueName\":\"search_term_string\"}}],\"inLanguage\":\"es-CO\"},{\"@type\":\"Organization\",\"@id\":\"https:\/\/www.fiscalia.gov.co\/colombia\/#organization\",\"name\":\"Fiscal\u00eda General de la Naci\u00f3n\",\"url\":\"https:\/\/www.fiscalia.gov.co\/colombia\/\",\"logo\":{\"@type\":\"ImageObject\",\"inLanguage\":\"es-CO\",\"@id\":\"https:\/\/www.fiscalia.gov.co\/colombia\/#\/schema\/logo\/image\/\",\"url\":\"https:\/\/www.fiscalia.gov.co\/colombia\/wp-content\/uploads\/LogoHorizontal_1.jpg\",\"contentUrl\":\"https:\/\/www.fiscalia.gov.co\/colombia\/wp-content\/uploads\/LogoHorizontal_1.jpg\",\"width\":300,\"height\":90,\"caption\":\"Fiscal\u00eda General de la Naci\u00f3n\"},\"image\":{\"@id\":\"https:\/\/www.fiscalia.gov.co\/colombia\/#\/schema\/logo\/image\/\"},\"sameAs\":[\"https:\/\/www.facebook.com\/FiscaliaCol\",\"https:\/\/x.com\/FiscaliaCol\",\"https:\/\/www.instagram.com\/fiscaliacol\",\"https:\/\/www.linkedin.com\/company\/fiscalia-general-de-la-naci-n\/\",\"https:\/\/youtube.com\/@fiscaliageneraldelanacion-4668?si=6nN79nyQICPU5iTh\"]},{\"@type\":\"Person\",\"@id\":\"https:\/\/www.fiscalia.gov.co\/colombia\/#\/schema\/person\/2e76b9aba5ecf875ed565ce4de0e0415\",\"name\":\"Katherine Loaiza Mart\u00ednez\",\"image\":{\"@type\":\"ImageObject\",\"inLanguage\":\"es-CO\",\"@id\":\"https:\/\/www.fiscalia.gov.co\/colombia\/#\/schema\/person\/image\/\",\"url\":\"https:\/\/secure.gravatar.com\/avatar\/ab775a2f394c1b83b6d6f78680e57b50?s=96&d=mm&r=g\",\"contentUrl\":\"https:\/\/secure.gravatar.com\/avatar\/ab775a2f394c1b83b6d6f78680e57b50?s=96&d=mm&r=g\",\"caption\":\"Katherine Loaiza Mart\u00ednez\"},\"url\":\"https:\/\/www.fiscalia.gov.co\/colombia\/author\/kloaiza\/\"}]}<\/script>\n<!-- \/ Yoast SEO plugin. -->","yoast_head_json":{"title":"Fiscal\u00eda General de la Naci\u00f3n","description":"P\u00e1gina oficial de la Fiscal\u00eda General de la Naci\u00f3n \u2013 Colombia. Garantizamos el acceso efectivo a la justicia, la verdad y la reparaci\u00f3n de las v\u00edctimas de los delitos.","robots":{"index":"noindex","follow":"follow"},"og_locale":"es_ES","og_type":"article","og_title":"Fiscal\u00eda General de la Naci\u00f3n","og_description":"P\u00e1gina oficial de la Fiscal\u00eda General de la Naci\u00f3n \u2013 Colombia. Garantizamos el acceso efectivo a la justicia, la verdad y la reparaci\u00f3n de las v\u00edctimas de los delitos.","og_url":"https:\/\/www.fiscalia.gov.co\/colombia\/hechos-concretos\/un-adios-posible-familia-de-victima-de-la-toma-del-palacio-de-justicia-se-despidio-tras-36-anos-de-incertidumbre\/","og_site_name":"Fiscal\u00eda General de la Naci\u00f3n","article_publisher":"https:\/\/www.facebook.com\/FiscaliaCol","article_published_time":"2022-03-02T15:30:38+00:00","og_image":[{"width":1280,"height":720,"url":"https:\/\/www.fiscalia.gov.co\/colombia\/wp-content\/uploads\/Fiscal_Francisco_Barbosa_desaparici\u00f3n_forzada_Palacio_Justicia.jpeg","type":"image\/jpeg"}],"author":"Katherine Loaiza Mart\u00ednez","twitter_card":"summary_large_image","twitter_creator":"@FiscaliaCol","twitter_site":"@FiscaliaCol","twitter_misc":{"Escrito por":"Katherine Loaiza Mart\u00ednez","Tiempo de lectura":"1 minuto"},"schema":{"@context":"https:\/\/schema.org","@graph":[{"@type":"Article","@id":"https:\/\/www.fiscalia.gov.co\/colombia\/hechos-concretos\/un-adios-posible-familia-de-victima-de-la-toma-del-palacio-de-justicia-se-despidio-tras-36-anos-de-incertidumbre\/#article","isPartOf":{"@id":"https:\/\/www.fiscalia.gov.co\/colombia\/hechos-concretos\/un-adios-posible-familia-de-victima-de-la-toma-del-palacio-de-justicia-se-despidio-tras-36-anos-de-incertidumbre\/"},"author":{"name":"Katherine Loaiza Mart\u00ednez","@id":"https:\/\/www.fiscalia.gov.co\/colombia\/#\/schema\/person\/2e76b9aba5ecf875ed565ce4de0e0415"},"headline":"Un adi\u00f3s posible: familia de v\u00edctima de la toma del Palacio de Justicia se despidi\u00f3 tras 36 a\u00f1os de incertidumbre","datePublished":"2022-03-02T15:30:38+00:00","dateModified":"2022-03-02T15:30:38+00:00","mainEntityOfPage":{"@id":"https:\/\/www.fiscalia.gov.co\/colombia\/hechos-concretos\/un-adios-posible-familia-de-victima-de-la-toma-del-palacio-de-justicia-se-despidio-tras-36-anos-de-incertidumbre\/"},"wordCount":248,"publisher":{"@id":"https:\/\/www.fiscalia.gov.co\/colombia\/#organization"},"image":{"@id":"https:\/\/www.fiscalia.gov.co\/colombia\/hechos-concretos\/un-adios-posible-familia-de-victima-de-la-toma-del-palacio-de-justicia-se-despidio-tras-36-anos-de-incertidumbre\/#primaryimage"},"thumbnailUrl":"https:\/\/www.fiscalia.gov.co\/colombia\/wp-content\/uploads\/Fiscal_Francisco_Barbosa_desaparici\u00f3n_forzada_Palacio_Justicia.jpeg","keywords":["Desaparici\u00f3n forzada","Fiscal Francisco Barbosa Delgado","Palacio de Justicia"],"articleSection":["Hechos concretos"],"inLanguage":"es-CO"},{"@type":"WebPage","@id":"https:\/\/www.fiscalia.gov.co\/colombia\/hechos-concretos\/un-adios-posible-familia-de-victima-de-la-toma-del-palacio-de-justicia-se-despidio-tras-36-anos-de-incertidumbre\/","url":"https:\/\/www.fiscalia.gov.co\/colombia\/hechos-concretos\/un-adios-posible-familia-de-victima-de-la-toma-del-palacio-de-justicia-se-despidio-tras-36-anos-de-incertidumbre\/","name":"Fiscal\u00eda General de la Naci\u00f3n","isPartOf":{"@id":"https:\/\/www.fiscalia.gov.co\/colombia\/#website"},"primaryImageOfPage":{"@id":"https:\/\/www.fiscalia.gov.co\/colombia\/hechos-concretos\/un-adios-posible-familia-de-victima-de-la-toma-del-palacio-de-justicia-se-despidio-tras-36-anos-de-incertidumbre\/#primaryimage"},"image":{"@id":"https:\/\/www.fiscalia.gov.co\/colombia\/hechos-concretos\/un-adios-posible-familia-de-victima-de-la-toma-del-palacio-de-justicia-se-despidio-tras-36-anos-de-incertidumbre\/#primaryimage"},"thumbnailUrl":"https:\/\/www.fiscalia.gov.co\/colombia\/wp-content\/uploads\/Fiscal_Francisco_Barbosa_desaparici\u00f3n_forzada_Palacio_Justicia.jpeg","datePublished":"2022-03-02T15:30:38+00:00","dateModified":"2022-03-02T15:30:38+00:00","description":"P\u00e1gina oficial de la Fiscal\u00eda General de la Naci\u00f3n \u2013 Colombia. Garantizamos el acceso efectivo a la justicia, la verdad y la reparaci\u00f3n de las v\u00edctimas de los delitos.","breadcrumb":{"@id":"https:\/\/www.fiscalia.gov.co\/colombia\/hechos-concretos\/un-adios-posible-familia-de-victima-de-la-toma-del-palacio-de-justicia-se-despidio-tras-36-anos-de-incertidumbre\/#breadcrumb"},"inLanguage":"es-CO","potentialAction":[{"@type":"ReadAction","target":["https:\/\/www.fiscalia.gov.co\/colombia\/hechos-concretos\/un-adios-posible-familia-de-victima-de-la-toma-del-palacio-de-justicia-se-despidio-tras-36-anos-de-incertidumbre\/"]}]},{"@type":"ImageObject","inLanguage":"es-CO","@id":"https:\/\/www.fiscalia.gov.co\/colombia\/hechos-concretos\/un-adios-posible-familia-de-victima-de-la-toma-del-palacio-de-justicia-se-despidio-tras-36-anos-de-incertidumbre\/#primaryimage","url":"https:\/\/www.fiscalia.gov.co\/colombia\/wp-content\/uploads\/Fiscal_Francisco_Barbosa_desaparici\u00f3n_forzada_Palacio_Justicia.jpeg","contentUrl":"https:\/\/www.fiscalia.gov.co\/colombia\/wp-content\/uploads\/Fiscal_Francisco_Barbosa_desaparici\u00f3n_forzada_Palacio_Justicia.jpeg","width":1280,"height":720},{"@type":"BreadcrumbList","@id":"https:\/\/www.fiscalia.gov.co\/colombia\/hechos-concretos\/un-adios-posible-familia-de-victima-de-la-toma-del-palacio-de-justicia-se-despidio-tras-36-anos-de-incertidumbre\/#breadcrumb","itemListElement":[{"@type":"ListItem","position":1,"name":"Home","item":"https:\/\/www.fiscalia.gov.co\/colombia\/"},{"@type":"ListItem","position":2,"name":"Un adi\u00f3s posible: familia de v\u00edctima de la toma del Palacio de Justicia se despidi\u00f3 tras 36 a\u00f1os de incertidumbre"}]},{"@type":"WebSite","@id":"https:\/\/www.fiscalia.gov.co\/colombia\/#website","url":"https:\/\/www.fiscalia.gov.co\/colombia\/","name":"Fiscal\u00eda General de la Naci\u00f3n","description":"P\u00e1gina oficial de la Fiscal\u00eda General de la Naci\u00f3n \u2013 Colombia. Garantizamos el acceso efectivo a la justicia, la verdad y la reparaci\u00f3n de las v\u00edctimas de los delitos.","publisher":{"@id":"https:\/\/www.fiscalia.gov.co\/colombia\/#organization"},"potentialAction":[{"@type":"SearchAction","target":{"@type":"EntryPoint","urlTemplate":"https:\/\/www.fiscalia.gov.co\/colombia\/?s={search_term_string}"},"query-input":{"@type":"PropertyValueSpecification","valueRequired":true,"valueName":"search_term_string"}}],"inLanguage":"es-CO"},{"@type":"Organization","@id":"https:\/\/www.fiscalia.gov.co\/colombia\/#organization","name":"Fiscal\u00eda General de la Naci\u00f3n","url":"https:\/\/www.fiscalia.gov.co\/colombia\/","logo":{"@type":"ImageObject","inLanguage":"es-CO","@id":"https:\/\/www.fiscalia.gov.co\/colombia\/#\/schema\/logo\/image\/","url":"https:\/\/www.fiscalia.gov.co\/colombia\/wp-content\/uploads\/LogoHorizontal_1.jpg","contentUrl":"https:\/\/www.fiscalia.gov.co\/colombia\/wp-content\/uploads\/LogoHorizontal_1.jpg","width":300,"height":90,"caption":"Fiscal\u00eda General de la Naci\u00f3n"},"image":{"@id":"https:\/\/www.fiscalia.gov.co\/colombia\/#\/schema\/logo\/image\/"},"sameAs":["https:\/\/www.facebook.com\/FiscaliaCol","https:\/\/x.com\/FiscaliaCol","https:\/\/www.instagram.com\/fiscaliacol","https:\/\/www.linkedin.com\/company\/fiscalia-general-de-la-naci-n\/","https:\/\/youtube.com\/@fiscaliageneraldelanacion-4668?si=6nN79nyQICPU5iTh"]},{"@type":"Person","@id":"https:\/\/www.fiscalia.gov.co\/colombia\/#\/schema\/person\/2e76b9aba5ecf875ed565ce4de0e0415","name":"Katherine Loaiza Mart\u00ednez","image":{"@type":"ImageObject","inLanguage":"es-CO","@id":"https:\/\/www.fiscalia.gov.co\/colombia\/#\/schema\/person\/image\/","url":"https:\/\/secure.gravatar.com\/avatar\/ab775a2f394c1b83b6d6f78680e57b50?s=96&d=mm&r=g","contentUrl":"https:\/\/secure.gravatar.com\/avatar\/ab775a2f394c1b83b6d6f78680e57b50?s=96&d=mm&r=g","caption":"Katherine Loaiza Mart\u00ednez"},"url":"https:\/\/www.fiscalia.gov.co\/colombia\/author\/kloaiza\/"}]}},"_links":{"self":[{"href":"https:\/\/www.fiscalia.gov.co\/colombia\/wp-json\/wp\/v2\/posts\/242425","targetHints":{"allow":["GET"]}}],"collection":[{"href":"https:\/\/www.fiscalia.gov.co\/colombia\/wp-json\/wp\/v2\/posts"}],"about":[{"href":"https:\/\/www.fiscalia.gov.co\/colombia\/wp-json\/wp\/v2\/types\/post"}],"author":[{"embeddable":true,"href":"https:\/\/www.fiscalia.gov.co\/colombia\/wp-json\/wp\/v2\/users\/175"}],"replies":[{"embeddable":true,"href":"https:\/\/www.fiscalia.gov.co\/colombia\/wp-json\/wp\/v2\/comments?post=242425"}],"version-history":[{"count":1,"href":"https:\/\/www.fiscalia.gov.co\/colombia\/wp-json\/wp\/v2\/posts\/242425\/revisions"}],"predecessor-version":[{"id":242431,"href":"https:\/\/www.fiscalia.gov.co\/colombia\/wp-json\/wp\/v2\/posts\/242425\/revisions\/242431"}],"wp:featuredmedia":[{"embeddable":true,"href":"https:\/\/www.fiscalia.gov.co\/colombia\/wp-json\/wp\/v2\/media\/242437"}],"wp:attachment":[{"href":"https:\/\/www.fiscalia.gov.co\/colombia\/wp-json\/wp\/v2\/media?parent=242425"}],"wp:term":[{"taxonomy":"category","embeddable":true,"href":"https:\/\/www.fiscalia.gov.co\/colombia\/wp-json\/wp\/v2\/categories?post=242425"},{"taxonomy":"post_tag","embeddable":true,"href":"https:\/\/www.fiscalia.gov.co\/colombia\/wp-json\/wp\/v2\/tags?post=242425"}],"curies":[{"name":"wp","href":"https:\/\/api.w.org\/{rel}","templated":true}]}}