{"id":242359,"date":"2022-03-01T13:50:24","date_gmt":"2022-03-01T18:50:24","guid":{"rendered":"https:\/\/www.fiscalia.gov.co\/colombia\/?p=242359"},"modified":"2022-03-01T13:52:16","modified_gmt":"2022-03-01T18:52:16","slug":"fiscal-general-de-la-nacion-francisco-barbosa-delgado-senala-que-la-entidad-actuara-con-determinacion-contra-la-corrupcion-electoral","status":"publish","type":"post","link":"https:\/\/www.fiscalia.gov.co\/colombia\/noticias\/fiscal-general-de-la-nacion-francisco-barbosa-delgado-senala-que-la-entidad-actuara-con-determinacion-contra-la-corrupcion-electoral\/","title":{"rendered":"Fiscal General de la Naci\u00f3n, Francisco Barbosa Delgado, se\u00f1ala que la entidad actuar\u00e1 con determinaci\u00f3n contra la corrupci\u00f3n electoral"},"content":{"rendered":"<h4><strong><em>Asimismo, revel\u00f3 que en los pr\u00f3ximos d\u00edas habr\u00e1 decisiones judiciales contra funcionarios que habr\u00edan participado en hechos que afecta el normal desarrollo de la contienda democr\u00e1tica. <\/em><\/strong><\/h4>\n<p>Durante el foro \u201cGarant\u00edas Electorales &#8211; 2022\u201d, el Fiscal General de la Naci\u00f3n, Francisco Barbosa Delgado, indic\u00f3 que est\u00e1 en marcha y se realizan diversos actos investigativos relacionados con la estrategia institucional definida para intervenir ante hechos de corrupci\u00f3n electoral y asumir los casos por delitos electorales puedan presentarse antes, durante y despu\u00e9s de los comicios legislativos y presidenciales.<\/p>\n<p>\u201cLa corrupci\u00f3n se inicia desde el mismo momento en que muchas de estas personas son financiadas con una suerte de carrusel por contrataci\u00f3n p\u00fablica. Posteriormente, entran y empiezan a socavar y a atacar todo el patrimonio del Estado en sus departamentos para prepararse para estos cert\u00e1menes electorales\u201d, se\u00f1al\u00f3 el Fiscal General.<\/p>\n[embedyt] https:\/\/www.youtube.com\/watch?v=I1_xsoUcXR8[\/embedyt]\n<p>En este sentido, indic\u00f3 que, en los pr\u00f3ximos d\u00edas, se conocer\u00e1n decisiones judiciales respecto a circunstancias que afectan el ejercicio democr\u00e1tico de elegir, el uso indebido de dineros p\u00fablicos y otras conductas \u201creprochables\u201d en las que estar\u00edan incurriendo algunos funcionarios durante la \u00e9poca electoral.<\/p>\n<p>\u201cEl uso de las regal\u00edas. Ah\u00ed hay un tema importante donde la Fiscal\u00eda justamente tiene que ver (\u2026) cu\u00e1l es el uso que se est\u00e1 haciendo de esas regal\u00edas y cu\u00e1l es el relacionamiento mal sano que se est\u00e1 presentando desde el orden del Congreso o desde el orden nacional frente al manejo, uso indebido y robo de recursos p\u00fablicos, a trav\u00e9s de alcaldes en diferentes lugares del territorio nacional para financiar elecciones\u201d, revel\u00f3 el Fiscal Barbosa Delgado.<\/p>\n[embedyt] https:\/\/www.youtube.com\/watch?v=bH5CuexLJBI[\/embedyt]\n<p>La Fiscal\u00eda ser\u00e1 garante del derecho al voto que le asiste a la ciudadan\u00eda. Es as\u00ed como se realiza un seguimiento detallado de los riesgos electorales que se puedan presentar en los territorios para disponer de las acciones investigativas y judiciales necesarias.<\/p>\n[embedyt] https:\/\/www.youtube.com\/watch?v=hUKusVZNKIs[\/embedyt]\n<p>De esta manera, la Fiscal\u00eda, en conjunto con otras entidades, trabaja en hacer frente a cualquier situaci\u00f3n que pueda poner el peligro el certamen democr\u00e1tico. Se articulan capacidades para cerrarles el camino a los cibercriminales y aplicar los par\u00e1metros definidos en la Directiva 002 de 2022, dispuesta como hoja de ruta para combatir la corrupci\u00f3n electoral.<\/p>\n<p><strong>La Fiscal\u00eda habla con resultados<\/strong><\/p>\n<p>&nbsp;<\/p>\n<p>LMBG\/JARG\/MRC\/<\/p>\n\n<div class=\"twitter-share\"><a href=\"https:\/\/twitter.com\/intent\/tweet?via=fiscaliacol\" class=\"twitter-share-button\">Tweet<\/a><\/div>\n","protected":false},"excerpt":{"rendered":"<p>Asimismo, revel\u00f3 que en los pr\u00f3ximos d\u00edas habr\u00e1 decisiones judiciales contra funcionarios que habr\u00edan participado en hechos que afecta el normal desarrollo de la contienda democr\u00e1tica. Durante el foro \u201cGarant\u00edas Electorales &#8211; 2022\u201d, el Fiscal General de la Naci\u00f3n, Francisco Barbosa Delgado, indic\u00f3 que est\u00e1 en marcha y se realizan diversos actos investigativos relacionados con [&hellip;]<\/p>\n","protected":false},"author":177,"featured_media":0,"comment_status":"closed","ping_status":"open","sticky":false,"template":"","format":"standard","meta":{"tdm_status":"","tdm_grid_status":"","footnotes":""},"categories":[25128,24096,1],"tags":[4385,24185,24188,1047,1269],"class_list":{"0":"post-242359","1":"post","2":"type-post","3":"status-publish","4":"format-standard","6":"category-el-fiscal-en-los-territorios","7":"category-fiscal-general-de-la-nacion","8":"category-noticias","9":"tag-elecciones","10":"tag-fiscal-barbosa","11":"tag-fiscal-francisco-barbosa","12":"tag-fiscalia-general-de-la-nacion","13":"tag-fraude-electoral"},"yoast_head":"<!-- This site is optimized with the Yoast SEO plugin v24.3 - https:\/\/yoast.com\/wordpress\/plugins\/seo\/ -->\n<title>Fiscal\u00eda General de la Naci\u00f3n<\/title>\n<meta name=\"description\" content=\"P\u00e1gina oficial de la Fiscal\u00eda General de la Naci\u00f3n \u2013 Colombia. Garantizamos el acceso efectivo a la justicia, la verdad y la reparaci\u00f3n de las v\u00edctimas de los delitos.\" \/>\n<meta name=\"robots\" content=\"noindex, follow\" \/>\n<meta property=\"og:locale\" content=\"es_ES\" \/>\n<meta property=\"og:type\" content=\"article\" \/>\n<meta property=\"og:title\" content=\"Fiscal\u00eda General de la Naci\u00f3n\" \/>\n<meta property=\"og:description\" content=\"P\u00e1gina oficial de la Fiscal\u00eda General de la Naci\u00f3n \u2013 Colombia. Garantizamos el acceso efectivo a la justicia, la verdad y la reparaci\u00f3n de las v\u00edctimas de los delitos.\" \/>\n<meta property=\"og:url\" content=\"https:\/\/www.fiscalia.gov.co\/colombia\/noticias\/fiscal-general-de-la-nacion-francisco-barbosa-delgado-senala-que-la-entidad-actuara-con-determinacion-contra-la-corrupcion-electoral\/\" \/>\n<meta property=\"og:site_name\" content=\"Fiscal\u00eda General de la Naci\u00f3n\" \/>\n<meta property=\"article:publisher\" content=\"https:\/\/www.facebook.com\/FiscaliaCol\" \/>\n<meta property=\"article:published_time\" content=\"2022-03-01T18:50:24+00:00\" \/>\n<meta property=\"article:modified_time\" content=\"2022-03-01T18:52:16+00:00\" \/>\n<meta name=\"author\" content=\"Jordan Leandro Oviedo Anzola\" \/>\n<meta name=\"twitter:card\" content=\"summary_large_image\" \/>\n<meta name=\"twitter:creator\" content=\"@FiscaliaCol\" \/>\n<meta name=\"twitter:site\" content=\"@FiscaliaCol\" \/>\n<meta name=\"twitter:label1\" content=\"Escrito por\" \/>\n\t<meta name=\"twitter:data1\" content=\"Jordan Leandro Oviedo Anzola\" \/>\n\t<meta name=\"twitter:label2\" content=\"Tiempo de lectura\" \/>\n\t<meta name=\"twitter:data2\" content=\"2 minutos\" \/>\n<script type=\"application\/ld+json\" class=\"yoast-schema-graph\">{\"@context\":\"https:\/\/schema.org\",\"@graph\":[{\"@type\":\"Article\",\"@id\":\"https:\/\/www.fiscalia.gov.co\/colombia\/noticias\/fiscal-general-de-la-nacion-francisco-barbosa-delgado-senala-que-la-entidad-actuara-con-determinacion-contra-la-corrupcion-electoral\/#article\",\"isPartOf\":{\"@id\":\"https:\/\/www.fiscalia.gov.co\/colombia\/noticias\/fiscal-general-de-la-nacion-francisco-barbosa-delgado-senala-que-la-entidad-actuara-con-determinacion-contra-la-corrupcion-electoral\/\"},\"author\":{\"name\":\"Jordan Leandro Oviedo Anzola\",\"@id\":\"https:\/\/www.fiscalia.gov.co\/colombia\/#\/schema\/person\/bf84402cf293a5393e9c70b111020b24\"},\"headline\":\"Fiscal General de la Naci\u00f3n, Francisco Barbosa Delgado, se\u00f1ala que la entidad actuar\u00e1 con determinaci\u00f3n contra la corrupci\u00f3n electoral\",\"datePublished\":\"2022-03-01T18:50:24+00:00\",\"dateModified\":\"2022-03-01T18:52:16+00:00\",\"mainEntityOfPage\":{\"@id\":\"https:\/\/www.fiscalia.gov.co\/colombia\/noticias\/fiscal-general-de-la-nacion-francisco-barbosa-delgado-senala-que-la-entidad-actuara-con-determinacion-contra-la-corrupcion-electoral\/\"},\"wordCount\":447,\"publisher\":{\"@id\":\"https:\/\/www.fiscalia.gov.co\/colombia\/#organization\"},\"keywords\":[\"Elecciones\",\"Fiscal Barbosa\",\"Fiscal Francisco Barbosa\",\"Fiscal\u00eda General de la Naci\u00f3n\",\"Fraude electoral\"],\"articleSection\":[\"El Fiscal en los territorios\",\"Fiscal General de la Naci\u00f3n\",\"Noticias\"],\"inLanguage\":\"es-CO\"},{\"@type\":\"WebPage\",\"@id\":\"https:\/\/www.fiscalia.gov.co\/colombia\/noticias\/fiscal-general-de-la-nacion-francisco-barbosa-delgado-senala-que-la-entidad-actuara-con-determinacion-contra-la-corrupcion-electoral\/\",\"url\":\"https:\/\/www.fiscalia.gov.co\/colombia\/noticias\/fiscal-general-de-la-nacion-francisco-barbosa-delgado-senala-que-la-entidad-actuara-con-determinacion-contra-la-corrupcion-electoral\/\",\"name\":\"Fiscal\u00eda General de la Naci\u00f3n\",\"isPartOf\":{\"@id\":\"https:\/\/www.fiscalia.gov.co\/colombia\/#website\"},\"datePublished\":\"2022-03-01T18:50:24+00:00\",\"dateModified\":\"2022-03-01T18:52:16+00:00\",\"description\":\"P\u00e1gina oficial de la Fiscal\u00eda General de la Naci\u00f3n \u2013 Colombia. Garantizamos el acceso efectivo a la justicia, la verdad y la reparaci\u00f3n de las v\u00edctimas de los delitos.\",\"breadcrumb\":{\"@id\":\"https:\/\/www.fiscalia.gov.co\/colombia\/noticias\/fiscal-general-de-la-nacion-francisco-barbosa-delgado-senala-que-la-entidad-actuara-con-determinacion-contra-la-corrupcion-electoral\/#breadcrumb\"},\"inLanguage\":\"es-CO\",\"potentialAction\":[{\"@type\":\"ReadAction\",\"target\":[\"https:\/\/www.fiscalia.gov.co\/colombia\/noticias\/fiscal-general-de-la-nacion-francisco-barbosa-delgado-senala-que-la-entidad-actuara-con-determinacion-contra-la-corrupcion-electoral\/\"]}]},{\"@type\":\"BreadcrumbList\",\"@id\":\"https:\/\/www.fiscalia.gov.co\/colombia\/noticias\/fiscal-general-de-la-nacion-francisco-barbosa-delgado-senala-que-la-entidad-actuara-con-determinacion-contra-la-corrupcion-electoral\/#breadcrumb\",\"itemListElement\":[{\"@type\":\"ListItem\",\"position\":1,\"name\":\"Home\",\"item\":\"https:\/\/www.fiscalia.gov.co\/colombia\/\"},{\"@type\":\"ListItem\",\"position\":2,\"name\":\"Fiscal General de la Naci\u00f3n, Francisco Barbosa Delgado, se\u00f1ala que la entidad actuar\u00e1 con determinaci\u00f3n contra la corrupci\u00f3n electoral\"}]},{\"@type\":\"WebSite\",\"@id\":\"https:\/\/www.fiscalia.gov.co\/colombia\/#website\",\"url\":\"https:\/\/www.fiscalia.gov.co\/colombia\/\",\"name\":\"Fiscal\u00eda General de la Naci\u00f3n\",\"description\":\"P\u00e1gina oficial de la Fiscal\u00eda General de la Naci\u00f3n \u2013 Colombia. Garantizamos el acceso efectivo a la justicia, la verdad y la reparaci\u00f3n de las v\u00edctimas de los delitos.\",\"publisher\":{\"@id\":\"https:\/\/www.fiscalia.gov.co\/colombia\/#organization\"},\"potentialAction\":[{\"@type\":\"SearchAction\",\"target\":{\"@type\":\"EntryPoint\",\"urlTemplate\":\"https:\/\/www.fiscalia.gov.co\/colombia\/?s={search_term_string}\"},\"query-input\":{\"@type\":\"PropertyValueSpecification\",\"valueRequired\":true,\"valueName\":\"search_term_string\"}}],\"inLanguage\":\"es-CO\"},{\"@type\":\"Organization\",\"@id\":\"https:\/\/www.fiscalia.gov.co\/colombia\/#organization\",\"name\":\"Fiscal\u00eda General de la Naci\u00f3n\",\"url\":\"https:\/\/www.fiscalia.gov.co\/colombia\/\",\"logo\":{\"@type\":\"ImageObject\",\"inLanguage\":\"es-CO\",\"@id\":\"https:\/\/www.fiscalia.gov.co\/colombia\/#\/schema\/logo\/image\/\",\"url\":\"https:\/\/www.fiscalia.gov.co\/colombia\/wp-content\/uploads\/LogoHorizontal_1.jpg\",\"contentUrl\":\"https:\/\/www.fiscalia.gov.co\/colombia\/wp-content\/uploads\/LogoHorizontal_1.jpg\",\"width\":300,\"height\":90,\"caption\":\"Fiscal\u00eda General de la Naci\u00f3n\"},\"image\":{\"@id\":\"https:\/\/www.fiscalia.gov.co\/colombia\/#\/schema\/logo\/image\/\"},\"sameAs\":[\"https:\/\/www.facebook.com\/FiscaliaCol\",\"https:\/\/x.com\/FiscaliaCol\",\"https:\/\/www.instagram.com\/fiscaliacol\",\"https:\/\/www.linkedin.com\/company\/fiscalia-general-de-la-naci-n\/\",\"https:\/\/youtube.com\/@fiscaliageneraldelanacion-4668?si=6nN79nyQICPU5iTh\"]},{\"@type\":\"Person\",\"@id\":\"https:\/\/www.fiscalia.gov.co\/colombia\/#\/schema\/person\/bf84402cf293a5393e9c70b111020b24\",\"name\":\"Jordan Leandro Oviedo Anzola\",\"image\":{\"@type\":\"ImageObject\",\"inLanguage\":\"es-CO\",\"@id\":\"https:\/\/www.fiscalia.gov.co\/colombia\/#\/schema\/person\/image\/\",\"url\":\"https:\/\/secure.gravatar.com\/avatar\/dabba4346fa9b9207d96adafa8f92721?s=96&d=mm&r=g\",\"contentUrl\":\"https:\/\/secure.gravatar.com\/avatar\/dabba4346fa9b9207d96adafa8f92721?s=96&d=mm&r=g\",\"caption\":\"Jordan Leandro Oviedo Anzola\"},\"url\":\"https:\/\/www.fiscalia.gov.co\/colombia\/author\/joviedo\/\"}]}<\/script>\n<!-- \/ Yoast SEO plugin. -->","yoast_head_json":{"title":"Fiscal\u00eda General de la Naci\u00f3n","description":"P\u00e1gina oficial de la Fiscal\u00eda General de la Naci\u00f3n \u2013 Colombia. Garantizamos el acceso efectivo a la justicia, la verdad y la reparaci\u00f3n de las v\u00edctimas de los delitos.","robots":{"index":"noindex","follow":"follow"},"og_locale":"es_ES","og_type":"article","og_title":"Fiscal\u00eda General de la Naci\u00f3n","og_description":"P\u00e1gina oficial de la Fiscal\u00eda General de la Naci\u00f3n \u2013 Colombia. Garantizamos el acceso efectivo a la justicia, la verdad y la reparaci\u00f3n de las v\u00edctimas de los delitos.","og_url":"https:\/\/www.fiscalia.gov.co\/colombia\/noticias\/fiscal-general-de-la-nacion-francisco-barbosa-delgado-senala-que-la-entidad-actuara-con-determinacion-contra-la-corrupcion-electoral\/","og_site_name":"Fiscal\u00eda General de la Naci\u00f3n","article_publisher":"https:\/\/www.facebook.com\/FiscaliaCol","article_published_time":"2022-03-01T18:50:24+00:00","article_modified_time":"2022-03-01T18:52:16+00:00","author":"Jordan Leandro Oviedo Anzola","twitter_card":"summary_large_image","twitter_creator":"@FiscaliaCol","twitter_site":"@FiscaliaCol","twitter_misc":{"Escrito por":"Jordan Leandro Oviedo Anzola","Tiempo de lectura":"2 minutos"},"schema":{"@context":"https:\/\/schema.org","@graph":[{"@type":"Article","@id":"https:\/\/www.fiscalia.gov.co\/colombia\/noticias\/fiscal-general-de-la-nacion-francisco-barbosa-delgado-senala-que-la-entidad-actuara-con-determinacion-contra-la-corrupcion-electoral\/#article","isPartOf":{"@id":"https:\/\/www.fiscalia.gov.co\/colombia\/noticias\/fiscal-general-de-la-nacion-francisco-barbosa-delgado-senala-que-la-entidad-actuara-con-determinacion-contra-la-corrupcion-electoral\/"},"author":{"name":"Jordan Leandro Oviedo Anzola","@id":"https:\/\/www.fiscalia.gov.co\/colombia\/#\/schema\/person\/bf84402cf293a5393e9c70b111020b24"},"headline":"Fiscal General de la Naci\u00f3n, Francisco Barbosa Delgado, se\u00f1ala que la entidad actuar\u00e1 con determinaci\u00f3n contra la corrupci\u00f3n electoral","datePublished":"2022-03-01T18:50:24+00:00","dateModified":"2022-03-01T18:52:16+00:00","mainEntityOfPage":{"@id":"https:\/\/www.fiscalia.gov.co\/colombia\/noticias\/fiscal-general-de-la-nacion-francisco-barbosa-delgado-senala-que-la-entidad-actuara-con-determinacion-contra-la-corrupcion-electoral\/"},"wordCount":447,"publisher":{"@id":"https:\/\/www.fiscalia.gov.co\/colombia\/#organization"},"keywords":["Elecciones","Fiscal Barbosa","Fiscal Francisco Barbosa","Fiscal\u00eda General de la Naci\u00f3n","Fraude electoral"],"articleSection":["El Fiscal en los territorios","Fiscal General de la Naci\u00f3n","Noticias"],"inLanguage":"es-CO"},{"@type":"WebPage","@id":"https:\/\/www.fiscalia.gov.co\/colombia\/noticias\/fiscal-general-de-la-nacion-francisco-barbosa-delgado-senala-que-la-entidad-actuara-con-determinacion-contra-la-corrupcion-electoral\/","url":"https:\/\/www.fiscalia.gov.co\/colombia\/noticias\/fiscal-general-de-la-nacion-francisco-barbosa-delgado-senala-que-la-entidad-actuara-con-determinacion-contra-la-corrupcion-electoral\/","name":"Fiscal\u00eda General de la Naci\u00f3n","isPartOf":{"@id":"https:\/\/www.fiscalia.gov.co\/colombia\/#website"},"datePublished":"2022-03-01T18:50:24+00:00","dateModified":"2022-03-01T18:52:16+00:00","description":"P\u00e1gina oficial de la Fiscal\u00eda General de la Naci\u00f3n \u2013 Colombia. Garantizamos el acceso efectivo a la justicia, la verdad y la reparaci\u00f3n de las v\u00edctimas de los delitos.","breadcrumb":{"@id":"https:\/\/www.fiscalia.gov.co\/colombia\/noticias\/fiscal-general-de-la-nacion-francisco-barbosa-delgado-senala-que-la-entidad-actuara-con-determinacion-contra-la-corrupcion-electoral\/#breadcrumb"},"inLanguage":"es-CO","potentialAction":[{"@type":"ReadAction","target":["https:\/\/www.fiscalia.gov.co\/colombia\/noticias\/fiscal-general-de-la-nacion-francisco-barbosa-delgado-senala-que-la-entidad-actuara-con-determinacion-contra-la-corrupcion-electoral\/"]}]},{"@type":"BreadcrumbList","@id":"https:\/\/www.fiscalia.gov.co\/colombia\/noticias\/fiscal-general-de-la-nacion-francisco-barbosa-delgado-senala-que-la-entidad-actuara-con-determinacion-contra-la-corrupcion-electoral\/#breadcrumb","itemListElement":[{"@type":"ListItem","position":1,"name":"Home","item":"https:\/\/www.fiscalia.gov.co\/colombia\/"},{"@type":"ListItem","position":2,"name":"Fiscal General de la Naci\u00f3n, Francisco Barbosa Delgado, se\u00f1ala que la entidad actuar\u00e1 con determinaci\u00f3n contra la corrupci\u00f3n electoral"}]},{"@type":"WebSite","@id":"https:\/\/www.fiscalia.gov.co\/colombia\/#website","url":"https:\/\/www.fiscalia.gov.co\/colombia\/","name":"Fiscal\u00eda General de la Naci\u00f3n","description":"P\u00e1gina oficial de la Fiscal\u00eda General de la Naci\u00f3n \u2013 Colombia. Garantizamos el acceso efectivo a la justicia, la verdad y la reparaci\u00f3n de las v\u00edctimas de los delitos.","publisher":{"@id":"https:\/\/www.fiscalia.gov.co\/colombia\/#organization"},"potentialAction":[{"@type":"SearchAction","target":{"@type":"EntryPoint","urlTemplate":"https:\/\/www.fiscalia.gov.co\/colombia\/?s={search_term_string}"},"query-input":{"@type":"PropertyValueSpecification","valueRequired":true,"valueName":"search_term_string"}}],"inLanguage":"es-CO"},{"@type":"Organization","@id":"https:\/\/www.fiscalia.gov.co\/colombia\/#organization","name":"Fiscal\u00eda General de la Naci\u00f3n","url":"https:\/\/www.fiscalia.gov.co\/colombia\/","logo":{"@type":"ImageObject","inLanguage":"es-CO","@id":"https:\/\/www.fiscalia.gov.co\/colombia\/#\/schema\/logo\/image\/","url":"https:\/\/www.fiscalia.gov.co\/colombia\/wp-content\/uploads\/LogoHorizontal_1.jpg","contentUrl":"https:\/\/www.fiscalia.gov.co\/colombia\/wp-content\/uploads\/LogoHorizontal_1.jpg","width":300,"height":90,"caption":"Fiscal\u00eda General de la Naci\u00f3n"},"image":{"@id":"https:\/\/www.fiscalia.gov.co\/colombia\/#\/schema\/logo\/image\/"},"sameAs":["https:\/\/www.facebook.com\/FiscaliaCol","https:\/\/x.com\/FiscaliaCol","https:\/\/www.instagram.com\/fiscaliacol","https:\/\/www.linkedin.com\/company\/fiscalia-general-de-la-naci-n\/","https:\/\/youtube.com\/@fiscaliageneraldelanacion-4668?si=6nN79nyQICPU5iTh"]},{"@type":"Person","@id":"https:\/\/www.fiscalia.gov.co\/colombia\/#\/schema\/person\/bf84402cf293a5393e9c70b111020b24","name":"Jordan Leandro Oviedo Anzola","image":{"@type":"ImageObject","inLanguage":"es-CO","@id":"https:\/\/www.fiscalia.gov.co\/colombia\/#\/schema\/person\/image\/","url":"https:\/\/secure.gravatar.com\/avatar\/dabba4346fa9b9207d96adafa8f92721?s=96&d=mm&r=g","contentUrl":"https:\/\/secure.gravatar.com\/avatar\/dabba4346fa9b9207d96adafa8f92721?s=96&d=mm&r=g","caption":"Jordan Leandro Oviedo Anzola"},"url":"https:\/\/www.fiscalia.gov.co\/colombia\/author\/joviedo\/"}]}},"_links":{"self":[{"href":"https:\/\/www.fiscalia.gov.co\/colombia\/wp-json\/wp\/v2\/posts\/242359","targetHints":{"allow":["GET"]}}],"collection":[{"href":"https:\/\/www.fiscalia.gov.co\/colombia\/wp-json\/wp\/v2\/posts"}],"about":[{"href":"https:\/\/www.fiscalia.gov.co\/colombia\/wp-json\/wp\/v2\/types\/post"}],"author":[{"embeddable":true,"href":"https:\/\/www.fiscalia.gov.co\/colombia\/wp-json\/wp\/v2\/users\/177"}],"replies":[{"embeddable":true,"href":"https:\/\/www.fiscalia.gov.co\/colombia\/wp-json\/wp\/v2\/comments?post=242359"}],"version-history":[{"count":1,"href":"https:\/\/www.fiscalia.gov.co\/colombia\/wp-json\/wp\/v2\/posts\/242359\/revisions"}],"predecessor-version":[{"id":242360,"href":"https:\/\/www.fiscalia.gov.co\/colombia\/wp-json\/wp\/v2\/posts\/242359\/revisions\/242360"}],"wp:attachment":[{"href":"https:\/\/www.fiscalia.gov.co\/colombia\/wp-json\/wp\/v2\/media?parent=242359"}],"wp:term":[{"taxonomy":"category","embeddable":true,"href":"https:\/\/www.fiscalia.gov.co\/colombia\/wp-json\/wp\/v2\/categories?post=242359"},{"taxonomy":"post_tag","embeddable":true,"href":"https:\/\/www.fiscalia.gov.co\/colombia\/wp-json\/wp\/v2\/tags?post=242359"}],"curies":[{"name":"wp","href":"https:\/\/api.w.org\/{rel}","templated":true}]}}