{"id":242010,"date":"2022-02-24T17:59:43","date_gmt":"2022-02-24T22:59:43","guid":{"rendered":"https:\/\/www.fiscalia.gov.co\/colombia\/?p=242010"},"modified":"2022-02-24T17:59:43","modified_gmt":"2022-02-24T22:59:43","slug":"tribunal-superior-judicial-de-ibague-confirmo-condena-contra-padrinos-de-nina-de-3-anos-por-su-homicidio","status":"publish","type":"post","link":"https:\/\/www.fiscalia.gov.co\/colombia\/noticias\/tribunal-superior-judicial-de-ibague-confirmo-condena-contra-padrinos-de-nina-de-3-anos-por-su-homicidio\/","title":{"rendered":"Tribunal Superior Judicial de Ibagu\u00e9 confirm\u00f3 condena contra padrinos de ni\u00f1a de 3 a\u00f1os por su homicidio"},"content":{"rendered":"<p>El Tribunal Superior de Ibagu\u00e9 confirm\u00f3 en segunda instancia la condena en contra de\u00a0una pareja\u00a0por los delitos de homicidio agravado y tortura agravada del que fue v\u00edctima su ahijada de 3 a\u00f1os\u00a0 en abril del a\u00f1o 2017.<\/p>\n<p>Las condenas en primera instancia fueron de\u00a039 a\u00f1os y 8 meses para la mujer y de 13 a\u00f1os para el hombre, proferidas por\u00a0un juzgado especializado de Ibagu\u00e9 (Tolima) en septiembre de 2018, el cual fue apelado por la defensa de los condenados.<\/p>\n<p>Sin embargo, el pasado 15 de febrero el Tribunal Superior le dio la raz\u00f3n a la Fiscal\u00eda General de la Naci\u00f3n que adelant\u00f3 una exhaustiva investigaci\u00f3n por estos hechos ocurridos en Armero Guayabal.<\/p>\n<p>La v\u00edctima, natural de La Dorada (Caldas), y quien fuera entregada a sus padrinos porque su madre no ten\u00eda los recursos para mantenerla, viv\u00eda en condiciones infrahumanas y de abandono.<\/p>\n<p>Esto le fue generando da\u00f1os f\u00edsicos como la p\u00e9rdida del cart\u00edlago de su nariz, sus dientes y peque\u00f1as mutilaciones en sus dedos, entre otras lesiones que poco a poco fueron sum\u00e1ndose hasta llevarla a la muerte.<\/p>\n<p>El dictamen m\u00e9dico legal presentado por el ente acusador determin\u00f3 que muri\u00f3 a causa de \u2018zarandeo\u2019, t\u00e9rmino aceptado en medicina para referirse a cuando una persona es balanceada con fuerza de un lado a otro de manera violenta, tal y como le sucedi\u00f3 a la menor de edad quien sufri\u00f3 un trauma craneoencef\u00e1lico.<\/p>\n<p>Los peritos notificaron tambi\u00e9n que no hab\u00eda un solo espacio en su cuerpo que no tuviera una lesi\u00f3n o abrasi\u00f3n, as\u00ed como cicatrices recientes y antiguas.<\/p>\n<p>La mujer fue hallada culpable del delito de homicidio agravado en concurso heterog\u00e9neo con tortura agravada, mientras que su pareja, por tortura agravada.<\/p>\n<p>Seg\u00fan lo demostrado por la Fiscal\u00eda, a trav\u00e9s de m\u00e1s de 80 pruebas testimoniales y cient\u00edficas que fueron contundentes, los hoy condenados sometieron a la ni\u00f1a a un maltrato f\u00edsico agudo, sistem\u00e1tico y cr\u00f3nico por el lapso de un a\u00f1o, que la llev\u00f3 a una desnutrici\u00f3n severa durante el tiempo que la tuvieron bajo su custodia.<\/p>\n<p>A la peque\u00f1a igualmente le fue vulnerado el derecho a la educaci\u00f3n, pues no la volvieron a llevar al Centro de Atenci\u00f3n Integral de la vereda donde resid\u00eda, aduciendo que era desobediente porque no controlaba esf\u00ednteres.<\/p>\n<p>Esta decisi\u00f3n es de segunda instancia y sobre ella proceden los recursos de ley.\u00a0Los padrinos de la v\u00edctima de 3 a\u00f1os se encuentran detenidos desde mayo del a\u00f1o 2017.<\/p>\n<p>La Fiscal\u00eda hace p\u00fablica esta informaci\u00f3n por razones de inter\u00e9s general.<\/p>\n<p>&nbsp;<\/p>\n<p>PAAM\/CFG\/AV<\/p>\n<p>&nbsp;<\/p>\n<p><em><span lang=\"ES\">La informaci\u00f3n contenida en este bolet\u00edn de prensa corresponde a la narraci\u00f3n de los hechos noticiosos objetivos, suministrados por los funcionarios encargados de adelantar las investigaciones penales al interior de la Fiscal\u00eda General de la Naci\u00f3n. Para el momento de la divulgaci\u00f3n de este comunicado, la situaci\u00f3n jur\u00eddica de la(s) persona(s) relacionada(s) se encuentra pendiente de resolver por la autoridad judicial competente, siempre bajo los preceptos de la presunci\u00f3n de inocencia, consagrados en el art\u00edculo 29 de la Constituci\u00f3n Pol\u00edtica y el art\u00edculo 7\u00ba de la Ley 906 de 2004.<\/span><\/em><\/p>\n\n<div class=\"twitter-share\"><a href=\"https:\/\/twitter.com\/intent\/tweet?via=fiscaliacol\" class=\"twitter-share-button\">Tweet<\/a><\/div>\n","protected":false},"excerpt":{"rendered":"<p>El Tribunal Superior de Ibagu\u00e9 confirm\u00f3 en segunda instancia la condena en contra de\u00a0una pareja\u00a0por los delitos de homicidio agravado y tortura agravada del que fue v\u00edctima su ahijada de 3 a\u00f1os\u00a0 en abril del a\u00f1o 2017. Las condenas en primera instancia fueron de\u00a039 a\u00f1os y 8 meses para la mujer y de 13 a\u00f1os [&hellip;]<\/p>\n","protected":false},"author":177,"featured_media":0,"comment_status":"closed","ping_status":"open","sticky":false,"template":"","format":"standard","meta":{"_price":"","_stock":"","_tribe_ticket_header":"","_tribe_default_ticket_provider":"","_tribe_ticket_capacity":"0","_ticket_start_date":"","_ticket_end_date":"","_tribe_ticket_show_description":"","_tribe_ticket_show_not_going":false,"_tribe_ticket_use_global_stock":"","_tribe_ticket_global_stock_level":"","_global_stock_mode":"","_global_stock_cap":"","_tribe_rsvp_for_event":"","_tribe_ticket_going_count":"","_tribe_ticket_not_going_count":"","_tribe_tickets_list":"[]","_tribe_ticket_has_attendee_info_fields":false,"tdm_status":"","tdm_grid_status":"","footnotes":""},"categories":[1,329,303,24099],"tags":[24185,24188,1047,686,30634,30635,30633,702,9707,28361,1176,26056],"class_list":{"0":"post-242010","1":"post","2":"type-post","3":"status-publish","4":"format-standard","6":"category-noticias","7":"category-seccional-ibague","8":"category-seccionales","9":"category-seguridad-territorial","10":"tag-fiscal-barbosa","11":"tag-fiscal-francisco-barbosa","12":"tag-fiscalia-general-de-la-nacion","13":"tag-homicidio-agravado","14":"tag-nina-de-3-anos","15":"tag-padrinos","16":"tag-sarita","17":"tag-segunda-instancia","18":"tag-tortura-agravada","19":"tag-tribunal-de-ibague","20":"tag-violencia-de-genero","21":"tag-violencia-fisica"},"yoast_head":"<!-- This site is optimized with the Yoast SEO plugin v24.3 - https:\/\/yoast.com\/wordpress\/plugins\/seo\/ -->\n<title>Fiscal\u00eda General de la Naci\u00f3n<\/title>\n<meta name=\"description\" content=\"P\u00e1gina oficial de la Fiscal\u00eda General de la Naci\u00f3n \u2013 Colombia. Garantizamos el acceso efectivo a la justicia, la verdad y la reparaci\u00f3n de las v\u00edctimas de los delitos.\" \/>\n<meta name=\"robots\" content=\"noindex, follow\" \/>\n<meta property=\"og:locale\" content=\"es_ES\" \/>\n<meta property=\"og:type\" content=\"article\" \/>\n<meta property=\"og:title\" content=\"Fiscal\u00eda General de la Naci\u00f3n\" \/>\n<meta property=\"og:description\" content=\"P\u00e1gina oficial de la Fiscal\u00eda General de la Naci\u00f3n \u2013 Colombia. Garantizamos el acceso efectivo a la justicia, la verdad y la reparaci\u00f3n de las v\u00edctimas de los delitos.\" \/>\n<meta property=\"og:url\" content=\"https:\/\/www.fiscalia.gov.co\/colombia\/noticias\/tribunal-superior-judicial-de-ibague-confirmo-condena-contra-padrinos-de-nina-de-3-anos-por-su-homicidio\/\" \/>\n<meta property=\"og:site_name\" content=\"Fiscal\u00eda General de la Naci\u00f3n\" \/>\n<meta property=\"article:publisher\" content=\"https:\/\/www.facebook.com\/FiscaliaCol\" \/>\n<meta property=\"article:published_time\" content=\"2022-02-24T22:59:43+00:00\" \/>\n<meta name=\"author\" content=\"Jordan Leandro Oviedo Anzola\" \/>\n<meta name=\"twitter:card\" content=\"summary_large_image\" \/>\n<meta name=\"twitter:creator\" content=\"@FiscaliaCol\" \/>\n<meta name=\"twitter:site\" content=\"@FiscaliaCol\" \/>\n<meta name=\"twitter:label1\" content=\"Escrito por\" \/>\n\t<meta name=\"twitter:data1\" content=\"Jordan Leandro Oviedo Anzola\" \/>\n\t<meta name=\"twitter:label2\" content=\"Tiempo de lectura\" \/>\n\t<meta name=\"twitter:data2\" content=\"3 minutos\" \/>\n<script type=\"application\/ld+json\" class=\"yoast-schema-graph\">{\"@context\":\"https:\/\/schema.org\",\"@graph\":[{\"@type\":\"Article\",\"@id\":\"https:\/\/www.fiscalia.gov.co\/colombia\/noticias\/tribunal-superior-judicial-de-ibague-confirmo-condena-contra-padrinos-de-nina-de-3-anos-por-su-homicidio\/#article\",\"isPartOf\":{\"@id\":\"https:\/\/www.fiscalia.gov.co\/colombia\/noticias\/tribunal-superior-judicial-de-ibague-confirmo-condena-contra-padrinos-de-nina-de-3-anos-por-su-homicidio\/\"},\"author\":{\"name\":\"Jordan Leandro Oviedo Anzola\",\"@id\":\"https:\/\/www.fiscalia.gov.co\/colombia\/#\/schema\/person\/bf84402cf293a5393e9c70b111020b24\"},\"headline\":\"Tribunal Superior Judicial de Ibagu\u00e9 confirm\u00f3 condena contra padrinos de ni\u00f1a de 3 a\u00f1os por su homicidio\",\"datePublished\":\"2022-02-24T22:59:43+00:00\",\"dateModified\":\"2022-02-24T22:59:43+00:00\",\"mainEntityOfPage\":{\"@id\":\"https:\/\/www.fiscalia.gov.co\/colombia\/noticias\/tribunal-superior-judicial-de-ibague-confirmo-condena-contra-padrinos-de-nina-de-3-anos-por-su-homicidio\/\"},\"wordCount\":582,\"publisher\":{\"@id\":\"https:\/\/www.fiscalia.gov.co\/colombia\/#organization\"},\"keywords\":[\"Fiscal Barbosa\",\"Fiscal Francisco Barbosa\",\"Fiscal\u00eda General de la Naci\u00f3n\",\"Homicidio agravado\",\"ni\u00f1a de 3 a\u00f1os\",\"padrinos\",\"Sarita\",\"Segunda instancia\",\"Tortura agravada\",\"Tribunal de Ibagu\u00e9\",\"Violencia de g\u00e9nero\",\"violencia f\u00edsica\"],\"articleSection\":[\"Noticias\",\"Seccional Ibagu\u00e9\",\"Seccionales\",\"Seguridad territorial\"],\"inLanguage\":\"es-CO\"},{\"@type\":\"WebPage\",\"@id\":\"https:\/\/www.fiscalia.gov.co\/colombia\/noticias\/tribunal-superior-judicial-de-ibague-confirmo-condena-contra-padrinos-de-nina-de-3-anos-por-su-homicidio\/\",\"url\":\"https:\/\/www.fiscalia.gov.co\/colombia\/noticias\/tribunal-superior-judicial-de-ibague-confirmo-condena-contra-padrinos-de-nina-de-3-anos-por-su-homicidio\/\",\"name\":\"Fiscal\u00eda General de la Naci\u00f3n\",\"isPartOf\":{\"@id\":\"https:\/\/www.fiscalia.gov.co\/colombia\/#website\"},\"datePublished\":\"2022-02-24T22:59:43+00:00\",\"dateModified\":\"2022-02-24T22:59:43+00:00\",\"description\":\"P\u00e1gina oficial de la Fiscal\u00eda General de la Naci\u00f3n \u2013 Colombia. Garantizamos el acceso efectivo a la justicia, la verdad y la reparaci\u00f3n de las v\u00edctimas de los delitos.\",\"breadcrumb\":{\"@id\":\"https:\/\/www.fiscalia.gov.co\/colombia\/noticias\/tribunal-superior-judicial-de-ibague-confirmo-condena-contra-padrinos-de-nina-de-3-anos-por-su-homicidio\/#breadcrumb\"},\"inLanguage\":\"es-CO\",\"potentialAction\":[{\"@type\":\"ReadAction\",\"target\":[\"https:\/\/www.fiscalia.gov.co\/colombia\/noticias\/tribunal-superior-judicial-de-ibague-confirmo-condena-contra-padrinos-de-nina-de-3-anos-por-su-homicidio\/\"]}]},{\"@type\":\"BreadcrumbList\",\"@id\":\"https:\/\/www.fiscalia.gov.co\/colombia\/noticias\/tribunal-superior-judicial-de-ibague-confirmo-condena-contra-padrinos-de-nina-de-3-anos-por-su-homicidio\/#breadcrumb\",\"itemListElement\":[{\"@type\":\"ListItem\",\"position\":1,\"name\":\"Home\",\"item\":\"https:\/\/www.fiscalia.gov.co\/colombia\/\"},{\"@type\":\"ListItem\",\"position\":2,\"name\":\"Tribunal Superior Judicial de Ibagu\u00e9 confirm\u00f3 condena contra padrinos de ni\u00f1a de 3 a\u00f1os por su homicidio\"}]},{\"@type\":\"WebSite\",\"@id\":\"https:\/\/www.fiscalia.gov.co\/colombia\/#website\",\"url\":\"https:\/\/www.fiscalia.gov.co\/colombia\/\",\"name\":\"Fiscal\u00eda General de la Naci\u00f3n\",\"description\":\"P\u00e1gina oficial de la Fiscal\u00eda General de la Naci\u00f3n \u2013 Colombia. Garantizamos el acceso efectivo a la justicia, la verdad y la reparaci\u00f3n de las v\u00edctimas de los delitos.\",\"publisher\":{\"@id\":\"https:\/\/www.fiscalia.gov.co\/colombia\/#organization\"},\"potentialAction\":[{\"@type\":\"SearchAction\",\"target\":{\"@type\":\"EntryPoint\",\"urlTemplate\":\"https:\/\/www.fiscalia.gov.co\/colombia\/?s={search_term_string}\"},\"query-input\":{\"@type\":\"PropertyValueSpecification\",\"valueRequired\":true,\"valueName\":\"search_term_string\"}}],\"inLanguage\":\"es-CO\"},{\"@type\":\"Organization\",\"@id\":\"https:\/\/www.fiscalia.gov.co\/colombia\/#organization\",\"name\":\"Fiscal\u00eda General de la Naci\u00f3n\",\"url\":\"https:\/\/www.fiscalia.gov.co\/colombia\/\",\"logo\":{\"@type\":\"ImageObject\",\"inLanguage\":\"es-CO\",\"@id\":\"https:\/\/www.fiscalia.gov.co\/colombia\/#\/schema\/logo\/image\/\",\"url\":\"https:\/\/www.fiscalia.gov.co\/colombia\/wp-content\/uploads\/LogoHorizontal_1.jpg\",\"contentUrl\":\"https:\/\/www.fiscalia.gov.co\/colombia\/wp-content\/uploads\/LogoHorizontal_1.jpg\",\"width\":300,\"height\":90,\"caption\":\"Fiscal\u00eda General de la Naci\u00f3n\"},\"image\":{\"@id\":\"https:\/\/www.fiscalia.gov.co\/colombia\/#\/schema\/logo\/image\/\"},\"sameAs\":[\"https:\/\/www.facebook.com\/FiscaliaCol\",\"https:\/\/x.com\/FiscaliaCol\",\"https:\/\/www.instagram.com\/fiscaliacol\",\"https:\/\/www.linkedin.com\/company\/fiscalia-general-de-la-naci-n\/\",\"https:\/\/youtube.com\/@fiscaliageneraldelanacion-4668?si=6nN79nyQICPU5iTh\"]},{\"@type\":\"Person\",\"@id\":\"https:\/\/www.fiscalia.gov.co\/colombia\/#\/schema\/person\/bf84402cf293a5393e9c70b111020b24\",\"name\":\"Jordan Leandro Oviedo Anzola\",\"image\":{\"@type\":\"ImageObject\",\"inLanguage\":\"es-CO\",\"@id\":\"https:\/\/www.fiscalia.gov.co\/colombia\/#\/schema\/person\/image\/\",\"url\":\"https:\/\/secure.gravatar.com\/avatar\/dabba4346fa9b9207d96adafa8f92721?s=96&d=mm&r=g\",\"contentUrl\":\"https:\/\/secure.gravatar.com\/avatar\/dabba4346fa9b9207d96adafa8f92721?s=96&d=mm&r=g\",\"caption\":\"Jordan Leandro Oviedo Anzola\"},\"url\":\"https:\/\/www.fiscalia.gov.co\/colombia\/author\/joviedo\/\"}]}<\/script>\n<!-- \/ Yoast SEO plugin. -->","yoast_head_json":{"title":"Fiscal\u00eda General de la Naci\u00f3n","description":"P\u00e1gina oficial de la Fiscal\u00eda General de la Naci\u00f3n \u2013 Colombia. Garantizamos el acceso efectivo a la justicia, la verdad y la reparaci\u00f3n de las v\u00edctimas de los delitos.","robots":{"index":"noindex","follow":"follow"},"og_locale":"es_ES","og_type":"article","og_title":"Fiscal\u00eda General de la Naci\u00f3n","og_description":"P\u00e1gina oficial de la Fiscal\u00eda General de la Naci\u00f3n \u2013 Colombia. Garantizamos el acceso efectivo a la justicia, la verdad y la reparaci\u00f3n de las v\u00edctimas de los delitos.","og_url":"https:\/\/www.fiscalia.gov.co\/colombia\/noticias\/tribunal-superior-judicial-de-ibague-confirmo-condena-contra-padrinos-de-nina-de-3-anos-por-su-homicidio\/","og_site_name":"Fiscal\u00eda General de la Naci\u00f3n","article_publisher":"https:\/\/www.facebook.com\/FiscaliaCol","article_published_time":"2022-02-24T22:59:43+00:00","author":"Jordan Leandro Oviedo Anzola","twitter_card":"summary_large_image","twitter_creator":"@FiscaliaCol","twitter_site":"@FiscaliaCol","twitter_misc":{"Escrito por":"Jordan Leandro Oviedo Anzola","Tiempo de lectura":"3 minutos"},"schema":{"@context":"https:\/\/schema.org","@graph":[{"@type":"Article","@id":"https:\/\/www.fiscalia.gov.co\/colombia\/noticias\/tribunal-superior-judicial-de-ibague-confirmo-condena-contra-padrinos-de-nina-de-3-anos-por-su-homicidio\/#article","isPartOf":{"@id":"https:\/\/www.fiscalia.gov.co\/colombia\/noticias\/tribunal-superior-judicial-de-ibague-confirmo-condena-contra-padrinos-de-nina-de-3-anos-por-su-homicidio\/"},"author":{"name":"Jordan Leandro Oviedo Anzola","@id":"https:\/\/www.fiscalia.gov.co\/colombia\/#\/schema\/person\/bf84402cf293a5393e9c70b111020b24"},"headline":"Tribunal Superior Judicial de Ibagu\u00e9 confirm\u00f3 condena contra padrinos de ni\u00f1a de 3 a\u00f1os por su homicidio","datePublished":"2022-02-24T22:59:43+00:00","dateModified":"2022-02-24T22:59:43+00:00","mainEntityOfPage":{"@id":"https:\/\/www.fiscalia.gov.co\/colombia\/noticias\/tribunal-superior-judicial-de-ibague-confirmo-condena-contra-padrinos-de-nina-de-3-anos-por-su-homicidio\/"},"wordCount":582,"publisher":{"@id":"https:\/\/www.fiscalia.gov.co\/colombia\/#organization"},"keywords":["Fiscal Barbosa","Fiscal Francisco Barbosa","Fiscal\u00eda General de la Naci\u00f3n","Homicidio agravado","ni\u00f1a de 3 a\u00f1os","padrinos","Sarita","Segunda instancia","Tortura agravada","Tribunal de Ibagu\u00e9","Violencia de g\u00e9nero","violencia f\u00edsica"],"articleSection":["Noticias","Seccional Ibagu\u00e9","Seccionales","Seguridad territorial"],"inLanguage":"es-CO"},{"@type":"WebPage","@id":"https:\/\/www.fiscalia.gov.co\/colombia\/noticias\/tribunal-superior-judicial-de-ibague-confirmo-condena-contra-padrinos-de-nina-de-3-anos-por-su-homicidio\/","url":"https:\/\/www.fiscalia.gov.co\/colombia\/noticias\/tribunal-superior-judicial-de-ibague-confirmo-condena-contra-padrinos-de-nina-de-3-anos-por-su-homicidio\/","name":"Fiscal\u00eda General de la Naci\u00f3n","isPartOf":{"@id":"https:\/\/www.fiscalia.gov.co\/colombia\/#website"},"datePublished":"2022-02-24T22:59:43+00:00","dateModified":"2022-02-24T22:59:43+00:00","description":"P\u00e1gina oficial de la Fiscal\u00eda General de la Naci\u00f3n \u2013 Colombia. Garantizamos el acceso efectivo a la justicia, la verdad y la reparaci\u00f3n de las v\u00edctimas de los delitos.","breadcrumb":{"@id":"https:\/\/www.fiscalia.gov.co\/colombia\/noticias\/tribunal-superior-judicial-de-ibague-confirmo-condena-contra-padrinos-de-nina-de-3-anos-por-su-homicidio\/#breadcrumb"},"inLanguage":"es-CO","potentialAction":[{"@type":"ReadAction","target":["https:\/\/www.fiscalia.gov.co\/colombia\/noticias\/tribunal-superior-judicial-de-ibague-confirmo-condena-contra-padrinos-de-nina-de-3-anos-por-su-homicidio\/"]}]},{"@type":"BreadcrumbList","@id":"https:\/\/www.fiscalia.gov.co\/colombia\/noticias\/tribunal-superior-judicial-de-ibague-confirmo-condena-contra-padrinos-de-nina-de-3-anos-por-su-homicidio\/#breadcrumb","itemListElement":[{"@type":"ListItem","position":1,"name":"Home","item":"https:\/\/www.fiscalia.gov.co\/colombia\/"},{"@type":"ListItem","position":2,"name":"Tribunal Superior Judicial de Ibagu\u00e9 confirm\u00f3 condena contra padrinos de ni\u00f1a de 3 a\u00f1os por su homicidio"}]},{"@type":"WebSite","@id":"https:\/\/www.fiscalia.gov.co\/colombia\/#website","url":"https:\/\/www.fiscalia.gov.co\/colombia\/","name":"Fiscal\u00eda General de la Naci\u00f3n","description":"P\u00e1gina oficial de la Fiscal\u00eda General de la Naci\u00f3n \u2013 Colombia. Garantizamos el acceso efectivo a la justicia, la verdad y la reparaci\u00f3n de las v\u00edctimas de los delitos.","publisher":{"@id":"https:\/\/www.fiscalia.gov.co\/colombia\/#organization"},"potentialAction":[{"@type":"SearchAction","target":{"@type":"EntryPoint","urlTemplate":"https:\/\/www.fiscalia.gov.co\/colombia\/?s={search_term_string}"},"query-input":{"@type":"PropertyValueSpecification","valueRequired":true,"valueName":"search_term_string"}}],"inLanguage":"es-CO"},{"@type":"Organization","@id":"https:\/\/www.fiscalia.gov.co\/colombia\/#organization","name":"Fiscal\u00eda General de la Naci\u00f3n","url":"https:\/\/www.fiscalia.gov.co\/colombia\/","logo":{"@type":"ImageObject","inLanguage":"es-CO","@id":"https:\/\/www.fiscalia.gov.co\/colombia\/#\/schema\/logo\/image\/","url":"https:\/\/www.fiscalia.gov.co\/colombia\/wp-content\/uploads\/LogoHorizontal_1.jpg","contentUrl":"https:\/\/www.fiscalia.gov.co\/colombia\/wp-content\/uploads\/LogoHorizontal_1.jpg","width":300,"height":90,"caption":"Fiscal\u00eda General de la Naci\u00f3n"},"image":{"@id":"https:\/\/www.fiscalia.gov.co\/colombia\/#\/schema\/logo\/image\/"},"sameAs":["https:\/\/www.facebook.com\/FiscaliaCol","https:\/\/x.com\/FiscaliaCol","https:\/\/www.instagram.com\/fiscaliacol","https:\/\/www.linkedin.com\/company\/fiscalia-general-de-la-naci-n\/","https:\/\/youtube.com\/@fiscaliageneraldelanacion-4668?si=6nN79nyQICPU5iTh"]},{"@type":"Person","@id":"https:\/\/www.fiscalia.gov.co\/colombia\/#\/schema\/person\/bf84402cf293a5393e9c70b111020b24","name":"Jordan Leandro Oviedo Anzola","image":{"@type":"ImageObject","inLanguage":"es-CO","@id":"https:\/\/www.fiscalia.gov.co\/colombia\/#\/schema\/person\/image\/","url":"https:\/\/secure.gravatar.com\/avatar\/dabba4346fa9b9207d96adafa8f92721?s=96&d=mm&r=g","contentUrl":"https:\/\/secure.gravatar.com\/avatar\/dabba4346fa9b9207d96adafa8f92721?s=96&d=mm&r=g","caption":"Jordan Leandro Oviedo Anzola"},"url":"https:\/\/www.fiscalia.gov.co\/colombia\/author\/joviedo\/"}]}},"_links":{"self":[{"href":"https:\/\/www.fiscalia.gov.co\/colombia\/wp-json\/wp\/v2\/posts\/242010","targetHints":{"allow":["GET"]}}],"collection":[{"href":"https:\/\/www.fiscalia.gov.co\/colombia\/wp-json\/wp\/v2\/posts"}],"about":[{"href":"https:\/\/www.fiscalia.gov.co\/colombia\/wp-json\/wp\/v2\/types\/post"}],"author":[{"embeddable":true,"href":"https:\/\/www.fiscalia.gov.co\/colombia\/wp-json\/wp\/v2\/users\/177"}],"replies":[{"embeddable":true,"href":"https:\/\/www.fiscalia.gov.co\/colombia\/wp-json\/wp\/v2\/comments?post=242010"}],"version-history":[{"count":1,"href":"https:\/\/www.fiscalia.gov.co\/colombia\/wp-json\/wp\/v2\/posts\/242010\/revisions"}],"predecessor-version":[{"id":242011,"href":"https:\/\/www.fiscalia.gov.co\/colombia\/wp-json\/wp\/v2\/posts\/242010\/revisions\/242011"}],"wp:attachment":[{"href":"https:\/\/www.fiscalia.gov.co\/colombia\/wp-json\/wp\/v2\/media?parent=242010"}],"wp:term":[{"taxonomy":"category","embeddable":true,"href":"https:\/\/www.fiscalia.gov.co\/colombia\/wp-json\/wp\/v2\/categories?post=242010"},{"taxonomy":"post_tag","embeddable":true,"href":"https:\/\/www.fiscalia.gov.co\/colombia\/wp-json\/wp\/v2\/tags?post=242010"}],"curies":[{"name":"wp","href":"https:\/\/api.w.org\/{rel}","templated":true}]}}