{"id":241926,"date":"2022-02-24T09:50:46","date_gmt":"2022-02-24T14:50:46","guid":{"rendered":"https:\/\/www.fiscalia.gov.co\/colombia\/?p=241926"},"modified":"2022-02-24T09:50:46","modified_gmt":"2022-02-24T14:50:46","slug":"a-la-carcel-dos-presuntos-integrantes-del-grupo-armado-organizado-residual-e-33-con-injerencia-en-la-zona-del-catatumbo-norte-de-santander","status":"publish","type":"post","link":"https:\/\/www.fiscalia.gov.co\/colombia\/noticias\/a-la-carcel-dos-presuntos-integrantes-del-grupo-armado-organizado-residual-e-33-con-injerencia-en-la-zona-del-catatumbo-norte-de-santander\/","title":{"rendered":"A la c\u00e1rcel dos presuntos integrantes del grupo armado organizado residual E-33, con injerencia en la zona del Catatumbo (Norte de Santander)"},"content":{"rendered":"<p>Acogiendo los argumentos de la Fiscal\u00eda, un juez con funciones de control de garant\u00edas cobijo con detenci\u00f3n intramuros a Dairo Barbosa Torres y \u00d3smar David Montiel Bravo, por su presunta responsabilidad en el delito de\u00a0<a href=\"https:\/\/www.fiscalia.gov.co\/colombia\/noticias\/judicializada-presunta-integrante-de-las-disidencias-de-las-farc-por-trafico-de-armas\/\" target=\"_blank\" rel=\"noopener noreferrer\" data-saferedirecturl=\"https:\/\/www.google.com\/url?q=https:\/\/www.fiscalia.gov.co\/colombia\/noticias\/judicializada-presunta-integrante-de-las-disidencias-de-las-farc-por-trafico-de-armas\/&amp;source=gmail&amp;ust=1645799139936000&amp;usg=AOvVaw26xYK5C2y2vk7IE3LLyPtP\">fabricaci\u00f3n<\/a>, tr\u00e1fico y porte de armas de fuego, partes, munici\u00f3n y\/o accesorios.<\/p>\n<p><span lang=\"ES\">Los hombres fueron capturados en flagrancia este 20 de febrero en la vereda La Cuatro, jurisdicci\u00f3n del municipio de Tib\u00fa (Norte de Santander), en un trabajo articulado entre servidores del CTI C\u00facuta, Sijin y Ej\u00e9rcito Nacional y a quienes les\u00a0<a href=\"https:\/\/www.fiscalia.gov.co\/colombia\/noticias\/medida-aseguramiento-para-hombre-investigado-por-trafico-de-armas-y-otras-conductas-delictivas\/\" target=\"_blank\" rel=\"noopener noreferrer\" data-saferedirecturl=\"https:\/\/www.google.com\/url?q=https:\/\/www.fiscalia.gov.co\/colombia\/noticias\/medida-aseguramiento-para-hombre-investigado-por-trafico-de-armas-y-otras-conductas-delictivas\/&amp;source=gmail&amp;ust=1645799139936000&amp;usg=AOvVaw0RsCCPbbExHJZWfl7XbY36\">incautaron<\/a>\u00a0un arma de fuego, 14 cartuchos calibre 9 mm, un proveedor y dos motocicletas con fines de investigaci\u00f3n.<\/span><\/p>\n<p><span lang=\"ES\">De acuerdo con informaci\u00f3n suministrada por la comunidad, los investigados al parecer ten\u00edan como prop\u00f3sito el secuestro de un soldado del Batall\u00f3n de Tib\u00fa (Norte de Santander)<\/span>, el cual mediante enga\u00f1o al presuntamente iba a ser retenido de forma ilegal para hurtar su armamento y luego asesinarlo.<\/p>\n<p>As\u00ed mismo, ser\u00edan integrantes del\u00a0<u><\/u><u><\/u>grupo armado organizado residual E-33, con injerencia en la zona del Catatumbo (Norte de Santander)<\/p>\n<p>En audiencias preliminares los investigados\u00a0<a href=\"https:\/\/www.fiscalia.gov.co\/colombia\/noticias\/asegurada-pareja-que-se-movilizaba-con-armas-de-fuego-por-una-via-de-norte-de-santander\/\" target=\"_blank\" rel=\"noopener noreferrer\" data-saferedirecturl=\"https:\/\/www.google.com\/url?q=https:\/\/www.fiscalia.gov.co\/colombia\/noticias\/asegurada-pareja-que-se-movilizaba-con-armas-de-fuego-por-una-via-de-norte-de-santander\/&amp;source=gmail&amp;ust=1645799139936000&amp;usg=AOvVaw0TFfOLez3gt1QbjSOCCpAe\">no aceptaron<\/a>\u00a0los cargos formulados por la Fiscal\u00eca y fueron enviados a establecimiento carcelario de este departamento.<\/p>\n<p><strong>La Fiscal\u00eda habla con resultados.<\/strong><\/p>\n<p>&nbsp;<\/p>\n<p>MPHA\/CFG\/DATO<\/p>\n<p>&nbsp;<\/p>\n<p><i><span lang=\"ES\">La informaci\u00f3n contenida en este bolet\u00edn de prensa corresponde a la narraci\u00f3n de los hechos noticiosos objetivos, suministrados por los funcionarios encargados de adelantar las investigaciones penales al interior de la Fiscal\u00eda General de la Naci\u00f3n. Para el momento de la divulgaci\u00f3n de este comunicado, la situaci\u00f3n jur\u00eddica de la(s) persona(s) relacionada(s) se encuentra pendiente de resolver por la autoridad\u00a0judicial competente, siempre bajo los preceptos de la presunci\u00f3n de inocencia, consagrados en el art\u00edculo 29 de la Constituci\u00f3n Pol\u00edtica y el art\u00edculo 7\u00ba de la Ley 906 de 2004.<\/span><\/i><\/p>\n\n<div class=\"twitter-share\"><a href=\"https:\/\/twitter.com\/intent\/tweet?via=fiscaliacol\" class=\"twitter-share-button\">Tweet<\/a><\/div>\n","protected":false},"excerpt":{"rendered":"<p>Acogiendo los argumentos de la Fiscal\u00eda, un juez con funciones de control de garant\u00edas cobijo con detenci\u00f3n intramuros a Dairo Barbosa Torres y \u00d3smar David Montiel Bravo, por su presunta [&hellip;]<\/p>\n","protected":false},"author":177,"featured_media":0,"comment_status":"closed","ping_status":"open","sticky":false,"template":"","format":"standard","meta":{"tdm_status":"","tdm_grid_status":"","footnotes":""},"categories":[1,326,303,24099],"tags":[14550,4284,24185,24188,4614,1047,30614],"class_list":["post-241926","post","type-post","status-publish","format-standard","category-noticias","category-seccional-cucuta","category-seccionales","category-seguridad-territorial","tag-carcel","tag-catatumbo","tag-fiscal-barbosa","tag-fiscal-francisco-barbosa","tag-fiscalia-2","tag-fiscalia-general-de-la-nacion","tag-orden-publico-gaor"],"yoast_head":"<!-- This site is optimized with the Yoast SEO plugin v24.3 - https:\/\/yoast.com\/wordpress\/plugins\/seo\/ -->\n<title>Fiscal\u00eda General de la Naci\u00f3n<\/title>\n<meta name=\"description\" content=\"P\u00e1gina oficial de la Fiscal\u00eda General de la Naci\u00f3n \u2013 Colombia. Garantizamos el acceso efectivo a la justicia, la verdad y la reparaci\u00f3n de las v\u00edctimas de los delitos.\" \/>\n<meta name=\"robots\" content=\"noindex, follow\" \/>\n<meta property=\"og:locale\" content=\"es_ES\" \/>\n<meta property=\"og:type\" content=\"article\" \/>\n<meta property=\"og:title\" content=\"Fiscal\u00eda General de la Naci\u00f3n\" \/>\n<meta property=\"og:description\" content=\"P\u00e1gina oficial de la Fiscal\u00eda General de la Naci\u00f3n \u2013 Colombia. Garantizamos el acceso efectivo a la justicia, la verdad y la reparaci\u00f3n de las v\u00edctimas de los delitos.\" \/>\n<meta property=\"og:url\" content=\"https:\/\/www.fiscalia.gov.co\/colombia\/noticias\/a-la-carcel-dos-presuntos-integrantes-del-grupo-armado-organizado-residual-e-33-con-injerencia-en-la-zona-del-catatumbo-norte-de-santander\/\" \/>\n<meta property=\"og:site_name\" content=\"Fiscal\u00eda General de la Naci\u00f3n\" \/>\n<meta property=\"article:publisher\" content=\"https:\/\/www.facebook.com\/FiscaliaCol\" \/>\n<meta property=\"article:published_time\" content=\"2022-02-24T14:50:46+00:00\" \/>\n<meta name=\"author\" content=\"Jordan Leandro Oviedo Anzola\" \/>\n<meta name=\"twitter:card\" content=\"summary_large_image\" \/>\n<meta name=\"twitter:creator\" content=\"@FiscaliaCol\" \/>\n<meta name=\"twitter:site\" content=\"@FiscaliaCol\" \/>\n<meta name=\"twitter:label1\" content=\"Escrito por\" \/>\n\t<meta name=\"twitter:data1\" content=\"Jordan Leandro Oviedo Anzola\" \/>\n\t<meta name=\"twitter:label2\" content=\"Tiempo de lectura\" \/>\n\t<meta name=\"twitter:data2\" content=\"2 minutos\" \/>\n<script type=\"application\/ld+json\" class=\"yoast-schema-graph\">{\"@context\":\"https:\/\/schema.org\",\"@graph\":[{\"@type\":\"Article\",\"@id\":\"https:\/\/www.fiscalia.gov.co\/colombia\/noticias\/a-la-carcel-dos-presuntos-integrantes-del-grupo-armado-organizado-residual-e-33-con-injerencia-en-la-zona-del-catatumbo-norte-de-santander\/#article\",\"isPartOf\":{\"@id\":\"https:\/\/www.fiscalia.gov.co\/colombia\/noticias\/a-la-carcel-dos-presuntos-integrantes-del-grupo-armado-organizado-residual-e-33-con-injerencia-en-la-zona-del-catatumbo-norte-de-santander\/\"},\"author\":{\"name\":\"Jordan Leandro Oviedo Anzola\",\"@id\":\"https:\/\/www.fiscalia.gov.co\/colombia\/#\/schema\/person\/bf84402cf293a5393e9c70b111020b24\"},\"headline\":\"A la c\u00e1rcel dos presuntos integrantes del grupo armado organizado residual E-33, con injerencia en la zona del Catatumbo (Norte de Santander)\",\"datePublished\":\"2022-02-24T14:50:46+00:00\",\"dateModified\":\"2022-02-24T14:50:46+00:00\",\"mainEntityOfPage\":{\"@id\":\"https:\/\/www.fiscalia.gov.co\/colombia\/noticias\/a-la-carcel-dos-presuntos-integrantes-del-grupo-armado-organizado-residual-e-33-con-injerencia-en-la-zona-del-catatumbo-norte-de-santander\/\"},\"wordCount\":346,\"publisher\":{\"@id\":\"https:\/\/www.fiscalia.gov.co\/colombia\/#organization\"},\"keywords\":[\"C\u00e1rcel\",\"Catatumbo\",\"Fiscal Barbosa\",\"Fiscal Francisco Barbosa\",\"Fiscal\u00eda\",\"Fiscal\u00eda General de la Naci\u00f3n\",\"Orden p\u00fablico. GAOR\"],\"articleSection\":[\"Noticias\",\"Seccional C\u00facuta\",\"Seccionales\",\"Seguridad territorial\"],\"inLanguage\":\"es-CO\"},{\"@type\":\"WebPage\",\"@id\":\"https:\/\/www.fiscalia.gov.co\/colombia\/noticias\/a-la-carcel-dos-presuntos-integrantes-del-grupo-armado-organizado-residual-e-33-con-injerencia-en-la-zona-del-catatumbo-norte-de-santander\/\",\"url\":\"https:\/\/www.fiscalia.gov.co\/colombia\/noticias\/a-la-carcel-dos-presuntos-integrantes-del-grupo-armado-organizado-residual-e-33-con-injerencia-en-la-zona-del-catatumbo-norte-de-santander\/\",\"name\":\"Fiscal\u00eda General de la Naci\u00f3n\",\"isPartOf\":{\"@id\":\"https:\/\/www.fiscalia.gov.co\/colombia\/#website\"},\"datePublished\":\"2022-02-24T14:50:46+00:00\",\"dateModified\":\"2022-02-24T14:50:46+00:00\",\"description\":\"P\u00e1gina oficial de la Fiscal\u00eda General de la Naci\u00f3n \u2013 Colombia. Garantizamos el acceso efectivo a la justicia, la verdad y la reparaci\u00f3n de las v\u00edctimas de los delitos.\",\"breadcrumb\":{\"@id\":\"https:\/\/www.fiscalia.gov.co\/colombia\/noticias\/a-la-carcel-dos-presuntos-integrantes-del-grupo-armado-organizado-residual-e-33-con-injerencia-en-la-zona-del-catatumbo-norte-de-santander\/#breadcrumb\"},\"inLanguage\":\"es-CO\",\"potentialAction\":[{\"@type\":\"ReadAction\",\"target\":[\"https:\/\/www.fiscalia.gov.co\/colombia\/noticias\/a-la-carcel-dos-presuntos-integrantes-del-grupo-armado-organizado-residual-e-33-con-injerencia-en-la-zona-del-catatumbo-norte-de-santander\/\"]}]},{\"@type\":\"BreadcrumbList\",\"@id\":\"https:\/\/www.fiscalia.gov.co\/colombia\/noticias\/a-la-carcel-dos-presuntos-integrantes-del-grupo-armado-organizado-residual-e-33-con-injerencia-en-la-zona-del-catatumbo-norte-de-santander\/#breadcrumb\",\"itemListElement\":[{\"@type\":\"ListItem\",\"position\":1,\"name\":\"Home\",\"item\":\"https:\/\/www.fiscalia.gov.co\/colombia\/\"},{\"@type\":\"ListItem\",\"position\":2,\"name\":\"A la c\u00e1rcel dos presuntos integrantes del grupo armado organizado residual E-33, con injerencia en la zona del Catatumbo (Norte de Santander)\"}]},{\"@type\":\"WebSite\",\"@id\":\"https:\/\/www.fiscalia.gov.co\/colombia\/#website\",\"url\":\"https:\/\/www.fiscalia.gov.co\/colombia\/\",\"name\":\"Fiscal\u00eda General de la Naci\u00f3n\",\"description\":\"P\u00e1gina oficial de la Fiscal\u00eda General de la Naci\u00f3n \u2013 Colombia. Garantizamos el acceso efectivo a la justicia, la verdad y la reparaci\u00f3n de las v\u00edctimas de los delitos.\",\"publisher\":{\"@id\":\"https:\/\/www.fiscalia.gov.co\/colombia\/#organization\"},\"potentialAction\":[{\"@type\":\"SearchAction\",\"target\":{\"@type\":\"EntryPoint\",\"urlTemplate\":\"https:\/\/www.fiscalia.gov.co\/colombia\/?s={search_term_string}\"},\"query-input\":{\"@type\":\"PropertyValueSpecification\",\"valueRequired\":true,\"valueName\":\"search_term_string\"}}],\"inLanguage\":\"es-CO\"},{\"@type\":\"Organization\",\"@id\":\"https:\/\/www.fiscalia.gov.co\/colombia\/#organization\",\"name\":\"Fiscal\u00eda General de la Naci\u00f3n\",\"url\":\"https:\/\/www.fiscalia.gov.co\/colombia\/\",\"logo\":{\"@type\":\"ImageObject\",\"inLanguage\":\"es-CO\",\"@id\":\"https:\/\/www.fiscalia.gov.co\/colombia\/#\/schema\/logo\/image\/\",\"url\":\"https:\/\/www.fiscalia.gov.co\/colombia\/wp-content\/uploads\/LogoHorizontal_1.jpg\",\"contentUrl\":\"https:\/\/www.fiscalia.gov.co\/colombia\/wp-content\/uploads\/LogoHorizontal_1.jpg\",\"width\":300,\"height\":90,\"caption\":\"Fiscal\u00eda General de la Naci\u00f3n\"},\"image\":{\"@id\":\"https:\/\/www.fiscalia.gov.co\/colombia\/#\/schema\/logo\/image\/\"},\"sameAs\":[\"https:\/\/www.facebook.com\/FiscaliaCol\",\"https:\/\/x.com\/FiscaliaCol\",\"https:\/\/www.instagram.com\/fiscaliacol\",\"https:\/\/www.linkedin.com\/company\/fiscalia-general-de-la-naci-n\/\",\"https:\/\/youtube.com\/@fiscaliageneraldelanacion-4668?si=6nN79nyQICPU5iTh\"]},{\"@type\":\"Person\",\"@id\":\"https:\/\/www.fiscalia.gov.co\/colombia\/#\/schema\/person\/bf84402cf293a5393e9c70b111020b24\",\"name\":\"Jordan Leandro Oviedo Anzola\",\"image\":{\"@type\":\"ImageObject\",\"inLanguage\":\"es-CO\",\"@id\":\"https:\/\/www.fiscalia.gov.co\/colombia\/#\/schema\/person\/image\/\",\"url\":\"https:\/\/secure.gravatar.com\/avatar\/dabba4346fa9b9207d96adafa8f92721?s=96&d=mm&r=g\",\"contentUrl\":\"https:\/\/secure.gravatar.com\/avatar\/dabba4346fa9b9207d96adafa8f92721?s=96&d=mm&r=g\",\"caption\":\"Jordan Leandro Oviedo Anzola\"},\"url\":\"https:\/\/www.fiscalia.gov.co\/colombia\/author\/joviedo\/\"}]}<\/script>\n<!-- \/ Yoast SEO plugin. -->","yoast_head_json":{"title":"Fiscal\u00eda General de la Naci\u00f3n","description":"P\u00e1gina oficial de la Fiscal\u00eda General de la Naci\u00f3n \u2013 Colombia. Garantizamos el acceso efectivo a la justicia, la verdad y la reparaci\u00f3n de las v\u00edctimas de los delitos.","robots":{"index":"noindex","follow":"follow"},"og_locale":"es_ES","og_type":"article","og_title":"Fiscal\u00eda General de la Naci\u00f3n","og_description":"P\u00e1gina oficial de la Fiscal\u00eda General de la Naci\u00f3n \u2013 Colombia. Garantizamos el acceso efectivo a la justicia, la verdad y la reparaci\u00f3n de las v\u00edctimas de los delitos.","og_url":"https:\/\/www.fiscalia.gov.co\/colombia\/noticias\/a-la-carcel-dos-presuntos-integrantes-del-grupo-armado-organizado-residual-e-33-con-injerencia-en-la-zona-del-catatumbo-norte-de-santander\/","og_site_name":"Fiscal\u00eda General de la Naci\u00f3n","article_publisher":"https:\/\/www.facebook.com\/FiscaliaCol","article_published_time":"2022-02-24T14:50:46+00:00","author":"Jordan Leandro Oviedo Anzola","twitter_card":"summary_large_image","twitter_creator":"@FiscaliaCol","twitter_site":"@FiscaliaCol","twitter_misc":{"Escrito por":"Jordan Leandro Oviedo Anzola","Tiempo de lectura":"2 minutos"},"schema":{"@context":"https:\/\/schema.org","@graph":[{"@type":"Article","@id":"https:\/\/www.fiscalia.gov.co\/colombia\/noticias\/a-la-carcel-dos-presuntos-integrantes-del-grupo-armado-organizado-residual-e-33-con-injerencia-en-la-zona-del-catatumbo-norte-de-santander\/#article","isPartOf":{"@id":"https:\/\/www.fiscalia.gov.co\/colombia\/noticias\/a-la-carcel-dos-presuntos-integrantes-del-grupo-armado-organizado-residual-e-33-con-injerencia-en-la-zona-del-catatumbo-norte-de-santander\/"},"author":{"name":"Jordan Leandro Oviedo Anzola","@id":"https:\/\/www.fiscalia.gov.co\/colombia\/#\/schema\/person\/bf84402cf293a5393e9c70b111020b24"},"headline":"A la c\u00e1rcel dos presuntos integrantes del grupo armado organizado residual E-33, con injerencia en la zona del Catatumbo (Norte de Santander)","datePublished":"2022-02-24T14:50:46+00:00","dateModified":"2022-02-24T14:50:46+00:00","mainEntityOfPage":{"@id":"https:\/\/www.fiscalia.gov.co\/colombia\/noticias\/a-la-carcel-dos-presuntos-integrantes-del-grupo-armado-organizado-residual-e-33-con-injerencia-en-la-zona-del-catatumbo-norte-de-santander\/"},"wordCount":346,"publisher":{"@id":"https:\/\/www.fiscalia.gov.co\/colombia\/#organization"},"keywords":["C\u00e1rcel","Catatumbo","Fiscal Barbosa","Fiscal Francisco Barbosa","Fiscal\u00eda","Fiscal\u00eda General de la Naci\u00f3n","Orden p\u00fablico. GAOR"],"articleSection":["Noticias","Seccional C\u00facuta","Seccionales","Seguridad territorial"],"inLanguage":"es-CO"},{"@type":"WebPage","@id":"https:\/\/www.fiscalia.gov.co\/colombia\/noticias\/a-la-carcel-dos-presuntos-integrantes-del-grupo-armado-organizado-residual-e-33-con-injerencia-en-la-zona-del-catatumbo-norte-de-santander\/","url":"https:\/\/www.fiscalia.gov.co\/colombia\/noticias\/a-la-carcel-dos-presuntos-integrantes-del-grupo-armado-organizado-residual-e-33-con-injerencia-en-la-zona-del-catatumbo-norte-de-santander\/","name":"Fiscal\u00eda General de la Naci\u00f3n","isPartOf":{"@id":"https:\/\/www.fiscalia.gov.co\/colombia\/#website"},"datePublished":"2022-02-24T14:50:46+00:00","dateModified":"2022-02-24T14:50:46+00:00","description":"P\u00e1gina oficial de la Fiscal\u00eda General de la Naci\u00f3n \u2013 Colombia. Garantizamos el acceso efectivo a la justicia, la verdad y la reparaci\u00f3n de las v\u00edctimas de los delitos.","breadcrumb":{"@id":"https:\/\/www.fiscalia.gov.co\/colombia\/noticias\/a-la-carcel-dos-presuntos-integrantes-del-grupo-armado-organizado-residual-e-33-con-injerencia-en-la-zona-del-catatumbo-norte-de-santander\/#breadcrumb"},"inLanguage":"es-CO","potentialAction":[{"@type":"ReadAction","target":["https:\/\/www.fiscalia.gov.co\/colombia\/noticias\/a-la-carcel-dos-presuntos-integrantes-del-grupo-armado-organizado-residual-e-33-con-injerencia-en-la-zona-del-catatumbo-norte-de-santander\/"]}]},{"@type":"BreadcrumbList","@id":"https:\/\/www.fiscalia.gov.co\/colombia\/noticias\/a-la-carcel-dos-presuntos-integrantes-del-grupo-armado-organizado-residual-e-33-con-injerencia-en-la-zona-del-catatumbo-norte-de-santander\/#breadcrumb","itemListElement":[{"@type":"ListItem","position":1,"name":"Home","item":"https:\/\/www.fiscalia.gov.co\/colombia\/"},{"@type":"ListItem","position":2,"name":"A la c\u00e1rcel dos presuntos integrantes del grupo armado organizado residual E-33, con injerencia en la zona del Catatumbo (Norte de Santander)"}]},{"@type":"WebSite","@id":"https:\/\/www.fiscalia.gov.co\/colombia\/#website","url":"https:\/\/www.fiscalia.gov.co\/colombia\/","name":"Fiscal\u00eda General de la Naci\u00f3n","description":"P\u00e1gina oficial de la Fiscal\u00eda General de la Naci\u00f3n \u2013 Colombia. Garantizamos el acceso efectivo a la justicia, la verdad y la reparaci\u00f3n de las v\u00edctimas de los delitos.","publisher":{"@id":"https:\/\/www.fiscalia.gov.co\/colombia\/#organization"},"potentialAction":[{"@type":"SearchAction","target":{"@type":"EntryPoint","urlTemplate":"https:\/\/www.fiscalia.gov.co\/colombia\/?s={search_term_string}"},"query-input":{"@type":"PropertyValueSpecification","valueRequired":true,"valueName":"search_term_string"}}],"inLanguage":"es-CO"},{"@type":"Organization","@id":"https:\/\/www.fiscalia.gov.co\/colombia\/#organization","name":"Fiscal\u00eda General de la Naci\u00f3n","url":"https:\/\/www.fiscalia.gov.co\/colombia\/","logo":{"@type":"ImageObject","inLanguage":"es-CO","@id":"https:\/\/www.fiscalia.gov.co\/colombia\/#\/schema\/logo\/image\/","url":"https:\/\/www.fiscalia.gov.co\/colombia\/wp-content\/uploads\/LogoHorizontal_1.jpg","contentUrl":"https:\/\/www.fiscalia.gov.co\/colombia\/wp-content\/uploads\/LogoHorizontal_1.jpg","width":300,"height":90,"caption":"Fiscal\u00eda General de la Naci\u00f3n"},"image":{"@id":"https:\/\/www.fiscalia.gov.co\/colombia\/#\/schema\/logo\/image\/"},"sameAs":["https:\/\/www.facebook.com\/FiscaliaCol","https:\/\/x.com\/FiscaliaCol","https:\/\/www.instagram.com\/fiscaliacol","https:\/\/www.linkedin.com\/company\/fiscalia-general-de-la-naci-n\/","https:\/\/youtube.com\/@fiscaliageneraldelanacion-4668?si=6nN79nyQICPU5iTh"]},{"@type":"Person","@id":"https:\/\/www.fiscalia.gov.co\/colombia\/#\/schema\/person\/bf84402cf293a5393e9c70b111020b24","name":"Jordan Leandro Oviedo Anzola","image":{"@type":"ImageObject","inLanguage":"es-CO","@id":"https:\/\/www.fiscalia.gov.co\/colombia\/#\/schema\/person\/image\/","url":"https:\/\/secure.gravatar.com\/avatar\/dabba4346fa9b9207d96adafa8f92721?s=96&d=mm&r=g","contentUrl":"https:\/\/secure.gravatar.com\/avatar\/dabba4346fa9b9207d96adafa8f92721?s=96&d=mm&r=g","caption":"Jordan Leandro Oviedo Anzola"},"url":"https:\/\/www.fiscalia.gov.co\/colombia\/author\/joviedo\/"}]}},"_links":{"self":[{"href":"https:\/\/www.fiscalia.gov.co\/colombia\/wp-json\/wp\/v2\/posts\/241926","targetHints":{"allow":["GET"]}}],"collection":[{"href":"https:\/\/www.fiscalia.gov.co\/colombia\/wp-json\/wp\/v2\/posts"}],"about":[{"href":"https:\/\/www.fiscalia.gov.co\/colombia\/wp-json\/wp\/v2\/types\/post"}],"author":[{"embeddable":true,"href":"https:\/\/www.fiscalia.gov.co\/colombia\/wp-json\/wp\/v2\/users\/177"}],"replies":[{"embeddable":true,"href":"https:\/\/www.fiscalia.gov.co\/colombia\/wp-json\/wp\/v2\/comments?post=241926"}],"version-history":[{"count":1,"href":"https:\/\/www.fiscalia.gov.co\/colombia\/wp-json\/wp\/v2\/posts\/241926\/revisions"}],"predecessor-version":[{"id":241927,"href":"https:\/\/www.fiscalia.gov.co\/colombia\/wp-json\/wp\/v2\/posts\/241926\/revisions\/241927"}],"wp:attachment":[{"href":"https:\/\/www.fiscalia.gov.co\/colombia\/wp-json\/wp\/v2\/media?parent=241926"}],"wp:term":[{"taxonomy":"category","embeddable":true,"href":"https:\/\/www.fiscalia.gov.co\/colombia\/wp-json\/wp\/v2\/categories?post=241926"},{"taxonomy":"post_tag","embeddable":true,"href":"https:\/\/www.fiscalia.gov.co\/colombia\/wp-json\/wp\/v2\/tags?post=241926"}],"curies":[{"name":"wp","href":"https:\/\/api.w.org\/{rel}","templated":true}]}}