{"id":241900,"date":"2022-02-23T21:00:28","date_gmt":"2022-02-24T02:00:28","guid":{"rendered":"https:\/\/www.fiscalia.gov.co\/colombia\/?p=241900"},"modified":"2022-02-23T21:03:42","modified_gmt":"2022-02-24T02:03:42","slug":"fiscalia-realizo-nueva-imputacion-por-la-apropiacion-de-recursos-destinados-a-llevar-el-servicio-de-internet-a-escuelas-rurales-del-pais","status":"publish","type":"post","link":"https:\/\/www.fiscalia.gov.co\/colombia\/noticias\/fiscalia-realizo-nueva-imputacion-por-la-apropiacion-de-recursos-destinados-a-llevar-el-servicio-de-internet-a-escuelas-rurales-del-pais\/","title":{"rendered":"Fiscal\u00eda realiz\u00f3 nueva imputaci\u00f3n por la apropiaci\u00f3n de recursos destinados a llevar el servicio de internet a escuelas rurales del pa\u00eds"},"content":{"rendered":"<h4><em><strong>Cuatro personas fueron vinculadas formalmente a la investigaci\u00f3n. Son se\u00f1alados de utilizar dineros del anticipo del contrato suscrito entre MinTic y la Uni\u00f3n Temporal Centros Poblados para cubrir gastos personales, comprar apartamentos y veh\u00edculos, pr\u00e9stamos y pago de honorarios.<\/strong> <\/em><\/h4>\n<p>&nbsp;<\/p>\n<p>Como parte de la segunda l\u00ednea de investigaci\u00f3n definida en el caso denominado \u2018Centros Poblados\u2019, la Fiscal\u00eda General de la Naci\u00f3n present\u00f3 ante un juez de control de garant\u00edas e imput\u00f3 a cuatro personas que estar\u00edan involucradas en la apropiaci\u00f3n y destinaci\u00f3n indebida de 15.242 millones de pesos, que har\u00edan parte del anticipo entregado por el Ministerio de Tecnolog\u00eda de la Informaci\u00f3n y las Comunicaciones (MinTIC) a la Uni\u00f3n Temporal Centros Poblados Colombia, como parte del contrato 1043 de 2020.<\/p>\n<p>Los investigados son: los empresarios Ottomar Lascarro Torres y Juan Carlos C\u00e1ceres; el representante legal de la Uni\u00f3n Temporal Centros Poblados, Luis Fernando Duque; y el representante de la empresa Rave Agencia de Seguros, Juan Jos\u00e9 Laverde.<\/p>\n<p>De acuerdo con la posible participaci\u00f3n en los hechos investigados, una fiscal de la Direcci\u00f3n Especializada contra la Corrupci\u00f3n imput\u00f3 a estas personas los delitos de falsedad ideol\u00f3gica en documento privado, fraude procesal, enriquecimiento il\u00edcito de particulares y peculado por apropiaci\u00f3n en favor de terceros. Los cargos no fueron aceptados por los procesados.<\/p>\n<p><strong>El andamiaje ilegal<\/strong><\/p>\n<p>El material de prueba da cuenta de que los hoy imputados se habr\u00edan concertado para constituir la Uni\u00f3n Temporal Centros Poblados Colombia 2020, a trav\u00e9s de cuatro empresas. Dos, supuestamente, figurar\u00edan en el papel porque no reun\u00edan los requerimientos de ley; mientras que las otras aportar\u00edan su experiencia y reconocimiento, y no participar\u00edan en la ejecuci\u00f3n del contrato que buscaba llevar el servicio de internet a escuelas rurales del pa\u00eds.<\/p>\n<p>Por poner a disposici\u00f3n las dos empresas realmente capacitadas, Ottomar Lescarro habr\u00eda recibido 4.000 millones de pesos. Estos dineros se entregar\u00edan con la intermediaci\u00f3n del corredor de seguros Juan Jos\u00e9 Laverde, quien tendr\u00eda una comisi\u00f3n.<\/p>\n<p>Con informaci\u00f3n falsa sobre la verdadera capacidad t\u00e9cnica y trayectoria de las empresas que no cumpl\u00edan los requisitos, la Uni\u00f3n Temporal Centros Poblados naci\u00f3 en C\u00e1mara de Comercio, se postul\u00f3 ante MinTic y recibi\u00f3 el millonario contrato 1043 de 2020.<\/p>\n<p>De esta manera, los contratistas elaboraron un plan de distribuci\u00f3n del anticipo y definieron que 85% de los recursos se destinar\u00edan a la compra de equipos, 8% para infraestructura y 7% para materiales. Esta proyecci\u00f3n fue aprobada por MinTic, que orden\u00f3 el giro de los 70.000 millones de pesos.<\/p>\n<p>La Fiscal\u00eda estableci\u00f3 que la dos empresas sin experiencia destinaron 15.242 millones de pesos del anticipo para actividades no contempladas y del resorte personal de los representantes, como adquisici\u00f3n de un apartamento, veh\u00edculos y una obra de arte; pr\u00e9stamos a terceros, gastos individuales \u00a0y pago de honorarios.<\/p>\n<p>Los elementos de prueba indican que parte del anticipo, representada en 300.000 d\u00f3lares, fue transferida a un banco de Miami (Estados Unidos). 250.000 correspondieron a Ottomar Lascarro y 50.000 a Juan Jos\u00e9 Laverde, tal como fue pactado desde la constituci\u00f3n de la uni\u00f3n temporal.<\/p>\n<p>Esta informaci\u00f3n se publica por razones de inter\u00e9s general.<\/p>\n<p><strong>La Fiscal\u00eda habla con resultados.<\/strong><\/p>\n<p>LAGP\/JARG\/EAC\/MRC\/<\/p>\n<p>&nbsp;<\/p>\n<div class=\"td-post-content tagdiv-type\">\n<p><i>La informaci\u00f3n contenida en este bolet\u00edn de prensa corresponde a la narraci\u00f3n de los hechos noticiosos objetivos, suministrados por los funcionarios encargados de adelantar las investigaciones penales al interior de la Fiscal\u00eda General de la Naci\u00f3n. Para el momento de la divulgaci\u00f3n de este comunicado, la situaci\u00f3n jur\u00eddica de la(s) persona(s) relacionada(s) se encuentra pendiente de resolver por la autoridad judicial competente, siempre bajo los preceptos de la presunci\u00f3n de inocencia, consagrados en el art\u00edculo 29 de la Constituci\u00f3n Pol\u00edtica y el art\u00edculo 7\u00ba de la Ley 906 de 2004.\u00a0<\/i><\/p>\n<\/div>\n<footer>\n<div class=\"td-post-source-tags\"><\/div>\n<div class=\"td-post-sharing-bottom\"><\/div>\n<\/footer>\n\n<div class=\"twitter-share\"><a href=\"https:\/\/twitter.com\/intent\/tweet?via=fiscaliacol\" class=\"twitter-share-button\">Tweet<\/a><\/div>\n","protected":false},"excerpt":{"rendered":"<p>Cuatro personas fueron vinculadas formalmente a la investigaci\u00f3n. Son se\u00f1alados de utilizar dineros del anticipo del contrato suscrito entre MinTic y la Uni\u00f3n Temporal Centros Poblados para cubrir gastos personales, [&hellip;]<\/p>\n","protected":false},"author":175,"featured_media":0,"comment_status":"closed","ping_status":"open","sticky":false,"template":"","format":"standard","meta":{"tdm_status":"","tdm_grid_status":"","footnotes":""},"categories":[24097,24107,1],"tags":[30612,24189,24526,28885],"class_list":["post-241900","post","type-post","status-publish","format-standard","category-corrupcion","category-lucha-contra-corrupcion","category-noticias","tag-centros-poblados","tag-fiscal-francisco-barbosa-delgado","tag-fiscal-general-francisco-barbosa-delgado","tag-mintic"],"yoast_head":"<!-- This site is optimized with the Yoast SEO plugin v24.3 - https:\/\/yoast.com\/wordpress\/plugins\/seo\/ -->\n<title>Fiscal\u00eda General de la Naci\u00f3n<\/title>\n<meta name=\"description\" content=\"P\u00e1gina oficial de la Fiscal\u00eda General de la Naci\u00f3n \u2013 Colombia. Garantizamos el acceso efectivo a la justicia, la verdad y la reparaci\u00f3n de las v\u00edctimas de los delitos.\" \/>\n<meta name=\"robots\" content=\"noindex, follow\" \/>\n<meta property=\"og:locale\" content=\"es_ES\" \/>\n<meta property=\"og:type\" content=\"article\" \/>\n<meta property=\"og:title\" content=\"Fiscal\u00eda General de la Naci\u00f3n\" \/>\n<meta property=\"og:description\" content=\"P\u00e1gina oficial de la Fiscal\u00eda General de la Naci\u00f3n \u2013 Colombia. Garantizamos el acceso efectivo a la justicia, la verdad y la reparaci\u00f3n de las v\u00edctimas de los delitos.\" \/>\n<meta property=\"og:url\" content=\"https:\/\/www.fiscalia.gov.co\/colombia\/noticias\/fiscalia-realizo-nueva-imputacion-por-la-apropiacion-de-recursos-destinados-a-llevar-el-servicio-de-internet-a-escuelas-rurales-del-pais\/\" \/>\n<meta property=\"og:site_name\" content=\"Fiscal\u00eda General de la Naci\u00f3n\" \/>\n<meta property=\"article:publisher\" content=\"https:\/\/www.facebook.com\/FiscaliaCol\" \/>\n<meta property=\"article:published_time\" content=\"2022-02-24T02:00:28+00:00\" \/>\n<meta property=\"article:modified_time\" content=\"2022-02-24T02:03:42+00:00\" \/>\n<meta name=\"author\" content=\"Katherine Loaiza Mart\u00ednez\" \/>\n<meta name=\"twitter:card\" content=\"summary_large_image\" \/>\n<meta name=\"twitter:creator\" content=\"@FiscaliaCol\" \/>\n<meta name=\"twitter:site\" content=\"@FiscaliaCol\" \/>\n<meta name=\"twitter:label1\" content=\"Escrito por\" \/>\n\t<meta name=\"twitter:data1\" content=\"Katherine Loaiza Mart\u00ednez\" \/>\n\t<meta name=\"twitter:label2\" content=\"Tiempo de lectura\" \/>\n\t<meta name=\"twitter:data2\" content=\"3 minutos\" \/>\n<script type=\"application\/ld+json\" class=\"yoast-schema-graph\">{\"@context\":\"https:\/\/schema.org\",\"@graph\":[{\"@type\":\"Article\",\"@id\":\"https:\/\/www.fiscalia.gov.co\/colombia\/noticias\/fiscalia-realizo-nueva-imputacion-por-la-apropiacion-de-recursos-destinados-a-llevar-el-servicio-de-internet-a-escuelas-rurales-del-pais\/#article\",\"isPartOf\":{\"@id\":\"https:\/\/www.fiscalia.gov.co\/colombia\/noticias\/fiscalia-realizo-nueva-imputacion-por-la-apropiacion-de-recursos-destinados-a-llevar-el-servicio-de-internet-a-escuelas-rurales-del-pais\/\"},\"author\":{\"name\":\"Katherine Loaiza Mart\u00ednez\",\"@id\":\"https:\/\/www.fiscalia.gov.co\/colombia\/#\/schema\/person\/2e76b9aba5ecf875ed565ce4de0e0415\"},\"headline\":\"Fiscal\u00eda realiz\u00f3 nueva imputaci\u00f3n por la apropiaci\u00f3n de recursos destinados a llevar el servicio de internet a escuelas rurales del pa\u00eds\",\"datePublished\":\"2022-02-24T02:00:28+00:00\",\"dateModified\":\"2022-02-24T02:03:42+00:00\",\"mainEntityOfPage\":{\"@id\":\"https:\/\/www.fiscalia.gov.co\/colombia\/noticias\/fiscalia-realizo-nueva-imputacion-por-la-apropiacion-de-recursos-destinados-a-llevar-el-servicio-de-internet-a-escuelas-rurales-del-pais\/\"},\"wordCount\":687,\"publisher\":{\"@id\":\"https:\/\/www.fiscalia.gov.co\/colombia\/#organization\"},\"keywords\":[\"Centros Poblados\",\"Fiscal Francisco Barbosa Delgado\",\"Fiscal General Francisco Barbosa Delgado\",\"mintic\"],\"articleSection\":[\"Corrupci\u00f3n\",\"Corrupci\u00f3n\",\"Noticias\"],\"inLanguage\":\"es-CO\"},{\"@type\":\"WebPage\",\"@id\":\"https:\/\/www.fiscalia.gov.co\/colombia\/noticias\/fiscalia-realizo-nueva-imputacion-por-la-apropiacion-de-recursos-destinados-a-llevar-el-servicio-de-internet-a-escuelas-rurales-del-pais\/\",\"url\":\"https:\/\/www.fiscalia.gov.co\/colombia\/noticias\/fiscalia-realizo-nueva-imputacion-por-la-apropiacion-de-recursos-destinados-a-llevar-el-servicio-de-internet-a-escuelas-rurales-del-pais\/\",\"name\":\"Fiscal\u00eda General de la Naci\u00f3n\",\"isPartOf\":{\"@id\":\"https:\/\/www.fiscalia.gov.co\/colombia\/#website\"},\"datePublished\":\"2022-02-24T02:00:28+00:00\",\"dateModified\":\"2022-02-24T02:03:42+00:00\",\"description\":\"P\u00e1gina oficial de la Fiscal\u00eda General de la Naci\u00f3n \u2013 Colombia. Garantizamos el acceso efectivo a la justicia, la verdad y la reparaci\u00f3n de las v\u00edctimas de los delitos.\",\"breadcrumb\":{\"@id\":\"https:\/\/www.fiscalia.gov.co\/colombia\/noticias\/fiscalia-realizo-nueva-imputacion-por-la-apropiacion-de-recursos-destinados-a-llevar-el-servicio-de-internet-a-escuelas-rurales-del-pais\/#breadcrumb\"},\"inLanguage\":\"es-CO\",\"potentialAction\":[{\"@type\":\"ReadAction\",\"target\":[\"https:\/\/www.fiscalia.gov.co\/colombia\/noticias\/fiscalia-realizo-nueva-imputacion-por-la-apropiacion-de-recursos-destinados-a-llevar-el-servicio-de-internet-a-escuelas-rurales-del-pais\/\"]}]},{\"@type\":\"BreadcrumbList\",\"@id\":\"https:\/\/www.fiscalia.gov.co\/colombia\/noticias\/fiscalia-realizo-nueva-imputacion-por-la-apropiacion-de-recursos-destinados-a-llevar-el-servicio-de-internet-a-escuelas-rurales-del-pais\/#breadcrumb\",\"itemListElement\":[{\"@type\":\"ListItem\",\"position\":1,\"name\":\"Home\",\"item\":\"https:\/\/www.fiscalia.gov.co\/colombia\/\"},{\"@type\":\"ListItem\",\"position\":2,\"name\":\"Fiscal\u00eda realiz\u00f3 nueva imputaci\u00f3n por la apropiaci\u00f3n de recursos destinados a llevar el servicio de internet a escuelas rurales del pa\u00eds\"}]},{\"@type\":\"WebSite\",\"@id\":\"https:\/\/www.fiscalia.gov.co\/colombia\/#website\",\"url\":\"https:\/\/www.fiscalia.gov.co\/colombia\/\",\"name\":\"Fiscal\u00eda General de la Naci\u00f3n\",\"description\":\"P\u00e1gina oficial de la Fiscal\u00eda General de la Naci\u00f3n \u2013 Colombia. Garantizamos el acceso efectivo a la justicia, la verdad y la reparaci\u00f3n de las v\u00edctimas de los delitos.\",\"publisher\":{\"@id\":\"https:\/\/www.fiscalia.gov.co\/colombia\/#organization\"},\"potentialAction\":[{\"@type\":\"SearchAction\",\"target\":{\"@type\":\"EntryPoint\",\"urlTemplate\":\"https:\/\/www.fiscalia.gov.co\/colombia\/?s={search_term_string}\"},\"query-input\":{\"@type\":\"PropertyValueSpecification\",\"valueRequired\":true,\"valueName\":\"search_term_string\"}}],\"inLanguage\":\"es-CO\"},{\"@type\":\"Organization\",\"@id\":\"https:\/\/www.fiscalia.gov.co\/colombia\/#organization\",\"name\":\"Fiscal\u00eda General de la Naci\u00f3n\",\"url\":\"https:\/\/www.fiscalia.gov.co\/colombia\/\",\"logo\":{\"@type\":\"ImageObject\",\"inLanguage\":\"es-CO\",\"@id\":\"https:\/\/www.fiscalia.gov.co\/colombia\/#\/schema\/logo\/image\/\",\"url\":\"https:\/\/www.fiscalia.gov.co\/colombia\/wp-content\/uploads\/LogoHorizontal_1.jpg\",\"contentUrl\":\"https:\/\/www.fiscalia.gov.co\/colombia\/wp-content\/uploads\/LogoHorizontal_1.jpg\",\"width\":300,\"height\":90,\"caption\":\"Fiscal\u00eda General de la Naci\u00f3n\"},\"image\":{\"@id\":\"https:\/\/www.fiscalia.gov.co\/colombia\/#\/schema\/logo\/image\/\"},\"sameAs\":[\"https:\/\/www.facebook.com\/FiscaliaCol\",\"https:\/\/x.com\/FiscaliaCol\",\"https:\/\/www.instagram.com\/fiscaliacol\",\"https:\/\/www.linkedin.com\/company\/fiscalia-general-de-la-naci-n\/\",\"https:\/\/youtube.com\/@fiscaliageneraldelanacion-4668?si=6nN79nyQICPU5iTh\"]},{\"@type\":\"Person\",\"@id\":\"https:\/\/www.fiscalia.gov.co\/colombia\/#\/schema\/person\/2e76b9aba5ecf875ed565ce4de0e0415\",\"name\":\"Katherine Loaiza Mart\u00ednez\",\"image\":{\"@type\":\"ImageObject\",\"inLanguage\":\"es-CO\",\"@id\":\"https:\/\/www.fiscalia.gov.co\/colombia\/#\/schema\/person\/image\/\",\"url\":\"https:\/\/secure.gravatar.com\/avatar\/ab775a2f394c1b83b6d6f78680e57b50?s=96&d=mm&r=g\",\"contentUrl\":\"https:\/\/secure.gravatar.com\/avatar\/ab775a2f394c1b83b6d6f78680e57b50?s=96&d=mm&r=g\",\"caption\":\"Katherine Loaiza Mart\u00ednez\"},\"url\":\"https:\/\/www.fiscalia.gov.co\/colombia\/author\/kloaiza\/\"}]}<\/script>\n<!-- \/ Yoast SEO plugin. -->","yoast_head_json":{"title":"Fiscal\u00eda General de la Naci\u00f3n","description":"P\u00e1gina oficial de la Fiscal\u00eda General de la Naci\u00f3n \u2013 Colombia. Garantizamos el acceso efectivo a la justicia, la verdad y la reparaci\u00f3n de las v\u00edctimas de los delitos.","robots":{"index":"noindex","follow":"follow"},"og_locale":"es_ES","og_type":"article","og_title":"Fiscal\u00eda General de la Naci\u00f3n","og_description":"P\u00e1gina oficial de la Fiscal\u00eda General de la Naci\u00f3n \u2013 Colombia. Garantizamos el acceso efectivo a la justicia, la verdad y la reparaci\u00f3n de las v\u00edctimas de los delitos.","og_url":"https:\/\/www.fiscalia.gov.co\/colombia\/noticias\/fiscalia-realizo-nueva-imputacion-por-la-apropiacion-de-recursos-destinados-a-llevar-el-servicio-de-internet-a-escuelas-rurales-del-pais\/","og_site_name":"Fiscal\u00eda General de la Naci\u00f3n","article_publisher":"https:\/\/www.facebook.com\/FiscaliaCol","article_published_time":"2022-02-24T02:00:28+00:00","article_modified_time":"2022-02-24T02:03:42+00:00","author":"Katherine Loaiza Mart\u00ednez","twitter_card":"summary_large_image","twitter_creator":"@FiscaliaCol","twitter_site":"@FiscaliaCol","twitter_misc":{"Escrito por":"Katherine Loaiza Mart\u00ednez","Tiempo de lectura":"3 minutos"},"schema":{"@context":"https:\/\/schema.org","@graph":[{"@type":"Article","@id":"https:\/\/www.fiscalia.gov.co\/colombia\/noticias\/fiscalia-realizo-nueva-imputacion-por-la-apropiacion-de-recursos-destinados-a-llevar-el-servicio-de-internet-a-escuelas-rurales-del-pais\/#article","isPartOf":{"@id":"https:\/\/www.fiscalia.gov.co\/colombia\/noticias\/fiscalia-realizo-nueva-imputacion-por-la-apropiacion-de-recursos-destinados-a-llevar-el-servicio-de-internet-a-escuelas-rurales-del-pais\/"},"author":{"name":"Katherine Loaiza Mart\u00ednez","@id":"https:\/\/www.fiscalia.gov.co\/colombia\/#\/schema\/person\/2e76b9aba5ecf875ed565ce4de0e0415"},"headline":"Fiscal\u00eda realiz\u00f3 nueva imputaci\u00f3n por la apropiaci\u00f3n de recursos destinados a llevar el servicio de internet a escuelas rurales del pa\u00eds","datePublished":"2022-02-24T02:00:28+00:00","dateModified":"2022-02-24T02:03:42+00:00","mainEntityOfPage":{"@id":"https:\/\/www.fiscalia.gov.co\/colombia\/noticias\/fiscalia-realizo-nueva-imputacion-por-la-apropiacion-de-recursos-destinados-a-llevar-el-servicio-de-internet-a-escuelas-rurales-del-pais\/"},"wordCount":687,"publisher":{"@id":"https:\/\/www.fiscalia.gov.co\/colombia\/#organization"},"keywords":["Centros Poblados","Fiscal Francisco Barbosa Delgado","Fiscal General Francisco Barbosa Delgado","mintic"],"articleSection":["Corrupci\u00f3n","Corrupci\u00f3n","Noticias"],"inLanguage":"es-CO"},{"@type":"WebPage","@id":"https:\/\/www.fiscalia.gov.co\/colombia\/noticias\/fiscalia-realizo-nueva-imputacion-por-la-apropiacion-de-recursos-destinados-a-llevar-el-servicio-de-internet-a-escuelas-rurales-del-pais\/","url":"https:\/\/www.fiscalia.gov.co\/colombia\/noticias\/fiscalia-realizo-nueva-imputacion-por-la-apropiacion-de-recursos-destinados-a-llevar-el-servicio-de-internet-a-escuelas-rurales-del-pais\/","name":"Fiscal\u00eda General de la Naci\u00f3n","isPartOf":{"@id":"https:\/\/www.fiscalia.gov.co\/colombia\/#website"},"datePublished":"2022-02-24T02:00:28+00:00","dateModified":"2022-02-24T02:03:42+00:00","description":"P\u00e1gina oficial de la Fiscal\u00eda General de la Naci\u00f3n \u2013 Colombia. Garantizamos el acceso efectivo a la justicia, la verdad y la reparaci\u00f3n de las v\u00edctimas de los delitos.","breadcrumb":{"@id":"https:\/\/www.fiscalia.gov.co\/colombia\/noticias\/fiscalia-realizo-nueva-imputacion-por-la-apropiacion-de-recursos-destinados-a-llevar-el-servicio-de-internet-a-escuelas-rurales-del-pais\/#breadcrumb"},"inLanguage":"es-CO","potentialAction":[{"@type":"ReadAction","target":["https:\/\/www.fiscalia.gov.co\/colombia\/noticias\/fiscalia-realizo-nueva-imputacion-por-la-apropiacion-de-recursos-destinados-a-llevar-el-servicio-de-internet-a-escuelas-rurales-del-pais\/"]}]},{"@type":"BreadcrumbList","@id":"https:\/\/www.fiscalia.gov.co\/colombia\/noticias\/fiscalia-realizo-nueva-imputacion-por-la-apropiacion-de-recursos-destinados-a-llevar-el-servicio-de-internet-a-escuelas-rurales-del-pais\/#breadcrumb","itemListElement":[{"@type":"ListItem","position":1,"name":"Home","item":"https:\/\/www.fiscalia.gov.co\/colombia\/"},{"@type":"ListItem","position":2,"name":"Fiscal\u00eda realiz\u00f3 nueva imputaci\u00f3n por la apropiaci\u00f3n de recursos destinados a llevar el servicio de internet a escuelas rurales del pa\u00eds"}]},{"@type":"WebSite","@id":"https:\/\/www.fiscalia.gov.co\/colombia\/#website","url":"https:\/\/www.fiscalia.gov.co\/colombia\/","name":"Fiscal\u00eda General de la Naci\u00f3n","description":"P\u00e1gina oficial de la Fiscal\u00eda General de la Naci\u00f3n \u2013 Colombia. Garantizamos el acceso efectivo a la justicia, la verdad y la reparaci\u00f3n de las v\u00edctimas de los delitos.","publisher":{"@id":"https:\/\/www.fiscalia.gov.co\/colombia\/#organization"},"potentialAction":[{"@type":"SearchAction","target":{"@type":"EntryPoint","urlTemplate":"https:\/\/www.fiscalia.gov.co\/colombia\/?s={search_term_string}"},"query-input":{"@type":"PropertyValueSpecification","valueRequired":true,"valueName":"search_term_string"}}],"inLanguage":"es-CO"},{"@type":"Organization","@id":"https:\/\/www.fiscalia.gov.co\/colombia\/#organization","name":"Fiscal\u00eda General de la Naci\u00f3n","url":"https:\/\/www.fiscalia.gov.co\/colombia\/","logo":{"@type":"ImageObject","inLanguage":"es-CO","@id":"https:\/\/www.fiscalia.gov.co\/colombia\/#\/schema\/logo\/image\/","url":"https:\/\/www.fiscalia.gov.co\/colombia\/wp-content\/uploads\/LogoHorizontal_1.jpg","contentUrl":"https:\/\/www.fiscalia.gov.co\/colombia\/wp-content\/uploads\/LogoHorizontal_1.jpg","width":300,"height":90,"caption":"Fiscal\u00eda General de la Naci\u00f3n"},"image":{"@id":"https:\/\/www.fiscalia.gov.co\/colombia\/#\/schema\/logo\/image\/"},"sameAs":["https:\/\/www.facebook.com\/FiscaliaCol","https:\/\/x.com\/FiscaliaCol","https:\/\/www.instagram.com\/fiscaliacol","https:\/\/www.linkedin.com\/company\/fiscalia-general-de-la-naci-n\/","https:\/\/youtube.com\/@fiscaliageneraldelanacion-4668?si=6nN79nyQICPU5iTh"]},{"@type":"Person","@id":"https:\/\/www.fiscalia.gov.co\/colombia\/#\/schema\/person\/2e76b9aba5ecf875ed565ce4de0e0415","name":"Katherine Loaiza Mart\u00ednez","image":{"@type":"ImageObject","inLanguage":"es-CO","@id":"https:\/\/www.fiscalia.gov.co\/colombia\/#\/schema\/person\/image\/","url":"https:\/\/secure.gravatar.com\/avatar\/ab775a2f394c1b83b6d6f78680e57b50?s=96&d=mm&r=g","contentUrl":"https:\/\/secure.gravatar.com\/avatar\/ab775a2f394c1b83b6d6f78680e57b50?s=96&d=mm&r=g","caption":"Katherine Loaiza Mart\u00ednez"},"url":"https:\/\/www.fiscalia.gov.co\/colombia\/author\/kloaiza\/"}]}},"_links":{"self":[{"href":"https:\/\/www.fiscalia.gov.co\/colombia\/wp-json\/wp\/v2\/posts\/241900","targetHints":{"allow":["GET"]}}],"collection":[{"href":"https:\/\/www.fiscalia.gov.co\/colombia\/wp-json\/wp\/v2\/posts"}],"about":[{"href":"https:\/\/www.fiscalia.gov.co\/colombia\/wp-json\/wp\/v2\/types\/post"}],"author":[{"embeddable":true,"href":"https:\/\/www.fiscalia.gov.co\/colombia\/wp-json\/wp\/v2\/users\/175"}],"replies":[{"embeddable":true,"href":"https:\/\/www.fiscalia.gov.co\/colombia\/wp-json\/wp\/v2\/comments?post=241900"}],"version-history":[{"count":1,"href":"https:\/\/www.fiscalia.gov.co\/colombia\/wp-json\/wp\/v2\/posts\/241900\/revisions"}],"predecessor-version":[{"id":241901,"href":"https:\/\/www.fiscalia.gov.co\/colombia\/wp-json\/wp\/v2\/posts\/241900\/revisions\/241901"}],"wp:attachment":[{"href":"https:\/\/www.fiscalia.gov.co\/colombia\/wp-json\/wp\/v2\/media?parent=241900"}],"wp:term":[{"taxonomy":"category","embeddable":true,"href":"https:\/\/www.fiscalia.gov.co\/colombia\/wp-json\/wp\/v2\/categories?post=241900"},{"taxonomy":"post_tag","embeddable":true,"href":"https:\/\/www.fiscalia.gov.co\/colombia\/wp-json\/wp\/v2\/tags?post=241900"}],"curies":[{"name":"wp","href":"https:\/\/api.w.org\/{rel}","templated":true}]}}