{"id":241826,"date":"2022-02-23T12:25:52","date_gmt":"2022-02-23T17:25:52","guid":{"rendered":"https:\/\/www.fiscalia.gov.co\/colombia\/?p=241826"},"modified":"2022-02-23T12:25:52","modified_gmt":"2022-02-23T17:25:52","slug":"en-2021-fiscalia-impacto-estructuras-del-eln-y-logro-combatir-los-delitos-sexuales-en-arauca","status":"publish","type":"post","link":"https:\/\/www.fiscalia.gov.co\/colombia\/noticias\/en-2021-fiscalia-impacto-estructuras-del-eln-y-logro-combatir-los-delitos-sexuales-en-arauca\/","title":{"rendered":"En 2021, Fiscal\u00eda impact\u00f3 estructuras del ELN y logr\u00f3 combatir los delitos sexuales en Arauca"},"content":{"rendered":"<h4 style=\"font-weight: 400;\"><strong><em>Tambi\u00e9n se obtuvieron resultados significativos frente al terrorismo, el contrabando y la violencia de g\u00e9nero.\u00a0<\/em><\/strong><\/h4>\n<p style=\"font-weight: 400;\">En desarrollo de la estrategia investigativa para contrarrestar\u00a0<a href=\"https:\/\/www.fiscalia.gov.co\/colombia\/seccionales\/positivo-balance-en-arauca-durante-jornada-contra-violencia-intrafamiliar\/\" data-saferedirecturl=\"https:\/\/www.google.com\/url?q=https:\/\/www.fiscalia.gov.co\/colombia\/seccionales\/positivo-balance-en-arauca-durante-jornada-contra-violencia-intrafamiliar\/&amp;source=gmail&amp;ust=1645723038902000&amp;usg=AOvVaw3GD9XlwNxfh7xaX-8in8du\">fen\u00f3menos<\/a>\u00a0delictivos que afectan a la ciudadan\u00eda, seg\u00fan los lineamientos del Fiscal General de la Naci\u00f3n, Francisco Barbosa Delgado, la Seccional Arauca entreg\u00f3 un balance de las acciones operacionales realizadas en 2021.<\/p>\n<p><img loading=\"lazy\" decoding=\"async\" class=\"aligncenter size-large wp-image-241827\" src=\"https:\/\/www.fiscalia.gov.co\/colombia\/wp-content\/uploads\/Fiscal-Francisco-Barbosa_ELN_Arauca_Capturas-1024x516.jpeg\" alt=\"\" width=\"696\" height=\"351\" srcset=\"https:\/\/www.fiscalia.gov.co\/colombia\/wp-content\/uploads\/Fiscal-Francisco-Barbosa_ELN_Arauca_Capturas-1024x516.jpeg 1024w, https:\/\/www.fiscalia.gov.co\/colombia\/wp-content\/uploads\/Fiscal-Francisco-Barbosa_ELN_Arauca_Capturas-300x151.jpeg 300w, https:\/\/www.fiscalia.gov.co\/colombia\/wp-content\/uploads\/Fiscal-Francisco-Barbosa_ELN_Arauca_Capturas-768x387.jpeg 768w, https:\/\/www.fiscalia.gov.co\/colombia\/wp-content\/uploads\/Fiscal-Francisco-Barbosa_ELN_Arauca_Capturas-696x351.jpeg 696w, https:\/\/www.fiscalia.gov.co\/colombia\/wp-content\/uploads\/Fiscal-Francisco-Barbosa_ELN_Arauca_Capturas-1068x538.jpeg 1068w, https:\/\/www.fiscalia.gov.co\/colombia\/wp-content\/uploads\/Fiscal-Francisco-Barbosa_ELN_Arauca_Capturas-833x420.jpeg 833w, https:\/\/www.fiscalia.gov.co\/colombia\/wp-content\/uploads\/Fiscal-Francisco-Barbosa_ELN_Arauca_Capturas.jpeg 1280w\" sizes=\"auto, (max-width: 696px) 100vw, 696px\" \/><\/p>\n<p style=\"font-weight: 400;\">El director seccional de Arauca, John Fredy Encinales Lota, se\u00f1al\u00f3 que el trabajo interinstitucional de fiscales e investigadores del CTI con la Polic\u00eda Nacional ha permitido el esclarecimiento de homicidios, atacar la corrupci\u00f3n, impactar grupos delincuenciales y contribuir con la protecci\u00f3n de mujeres, ni\u00f1os, ni\u00f1as y adolescentes.<\/p>\n<p style=\"font-weight: 400;\">En ese sentido revel\u00f3 que, por delitos como\u00a0<a href=\"https:\/\/www.fiscalia.gov.co\/colombia\/seccionales\/asegurado-presunto-integrante-del-gaor-e-10-con-injerencia-en-el-departamento-de-arauca\/\" data-saferedirecturl=\"https:\/\/www.google.com\/url?q=https:\/\/www.fiscalia.gov.co\/colombia\/seccionales\/asegurado-presunto-integrante-del-gaor-e-10-con-injerencia-en-el-departamento-de-arauca\/&amp;source=gmail&amp;ust=1645723038902000&amp;usg=AOvVaw1xaTKXQh1o10k4FoPO9Vku\">rebeli\u00f3n<\/a>, extorsi\u00f3n, violencia sexual, hurto, contrabando y tr\u00e1fico de migrantes, se logr\u00f3 la captura 70 personas, de las cuales 61 fueron cobijadas con medidas de aseguramiento privativas de la libertad. Tambi\u00e9n se formularon 298 imputaciones y 361 escritos de acusaci\u00f3n.<\/p>\n<p style=\"font-weight: 400;\">Entre los resultados obtenidos, se destaca el impacto contundente a la estructura del grupo armado ELN, as\u00ed:<\/p>\n<ul style=\"font-weight: 400;\">\n<li>La captura de alias Criollo, quien al parecer era el cabecilla de la Comisi\u00f3n Rafael Villamizar del ELN y llevar\u00eda 30 a\u00f1os al servicio de la organizaci\u00f3n. Se presume que el hoy procesado particip\u00f3 en los homicidios de Jos\u00e9 Alirio Rojas Perales y de Saravia Segovia Carpio, en hechos ocurridos el 15 de septiembre de 2020; as\u00ed como las amenazas de muerte a un periodista en la ciudad de Arauca.<\/li>\n<li>La judicializaci\u00f3n de Ramiro Pulgar\u00edn Hern\u00e1ndez, alias el Burro, capturado en el municipio de Saravena (Arauca). Al parecer, particip\u00f3 en los asesinatos de miembros de la fuerza p\u00fablica y l\u00edderes sociales en los departamentos de Arauca, Boyac\u00e1 y Casanare.<\/li>\n<li>La judicializaci\u00f3n de Henry Manyiber Lamus Cifuentes, alias Asa\u00edn o Maguiver, supuesto responsable de varios ataques contra la fuerza p\u00fablica y de promover el cobro de extorsiones a los ganaderos, comerciantes y pobladores del oriente del pa\u00eds. Se estableci\u00f3 que este hombre habr\u00eda ingresado hace m\u00e1s de cinco a\u00f1os a la compa\u00f1\u00eda Ernesto \u2018Che\u2019 Guevara del ELN. Desde entonces, habr\u00eda cumplido varios roles en la organizaci\u00f3n ilegal.<\/li>\n<li>Captura de\u00a0<a href=\"https:\/\/www.fiscalia.gov.co\/colombia\/noticias\/en-arauca-fiscalia-judicializo-a-siete-presuntos-integrantes-de-la-red-de-apoyo-al-terrorismo-del-eln-por-el-delito-de-rebelion\/\" data-saferedirecturl=\"https:\/\/www.google.com\/url?q=https:\/\/www.fiscalia.gov.co\/colombia\/noticias\/en-arauca-fiscalia-judicializo-a-siete-presuntos-integrantes-de-la-red-de-apoyo-al-terrorismo-del-eln-por-el-delito-de-rebelion\/&amp;source=gmail&amp;ust=1645723038902000&amp;usg=AOvVaw3xxJQ862zTS4L7cGQwX__N\">siete presuntos<\/a>\u00a0integrantes de la Red de Apoyo al Terrorismo del ELN, entre los que se encuentra C\u00e9sar Alfonso Guti\u00e9rrez, uno de los supuestos cabecillas de la comisi\u00f3n Rafael Villamizar del frente Domingo La\u00edn S\u00e1enz. Estas personas estar\u00edan dedicadas a extorsionar a contratistas, comerciantes, transportadores y ciudadanos.<\/li>\n<\/ul>\n<p style=\"font-weight: 400;\">Del otro lado, la Seccional Arauca, en el marco de la estrategia de priorizaci\u00f3n de casos de violencia sexual, de g\u00e9nero e intrafamiliar, obtuvo importantes resultados.<\/p>\n<ul style=\"font-weight: 400;\">\n<li>Captura de cuatro ind\u00edgenas del resguardo Puyero y Palma Real, ubicado en el municipio de Tame (Arauca), por hechos perpetrados el pasado 28 de marzo, cuando al parecer sometieron a una mujer campesina y a su hija de 6 a\u00f1os a m\u00faltiples delitos y vej\u00e1menes. En menos de 15 d\u00edas el ente acusador recaud\u00f3 elementos de prueba que evidenciar\u00edan la participaci\u00f3n\u00a0\u00a0\u00a0de los investigados en este hecho, as\u00ed como su posible pertenencia a una banda delincuencial denominada Los G\u00fcios, dedicada al hurto en todas sus modalidades, afectando principalmente a los campesinos de la regi\u00f3n y al gremio de los transportadores.<\/li>\n<\/ul>\n<p style=\"font-weight: 400;\">Los procesados fueron judicializados por su presunta responsabilidad en los delitos de secuestro simple agravado, tortura agravada, acceso carnal violento agravado, hurto calificado y agravado, y fabricaci\u00f3n, tr\u00e1fico, porte o tenencia de armas de fuego, accesorios, partes o municiones.<\/p>\n<ul style=\"font-weight: 400;\">\n<li>La captura y judicializaci\u00f3n de cuatro hombres pertenecientes a la comunidad ind\u00edgena Aspejenas, ubicada en zona rural de la vereda El Manguito jurisdicci\u00f3n del municipio de Puerto Rond\u00f3n (Arauca), quienes habr\u00edan abusado sexualmente de una menor en diferentes ocasiones, hechos ocurridos en el 2020 cuando la v\u00edctima ten\u00eda 11 a\u00f1os.<\/li>\n<li>Medida de aseguramiento privativa de la libertad contra Te\u00f3filo Ram\u00f3n Ceballos y \u00d3scar Fabi\u00e1n Colmenares Correa, presuntos responsables de agredir f\u00edsica y verbalmente a una mujer transg\u00e9nero.\u00a0\u00a0Los hechos ocurrieron en el barrio Uni\u00f3n, del municipio de Arauca este 5 de junio a las 10 de la noche, cuando los hoy procesados al parecer abordaron a la v\u00edctima y mediante enga\u00f1os la habr\u00edan llevado hasta un lote en construcci\u00f3n. Se presume que all\u00ed, luego de amenazarla con armas de fuego, la amordazan de pies y manos para golpearla e insultarla.<\/li>\n<\/ul>\n<p style=\"font-weight: 400;\">Frente a otros delitos que afectan la regi\u00f3n como el terrorismo y el contrabando, el ente acusador logr\u00f3 la judicializaci\u00f3n y medida de aseguramiento de presuntos responsables:<\/p>\n<ul style=\"font-weight: 400;\">\n<li><strong>Terrorismo:<\/strong>\u00a0C\u00e1rcel para Delfina Vega M\u00e1rquez, integrante de organizaci\u00f3n de campesinos en Arauca que habr\u00eda auspiciado bloqueos en distintos puntos del sector conocido como Caricare y en la v\u00eda que conduce al complejo petrolero Ca\u00f1o Lim\u00f3n, entre Arauca y Arauquita (Arauca). Estas alteraciones a la movilidad afectaron el ingreso de v\u00edveres y de veh\u00edculos transportadores de combustible a la capital del departamento y generaron desabastecimiento durante algunos d\u00edas.<\/li>\n<li><strong>Contrabando:<\/strong>\u00a0Desarticulaci\u00f3n de una estructura criminal se\u00f1alada de ingresar al pa\u00eds por el r\u00edo Arauca, 2.832 toneladas de pescado de\u00a0<a href=\"https:\/\/www.fiscalia.gov.co\/colombia\/noticias\/judicializadas-11-personas-investigadas-por-su-presunta-responsabilidad-en-el-contrabando-de-mas-de-dos-mil-toneladas-de-pescado-en-arauca\/\" data-saferedirecturl=\"https:\/\/www.google.com\/url?q=https:\/\/www.fiscalia.gov.co\/colombia\/noticias\/judicializadas-11-personas-investigadas-por-su-presunta-responsabilidad-en-el-contrabando-de-mas-de-dos-mil-toneladas-de-pescado-en-arauca\/&amp;source=gmail&amp;ust=1645723038902000&amp;usg=AOvVaw2KshuwLGKtKlrheGJSosTi\">contrabando<\/a>\u00a0entre los a\u00f1os 2015 y 2020. La forma de su transporte era a trav\u00e9s de canoas artesanales procedentes de Venezuela.\u00a0\u00a0Entre los 11 capturados se encuentra el cabecilla del grupo delincuencial, que al parecer coordinaba las entradas del producto.<\/li>\n<\/ul>\n<p style=\"font-weight: 400;\">Asimismo, fue judicializada una funcionaria de la Autoridad Nacional de Acuicultura y Pesca (Aunap), quien se presume era la encargada de legalizar las gu\u00edas y formatos de movilizaci\u00f3n de los productos, a pesar de que no cumpl\u00edan con los requisitos de ley para su ingreso y comercializaci\u00f3n.<\/p>\n<p style=\"font-weight: 400;\">Por \u00faltimo, en el marco de la operaci\u00f3n \u2018Esparta\u2019, la Fiscal\u00eda General de la Naci\u00f3n, en coordinaci\u00f3n con la Polic\u00eda, Ej\u00e9rcito, Fuerza A\u00e9rea, Armada Nacional y Migraci\u00f3n Colombia, capturaron a 10 presuntos integrantes de un grupo delincuencial, dedicado al tr\u00e1fico de estupefacientes en el municipio de Arauca (Arauca).<\/p>\n<p style=\"font-weight: 400;\"><strong>La Fiscal\u00eda habla con resultados.\u00a0<\/strong><\/p>\n<p>&nbsp;<\/p>\n<p>MPHA\/DLBM\/JFEL\/<u><\/u><\/p>\n<p>&nbsp;<\/p>\n<p><i><span lang=\"ES\">La informaci\u00f3n contenida en este bolet\u00edn de prensa corresponde a la narraci\u00f3n de los hechos noticiosos objetivos, suministrados por los funcionarios encargados de adelantar las investigaciones penales al interior de la Fiscal\u00eda General de la Naci\u00f3n. Para el momento de la divulgaci\u00f3n de este comunicado, la situaci\u00f3n jur\u00eddica de la(s) persona(s) relacionada(s) se encuentra pendiente de resolver por la autoridad judicial competente, siempre bajo los preceptos de la presunci\u00f3n de inocencia, consagrados en el art\u00edculo 29 de la Constituci\u00f3n Pol\u00edtica y el art\u00edculo 7\u00ba de la Ley 906 de 2004.<\/span><\/i><\/p>\n\n<div class=\"twitter-share\"><a href=\"https:\/\/twitter.com\/intent\/tweet?via=fiscaliacol\" class=\"twitter-share-button\">Tweet<\/a><\/div>\n","protected":false},"excerpt":{"rendered":"<p>Tambi\u00e9n se obtuvieron resultados significativos frente al terrorismo, el contrabando y la violencia de g\u00e9nero.\u00a0 En desarrollo de la estrategia investigativa para contrarrestar\u00a0fen\u00f3menos\u00a0delictivos que afectan a la ciudadan\u00eda, seg\u00fan los lineamientos del Fiscal General de la Naci\u00f3n, Francisco Barbosa Delgado, la Seccional Arauca entreg\u00f3 un balance de las acciones operacionales realizadas en 2021. El director [&hellip;]<\/p>\n","protected":false},"author":177,"featured_media":0,"comment_status":"closed","ping_status":"open","sticky":false,"template":"","format":"standard","meta":{"tdm_status":"","tdm_grid_status":"","footnotes":""},"categories":[1,12632,303,24099,24127],"tags":[801,808,2064,762,24185,24188,1047,381],"class_list":{"0":"post-241826","1":"post","2":"type-post","3":"status-publish","4":"format-standard","6":"category-noticias","7":"category-seccional-arauca","8":"category-seccionales","9":"category-seguridad-territorial","10":"category-violencia-sexual-e-intrafamiliar","11":"tag-abuso-sexual","12":"tag-capturas","13":"tag-contrabando","14":"tag-eln","15":"tag-fiscal-barbosa","16":"tag-fiscal-francisco-barbosa","17":"tag-fiscalia-general-de-la-nacion","18":"tag-terrorismo"},"yoast_head":"<!-- This site is optimized with the Yoast SEO plugin v24.3 - https:\/\/yoast.com\/wordpress\/plugins\/seo\/ -->\n<title>Fiscal\u00eda General de la Naci\u00f3n<\/title>\n<meta name=\"description\" content=\"P\u00e1gina oficial de la Fiscal\u00eda General de la Naci\u00f3n \u2013 Colombia. Garantizamos el acceso efectivo a la justicia, la verdad y la reparaci\u00f3n de las v\u00edctimas de los delitos.\" \/>\n<meta name=\"robots\" content=\"noindex, follow\" \/>\n<meta property=\"og:locale\" content=\"es_ES\" \/>\n<meta property=\"og:type\" content=\"article\" \/>\n<meta property=\"og:title\" content=\"Fiscal\u00eda General de la Naci\u00f3n\" \/>\n<meta property=\"og:description\" content=\"P\u00e1gina oficial de la Fiscal\u00eda General de la Naci\u00f3n \u2013 Colombia. Garantizamos el acceso efectivo a la justicia, la verdad y la reparaci\u00f3n de las v\u00edctimas de los delitos.\" \/>\n<meta property=\"og:url\" content=\"https:\/\/www.fiscalia.gov.co\/colombia\/noticias\/en-2021-fiscalia-impacto-estructuras-del-eln-y-logro-combatir-los-delitos-sexuales-en-arauca\/\" \/>\n<meta property=\"og:site_name\" content=\"Fiscal\u00eda General de la Naci\u00f3n\" \/>\n<meta property=\"article:publisher\" content=\"https:\/\/www.facebook.com\/FiscaliaCol\" \/>\n<meta property=\"article:published_time\" content=\"2022-02-23T17:25:52+00:00\" \/>\n<meta property=\"og:image\" content=\"https:\/\/www.fiscalia.gov.co\/colombia\/wp-content\/uploads\/Fiscal-Francisco-Barbosa_ELN_Arauca_Capturas-1024x516.jpeg\" \/>\n<meta name=\"author\" content=\"Jordan Leandro Oviedo Anzola\" \/>\n<meta name=\"twitter:card\" content=\"summary_large_image\" \/>\n<meta name=\"twitter:creator\" content=\"@FiscaliaCol\" \/>\n<meta name=\"twitter:site\" content=\"@FiscaliaCol\" \/>\n<meta name=\"twitter:label1\" content=\"Escrito por\" \/>\n\t<meta name=\"twitter:data1\" content=\"Jordan Leandro Oviedo Anzola\" \/>\n\t<meta name=\"twitter:label2\" content=\"Tiempo de lectura\" \/>\n\t<meta name=\"twitter:data2\" content=\"6 minutos\" \/>\n<script type=\"application\/ld+json\" class=\"yoast-schema-graph\">{\"@context\":\"https:\/\/schema.org\",\"@graph\":[{\"@type\":\"Article\",\"@id\":\"https:\/\/www.fiscalia.gov.co\/colombia\/noticias\/en-2021-fiscalia-impacto-estructuras-del-eln-y-logro-combatir-los-delitos-sexuales-en-arauca\/#article\",\"isPartOf\":{\"@id\":\"https:\/\/www.fiscalia.gov.co\/colombia\/noticias\/en-2021-fiscalia-impacto-estructuras-del-eln-y-logro-combatir-los-delitos-sexuales-en-arauca\/\"},\"author\":{\"name\":\"Jordan Leandro Oviedo Anzola\",\"@id\":\"https:\/\/www.fiscalia.gov.co\/colombia\/#\/schema\/person\/bf84402cf293a5393e9c70b111020b24\"},\"headline\":\"En 2021, Fiscal\u00eda impact\u00f3 estructuras del ELN y logr\u00f3 combatir los delitos sexuales en Arauca\",\"datePublished\":\"2022-02-23T17:25:52+00:00\",\"dateModified\":\"2022-02-23T17:25:52+00:00\",\"mainEntityOfPage\":{\"@id\":\"https:\/\/www.fiscalia.gov.co\/colombia\/noticias\/en-2021-fiscalia-impacto-estructuras-del-eln-y-logro-combatir-los-delitos-sexuales-en-arauca\/\"},\"wordCount\":1159,\"publisher\":{\"@id\":\"https:\/\/www.fiscalia.gov.co\/colombia\/#organization\"},\"image\":{\"@id\":\"https:\/\/www.fiscalia.gov.co\/colombia\/noticias\/en-2021-fiscalia-impacto-estructuras-del-eln-y-logro-combatir-los-delitos-sexuales-en-arauca\/#primaryimage\"},\"thumbnailUrl\":\"https:\/\/www.fiscalia.gov.co\/colombia\/wp-content\/uploads\/Fiscal-Francisco-Barbosa_ELN_Arauca_Capturas-1024x516.jpeg\",\"keywords\":[\"Abuso sexual\",\"Capturas\",\"Contrabando\",\"Eln\",\"Fiscal Barbosa\",\"Fiscal Francisco Barbosa\",\"Fiscal\u00eda General de la Naci\u00f3n\",\"Terrorismo\"],\"articleSection\":[\"Noticias\",\"Seccional Arauca\",\"Seccionales\",\"Seguridad territorial\",\"Violencia sexual e intrafamiliar\"],\"inLanguage\":\"es-CO\"},{\"@type\":\"WebPage\",\"@id\":\"https:\/\/www.fiscalia.gov.co\/colombia\/noticias\/en-2021-fiscalia-impacto-estructuras-del-eln-y-logro-combatir-los-delitos-sexuales-en-arauca\/\",\"url\":\"https:\/\/www.fiscalia.gov.co\/colombia\/noticias\/en-2021-fiscalia-impacto-estructuras-del-eln-y-logro-combatir-los-delitos-sexuales-en-arauca\/\",\"name\":\"Fiscal\u00eda General de la Naci\u00f3n\",\"isPartOf\":{\"@id\":\"https:\/\/www.fiscalia.gov.co\/colombia\/#website\"},\"primaryImageOfPage\":{\"@id\":\"https:\/\/www.fiscalia.gov.co\/colombia\/noticias\/en-2021-fiscalia-impacto-estructuras-del-eln-y-logro-combatir-los-delitos-sexuales-en-arauca\/#primaryimage\"},\"image\":{\"@id\":\"https:\/\/www.fiscalia.gov.co\/colombia\/noticias\/en-2021-fiscalia-impacto-estructuras-del-eln-y-logro-combatir-los-delitos-sexuales-en-arauca\/#primaryimage\"},\"thumbnailUrl\":\"https:\/\/www.fiscalia.gov.co\/colombia\/wp-content\/uploads\/Fiscal-Francisco-Barbosa_ELN_Arauca_Capturas-1024x516.jpeg\",\"datePublished\":\"2022-02-23T17:25:52+00:00\",\"dateModified\":\"2022-02-23T17:25:52+00:00\",\"description\":\"P\u00e1gina oficial de la Fiscal\u00eda General de la Naci\u00f3n \u2013 Colombia. Garantizamos el acceso efectivo a la justicia, la verdad y la reparaci\u00f3n de las v\u00edctimas de los delitos.\",\"breadcrumb\":{\"@id\":\"https:\/\/www.fiscalia.gov.co\/colombia\/noticias\/en-2021-fiscalia-impacto-estructuras-del-eln-y-logro-combatir-los-delitos-sexuales-en-arauca\/#breadcrumb\"},\"inLanguage\":\"es-CO\",\"potentialAction\":[{\"@type\":\"ReadAction\",\"target\":[\"https:\/\/www.fiscalia.gov.co\/colombia\/noticias\/en-2021-fiscalia-impacto-estructuras-del-eln-y-logro-combatir-los-delitos-sexuales-en-arauca\/\"]}]},{\"@type\":\"ImageObject\",\"inLanguage\":\"es-CO\",\"@id\":\"https:\/\/www.fiscalia.gov.co\/colombia\/noticias\/en-2021-fiscalia-impacto-estructuras-del-eln-y-logro-combatir-los-delitos-sexuales-en-arauca\/#primaryimage\",\"url\":\"https:\/\/www.fiscalia.gov.co\/colombia\/wp-content\/uploads\/Fiscal-Francisco-Barbosa_ELN_Arauca_Capturas-1024x516.jpeg\",\"contentUrl\":\"https:\/\/www.fiscalia.gov.co\/colombia\/wp-content\/uploads\/Fiscal-Francisco-Barbosa_ELN_Arauca_Capturas-1024x516.jpeg\"},{\"@type\":\"BreadcrumbList\",\"@id\":\"https:\/\/www.fiscalia.gov.co\/colombia\/noticias\/en-2021-fiscalia-impacto-estructuras-del-eln-y-logro-combatir-los-delitos-sexuales-en-arauca\/#breadcrumb\",\"itemListElement\":[{\"@type\":\"ListItem\",\"position\":1,\"name\":\"Home\",\"item\":\"https:\/\/www.fiscalia.gov.co\/colombia\/\"},{\"@type\":\"ListItem\",\"position\":2,\"name\":\"En 2021, Fiscal\u00eda impact\u00f3 estructuras del ELN y logr\u00f3 combatir los delitos sexuales en Arauca\"}]},{\"@type\":\"WebSite\",\"@id\":\"https:\/\/www.fiscalia.gov.co\/colombia\/#website\",\"url\":\"https:\/\/www.fiscalia.gov.co\/colombia\/\",\"name\":\"Fiscal\u00eda General de la Naci\u00f3n\",\"description\":\"P\u00e1gina oficial de la Fiscal\u00eda General de la Naci\u00f3n \u2013 Colombia. Garantizamos el acceso efectivo a la justicia, la verdad y la reparaci\u00f3n de las v\u00edctimas de los delitos.\",\"publisher\":{\"@id\":\"https:\/\/www.fiscalia.gov.co\/colombia\/#organization\"},\"potentialAction\":[{\"@type\":\"SearchAction\",\"target\":{\"@type\":\"EntryPoint\",\"urlTemplate\":\"https:\/\/www.fiscalia.gov.co\/colombia\/?s={search_term_string}\"},\"query-input\":{\"@type\":\"PropertyValueSpecification\",\"valueRequired\":true,\"valueName\":\"search_term_string\"}}],\"inLanguage\":\"es-CO\"},{\"@type\":\"Organization\",\"@id\":\"https:\/\/www.fiscalia.gov.co\/colombia\/#organization\",\"name\":\"Fiscal\u00eda General de la Naci\u00f3n\",\"url\":\"https:\/\/www.fiscalia.gov.co\/colombia\/\",\"logo\":{\"@type\":\"ImageObject\",\"inLanguage\":\"es-CO\",\"@id\":\"https:\/\/www.fiscalia.gov.co\/colombia\/#\/schema\/logo\/image\/\",\"url\":\"https:\/\/www.fiscalia.gov.co\/colombia\/wp-content\/uploads\/LogoHorizontal_1.jpg\",\"contentUrl\":\"https:\/\/www.fiscalia.gov.co\/colombia\/wp-content\/uploads\/LogoHorizontal_1.jpg\",\"width\":300,\"height\":90,\"caption\":\"Fiscal\u00eda General de la Naci\u00f3n\"},\"image\":{\"@id\":\"https:\/\/www.fiscalia.gov.co\/colombia\/#\/schema\/logo\/image\/\"},\"sameAs\":[\"https:\/\/www.facebook.com\/FiscaliaCol\",\"https:\/\/x.com\/FiscaliaCol\",\"https:\/\/www.instagram.com\/fiscaliacol\",\"https:\/\/www.linkedin.com\/company\/fiscalia-general-de-la-naci-n\/\",\"https:\/\/youtube.com\/@fiscaliageneraldelanacion-4668?si=6nN79nyQICPU5iTh\"]},{\"@type\":\"Person\",\"@id\":\"https:\/\/www.fiscalia.gov.co\/colombia\/#\/schema\/person\/bf84402cf293a5393e9c70b111020b24\",\"name\":\"Jordan Leandro Oviedo Anzola\",\"image\":{\"@type\":\"ImageObject\",\"inLanguage\":\"es-CO\",\"@id\":\"https:\/\/www.fiscalia.gov.co\/colombia\/#\/schema\/person\/image\/\",\"url\":\"https:\/\/secure.gravatar.com\/avatar\/dabba4346fa9b9207d96adafa8f92721?s=96&d=mm&r=g\",\"contentUrl\":\"https:\/\/secure.gravatar.com\/avatar\/dabba4346fa9b9207d96adafa8f92721?s=96&d=mm&r=g\",\"caption\":\"Jordan Leandro Oviedo Anzola\"},\"url\":\"https:\/\/www.fiscalia.gov.co\/colombia\/author\/joviedo\/\"}]}<\/script>\n<!-- \/ Yoast SEO plugin. -->","yoast_head_json":{"title":"Fiscal\u00eda General de la Naci\u00f3n","description":"P\u00e1gina oficial de la Fiscal\u00eda General de la Naci\u00f3n \u2013 Colombia. Garantizamos el acceso efectivo a la justicia, la verdad y la reparaci\u00f3n de las v\u00edctimas de los delitos.","robots":{"index":"noindex","follow":"follow"},"og_locale":"es_ES","og_type":"article","og_title":"Fiscal\u00eda General de la Naci\u00f3n","og_description":"P\u00e1gina oficial de la Fiscal\u00eda General de la Naci\u00f3n \u2013 Colombia. Garantizamos el acceso efectivo a la justicia, la verdad y la reparaci\u00f3n de las v\u00edctimas de los delitos.","og_url":"https:\/\/www.fiscalia.gov.co\/colombia\/noticias\/en-2021-fiscalia-impacto-estructuras-del-eln-y-logro-combatir-los-delitos-sexuales-en-arauca\/","og_site_name":"Fiscal\u00eda General de la Naci\u00f3n","article_publisher":"https:\/\/www.facebook.com\/FiscaliaCol","article_published_time":"2022-02-23T17:25:52+00:00","og_image":[{"url":"https:\/\/www.fiscalia.gov.co\/colombia\/wp-content\/uploads\/Fiscal-Francisco-Barbosa_ELN_Arauca_Capturas-1024x516.jpeg","type":"","width":"","height":""}],"author":"Jordan Leandro Oviedo Anzola","twitter_card":"summary_large_image","twitter_creator":"@FiscaliaCol","twitter_site":"@FiscaliaCol","twitter_misc":{"Escrito por":"Jordan Leandro Oviedo Anzola","Tiempo de lectura":"6 minutos"},"schema":{"@context":"https:\/\/schema.org","@graph":[{"@type":"Article","@id":"https:\/\/www.fiscalia.gov.co\/colombia\/noticias\/en-2021-fiscalia-impacto-estructuras-del-eln-y-logro-combatir-los-delitos-sexuales-en-arauca\/#article","isPartOf":{"@id":"https:\/\/www.fiscalia.gov.co\/colombia\/noticias\/en-2021-fiscalia-impacto-estructuras-del-eln-y-logro-combatir-los-delitos-sexuales-en-arauca\/"},"author":{"name":"Jordan Leandro Oviedo Anzola","@id":"https:\/\/www.fiscalia.gov.co\/colombia\/#\/schema\/person\/bf84402cf293a5393e9c70b111020b24"},"headline":"En 2021, Fiscal\u00eda impact\u00f3 estructuras del ELN y logr\u00f3 combatir los delitos sexuales en Arauca","datePublished":"2022-02-23T17:25:52+00:00","dateModified":"2022-02-23T17:25:52+00:00","mainEntityOfPage":{"@id":"https:\/\/www.fiscalia.gov.co\/colombia\/noticias\/en-2021-fiscalia-impacto-estructuras-del-eln-y-logro-combatir-los-delitos-sexuales-en-arauca\/"},"wordCount":1159,"publisher":{"@id":"https:\/\/www.fiscalia.gov.co\/colombia\/#organization"},"image":{"@id":"https:\/\/www.fiscalia.gov.co\/colombia\/noticias\/en-2021-fiscalia-impacto-estructuras-del-eln-y-logro-combatir-los-delitos-sexuales-en-arauca\/#primaryimage"},"thumbnailUrl":"https:\/\/www.fiscalia.gov.co\/colombia\/wp-content\/uploads\/Fiscal-Francisco-Barbosa_ELN_Arauca_Capturas-1024x516.jpeg","keywords":["Abuso sexual","Capturas","Contrabando","Eln","Fiscal Barbosa","Fiscal Francisco Barbosa","Fiscal\u00eda General de la Naci\u00f3n","Terrorismo"],"articleSection":["Noticias","Seccional Arauca","Seccionales","Seguridad territorial","Violencia sexual e intrafamiliar"],"inLanguage":"es-CO"},{"@type":"WebPage","@id":"https:\/\/www.fiscalia.gov.co\/colombia\/noticias\/en-2021-fiscalia-impacto-estructuras-del-eln-y-logro-combatir-los-delitos-sexuales-en-arauca\/","url":"https:\/\/www.fiscalia.gov.co\/colombia\/noticias\/en-2021-fiscalia-impacto-estructuras-del-eln-y-logro-combatir-los-delitos-sexuales-en-arauca\/","name":"Fiscal\u00eda General de la Naci\u00f3n","isPartOf":{"@id":"https:\/\/www.fiscalia.gov.co\/colombia\/#website"},"primaryImageOfPage":{"@id":"https:\/\/www.fiscalia.gov.co\/colombia\/noticias\/en-2021-fiscalia-impacto-estructuras-del-eln-y-logro-combatir-los-delitos-sexuales-en-arauca\/#primaryimage"},"image":{"@id":"https:\/\/www.fiscalia.gov.co\/colombia\/noticias\/en-2021-fiscalia-impacto-estructuras-del-eln-y-logro-combatir-los-delitos-sexuales-en-arauca\/#primaryimage"},"thumbnailUrl":"https:\/\/www.fiscalia.gov.co\/colombia\/wp-content\/uploads\/Fiscal-Francisco-Barbosa_ELN_Arauca_Capturas-1024x516.jpeg","datePublished":"2022-02-23T17:25:52+00:00","dateModified":"2022-02-23T17:25:52+00:00","description":"P\u00e1gina oficial de la Fiscal\u00eda General de la Naci\u00f3n \u2013 Colombia. Garantizamos el acceso efectivo a la justicia, la verdad y la reparaci\u00f3n de las v\u00edctimas de los delitos.","breadcrumb":{"@id":"https:\/\/www.fiscalia.gov.co\/colombia\/noticias\/en-2021-fiscalia-impacto-estructuras-del-eln-y-logro-combatir-los-delitos-sexuales-en-arauca\/#breadcrumb"},"inLanguage":"es-CO","potentialAction":[{"@type":"ReadAction","target":["https:\/\/www.fiscalia.gov.co\/colombia\/noticias\/en-2021-fiscalia-impacto-estructuras-del-eln-y-logro-combatir-los-delitos-sexuales-en-arauca\/"]}]},{"@type":"ImageObject","inLanguage":"es-CO","@id":"https:\/\/www.fiscalia.gov.co\/colombia\/noticias\/en-2021-fiscalia-impacto-estructuras-del-eln-y-logro-combatir-los-delitos-sexuales-en-arauca\/#primaryimage","url":"https:\/\/www.fiscalia.gov.co\/colombia\/wp-content\/uploads\/Fiscal-Francisco-Barbosa_ELN_Arauca_Capturas-1024x516.jpeg","contentUrl":"https:\/\/www.fiscalia.gov.co\/colombia\/wp-content\/uploads\/Fiscal-Francisco-Barbosa_ELN_Arauca_Capturas-1024x516.jpeg"},{"@type":"BreadcrumbList","@id":"https:\/\/www.fiscalia.gov.co\/colombia\/noticias\/en-2021-fiscalia-impacto-estructuras-del-eln-y-logro-combatir-los-delitos-sexuales-en-arauca\/#breadcrumb","itemListElement":[{"@type":"ListItem","position":1,"name":"Home","item":"https:\/\/www.fiscalia.gov.co\/colombia\/"},{"@type":"ListItem","position":2,"name":"En 2021, Fiscal\u00eda impact\u00f3 estructuras del ELN y logr\u00f3 combatir los delitos sexuales en Arauca"}]},{"@type":"WebSite","@id":"https:\/\/www.fiscalia.gov.co\/colombia\/#website","url":"https:\/\/www.fiscalia.gov.co\/colombia\/","name":"Fiscal\u00eda General de la Naci\u00f3n","description":"P\u00e1gina oficial de la Fiscal\u00eda General de la Naci\u00f3n \u2013 Colombia. Garantizamos el acceso efectivo a la justicia, la verdad y la reparaci\u00f3n de las v\u00edctimas de los delitos.","publisher":{"@id":"https:\/\/www.fiscalia.gov.co\/colombia\/#organization"},"potentialAction":[{"@type":"SearchAction","target":{"@type":"EntryPoint","urlTemplate":"https:\/\/www.fiscalia.gov.co\/colombia\/?s={search_term_string}"},"query-input":{"@type":"PropertyValueSpecification","valueRequired":true,"valueName":"search_term_string"}}],"inLanguage":"es-CO"},{"@type":"Organization","@id":"https:\/\/www.fiscalia.gov.co\/colombia\/#organization","name":"Fiscal\u00eda General de la Naci\u00f3n","url":"https:\/\/www.fiscalia.gov.co\/colombia\/","logo":{"@type":"ImageObject","inLanguage":"es-CO","@id":"https:\/\/www.fiscalia.gov.co\/colombia\/#\/schema\/logo\/image\/","url":"https:\/\/www.fiscalia.gov.co\/colombia\/wp-content\/uploads\/LogoHorizontal_1.jpg","contentUrl":"https:\/\/www.fiscalia.gov.co\/colombia\/wp-content\/uploads\/LogoHorizontal_1.jpg","width":300,"height":90,"caption":"Fiscal\u00eda General de la Naci\u00f3n"},"image":{"@id":"https:\/\/www.fiscalia.gov.co\/colombia\/#\/schema\/logo\/image\/"},"sameAs":["https:\/\/www.facebook.com\/FiscaliaCol","https:\/\/x.com\/FiscaliaCol","https:\/\/www.instagram.com\/fiscaliacol","https:\/\/www.linkedin.com\/company\/fiscalia-general-de-la-naci-n\/","https:\/\/youtube.com\/@fiscaliageneraldelanacion-4668?si=6nN79nyQICPU5iTh"]},{"@type":"Person","@id":"https:\/\/www.fiscalia.gov.co\/colombia\/#\/schema\/person\/bf84402cf293a5393e9c70b111020b24","name":"Jordan Leandro Oviedo Anzola","image":{"@type":"ImageObject","inLanguage":"es-CO","@id":"https:\/\/www.fiscalia.gov.co\/colombia\/#\/schema\/person\/image\/","url":"https:\/\/secure.gravatar.com\/avatar\/dabba4346fa9b9207d96adafa8f92721?s=96&d=mm&r=g","contentUrl":"https:\/\/secure.gravatar.com\/avatar\/dabba4346fa9b9207d96adafa8f92721?s=96&d=mm&r=g","caption":"Jordan Leandro Oviedo Anzola"},"url":"https:\/\/www.fiscalia.gov.co\/colombia\/author\/joviedo\/"}]}},"_links":{"self":[{"href":"https:\/\/www.fiscalia.gov.co\/colombia\/wp-json\/wp\/v2\/posts\/241826","targetHints":{"allow":["GET"]}}],"collection":[{"href":"https:\/\/www.fiscalia.gov.co\/colombia\/wp-json\/wp\/v2\/posts"}],"about":[{"href":"https:\/\/www.fiscalia.gov.co\/colombia\/wp-json\/wp\/v2\/types\/post"}],"author":[{"embeddable":true,"href":"https:\/\/www.fiscalia.gov.co\/colombia\/wp-json\/wp\/v2\/users\/177"}],"replies":[{"embeddable":true,"href":"https:\/\/www.fiscalia.gov.co\/colombia\/wp-json\/wp\/v2\/comments?post=241826"}],"version-history":[{"count":1,"href":"https:\/\/www.fiscalia.gov.co\/colombia\/wp-json\/wp\/v2\/posts\/241826\/revisions"}],"predecessor-version":[{"id":241828,"href":"https:\/\/www.fiscalia.gov.co\/colombia\/wp-json\/wp\/v2\/posts\/241826\/revisions\/241828"}],"wp:attachment":[{"href":"https:\/\/www.fiscalia.gov.co\/colombia\/wp-json\/wp\/v2\/media?parent=241826"}],"wp:term":[{"taxonomy":"category","embeddable":true,"href":"https:\/\/www.fiscalia.gov.co\/colombia\/wp-json\/wp\/v2\/categories?post=241826"},{"taxonomy":"post_tag","embeddable":true,"href":"https:\/\/www.fiscalia.gov.co\/colombia\/wp-json\/wp\/v2\/tags?post=241826"}],"curies":[{"name":"wp","href":"https:\/\/api.w.org\/{rel}","templated":true}]}}