{"id":241802,"date":"2022-02-23T10:05:17","date_gmt":"2022-02-23T15:05:17","guid":{"rendered":"https:\/\/www.fiscalia.gov.co\/colombia\/?p=241802"},"modified":"2022-02-23T10:26:27","modified_gmt":"2022-02-23T15:26:27","slug":"detencion-preventiva-para-un-hombre-que-habria-intentado-matar-a-una-mujer-porque-no-quiso-sostener-relaciones-relaciones-sexuales","status":"publish","type":"post","link":"https:\/\/www.fiscalia.gov.co\/colombia\/noticias\/detencion-preventiva-para-un-hombre-que-habria-intentado-matar-a-una-mujer-porque-no-quiso-sostener-relaciones-relaciones-sexuales\/","title":{"rendered":"Detenci\u00f3n preventiva para un hombre que habr\u00eda intentado matar a una mujer porque no quiso sostener relaciones sexuales"},"content":{"rendered":"<p>La Fiscal\u00eda General de La Naci\u00f3n obtuvo\u00a0<b>medida de aseguramiento en centro carcelario<\/b> en contra de Amilcar Fair Mosquera C\u00f3rdoba, alias &#8216;Chichi&#8217;, por ser posible autor de la conducta de <b>feminicidio en modalidad de tentativa<\/b>.\u00a0<u><\/u>\u00a0<u><\/u><\/p>\n<p>La investigaci\u00f3n da cuenta que el 9 de septiembre de 2021, en un establecimiento comercial ubicado en el barrio El Progreso en Mocoa (Putumayo), al parecer agredi\u00f3 de manera violenta a una\u00a0\u00a0mujer\u00a0\u00a0de ciudadan\u00eda venezolana de 19 a\u00f1os,\u00a0<b>propin\u00e1ndole un golpe en la cabeza con una botella<\/b>.<u><\/u>\u00a0<u><\/u><\/p>\n<p>Con el mismo elemento se presume intent\u00f3\u00a0<b>cortarle el cuello y la cara<\/b>, caus\u00e1ndole heridas que le generaron una\u00a0\u00a0<b>incapacidad provisional de 20 d\u00edas<\/b>.\u00a0<u><\/u>\u00a0<u><\/u><\/p>\n<p>Los actos de violencia se habr\u00edan dado ante la\u00a0<b>negativa de la v\u00edctima de sostener relaciones sexuales con el indiciado<\/b>, quien la amenaz\u00f3 con causarle da\u00f1o.\u00a0<u><\/u>\u00a0<u><\/u><\/p>\n<p>Tras los hechos, Mosquera C\u00f3rdoba al parecer\u00a0<b>le mandaba mensajes y la llamaba<\/b>\u00a0para continuar con las amenazas e incluso le habr\u00eda\u00a0<b>ofrecido un mill\u00f3n de pesos para que no denunciara el caso<\/b>.\u00a0<u><\/u>\u00a0<u><\/u><\/p>\n<p>La captura por orden judicial la realizaron unidades de la Sij\u00edn en el Barrio Los Prados de Mocoa en d\u00edas pasados. El imputado no acept\u00f3 su responsabilidad en los hechos.<u><\/u>\u00a0<u><\/u><\/p>\n<p>La Fiscal\u00eda hace p\u00fablica esta informaci\u00f3n por razones de inter\u00e9s general.\u00a0<u><\/u>\u00a0<u><\/u><\/p>\n<p>Tambi\u00e9n le puede interesar:\u00a0<a title=\"Aseguran a hombre investigado por feminicidio de su expareja y el homicidio de su propio hijo\" href=\"https:\/\/www.fiscalia.gov.co\/colombia\/noticias\/aseguran-a-hombre-investigado-por-feminicidio-de-su-expareja-y-el-homicidio-de-su-propio-hijo\/\" target=\"_blank\" rel=\"noopener noreferrer\" data-saferedirecturl=\"https:\/\/www.google.com\/url?q=https:\/\/www.fiscalia.gov.co\/colombia\/noticias\/aseguran-a-hombre-investigado-por-feminicidio-de-su-expareja-y-el-homicidio-de-su-propio-hijo\/&amp;source=gmail&amp;ust=1645712922791000&amp;usg=AOvVaw2ZkYyCnM-94aQIpImgAevs\">Aseguran a hombre investigado por\u00a0feminicidio\u00a0de su expareja y el homicidio de su propio hijo<\/a><\/p>\n<p>&nbsp;<\/p>\n<p>LMGM\/CFG\/<u><\/u>\u00a0GRM<u><\/u><\/p>\n<p><u><\/u>\u00a0<u><\/u><\/p>\n<p><i>La informaci\u00f3n contenida en este bolet\u00edn\u00a0de\u00a0prensa corresponde a la narraci\u00f3n\u00a0de\u00a0los hechos noticiosos objetivos, suministrados por los funcionarios encargados\u00a0de\u00a0adelantar las investigaciones penales al interior\u00a0de\u00a0la Fiscal\u00eda General\u00a0de\u00a0la Naci\u00f3n. Para el momento\u00a0de\u00a0la divulgaci\u00f3n\u00a0de\u00a0este comunicado, la situaci\u00f3n jur\u00eddica\u00a0de\u00a0la(s) persona(s) relacionada(s) se encuentra pendiente\u00a0de\u00a0resolver por la autoridad judicial competente, siempre bajo los preceptos\u00a0de\u00a0la presunci\u00f3n\u00a0de\u00a0inocencia, consagrados en el art\u00edculo 29\u00a0de\u00a0la Constituci\u00f3n Pol\u00edtica y el art\u00edculo 7\u00ba\u00a0de\u00a0la Ley 906\u00a0de\u00a02004.<\/i><\/p>\n\n<div class=\"twitter-share\"><a href=\"https:\/\/twitter.com\/intent\/tweet?via=fiscaliacol\" class=\"twitter-share-button\">Tweet<\/a><\/div>\n","protected":false},"excerpt":{"rendered":"<p>La Fiscal\u00eda General de La Naci\u00f3n obtuvo\u00a0medida de aseguramiento en centro carcelario en contra de Amilcar Fair Mosquera C\u00f3rdoba, alias &#8216;Chichi&#8217;, por ser posible autor de la conducta de feminicidio en modalidad de tentativa.\u00a0\u00a0 La investigaci\u00f3n da cuenta que el 9 de septiembre de 2021, en un establecimiento comercial ubicado en el barrio El Progreso [&hellip;]<\/p>\n","protected":false},"author":177,"featured_media":0,"comment_status":"closed","ping_status":"open","sticky":false,"template":"","format":"standard","meta":{"tdm_status":"","tdm_grid_status":"","footnotes":""},"categories":[1,2910,303,24099],"tags":[25862,3119,19111,24947,24185,24188,1047,30593,30592,23889,2279],"class_list":{"0":"post-241802","1":"post","2":"type-post","3":"status-publish","4":"format-standard","6":"category-noticias","7":"category-seccional-mocoa","8":"category-seccionales","9":"category-seguridad-territorial","10":"tag-agresiones-fisicas","11":"tag-amenazas","12":"tag-dinero","13":"tag-feminicidio-tentado","14":"tag-fiscal-barbosa","15":"tag-fiscal-francisco-barbosa","16":"tag-fiscalia-general-de-la-nacion","17":"tag-llamadas","18":"tag-mensajes","19":"tag-mocoa","20":"tag-putumayo"},"yoast_head":"<!-- This site is optimized with the Yoast SEO plugin v24.3 - https:\/\/yoast.com\/wordpress\/plugins\/seo\/ -->\n<title>Fiscal\u00eda General de la Naci\u00f3n<\/title>\n<meta name=\"description\" content=\"P\u00e1gina oficial de la Fiscal\u00eda General de la Naci\u00f3n \u2013 Colombia. Garantizamos el acceso efectivo a la justicia, la verdad y la reparaci\u00f3n de las v\u00edctimas de los delitos.\" \/>\n<meta name=\"robots\" content=\"noindex, follow\" \/>\n<meta property=\"og:locale\" content=\"es_ES\" \/>\n<meta property=\"og:type\" content=\"article\" \/>\n<meta property=\"og:title\" content=\"Fiscal\u00eda General de la Naci\u00f3n\" \/>\n<meta property=\"og:description\" content=\"P\u00e1gina oficial de la Fiscal\u00eda General de la Naci\u00f3n \u2013 Colombia. Garantizamos el acceso efectivo a la justicia, la verdad y la reparaci\u00f3n de las v\u00edctimas de los delitos.\" \/>\n<meta property=\"og:url\" content=\"https:\/\/www.fiscalia.gov.co\/colombia\/noticias\/detencion-preventiva-para-un-hombre-que-habria-intentado-matar-a-una-mujer-porque-no-quiso-sostener-relaciones-relaciones-sexuales\/\" \/>\n<meta property=\"og:site_name\" content=\"Fiscal\u00eda General de la Naci\u00f3n\" \/>\n<meta property=\"article:publisher\" content=\"https:\/\/www.facebook.com\/FiscaliaCol\" \/>\n<meta property=\"article:published_time\" content=\"2022-02-23T15:05:17+00:00\" \/>\n<meta property=\"article:modified_time\" content=\"2022-02-23T15:26:27+00:00\" \/>\n<meta name=\"author\" content=\"Jordan Leandro Oviedo Anzola\" \/>\n<meta name=\"twitter:card\" content=\"summary_large_image\" \/>\n<meta name=\"twitter:creator\" content=\"@FiscaliaCol\" \/>\n<meta name=\"twitter:site\" content=\"@FiscaliaCol\" \/>\n<meta name=\"twitter:label1\" content=\"Escrito por\" \/>\n\t<meta name=\"twitter:data1\" content=\"Jordan Leandro Oviedo Anzola\" \/>\n\t<meta name=\"twitter:label2\" content=\"Tiempo de lectura\" \/>\n\t<meta name=\"twitter:data2\" content=\"2 minutos\" \/>\n<script type=\"application\/ld+json\" class=\"yoast-schema-graph\">{\"@context\":\"https:\/\/schema.org\",\"@graph\":[{\"@type\":\"Article\",\"@id\":\"https:\/\/www.fiscalia.gov.co\/colombia\/noticias\/detencion-preventiva-para-un-hombre-que-habria-intentado-matar-a-una-mujer-porque-no-quiso-sostener-relaciones-relaciones-sexuales\/#article\",\"isPartOf\":{\"@id\":\"https:\/\/www.fiscalia.gov.co\/colombia\/noticias\/detencion-preventiva-para-un-hombre-que-habria-intentado-matar-a-una-mujer-porque-no-quiso-sostener-relaciones-relaciones-sexuales\/\"},\"author\":{\"name\":\"Jordan Leandro Oviedo Anzola\",\"@id\":\"https:\/\/www.fiscalia.gov.co\/colombia\/#\/schema\/person\/bf84402cf293a5393e9c70b111020b24\"},\"headline\":\"Detenci\u00f3n preventiva para un hombre que habr\u00eda intentado matar a una mujer porque no quiso sostener relaciones sexuales\",\"datePublished\":\"2022-02-23T15:05:17+00:00\",\"dateModified\":\"2022-02-23T15:26:27+00:00\",\"mainEntityOfPage\":{\"@id\":\"https:\/\/www.fiscalia.gov.co\/colombia\/noticias\/detencion-preventiva-para-un-hombre-que-habria-intentado-matar-a-una-mujer-porque-no-quiso-sostener-relaciones-relaciones-sexuales\/\"},\"wordCount\":371,\"publisher\":{\"@id\":\"https:\/\/www.fiscalia.gov.co\/colombia\/#organization\"},\"keywords\":[\"agresiones f\u00edsicas\",\"Amenazas\",\"Dinero\",\"feminicidio tentado\",\"Fiscal Barbosa\",\"Fiscal Francisco Barbosa\",\"Fiscal\u00eda General de la Naci\u00f3n\",\"llamadas\",\"mensajes\",\"Mocoa\",\"Putumayo\"],\"articleSection\":[\"Noticias\",\"Seccional Mocoa\",\"Seccionales\",\"Seguridad territorial\"],\"inLanguage\":\"es-CO\"},{\"@type\":\"WebPage\",\"@id\":\"https:\/\/www.fiscalia.gov.co\/colombia\/noticias\/detencion-preventiva-para-un-hombre-que-habria-intentado-matar-a-una-mujer-porque-no-quiso-sostener-relaciones-relaciones-sexuales\/\",\"url\":\"https:\/\/www.fiscalia.gov.co\/colombia\/noticias\/detencion-preventiva-para-un-hombre-que-habria-intentado-matar-a-una-mujer-porque-no-quiso-sostener-relaciones-relaciones-sexuales\/\",\"name\":\"Fiscal\u00eda General de la Naci\u00f3n\",\"isPartOf\":{\"@id\":\"https:\/\/www.fiscalia.gov.co\/colombia\/#website\"},\"datePublished\":\"2022-02-23T15:05:17+00:00\",\"dateModified\":\"2022-02-23T15:26:27+00:00\",\"description\":\"P\u00e1gina oficial de la Fiscal\u00eda General de la Naci\u00f3n \u2013 Colombia. Garantizamos el acceso efectivo a la justicia, la verdad y la reparaci\u00f3n de las v\u00edctimas de los delitos.\",\"breadcrumb\":{\"@id\":\"https:\/\/www.fiscalia.gov.co\/colombia\/noticias\/detencion-preventiva-para-un-hombre-que-habria-intentado-matar-a-una-mujer-porque-no-quiso-sostener-relaciones-relaciones-sexuales\/#breadcrumb\"},\"inLanguage\":\"es-CO\",\"potentialAction\":[{\"@type\":\"ReadAction\",\"target\":[\"https:\/\/www.fiscalia.gov.co\/colombia\/noticias\/detencion-preventiva-para-un-hombre-que-habria-intentado-matar-a-una-mujer-porque-no-quiso-sostener-relaciones-relaciones-sexuales\/\"]}]},{\"@type\":\"BreadcrumbList\",\"@id\":\"https:\/\/www.fiscalia.gov.co\/colombia\/noticias\/detencion-preventiva-para-un-hombre-que-habria-intentado-matar-a-una-mujer-porque-no-quiso-sostener-relaciones-relaciones-sexuales\/#breadcrumb\",\"itemListElement\":[{\"@type\":\"ListItem\",\"position\":1,\"name\":\"Home\",\"item\":\"https:\/\/www.fiscalia.gov.co\/colombia\/\"},{\"@type\":\"ListItem\",\"position\":2,\"name\":\"Detenci\u00f3n preventiva para un hombre que habr\u00eda intentado matar a una mujer porque no quiso sostener relaciones sexuales\"}]},{\"@type\":\"WebSite\",\"@id\":\"https:\/\/www.fiscalia.gov.co\/colombia\/#website\",\"url\":\"https:\/\/www.fiscalia.gov.co\/colombia\/\",\"name\":\"Fiscal\u00eda General de la Naci\u00f3n\",\"description\":\"P\u00e1gina oficial de la Fiscal\u00eda General de la Naci\u00f3n \u2013 Colombia. Garantizamos el acceso efectivo a la justicia, la verdad y la reparaci\u00f3n de las v\u00edctimas de los delitos.\",\"publisher\":{\"@id\":\"https:\/\/www.fiscalia.gov.co\/colombia\/#organization\"},\"potentialAction\":[{\"@type\":\"SearchAction\",\"target\":{\"@type\":\"EntryPoint\",\"urlTemplate\":\"https:\/\/www.fiscalia.gov.co\/colombia\/?s={search_term_string}\"},\"query-input\":{\"@type\":\"PropertyValueSpecification\",\"valueRequired\":true,\"valueName\":\"search_term_string\"}}],\"inLanguage\":\"es-CO\"},{\"@type\":\"Organization\",\"@id\":\"https:\/\/www.fiscalia.gov.co\/colombia\/#organization\",\"name\":\"Fiscal\u00eda General de la Naci\u00f3n\",\"url\":\"https:\/\/www.fiscalia.gov.co\/colombia\/\",\"logo\":{\"@type\":\"ImageObject\",\"inLanguage\":\"es-CO\",\"@id\":\"https:\/\/www.fiscalia.gov.co\/colombia\/#\/schema\/logo\/image\/\",\"url\":\"https:\/\/www.fiscalia.gov.co\/colombia\/wp-content\/uploads\/LogoHorizontal_1.jpg\",\"contentUrl\":\"https:\/\/www.fiscalia.gov.co\/colombia\/wp-content\/uploads\/LogoHorizontal_1.jpg\",\"width\":300,\"height\":90,\"caption\":\"Fiscal\u00eda General de la Naci\u00f3n\"},\"image\":{\"@id\":\"https:\/\/www.fiscalia.gov.co\/colombia\/#\/schema\/logo\/image\/\"},\"sameAs\":[\"https:\/\/www.facebook.com\/FiscaliaCol\",\"https:\/\/x.com\/FiscaliaCol\",\"https:\/\/www.instagram.com\/fiscaliacol\",\"https:\/\/www.linkedin.com\/company\/fiscalia-general-de-la-naci-n\/\",\"https:\/\/youtube.com\/@fiscaliageneraldelanacion-4668?si=6nN79nyQICPU5iTh\"]},{\"@type\":\"Person\",\"@id\":\"https:\/\/www.fiscalia.gov.co\/colombia\/#\/schema\/person\/bf84402cf293a5393e9c70b111020b24\",\"name\":\"Jordan Leandro Oviedo Anzola\",\"image\":{\"@type\":\"ImageObject\",\"inLanguage\":\"es-CO\",\"@id\":\"https:\/\/www.fiscalia.gov.co\/colombia\/#\/schema\/person\/image\/\",\"url\":\"https:\/\/secure.gravatar.com\/avatar\/dabba4346fa9b9207d96adafa8f92721?s=96&d=mm&r=g\",\"contentUrl\":\"https:\/\/secure.gravatar.com\/avatar\/dabba4346fa9b9207d96adafa8f92721?s=96&d=mm&r=g\",\"caption\":\"Jordan Leandro Oviedo Anzola\"},\"url\":\"https:\/\/www.fiscalia.gov.co\/colombia\/author\/joviedo\/\"}]}<\/script>\n<!-- \/ Yoast SEO plugin. -->","yoast_head_json":{"title":"Fiscal\u00eda General de la Naci\u00f3n","description":"P\u00e1gina oficial de la Fiscal\u00eda General de la Naci\u00f3n \u2013 Colombia. Garantizamos el acceso efectivo a la justicia, la verdad y la reparaci\u00f3n de las v\u00edctimas de los delitos.","robots":{"index":"noindex","follow":"follow"},"og_locale":"es_ES","og_type":"article","og_title":"Fiscal\u00eda General de la Naci\u00f3n","og_description":"P\u00e1gina oficial de la Fiscal\u00eda General de la Naci\u00f3n \u2013 Colombia. Garantizamos el acceso efectivo a la justicia, la verdad y la reparaci\u00f3n de las v\u00edctimas de los delitos.","og_url":"https:\/\/www.fiscalia.gov.co\/colombia\/noticias\/detencion-preventiva-para-un-hombre-que-habria-intentado-matar-a-una-mujer-porque-no-quiso-sostener-relaciones-relaciones-sexuales\/","og_site_name":"Fiscal\u00eda General de la Naci\u00f3n","article_publisher":"https:\/\/www.facebook.com\/FiscaliaCol","article_published_time":"2022-02-23T15:05:17+00:00","article_modified_time":"2022-02-23T15:26:27+00:00","author":"Jordan Leandro Oviedo Anzola","twitter_card":"summary_large_image","twitter_creator":"@FiscaliaCol","twitter_site":"@FiscaliaCol","twitter_misc":{"Escrito por":"Jordan Leandro Oviedo Anzola","Tiempo de lectura":"2 minutos"},"schema":{"@context":"https:\/\/schema.org","@graph":[{"@type":"Article","@id":"https:\/\/www.fiscalia.gov.co\/colombia\/noticias\/detencion-preventiva-para-un-hombre-que-habria-intentado-matar-a-una-mujer-porque-no-quiso-sostener-relaciones-relaciones-sexuales\/#article","isPartOf":{"@id":"https:\/\/www.fiscalia.gov.co\/colombia\/noticias\/detencion-preventiva-para-un-hombre-que-habria-intentado-matar-a-una-mujer-porque-no-quiso-sostener-relaciones-relaciones-sexuales\/"},"author":{"name":"Jordan Leandro Oviedo Anzola","@id":"https:\/\/www.fiscalia.gov.co\/colombia\/#\/schema\/person\/bf84402cf293a5393e9c70b111020b24"},"headline":"Detenci\u00f3n preventiva para un hombre que habr\u00eda intentado matar a una mujer porque no quiso sostener relaciones sexuales","datePublished":"2022-02-23T15:05:17+00:00","dateModified":"2022-02-23T15:26:27+00:00","mainEntityOfPage":{"@id":"https:\/\/www.fiscalia.gov.co\/colombia\/noticias\/detencion-preventiva-para-un-hombre-que-habria-intentado-matar-a-una-mujer-porque-no-quiso-sostener-relaciones-relaciones-sexuales\/"},"wordCount":371,"publisher":{"@id":"https:\/\/www.fiscalia.gov.co\/colombia\/#organization"},"keywords":["agresiones f\u00edsicas","Amenazas","Dinero","feminicidio tentado","Fiscal Barbosa","Fiscal Francisco Barbosa","Fiscal\u00eda General de la Naci\u00f3n","llamadas","mensajes","Mocoa","Putumayo"],"articleSection":["Noticias","Seccional Mocoa","Seccionales","Seguridad territorial"],"inLanguage":"es-CO"},{"@type":"WebPage","@id":"https:\/\/www.fiscalia.gov.co\/colombia\/noticias\/detencion-preventiva-para-un-hombre-que-habria-intentado-matar-a-una-mujer-porque-no-quiso-sostener-relaciones-relaciones-sexuales\/","url":"https:\/\/www.fiscalia.gov.co\/colombia\/noticias\/detencion-preventiva-para-un-hombre-que-habria-intentado-matar-a-una-mujer-porque-no-quiso-sostener-relaciones-relaciones-sexuales\/","name":"Fiscal\u00eda General de la Naci\u00f3n","isPartOf":{"@id":"https:\/\/www.fiscalia.gov.co\/colombia\/#website"},"datePublished":"2022-02-23T15:05:17+00:00","dateModified":"2022-02-23T15:26:27+00:00","description":"P\u00e1gina oficial de la Fiscal\u00eda General de la Naci\u00f3n \u2013 Colombia. Garantizamos el acceso efectivo a la justicia, la verdad y la reparaci\u00f3n de las v\u00edctimas de los delitos.","breadcrumb":{"@id":"https:\/\/www.fiscalia.gov.co\/colombia\/noticias\/detencion-preventiva-para-un-hombre-que-habria-intentado-matar-a-una-mujer-porque-no-quiso-sostener-relaciones-relaciones-sexuales\/#breadcrumb"},"inLanguage":"es-CO","potentialAction":[{"@type":"ReadAction","target":["https:\/\/www.fiscalia.gov.co\/colombia\/noticias\/detencion-preventiva-para-un-hombre-que-habria-intentado-matar-a-una-mujer-porque-no-quiso-sostener-relaciones-relaciones-sexuales\/"]}]},{"@type":"BreadcrumbList","@id":"https:\/\/www.fiscalia.gov.co\/colombia\/noticias\/detencion-preventiva-para-un-hombre-que-habria-intentado-matar-a-una-mujer-porque-no-quiso-sostener-relaciones-relaciones-sexuales\/#breadcrumb","itemListElement":[{"@type":"ListItem","position":1,"name":"Home","item":"https:\/\/www.fiscalia.gov.co\/colombia\/"},{"@type":"ListItem","position":2,"name":"Detenci\u00f3n preventiva para un hombre que habr\u00eda intentado matar a una mujer porque no quiso sostener relaciones sexuales"}]},{"@type":"WebSite","@id":"https:\/\/www.fiscalia.gov.co\/colombia\/#website","url":"https:\/\/www.fiscalia.gov.co\/colombia\/","name":"Fiscal\u00eda General de la Naci\u00f3n","description":"P\u00e1gina oficial de la Fiscal\u00eda General de la Naci\u00f3n \u2013 Colombia. Garantizamos el acceso efectivo a la justicia, la verdad y la reparaci\u00f3n de las v\u00edctimas de los delitos.","publisher":{"@id":"https:\/\/www.fiscalia.gov.co\/colombia\/#organization"},"potentialAction":[{"@type":"SearchAction","target":{"@type":"EntryPoint","urlTemplate":"https:\/\/www.fiscalia.gov.co\/colombia\/?s={search_term_string}"},"query-input":{"@type":"PropertyValueSpecification","valueRequired":true,"valueName":"search_term_string"}}],"inLanguage":"es-CO"},{"@type":"Organization","@id":"https:\/\/www.fiscalia.gov.co\/colombia\/#organization","name":"Fiscal\u00eda General de la Naci\u00f3n","url":"https:\/\/www.fiscalia.gov.co\/colombia\/","logo":{"@type":"ImageObject","inLanguage":"es-CO","@id":"https:\/\/www.fiscalia.gov.co\/colombia\/#\/schema\/logo\/image\/","url":"https:\/\/www.fiscalia.gov.co\/colombia\/wp-content\/uploads\/LogoHorizontal_1.jpg","contentUrl":"https:\/\/www.fiscalia.gov.co\/colombia\/wp-content\/uploads\/LogoHorizontal_1.jpg","width":300,"height":90,"caption":"Fiscal\u00eda General de la Naci\u00f3n"},"image":{"@id":"https:\/\/www.fiscalia.gov.co\/colombia\/#\/schema\/logo\/image\/"},"sameAs":["https:\/\/www.facebook.com\/FiscaliaCol","https:\/\/x.com\/FiscaliaCol","https:\/\/www.instagram.com\/fiscaliacol","https:\/\/www.linkedin.com\/company\/fiscalia-general-de-la-naci-n\/","https:\/\/youtube.com\/@fiscaliageneraldelanacion-4668?si=6nN79nyQICPU5iTh"]},{"@type":"Person","@id":"https:\/\/www.fiscalia.gov.co\/colombia\/#\/schema\/person\/bf84402cf293a5393e9c70b111020b24","name":"Jordan Leandro Oviedo Anzola","image":{"@type":"ImageObject","inLanguage":"es-CO","@id":"https:\/\/www.fiscalia.gov.co\/colombia\/#\/schema\/person\/image\/","url":"https:\/\/secure.gravatar.com\/avatar\/dabba4346fa9b9207d96adafa8f92721?s=96&d=mm&r=g","contentUrl":"https:\/\/secure.gravatar.com\/avatar\/dabba4346fa9b9207d96adafa8f92721?s=96&d=mm&r=g","caption":"Jordan Leandro Oviedo Anzola"},"url":"https:\/\/www.fiscalia.gov.co\/colombia\/author\/joviedo\/"}]}},"_links":{"self":[{"href":"https:\/\/www.fiscalia.gov.co\/colombia\/wp-json\/wp\/v2\/posts\/241802","targetHints":{"allow":["GET"]}}],"collection":[{"href":"https:\/\/www.fiscalia.gov.co\/colombia\/wp-json\/wp\/v2\/posts"}],"about":[{"href":"https:\/\/www.fiscalia.gov.co\/colombia\/wp-json\/wp\/v2\/types\/post"}],"author":[{"embeddable":true,"href":"https:\/\/www.fiscalia.gov.co\/colombia\/wp-json\/wp\/v2\/users\/177"}],"replies":[{"embeddable":true,"href":"https:\/\/www.fiscalia.gov.co\/colombia\/wp-json\/wp\/v2\/comments?post=241802"}],"version-history":[{"count":3,"href":"https:\/\/www.fiscalia.gov.co\/colombia\/wp-json\/wp\/v2\/posts\/241802\/revisions"}],"predecessor-version":[{"id":241812,"href":"https:\/\/www.fiscalia.gov.co\/colombia\/wp-json\/wp\/v2\/posts\/241802\/revisions\/241812"}],"wp:attachment":[{"href":"https:\/\/www.fiscalia.gov.co\/colombia\/wp-json\/wp\/v2\/media?parent=241802"}],"wp:term":[{"taxonomy":"category","embeddable":true,"href":"https:\/\/www.fiscalia.gov.co\/colombia\/wp-json\/wp\/v2\/categories?post=241802"},{"taxonomy":"post_tag","embeddable":true,"href":"https:\/\/www.fiscalia.gov.co\/colombia\/wp-json\/wp\/v2\/tags?post=241802"}],"curies":[{"name":"wp","href":"https:\/\/api.w.org\/{rel}","templated":true}]}}