{"id":241545,"date":"2022-02-21T09:38:43","date_gmt":"2022-02-21T14:38:43","guid":{"rendered":"https:\/\/www.fiscalia.gov.co\/colombia\/?p=241545"},"modified":"2022-02-21T10:23:41","modified_gmt":"2022-02-21T15:23:41","slug":"en-medellin-condenado-a-36-anos-de-prision-por-asesinar-a-5-habitantes-en-situacion-de-calle-mientras-dormian","status":"publish","type":"post","link":"https:\/\/www.fiscalia.gov.co\/colombia\/noticias\/en-medellin-condenado-a-36-anos-de-prision-por-asesinar-a-5-habitantes-en-situacion-de-calle-mientras-dormian\/","title":{"rendered":"En Medell\u00edn, condenado a 36 a\u00f1os de prisi\u00f3n por asesinar a 5 habitantes en situaci\u00f3n de calle mientras dorm\u00edan"},"content":{"rendered":"<h4><strong><i>En todos los casos, el condenado, tambi\u00e9n en la misma condici\u00f3n de las v\u00edctimas, us\u00f3 objetos contundentes de gran tama\u00f1o para atacarlas<\/i>.<\/strong><\/h4>\n<p>Luego de avalar el preacuerdo realizado entre la Fiscal\u00eda General de la Naci\u00f3n y la defesa del procesado, un juez penal del circuito de Medell\u00edn (Antioquia) conden\u00f3 a 36 a\u00f1os de prisi\u00f3n a Johany Alex\u00e1nder Acu\u00f1a Hern\u00e1ndez<b>, habitante en situaci\u00f3n de calle<\/b>, como responsable del homicidio de 5 personas en la misma condici\u00f3n suya, a quienes atac\u00f3 mientras dorm\u00edan.<\/p>\n<p>Seg\u00fan las investigaciones, el primer hecho ocurri\u00f3 el 15 de abril de 2021 en el barrio Sevilla de la capital antioque\u00f1a, donde Acu\u00f1a Hern\u00e1ndez golpe\u00f3 con un bloque de cemento a C\u00e9sar Augusto Tob\u00f3n \u00c1lvarez. La v\u00edctima recibi\u00f3 tres lesiones en la cabeza que le causaron la muerte en el lugar.<\/p>\n<p>El segundo caso sucedi\u00f3 cuatro d\u00edas despu\u00e9s en el barrio San Pedro,\u00a0<b>Comuna 4 de Medell\u00edn.<\/b>\u00a0All\u00ed, el procesado le caus\u00f3 lesiones en la cabeza con un ladrillo a Luis Miguel Osuna, provoc\u00e1ndole la muerte.<\/p>\n<p>El tercer homicidio acaeci\u00f3 el 24 de abril de 2021 en el barrio el Chagualo, nororiente de esa ciudad, donde la v\u00edctima, identificada como Sandro Echavarr\u00eda Gallego, y quien padec\u00eda una limitaci\u00f3n f\u00edsica, fue atacada con una piedra en la cabeza.<\/p>\n<p>Los \u00faltimos hechos ocurrieron el 25 de abril de esa misma anualidad en inmediaciones del cementerio San Pedro de Medell\u00edn, donde el victimario tambi\u00e9n lesion\u00f3 con una piedra a Jhon Rigoberto Gonz\u00e1lez Calle, de 26 a\u00f1os, y le caus\u00f3 la muerte.<\/p>\n<p>Momentos previos a este hecho, Acu\u00f1a Hern\u00e1ndez tambi\u00e9n le caus\u00f3 graves lesiones con una piedra a Juan Esteban Rojas Chavarr\u00eda, en el\u00a0<b>barrio Manrique<\/b>. La v\u00edctima falleci\u00f3 dos meses despu\u00e9s, el 28 de junio, como consecuencia del ataque.<\/p>\n<p>El hombre, capturado en flagrancia por la Polic\u00eda Nacional ese 25 de abril, fue sentenciado y permanece privado de la libertad por el delito de homicidio agravado en concurso homog\u00e9neo y sucesivo.<\/p>\n<p>La Fiscal\u00eda habla con resultados.<\/p>\n<p>NAMT\/GF\/DLBM\/MRC<\/p>\n\n<div class=\"twitter-share\"><a href=\"https:\/\/twitter.com\/intent\/tweet?via=fiscaliacol\" class=\"twitter-share-button\">Tweet<\/a><\/div>\n","protected":false},"excerpt":{"rendered":"<p>En todos los casos, el condenado, tambi\u00e9n en la misma condici\u00f3n de las v\u00edctimas, us\u00f3 objetos contundentes de gran tama\u00f1o para atacarlas. Luego de avalar el preacuerdo realizado entre la Fiscal\u00eda General de la Naci\u00f3n y la defesa del procesado, un juez penal del circuito de Medell\u00edn (Antioquia) conden\u00f3 a 36 a\u00f1os de prisi\u00f3n a [&hellip;]<\/p>\n","protected":false},"author":177,"featured_media":0,"comment_status":"closed","ping_status":"open","sticky":false,"template":"","format":"standard","meta":{"tdm_status":"","tdm_grid_status":"","footnotes":""},"categories":[24174,1,318,331,303],"tags":[2431,24185,24188,29144,13125,409,29707,23985,24237],"class_list":{"0":"post-241545","1":"post","2":"type-post","3":"status-publish","4":"format-standard","6":"category-hay-justicia","7":"category-noticias","8":"category-seccional-antioquia","9":"category-seccional-medellin","10":"category-seccionales","11":"tag-condenado","12":"tag-fiscal-barbosa","13":"tag-fiscal-francisco-barbosa","14":"tag-fiscalia-genera-de-la-nacion","15":"tag-habitante-de-la-calle","16":"tag-homicidio","17":"tag-homicidio-de-un-habitante-de-calle","18":"tag-medellin-antioquia","19":"tag-prision"},"yoast_head":"<!-- This site is optimized with the Yoast SEO plugin v24.3 - https:\/\/yoast.com\/wordpress\/plugins\/seo\/ -->\n<title>Fiscal\u00eda General de la Naci\u00f3n<\/title>\n<meta name=\"description\" content=\"P\u00e1gina oficial de la Fiscal\u00eda General de la Naci\u00f3n \u2013 Colombia. Garantizamos el acceso efectivo a la justicia, la verdad y la reparaci\u00f3n de las v\u00edctimas de los delitos.\" \/>\n<meta name=\"robots\" content=\"noindex, follow\" \/>\n<meta property=\"og:locale\" content=\"es_ES\" \/>\n<meta property=\"og:type\" content=\"article\" \/>\n<meta property=\"og:title\" content=\"Fiscal\u00eda General de la Naci\u00f3n\" \/>\n<meta property=\"og:description\" content=\"P\u00e1gina oficial de la Fiscal\u00eda General de la Naci\u00f3n \u2013 Colombia. Garantizamos el acceso efectivo a la justicia, la verdad y la reparaci\u00f3n de las v\u00edctimas de los delitos.\" \/>\n<meta property=\"og:url\" content=\"https:\/\/www.fiscalia.gov.co\/colombia\/noticias\/en-medellin-condenado-a-36-anos-de-prision-por-asesinar-a-5-habitantes-en-situacion-de-calle-mientras-dormian\/\" \/>\n<meta property=\"og:site_name\" content=\"Fiscal\u00eda General de la Naci\u00f3n\" \/>\n<meta property=\"article:publisher\" content=\"https:\/\/www.facebook.com\/FiscaliaCol\" \/>\n<meta property=\"article:published_time\" content=\"2022-02-21T14:38:43+00:00\" \/>\n<meta property=\"article:modified_time\" content=\"2022-02-21T15:23:41+00:00\" \/>\n<meta name=\"author\" content=\"Jordan Leandro Oviedo Anzola\" \/>\n<meta name=\"twitter:card\" content=\"summary_large_image\" \/>\n<meta name=\"twitter:creator\" content=\"@FiscaliaCol\" \/>\n<meta name=\"twitter:site\" content=\"@FiscaliaCol\" \/>\n<meta name=\"twitter:label1\" content=\"Escrito por\" \/>\n\t<meta name=\"twitter:data1\" content=\"Jordan Leandro Oviedo Anzola\" \/>\n\t<meta name=\"twitter:label2\" content=\"Tiempo de lectura\" \/>\n\t<meta name=\"twitter:data2\" content=\"2 minutos\" \/>\n<script type=\"application\/ld+json\" class=\"yoast-schema-graph\">{\"@context\":\"https:\/\/schema.org\",\"@graph\":[{\"@type\":\"Article\",\"@id\":\"https:\/\/www.fiscalia.gov.co\/colombia\/noticias\/en-medellin-condenado-a-36-anos-de-prision-por-asesinar-a-5-habitantes-en-situacion-de-calle-mientras-dormian\/#article\",\"isPartOf\":{\"@id\":\"https:\/\/www.fiscalia.gov.co\/colombia\/noticias\/en-medellin-condenado-a-36-anos-de-prision-por-asesinar-a-5-habitantes-en-situacion-de-calle-mientras-dormian\/\"},\"author\":{\"name\":\"Jordan Leandro Oviedo Anzola\",\"@id\":\"https:\/\/www.fiscalia.gov.co\/colombia\/#\/schema\/person\/bf84402cf293a5393e9c70b111020b24\"},\"headline\":\"En Medell\u00edn, condenado a 36 a\u00f1os de prisi\u00f3n por asesinar a 5 habitantes en situaci\u00f3n de calle mientras dorm\u00edan\",\"datePublished\":\"2022-02-21T14:38:43+00:00\",\"dateModified\":\"2022-02-21T15:23:41+00:00\",\"mainEntityOfPage\":{\"@id\":\"https:\/\/www.fiscalia.gov.co\/colombia\/noticias\/en-medellin-condenado-a-36-anos-de-prision-por-asesinar-a-5-habitantes-en-situacion-de-calle-mientras-dormian\/\"},\"wordCount\":383,\"publisher\":{\"@id\":\"https:\/\/www.fiscalia.gov.co\/colombia\/#organization\"},\"keywords\":[\"Condenado\",\"Fiscal Barbosa\",\"Fiscal Francisco Barbosa\",\"Fiscal\u00eda Genera de la Naci\u00f3n\",\"Habitante de la calle\",\"Homicidio\",\"homicidio de un habitante de calle\",\"Medell\u00edn (Antioquia)\",\"prisi\u00f3n\"],\"articleSection\":[\"Hay Justicia\",\"Noticias\",\"Seccional Antioquia\",\"Seccional Medell\u00edn\",\"Seccionales\"],\"inLanguage\":\"es-CO\"},{\"@type\":\"WebPage\",\"@id\":\"https:\/\/www.fiscalia.gov.co\/colombia\/noticias\/en-medellin-condenado-a-36-anos-de-prision-por-asesinar-a-5-habitantes-en-situacion-de-calle-mientras-dormian\/\",\"url\":\"https:\/\/www.fiscalia.gov.co\/colombia\/noticias\/en-medellin-condenado-a-36-anos-de-prision-por-asesinar-a-5-habitantes-en-situacion-de-calle-mientras-dormian\/\",\"name\":\"Fiscal\u00eda General de la Naci\u00f3n\",\"isPartOf\":{\"@id\":\"https:\/\/www.fiscalia.gov.co\/colombia\/#website\"},\"datePublished\":\"2022-02-21T14:38:43+00:00\",\"dateModified\":\"2022-02-21T15:23:41+00:00\",\"description\":\"P\u00e1gina oficial de la Fiscal\u00eda General de la Naci\u00f3n \u2013 Colombia. Garantizamos el acceso efectivo a la justicia, la verdad y la reparaci\u00f3n de las v\u00edctimas de los delitos.\",\"breadcrumb\":{\"@id\":\"https:\/\/www.fiscalia.gov.co\/colombia\/noticias\/en-medellin-condenado-a-36-anos-de-prision-por-asesinar-a-5-habitantes-en-situacion-de-calle-mientras-dormian\/#breadcrumb\"},\"inLanguage\":\"es-CO\",\"potentialAction\":[{\"@type\":\"ReadAction\",\"target\":[\"https:\/\/www.fiscalia.gov.co\/colombia\/noticias\/en-medellin-condenado-a-36-anos-de-prision-por-asesinar-a-5-habitantes-en-situacion-de-calle-mientras-dormian\/\"]}]},{\"@type\":\"BreadcrumbList\",\"@id\":\"https:\/\/www.fiscalia.gov.co\/colombia\/noticias\/en-medellin-condenado-a-36-anos-de-prision-por-asesinar-a-5-habitantes-en-situacion-de-calle-mientras-dormian\/#breadcrumb\",\"itemListElement\":[{\"@type\":\"ListItem\",\"position\":1,\"name\":\"Home\",\"item\":\"https:\/\/www.fiscalia.gov.co\/colombia\/\"},{\"@type\":\"ListItem\",\"position\":2,\"name\":\"En Medell\u00edn, condenado a 36 a\u00f1os de prisi\u00f3n por asesinar a 5 habitantes en situaci\u00f3n de calle mientras dorm\u00edan\"}]},{\"@type\":\"WebSite\",\"@id\":\"https:\/\/www.fiscalia.gov.co\/colombia\/#website\",\"url\":\"https:\/\/www.fiscalia.gov.co\/colombia\/\",\"name\":\"Fiscal\u00eda General de la Naci\u00f3n\",\"description\":\"P\u00e1gina oficial de la Fiscal\u00eda General de la Naci\u00f3n \u2013 Colombia. Garantizamos el acceso efectivo a la justicia, la verdad y la reparaci\u00f3n de las v\u00edctimas de los delitos.\",\"publisher\":{\"@id\":\"https:\/\/www.fiscalia.gov.co\/colombia\/#organization\"},\"potentialAction\":[{\"@type\":\"SearchAction\",\"target\":{\"@type\":\"EntryPoint\",\"urlTemplate\":\"https:\/\/www.fiscalia.gov.co\/colombia\/?s={search_term_string}\"},\"query-input\":{\"@type\":\"PropertyValueSpecification\",\"valueRequired\":true,\"valueName\":\"search_term_string\"}}],\"inLanguage\":\"es-CO\"},{\"@type\":\"Organization\",\"@id\":\"https:\/\/www.fiscalia.gov.co\/colombia\/#organization\",\"name\":\"Fiscal\u00eda General de la Naci\u00f3n\",\"url\":\"https:\/\/www.fiscalia.gov.co\/colombia\/\",\"logo\":{\"@type\":\"ImageObject\",\"inLanguage\":\"es-CO\",\"@id\":\"https:\/\/www.fiscalia.gov.co\/colombia\/#\/schema\/logo\/image\/\",\"url\":\"https:\/\/www.fiscalia.gov.co\/colombia\/wp-content\/uploads\/LogoHorizontal_1.jpg\",\"contentUrl\":\"https:\/\/www.fiscalia.gov.co\/colombia\/wp-content\/uploads\/LogoHorizontal_1.jpg\",\"width\":300,\"height\":90,\"caption\":\"Fiscal\u00eda General de la Naci\u00f3n\"},\"image\":{\"@id\":\"https:\/\/www.fiscalia.gov.co\/colombia\/#\/schema\/logo\/image\/\"},\"sameAs\":[\"https:\/\/www.facebook.com\/FiscaliaCol\",\"https:\/\/x.com\/FiscaliaCol\",\"https:\/\/www.instagram.com\/fiscaliacol\",\"https:\/\/www.linkedin.com\/company\/fiscalia-general-de-la-naci-n\/\",\"https:\/\/youtube.com\/@fiscaliageneraldelanacion-4668?si=6nN79nyQICPU5iTh\"]},{\"@type\":\"Person\",\"@id\":\"https:\/\/www.fiscalia.gov.co\/colombia\/#\/schema\/person\/bf84402cf293a5393e9c70b111020b24\",\"name\":\"Jordan Leandro Oviedo Anzola\",\"image\":{\"@type\":\"ImageObject\",\"inLanguage\":\"es-CO\",\"@id\":\"https:\/\/www.fiscalia.gov.co\/colombia\/#\/schema\/person\/image\/\",\"url\":\"https:\/\/secure.gravatar.com\/avatar\/dabba4346fa9b9207d96adafa8f92721?s=96&d=mm&r=g\",\"contentUrl\":\"https:\/\/secure.gravatar.com\/avatar\/dabba4346fa9b9207d96adafa8f92721?s=96&d=mm&r=g\",\"caption\":\"Jordan Leandro Oviedo Anzola\"},\"url\":\"https:\/\/www.fiscalia.gov.co\/colombia\/author\/joviedo\/\"}]}<\/script>\n<!-- \/ Yoast SEO plugin. -->","yoast_head_json":{"title":"Fiscal\u00eda General de la Naci\u00f3n","description":"P\u00e1gina oficial de la Fiscal\u00eda General de la Naci\u00f3n \u2013 Colombia. Garantizamos el acceso efectivo a la justicia, la verdad y la reparaci\u00f3n de las v\u00edctimas de los delitos.","robots":{"index":"noindex","follow":"follow"},"og_locale":"es_ES","og_type":"article","og_title":"Fiscal\u00eda General de la Naci\u00f3n","og_description":"P\u00e1gina oficial de la Fiscal\u00eda General de la Naci\u00f3n \u2013 Colombia. Garantizamos el acceso efectivo a la justicia, la verdad y la reparaci\u00f3n de las v\u00edctimas de los delitos.","og_url":"https:\/\/www.fiscalia.gov.co\/colombia\/noticias\/en-medellin-condenado-a-36-anos-de-prision-por-asesinar-a-5-habitantes-en-situacion-de-calle-mientras-dormian\/","og_site_name":"Fiscal\u00eda General de la Naci\u00f3n","article_publisher":"https:\/\/www.facebook.com\/FiscaliaCol","article_published_time":"2022-02-21T14:38:43+00:00","article_modified_time":"2022-02-21T15:23:41+00:00","author":"Jordan Leandro Oviedo Anzola","twitter_card":"summary_large_image","twitter_creator":"@FiscaliaCol","twitter_site":"@FiscaliaCol","twitter_misc":{"Escrito por":"Jordan Leandro Oviedo Anzola","Tiempo de lectura":"2 minutos"},"schema":{"@context":"https:\/\/schema.org","@graph":[{"@type":"Article","@id":"https:\/\/www.fiscalia.gov.co\/colombia\/noticias\/en-medellin-condenado-a-36-anos-de-prision-por-asesinar-a-5-habitantes-en-situacion-de-calle-mientras-dormian\/#article","isPartOf":{"@id":"https:\/\/www.fiscalia.gov.co\/colombia\/noticias\/en-medellin-condenado-a-36-anos-de-prision-por-asesinar-a-5-habitantes-en-situacion-de-calle-mientras-dormian\/"},"author":{"name":"Jordan Leandro Oviedo Anzola","@id":"https:\/\/www.fiscalia.gov.co\/colombia\/#\/schema\/person\/bf84402cf293a5393e9c70b111020b24"},"headline":"En Medell\u00edn, condenado a 36 a\u00f1os de prisi\u00f3n por asesinar a 5 habitantes en situaci\u00f3n de calle mientras dorm\u00edan","datePublished":"2022-02-21T14:38:43+00:00","dateModified":"2022-02-21T15:23:41+00:00","mainEntityOfPage":{"@id":"https:\/\/www.fiscalia.gov.co\/colombia\/noticias\/en-medellin-condenado-a-36-anos-de-prision-por-asesinar-a-5-habitantes-en-situacion-de-calle-mientras-dormian\/"},"wordCount":383,"publisher":{"@id":"https:\/\/www.fiscalia.gov.co\/colombia\/#organization"},"keywords":["Condenado","Fiscal Barbosa","Fiscal Francisco Barbosa","Fiscal\u00eda Genera de la Naci\u00f3n","Habitante de la calle","Homicidio","homicidio de un habitante de calle","Medell\u00edn (Antioquia)","prisi\u00f3n"],"articleSection":["Hay Justicia","Noticias","Seccional Antioquia","Seccional Medell\u00edn","Seccionales"],"inLanguage":"es-CO"},{"@type":"WebPage","@id":"https:\/\/www.fiscalia.gov.co\/colombia\/noticias\/en-medellin-condenado-a-36-anos-de-prision-por-asesinar-a-5-habitantes-en-situacion-de-calle-mientras-dormian\/","url":"https:\/\/www.fiscalia.gov.co\/colombia\/noticias\/en-medellin-condenado-a-36-anos-de-prision-por-asesinar-a-5-habitantes-en-situacion-de-calle-mientras-dormian\/","name":"Fiscal\u00eda General de la Naci\u00f3n","isPartOf":{"@id":"https:\/\/www.fiscalia.gov.co\/colombia\/#website"},"datePublished":"2022-02-21T14:38:43+00:00","dateModified":"2022-02-21T15:23:41+00:00","description":"P\u00e1gina oficial de la Fiscal\u00eda General de la Naci\u00f3n \u2013 Colombia. Garantizamos el acceso efectivo a la justicia, la verdad y la reparaci\u00f3n de las v\u00edctimas de los delitos.","breadcrumb":{"@id":"https:\/\/www.fiscalia.gov.co\/colombia\/noticias\/en-medellin-condenado-a-36-anos-de-prision-por-asesinar-a-5-habitantes-en-situacion-de-calle-mientras-dormian\/#breadcrumb"},"inLanguage":"es-CO","potentialAction":[{"@type":"ReadAction","target":["https:\/\/www.fiscalia.gov.co\/colombia\/noticias\/en-medellin-condenado-a-36-anos-de-prision-por-asesinar-a-5-habitantes-en-situacion-de-calle-mientras-dormian\/"]}]},{"@type":"BreadcrumbList","@id":"https:\/\/www.fiscalia.gov.co\/colombia\/noticias\/en-medellin-condenado-a-36-anos-de-prision-por-asesinar-a-5-habitantes-en-situacion-de-calle-mientras-dormian\/#breadcrumb","itemListElement":[{"@type":"ListItem","position":1,"name":"Home","item":"https:\/\/www.fiscalia.gov.co\/colombia\/"},{"@type":"ListItem","position":2,"name":"En Medell\u00edn, condenado a 36 a\u00f1os de prisi\u00f3n por asesinar a 5 habitantes en situaci\u00f3n de calle mientras dorm\u00edan"}]},{"@type":"WebSite","@id":"https:\/\/www.fiscalia.gov.co\/colombia\/#website","url":"https:\/\/www.fiscalia.gov.co\/colombia\/","name":"Fiscal\u00eda General de la Naci\u00f3n","description":"P\u00e1gina oficial de la Fiscal\u00eda General de la Naci\u00f3n \u2013 Colombia. Garantizamos el acceso efectivo a la justicia, la verdad y la reparaci\u00f3n de las v\u00edctimas de los delitos.","publisher":{"@id":"https:\/\/www.fiscalia.gov.co\/colombia\/#organization"},"potentialAction":[{"@type":"SearchAction","target":{"@type":"EntryPoint","urlTemplate":"https:\/\/www.fiscalia.gov.co\/colombia\/?s={search_term_string}"},"query-input":{"@type":"PropertyValueSpecification","valueRequired":true,"valueName":"search_term_string"}}],"inLanguage":"es-CO"},{"@type":"Organization","@id":"https:\/\/www.fiscalia.gov.co\/colombia\/#organization","name":"Fiscal\u00eda General de la Naci\u00f3n","url":"https:\/\/www.fiscalia.gov.co\/colombia\/","logo":{"@type":"ImageObject","inLanguage":"es-CO","@id":"https:\/\/www.fiscalia.gov.co\/colombia\/#\/schema\/logo\/image\/","url":"https:\/\/www.fiscalia.gov.co\/colombia\/wp-content\/uploads\/LogoHorizontal_1.jpg","contentUrl":"https:\/\/www.fiscalia.gov.co\/colombia\/wp-content\/uploads\/LogoHorizontal_1.jpg","width":300,"height":90,"caption":"Fiscal\u00eda General de la Naci\u00f3n"},"image":{"@id":"https:\/\/www.fiscalia.gov.co\/colombia\/#\/schema\/logo\/image\/"},"sameAs":["https:\/\/www.facebook.com\/FiscaliaCol","https:\/\/x.com\/FiscaliaCol","https:\/\/www.instagram.com\/fiscaliacol","https:\/\/www.linkedin.com\/company\/fiscalia-general-de-la-naci-n\/","https:\/\/youtube.com\/@fiscaliageneraldelanacion-4668?si=6nN79nyQICPU5iTh"]},{"@type":"Person","@id":"https:\/\/www.fiscalia.gov.co\/colombia\/#\/schema\/person\/bf84402cf293a5393e9c70b111020b24","name":"Jordan Leandro Oviedo Anzola","image":{"@type":"ImageObject","inLanguage":"es-CO","@id":"https:\/\/www.fiscalia.gov.co\/colombia\/#\/schema\/person\/image\/","url":"https:\/\/secure.gravatar.com\/avatar\/dabba4346fa9b9207d96adafa8f92721?s=96&d=mm&r=g","contentUrl":"https:\/\/secure.gravatar.com\/avatar\/dabba4346fa9b9207d96adafa8f92721?s=96&d=mm&r=g","caption":"Jordan Leandro Oviedo Anzola"},"url":"https:\/\/www.fiscalia.gov.co\/colombia\/author\/joviedo\/"}]}},"_links":{"self":[{"href":"https:\/\/www.fiscalia.gov.co\/colombia\/wp-json\/wp\/v2\/posts\/241545","targetHints":{"allow":["GET"]}}],"collection":[{"href":"https:\/\/www.fiscalia.gov.co\/colombia\/wp-json\/wp\/v2\/posts"}],"about":[{"href":"https:\/\/www.fiscalia.gov.co\/colombia\/wp-json\/wp\/v2\/types\/post"}],"author":[{"embeddable":true,"href":"https:\/\/www.fiscalia.gov.co\/colombia\/wp-json\/wp\/v2\/users\/177"}],"replies":[{"embeddable":true,"href":"https:\/\/www.fiscalia.gov.co\/colombia\/wp-json\/wp\/v2\/comments?post=241545"}],"version-history":[{"count":2,"href":"https:\/\/www.fiscalia.gov.co\/colombia\/wp-json\/wp\/v2\/posts\/241545\/revisions"}],"predecessor-version":[{"id":241547,"href":"https:\/\/www.fiscalia.gov.co\/colombia\/wp-json\/wp\/v2\/posts\/241545\/revisions\/241547"}],"wp:attachment":[{"href":"https:\/\/www.fiscalia.gov.co\/colombia\/wp-json\/wp\/v2\/media?parent=241545"}],"wp:term":[{"taxonomy":"category","embeddable":true,"href":"https:\/\/www.fiscalia.gov.co\/colombia\/wp-json\/wp\/v2\/categories?post=241545"},{"taxonomy":"post_tag","embeddable":true,"href":"https:\/\/www.fiscalia.gov.co\/colombia\/wp-json\/wp\/v2\/tags?post=241545"}],"curies":[{"name":"wp","href":"https:\/\/api.w.org\/{rel}","templated":true}]}}