{"id":241404,"date":"2022-02-18T12:07:55","date_gmt":"2022-02-18T17:07:55","guid":{"rendered":"https:\/\/www.fiscalia.gov.co\/colombia\/?p=241404"},"modified":"2022-02-18T12:07:55","modified_gmt":"2022-02-18T17:07:55","slug":"envian-a-la-carcel-a-presunto-integrante-del-gaor-carlos-patino-requerido-con-circular-azul-por-secuestro-extorsivo-y-concierto-para-delinquir","status":"publish","type":"post","link":"https:\/\/www.fiscalia.gov.co\/colombia\/noticias\/envian-a-la-carcel-a-presunto-integrante-del-gaor-carlos-patino-requerido-con-circular-azul-por-secuestro-extorsivo-y-concierto-para-delinquir\/","title":{"rendered":"Env\u00edan a la c\u00e1rcel a presunto integrante del Gaor Carlos Pati\u00f1o, requerido con circular azul por secuestro extorsivo y concierto para delinquir"},"content":{"rendered":"<ul style=\"font-weight: 400;\">\n<li>\n<h4><strong><em>Al hoy imputado se le endilga su presunta participaci\u00f3n y coordinaci\u00f3n de acciones delictivas como secuestros y extorsiones.<\/em>\u00a0<\/strong><\/h4>\n<\/li>\n<li>\n<h4><strong><em>Fue entregado a las autoridades colombianas luego de ser expulsado del Ecuador, adonde habr\u00eda ingresado de manera irregular.<\/em>\u00a0<\/strong><\/h4>\n<figure id=\"attachment_241405\" aria-describedby=\"caption-attachment-241405\" style=\"width: 989px\" class=\"wp-caption alignnone\"><img loading=\"lazy\" decoding=\"async\" class=\"wp-image-241405 size-full\" src=\"https:\/\/www.fiscalia.gov.co\/colombia\/wp-content\/uploads\/Fiscal_Francisco_Barbosa_Juan-Fernando-Hern\u00e1ndez-Hurtado-alias-El-Paisa.-Gaor-Carlos-Pati\u00f1o.-Secuestro-extorsivo-y-concierto.-Popay\u00e1n-Cauca..jpg\" alt=\"\" width=\"989\" height=\"720\" srcset=\"https:\/\/www.fiscalia.gov.co\/colombia\/wp-content\/uploads\/Fiscal_Francisco_Barbosa_Juan-Fernando-Hern\u00e1ndez-Hurtado-alias-El-Paisa.-Gaor-Carlos-Pati\u00f1o.-Secuestro-extorsivo-y-concierto.-Popay\u00e1n-Cauca..jpg 989w, https:\/\/www.fiscalia.gov.co\/colombia\/wp-content\/uploads\/Fiscal_Francisco_Barbosa_Juan-Fernando-Hern\u00e1ndez-Hurtado-alias-El-Paisa.-Gaor-Carlos-Pati\u00f1o.-Secuestro-extorsivo-y-concierto.-Popay\u00e1n-Cauca.-300x218.jpg 300w, https:\/\/www.fiscalia.gov.co\/colombia\/wp-content\/uploads\/Fiscal_Francisco_Barbosa_Juan-Fernando-Hern\u00e1ndez-Hurtado-alias-El-Paisa.-Gaor-Carlos-Pati\u00f1o.-Secuestro-extorsivo-y-concierto.-Popay\u00e1n-Cauca.-768x559.jpg 768w, https:\/\/www.fiscalia.gov.co\/colombia\/wp-content\/uploads\/Fiscal_Francisco_Barbosa_Juan-Fernando-Hern\u00e1ndez-Hurtado-alias-El-Paisa.-Gaor-Carlos-Pati\u00f1o.-Secuestro-extorsivo-y-concierto.-Popay\u00e1n-Cauca.-696x507.jpg 696w, https:\/\/www.fiscalia.gov.co\/colombia\/wp-content\/uploads\/Fiscal_Francisco_Barbosa_Juan-Fernando-Hern\u00e1ndez-Hurtado-alias-El-Paisa.-Gaor-Carlos-Pati\u00f1o.-Secuestro-extorsivo-y-concierto.-Popay\u00e1n-Cauca.-577x420.jpg 577w, https:\/\/www.fiscalia.gov.co\/colombia\/wp-content\/uploads\/Fiscal_Francisco_Barbosa_Juan-Fernando-Hern\u00e1ndez-Hurtado-alias-El-Paisa.-Gaor-Carlos-Pati\u00f1o.-Secuestro-extorsivo-y-concierto.-Popay\u00e1n-Cauca.-324x235.jpg 324w\" sizes=\"auto, (max-width: 989px) 100vw, 989px\" \/><figcaption id=\"caption-attachment-241405\" class=\"wp-caption-text\">Juan Fernando Hern\u00e1ndez Hurtado, alias El Paisa.<\/figcaption><\/figure><\/li>\n<\/ul>\n<p style=\"font-weight: 400;\">Al acoger la solicitud de la Fiscal\u00eda General de la Naci\u00f3n, un juez de control de garant\u00edas envi\u00f3 a la c\u00e1rcel a Juan Fernando Hern\u00e1ndez Hurtado, alias El Paisa, presunto integrante del grupo armado organizado residual\u00a0<a href=\"https:\/\/www.fiscalia.gov.co\/colombia\/seccionales\/asegurado-presunto-cabecilla-del-grupo-armado-comision-carlos-patino\/\" data-saferedirecturl=\"https:\/\/www.google.com\/url?q=https:\/\/www.fiscalia.gov.co\/colombia\/seccionales\/asegurado-presunto-cabecilla-del-grupo-armado-comision-carlos-patino\/&amp;source=gmail&amp;ust=1645289071838000&amp;usg=AOvVaw2tdeWeH-hQc7sO7Ordlgfu\">Carlos Pati\u00f1o<\/a>, se\u00f1alado de participar en el secuestro de un ciudadano en el a\u00f1o 2019, por quien exigieron 100 millones de pesos por su liberaci\u00f3n, en el municipio de Timb\u00edo (Cauca).<\/p>\n<p style=\"font-weight: 400;\">Seg\u00fan la Fiscal\u00eda, alias El Pa\u00edsa, fue expulsado del Ecuador, adonde habr\u00eda ingresado de manera irregular.<\/p>\n<p style=\"font-weight: 400;\">El pasado 16 de febrero, en el puesto fronterizo de San Miguel (Putumayo), fue entregado a las autoridades colombianas (Fiscal\u00eda, Polic\u00eda y Ej\u00e9rcito), luego de que se conociera que ten\u00eda orden de captura vigente en Colombia, por los delitos de\u00a0<strong>secuestro extorsivo agravado y concierto para delinquir.<\/strong><strong>\u00a0<\/strong><\/p>\n<p style=\"font-weight: 400;\">Las labores de polic\u00eda judicial permitieron a la Fiscal\u00eda establecer que Hern\u00e1ndez Hurtado ser\u00eda el\u00a0<strong>tercer cabecilla del grupo armado<\/strong>\u00a0en menci\u00f3n, que delinque en El Tambo, Argelia y el suroccidente del Cauca; y adem\u00e1s el encargado de coordinar acciones delictivas como secuestros y extorsiones, entre otros il\u00edcitos.<\/p>\n<p style=\"font-weight: 400;\">Asimismo, se le investiga por su presunta participaci\u00f3n en el secuestro de un hombre, ocurrido el 26 de diciembre de a\u00f1o 2019 en Timb\u00edo (Cauca), que fue liberado el 16 de febrero de 2020, luego de exigir la suma de cien millones de pesos.<\/p>\n<p style=\"font-weight: 400;\">El hoy imputado era requerido con circular azul de Interpol por otra investigaci\u00f3n que cursa en la Unidad Especial de Investigaci\u00f3n por los delitos de concierto para delinquir y afectaciones contra l\u00edderes sociales y reincorporados, as\u00ed como por el homicidio del l\u00edder social caucano Teodomiro Sotelo Anacona, ocurrido el 16 de abril de 2020 en zona rural de El Tambo (Cauca).<\/p>\n<p style=\"font-weight: 400;\">En\u00a0desarrollo de las audiencias preliminares, la Fiscal\u00eda formul\u00f3 imputaci\u00f3n de cargos por los delitos de secuestro extorsivo agravado y concierto para delinquir agravado.<\/p>\n<p style=\"font-weight: 400;\">Por determinaci\u00f3n del juez, el presunto implicado, quien no acept\u00f3 los cargos, debe cumplir la\u00a0<strong>medida de aseguramiento<\/strong>\u00a0en centro carcelario.<\/p>\n<p style=\"font-weight: 400;\">Esta informaci\u00f3n se publica por razones de inter\u00e9s general.<\/p>\n<p style=\"font-weight: 400;\"><strong>La Fiscal\u00eda habla con resultados.\u00a0<\/strong><\/p>\n<p style=\"font-weight: 400;\"><strong>\u00a0<\/strong><\/p>\n<p style=\"font-weight: 400;\">MAP\/\u00a0GAMM\/MAG\/DLBM\u00a0<strong>\u00a0<\/strong><\/p>\n<p><em>La informaci\u00f3n contenida en este bolet\u00edn de prensa corresponde a la narraci\u00f3n de los hechos noticiosos objetivos, suministrados por los funcionarios encargados de adelantar las investigaciones penales al interior de la Fiscal\u00eda General de la Naci\u00f3n. Para el momento de la divulgaci\u00f3n de este comunicado, la situaci\u00f3n jur\u00eddica de la(s) persona(s) relacionada(s) se encuentra pendiente de resolver por la autoridad judicial competente, siempre bajo los preceptos de la presunci\u00f3n de inocencia, consagrados en el art\u00edculo 29 de la Constituci\u00f3n Pol\u00edtica y el art\u00edculo 7\u00ba de la Ley 906 de 2004.\u00a0<\/em><\/p>\n\n<div class=\"twitter-share\"><a href=\"https:\/\/twitter.com\/intent\/tweet?via=fiscaliacol\" class=\"twitter-share-button\">Tweet<\/a><\/div>\n","protected":false},"excerpt":{"rendered":"<p>Al hoy imputado se le endilga su presunta participaci\u00f3n y coordinaci\u00f3n de acciones delictivas como secuestros y extorsiones.\u00a0 Fue entregado a las autoridades colombianas luego de ser expulsado del Ecuador, adonde habr\u00eda ingresado de manera irregular.\u00a0 Al acoger la solicitud de la Fiscal\u00eda General de la Naci\u00f3n, un juez de control de garant\u00edas envi\u00f3 a [&hellip;]<\/p>\n","protected":false},"author":177,"featured_media":0,"comment_status":"closed","ping_status":"open","sticky":false,"template":"","format":"standard","meta":{"_price":"","_stock":"","_tribe_ticket_header":"","_tribe_default_ticket_provider":"","_tribe_ticket_capacity":"0","_ticket_start_date":"","_ticket_end_date":"","_tribe_ticket_show_description":"","_tribe_ticket_show_not_going":false,"_tribe_ticket_use_global_stock":"","_tribe_ticket_global_stock_level":"","_global_stock_mode":"","_global_stock_cap":"","_tribe_rsvp_for_event":"","_tribe_ticket_going_count":"","_tribe_ticket_not_going_count":"","_tribe_tickets_list":"[]","_tribe_ticket_has_attendee_info_fields":false,"tdm_status":"","tdm_grid_status":"","footnotes":""},"categories":[24098,1,336,303],"tags":[12424,14550,30523,24551,24635,7336,30522,24185,24188,10,24187,24206,3060,1185,24549,13239],"class_list":{"0":"post-241404","1":"post","2":"type-post","3":"status-publish","4":"format-standard","6":"category-crimen-organizado","7":"category-noticias","8":"category-seccional-popayan","9":"category-seccionales","10":"tag-capturado","11":"tag-carcel","12":"tag-carlos-patino","13":"tag-centro-carcelario","14":"tag-circular-azul","15":"tag-concierto-para-delinquir-agravado","16":"tag-expulsado","17":"tag-fiscal-barbosa","18":"tag-fiscal-francisco-barbosa","19":"tag-fiscal-general","20":"tag-fiscalia-colombia","21":"tag-gaor","22":"tag-interpol","23":"tag-medida-de-aseguramiento","24":"tag-orden-judicial","25":"tag-secuestro-extorsivo-agravado"},"yoast_head":"<!-- This site is optimized with the Yoast SEO plugin v24.3 - https:\/\/yoast.com\/wordpress\/plugins\/seo\/ -->\n<title>Fiscal\u00eda General de la Naci\u00f3n<\/title>\n<meta name=\"description\" content=\"P\u00e1gina oficial de la Fiscal\u00eda General de la Naci\u00f3n \u2013 Colombia. Garantizamos el acceso efectivo a la justicia, la verdad y la reparaci\u00f3n de las v\u00edctimas de los delitos.\" \/>\n<meta name=\"robots\" content=\"noindex, follow\" \/>\n<meta property=\"og:locale\" content=\"es_ES\" \/>\n<meta property=\"og:type\" content=\"article\" \/>\n<meta property=\"og:title\" content=\"Fiscal\u00eda General de la Naci\u00f3n\" \/>\n<meta property=\"og:description\" content=\"P\u00e1gina oficial de la Fiscal\u00eda General de la Naci\u00f3n \u2013 Colombia. Garantizamos el acceso efectivo a la justicia, la verdad y la reparaci\u00f3n de las v\u00edctimas de los delitos.\" \/>\n<meta property=\"og:url\" content=\"https:\/\/www.fiscalia.gov.co\/colombia\/noticias\/envian-a-la-carcel-a-presunto-integrante-del-gaor-carlos-patino-requerido-con-circular-azul-por-secuestro-extorsivo-y-concierto-para-delinquir\/\" \/>\n<meta property=\"og:site_name\" content=\"Fiscal\u00eda General de la Naci\u00f3n\" \/>\n<meta property=\"article:publisher\" content=\"https:\/\/www.facebook.com\/FiscaliaCol\" \/>\n<meta property=\"article:published_time\" content=\"2022-02-18T17:07:55+00:00\" \/>\n<meta name=\"author\" content=\"Jordan Leandro Oviedo Anzola\" \/>\n<meta name=\"twitter:card\" content=\"summary_large_image\" \/>\n<meta name=\"twitter:creator\" content=\"@FiscaliaCol\" \/>\n<meta name=\"twitter:site\" content=\"@FiscaliaCol\" \/>\n<meta name=\"twitter:label1\" content=\"Escrito por\" \/>\n\t<meta name=\"twitter:data1\" content=\"Jordan Leandro Oviedo Anzola\" \/>\n\t<meta name=\"twitter:label2\" content=\"Tiempo de lectura\" \/>\n\t<meta name=\"twitter:data2\" content=\"3 minutos\" \/>\n<script type=\"application\/ld+json\" class=\"yoast-schema-graph\">{\"@context\":\"https:\/\/schema.org\",\"@graph\":[{\"@type\":\"Article\",\"@id\":\"https:\/\/www.fiscalia.gov.co\/colombia\/noticias\/envian-a-la-carcel-a-presunto-integrante-del-gaor-carlos-patino-requerido-con-circular-azul-por-secuestro-extorsivo-y-concierto-para-delinquir\/#article\",\"isPartOf\":{\"@id\":\"https:\/\/www.fiscalia.gov.co\/colombia\/noticias\/envian-a-la-carcel-a-presunto-integrante-del-gaor-carlos-patino-requerido-con-circular-azul-por-secuestro-extorsivo-y-concierto-para-delinquir\/\"},\"author\":{\"name\":\"Jordan Leandro Oviedo Anzola\",\"@id\":\"https:\/\/www.fiscalia.gov.co\/colombia\/#\/schema\/person\/bf84402cf293a5393e9c70b111020b24\"},\"headline\":\"Env\u00edan a la c\u00e1rcel a presunto integrante del Gaor Carlos Pati\u00f1o, requerido con circular azul por secuestro extorsivo y concierto para delinquir\",\"datePublished\":\"2022-02-18T17:07:55+00:00\",\"dateModified\":\"2022-02-18T17:07:55+00:00\",\"mainEntityOfPage\":{\"@id\":\"https:\/\/www.fiscalia.gov.co\/colombia\/noticias\/envian-a-la-carcel-a-presunto-integrante-del-gaor-carlos-patino-requerido-con-circular-azul-por-secuestro-extorsivo-y-concierto-para-delinquir\/\"},\"wordCount\":556,\"publisher\":{\"@id\":\"https:\/\/www.fiscalia.gov.co\/colombia\/#organization\"},\"keywords\":[\"Capturado\",\"C\u00e1rcel\",\"Carlos Pati\u00f1o\",\"centro carcelario\",\"circular azul\",\"Concierto para delinquir agravado\",\"expulsado\",\"Fiscal Barbosa\",\"Fiscal Francisco Barbosa\",\"Fiscal General\",\"Fiscal\u00eda Colombia\",\"Gaor\",\"Interpol\",\"Medida de aseguramiento\",\"orden judicial\",\"secuestro extorsivo agravado\"],\"articleSection\":[\"Crimen organizado\",\"Noticias\",\"Seccional Popay\u00e1n\",\"Seccionales\"],\"inLanguage\":\"es-CO\"},{\"@type\":\"WebPage\",\"@id\":\"https:\/\/www.fiscalia.gov.co\/colombia\/noticias\/envian-a-la-carcel-a-presunto-integrante-del-gaor-carlos-patino-requerido-con-circular-azul-por-secuestro-extorsivo-y-concierto-para-delinquir\/\",\"url\":\"https:\/\/www.fiscalia.gov.co\/colombia\/noticias\/envian-a-la-carcel-a-presunto-integrante-del-gaor-carlos-patino-requerido-con-circular-azul-por-secuestro-extorsivo-y-concierto-para-delinquir\/\",\"name\":\"Fiscal\u00eda General de la Naci\u00f3n\",\"isPartOf\":{\"@id\":\"https:\/\/www.fiscalia.gov.co\/colombia\/#website\"},\"datePublished\":\"2022-02-18T17:07:55+00:00\",\"dateModified\":\"2022-02-18T17:07:55+00:00\",\"description\":\"P\u00e1gina oficial de la Fiscal\u00eda General de la Naci\u00f3n \u2013 Colombia. Garantizamos el acceso efectivo a la justicia, la verdad y la reparaci\u00f3n de las v\u00edctimas de los delitos.\",\"breadcrumb\":{\"@id\":\"https:\/\/www.fiscalia.gov.co\/colombia\/noticias\/envian-a-la-carcel-a-presunto-integrante-del-gaor-carlos-patino-requerido-con-circular-azul-por-secuestro-extorsivo-y-concierto-para-delinquir\/#breadcrumb\"},\"inLanguage\":\"es-CO\",\"potentialAction\":[{\"@type\":\"ReadAction\",\"target\":[\"https:\/\/www.fiscalia.gov.co\/colombia\/noticias\/envian-a-la-carcel-a-presunto-integrante-del-gaor-carlos-patino-requerido-con-circular-azul-por-secuestro-extorsivo-y-concierto-para-delinquir\/\"]}]},{\"@type\":\"BreadcrumbList\",\"@id\":\"https:\/\/www.fiscalia.gov.co\/colombia\/noticias\/envian-a-la-carcel-a-presunto-integrante-del-gaor-carlos-patino-requerido-con-circular-azul-por-secuestro-extorsivo-y-concierto-para-delinquir\/#breadcrumb\",\"itemListElement\":[{\"@type\":\"ListItem\",\"position\":1,\"name\":\"Home\",\"item\":\"https:\/\/www.fiscalia.gov.co\/colombia\/\"},{\"@type\":\"ListItem\",\"position\":2,\"name\":\"Env\u00edan a la c\u00e1rcel a presunto integrante del Gaor Carlos Pati\u00f1o, requerido con circular azul por secuestro extorsivo y concierto para delinquir\"}]},{\"@type\":\"WebSite\",\"@id\":\"https:\/\/www.fiscalia.gov.co\/colombia\/#website\",\"url\":\"https:\/\/www.fiscalia.gov.co\/colombia\/\",\"name\":\"Fiscal\u00eda General de la Naci\u00f3n\",\"description\":\"P\u00e1gina oficial de la Fiscal\u00eda General de la Naci\u00f3n \u2013 Colombia. Garantizamos el acceso efectivo a la justicia, la verdad y la reparaci\u00f3n de las v\u00edctimas de los delitos.\",\"publisher\":{\"@id\":\"https:\/\/www.fiscalia.gov.co\/colombia\/#organization\"},\"potentialAction\":[{\"@type\":\"SearchAction\",\"target\":{\"@type\":\"EntryPoint\",\"urlTemplate\":\"https:\/\/www.fiscalia.gov.co\/colombia\/?s={search_term_string}\"},\"query-input\":{\"@type\":\"PropertyValueSpecification\",\"valueRequired\":true,\"valueName\":\"search_term_string\"}}],\"inLanguage\":\"es-CO\"},{\"@type\":\"Organization\",\"@id\":\"https:\/\/www.fiscalia.gov.co\/colombia\/#organization\",\"name\":\"Fiscal\u00eda General de la Naci\u00f3n\",\"url\":\"https:\/\/www.fiscalia.gov.co\/colombia\/\",\"logo\":{\"@type\":\"ImageObject\",\"inLanguage\":\"es-CO\",\"@id\":\"https:\/\/www.fiscalia.gov.co\/colombia\/#\/schema\/logo\/image\/\",\"url\":\"https:\/\/www.fiscalia.gov.co\/colombia\/wp-content\/uploads\/LogoHorizontal_1.jpg\",\"contentUrl\":\"https:\/\/www.fiscalia.gov.co\/colombia\/wp-content\/uploads\/LogoHorizontal_1.jpg\",\"width\":300,\"height\":90,\"caption\":\"Fiscal\u00eda General de la Naci\u00f3n\"},\"image\":{\"@id\":\"https:\/\/www.fiscalia.gov.co\/colombia\/#\/schema\/logo\/image\/\"},\"sameAs\":[\"https:\/\/www.facebook.com\/FiscaliaCol\",\"https:\/\/x.com\/FiscaliaCol\",\"https:\/\/www.instagram.com\/fiscaliacol\",\"https:\/\/www.linkedin.com\/company\/fiscalia-general-de-la-naci-n\/\",\"https:\/\/youtube.com\/@fiscaliageneraldelanacion-4668?si=6nN79nyQICPU5iTh\"]},{\"@type\":\"Person\",\"@id\":\"https:\/\/www.fiscalia.gov.co\/colombia\/#\/schema\/person\/bf84402cf293a5393e9c70b111020b24\",\"name\":\"Jordan Leandro Oviedo Anzola\",\"image\":{\"@type\":\"ImageObject\",\"inLanguage\":\"es-CO\",\"@id\":\"https:\/\/www.fiscalia.gov.co\/colombia\/#\/schema\/person\/image\/\",\"url\":\"https:\/\/secure.gravatar.com\/avatar\/dabba4346fa9b9207d96adafa8f92721?s=96&d=mm&r=g\",\"contentUrl\":\"https:\/\/secure.gravatar.com\/avatar\/dabba4346fa9b9207d96adafa8f92721?s=96&d=mm&r=g\",\"caption\":\"Jordan Leandro Oviedo Anzola\"},\"url\":\"https:\/\/www.fiscalia.gov.co\/colombia\/author\/joviedo\/\"}]}<\/script>\n<!-- \/ Yoast SEO plugin. -->","yoast_head_json":{"title":"Fiscal\u00eda General de la Naci\u00f3n","description":"P\u00e1gina oficial de la Fiscal\u00eda General de la Naci\u00f3n \u2013 Colombia. Garantizamos el acceso efectivo a la justicia, la verdad y la reparaci\u00f3n de las v\u00edctimas de los delitos.","robots":{"index":"noindex","follow":"follow"},"og_locale":"es_ES","og_type":"article","og_title":"Fiscal\u00eda General de la Naci\u00f3n","og_description":"P\u00e1gina oficial de la Fiscal\u00eda General de la Naci\u00f3n \u2013 Colombia. Garantizamos el acceso efectivo a la justicia, la verdad y la reparaci\u00f3n de las v\u00edctimas de los delitos.","og_url":"https:\/\/www.fiscalia.gov.co\/colombia\/noticias\/envian-a-la-carcel-a-presunto-integrante-del-gaor-carlos-patino-requerido-con-circular-azul-por-secuestro-extorsivo-y-concierto-para-delinquir\/","og_site_name":"Fiscal\u00eda General de la Naci\u00f3n","article_publisher":"https:\/\/www.facebook.com\/FiscaliaCol","article_published_time":"2022-02-18T17:07:55+00:00","author":"Jordan Leandro Oviedo Anzola","twitter_card":"summary_large_image","twitter_creator":"@FiscaliaCol","twitter_site":"@FiscaliaCol","twitter_misc":{"Escrito por":"Jordan Leandro Oviedo Anzola","Tiempo de lectura":"3 minutos"},"schema":{"@context":"https:\/\/schema.org","@graph":[{"@type":"Article","@id":"https:\/\/www.fiscalia.gov.co\/colombia\/noticias\/envian-a-la-carcel-a-presunto-integrante-del-gaor-carlos-patino-requerido-con-circular-azul-por-secuestro-extorsivo-y-concierto-para-delinquir\/#article","isPartOf":{"@id":"https:\/\/www.fiscalia.gov.co\/colombia\/noticias\/envian-a-la-carcel-a-presunto-integrante-del-gaor-carlos-patino-requerido-con-circular-azul-por-secuestro-extorsivo-y-concierto-para-delinquir\/"},"author":{"name":"Jordan Leandro Oviedo Anzola","@id":"https:\/\/www.fiscalia.gov.co\/colombia\/#\/schema\/person\/bf84402cf293a5393e9c70b111020b24"},"headline":"Env\u00edan a la c\u00e1rcel a presunto integrante del Gaor Carlos Pati\u00f1o, requerido con circular azul por secuestro extorsivo y concierto para delinquir","datePublished":"2022-02-18T17:07:55+00:00","dateModified":"2022-02-18T17:07:55+00:00","mainEntityOfPage":{"@id":"https:\/\/www.fiscalia.gov.co\/colombia\/noticias\/envian-a-la-carcel-a-presunto-integrante-del-gaor-carlos-patino-requerido-con-circular-azul-por-secuestro-extorsivo-y-concierto-para-delinquir\/"},"wordCount":556,"publisher":{"@id":"https:\/\/www.fiscalia.gov.co\/colombia\/#organization"},"keywords":["Capturado","C\u00e1rcel","Carlos Pati\u00f1o","centro carcelario","circular azul","Concierto para delinquir agravado","expulsado","Fiscal Barbosa","Fiscal Francisco Barbosa","Fiscal General","Fiscal\u00eda Colombia","Gaor","Interpol","Medida de aseguramiento","orden judicial","secuestro extorsivo agravado"],"articleSection":["Crimen organizado","Noticias","Seccional Popay\u00e1n","Seccionales"],"inLanguage":"es-CO"},{"@type":"WebPage","@id":"https:\/\/www.fiscalia.gov.co\/colombia\/noticias\/envian-a-la-carcel-a-presunto-integrante-del-gaor-carlos-patino-requerido-con-circular-azul-por-secuestro-extorsivo-y-concierto-para-delinquir\/","url":"https:\/\/www.fiscalia.gov.co\/colombia\/noticias\/envian-a-la-carcel-a-presunto-integrante-del-gaor-carlos-patino-requerido-con-circular-azul-por-secuestro-extorsivo-y-concierto-para-delinquir\/","name":"Fiscal\u00eda General de la Naci\u00f3n","isPartOf":{"@id":"https:\/\/www.fiscalia.gov.co\/colombia\/#website"},"datePublished":"2022-02-18T17:07:55+00:00","dateModified":"2022-02-18T17:07:55+00:00","description":"P\u00e1gina oficial de la Fiscal\u00eda General de la Naci\u00f3n \u2013 Colombia. Garantizamos el acceso efectivo a la justicia, la verdad y la reparaci\u00f3n de las v\u00edctimas de los delitos.","breadcrumb":{"@id":"https:\/\/www.fiscalia.gov.co\/colombia\/noticias\/envian-a-la-carcel-a-presunto-integrante-del-gaor-carlos-patino-requerido-con-circular-azul-por-secuestro-extorsivo-y-concierto-para-delinquir\/#breadcrumb"},"inLanguage":"es-CO","potentialAction":[{"@type":"ReadAction","target":["https:\/\/www.fiscalia.gov.co\/colombia\/noticias\/envian-a-la-carcel-a-presunto-integrante-del-gaor-carlos-patino-requerido-con-circular-azul-por-secuestro-extorsivo-y-concierto-para-delinquir\/"]}]},{"@type":"BreadcrumbList","@id":"https:\/\/www.fiscalia.gov.co\/colombia\/noticias\/envian-a-la-carcel-a-presunto-integrante-del-gaor-carlos-patino-requerido-con-circular-azul-por-secuestro-extorsivo-y-concierto-para-delinquir\/#breadcrumb","itemListElement":[{"@type":"ListItem","position":1,"name":"Home","item":"https:\/\/www.fiscalia.gov.co\/colombia\/"},{"@type":"ListItem","position":2,"name":"Env\u00edan a la c\u00e1rcel a presunto integrante del Gaor Carlos Pati\u00f1o, requerido con circular azul por secuestro extorsivo y concierto para delinquir"}]},{"@type":"WebSite","@id":"https:\/\/www.fiscalia.gov.co\/colombia\/#website","url":"https:\/\/www.fiscalia.gov.co\/colombia\/","name":"Fiscal\u00eda General de la Naci\u00f3n","description":"P\u00e1gina oficial de la Fiscal\u00eda General de la Naci\u00f3n \u2013 Colombia. Garantizamos el acceso efectivo a la justicia, la verdad y la reparaci\u00f3n de las v\u00edctimas de los delitos.","publisher":{"@id":"https:\/\/www.fiscalia.gov.co\/colombia\/#organization"},"potentialAction":[{"@type":"SearchAction","target":{"@type":"EntryPoint","urlTemplate":"https:\/\/www.fiscalia.gov.co\/colombia\/?s={search_term_string}"},"query-input":{"@type":"PropertyValueSpecification","valueRequired":true,"valueName":"search_term_string"}}],"inLanguage":"es-CO"},{"@type":"Organization","@id":"https:\/\/www.fiscalia.gov.co\/colombia\/#organization","name":"Fiscal\u00eda General de la Naci\u00f3n","url":"https:\/\/www.fiscalia.gov.co\/colombia\/","logo":{"@type":"ImageObject","inLanguage":"es-CO","@id":"https:\/\/www.fiscalia.gov.co\/colombia\/#\/schema\/logo\/image\/","url":"https:\/\/www.fiscalia.gov.co\/colombia\/wp-content\/uploads\/LogoHorizontal_1.jpg","contentUrl":"https:\/\/www.fiscalia.gov.co\/colombia\/wp-content\/uploads\/LogoHorizontal_1.jpg","width":300,"height":90,"caption":"Fiscal\u00eda General de la Naci\u00f3n"},"image":{"@id":"https:\/\/www.fiscalia.gov.co\/colombia\/#\/schema\/logo\/image\/"},"sameAs":["https:\/\/www.facebook.com\/FiscaliaCol","https:\/\/x.com\/FiscaliaCol","https:\/\/www.instagram.com\/fiscaliacol","https:\/\/www.linkedin.com\/company\/fiscalia-general-de-la-naci-n\/","https:\/\/youtube.com\/@fiscaliageneraldelanacion-4668?si=6nN79nyQICPU5iTh"]},{"@type":"Person","@id":"https:\/\/www.fiscalia.gov.co\/colombia\/#\/schema\/person\/bf84402cf293a5393e9c70b111020b24","name":"Jordan Leandro Oviedo Anzola","image":{"@type":"ImageObject","inLanguage":"es-CO","@id":"https:\/\/www.fiscalia.gov.co\/colombia\/#\/schema\/person\/image\/","url":"https:\/\/secure.gravatar.com\/avatar\/dabba4346fa9b9207d96adafa8f92721?s=96&d=mm&r=g","contentUrl":"https:\/\/secure.gravatar.com\/avatar\/dabba4346fa9b9207d96adafa8f92721?s=96&d=mm&r=g","caption":"Jordan Leandro Oviedo Anzola"},"url":"https:\/\/www.fiscalia.gov.co\/colombia\/author\/joviedo\/"}]}},"_links":{"self":[{"href":"https:\/\/www.fiscalia.gov.co\/colombia\/wp-json\/wp\/v2\/posts\/241404","targetHints":{"allow":["GET"]}}],"collection":[{"href":"https:\/\/www.fiscalia.gov.co\/colombia\/wp-json\/wp\/v2\/posts"}],"about":[{"href":"https:\/\/www.fiscalia.gov.co\/colombia\/wp-json\/wp\/v2\/types\/post"}],"author":[{"embeddable":true,"href":"https:\/\/www.fiscalia.gov.co\/colombia\/wp-json\/wp\/v2\/users\/177"}],"replies":[{"embeddable":true,"href":"https:\/\/www.fiscalia.gov.co\/colombia\/wp-json\/wp\/v2\/comments?post=241404"}],"version-history":[{"count":1,"href":"https:\/\/www.fiscalia.gov.co\/colombia\/wp-json\/wp\/v2\/posts\/241404\/revisions"}],"predecessor-version":[{"id":241406,"href":"https:\/\/www.fiscalia.gov.co\/colombia\/wp-json\/wp\/v2\/posts\/241404\/revisions\/241406"}],"wp:attachment":[{"href":"https:\/\/www.fiscalia.gov.co\/colombia\/wp-json\/wp\/v2\/media?parent=241404"}],"wp:term":[{"taxonomy":"category","embeddable":true,"href":"https:\/\/www.fiscalia.gov.co\/colombia\/wp-json\/wp\/v2\/categories?post=241404"},{"taxonomy":"post_tag","embeddable":true,"href":"https:\/\/www.fiscalia.gov.co\/colombia\/wp-json\/wp\/v2\/tags?post=241404"}],"curies":[{"name":"wp","href":"https:\/\/api.w.org\/{rel}","templated":true}]}}