{"id":241104,"date":"2022-02-15T18:30:13","date_gmt":"2022-02-15T23:30:13","guid":{"rendered":"https:\/\/www.fiscalia.gov.co\/colombia\/?p=241104"},"modified":"2022-02-15T18:36:19","modified_gmt":"2022-02-15T23:36:19","slug":"a-la-carcel-dos-ciudadanos-extranjeros-que-estarian-involucrados-en-el-homicidio-de-la-periodista-de-naciones-unidas-natalia-castillo","status":"publish","type":"post","link":"https:\/\/www.fiscalia.gov.co\/colombia\/noticias\/a-la-carcel-dos-ciudadanos-extranjeros-que-estarian-involucrados-en-el-homicidio-de-la-periodista-de-naciones-unidas-natalia-castillo\/","title":{"rendered":"A la c\u00e1rcel dos ciudadanos extranjeros que estar\u00edan involucrados en el homicidio de la periodista de Naciones Unidas Natalia Castillo"},"content":{"rendered":"<h4><strong><em>La Fiscal\u00eda estableci\u00f3 que uno de los procesados habr\u00eda participado directamente en el crimen y en el robo del que fueron v\u00edctimas dos amigos de la comunicadora en Bogot\u00e1. El otro estar\u00eda implicado en el acceso a los productos bancarios de una de las v\u00edctimas para extraerle dinero.<\/em><\/strong><\/h4>\n<p>&nbsp;<\/p>\n<p>En 49 d\u00edas de labores investigativas, la Fiscal\u00eda General de la Naci\u00f3n, en un trabajo articulado con la SIJIN de la Polic\u00eda Metropolitana de Bogot\u00e1, avanz\u00f3 con determinaci\u00f3n en el esclarecimiento del homicidio de la asesora de comunicaciones de la Oficina de las Naciones Unidas contra la Droga y el Delito (UNODC), Cindy Natalia Castillo Preciado, ocurrido la madrugada del 24 de diciembre de 2021, en la localidad de Teusaquillo.<\/p>\n<p>Por solicitud de fiscales adscritos a la Unidad de Vida de la Seccional Bogot\u00e1, dos ciudadanos venezolanos, que estar\u00edan involucrados en el asesinato y el hurto del que fueron v\u00edctimas dos amigos de la comunicadora, recibieron medidas privativas de la libertad en establecimiento carcelario. Los procesados son: \u00c1ngel Rolando Colina Lugo, alias \u00c1ngelo; y Javier Enrique Ram\u00edrez G\u00f3mez, alias Porky.<\/p>\n<p><strong><u>En b\u00fasqueda de la verdad<\/u><\/strong><\/p>\n<p>Desde el momento de ocurridos los hechos, el despacho del Fiscal General de la Naci\u00f3n, Francisco Barbosa Delgado, destac\u00f3 un grupo especializado e interinstitucional para asumir los actos investigativos y dar con los responsables de lo sucedido.<\/p>\n<p>En ese trabajo se obtuvo evidencia t\u00e9cnica, como videos de 121 c\u00e1maras de seguridad e interceptaciones de comunicaciones; adem\u00e1s de testimonios y otros elementos, los cuales permitieron identificar a los dos extranjeros y establecer el rol delictivo que cumplieron.<\/p>\n<p>Estas personas fueron capturadas en v\u00eda p\u00fablica, en el sector de Paloquemao y el barrio Santa Fe, en la localidad de Los M\u00e1rtires. En los procedimientos les fueron incautados dos tel\u00e9fonos celulares. Simult\u00e1neamente, en b\u00fasqueda de material de prueba, se realiz\u00f3 una diligencia en un inmueble y fue capturado en situaci\u00f3n de flagrancia un hombre de nacionalidad venezolana con cinco celulares reportados como robados, dos computadores port\u00e1tiles, una tableta y dinero en efectivo.<\/p>\n<p>El detenido, identificado como Jes\u00fas Vielman Requena, fue imputado por el delito de receptaci\u00f3n y recibi\u00f3 medida de aseguramiento privativa de la libertad.<\/p>\n<p><strong><u>El crimen<\/u><\/strong><\/p>\n<p>La investigaci\u00f3n da cuenta de que la madrugada del 24 de diciembre de 2021, a las 2:55 a.m., Cindy Natalia Castillo Preciado y dos de sus amigos salieron de un establecimiento comercial del barrio San Luis, en el sector de Galer\u00edas. A pocos metros del lugar fueron interceptados por dos hombres, uno de estos ser\u00eda \u00c1ngel Rolando Colina Lugo, quienes los enca\u00f1aron con un arma traum\u00e1tica modificada y les pidieron entregar las pertenencias.<\/p>\n<p>A uno de los acompa\u00f1antes le arrebataron el celular y a la otra persona un monedero. Por su parte; la comunicadora se aferr\u00f3 al bolso. En medio de la resistencia que ejerci\u00f3 fue lanzada al piso y arrastrada. Finalmente, los asaltantes le dispararon, escaparon en un veh\u00edculo gris que los esperaba y se movilizaron al barrio Santa Fe, en el centro de la ciudad. La v\u00edctima fue trasladada a la Cl\u00ednica Palermo y all\u00ed muri\u00f3.<\/p>\n<p>La Fiscal\u00eda estableci\u00f3 que los se\u00f1alados delincuentes habr\u00edan accedido al tel\u00e9fono m\u00f3vil que robaron y extrajeron informaci\u00f3n de los productos financieros del propietario. Esa ma\u00f1ana del 24 de diciembre, a las 5:06 a.m., hicieron un retiro en Medell\u00edn (Antioquia) por $600.000. Al parecer, el dinero fue sustra\u00eddo por Javier Enrique Ram\u00edrez G\u00f3mez, alias Porky.<\/p>\n<p>Durante varios d\u00edas realizaron varias transacciones sin \u00e9xito. En una de estas lograron un avance de una tarjeta de cr\u00e9dito por $8\u2019000.000, pero la suma hizo d\u00e9bito autom\u00e1tico en una cuenta de ahorros de la v\u00edctima y no pudieron quedarse con el dinero. Ante esta dificultad, hicieron un retiro en criptomonedas por valor de $5\u2019500.000.<\/p>\n<p><strong><u>Judicializaci\u00f3n.<\/u><\/strong><\/p>\n<p>Por estos hechos, y en atenci\u00f3n al posible rol que cumpli\u00f3, la Fiscal\u00eda imput\u00f3 a \u00c1ngel Rolando Colina Lugo, alias \u00c1ngelo, los delitos de homicidio agravado, hurto agravado y calificado, y acceso abusivo a un sistema inform\u00e1tico.<\/p>\n<p>De otra parte, Javier Enrique Ram\u00edrez G\u00f3mez, alias Porky, fue imputado por el delito de hurto calificado y agravado, en concurso homog\u00e9neo y sucesivo con acceso abusivo a un sistema inform\u00e1tico. Los procesados no aceptaron los cargos.<\/p>\n<p>&nbsp;<\/p>\n<p>JARG\/MCRC\/JMM\/<\/p>\n<p><strong>La Fiscal\u00eda habla con resultados<\/strong><\/p>\n<p><strong>\u00a0<\/strong><\/p>\n<p><em>La informaci\u00f3n contenida en este bolet\u00edn de prensa corresponde a la narraci\u00f3n de los hechos noticiosos objetivos, suministrados por los funcionarios encargados de adelantar las investigaciones penales al interior de la Fiscal\u00eda General de la Naci\u00f3n. Para el momento de la divulgaci\u00f3n de este comunicado, la situaci\u00f3n jur\u00eddica de la(s) persona(s) relacionada(s) se encuentra pendiente de resolver por la autoridad judicial competente, siempre bajo los preceptos de la presunci\u00f3n de inocencia, consagrados en el art\u00edculo 29 de la Constituci\u00f3n Pol\u00edtica y el art\u00edculo 7\u00ba de la Ley 906 de 2004.<\/em><\/p>\n\n<div class=\"twitter-share\"><a href=\"https:\/\/twitter.com\/intent\/tweet?via=fiscaliacol\" class=\"twitter-share-button\">Tweet<\/a><\/div>\n","protected":false},"excerpt":{"rendered":"<p>La Fiscal\u00eda estableci\u00f3 que uno de los procesados habr\u00eda participado directamente en el crimen y en el robo del que fueron v\u00edctimas dos amigos de la comunicadora en Bogot\u00e1. El otro estar\u00eda implicado en el acceso a los productos bancarios de una de las v\u00edctimas para extraerle dinero. &nbsp; En 49 d\u00edas de labores investigativas, [&hellip;]<\/p>\n","protected":false},"author":176,"featured_media":0,"comment_status":"closed","ping_status":"open","sticky":false,"template":"","format":"video","meta":{"tdm_status":"","tdm_grid_status":"","footnotes":""},"categories":[25128,24096,1,24099],"tags":[30468,24189,24305],"class_list":{"0":"post-241104","1":"post","2":"type-post","3":"status-publish","4":"format-video","6":"category-el-fiscal-en-los-territorios","7":"category-fiscal-general-de-la-nacion","8":"category-noticias","9":"category-seguridad-territorial","10":"tag-cindy-natalia-castillo-preciado","11":"tag-fiscal-francisco-barbosa-delgado","12":"tag-fiscal-general-francisco-barbosa","13":"post_format-post-format-video"},"yoast_head":"<!-- This site is optimized with the Yoast SEO plugin v24.3 - https:\/\/yoast.com\/wordpress\/plugins\/seo\/ -->\n<title>Fiscal\u00eda General de la Naci\u00f3n<\/title>\n<meta name=\"description\" content=\"P\u00e1gina oficial de la Fiscal\u00eda General de la Naci\u00f3n \u2013 Colombia. Garantizamos el acceso efectivo a la justicia, la verdad y la reparaci\u00f3n de las v\u00edctimas de los delitos.\" \/>\n<meta name=\"robots\" content=\"noindex, follow\" \/>\n<meta property=\"og:locale\" content=\"es_ES\" \/>\n<meta property=\"og:type\" content=\"article\" \/>\n<meta property=\"og:title\" content=\"Fiscal\u00eda General de la Naci\u00f3n\" \/>\n<meta property=\"og:description\" content=\"P\u00e1gina oficial de la Fiscal\u00eda General de la Naci\u00f3n \u2013 Colombia. Garantizamos el acceso efectivo a la justicia, la verdad y la reparaci\u00f3n de las v\u00edctimas de los delitos.\" \/>\n<meta property=\"og:url\" content=\"https:\/\/www.fiscalia.gov.co\/colombia\/noticias\/a-la-carcel-dos-ciudadanos-extranjeros-que-estarian-involucrados-en-el-homicidio-de-la-periodista-de-naciones-unidas-natalia-castillo\/\" \/>\n<meta property=\"og:site_name\" content=\"Fiscal\u00eda General de la Naci\u00f3n\" \/>\n<meta property=\"article:publisher\" content=\"https:\/\/www.facebook.com\/FiscaliaCol\" \/>\n<meta property=\"article:published_time\" content=\"2022-02-15T23:30:13+00:00\" \/>\n<meta property=\"article:modified_time\" content=\"2022-02-15T23:36:19+00:00\" \/>\n<meta name=\"author\" content=\"Johanna Black Prieto Pe\u00f1a\" \/>\n<meta name=\"twitter:card\" content=\"summary_large_image\" \/>\n<meta name=\"twitter:creator\" content=\"@FiscaliaCol\" \/>\n<meta name=\"twitter:site\" content=\"@FiscaliaCol\" \/>\n<meta name=\"twitter:label1\" content=\"Escrito por\" \/>\n\t<meta name=\"twitter:data1\" content=\"Johanna Black Prieto Pe\u00f1a\" \/>\n\t<meta name=\"twitter:label2\" content=\"Tiempo de lectura\" \/>\n\t<meta name=\"twitter:data2\" content=\"4 minutos\" \/>\n<script type=\"application\/ld+json\" class=\"yoast-schema-graph\">{\"@context\":\"https:\/\/schema.org\",\"@graph\":[{\"@type\":\"Article\",\"@id\":\"https:\/\/www.fiscalia.gov.co\/colombia\/noticias\/a-la-carcel-dos-ciudadanos-extranjeros-que-estarian-involucrados-en-el-homicidio-de-la-periodista-de-naciones-unidas-natalia-castillo\/#article\",\"isPartOf\":{\"@id\":\"https:\/\/www.fiscalia.gov.co\/colombia\/noticias\/a-la-carcel-dos-ciudadanos-extranjeros-que-estarian-involucrados-en-el-homicidio-de-la-periodista-de-naciones-unidas-natalia-castillo\/\"},\"author\":{\"name\":\"Johanna Black Prieto Pe\u00f1a\",\"@id\":\"https:\/\/www.fiscalia.gov.co\/colombia\/#\/schema\/person\/b19b49f26569f91393176a2b3d13a0e5\"},\"headline\":\"A la c\u00e1rcel dos ciudadanos extranjeros que estar\u00edan involucrados en el homicidio de la periodista de Naciones Unidas Natalia Castillo\",\"datePublished\":\"2022-02-15T23:30:13+00:00\",\"dateModified\":\"2022-02-15T23:36:19+00:00\",\"mainEntityOfPage\":{\"@id\":\"https:\/\/www.fiscalia.gov.co\/colombia\/noticias\/a-la-carcel-dos-ciudadanos-extranjeros-que-estarian-involucrados-en-el-homicidio-de-la-periodista-de-naciones-unidas-natalia-castillo\/\"},\"wordCount\":876,\"publisher\":{\"@id\":\"https:\/\/www.fiscalia.gov.co\/colombia\/#organization\"},\"keywords\":[\"Cindy Natalia Castillo Preciado\",\"Fiscal Francisco Barbosa Delgado\",\"Fiscal General Francisco Barbosa\"],\"articleSection\":[\"El Fiscal en los territorios\",\"Fiscal General de la Naci\u00f3n\",\"Noticias\",\"Seguridad territorial\"],\"inLanguage\":\"es-CO\"},{\"@type\":\"WebPage\",\"@id\":\"https:\/\/www.fiscalia.gov.co\/colombia\/noticias\/a-la-carcel-dos-ciudadanos-extranjeros-que-estarian-involucrados-en-el-homicidio-de-la-periodista-de-naciones-unidas-natalia-castillo\/\",\"url\":\"https:\/\/www.fiscalia.gov.co\/colombia\/noticias\/a-la-carcel-dos-ciudadanos-extranjeros-que-estarian-involucrados-en-el-homicidio-de-la-periodista-de-naciones-unidas-natalia-castillo\/\",\"name\":\"Fiscal\u00eda General de la Naci\u00f3n\",\"isPartOf\":{\"@id\":\"https:\/\/www.fiscalia.gov.co\/colombia\/#website\"},\"datePublished\":\"2022-02-15T23:30:13+00:00\",\"dateModified\":\"2022-02-15T23:36:19+00:00\",\"description\":\"P\u00e1gina oficial de la Fiscal\u00eda General de la Naci\u00f3n \u2013 Colombia. Garantizamos el acceso efectivo a la justicia, la verdad y la reparaci\u00f3n de las v\u00edctimas de los delitos.\",\"breadcrumb\":{\"@id\":\"https:\/\/www.fiscalia.gov.co\/colombia\/noticias\/a-la-carcel-dos-ciudadanos-extranjeros-que-estarian-involucrados-en-el-homicidio-de-la-periodista-de-naciones-unidas-natalia-castillo\/#breadcrumb\"},\"inLanguage\":\"es-CO\",\"potentialAction\":[{\"@type\":\"ReadAction\",\"target\":[\"https:\/\/www.fiscalia.gov.co\/colombia\/noticias\/a-la-carcel-dos-ciudadanos-extranjeros-que-estarian-involucrados-en-el-homicidio-de-la-periodista-de-naciones-unidas-natalia-castillo\/\"]}]},{\"@type\":\"BreadcrumbList\",\"@id\":\"https:\/\/www.fiscalia.gov.co\/colombia\/noticias\/a-la-carcel-dos-ciudadanos-extranjeros-que-estarian-involucrados-en-el-homicidio-de-la-periodista-de-naciones-unidas-natalia-castillo\/#breadcrumb\",\"itemListElement\":[{\"@type\":\"ListItem\",\"position\":1,\"name\":\"Home\",\"item\":\"https:\/\/www.fiscalia.gov.co\/colombia\/\"},{\"@type\":\"ListItem\",\"position\":2,\"name\":\"A la c\u00e1rcel dos ciudadanos extranjeros que estar\u00edan involucrados en el homicidio de la periodista de Naciones Unidas Natalia Castillo\"}]},{\"@type\":\"WebSite\",\"@id\":\"https:\/\/www.fiscalia.gov.co\/colombia\/#website\",\"url\":\"https:\/\/www.fiscalia.gov.co\/colombia\/\",\"name\":\"Fiscal\u00eda General de la Naci\u00f3n\",\"description\":\"P\u00e1gina oficial de la Fiscal\u00eda General de la Naci\u00f3n \u2013 Colombia. Garantizamos el acceso efectivo a la justicia, la verdad y la reparaci\u00f3n de las v\u00edctimas de los delitos.\",\"publisher\":{\"@id\":\"https:\/\/www.fiscalia.gov.co\/colombia\/#organization\"},\"potentialAction\":[{\"@type\":\"SearchAction\",\"target\":{\"@type\":\"EntryPoint\",\"urlTemplate\":\"https:\/\/www.fiscalia.gov.co\/colombia\/?s={search_term_string}\"},\"query-input\":{\"@type\":\"PropertyValueSpecification\",\"valueRequired\":true,\"valueName\":\"search_term_string\"}}],\"inLanguage\":\"es-CO\"},{\"@type\":\"Organization\",\"@id\":\"https:\/\/www.fiscalia.gov.co\/colombia\/#organization\",\"name\":\"Fiscal\u00eda General de la Naci\u00f3n\",\"url\":\"https:\/\/www.fiscalia.gov.co\/colombia\/\",\"logo\":{\"@type\":\"ImageObject\",\"inLanguage\":\"es-CO\",\"@id\":\"https:\/\/www.fiscalia.gov.co\/colombia\/#\/schema\/logo\/image\/\",\"url\":\"https:\/\/www.fiscalia.gov.co\/colombia\/wp-content\/uploads\/LogoHorizontal_1.jpg\",\"contentUrl\":\"https:\/\/www.fiscalia.gov.co\/colombia\/wp-content\/uploads\/LogoHorizontal_1.jpg\",\"width\":300,\"height\":90,\"caption\":\"Fiscal\u00eda General de la Naci\u00f3n\"},\"image\":{\"@id\":\"https:\/\/www.fiscalia.gov.co\/colombia\/#\/schema\/logo\/image\/\"},\"sameAs\":[\"https:\/\/www.facebook.com\/FiscaliaCol\",\"https:\/\/x.com\/FiscaliaCol\",\"https:\/\/www.instagram.com\/fiscaliacol\",\"https:\/\/www.linkedin.com\/company\/fiscalia-general-de-la-naci-n\/\",\"https:\/\/youtube.com\/@fiscaliageneraldelanacion-4668?si=6nN79nyQICPU5iTh\"]},{\"@type\":\"Person\",\"@id\":\"https:\/\/www.fiscalia.gov.co\/colombia\/#\/schema\/person\/b19b49f26569f91393176a2b3d13a0e5\",\"name\":\"Johanna Black Prieto Pe\u00f1a\",\"image\":{\"@type\":\"ImageObject\",\"inLanguage\":\"es-CO\",\"@id\":\"https:\/\/www.fiscalia.gov.co\/colombia\/#\/schema\/person\/image\/\",\"url\":\"https:\/\/secure.gravatar.com\/avatar\/7f04518e1774335e76d761d76f04003e?s=96&d=mm&r=g\",\"contentUrl\":\"https:\/\/secure.gravatar.com\/avatar\/7f04518e1774335e76d761d76f04003e?s=96&d=mm&r=g\",\"caption\":\"Johanna Black Prieto Pe\u00f1a\"},\"url\":\"https:\/\/www.fiscalia.gov.co\/colombia\/author\/jprieto\/\"}]}<\/script>\n<!-- \/ Yoast SEO plugin. -->","yoast_head_json":{"title":"Fiscal\u00eda General de la Naci\u00f3n","description":"P\u00e1gina oficial de la Fiscal\u00eda General de la Naci\u00f3n \u2013 Colombia. Garantizamos el acceso efectivo a la justicia, la verdad y la reparaci\u00f3n de las v\u00edctimas de los delitos.","robots":{"index":"noindex","follow":"follow"},"og_locale":"es_ES","og_type":"article","og_title":"Fiscal\u00eda General de la Naci\u00f3n","og_description":"P\u00e1gina oficial de la Fiscal\u00eda General de la Naci\u00f3n \u2013 Colombia. Garantizamos el acceso efectivo a la justicia, la verdad y la reparaci\u00f3n de las v\u00edctimas de los delitos.","og_url":"https:\/\/www.fiscalia.gov.co\/colombia\/noticias\/a-la-carcel-dos-ciudadanos-extranjeros-que-estarian-involucrados-en-el-homicidio-de-la-periodista-de-naciones-unidas-natalia-castillo\/","og_site_name":"Fiscal\u00eda General de la Naci\u00f3n","article_publisher":"https:\/\/www.facebook.com\/FiscaliaCol","article_published_time":"2022-02-15T23:30:13+00:00","article_modified_time":"2022-02-15T23:36:19+00:00","author":"Johanna Black Prieto Pe\u00f1a","twitter_card":"summary_large_image","twitter_creator":"@FiscaliaCol","twitter_site":"@FiscaliaCol","twitter_misc":{"Escrito por":"Johanna Black Prieto Pe\u00f1a","Tiempo de lectura":"4 minutos"},"schema":{"@context":"https:\/\/schema.org","@graph":[{"@type":"Article","@id":"https:\/\/www.fiscalia.gov.co\/colombia\/noticias\/a-la-carcel-dos-ciudadanos-extranjeros-que-estarian-involucrados-en-el-homicidio-de-la-periodista-de-naciones-unidas-natalia-castillo\/#article","isPartOf":{"@id":"https:\/\/www.fiscalia.gov.co\/colombia\/noticias\/a-la-carcel-dos-ciudadanos-extranjeros-que-estarian-involucrados-en-el-homicidio-de-la-periodista-de-naciones-unidas-natalia-castillo\/"},"author":{"name":"Johanna Black Prieto Pe\u00f1a","@id":"https:\/\/www.fiscalia.gov.co\/colombia\/#\/schema\/person\/b19b49f26569f91393176a2b3d13a0e5"},"headline":"A la c\u00e1rcel dos ciudadanos extranjeros que estar\u00edan involucrados en el homicidio de la periodista de Naciones Unidas Natalia Castillo","datePublished":"2022-02-15T23:30:13+00:00","dateModified":"2022-02-15T23:36:19+00:00","mainEntityOfPage":{"@id":"https:\/\/www.fiscalia.gov.co\/colombia\/noticias\/a-la-carcel-dos-ciudadanos-extranjeros-que-estarian-involucrados-en-el-homicidio-de-la-periodista-de-naciones-unidas-natalia-castillo\/"},"wordCount":876,"publisher":{"@id":"https:\/\/www.fiscalia.gov.co\/colombia\/#organization"},"keywords":["Cindy Natalia Castillo Preciado","Fiscal Francisco Barbosa Delgado","Fiscal General Francisco Barbosa"],"articleSection":["El Fiscal en los territorios","Fiscal General de la Naci\u00f3n","Noticias","Seguridad territorial"],"inLanguage":"es-CO"},{"@type":"WebPage","@id":"https:\/\/www.fiscalia.gov.co\/colombia\/noticias\/a-la-carcel-dos-ciudadanos-extranjeros-que-estarian-involucrados-en-el-homicidio-de-la-periodista-de-naciones-unidas-natalia-castillo\/","url":"https:\/\/www.fiscalia.gov.co\/colombia\/noticias\/a-la-carcel-dos-ciudadanos-extranjeros-que-estarian-involucrados-en-el-homicidio-de-la-periodista-de-naciones-unidas-natalia-castillo\/","name":"Fiscal\u00eda General de la Naci\u00f3n","isPartOf":{"@id":"https:\/\/www.fiscalia.gov.co\/colombia\/#website"},"datePublished":"2022-02-15T23:30:13+00:00","dateModified":"2022-02-15T23:36:19+00:00","description":"P\u00e1gina oficial de la Fiscal\u00eda General de la Naci\u00f3n \u2013 Colombia. Garantizamos el acceso efectivo a la justicia, la verdad y la reparaci\u00f3n de las v\u00edctimas de los delitos.","breadcrumb":{"@id":"https:\/\/www.fiscalia.gov.co\/colombia\/noticias\/a-la-carcel-dos-ciudadanos-extranjeros-que-estarian-involucrados-en-el-homicidio-de-la-periodista-de-naciones-unidas-natalia-castillo\/#breadcrumb"},"inLanguage":"es-CO","potentialAction":[{"@type":"ReadAction","target":["https:\/\/www.fiscalia.gov.co\/colombia\/noticias\/a-la-carcel-dos-ciudadanos-extranjeros-que-estarian-involucrados-en-el-homicidio-de-la-periodista-de-naciones-unidas-natalia-castillo\/"]}]},{"@type":"BreadcrumbList","@id":"https:\/\/www.fiscalia.gov.co\/colombia\/noticias\/a-la-carcel-dos-ciudadanos-extranjeros-que-estarian-involucrados-en-el-homicidio-de-la-periodista-de-naciones-unidas-natalia-castillo\/#breadcrumb","itemListElement":[{"@type":"ListItem","position":1,"name":"Home","item":"https:\/\/www.fiscalia.gov.co\/colombia\/"},{"@type":"ListItem","position":2,"name":"A la c\u00e1rcel dos ciudadanos extranjeros que estar\u00edan involucrados en el homicidio de la periodista de Naciones Unidas Natalia Castillo"}]},{"@type":"WebSite","@id":"https:\/\/www.fiscalia.gov.co\/colombia\/#website","url":"https:\/\/www.fiscalia.gov.co\/colombia\/","name":"Fiscal\u00eda General de la Naci\u00f3n","description":"P\u00e1gina oficial de la Fiscal\u00eda General de la Naci\u00f3n \u2013 Colombia. Garantizamos el acceso efectivo a la justicia, la verdad y la reparaci\u00f3n de las v\u00edctimas de los delitos.","publisher":{"@id":"https:\/\/www.fiscalia.gov.co\/colombia\/#organization"},"potentialAction":[{"@type":"SearchAction","target":{"@type":"EntryPoint","urlTemplate":"https:\/\/www.fiscalia.gov.co\/colombia\/?s={search_term_string}"},"query-input":{"@type":"PropertyValueSpecification","valueRequired":true,"valueName":"search_term_string"}}],"inLanguage":"es-CO"},{"@type":"Organization","@id":"https:\/\/www.fiscalia.gov.co\/colombia\/#organization","name":"Fiscal\u00eda General de la Naci\u00f3n","url":"https:\/\/www.fiscalia.gov.co\/colombia\/","logo":{"@type":"ImageObject","inLanguage":"es-CO","@id":"https:\/\/www.fiscalia.gov.co\/colombia\/#\/schema\/logo\/image\/","url":"https:\/\/www.fiscalia.gov.co\/colombia\/wp-content\/uploads\/LogoHorizontal_1.jpg","contentUrl":"https:\/\/www.fiscalia.gov.co\/colombia\/wp-content\/uploads\/LogoHorizontal_1.jpg","width":300,"height":90,"caption":"Fiscal\u00eda General de la Naci\u00f3n"},"image":{"@id":"https:\/\/www.fiscalia.gov.co\/colombia\/#\/schema\/logo\/image\/"},"sameAs":["https:\/\/www.facebook.com\/FiscaliaCol","https:\/\/x.com\/FiscaliaCol","https:\/\/www.instagram.com\/fiscaliacol","https:\/\/www.linkedin.com\/company\/fiscalia-general-de-la-naci-n\/","https:\/\/youtube.com\/@fiscaliageneraldelanacion-4668?si=6nN79nyQICPU5iTh"]},{"@type":"Person","@id":"https:\/\/www.fiscalia.gov.co\/colombia\/#\/schema\/person\/b19b49f26569f91393176a2b3d13a0e5","name":"Johanna Black Prieto Pe\u00f1a","image":{"@type":"ImageObject","inLanguage":"es-CO","@id":"https:\/\/www.fiscalia.gov.co\/colombia\/#\/schema\/person\/image\/","url":"https:\/\/secure.gravatar.com\/avatar\/7f04518e1774335e76d761d76f04003e?s=96&d=mm&r=g","contentUrl":"https:\/\/secure.gravatar.com\/avatar\/7f04518e1774335e76d761d76f04003e?s=96&d=mm&r=g","caption":"Johanna Black Prieto Pe\u00f1a"},"url":"https:\/\/www.fiscalia.gov.co\/colombia\/author\/jprieto\/"}]}},"_links":{"self":[{"href":"https:\/\/www.fiscalia.gov.co\/colombia\/wp-json\/wp\/v2\/posts\/241104","targetHints":{"allow":["GET"]}}],"collection":[{"href":"https:\/\/www.fiscalia.gov.co\/colombia\/wp-json\/wp\/v2\/posts"}],"about":[{"href":"https:\/\/www.fiscalia.gov.co\/colombia\/wp-json\/wp\/v2\/types\/post"}],"author":[{"embeddable":true,"href":"https:\/\/www.fiscalia.gov.co\/colombia\/wp-json\/wp\/v2\/users\/176"}],"replies":[{"embeddable":true,"href":"https:\/\/www.fiscalia.gov.co\/colombia\/wp-json\/wp\/v2\/comments?post=241104"}],"version-history":[{"count":1,"href":"https:\/\/www.fiscalia.gov.co\/colombia\/wp-json\/wp\/v2\/posts\/241104\/revisions"}],"predecessor-version":[{"id":241105,"href":"https:\/\/www.fiscalia.gov.co\/colombia\/wp-json\/wp\/v2\/posts\/241104\/revisions\/241105"}],"wp:attachment":[{"href":"https:\/\/www.fiscalia.gov.co\/colombia\/wp-json\/wp\/v2\/media?parent=241104"}],"wp:term":[{"taxonomy":"category","embeddable":true,"href":"https:\/\/www.fiscalia.gov.co\/colombia\/wp-json\/wp\/v2\/categories?post=241104"},{"taxonomy":"post_tag","embeddable":true,"href":"https:\/\/www.fiscalia.gov.co\/colombia\/wp-json\/wp\/v2\/tags?post=241104"}],"curies":[{"name":"wp","href":"https:\/\/api.w.org\/{rel}","templated":true}]}}