{"id":241036,"date":"2022-02-15T11:33:25","date_gmt":"2022-02-15T16:33:25","guid":{"rendered":"https:\/\/www.fiscalia.gov.co\/colombia\/?p=241036"},"modified":"2022-02-22T14:34:21","modified_gmt":"2022-02-22T19:34:21","slug":"carcel-para-coronel-en-retiro-robinson-gonzalez-del-rio-por-presunto-asesoramiento-armado-a-la-estructura-cordillera-sur-del-clan-del-golfo","status":"publish","type":"post","link":"https:\/\/www.fiscalia.gov.co\/colombia\/noticias\/carcel-para-coronel-en-retiro-robinson-gonzalez-del-rio-por-presunto-asesoramiento-armado-a-la-estructura-cordillera-sur-del-clan-del-golfo\/","title":{"rendered":"C\u00e1rcel para coronel en retiro Robinson Gonz\u00e1lez del R\u00edo por presunto asesoramiento armado a la estructura \u2018Cordillera Sur\u2019 del \u2018Clan del Golfo\u2019"},"content":{"rendered":"<ul>\n<li>\n<h4><strong><em>Tambi\u00e9n fueron judicializados otros seis militares, entre oficiales, suboficiales y soldados profesionales que habr\u00edan facilitado el actuar il\u00edcito de alias Matamba, cabecilla de la \u2018Cordillera Sur\u2019.<\/em><\/strong><\/h4>\n<\/li>\n<li>\n<h4><strong><em>Los dem\u00e1s procesados son un abogado que estar\u00eda al servicio de la organizaci\u00f3n criminal, y otras personas que har\u00edan parte de una red narcotraficante se\u00f1alada de sacar coca\u00edna por el Pac\u00edfico nari\u00f1ense.<\/em><\/strong><\/h4>\n<\/li>\n<\/ul>\n<p>La acci\u00f3n investigativa de la Fiscal\u00eda General de la Naci\u00f3n, a trav\u00e9s de la Direcci\u00f3n Especializada contra el Narcotr\u00e1fico y la Direcci\u00f3n Especializada contra las Organizaciones Criminales, permiti\u00f3 identificar, capturar y judicializar a un grupo de oficiales en retiro, militares activos y particulares, quienes habr\u00edan apoyado o facilitado, desde diferentes frentes delictivos, el actuar criminal de la subestructura \u2018Cordillera Sur\u2019 del \u2018Clan del Golfo\u2019.<\/p>\n<ul>\n<li><strong>Asesoramiento armado ilegal.<\/strong><\/li>\n<\/ul>\n<p>La evidencia t\u00e9cnica, como registros de mensajes v\u00eda celular, da cuenta de que el coronel en retiro Robinson Gonz\u00e1lez del R\u00edo, supuestamente, brind\u00f3 asesoramiento log\u00edstico y armado a Juan Larrison Castro Estupi\u00f1\u00e1n, alias Matamba, m\u00e1ximo cabecilla de la \u2018Cordillera Sur\u2019, capturado en mayo de 2021, en Floridablanca (Santander).<\/p>\n<p>El oficial, al parecer, orient\u00f3 permanentemente los movimientos de la organizaci\u00f3n ilegal para que replegaran a otros grupos criminales como el ELN, y as\u00ed apoderarse de los cultivos de coca y los laboratorios de producci\u00f3n de estupefacientes en Leiva, El Rosario y Policarpa (Nari\u00f1o).<\/p>\n<p>La investigaci\u00f3n indica que el coronel en retiro, presuntamente, uso su grado para contactar y convencer a uniformados activos para que, a cambio de d\u00e1divas, alertaran a \u2018Matamba\u2019 sobre los movimientos de las unidades militares y de los procedimientos programados en la regi\u00f3n.<\/p>\n<p>Por estos hechos, la Fiscal\u00eda imput\u00f3 a Gonz\u00e1lez del R\u00edo los delitos de concierto delinquir agravado, entrenamiento para actividades il\u00edcitas agravado, y utilizaci\u00f3n ilegal de uniformes e insignias. El procesado recibi\u00f3 medida de aseguramiento en centro carcelario.<\/p>\n<ul>\n<li><strong>Apoyo log\u00edstico para \u2018Matamba\u2019<\/strong><\/li>\n<\/ul>\n<p>La Fiscal\u00eda estableci\u00f3 que el coronel en retiro Harry G\u00f3mez Tabares, excomandante del Batall\u00f3n Boyac\u00e1 con sede en Pasto, supuestamente, recib\u00eda de alias Matamba cerca de $50\u2019000.000 mensuales para que trasladara las tropas de las rutas dispuestas para la salida de coca\u00edna, de esta manera los cargamentos se mov\u00edan con libertad hacia el Pac\u00edfico y eran camuflados en lanchas r\u00e1pidas y semisumergibles con destino a Europa y Estados Unidos.<\/p>\n<p>Asimismo, G\u00f3mez Tabares, al parecer, informaba a \u2018Cordillera Sur\u2019 sobre los operativos previstos en Nari\u00f1o y habr\u00eda dise\u00f1ado un plan para hacer creer a sus superiores que \u2018Matamba\u2019 hab\u00eda muerto. De esta manera, buscaba que el se\u00f1alado cabecilla dejara de ser un objetivo militar.<\/p>\n<p>Junto con este oficial en retiro tambi\u00e9n fueron judicializados cinco uniformados activos, ellos son: capit\u00e1n Octavio Javier Castro Gonz\u00e1lez, sargento viceprimero Edward Andr\u00e9s D\u00edaz Narv\u00e1ez, sargento viceprimero \u00d3scar Ram\u00f3n Faillace Ospino, sargento segundo Nelson Orlando Rol\u00f3n Monroy, y el soldado profesional Estivinson C\u00f3rdoba Torres.<\/p>\n<p>Adicionalmente, se estableci\u00f3 que estos funcionarios tambi\u00e9n habr\u00edan suministrado v\u00edveres, uniformes, botas, y elementos de campa\u00f1a y de comunicaciones al grupo ilegal. De estas actividades hay mensajes de texto y otras comunicaciones enviadas v\u00eda celular.<\/p>\n<p>A las seis personas que estar\u00edan vinculadas a estos eventos, un fiscal de la Direcci\u00f3n Especializada contra el Narcotr\u00e1fico les imput\u00f3 los delitos de concierto para delinquir agravado y cohecho propio. Todos los procesados recibieron medida de aseguramiento en centro carcelario.<\/p>\n<ul>\n<li><strong>Golpe a los aliados narcotraficantes de \u2018Cordillera Sur\u2019<\/strong><\/li>\n<\/ul>\n<p>En esta importante acci\u00f3n judicial, en la que se cont\u00f3 con el apoyo operativo de la Polic\u00eda Nacional, fue impactada una red narcotraficante se\u00f1alada de adquirir base de coca en Policarpa, Cumbitara, Leiva y El Rosario (Nari\u00f1o) para financiar a la \u2018Cordillera Sur\u2019. Los cabecillas de esta organizaci\u00f3n ser\u00edan los hermanos Andr\u00e9s Fernando Jaramillo Pulgar\u00edn, alias Pipe; y Carlos David Jaramillo Pulgar\u00edn, quienes son conocidos como \u2018Los Gordos\u2019.<\/p>\n<p>Los dem\u00e1s supuestos involucrados son: Pedro Antonio Quintero Esquivel, alias M\u00e1quina; Gilmar Mena Cabrera, alias Balsudo; Freddy Gabriel Reyes Caicedo; Mario Robinson Mart\u00ednez Delgado, alias Cu\u00f1ado; y Samuel Enrique Gutierrez Gonz\u00e1lez, alias Coste\u00f1o.<\/p>\n<p>De otra parte, tambi\u00e9n fue identificado un abogado que, al parecer, aprovechaba su profesi\u00f3n para interferir en los procesos judiciales cuando eran capturados integrantes de la \u2018Cordillera Sur\u2019. Se trata de Wilton Mauricio S\u00e1nchez S\u00e1nchez, quien tambi\u00e9n estar\u00eda involucrado en la entrega de dinero a los militares que facilitaban el actuar de la organizaci\u00f3n criminal.<\/p>\n<p>La Fiscal\u00eda imput\u00f3 a estas ocho personas, seg\u00fan rol o posible participaci\u00f3n, delitos como: concierto para delinquir agravado; lavado de activos; fabricaci\u00f3n, tr\u00e1fico o porte de estupefacientes; tr\u00e1fico de sustancias para el procesamiento de narc\u00f3ticos; asesoramiento a grupos armados u organizados; y cohecho por dar u ofrecer.<\/p>\n<p>Siete de los procesados fueron enviados a centro carcelario. Por disposici\u00f3n del juez de control de garant\u00edas, el abogado S\u00e1nchez S\u00e1nchez fue afectado con medida de aseguramiento privativa de la libertad en el lugar de residencia.<\/p>\n<p>Otros tres se\u00f1alados integrantes de todo este andamiaje ilegal fueron notificados en centros carcelarios.<\/p>\n<p>En el curso de la investigaci\u00f3n contra la \u2018Cordillera Sur\u2019, fueron incautadas cerca de tres toneladas de clorhidrato de coca\u00edna, 100 kilogramos de pasta base de coca, insumos l\u00edquidos y s\u00f3lidos, dos veh\u00edculos, $600\u2019000.000, 15 armas de fuego, 1.593 cartuchos, dos granadas y diverso material de intendencia y equipos de comunicaci\u00f3n.<\/p>\n<p>De igual manera, fueron intervenidos dos laboratorios utilizados para el procesamiento de clorhidrato de coca\u00edna y se realizaron 16 capturas en situaci\u00f3n de flagrancia.<\/p>\n<p>Esta informaci\u00f3n se publica por razones de inter\u00e9s general.<\/p>\n<p>LMBG\/JARG\/PMAH\/DECN\/DECOC\/MRC.<\/p>\n<p>&nbsp;<\/p>\n<p>&nbsp;<\/p>\n<p><strong>La Fiscal\u00eda habla con resultados.<\/strong><\/p>\n<p>&nbsp;<\/p>\n<p>&nbsp;<\/p>\n<p><strong>\u00a0<\/strong><\/p>\n<p><em>La informaci\u00f3n contenida en este bolet\u00edn de prensa corresponde a la narraci\u00f3n de los hechos noticiosos objetivos, suministrados por los funcionarios encargados de adelantar las investigaciones penales al interior de la Fiscal\u00eda General de la Naci\u00f3n. Para el momento de la divulgaci\u00f3n de este comunicado, la situaci\u00f3n jur\u00eddica de la(s) persona(s) relacionada(s) se encuentra pendiente de resolver por la autoridad judicial competente, siempre bajo los preceptos de la presunci\u00f3n de inocencia, consagrados en el art\u00edculo 29 de la Constituci\u00f3n Pol\u00edtica y el art\u00edculo 7\u00ba de la Ley 906 de 2004.\u00a0\u00a0\u00a0\u00a0\u00a0\u00a0<\/em><\/p>\n\n<div class=\"twitter-share\"><a href=\"https:\/\/twitter.com\/intent\/tweet?via=fiscaliacol\" class=\"twitter-share-button\">Tweet<\/a><\/div>\n","protected":false},"excerpt":{"rendered":"<p>Tambi\u00e9n fueron judicializados otros seis militares, entre oficiales, suboficiales y soldados profesionales que habr\u00edan facilitado el actuar il\u00edcito de alias Matamba, cabecilla de la \u2018Cordillera Sur\u2019. Los dem\u00e1s procesados son un abogado que estar\u00eda al servicio de la organizaci\u00f3n criminal, y otras personas que har\u00edan parte de una red narcotraficante se\u00f1alada de sacar coca\u00edna por [&hellip;]<\/p>\n","protected":false},"author":176,"featured_media":0,"comment_status":"closed","ping_status":"open","sticky":false,"template":"","format":"video","meta":{"_price":"","_stock":"","_tribe_ticket_header":"","_tribe_default_ticket_provider":"","_tribe_ticket_capacity":"0","_ticket_start_date":"","_ticket_end_date":"","_tribe_ticket_show_description":"","_tribe_ticket_show_not_going":false,"_tribe_ticket_use_global_stock":"","_tribe_ticket_global_stock_level":"","_global_stock_mode":"","_global_stock_cap":"","_tribe_rsvp_for_event":"","_tribe_ticket_going_count":"","_tribe_ticket_not_going_count":"","_tribe_tickets_list":"[]","_tribe_ticket_has_attendee_info_fields":false,"tdm_status":"","tdm_grid_status":"","footnotes":""},"categories":[24098,24115,1],"tags":[18672,24401,24305],"class_list":{"0":"post-241036","1":"post","2":"type-post","3":"status-publish","4":"format-video","6":"category-crimen-organizado","7":"category-narcotrafico","8":"category-noticias","9":"tag-clan-del-golfo","10":"tag-fiscal-barbosa-delgado","11":"tag-fiscal-general-francisco-barbosa","12":"post_format-post-format-video"},"yoast_head":"<!-- This site is optimized with the Yoast SEO plugin v24.3 - https:\/\/yoast.com\/wordpress\/plugins\/seo\/ -->\n<title>Fiscal\u00eda General de la Naci\u00f3n<\/title>\n<meta name=\"description\" content=\"P\u00e1gina oficial de la Fiscal\u00eda General de la Naci\u00f3n \u2013 Colombia. Garantizamos el acceso efectivo a la justicia, la verdad y la reparaci\u00f3n de las v\u00edctimas de los delitos.\" \/>\n<meta name=\"robots\" content=\"noindex, follow\" \/>\n<meta property=\"og:locale\" content=\"es_ES\" \/>\n<meta property=\"og:type\" content=\"article\" \/>\n<meta property=\"og:title\" content=\"Fiscal\u00eda General de la Naci\u00f3n\" \/>\n<meta property=\"og:description\" content=\"P\u00e1gina oficial de la Fiscal\u00eda General de la Naci\u00f3n \u2013 Colombia. Garantizamos el acceso efectivo a la justicia, la verdad y la reparaci\u00f3n de las v\u00edctimas de los delitos.\" \/>\n<meta property=\"og:url\" content=\"https:\/\/www.fiscalia.gov.co\/colombia\/noticias\/carcel-para-coronel-en-retiro-robinson-gonzalez-del-rio-por-presunto-asesoramiento-armado-a-la-estructura-cordillera-sur-del-clan-del-golfo\/\" \/>\n<meta property=\"og:site_name\" content=\"Fiscal\u00eda General de la Naci\u00f3n\" \/>\n<meta property=\"article:publisher\" content=\"https:\/\/www.facebook.com\/FiscaliaCol\" \/>\n<meta property=\"article:published_time\" content=\"2022-02-15T16:33:25+00:00\" \/>\n<meta property=\"article:modified_time\" content=\"2022-02-22T19:34:21+00:00\" \/>\n<meta name=\"author\" content=\"Johanna Black Prieto Pe\u00f1a\" \/>\n<meta name=\"twitter:card\" content=\"summary_large_image\" \/>\n<meta name=\"twitter:creator\" content=\"@FiscaliaCol\" \/>\n<meta name=\"twitter:site\" content=\"@FiscaliaCol\" \/>\n<meta name=\"twitter:label1\" content=\"Escrito por\" \/>\n\t<meta name=\"twitter:data1\" content=\"Johanna Black Prieto Pe\u00f1a\" \/>\n\t<meta name=\"twitter:label2\" content=\"Tiempo de lectura\" \/>\n\t<meta name=\"twitter:data2\" content=\"6 minutos\" \/>\n<script type=\"application\/ld+json\" class=\"yoast-schema-graph\">{\"@context\":\"https:\/\/schema.org\",\"@graph\":[{\"@type\":\"Article\",\"@id\":\"https:\/\/www.fiscalia.gov.co\/colombia\/noticias\/carcel-para-coronel-en-retiro-robinson-gonzalez-del-rio-por-presunto-asesoramiento-armado-a-la-estructura-cordillera-sur-del-clan-del-golfo\/#article\",\"isPartOf\":{\"@id\":\"https:\/\/www.fiscalia.gov.co\/colombia\/noticias\/carcel-para-coronel-en-retiro-robinson-gonzalez-del-rio-por-presunto-asesoramiento-armado-a-la-estructura-cordillera-sur-del-clan-del-golfo\/\"},\"author\":{\"name\":\"Johanna Black Prieto Pe\u00f1a\",\"@id\":\"https:\/\/www.fiscalia.gov.co\/colombia\/#\/schema\/person\/b19b49f26569f91393176a2b3d13a0e5\"},\"headline\":\"C\u00e1rcel para coronel en retiro Robinson Gonz\u00e1lez del R\u00edo por presunto asesoramiento armado a la estructura \u2018Cordillera Sur\u2019 del \u2018Clan del Golfo\u2019\",\"datePublished\":\"2022-02-15T16:33:25+00:00\",\"dateModified\":\"2022-02-22T19:34:21+00:00\",\"mainEntityOfPage\":{\"@id\":\"https:\/\/www.fiscalia.gov.co\/colombia\/noticias\/carcel-para-coronel-en-retiro-robinson-gonzalez-del-rio-por-presunto-asesoramiento-armado-a-la-estructura-cordillera-sur-del-clan-del-golfo\/\"},\"wordCount\":1128,\"publisher\":{\"@id\":\"https:\/\/www.fiscalia.gov.co\/colombia\/#organization\"},\"keywords\":[\"Clan del Golfo\",\"Fiscal Barbosa Delgado\",\"Fiscal General Francisco Barbosa\"],\"articleSection\":[\"Crimen organizado\",\"Narcotr\u00e1fico\",\"Noticias\"],\"inLanguage\":\"es-CO\"},{\"@type\":\"WebPage\",\"@id\":\"https:\/\/www.fiscalia.gov.co\/colombia\/noticias\/carcel-para-coronel-en-retiro-robinson-gonzalez-del-rio-por-presunto-asesoramiento-armado-a-la-estructura-cordillera-sur-del-clan-del-golfo\/\",\"url\":\"https:\/\/www.fiscalia.gov.co\/colombia\/noticias\/carcel-para-coronel-en-retiro-robinson-gonzalez-del-rio-por-presunto-asesoramiento-armado-a-la-estructura-cordillera-sur-del-clan-del-golfo\/\",\"name\":\"Fiscal\u00eda General de la Naci\u00f3n\",\"isPartOf\":{\"@id\":\"https:\/\/www.fiscalia.gov.co\/colombia\/#website\"},\"datePublished\":\"2022-02-15T16:33:25+00:00\",\"dateModified\":\"2022-02-22T19:34:21+00:00\",\"description\":\"P\u00e1gina oficial de la Fiscal\u00eda General de la Naci\u00f3n \u2013 Colombia. Garantizamos el acceso efectivo a la justicia, la verdad y la reparaci\u00f3n de las v\u00edctimas de los delitos.\",\"breadcrumb\":{\"@id\":\"https:\/\/www.fiscalia.gov.co\/colombia\/noticias\/carcel-para-coronel-en-retiro-robinson-gonzalez-del-rio-por-presunto-asesoramiento-armado-a-la-estructura-cordillera-sur-del-clan-del-golfo\/#breadcrumb\"},\"inLanguage\":\"es-CO\",\"potentialAction\":[{\"@type\":\"ReadAction\",\"target\":[\"https:\/\/www.fiscalia.gov.co\/colombia\/noticias\/carcel-para-coronel-en-retiro-robinson-gonzalez-del-rio-por-presunto-asesoramiento-armado-a-la-estructura-cordillera-sur-del-clan-del-golfo\/\"]}]},{\"@type\":\"BreadcrumbList\",\"@id\":\"https:\/\/www.fiscalia.gov.co\/colombia\/noticias\/carcel-para-coronel-en-retiro-robinson-gonzalez-del-rio-por-presunto-asesoramiento-armado-a-la-estructura-cordillera-sur-del-clan-del-golfo\/#breadcrumb\",\"itemListElement\":[{\"@type\":\"ListItem\",\"position\":1,\"name\":\"Home\",\"item\":\"https:\/\/www.fiscalia.gov.co\/colombia\/\"},{\"@type\":\"ListItem\",\"position\":2,\"name\":\"C\u00e1rcel para coronel en retiro Robinson Gonz\u00e1lez del R\u00edo por presunto asesoramiento armado a la estructura \u2018Cordillera Sur\u2019 del \u2018Clan del Golfo\u2019\"}]},{\"@type\":\"WebSite\",\"@id\":\"https:\/\/www.fiscalia.gov.co\/colombia\/#website\",\"url\":\"https:\/\/www.fiscalia.gov.co\/colombia\/\",\"name\":\"Fiscal\u00eda General de la Naci\u00f3n\",\"description\":\"P\u00e1gina oficial de la Fiscal\u00eda General de la Naci\u00f3n \u2013 Colombia. Garantizamos el acceso efectivo a la justicia, la verdad y la reparaci\u00f3n de las v\u00edctimas de los delitos.\",\"publisher\":{\"@id\":\"https:\/\/www.fiscalia.gov.co\/colombia\/#organization\"},\"potentialAction\":[{\"@type\":\"SearchAction\",\"target\":{\"@type\":\"EntryPoint\",\"urlTemplate\":\"https:\/\/www.fiscalia.gov.co\/colombia\/?s={search_term_string}\"},\"query-input\":{\"@type\":\"PropertyValueSpecification\",\"valueRequired\":true,\"valueName\":\"search_term_string\"}}],\"inLanguage\":\"es-CO\"},{\"@type\":\"Organization\",\"@id\":\"https:\/\/www.fiscalia.gov.co\/colombia\/#organization\",\"name\":\"Fiscal\u00eda General de la Naci\u00f3n\",\"url\":\"https:\/\/www.fiscalia.gov.co\/colombia\/\",\"logo\":{\"@type\":\"ImageObject\",\"inLanguage\":\"es-CO\",\"@id\":\"https:\/\/www.fiscalia.gov.co\/colombia\/#\/schema\/logo\/image\/\",\"url\":\"https:\/\/www.fiscalia.gov.co\/colombia\/wp-content\/uploads\/LogoHorizontal_1.jpg\",\"contentUrl\":\"https:\/\/www.fiscalia.gov.co\/colombia\/wp-content\/uploads\/LogoHorizontal_1.jpg\",\"width\":300,\"height\":90,\"caption\":\"Fiscal\u00eda General de la Naci\u00f3n\"},\"image\":{\"@id\":\"https:\/\/www.fiscalia.gov.co\/colombia\/#\/schema\/logo\/image\/\"},\"sameAs\":[\"https:\/\/www.facebook.com\/FiscaliaCol\",\"https:\/\/x.com\/FiscaliaCol\",\"https:\/\/www.instagram.com\/fiscaliacol\",\"https:\/\/www.linkedin.com\/company\/fiscalia-general-de-la-naci-n\/\",\"https:\/\/youtube.com\/@fiscaliageneraldelanacion-4668?si=6nN79nyQICPU5iTh\"]},{\"@type\":\"Person\",\"@id\":\"https:\/\/www.fiscalia.gov.co\/colombia\/#\/schema\/person\/b19b49f26569f91393176a2b3d13a0e5\",\"name\":\"Johanna Black Prieto Pe\u00f1a\",\"image\":{\"@type\":\"ImageObject\",\"inLanguage\":\"es-CO\",\"@id\":\"https:\/\/www.fiscalia.gov.co\/colombia\/#\/schema\/person\/image\/\",\"url\":\"https:\/\/secure.gravatar.com\/avatar\/7f04518e1774335e76d761d76f04003e?s=96&d=mm&r=g\",\"contentUrl\":\"https:\/\/secure.gravatar.com\/avatar\/7f04518e1774335e76d761d76f04003e?s=96&d=mm&r=g\",\"caption\":\"Johanna Black Prieto Pe\u00f1a\"},\"url\":\"https:\/\/www.fiscalia.gov.co\/colombia\/author\/jprieto\/\"}]}<\/script>\n<!-- \/ Yoast SEO plugin. -->","yoast_head_json":{"title":"Fiscal\u00eda General de la Naci\u00f3n","description":"P\u00e1gina oficial de la Fiscal\u00eda General de la Naci\u00f3n \u2013 Colombia. Garantizamos el acceso efectivo a la justicia, la verdad y la reparaci\u00f3n de las v\u00edctimas de los delitos.","robots":{"index":"noindex","follow":"follow"},"og_locale":"es_ES","og_type":"article","og_title":"Fiscal\u00eda General de la Naci\u00f3n","og_description":"P\u00e1gina oficial de la Fiscal\u00eda General de la Naci\u00f3n \u2013 Colombia. Garantizamos el acceso efectivo a la justicia, la verdad y la reparaci\u00f3n de las v\u00edctimas de los delitos.","og_url":"https:\/\/www.fiscalia.gov.co\/colombia\/noticias\/carcel-para-coronel-en-retiro-robinson-gonzalez-del-rio-por-presunto-asesoramiento-armado-a-la-estructura-cordillera-sur-del-clan-del-golfo\/","og_site_name":"Fiscal\u00eda General de la Naci\u00f3n","article_publisher":"https:\/\/www.facebook.com\/FiscaliaCol","article_published_time":"2022-02-15T16:33:25+00:00","article_modified_time":"2022-02-22T19:34:21+00:00","author":"Johanna Black Prieto Pe\u00f1a","twitter_card":"summary_large_image","twitter_creator":"@FiscaliaCol","twitter_site":"@FiscaliaCol","twitter_misc":{"Escrito por":"Johanna Black Prieto Pe\u00f1a","Tiempo de lectura":"6 minutos"},"schema":{"@context":"https:\/\/schema.org","@graph":[{"@type":"Article","@id":"https:\/\/www.fiscalia.gov.co\/colombia\/noticias\/carcel-para-coronel-en-retiro-robinson-gonzalez-del-rio-por-presunto-asesoramiento-armado-a-la-estructura-cordillera-sur-del-clan-del-golfo\/#article","isPartOf":{"@id":"https:\/\/www.fiscalia.gov.co\/colombia\/noticias\/carcel-para-coronel-en-retiro-robinson-gonzalez-del-rio-por-presunto-asesoramiento-armado-a-la-estructura-cordillera-sur-del-clan-del-golfo\/"},"author":{"name":"Johanna Black Prieto Pe\u00f1a","@id":"https:\/\/www.fiscalia.gov.co\/colombia\/#\/schema\/person\/b19b49f26569f91393176a2b3d13a0e5"},"headline":"C\u00e1rcel para coronel en retiro Robinson Gonz\u00e1lez del R\u00edo por presunto asesoramiento armado a la estructura \u2018Cordillera Sur\u2019 del \u2018Clan del Golfo\u2019","datePublished":"2022-02-15T16:33:25+00:00","dateModified":"2022-02-22T19:34:21+00:00","mainEntityOfPage":{"@id":"https:\/\/www.fiscalia.gov.co\/colombia\/noticias\/carcel-para-coronel-en-retiro-robinson-gonzalez-del-rio-por-presunto-asesoramiento-armado-a-la-estructura-cordillera-sur-del-clan-del-golfo\/"},"wordCount":1128,"publisher":{"@id":"https:\/\/www.fiscalia.gov.co\/colombia\/#organization"},"keywords":["Clan del Golfo","Fiscal Barbosa Delgado","Fiscal General Francisco Barbosa"],"articleSection":["Crimen organizado","Narcotr\u00e1fico","Noticias"],"inLanguage":"es-CO"},{"@type":"WebPage","@id":"https:\/\/www.fiscalia.gov.co\/colombia\/noticias\/carcel-para-coronel-en-retiro-robinson-gonzalez-del-rio-por-presunto-asesoramiento-armado-a-la-estructura-cordillera-sur-del-clan-del-golfo\/","url":"https:\/\/www.fiscalia.gov.co\/colombia\/noticias\/carcel-para-coronel-en-retiro-robinson-gonzalez-del-rio-por-presunto-asesoramiento-armado-a-la-estructura-cordillera-sur-del-clan-del-golfo\/","name":"Fiscal\u00eda General de la Naci\u00f3n","isPartOf":{"@id":"https:\/\/www.fiscalia.gov.co\/colombia\/#website"},"datePublished":"2022-02-15T16:33:25+00:00","dateModified":"2022-02-22T19:34:21+00:00","description":"P\u00e1gina oficial de la Fiscal\u00eda General de la Naci\u00f3n \u2013 Colombia. Garantizamos el acceso efectivo a la justicia, la verdad y la reparaci\u00f3n de las v\u00edctimas de los delitos.","breadcrumb":{"@id":"https:\/\/www.fiscalia.gov.co\/colombia\/noticias\/carcel-para-coronel-en-retiro-robinson-gonzalez-del-rio-por-presunto-asesoramiento-armado-a-la-estructura-cordillera-sur-del-clan-del-golfo\/#breadcrumb"},"inLanguage":"es-CO","potentialAction":[{"@type":"ReadAction","target":["https:\/\/www.fiscalia.gov.co\/colombia\/noticias\/carcel-para-coronel-en-retiro-robinson-gonzalez-del-rio-por-presunto-asesoramiento-armado-a-la-estructura-cordillera-sur-del-clan-del-golfo\/"]}]},{"@type":"BreadcrumbList","@id":"https:\/\/www.fiscalia.gov.co\/colombia\/noticias\/carcel-para-coronel-en-retiro-robinson-gonzalez-del-rio-por-presunto-asesoramiento-armado-a-la-estructura-cordillera-sur-del-clan-del-golfo\/#breadcrumb","itemListElement":[{"@type":"ListItem","position":1,"name":"Home","item":"https:\/\/www.fiscalia.gov.co\/colombia\/"},{"@type":"ListItem","position":2,"name":"C\u00e1rcel para coronel en retiro Robinson Gonz\u00e1lez del R\u00edo por presunto asesoramiento armado a la estructura \u2018Cordillera Sur\u2019 del \u2018Clan del Golfo\u2019"}]},{"@type":"WebSite","@id":"https:\/\/www.fiscalia.gov.co\/colombia\/#website","url":"https:\/\/www.fiscalia.gov.co\/colombia\/","name":"Fiscal\u00eda General de la Naci\u00f3n","description":"P\u00e1gina oficial de la Fiscal\u00eda General de la Naci\u00f3n \u2013 Colombia. Garantizamos el acceso efectivo a la justicia, la verdad y la reparaci\u00f3n de las v\u00edctimas de los delitos.","publisher":{"@id":"https:\/\/www.fiscalia.gov.co\/colombia\/#organization"},"potentialAction":[{"@type":"SearchAction","target":{"@type":"EntryPoint","urlTemplate":"https:\/\/www.fiscalia.gov.co\/colombia\/?s={search_term_string}"},"query-input":{"@type":"PropertyValueSpecification","valueRequired":true,"valueName":"search_term_string"}}],"inLanguage":"es-CO"},{"@type":"Organization","@id":"https:\/\/www.fiscalia.gov.co\/colombia\/#organization","name":"Fiscal\u00eda General de la Naci\u00f3n","url":"https:\/\/www.fiscalia.gov.co\/colombia\/","logo":{"@type":"ImageObject","inLanguage":"es-CO","@id":"https:\/\/www.fiscalia.gov.co\/colombia\/#\/schema\/logo\/image\/","url":"https:\/\/www.fiscalia.gov.co\/colombia\/wp-content\/uploads\/LogoHorizontal_1.jpg","contentUrl":"https:\/\/www.fiscalia.gov.co\/colombia\/wp-content\/uploads\/LogoHorizontal_1.jpg","width":300,"height":90,"caption":"Fiscal\u00eda General de la Naci\u00f3n"},"image":{"@id":"https:\/\/www.fiscalia.gov.co\/colombia\/#\/schema\/logo\/image\/"},"sameAs":["https:\/\/www.facebook.com\/FiscaliaCol","https:\/\/x.com\/FiscaliaCol","https:\/\/www.instagram.com\/fiscaliacol","https:\/\/www.linkedin.com\/company\/fiscalia-general-de-la-naci-n\/","https:\/\/youtube.com\/@fiscaliageneraldelanacion-4668?si=6nN79nyQICPU5iTh"]},{"@type":"Person","@id":"https:\/\/www.fiscalia.gov.co\/colombia\/#\/schema\/person\/b19b49f26569f91393176a2b3d13a0e5","name":"Johanna Black Prieto Pe\u00f1a","image":{"@type":"ImageObject","inLanguage":"es-CO","@id":"https:\/\/www.fiscalia.gov.co\/colombia\/#\/schema\/person\/image\/","url":"https:\/\/secure.gravatar.com\/avatar\/7f04518e1774335e76d761d76f04003e?s=96&d=mm&r=g","contentUrl":"https:\/\/secure.gravatar.com\/avatar\/7f04518e1774335e76d761d76f04003e?s=96&d=mm&r=g","caption":"Johanna Black Prieto Pe\u00f1a"},"url":"https:\/\/www.fiscalia.gov.co\/colombia\/author\/jprieto\/"}]}},"_links":{"self":[{"href":"https:\/\/www.fiscalia.gov.co\/colombia\/wp-json\/wp\/v2\/posts\/241036","targetHints":{"allow":["GET"]}}],"collection":[{"href":"https:\/\/www.fiscalia.gov.co\/colombia\/wp-json\/wp\/v2\/posts"}],"about":[{"href":"https:\/\/www.fiscalia.gov.co\/colombia\/wp-json\/wp\/v2\/types\/post"}],"author":[{"embeddable":true,"href":"https:\/\/www.fiscalia.gov.co\/colombia\/wp-json\/wp\/v2\/users\/176"}],"replies":[{"embeddable":true,"href":"https:\/\/www.fiscalia.gov.co\/colombia\/wp-json\/wp\/v2\/comments?post=241036"}],"version-history":[{"count":2,"href":"https:\/\/www.fiscalia.gov.co\/colombia\/wp-json\/wp\/v2\/posts\/241036\/revisions"}],"predecessor-version":[{"id":241758,"href":"https:\/\/www.fiscalia.gov.co\/colombia\/wp-json\/wp\/v2\/posts\/241036\/revisions\/241758"}],"wp:attachment":[{"href":"https:\/\/www.fiscalia.gov.co\/colombia\/wp-json\/wp\/v2\/media?parent=241036"}],"wp:term":[{"taxonomy":"category","embeddable":true,"href":"https:\/\/www.fiscalia.gov.co\/colombia\/wp-json\/wp\/v2\/categories?post=241036"},{"taxonomy":"post_tag","embeddable":true,"href":"https:\/\/www.fiscalia.gov.co\/colombia\/wp-json\/wp\/v2\/tags?post=241036"}],"curies":[{"name":"wp","href":"https:\/\/api.w.org\/{rel}","templated":true}]}}