{"id":241024,"date":"2022-02-15T10:28:05","date_gmt":"2022-02-15T15:28:05","guid":{"rendered":"https:\/\/www.fiscalia.gov.co\/colombia\/?p=241024"},"modified":"2022-02-15T10:28:05","modified_gmt":"2022-02-15T15:28:05","slug":"privado-de-la-libertad-alias-mane-senalado-como-presunto-responsable-del-hurto-a-pasajeros-de-buses-de-transporte-publico-en-barranquilla","status":"publish","type":"post","link":"https:\/\/www.fiscalia.gov.co\/colombia\/noticias\/privado-de-la-libertad-alias-mane-senalado-como-presunto-responsable-del-hurto-a-pasajeros-de-buses-de-transporte-publico-en-barranquilla\/","title":{"rendered":"Privado de la libertad alias Ma\u00f1e, se\u00f1alado como presunto responsable del hurto a pasajeros de buses de transporte p\u00fablico en Barranquilla\u00a0"},"content":{"rendered":"<p>Como Manuel Antony Fontalvo Zabaleta, alias Ma\u00f1e, fue identificado el hombre a quien un fiscal de la Estructura de Apoyo (EDA) de la Seccional Atl\u00e1ntico judicializ\u00f3, como presunto responsable del hurto a pasajeros de buses de servicio p\u00fablico en la ciudad de Barranquilla.<\/p>\n<figure id=\"attachment_241025\" aria-describedby=\"caption-attachment-241025\" style=\"width: 1254px\" class=\"wp-caption alignnone\"><img loading=\"lazy\" decoding=\"async\" class=\"size-full wp-image-241025\" src=\"https:\/\/www.fiscalia.gov.co\/colombia\/wp-content\/uploads\/Alias-Ma\u00f1e-fue-enviado-a-la-c\u00e1rcel-como-presunto-responsable-de-hurto-a-personas-en-buses-de-servicio-p\u00fablico..jpeg\" alt=\"\" width=\"1254\" height=\"1077\" srcset=\"https:\/\/www.fiscalia.gov.co\/colombia\/wp-content\/uploads\/Alias-Ma\u00f1e-fue-enviado-a-la-c\u00e1rcel-como-presunto-responsable-de-hurto-a-personas-en-buses-de-servicio-p\u00fablico..jpeg 1254w, https:\/\/www.fiscalia.gov.co\/colombia\/wp-content\/uploads\/Alias-Ma\u00f1e-fue-enviado-a-la-c\u00e1rcel-como-presunto-responsable-de-hurto-a-personas-en-buses-de-servicio-p\u00fablico.-300x258.jpeg 300w, https:\/\/www.fiscalia.gov.co\/colombia\/wp-content\/uploads\/Alias-Ma\u00f1e-fue-enviado-a-la-c\u00e1rcel-como-presunto-responsable-de-hurto-a-personas-en-buses-de-servicio-p\u00fablico.-1024x879.jpeg 1024w, https:\/\/www.fiscalia.gov.co\/colombia\/wp-content\/uploads\/Alias-Ma\u00f1e-fue-enviado-a-la-c\u00e1rcel-como-presunto-responsable-de-hurto-a-personas-en-buses-de-servicio-p\u00fablico.-768x660.jpeg 768w, https:\/\/www.fiscalia.gov.co\/colombia\/wp-content\/uploads\/Alias-Ma\u00f1e-fue-enviado-a-la-c\u00e1rcel-como-presunto-responsable-de-hurto-a-personas-en-buses-de-servicio-p\u00fablico.-696x598.jpeg 696w, https:\/\/www.fiscalia.gov.co\/colombia\/wp-content\/uploads\/Alias-Ma\u00f1e-fue-enviado-a-la-c\u00e1rcel-como-presunto-responsable-de-hurto-a-personas-en-buses-de-servicio-p\u00fablico.-1068x917.jpeg 1068w, https:\/\/www.fiscalia.gov.co\/colombia\/wp-content\/uploads\/Alias-Ma\u00f1e-fue-enviado-a-la-c\u00e1rcel-como-presunto-responsable-de-hurto-a-personas-en-buses-de-servicio-p\u00fablico.-489x420.jpeg 489w\" sizes=\"auto, (max-width: 1254px) 100vw, 1254px\" \/><figcaption id=\"caption-attachment-241025\" class=\"wp-caption-text\">Alias Ma\u00f1e fue enviado a la c\u00e1rcel como presunto responsable de hurto a personas en buses de servicio p\u00fablico.<\/figcaption><\/figure>\n<p>Los hechos se registraron el 9 de julio de 2021, cuando un conductor adscrito a una empresa transporte de ciudad fue asaltado con arma de fuego y golpeado, al parecer por el investigado.<\/p>\n<p>La indagaci\u00f3n da cuenta de que alias Ma\u00f1e habr\u00eda cometido este y otros asaltos en inmediaciones de la Avenida Circunvalar, donde se presenta alto flujo de este tipo de veh\u00edculos hasta altas horas de la noche.<\/p>\n<p>Al parecer, el hoy procesado, con arma de fuego, habr\u00eda despojado de sus pertenencias a varios pasajeros de buses en ese sector, en hechos denunciados entre 2021 y 2022.<\/p>\n<p>Unidades de la Polic\u00eda Nacional materializaron la captura de Fontalvo en el barrio Siete de Abril, ubicado en el suroccidente de Barranquilla, en cumplimiento de una orden judicial.<\/p>\n<p>El ente acusador lo imput\u00f3 como presunto autor material de los delitos de hurto calificado agravado; fabricaci\u00f3n, tr\u00e1fico, porte o tenencia de armas, accesorios, partes o municiones; y lesiones personales dolosas, cargos que acept\u00f3 en desarrollo de las audiencias concentradas.<\/p>\n<p>La Fiscal\u00eda General de la Naci\u00f3n habla con resultados.<\/p>\n<p>&nbsp;<\/p>\n<p>SKCR\/DLBM\/CADO<\/p>\n<p>&nbsp;<\/p>\n<p><em>La informaci\u00f3n contenida en este bolet\u00edn de prensa corresponde a la narraci\u00f3n de los hechos noticiosos objetivos, suministrados por los funcionarios encargados de adelantar las investigaciones penales al interior de la Fiscal\u00eda General de la Naci\u00f3n. Para el momento de la divulgaci\u00f3n de este comunicado, la situaci\u00f3n jur\u00eddica de la(s) persona(s) relacionada(s) se encuentra pendiente de resolver por la autoridad judicial competente, siempre bajo los preceptos de la presunci\u00f3n de inocencia, consagrados en el art\u00edculo 29 de la Constituci\u00f3n Pol\u00edtica y el art\u00edculo 7\u00ba de la Ley 906 de 2004.\u00a0\u00a0\u00a0\u00a0\u00a0\u00a0<\/em><\/p>\n\n<div class=\"twitter-share\"><a href=\"https:\/\/twitter.com\/intent\/tweet?via=fiscaliacol\" class=\"twitter-share-button\">Tweet<\/a><\/div>\n","protected":false},"excerpt":{"rendered":"<p>Como Manuel Antony Fontalvo Zabaleta, alias Ma\u00f1e, fue identificado el hombre a quien un fiscal de la Estructura de Apoyo (EDA) de la Seccional Atl\u00e1ntico judicializ\u00f3, como presunto responsable del hurto a pasajeros de buses de servicio p\u00fablico en la ciudad de Barranquilla. Los hechos se registraron el 9 de julio de 2021, cuando un [&hellip;]<\/p>\n","protected":false},"author":176,"featured_media":0,"comment_status":"closed","ping_status":"open","sticky":false,"template":"","format":"standard","meta":{"_price":"","_stock":"","_tribe_ticket_header":"","_tribe_default_ticket_provider":"","_tribe_ticket_capacity":"0","_ticket_start_date":"","_ticket_end_date":"","_tribe_ticket_show_description":"","_tribe_ticket_show_not_going":false,"_tribe_ticket_use_global_stock":"","_tribe_ticket_global_stock_level":"","_global_stock_mode":"","_global_stock_cap":"","_tribe_rsvp_for_event":"","_tribe_ticket_going_count":"","_tribe_ticket_not_going_count":"","_tribe_tickets_list":"[]","_tribe_ticket_has_attendee_info_fields":false,"tdm_status":"","tdm_grid_status":"","footnotes":""},"categories":[1,320,24099],"tags":[25146,30449,30450,25867,19099,24526,4614,30451,30453,30452,27199,916],"class_list":{"0":"post-241024","1":"post","2":"type-post","3":"status-publish","4":"format-standard","6":"category-noticias","7":"category-seccional-barranquilla","8":"category-seguridad-territorial","9":"tag-accesorios","10":"tag-alias-mane","11":"tag-avenida-circunvalar","12":"tag-buses","13":"tag-conductores","14":"tag-fiscal-general-francisco-barbosa-delgado","15":"tag-fiscalia-2","16":"tag-hurto-calificado-agravado-fabricacion","17":"tag-partes-o-municiones-y-lesiones-personales-dolosas","18":"tag-porte-o-tenencia-de-armas","19":"tag-seccional-atlantico","20":"tag-trafico"},"yoast_head":"<!-- This site is optimized with the Yoast SEO plugin v24.3 - https:\/\/yoast.com\/wordpress\/plugins\/seo\/ -->\n<title>Fiscal\u00eda General de la Naci\u00f3n<\/title>\n<meta name=\"description\" content=\"P\u00e1gina oficial de la Fiscal\u00eda General de la Naci\u00f3n \u2013 Colombia. Garantizamos el acceso efectivo a la justicia, la verdad y la reparaci\u00f3n de las v\u00edctimas de los delitos.\" \/>\n<meta name=\"robots\" content=\"noindex, follow\" \/>\n<meta property=\"og:locale\" content=\"es_ES\" \/>\n<meta property=\"og:type\" content=\"article\" \/>\n<meta property=\"og:title\" content=\"Fiscal\u00eda General de la Naci\u00f3n\" \/>\n<meta property=\"og:description\" content=\"P\u00e1gina oficial de la Fiscal\u00eda General de la Naci\u00f3n \u2013 Colombia. Garantizamos el acceso efectivo a la justicia, la verdad y la reparaci\u00f3n de las v\u00edctimas de los delitos.\" \/>\n<meta property=\"og:url\" content=\"https:\/\/www.fiscalia.gov.co\/colombia\/noticias\/privado-de-la-libertad-alias-mane-senalado-como-presunto-responsable-del-hurto-a-pasajeros-de-buses-de-transporte-publico-en-barranquilla\/\" \/>\n<meta property=\"og:site_name\" content=\"Fiscal\u00eda General de la Naci\u00f3n\" \/>\n<meta property=\"article:publisher\" content=\"https:\/\/www.facebook.com\/FiscaliaCol\" \/>\n<meta property=\"article:published_time\" content=\"2022-02-15T15:28:05+00:00\" \/>\n<meta name=\"author\" content=\"Johanna Black Prieto Pe\u00f1a\" \/>\n<meta name=\"twitter:card\" content=\"summary_large_image\" \/>\n<meta name=\"twitter:creator\" content=\"@FiscaliaCol\" \/>\n<meta name=\"twitter:site\" content=\"@FiscaliaCol\" \/>\n<meta name=\"twitter:label1\" content=\"Escrito por\" \/>\n\t<meta name=\"twitter:data1\" content=\"Johanna Black Prieto Pe\u00f1a\" \/>\n\t<meta name=\"twitter:label2\" content=\"Tiempo de lectura\" \/>\n\t<meta name=\"twitter:data2\" content=\"2 minutos\" \/>\n<script type=\"application\/ld+json\" class=\"yoast-schema-graph\">{\"@context\":\"https:\/\/schema.org\",\"@graph\":[{\"@type\":\"Article\",\"@id\":\"https:\/\/www.fiscalia.gov.co\/colombia\/noticias\/privado-de-la-libertad-alias-mane-senalado-como-presunto-responsable-del-hurto-a-pasajeros-de-buses-de-transporte-publico-en-barranquilla\/#article\",\"isPartOf\":{\"@id\":\"https:\/\/www.fiscalia.gov.co\/colombia\/noticias\/privado-de-la-libertad-alias-mane-senalado-como-presunto-responsable-del-hurto-a-pasajeros-de-buses-de-transporte-publico-en-barranquilla\/\"},\"author\":{\"name\":\"Johanna Black Prieto Pe\u00f1a\",\"@id\":\"https:\/\/www.fiscalia.gov.co\/colombia\/#\/schema\/person\/b19b49f26569f91393176a2b3d13a0e5\"},\"headline\":\"Privado de la libertad alias Ma\u00f1e, se\u00f1alado como presunto responsable del hurto a pasajeros de buses de transporte p\u00fablico en Barranquilla\u00a0\",\"datePublished\":\"2022-02-15T15:28:05+00:00\",\"dateModified\":\"2022-02-15T15:28:05+00:00\",\"mainEntityOfPage\":{\"@id\":\"https:\/\/www.fiscalia.gov.co\/colombia\/noticias\/privado-de-la-libertad-alias-mane-senalado-como-presunto-responsable-del-hurto-a-pasajeros-de-buses-de-transporte-publico-en-barranquilla\/\"},\"wordCount\":387,\"publisher\":{\"@id\":\"https:\/\/www.fiscalia.gov.co\/colombia\/#organization\"},\"keywords\":[\"accesorios\",\"alias Ma\u00f1e\",\"avenida circunvalar\",\"buses\",\"Conductores\",\"Fiscal General Francisco Barbosa Delgado\",\"Fiscal\u00eda\",\"hurto calificado agravado; fabricaci\u00f3n\",\"partes o municiones; y lesiones personales dolosas\",\"porte o tenencia de armas\",\"Seccional Atl\u00e1ntico\",\"Tr\u00e1fico\"],\"articleSection\":[\"Noticias\",\"Seccional Barranquilla\",\"Seguridad territorial\"],\"inLanguage\":\"es-CO\"},{\"@type\":\"WebPage\",\"@id\":\"https:\/\/www.fiscalia.gov.co\/colombia\/noticias\/privado-de-la-libertad-alias-mane-senalado-como-presunto-responsable-del-hurto-a-pasajeros-de-buses-de-transporte-publico-en-barranquilla\/\",\"url\":\"https:\/\/www.fiscalia.gov.co\/colombia\/noticias\/privado-de-la-libertad-alias-mane-senalado-como-presunto-responsable-del-hurto-a-pasajeros-de-buses-de-transporte-publico-en-barranquilla\/\",\"name\":\"Fiscal\u00eda General de la Naci\u00f3n\",\"isPartOf\":{\"@id\":\"https:\/\/www.fiscalia.gov.co\/colombia\/#website\"},\"datePublished\":\"2022-02-15T15:28:05+00:00\",\"dateModified\":\"2022-02-15T15:28:05+00:00\",\"description\":\"P\u00e1gina oficial de la Fiscal\u00eda General de la Naci\u00f3n \u2013 Colombia. Garantizamos el acceso efectivo a la justicia, la verdad y la reparaci\u00f3n de las v\u00edctimas de los delitos.\",\"breadcrumb\":{\"@id\":\"https:\/\/www.fiscalia.gov.co\/colombia\/noticias\/privado-de-la-libertad-alias-mane-senalado-como-presunto-responsable-del-hurto-a-pasajeros-de-buses-de-transporte-publico-en-barranquilla\/#breadcrumb\"},\"inLanguage\":\"es-CO\",\"potentialAction\":[{\"@type\":\"ReadAction\",\"target\":[\"https:\/\/www.fiscalia.gov.co\/colombia\/noticias\/privado-de-la-libertad-alias-mane-senalado-como-presunto-responsable-del-hurto-a-pasajeros-de-buses-de-transporte-publico-en-barranquilla\/\"]}]},{\"@type\":\"BreadcrumbList\",\"@id\":\"https:\/\/www.fiscalia.gov.co\/colombia\/noticias\/privado-de-la-libertad-alias-mane-senalado-como-presunto-responsable-del-hurto-a-pasajeros-de-buses-de-transporte-publico-en-barranquilla\/#breadcrumb\",\"itemListElement\":[{\"@type\":\"ListItem\",\"position\":1,\"name\":\"Home\",\"item\":\"https:\/\/www.fiscalia.gov.co\/colombia\/\"},{\"@type\":\"ListItem\",\"position\":2,\"name\":\"Privado de la libertad alias Ma\u00f1e, se\u00f1alado como presunto responsable del hurto a pasajeros de buses de transporte p\u00fablico en Barranquilla\u00a0\"}]},{\"@type\":\"WebSite\",\"@id\":\"https:\/\/www.fiscalia.gov.co\/colombia\/#website\",\"url\":\"https:\/\/www.fiscalia.gov.co\/colombia\/\",\"name\":\"Fiscal\u00eda General de la Naci\u00f3n\",\"description\":\"P\u00e1gina oficial de la Fiscal\u00eda General de la Naci\u00f3n \u2013 Colombia. Garantizamos el acceso efectivo a la justicia, la verdad y la reparaci\u00f3n de las v\u00edctimas de los delitos.\",\"publisher\":{\"@id\":\"https:\/\/www.fiscalia.gov.co\/colombia\/#organization\"},\"potentialAction\":[{\"@type\":\"SearchAction\",\"target\":{\"@type\":\"EntryPoint\",\"urlTemplate\":\"https:\/\/www.fiscalia.gov.co\/colombia\/?s={search_term_string}\"},\"query-input\":{\"@type\":\"PropertyValueSpecification\",\"valueRequired\":true,\"valueName\":\"search_term_string\"}}],\"inLanguage\":\"es-CO\"},{\"@type\":\"Organization\",\"@id\":\"https:\/\/www.fiscalia.gov.co\/colombia\/#organization\",\"name\":\"Fiscal\u00eda General de la Naci\u00f3n\",\"url\":\"https:\/\/www.fiscalia.gov.co\/colombia\/\",\"logo\":{\"@type\":\"ImageObject\",\"inLanguage\":\"es-CO\",\"@id\":\"https:\/\/www.fiscalia.gov.co\/colombia\/#\/schema\/logo\/image\/\",\"url\":\"https:\/\/www.fiscalia.gov.co\/colombia\/wp-content\/uploads\/LogoHorizontal_1.jpg\",\"contentUrl\":\"https:\/\/www.fiscalia.gov.co\/colombia\/wp-content\/uploads\/LogoHorizontal_1.jpg\",\"width\":300,\"height\":90,\"caption\":\"Fiscal\u00eda General de la Naci\u00f3n\"},\"image\":{\"@id\":\"https:\/\/www.fiscalia.gov.co\/colombia\/#\/schema\/logo\/image\/\"},\"sameAs\":[\"https:\/\/www.facebook.com\/FiscaliaCol\",\"https:\/\/x.com\/FiscaliaCol\",\"https:\/\/www.instagram.com\/fiscaliacol\",\"https:\/\/www.linkedin.com\/company\/fiscalia-general-de-la-naci-n\/\",\"https:\/\/youtube.com\/@fiscaliageneraldelanacion-4668?si=6nN79nyQICPU5iTh\"]},{\"@type\":\"Person\",\"@id\":\"https:\/\/www.fiscalia.gov.co\/colombia\/#\/schema\/person\/b19b49f26569f91393176a2b3d13a0e5\",\"name\":\"Johanna Black Prieto Pe\u00f1a\",\"image\":{\"@type\":\"ImageObject\",\"inLanguage\":\"es-CO\",\"@id\":\"https:\/\/www.fiscalia.gov.co\/colombia\/#\/schema\/person\/image\/\",\"url\":\"https:\/\/secure.gravatar.com\/avatar\/7f04518e1774335e76d761d76f04003e?s=96&d=mm&r=g\",\"contentUrl\":\"https:\/\/secure.gravatar.com\/avatar\/7f04518e1774335e76d761d76f04003e?s=96&d=mm&r=g\",\"caption\":\"Johanna Black Prieto Pe\u00f1a\"},\"url\":\"https:\/\/www.fiscalia.gov.co\/colombia\/author\/jprieto\/\"}]}<\/script>\n<!-- \/ Yoast SEO plugin. -->","yoast_head_json":{"title":"Fiscal\u00eda General de la Naci\u00f3n","description":"P\u00e1gina oficial de la Fiscal\u00eda General de la Naci\u00f3n \u2013 Colombia. Garantizamos el acceso efectivo a la justicia, la verdad y la reparaci\u00f3n de las v\u00edctimas de los delitos.","robots":{"index":"noindex","follow":"follow"},"og_locale":"es_ES","og_type":"article","og_title":"Fiscal\u00eda General de la Naci\u00f3n","og_description":"P\u00e1gina oficial de la Fiscal\u00eda General de la Naci\u00f3n \u2013 Colombia. Garantizamos el acceso efectivo a la justicia, la verdad y la reparaci\u00f3n de las v\u00edctimas de los delitos.","og_url":"https:\/\/www.fiscalia.gov.co\/colombia\/noticias\/privado-de-la-libertad-alias-mane-senalado-como-presunto-responsable-del-hurto-a-pasajeros-de-buses-de-transporte-publico-en-barranquilla\/","og_site_name":"Fiscal\u00eda General de la Naci\u00f3n","article_publisher":"https:\/\/www.facebook.com\/FiscaliaCol","article_published_time":"2022-02-15T15:28:05+00:00","author":"Johanna Black Prieto Pe\u00f1a","twitter_card":"summary_large_image","twitter_creator":"@FiscaliaCol","twitter_site":"@FiscaliaCol","twitter_misc":{"Escrito por":"Johanna Black Prieto Pe\u00f1a","Tiempo de lectura":"2 minutos"},"schema":{"@context":"https:\/\/schema.org","@graph":[{"@type":"Article","@id":"https:\/\/www.fiscalia.gov.co\/colombia\/noticias\/privado-de-la-libertad-alias-mane-senalado-como-presunto-responsable-del-hurto-a-pasajeros-de-buses-de-transporte-publico-en-barranquilla\/#article","isPartOf":{"@id":"https:\/\/www.fiscalia.gov.co\/colombia\/noticias\/privado-de-la-libertad-alias-mane-senalado-como-presunto-responsable-del-hurto-a-pasajeros-de-buses-de-transporte-publico-en-barranquilla\/"},"author":{"name":"Johanna Black Prieto Pe\u00f1a","@id":"https:\/\/www.fiscalia.gov.co\/colombia\/#\/schema\/person\/b19b49f26569f91393176a2b3d13a0e5"},"headline":"Privado de la libertad alias Ma\u00f1e, se\u00f1alado como presunto responsable del hurto a pasajeros de buses de transporte p\u00fablico en Barranquilla\u00a0","datePublished":"2022-02-15T15:28:05+00:00","dateModified":"2022-02-15T15:28:05+00:00","mainEntityOfPage":{"@id":"https:\/\/www.fiscalia.gov.co\/colombia\/noticias\/privado-de-la-libertad-alias-mane-senalado-como-presunto-responsable-del-hurto-a-pasajeros-de-buses-de-transporte-publico-en-barranquilla\/"},"wordCount":387,"publisher":{"@id":"https:\/\/www.fiscalia.gov.co\/colombia\/#organization"},"keywords":["accesorios","alias Ma\u00f1e","avenida circunvalar","buses","Conductores","Fiscal General Francisco Barbosa Delgado","Fiscal\u00eda","hurto calificado agravado; fabricaci\u00f3n","partes o municiones; y lesiones personales dolosas","porte o tenencia de armas","Seccional Atl\u00e1ntico","Tr\u00e1fico"],"articleSection":["Noticias","Seccional Barranquilla","Seguridad territorial"],"inLanguage":"es-CO"},{"@type":"WebPage","@id":"https:\/\/www.fiscalia.gov.co\/colombia\/noticias\/privado-de-la-libertad-alias-mane-senalado-como-presunto-responsable-del-hurto-a-pasajeros-de-buses-de-transporte-publico-en-barranquilla\/","url":"https:\/\/www.fiscalia.gov.co\/colombia\/noticias\/privado-de-la-libertad-alias-mane-senalado-como-presunto-responsable-del-hurto-a-pasajeros-de-buses-de-transporte-publico-en-barranquilla\/","name":"Fiscal\u00eda General de la Naci\u00f3n","isPartOf":{"@id":"https:\/\/www.fiscalia.gov.co\/colombia\/#website"},"datePublished":"2022-02-15T15:28:05+00:00","dateModified":"2022-02-15T15:28:05+00:00","description":"P\u00e1gina oficial de la Fiscal\u00eda General de la Naci\u00f3n \u2013 Colombia. Garantizamos el acceso efectivo a la justicia, la verdad y la reparaci\u00f3n de las v\u00edctimas de los delitos.","breadcrumb":{"@id":"https:\/\/www.fiscalia.gov.co\/colombia\/noticias\/privado-de-la-libertad-alias-mane-senalado-como-presunto-responsable-del-hurto-a-pasajeros-de-buses-de-transporte-publico-en-barranquilla\/#breadcrumb"},"inLanguage":"es-CO","potentialAction":[{"@type":"ReadAction","target":["https:\/\/www.fiscalia.gov.co\/colombia\/noticias\/privado-de-la-libertad-alias-mane-senalado-como-presunto-responsable-del-hurto-a-pasajeros-de-buses-de-transporte-publico-en-barranquilla\/"]}]},{"@type":"BreadcrumbList","@id":"https:\/\/www.fiscalia.gov.co\/colombia\/noticias\/privado-de-la-libertad-alias-mane-senalado-como-presunto-responsable-del-hurto-a-pasajeros-de-buses-de-transporte-publico-en-barranquilla\/#breadcrumb","itemListElement":[{"@type":"ListItem","position":1,"name":"Home","item":"https:\/\/www.fiscalia.gov.co\/colombia\/"},{"@type":"ListItem","position":2,"name":"Privado de la libertad alias Ma\u00f1e, se\u00f1alado como presunto responsable del hurto a pasajeros de buses de transporte p\u00fablico en Barranquilla\u00a0"}]},{"@type":"WebSite","@id":"https:\/\/www.fiscalia.gov.co\/colombia\/#website","url":"https:\/\/www.fiscalia.gov.co\/colombia\/","name":"Fiscal\u00eda General de la Naci\u00f3n","description":"P\u00e1gina oficial de la Fiscal\u00eda General de la Naci\u00f3n \u2013 Colombia. Garantizamos el acceso efectivo a la justicia, la verdad y la reparaci\u00f3n de las v\u00edctimas de los delitos.","publisher":{"@id":"https:\/\/www.fiscalia.gov.co\/colombia\/#organization"},"potentialAction":[{"@type":"SearchAction","target":{"@type":"EntryPoint","urlTemplate":"https:\/\/www.fiscalia.gov.co\/colombia\/?s={search_term_string}"},"query-input":{"@type":"PropertyValueSpecification","valueRequired":true,"valueName":"search_term_string"}}],"inLanguage":"es-CO"},{"@type":"Organization","@id":"https:\/\/www.fiscalia.gov.co\/colombia\/#organization","name":"Fiscal\u00eda General de la Naci\u00f3n","url":"https:\/\/www.fiscalia.gov.co\/colombia\/","logo":{"@type":"ImageObject","inLanguage":"es-CO","@id":"https:\/\/www.fiscalia.gov.co\/colombia\/#\/schema\/logo\/image\/","url":"https:\/\/www.fiscalia.gov.co\/colombia\/wp-content\/uploads\/LogoHorizontal_1.jpg","contentUrl":"https:\/\/www.fiscalia.gov.co\/colombia\/wp-content\/uploads\/LogoHorizontal_1.jpg","width":300,"height":90,"caption":"Fiscal\u00eda General de la Naci\u00f3n"},"image":{"@id":"https:\/\/www.fiscalia.gov.co\/colombia\/#\/schema\/logo\/image\/"},"sameAs":["https:\/\/www.facebook.com\/FiscaliaCol","https:\/\/x.com\/FiscaliaCol","https:\/\/www.instagram.com\/fiscaliacol","https:\/\/www.linkedin.com\/company\/fiscalia-general-de-la-naci-n\/","https:\/\/youtube.com\/@fiscaliageneraldelanacion-4668?si=6nN79nyQICPU5iTh"]},{"@type":"Person","@id":"https:\/\/www.fiscalia.gov.co\/colombia\/#\/schema\/person\/b19b49f26569f91393176a2b3d13a0e5","name":"Johanna Black Prieto Pe\u00f1a","image":{"@type":"ImageObject","inLanguage":"es-CO","@id":"https:\/\/www.fiscalia.gov.co\/colombia\/#\/schema\/person\/image\/","url":"https:\/\/secure.gravatar.com\/avatar\/7f04518e1774335e76d761d76f04003e?s=96&d=mm&r=g","contentUrl":"https:\/\/secure.gravatar.com\/avatar\/7f04518e1774335e76d761d76f04003e?s=96&d=mm&r=g","caption":"Johanna Black Prieto Pe\u00f1a"},"url":"https:\/\/www.fiscalia.gov.co\/colombia\/author\/jprieto\/"}]}},"_links":{"self":[{"href":"https:\/\/www.fiscalia.gov.co\/colombia\/wp-json\/wp\/v2\/posts\/241024","targetHints":{"allow":["GET"]}}],"collection":[{"href":"https:\/\/www.fiscalia.gov.co\/colombia\/wp-json\/wp\/v2\/posts"}],"about":[{"href":"https:\/\/www.fiscalia.gov.co\/colombia\/wp-json\/wp\/v2\/types\/post"}],"author":[{"embeddable":true,"href":"https:\/\/www.fiscalia.gov.co\/colombia\/wp-json\/wp\/v2\/users\/176"}],"replies":[{"embeddable":true,"href":"https:\/\/www.fiscalia.gov.co\/colombia\/wp-json\/wp\/v2\/comments?post=241024"}],"version-history":[{"count":1,"href":"https:\/\/www.fiscalia.gov.co\/colombia\/wp-json\/wp\/v2\/posts\/241024\/revisions"}],"predecessor-version":[{"id":241026,"href":"https:\/\/www.fiscalia.gov.co\/colombia\/wp-json\/wp\/v2\/posts\/241024\/revisions\/241026"}],"wp:attachment":[{"href":"https:\/\/www.fiscalia.gov.co\/colombia\/wp-json\/wp\/v2\/media?parent=241024"}],"wp:term":[{"taxonomy":"category","embeddable":true,"href":"https:\/\/www.fiscalia.gov.co\/colombia\/wp-json\/wp\/v2\/categories?post=241024"},{"taxonomy":"post_tag","embeddable":true,"href":"https:\/\/www.fiscalia.gov.co\/colombia\/wp-json\/wp\/v2\/tags?post=241024"}],"curies":[{"name":"wp","href":"https:\/\/api.w.org\/{rel}","templated":true}]}}