{"id":240838,"date":"2022-02-13T09:16:16","date_gmt":"2022-02-13T14:16:16","guid":{"rendered":"https:\/\/www.fiscalia.gov.co\/colombia\/?p=240838"},"modified":"2022-02-21T12:10:16","modified_gmt":"2022-02-21T17:10:16","slug":"fiscalia-impacto-a-los-tios-red-narcotraficante-senalada-de-abastecer-los-expendios-locales-de-estupefacientes-en-el-centro-y-suroccidente-del-pais","status":"publish","type":"post","link":"https:\/\/www.fiscalia.gov.co\/colombia\/noticias\/fiscalia-impacto-a-los-tios-red-narcotraficante-senalada-de-abastecer-los-expendios-locales-de-estupefacientes-en-el-centro-y-suroccidente-del-pais\/","title":{"rendered":"Fiscal\u00eda impact\u00f3 a \u2018Los T\u00edos\u2019, red narcotraficante se\u00f1alada de abastecer los expendios locales de estupefacientes en el centro y suroccidente del pa\u00eds"},"content":{"rendered":"<blockquote class=\"td_quote_box td_box_center\">\n<h4 style=\"text-align: left;\"><strong><em>Cinco presuntos integrantes de esta organizaci\u00f3n fueron judicializados.<\/em><\/strong><\/h4>\n<\/blockquote>\n<p>La acci\u00f3n investigativa de la Fiscal\u00eda General de la Naci\u00f3n y la DIJIN de la Polic\u00eda Nacional permiti\u00f3 impactar a la estructura narcotraficante \u2018Los T\u00edos\u2019, se\u00f1alada de conseguir grandes cantidades de marihuana para abastecer las denominadas \u2018plazas de vicio\u2019 o expendios de estupefacientes en los departamentos de Cauca, Valle del Cauca, Caldas.<\/p>\n<p>El material de prueba da cuenta de que la organizaci\u00f3n ilegal adquir\u00eda la marihuana en centros de producci\u00f3n y de acopio en Miranda y Toribio (Cauca). Posteriormente, la enviaba oculta entre veh\u00edculos de servicio p\u00fablico o particulares a puntos espec\u00edficos, los cuales eran concertados con las distintas bandas de microtr\u00e1fico del pa\u00eds con las que tendr\u00edan alianzas criminales.<\/p>\n<p>Cinco supuestos integrantes de \u2018Los T\u00edos\u2019 fueron capturados en diligencias de registro y allanamiento realizadas de manera simult\u00e1nea en Miranda (Cauca); y Pradera, Cali y Candelaria (Valle del Cauca). En los procedimientos se incaut\u00f3 dinero en efectivo, marihuana y tel\u00e9fonos celulares.<\/p>\n<p>Una persona adicional que har\u00eda parte de la red fue notificada en el centro carcelario donde permanece privada de la libertad por otro proceso que se sigue en su contra.<\/p>\n<p>Entre los detenidos est\u00e1n Jorge Armando Mu\u00f1oz Caicedo, alias Chupero; y Juan Camilo Velasco Lara, alias Camilo, quienes ser\u00edan los cabecillas principales y los encargados de financiar la actividad ilegal. Los dem\u00e1s capturados son: \u00a0Kevin Daniel Ortiz Pe\u00f1a, alias Kevin; Juan Sebasti\u00e1n Lucum\u00ed Cabrera, alias Sebas; y Nirsa Gisela Ortiz Medina, presuntos responsables las actividades log\u00edsticas de empaque, almacenamiento y distribuci\u00f3n de la sustancia ilegal.<\/p>\n<p>Un fiscal de la Direcci\u00f3n Especializada contra el Narcotr\u00e1fico imput\u00f3 a \u2018Los T\u00edos\u2019 los delitos de: concierto para delinquir agravado; y tr\u00e1fico, fabricaci\u00f3n o porte de estupefacientes. Los detenidos recibieron medidas privativas de la libertad.<\/p>\n<p>En curso del proceso investigativo, la Fiscal\u00eda y la Polic\u00eda Nacional les incautaron a \u2018Los T\u00edos\u2019 1.341 kilogramos de marihuana y cinco veh\u00edculos.<\/p>\n<p>Esta informaci\u00f3n se publica por razones de inter\u00e9s general.<\/p>\n<p>LMBG\/JARG\/DECN\/MRC.<\/p>\n<p><strong>La Fiscal\u00eda habla con resultados.<\/strong><\/p>\n\n<div class=\"twitter-share\"><a href=\"https:\/\/twitter.com\/intent\/tweet?via=fiscaliacol\" class=\"twitter-share-button\">Tweet<\/a><\/div>\n","protected":false},"excerpt":{"rendered":"<p>Cinco presuntos integrantes de esta organizaci\u00f3n fueron judicializados. La acci\u00f3n investigativa de la Fiscal\u00eda General de la Naci\u00f3n y la DIJIN de la Polic\u00eda Nacional permiti\u00f3 impactar a la estructura narcotraficante \u2018Los T\u00edos\u2019, se\u00f1alada de conseguir grandes cantidades de marihuana para abastecer las denominadas \u2018plazas de vicio\u2019 o expendios de estupefacientes en los departamentos de [&hellip;]<\/p>\n","protected":false},"author":176,"featured_media":0,"comment_status":"closed","ping_status":"open","sticky":false,"template":"","format":"video","meta":{"_price":"","_stock":"","_tribe_ticket_header":"","_tribe_default_ticket_provider":"","_tribe_ticket_capacity":"0","_ticket_start_date":"","_ticket_end_date":"","_tribe_ticket_show_description":"","_tribe_ticket_show_not_going":false,"_tribe_ticket_use_global_stock":"","_tribe_ticket_global_stock_level":"","_global_stock_mode":"","_global_stock_cap":"","_tribe_rsvp_for_event":"","_tribe_ticket_going_count":"","_tribe_ticket_not_going_count":"","_tribe_tickets_list":"[]","_tribe_ticket_has_attendee_info_fields":false,"tdm_status":"","tdm_grid_status":"","footnotes":""},"categories":[24115,1],"tags":[24185,24401,24189,78,24526],"class_list":{"0":"post-240838","1":"post","2":"type-post","3":"status-publish","4":"format-video","6":"category-narcotrafico","7":"category-noticias","8":"tag-fiscal-barbosa","9":"tag-fiscal-barbosa-delgado","10":"tag-fiscal-francisco-barbosa-delgado","11":"tag-fiscal-general-de-la-nacion","12":"tag-fiscal-general-francisco-barbosa-delgado","13":"post_format-post-format-video"},"yoast_head":"<!-- This site is optimized with the Yoast SEO plugin v24.3 - https:\/\/yoast.com\/wordpress\/plugins\/seo\/ -->\n<title>Fiscal\u00eda General de la Naci\u00f3n<\/title>\n<meta name=\"description\" content=\"P\u00e1gina oficial de la Fiscal\u00eda General de la Naci\u00f3n \u2013 Colombia. Garantizamos el acceso efectivo a la justicia, la verdad y la reparaci\u00f3n de las v\u00edctimas de los delitos.\" \/>\n<meta name=\"robots\" content=\"noindex, follow\" \/>\n<meta property=\"og:locale\" content=\"es_ES\" \/>\n<meta property=\"og:type\" content=\"article\" \/>\n<meta property=\"og:title\" content=\"Fiscal\u00eda General de la Naci\u00f3n\" \/>\n<meta property=\"og:description\" content=\"P\u00e1gina oficial de la Fiscal\u00eda General de la Naci\u00f3n \u2013 Colombia. Garantizamos el acceso efectivo a la justicia, la verdad y la reparaci\u00f3n de las v\u00edctimas de los delitos.\" \/>\n<meta property=\"og:url\" content=\"https:\/\/www.fiscalia.gov.co\/colombia\/noticias\/fiscalia-impacto-a-los-tios-red-narcotraficante-senalada-de-abastecer-los-expendios-locales-de-estupefacientes-en-el-centro-y-suroccidente-del-pais\/\" \/>\n<meta property=\"og:site_name\" content=\"Fiscal\u00eda General de la Naci\u00f3n\" \/>\n<meta property=\"article:publisher\" content=\"https:\/\/www.facebook.com\/FiscaliaCol\" \/>\n<meta property=\"article:published_time\" content=\"2022-02-13T14:16:16+00:00\" \/>\n<meta property=\"article:modified_time\" content=\"2022-02-21T17:10:16+00:00\" \/>\n<meta name=\"author\" content=\"Johanna Black Prieto Pe\u00f1a\" \/>\n<meta name=\"twitter:card\" content=\"summary_large_image\" \/>\n<meta name=\"twitter:creator\" content=\"@FiscaliaCol\" \/>\n<meta name=\"twitter:site\" content=\"@FiscaliaCol\" \/>\n<meta name=\"twitter:label1\" content=\"Escrito por\" \/>\n\t<meta name=\"twitter:data1\" content=\"Johanna Black Prieto Pe\u00f1a\" \/>\n\t<meta name=\"twitter:label2\" content=\"Tiempo de lectura\" \/>\n\t<meta name=\"twitter:data2\" content=\"2 minutos\" \/>\n<script type=\"application\/ld+json\" class=\"yoast-schema-graph\">{\"@context\":\"https:\/\/schema.org\",\"@graph\":[{\"@type\":\"Article\",\"@id\":\"https:\/\/www.fiscalia.gov.co\/colombia\/noticias\/fiscalia-impacto-a-los-tios-red-narcotraficante-senalada-de-abastecer-los-expendios-locales-de-estupefacientes-en-el-centro-y-suroccidente-del-pais\/#article\",\"isPartOf\":{\"@id\":\"https:\/\/www.fiscalia.gov.co\/colombia\/noticias\/fiscalia-impacto-a-los-tios-red-narcotraficante-senalada-de-abastecer-los-expendios-locales-de-estupefacientes-en-el-centro-y-suroccidente-del-pais\/\"},\"author\":{\"name\":\"Johanna Black Prieto Pe\u00f1a\",\"@id\":\"https:\/\/www.fiscalia.gov.co\/colombia\/#\/schema\/person\/b19b49f26569f91393176a2b3d13a0e5\"},\"headline\":\"Fiscal\u00eda impact\u00f3 a \u2018Los T\u00edos\u2019, red narcotraficante se\u00f1alada de abastecer los expendios locales de estupefacientes en el centro y suroccidente del pa\u00eds\",\"datePublished\":\"2022-02-13T14:16:16+00:00\",\"dateModified\":\"2022-02-21T17:10:16+00:00\",\"mainEntityOfPage\":{\"@id\":\"https:\/\/www.fiscalia.gov.co\/colombia\/noticias\/fiscalia-impacto-a-los-tios-red-narcotraficante-senalada-de-abastecer-los-expendios-locales-de-estupefacientes-en-el-centro-y-suroccidente-del-pais\/\"},\"wordCount\":395,\"publisher\":{\"@id\":\"https:\/\/www.fiscalia.gov.co\/colombia\/#organization\"},\"keywords\":[\"Fiscal Barbosa\",\"Fiscal Barbosa Delgado\",\"Fiscal Francisco Barbosa Delgado\",\"Fiscal General de la Naci\u00f3n\",\"Fiscal General Francisco Barbosa Delgado\"],\"articleSection\":[\"Narcotr\u00e1fico\",\"Noticias\"],\"inLanguage\":\"es-CO\"},{\"@type\":\"WebPage\",\"@id\":\"https:\/\/www.fiscalia.gov.co\/colombia\/noticias\/fiscalia-impacto-a-los-tios-red-narcotraficante-senalada-de-abastecer-los-expendios-locales-de-estupefacientes-en-el-centro-y-suroccidente-del-pais\/\",\"url\":\"https:\/\/www.fiscalia.gov.co\/colombia\/noticias\/fiscalia-impacto-a-los-tios-red-narcotraficante-senalada-de-abastecer-los-expendios-locales-de-estupefacientes-en-el-centro-y-suroccidente-del-pais\/\",\"name\":\"Fiscal\u00eda General de la Naci\u00f3n\",\"isPartOf\":{\"@id\":\"https:\/\/www.fiscalia.gov.co\/colombia\/#website\"},\"datePublished\":\"2022-02-13T14:16:16+00:00\",\"dateModified\":\"2022-02-21T17:10:16+00:00\",\"description\":\"P\u00e1gina oficial de la Fiscal\u00eda General de la Naci\u00f3n \u2013 Colombia. Garantizamos el acceso efectivo a la justicia, la verdad y la reparaci\u00f3n de las v\u00edctimas de los delitos.\",\"breadcrumb\":{\"@id\":\"https:\/\/www.fiscalia.gov.co\/colombia\/noticias\/fiscalia-impacto-a-los-tios-red-narcotraficante-senalada-de-abastecer-los-expendios-locales-de-estupefacientes-en-el-centro-y-suroccidente-del-pais\/#breadcrumb\"},\"inLanguage\":\"es-CO\",\"potentialAction\":[{\"@type\":\"ReadAction\",\"target\":[\"https:\/\/www.fiscalia.gov.co\/colombia\/noticias\/fiscalia-impacto-a-los-tios-red-narcotraficante-senalada-de-abastecer-los-expendios-locales-de-estupefacientes-en-el-centro-y-suroccidente-del-pais\/\"]}]},{\"@type\":\"BreadcrumbList\",\"@id\":\"https:\/\/www.fiscalia.gov.co\/colombia\/noticias\/fiscalia-impacto-a-los-tios-red-narcotraficante-senalada-de-abastecer-los-expendios-locales-de-estupefacientes-en-el-centro-y-suroccidente-del-pais\/#breadcrumb\",\"itemListElement\":[{\"@type\":\"ListItem\",\"position\":1,\"name\":\"Home\",\"item\":\"https:\/\/www.fiscalia.gov.co\/colombia\/\"},{\"@type\":\"ListItem\",\"position\":2,\"name\":\"Fiscal\u00eda impact\u00f3 a \u2018Los T\u00edos\u2019, red narcotraficante se\u00f1alada de abastecer los expendios locales de estupefacientes en el centro y suroccidente del pa\u00eds\"}]},{\"@type\":\"WebSite\",\"@id\":\"https:\/\/www.fiscalia.gov.co\/colombia\/#website\",\"url\":\"https:\/\/www.fiscalia.gov.co\/colombia\/\",\"name\":\"Fiscal\u00eda General de la Naci\u00f3n\",\"description\":\"P\u00e1gina oficial de la Fiscal\u00eda General de la Naci\u00f3n \u2013 Colombia. Garantizamos el acceso efectivo a la justicia, la verdad y la reparaci\u00f3n de las v\u00edctimas de los delitos.\",\"publisher\":{\"@id\":\"https:\/\/www.fiscalia.gov.co\/colombia\/#organization\"},\"potentialAction\":[{\"@type\":\"SearchAction\",\"target\":{\"@type\":\"EntryPoint\",\"urlTemplate\":\"https:\/\/www.fiscalia.gov.co\/colombia\/?s={search_term_string}\"},\"query-input\":{\"@type\":\"PropertyValueSpecification\",\"valueRequired\":true,\"valueName\":\"search_term_string\"}}],\"inLanguage\":\"es-CO\"},{\"@type\":\"Organization\",\"@id\":\"https:\/\/www.fiscalia.gov.co\/colombia\/#organization\",\"name\":\"Fiscal\u00eda General de la Naci\u00f3n\",\"url\":\"https:\/\/www.fiscalia.gov.co\/colombia\/\",\"logo\":{\"@type\":\"ImageObject\",\"inLanguage\":\"es-CO\",\"@id\":\"https:\/\/www.fiscalia.gov.co\/colombia\/#\/schema\/logo\/image\/\",\"url\":\"https:\/\/www.fiscalia.gov.co\/colombia\/wp-content\/uploads\/LogoHorizontal_1.jpg\",\"contentUrl\":\"https:\/\/www.fiscalia.gov.co\/colombia\/wp-content\/uploads\/LogoHorizontal_1.jpg\",\"width\":300,\"height\":90,\"caption\":\"Fiscal\u00eda General de la Naci\u00f3n\"},\"image\":{\"@id\":\"https:\/\/www.fiscalia.gov.co\/colombia\/#\/schema\/logo\/image\/\"},\"sameAs\":[\"https:\/\/www.facebook.com\/FiscaliaCol\",\"https:\/\/x.com\/FiscaliaCol\",\"https:\/\/www.instagram.com\/fiscaliacol\",\"https:\/\/www.linkedin.com\/company\/fiscalia-general-de-la-naci-n\/\",\"https:\/\/youtube.com\/@fiscaliageneraldelanacion-4668?si=6nN79nyQICPU5iTh\"]},{\"@type\":\"Person\",\"@id\":\"https:\/\/www.fiscalia.gov.co\/colombia\/#\/schema\/person\/b19b49f26569f91393176a2b3d13a0e5\",\"name\":\"Johanna Black Prieto Pe\u00f1a\",\"image\":{\"@type\":\"ImageObject\",\"inLanguage\":\"es-CO\",\"@id\":\"https:\/\/www.fiscalia.gov.co\/colombia\/#\/schema\/person\/image\/\",\"url\":\"https:\/\/secure.gravatar.com\/avatar\/7f04518e1774335e76d761d76f04003e?s=96&d=mm&r=g\",\"contentUrl\":\"https:\/\/secure.gravatar.com\/avatar\/7f04518e1774335e76d761d76f04003e?s=96&d=mm&r=g\",\"caption\":\"Johanna Black Prieto Pe\u00f1a\"},\"url\":\"https:\/\/www.fiscalia.gov.co\/colombia\/author\/jprieto\/\"}]}<\/script>\n<!-- \/ Yoast SEO plugin. -->","yoast_head_json":{"title":"Fiscal\u00eda General de la Naci\u00f3n","description":"P\u00e1gina oficial de la Fiscal\u00eda General de la Naci\u00f3n \u2013 Colombia. Garantizamos el acceso efectivo a la justicia, la verdad y la reparaci\u00f3n de las v\u00edctimas de los delitos.","robots":{"index":"noindex","follow":"follow"},"og_locale":"es_ES","og_type":"article","og_title":"Fiscal\u00eda General de la Naci\u00f3n","og_description":"P\u00e1gina oficial de la Fiscal\u00eda General de la Naci\u00f3n \u2013 Colombia. Garantizamos el acceso efectivo a la justicia, la verdad y la reparaci\u00f3n de las v\u00edctimas de los delitos.","og_url":"https:\/\/www.fiscalia.gov.co\/colombia\/noticias\/fiscalia-impacto-a-los-tios-red-narcotraficante-senalada-de-abastecer-los-expendios-locales-de-estupefacientes-en-el-centro-y-suroccidente-del-pais\/","og_site_name":"Fiscal\u00eda General de la Naci\u00f3n","article_publisher":"https:\/\/www.facebook.com\/FiscaliaCol","article_published_time":"2022-02-13T14:16:16+00:00","article_modified_time":"2022-02-21T17:10:16+00:00","author":"Johanna Black Prieto Pe\u00f1a","twitter_card":"summary_large_image","twitter_creator":"@FiscaliaCol","twitter_site":"@FiscaliaCol","twitter_misc":{"Escrito por":"Johanna Black Prieto Pe\u00f1a","Tiempo de lectura":"2 minutos"},"schema":{"@context":"https:\/\/schema.org","@graph":[{"@type":"Article","@id":"https:\/\/www.fiscalia.gov.co\/colombia\/noticias\/fiscalia-impacto-a-los-tios-red-narcotraficante-senalada-de-abastecer-los-expendios-locales-de-estupefacientes-en-el-centro-y-suroccidente-del-pais\/#article","isPartOf":{"@id":"https:\/\/www.fiscalia.gov.co\/colombia\/noticias\/fiscalia-impacto-a-los-tios-red-narcotraficante-senalada-de-abastecer-los-expendios-locales-de-estupefacientes-en-el-centro-y-suroccidente-del-pais\/"},"author":{"name":"Johanna Black Prieto Pe\u00f1a","@id":"https:\/\/www.fiscalia.gov.co\/colombia\/#\/schema\/person\/b19b49f26569f91393176a2b3d13a0e5"},"headline":"Fiscal\u00eda impact\u00f3 a \u2018Los T\u00edos\u2019, red narcotraficante se\u00f1alada de abastecer los expendios locales de estupefacientes en el centro y suroccidente del pa\u00eds","datePublished":"2022-02-13T14:16:16+00:00","dateModified":"2022-02-21T17:10:16+00:00","mainEntityOfPage":{"@id":"https:\/\/www.fiscalia.gov.co\/colombia\/noticias\/fiscalia-impacto-a-los-tios-red-narcotraficante-senalada-de-abastecer-los-expendios-locales-de-estupefacientes-en-el-centro-y-suroccidente-del-pais\/"},"wordCount":395,"publisher":{"@id":"https:\/\/www.fiscalia.gov.co\/colombia\/#organization"},"keywords":["Fiscal Barbosa","Fiscal Barbosa Delgado","Fiscal Francisco Barbosa Delgado","Fiscal General de la Naci\u00f3n","Fiscal General Francisco Barbosa Delgado"],"articleSection":["Narcotr\u00e1fico","Noticias"],"inLanguage":"es-CO"},{"@type":"WebPage","@id":"https:\/\/www.fiscalia.gov.co\/colombia\/noticias\/fiscalia-impacto-a-los-tios-red-narcotraficante-senalada-de-abastecer-los-expendios-locales-de-estupefacientes-en-el-centro-y-suroccidente-del-pais\/","url":"https:\/\/www.fiscalia.gov.co\/colombia\/noticias\/fiscalia-impacto-a-los-tios-red-narcotraficante-senalada-de-abastecer-los-expendios-locales-de-estupefacientes-en-el-centro-y-suroccidente-del-pais\/","name":"Fiscal\u00eda General de la Naci\u00f3n","isPartOf":{"@id":"https:\/\/www.fiscalia.gov.co\/colombia\/#website"},"datePublished":"2022-02-13T14:16:16+00:00","dateModified":"2022-02-21T17:10:16+00:00","description":"P\u00e1gina oficial de la Fiscal\u00eda General de la Naci\u00f3n \u2013 Colombia. Garantizamos el acceso efectivo a la justicia, la verdad y la reparaci\u00f3n de las v\u00edctimas de los delitos.","breadcrumb":{"@id":"https:\/\/www.fiscalia.gov.co\/colombia\/noticias\/fiscalia-impacto-a-los-tios-red-narcotraficante-senalada-de-abastecer-los-expendios-locales-de-estupefacientes-en-el-centro-y-suroccidente-del-pais\/#breadcrumb"},"inLanguage":"es-CO","potentialAction":[{"@type":"ReadAction","target":["https:\/\/www.fiscalia.gov.co\/colombia\/noticias\/fiscalia-impacto-a-los-tios-red-narcotraficante-senalada-de-abastecer-los-expendios-locales-de-estupefacientes-en-el-centro-y-suroccidente-del-pais\/"]}]},{"@type":"BreadcrumbList","@id":"https:\/\/www.fiscalia.gov.co\/colombia\/noticias\/fiscalia-impacto-a-los-tios-red-narcotraficante-senalada-de-abastecer-los-expendios-locales-de-estupefacientes-en-el-centro-y-suroccidente-del-pais\/#breadcrumb","itemListElement":[{"@type":"ListItem","position":1,"name":"Home","item":"https:\/\/www.fiscalia.gov.co\/colombia\/"},{"@type":"ListItem","position":2,"name":"Fiscal\u00eda impact\u00f3 a \u2018Los T\u00edos\u2019, red narcotraficante se\u00f1alada de abastecer los expendios locales de estupefacientes en el centro y suroccidente del pa\u00eds"}]},{"@type":"WebSite","@id":"https:\/\/www.fiscalia.gov.co\/colombia\/#website","url":"https:\/\/www.fiscalia.gov.co\/colombia\/","name":"Fiscal\u00eda General de la Naci\u00f3n","description":"P\u00e1gina oficial de la Fiscal\u00eda General de la Naci\u00f3n \u2013 Colombia. Garantizamos el acceso efectivo a la justicia, la verdad y la reparaci\u00f3n de las v\u00edctimas de los delitos.","publisher":{"@id":"https:\/\/www.fiscalia.gov.co\/colombia\/#organization"},"potentialAction":[{"@type":"SearchAction","target":{"@type":"EntryPoint","urlTemplate":"https:\/\/www.fiscalia.gov.co\/colombia\/?s={search_term_string}"},"query-input":{"@type":"PropertyValueSpecification","valueRequired":true,"valueName":"search_term_string"}}],"inLanguage":"es-CO"},{"@type":"Organization","@id":"https:\/\/www.fiscalia.gov.co\/colombia\/#organization","name":"Fiscal\u00eda General de la Naci\u00f3n","url":"https:\/\/www.fiscalia.gov.co\/colombia\/","logo":{"@type":"ImageObject","inLanguage":"es-CO","@id":"https:\/\/www.fiscalia.gov.co\/colombia\/#\/schema\/logo\/image\/","url":"https:\/\/www.fiscalia.gov.co\/colombia\/wp-content\/uploads\/LogoHorizontal_1.jpg","contentUrl":"https:\/\/www.fiscalia.gov.co\/colombia\/wp-content\/uploads\/LogoHorizontal_1.jpg","width":300,"height":90,"caption":"Fiscal\u00eda General de la Naci\u00f3n"},"image":{"@id":"https:\/\/www.fiscalia.gov.co\/colombia\/#\/schema\/logo\/image\/"},"sameAs":["https:\/\/www.facebook.com\/FiscaliaCol","https:\/\/x.com\/FiscaliaCol","https:\/\/www.instagram.com\/fiscaliacol","https:\/\/www.linkedin.com\/company\/fiscalia-general-de-la-naci-n\/","https:\/\/youtube.com\/@fiscaliageneraldelanacion-4668?si=6nN79nyQICPU5iTh"]},{"@type":"Person","@id":"https:\/\/www.fiscalia.gov.co\/colombia\/#\/schema\/person\/b19b49f26569f91393176a2b3d13a0e5","name":"Johanna Black Prieto Pe\u00f1a","image":{"@type":"ImageObject","inLanguage":"es-CO","@id":"https:\/\/www.fiscalia.gov.co\/colombia\/#\/schema\/person\/image\/","url":"https:\/\/secure.gravatar.com\/avatar\/7f04518e1774335e76d761d76f04003e?s=96&d=mm&r=g","contentUrl":"https:\/\/secure.gravatar.com\/avatar\/7f04518e1774335e76d761d76f04003e?s=96&d=mm&r=g","caption":"Johanna Black Prieto Pe\u00f1a"},"url":"https:\/\/www.fiscalia.gov.co\/colombia\/author\/jprieto\/"}]}},"_links":{"self":[{"href":"https:\/\/www.fiscalia.gov.co\/colombia\/wp-json\/wp\/v2\/posts\/240838","targetHints":{"allow":["GET"]}}],"collection":[{"href":"https:\/\/www.fiscalia.gov.co\/colombia\/wp-json\/wp\/v2\/posts"}],"about":[{"href":"https:\/\/www.fiscalia.gov.co\/colombia\/wp-json\/wp\/v2\/types\/post"}],"author":[{"embeddable":true,"href":"https:\/\/www.fiscalia.gov.co\/colombia\/wp-json\/wp\/v2\/users\/176"}],"replies":[{"embeddable":true,"href":"https:\/\/www.fiscalia.gov.co\/colombia\/wp-json\/wp\/v2\/comments?post=240838"}],"version-history":[{"count":3,"href":"https:\/\/www.fiscalia.gov.co\/colombia\/wp-json\/wp\/v2\/posts\/240838\/revisions"}],"predecessor-version":[{"id":241584,"href":"https:\/\/www.fiscalia.gov.co\/colombia\/wp-json\/wp\/v2\/posts\/240838\/revisions\/241584"}],"wp:attachment":[{"href":"https:\/\/www.fiscalia.gov.co\/colombia\/wp-json\/wp\/v2\/media?parent=240838"}],"wp:term":[{"taxonomy":"category","embeddable":true,"href":"https:\/\/www.fiscalia.gov.co\/colombia\/wp-json\/wp\/v2\/categories?post=240838"},{"taxonomy":"post_tag","embeddable":true,"href":"https:\/\/www.fiscalia.gov.co\/colombia\/wp-json\/wp\/v2\/tags?post=240838"}],"curies":[{"name":"wp","href":"https:\/\/api.w.org\/{rel}","templated":true}]}}