{"id":240669,"date":"2022-02-11T09:17:17","date_gmt":"2022-02-11T14:17:17","guid":{"rendered":"https:\/\/www.fiscalia.gov.co\/colombia\/?p=240669"},"modified":"2022-02-18T14:24:52","modified_gmt":"2022-02-18T19:24:52","slug":"judicializados-11-adultos-y-6-menores-que-harian-parte-de-los-patriarcas-presuntamente-dedicados-a-comercializar-medicamentos-controlados-y-estupefacientes","status":"publish","type":"post","link":"https:\/\/www.fiscalia.gov.co\/colombia\/noticias\/judicializados-11-adultos-y-6-menores-que-harian-parte-de-los-patriarcas-presuntamente-dedicados-a-comercializar-medicamentos-controlados-y-estupefacientes\/","title":{"rendered":"Judicializados 11 adultos y 6 menores que har\u00edan parte de Los Patriarcas, presuntamente, dedicados a comercializar medicamentos controlados y estupefacientes\u00a0"},"content":{"rendered":"<p>El trabajo articulado entre la Seccional Quind\u00edo de la Fiscal\u00eda General de la Naci\u00f3n y la Polic\u00eda Nacional permiti\u00f3 la judicializaci\u00f3n de 17 personas que, presuntamente, har\u00edan parte del grupo de delincuencia organizado \u2018Los Patriarcas\u2019.<\/p>\n<p>Las indagaciones adelantadas dan cuenta de que los procesados, al parecer, desarrollaban roles espec\u00edficos en la organizaci\u00f3n y atend\u00edan las \u00f3rdenes de Jhojan Stiven Fern\u00e1ndez Morales, alias Cucho, presunto cabecilla; y quien actualmente se encuentra recluido en un centro carcelario por su posible responsabilidad en un homicidio.<\/p>\n<p><img loading=\"lazy\" decoding=\"async\" class=\"alignnone size-full wp-image-240670\" src=\"https:\/\/www.fiscalia.gov.co\/colombia\/wp-content\/uploads\/WhatsApp-Image-2022-02-11-at-8.24.05-AM.jpeg\" alt=\"\" width=\"1280\" height=\"610\" srcset=\"https:\/\/www.fiscalia.gov.co\/colombia\/wp-content\/uploads\/WhatsApp-Image-2022-02-11-at-8.24.05-AM.jpeg 1280w, https:\/\/www.fiscalia.gov.co\/colombia\/wp-content\/uploads\/WhatsApp-Image-2022-02-11-at-8.24.05-AM-300x143.jpeg 300w, https:\/\/www.fiscalia.gov.co\/colombia\/wp-content\/uploads\/WhatsApp-Image-2022-02-11-at-8.24.05-AM-1024x488.jpeg 1024w, https:\/\/www.fiscalia.gov.co\/colombia\/wp-content\/uploads\/WhatsApp-Image-2022-02-11-at-8.24.05-AM-768x366.jpeg 768w, https:\/\/www.fiscalia.gov.co\/colombia\/wp-content\/uploads\/WhatsApp-Image-2022-02-11-at-8.24.05-AM-696x332.jpeg 696w, https:\/\/www.fiscalia.gov.co\/colombia\/wp-content\/uploads\/WhatsApp-Image-2022-02-11-at-8.24.05-AM-1068x509.jpeg 1068w, https:\/\/www.fiscalia.gov.co\/colombia\/wp-content\/uploads\/WhatsApp-Image-2022-02-11-at-8.24.05-AM-881x420.jpeg 881w\" sizes=\"auto, (max-width: 1280px) 100vw, 1280px\" \/><\/p>\n<p>Como Fern\u00e1ndez, tambi\u00e9n fueron judicializados: Anderson Escobar, David Alejandro Baquero Herrera, Julieth Paola Gonz\u00e1lez Garc\u00eda, Eliana Milena Londo\u00f1o Garz\u00f3n, Luz Ayda Herrera Mu\u00f1oz, Cristian Camilo Loaiza Loaiza, Pakow Wounderlang Montoya Carvajal, Carlos Alberto Cifuentes Orozco, Santiago Ba\u00f1ol Londo\u00f1o y Miller Lan D\u00edaz Marulanda.<\/p>\n<p>De acuerdo con la investigaci\u00f3n; en el barrio La Patria, sector del Bronx en Armenia (Quind\u00edo) los procesados al parecer se dedicaban a comercializar medicamentos psiqui\u00e1tricos de venta controlada, que distribuir\u00edan por gotas para generar euforia en consumidores.\u00a0 Adem\u00e1s, estar\u00edan distribuyendo marihuana y coca\u00edna, dosificadas en peque\u00f1as cantidades.<\/p>\n<p>Nueve de los implicados fueron capturados en Armenia; otro lo fue en Garz\u00f3n (Huila). En diligencias de allanamiento y registro adelantadas para lograr la detenci\u00f3n de los implicados fueron incautadas armas, municiones, marihuana, bazuco y coca\u00edna, entre otros elementos.<\/p>\n<p>La Fiscal\u00eda imput\u00f3 a los procesados, seg\u00fan sus responsabilidades individuales, por delitos de uso de menores de edad en la comisi\u00f3n del delito, tr\u00e1fico, fabricaci\u00f3n o porte de estupefacientes, destinaci\u00f3n il\u00edcita de bienes o inmuebles; fabricaci\u00f3n, tr\u00e1fico o porte de armas de fuego y\/o municiones y concierto para delinquir agravado.<\/p>\n<p>Por decisi\u00f3n del juez de control de garant\u00edas, ocho de los procesados fueron cobijados con medidas de aseguramiento en establecimiento carcelario; dos m\u00e1s lo fueron en sus domicilios. Fern\u00e1ndez fue notificado de la medida en su contra en su sitio de reclusi\u00f3n.<\/p>\n<p><strong>Seis menores\u00a0<\/strong><\/p>\n<p>En el marco de los operativos fueron aprehendidos por la Polic\u00eda de Infancia y Adolescencia seis menores de edad. Las acciones se cumplieron en Armenia; en cinco casos, y uno en Tulu\u00e1 (Valle).<\/p>\n<p>Los j\u00f3venes fueron presentados ante un juez de infancia y adolescencia ante quien la Fiscal\u00eda los imput\u00f3 como presuntos responsables de los delitos de concierto para delinquir agravado en concurso con tr\u00e1fico fabricaci\u00f3n o porte de estupefacientes. Los cargos fueron aceptados por todos los implicados.<\/p>\n<p>Los menores deber\u00e1n cumplir medida de internamiento preventivo en centro especializado para adolescentes.<\/p>\n<p>La Fiscal\u00eda publica esta informaci\u00f3n por considerarla de inter\u00e9s general.<\/p>\n<p>&nbsp;<\/p>\n<p>La Fiscal\u00eda habla con resultados.<\/p>\n<p>&nbsp;<\/p>\n<p>CLCG\/MAGA\/JHM<\/p>\n<p>&nbsp;<\/p>\n<p><em>La informaci\u00f3n contenida en este bolet\u00edn de prensa corresponde a la narraci\u00f3n de los hechos noticiosos objetivos, suministrados por los funcionarios encargados de adelantar las investigaciones penales al interior de la Fiscal\u00eda General de la Naci\u00f3n. Para el momento de la divulgaci\u00f3n de este comunicado, la situaci\u00f3n jur\u00eddica de la(s) persona(s) relacionada(s) se encuentra pendiente de resolver por la autoridad judicial competente, siempre bajo los preceptos de la presunci\u00f3n de inocencia, consagrados en el art\u00edculo 29 de la Constituci\u00f3n Pol\u00edtica y el art\u00edculo 7\u00ba de la Ley 906 de 2004.\u00a0<\/em><\/p>\n\n<div class=\"twitter-share\"><a href=\"https:\/\/twitter.com\/intent\/tweet?via=fiscaliacol\" class=\"twitter-share-button\">Tweet<\/a><\/div>\n","protected":false},"excerpt":{"rendered":"<p>El trabajo articulado entre la Seccional Quind\u00edo de la Fiscal\u00eda General de la Naci\u00f3n y la Polic\u00eda Nacional permiti\u00f3 la judicializaci\u00f3n de 17 personas que, presuntamente, har\u00edan parte del grupo de delincuencia organizado \u2018Los Patriarcas\u2019. Las indagaciones adelantadas dan cuenta de que los procesados, al parecer, desarrollaban roles espec\u00edficos en la organizaci\u00f3n y atend\u00edan las [&hellip;]<\/p>\n","protected":false},"author":176,"featured_media":0,"comment_status":"closed","ping_status":"open","sticky":false,"template":"","format":"video","meta":{"tdm_status":"","tdm_grid_status":"","footnotes":""},"categories":[24098,1,319],"tags":[19,50,1264,30382,30381],"class_list":{"0":"post-240669","1":"post","2":"type-post","3":"status-publish","4":"format-video","6":"category-crimen-organizado","7":"category-noticias","8":"category-seccional-armenia","9":"tag-cocaina","10":"tag-estupefacientes","11":"tag-marihuana","12":"tag-medicamentos-controlados","13":"tag-medicamentos-psiquiatricos","14":"post_format-post-format-video"},"yoast_head":"<!-- This site is optimized with the Yoast SEO plugin v24.3 - https:\/\/yoast.com\/wordpress\/plugins\/seo\/ -->\n<title>Fiscal\u00eda General de la Naci\u00f3n<\/title>\n<meta name=\"description\" content=\"P\u00e1gina oficial de la Fiscal\u00eda General de la Naci\u00f3n \u2013 Colombia. Garantizamos el acceso efectivo a la justicia, la verdad y la reparaci\u00f3n de las v\u00edctimas de los delitos.\" \/>\n<meta name=\"robots\" content=\"noindex, follow\" \/>\n<meta property=\"og:locale\" content=\"es_ES\" \/>\n<meta property=\"og:type\" content=\"article\" \/>\n<meta property=\"og:title\" content=\"Fiscal\u00eda General de la Naci\u00f3n\" \/>\n<meta property=\"og:description\" content=\"P\u00e1gina oficial de la Fiscal\u00eda General de la Naci\u00f3n \u2013 Colombia. Garantizamos el acceso efectivo a la justicia, la verdad y la reparaci\u00f3n de las v\u00edctimas de los delitos.\" \/>\n<meta property=\"og:url\" content=\"https:\/\/www.fiscalia.gov.co\/colombia\/noticias\/judicializados-11-adultos-y-6-menores-que-harian-parte-de-los-patriarcas-presuntamente-dedicados-a-comercializar-medicamentos-controlados-y-estupefacientes\/\" \/>\n<meta property=\"og:site_name\" content=\"Fiscal\u00eda General de la Naci\u00f3n\" \/>\n<meta property=\"article:publisher\" content=\"https:\/\/www.facebook.com\/FiscaliaCol\" \/>\n<meta property=\"article:published_time\" content=\"2022-02-11T14:17:17+00:00\" \/>\n<meta property=\"article:modified_time\" content=\"2022-02-18T19:24:52+00:00\" \/>\n<meta property=\"og:image\" content=\"https:\/\/www.fiscalia.gov.co\/colombia\/wp-content\/uploads\/WhatsApp-Image-2022-02-11-at-8.24.05-AM.jpeg\" \/>\n<meta name=\"author\" content=\"Johanna Black Prieto Pe\u00f1a\" \/>\n<meta name=\"twitter:card\" content=\"summary_large_image\" \/>\n<meta name=\"twitter:creator\" content=\"@FiscaliaCol\" \/>\n<meta name=\"twitter:site\" content=\"@FiscaliaCol\" \/>\n<meta name=\"twitter:label1\" content=\"Escrito por\" \/>\n\t<meta name=\"twitter:data1\" content=\"Johanna Black Prieto Pe\u00f1a\" \/>\n\t<meta name=\"twitter:label2\" content=\"Tiempo de lectura\" \/>\n\t<meta name=\"twitter:data2\" content=\"3 minutos\" \/>\n<script type=\"application\/ld+json\" class=\"yoast-schema-graph\">{\"@context\":\"https:\/\/schema.org\",\"@graph\":[{\"@type\":\"Article\",\"@id\":\"https:\/\/www.fiscalia.gov.co\/colombia\/noticias\/judicializados-11-adultos-y-6-menores-que-harian-parte-de-los-patriarcas-presuntamente-dedicados-a-comercializar-medicamentos-controlados-y-estupefacientes\/#article\",\"isPartOf\":{\"@id\":\"https:\/\/www.fiscalia.gov.co\/colombia\/noticias\/judicializados-11-adultos-y-6-menores-que-harian-parte-de-los-patriarcas-presuntamente-dedicados-a-comercializar-medicamentos-controlados-y-estupefacientes\/\"},\"author\":{\"name\":\"Johanna Black Prieto Pe\u00f1a\",\"@id\":\"https:\/\/www.fiscalia.gov.co\/colombia\/#\/schema\/person\/b19b49f26569f91393176a2b3d13a0e5\"},\"headline\":\"Judicializados 11 adultos y 6 menores que har\u00edan parte de Los Patriarcas, presuntamente, dedicados a comercializar medicamentos controlados y estupefacientes\u00a0\",\"datePublished\":\"2022-02-11T14:17:17+00:00\",\"dateModified\":\"2022-02-18T19:24:52+00:00\",\"mainEntityOfPage\":{\"@id\":\"https:\/\/www.fiscalia.gov.co\/colombia\/noticias\/judicializados-11-adultos-y-6-menores-que-harian-parte-de-los-patriarcas-presuntamente-dedicados-a-comercializar-medicamentos-controlados-y-estupefacientes\/\"},\"wordCount\":594,\"publisher\":{\"@id\":\"https:\/\/www.fiscalia.gov.co\/colombia\/#organization\"},\"image\":{\"@id\":\"https:\/\/www.fiscalia.gov.co\/colombia\/noticias\/judicializados-11-adultos-y-6-menores-que-harian-parte-de-los-patriarcas-presuntamente-dedicados-a-comercializar-medicamentos-controlados-y-estupefacientes\/#primaryimage\"},\"thumbnailUrl\":\"https:\/\/www.fiscalia.gov.co\/colombia\/wp-content\/uploads\/WhatsApp-Image-2022-02-11-at-8.24.05-AM.jpeg\",\"keywords\":[\"Coca\u00edna\",\"Estupefacientes\",\"Marihuana\",\"medicamentos controlados\",\"medicamentos psiqui\u00e1tricos\"],\"articleSection\":[\"Crimen organizado\",\"Noticias\",\"Seccional Armenia\"],\"inLanguage\":\"es-CO\"},{\"@type\":\"WebPage\",\"@id\":\"https:\/\/www.fiscalia.gov.co\/colombia\/noticias\/judicializados-11-adultos-y-6-menores-que-harian-parte-de-los-patriarcas-presuntamente-dedicados-a-comercializar-medicamentos-controlados-y-estupefacientes\/\",\"url\":\"https:\/\/www.fiscalia.gov.co\/colombia\/noticias\/judicializados-11-adultos-y-6-menores-que-harian-parte-de-los-patriarcas-presuntamente-dedicados-a-comercializar-medicamentos-controlados-y-estupefacientes\/\",\"name\":\"Fiscal\u00eda General de la Naci\u00f3n\",\"isPartOf\":{\"@id\":\"https:\/\/www.fiscalia.gov.co\/colombia\/#website\"},\"primaryImageOfPage\":{\"@id\":\"https:\/\/www.fiscalia.gov.co\/colombia\/noticias\/judicializados-11-adultos-y-6-menores-que-harian-parte-de-los-patriarcas-presuntamente-dedicados-a-comercializar-medicamentos-controlados-y-estupefacientes\/#primaryimage\"},\"image\":{\"@id\":\"https:\/\/www.fiscalia.gov.co\/colombia\/noticias\/judicializados-11-adultos-y-6-menores-que-harian-parte-de-los-patriarcas-presuntamente-dedicados-a-comercializar-medicamentos-controlados-y-estupefacientes\/#primaryimage\"},\"thumbnailUrl\":\"https:\/\/www.fiscalia.gov.co\/colombia\/wp-content\/uploads\/WhatsApp-Image-2022-02-11-at-8.24.05-AM.jpeg\",\"datePublished\":\"2022-02-11T14:17:17+00:00\",\"dateModified\":\"2022-02-18T19:24:52+00:00\",\"description\":\"P\u00e1gina oficial de la Fiscal\u00eda General de la Naci\u00f3n \u2013 Colombia. Garantizamos el acceso efectivo a la justicia, la verdad y la reparaci\u00f3n de las v\u00edctimas de los delitos.\",\"breadcrumb\":{\"@id\":\"https:\/\/www.fiscalia.gov.co\/colombia\/noticias\/judicializados-11-adultos-y-6-menores-que-harian-parte-de-los-patriarcas-presuntamente-dedicados-a-comercializar-medicamentos-controlados-y-estupefacientes\/#breadcrumb\"},\"inLanguage\":\"es-CO\",\"potentialAction\":[{\"@type\":\"ReadAction\",\"target\":[\"https:\/\/www.fiscalia.gov.co\/colombia\/noticias\/judicializados-11-adultos-y-6-menores-que-harian-parte-de-los-patriarcas-presuntamente-dedicados-a-comercializar-medicamentos-controlados-y-estupefacientes\/\"]}]},{\"@type\":\"ImageObject\",\"inLanguage\":\"es-CO\",\"@id\":\"https:\/\/www.fiscalia.gov.co\/colombia\/noticias\/judicializados-11-adultos-y-6-menores-que-harian-parte-de-los-patriarcas-presuntamente-dedicados-a-comercializar-medicamentos-controlados-y-estupefacientes\/#primaryimage\",\"url\":\"https:\/\/www.fiscalia.gov.co\/colombia\/wp-content\/uploads\/WhatsApp-Image-2022-02-11-at-8.24.05-AM.jpeg\",\"contentUrl\":\"https:\/\/www.fiscalia.gov.co\/colombia\/wp-content\/uploads\/WhatsApp-Image-2022-02-11-at-8.24.05-AM.jpeg\",\"width\":1280,\"height\":610},{\"@type\":\"BreadcrumbList\",\"@id\":\"https:\/\/www.fiscalia.gov.co\/colombia\/noticias\/judicializados-11-adultos-y-6-menores-que-harian-parte-de-los-patriarcas-presuntamente-dedicados-a-comercializar-medicamentos-controlados-y-estupefacientes\/#breadcrumb\",\"itemListElement\":[{\"@type\":\"ListItem\",\"position\":1,\"name\":\"Home\",\"item\":\"https:\/\/www.fiscalia.gov.co\/colombia\/\"},{\"@type\":\"ListItem\",\"position\":2,\"name\":\"Judicializados 11 adultos y 6 menores que har\u00edan parte de Los Patriarcas, presuntamente, dedicados a comercializar medicamentos controlados y estupefacientes\u00a0\"}]},{\"@type\":\"WebSite\",\"@id\":\"https:\/\/www.fiscalia.gov.co\/colombia\/#website\",\"url\":\"https:\/\/www.fiscalia.gov.co\/colombia\/\",\"name\":\"Fiscal\u00eda General de la Naci\u00f3n\",\"description\":\"P\u00e1gina oficial de la Fiscal\u00eda General de la Naci\u00f3n \u2013 Colombia. Garantizamos el acceso efectivo a la justicia, la verdad y la reparaci\u00f3n de las v\u00edctimas de los delitos.\",\"publisher\":{\"@id\":\"https:\/\/www.fiscalia.gov.co\/colombia\/#organization\"},\"potentialAction\":[{\"@type\":\"SearchAction\",\"target\":{\"@type\":\"EntryPoint\",\"urlTemplate\":\"https:\/\/www.fiscalia.gov.co\/colombia\/?s={search_term_string}\"},\"query-input\":{\"@type\":\"PropertyValueSpecification\",\"valueRequired\":true,\"valueName\":\"search_term_string\"}}],\"inLanguage\":\"es-CO\"},{\"@type\":\"Organization\",\"@id\":\"https:\/\/www.fiscalia.gov.co\/colombia\/#organization\",\"name\":\"Fiscal\u00eda General de la Naci\u00f3n\",\"url\":\"https:\/\/www.fiscalia.gov.co\/colombia\/\",\"logo\":{\"@type\":\"ImageObject\",\"inLanguage\":\"es-CO\",\"@id\":\"https:\/\/www.fiscalia.gov.co\/colombia\/#\/schema\/logo\/image\/\",\"url\":\"https:\/\/www.fiscalia.gov.co\/colombia\/wp-content\/uploads\/LogoHorizontal_1.jpg\",\"contentUrl\":\"https:\/\/www.fiscalia.gov.co\/colombia\/wp-content\/uploads\/LogoHorizontal_1.jpg\",\"width\":300,\"height\":90,\"caption\":\"Fiscal\u00eda General de la Naci\u00f3n\"},\"image\":{\"@id\":\"https:\/\/www.fiscalia.gov.co\/colombia\/#\/schema\/logo\/image\/\"},\"sameAs\":[\"https:\/\/www.facebook.com\/FiscaliaCol\",\"https:\/\/x.com\/FiscaliaCol\",\"https:\/\/www.instagram.com\/fiscaliacol\",\"https:\/\/www.linkedin.com\/company\/fiscalia-general-de-la-naci-n\/\",\"https:\/\/youtube.com\/@fiscaliageneraldelanacion-4668?si=6nN79nyQICPU5iTh\"]},{\"@type\":\"Person\",\"@id\":\"https:\/\/www.fiscalia.gov.co\/colombia\/#\/schema\/person\/b19b49f26569f91393176a2b3d13a0e5\",\"name\":\"Johanna Black Prieto Pe\u00f1a\",\"image\":{\"@type\":\"ImageObject\",\"inLanguage\":\"es-CO\",\"@id\":\"https:\/\/www.fiscalia.gov.co\/colombia\/#\/schema\/person\/image\/\",\"url\":\"https:\/\/secure.gravatar.com\/avatar\/7f04518e1774335e76d761d76f04003e?s=96&d=mm&r=g\",\"contentUrl\":\"https:\/\/secure.gravatar.com\/avatar\/7f04518e1774335e76d761d76f04003e?s=96&d=mm&r=g\",\"caption\":\"Johanna Black Prieto Pe\u00f1a\"},\"url\":\"https:\/\/www.fiscalia.gov.co\/colombia\/author\/jprieto\/\"}]}<\/script>\n<!-- \/ Yoast SEO plugin. -->","yoast_head_json":{"title":"Fiscal\u00eda General de la Naci\u00f3n","description":"P\u00e1gina oficial de la Fiscal\u00eda General de la Naci\u00f3n \u2013 Colombia. Garantizamos el acceso efectivo a la justicia, la verdad y la reparaci\u00f3n de las v\u00edctimas de los delitos.","robots":{"index":"noindex","follow":"follow"},"og_locale":"es_ES","og_type":"article","og_title":"Fiscal\u00eda General de la Naci\u00f3n","og_description":"P\u00e1gina oficial de la Fiscal\u00eda General de la Naci\u00f3n \u2013 Colombia. Garantizamos el acceso efectivo a la justicia, la verdad y la reparaci\u00f3n de las v\u00edctimas de los delitos.","og_url":"https:\/\/www.fiscalia.gov.co\/colombia\/noticias\/judicializados-11-adultos-y-6-menores-que-harian-parte-de-los-patriarcas-presuntamente-dedicados-a-comercializar-medicamentos-controlados-y-estupefacientes\/","og_site_name":"Fiscal\u00eda General de la Naci\u00f3n","article_publisher":"https:\/\/www.facebook.com\/FiscaliaCol","article_published_time":"2022-02-11T14:17:17+00:00","article_modified_time":"2022-02-18T19:24:52+00:00","og_image":[{"url":"https:\/\/www.fiscalia.gov.co\/colombia\/wp-content\/uploads\/WhatsApp-Image-2022-02-11-at-8.24.05-AM.jpeg","type":"","width":"","height":""}],"author":"Johanna Black Prieto Pe\u00f1a","twitter_card":"summary_large_image","twitter_creator":"@FiscaliaCol","twitter_site":"@FiscaliaCol","twitter_misc":{"Escrito por":"Johanna Black Prieto Pe\u00f1a","Tiempo de lectura":"3 minutos"},"schema":{"@context":"https:\/\/schema.org","@graph":[{"@type":"Article","@id":"https:\/\/www.fiscalia.gov.co\/colombia\/noticias\/judicializados-11-adultos-y-6-menores-que-harian-parte-de-los-patriarcas-presuntamente-dedicados-a-comercializar-medicamentos-controlados-y-estupefacientes\/#article","isPartOf":{"@id":"https:\/\/www.fiscalia.gov.co\/colombia\/noticias\/judicializados-11-adultos-y-6-menores-que-harian-parte-de-los-patriarcas-presuntamente-dedicados-a-comercializar-medicamentos-controlados-y-estupefacientes\/"},"author":{"name":"Johanna Black Prieto Pe\u00f1a","@id":"https:\/\/www.fiscalia.gov.co\/colombia\/#\/schema\/person\/b19b49f26569f91393176a2b3d13a0e5"},"headline":"Judicializados 11 adultos y 6 menores que har\u00edan parte de Los Patriarcas, presuntamente, dedicados a comercializar medicamentos controlados y estupefacientes\u00a0","datePublished":"2022-02-11T14:17:17+00:00","dateModified":"2022-02-18T19:24:52+00:00","mainEntityOfPage":{"@id":"https:\/\/www.fiscalia.gov.co\/colombia\/noticias\/judicializados-11-adultos-y-6-menores-que-harian-parte-de-los-patriarcas-presuntamente-dedicados-a-comercializar-medicamentos-controlados-y-estupefacientes\/"},"wordCount":594,"publisher":{"@id":"https:\/\/www.fiscalia.gov.co\/colombia\/#organization"},"image":{"@id":"https:\/\/www.fiscalia.gov.co\/colombia\/noticias\/judicializados-11-adultos-y-6-menores-que-harian-parte-de-los-patriarcas-presuntamente-dedicados-a-comercializar-medicamentos-controlados-y-estupefacientes\/#primaryimage"},"thumbnailUrl":"https:\/\/www.fiscalia.gov.co\/colombia\/wp-content\/uploads\/WhatsApp-Image-2022-02-11-at-8.24.05-AM.jpeg","keywords":["Coca\u00edna","Estupefacientes","Marihuana","medicamentos controlados","medicamentos psiqui\u00e1tricos"],"articleSection":["Crimen organizado","Noticias","Seccional Armenia"],"inLanguage":"es-CO"},{"@type":"WebPage","@id":"https:\/\/www.fiscalia.gov.co\/colombia\/noticias\/judicializados-11-adultos-y-6-menores-que-harian-parte-de-los-patriarcas-presuntamente-dedicados-a-comercializar-medicamentos-controlados-y-estupefacientes\/","url":"https:\/\/www.fiscalia.gov.co\/colombia\/noticias\/judicializados-11-adultos-y-6-menores-que-harian-parte-de-los-patriarcas-presuntamente-dedicados-a-comercializar-medicamentos-controlados-y-estupefacientes\/","name":"Fiscal\u00eda General de la Naci\u00f3n","isPartOf":{"@id":"https:\/\/www.fiscalia.gov.co\/colombia\/#website"},"primaryImageOfPage":{"@id":"https:\/\/www.fiscalia.gov.co\/colombia\/noticias\/judicializados-11-adultos-y-6-menores-que-harian-parte-de-los-patriarcas-presuntamente-dedicados-a-comercializar-medicamentos-controlados-y-estupefacientes\/#primaryimage"},"image":{"@id":"https:\/\/www.fiscalia.gov.co\/colombia\/noticias\/judicializados-11-adultos-y-6-menores-que-harian-parte-de-los-patriarcas-presuntamente-dedicados-a-comercializar-medicamentos-controlados-y-estupefacientes\/#primaryimage"},"thumbnailUrl":"https:\/\/www.fiscalia.gov.co\/colombia\/wp-content\/uploads\/WhatsApp-Image-2022-02-11-at-8.24.05-AM.jpeg","datePublished":"2022-02-11T14:17:17+00:00","dateModified":"2022-02-18T19:24:52+00:00","description":"P\u00e1gina oficial de la Fiscal\u00eda General de la Naci\u00f3n \u2013 Colombia. Garantizamos el acceso efectivo a la justicia, la verdad y la reparaci\u00f3n de las v\u00edctimas de los delitos.","breadcrumb":{"@id":"https:\/\/www.fiscalia.gov.co\/colombia\/noticias\/judicializados-11-adultos-y-6-menores-que-harian-parte-de-los-patriarcas-presuntamente-dedicados-a-comercializar-medicamentos-controlados-y-estupefacientes\/#breadcrumb"},"inLanguage":"es-CO","potentialAction":[{"@type":"ReadAction","target":["https:\/\/www.fiscalia.gov.co\/colombia\/noticias\/judicializados-11-adultos-y-6-menores-que-harian-parte-de-los-patriarcas-presuntamente-dedicados-a-comercializar-medicamentos-controlados-y-estupefacientes\/"]}]},{"@type":"ImageObject","inLanguage":"es-CO","@id":"https:\/\/www.fiscalia.gov.co\/colombia\/noticias\/judicializados-11-adultos-y-6-menores-que-harian-parte-de-los-patriarcas-presuntamente-dedicados-a-comercializar-medicamentos-controlados-y-estupefacientes\/#primaryimage","url":"https:\/\/www.fiscalia.gov.co\/colombia\/wp-content\/uploads\/WhatsApp-Image-2022-02-11-at-8.24.05-AM.jpeg","contentUrl":"https:\/\/www.fiscalia.gov.co\/colombia\/wp-content\/uploads\/WhatsApp-Image-2022-02-11-at-8.24.05-AM.jpeg","width":1280,"height":610},{"@type":"BreadcrumbList","@id":"https:\/\/www.fiscalia.gov.co\/colombia\/noticias\/judicializados-11-adultos-y-6-menores-que-harian-parte-de-los-patriarcas-presuntamente-dedicados-a-comercializar-medicamentos-controlados-y-estupefacientes\/#breadcrumb","itemListElement":[{"@type":"ListItem","position":1,"name":"Home","item":"https:\/\/www.fiscalia.gov.co\/colombia\/"},{"@type":"ListItem","position":2,"name":"Judicializados 11 adultos y 6 menores que har\u00edan parte de Los Patriarcas, presuntamente, dedicados a comercializar medicamentos controlados y estupefacientes\u00a0"}]},{"@type":"WebSite","@id":"https:\/\/www.fiscalia.gov.co\/colombia\/#website","url":"https:\/\/www.fiscalia.gov.co\/colombia\/","name":"Fiscal\u00eda General de la Naci\u00f3n","description":"P\u00e1gina oficial de la Fiscal\u00eda General de la Naci\u00f3n \u2013 Colombia. Garantizamos el acceso efectivo a la justicia, la verdad y la reparaci\u00f3n de las v\u00edctimas de los delitos.","publisher":{"@id":"https:\/\/www.fiscalia.gov.co\/colombia\/#organization"},"potentialAction":[{"@type":"SearchAction","target":{"@type":"EntryPoint","urlTemplate":"https:\/\/www.fiscalia.gov.co\/colombia\/?s={search_term_string}"},"query-input":{"@type":"PropertyValueSpecification","valueRequired":true,"valueName":"search_term_string"}}],"inLanguage":"es-CO"},{"@type":"Organization","@id":"https:\/\/www.fiscalia.gov.co\/colombia\/#organization","name":"Fiscal\u00eda General de la Naci\u00f3n","url":"https:\/\/www.fiscalia.gov.co\/colombia\/","logo":{"@type":"ImageObject","inLanguage":"es-CO","@id":"https:\/\/www.fiscalia.gov.co\/colombia\/#\/schema\/logo\/image\/","url":"https:\/\/www.fiscalia.gov.co\/colombia\/wp-content\/uploads\/LogoHorizontal_1.jpg","contentUrl":"https:\/\/www.fiscalia.gov.co\/colombia\/wp-content\/uploads\/LogoHorizontal_1.jpg","width":300,"height":90,"caption":"Fiscal\u00eda General de la Naci\u00f3n"},"image":{"@id":"https:\/\/www.fiscalia.gov.co\/colombia\/#\/schema\/logo\/image\/"},"sameAs":["https:\/\/www.facebook.com\/FiscaliaCol","https:\/\/x.com\/FiscaliaCol","https:\/\/www.instagram.com\/fiscaliacol","https:\/\/www.linkedin.com\/company\/fiscalia-general-de-la-naci-n\/","https:\/\/youtube.com\/@fiscaliageneraldelanacion-4668?si=6nN79nyQICPU5iTh"]},{"@type":"Person","@id":"https:\/\/www.fiscalia.gov.co\/colombia\/#\/schema\/person\/b19b49f26569f91393176a2b3d13a0e5","name":"Johanna Black Prieto Pe\u00f1a","image":{"@type":"ImageObject","inLanguage":"es-CO","@id":"https:\/\/www.fiscalia.gov.co\/colombia\/#\/schema\/person\/image\/","url":"https:\/\/secure.gravatar.com\/avatar\/7f04518e1774335e76d761d76f04003e?s=96&d=mm&r=g","contentUrl":"https:\/\/secure.gravatar.com\/avatar\/7f04518e1774335e76d761d76f04003e?s=96&d=mm&r=g","caption":"Johanna Black Prieto Pe\u00f1a"},"url":"https:\/\/www.fiscalia.gov.co\/colombia\/author\/jprieto\/"}]}},"_links":{"self":[{"href":"https:\/\/www.fiscalia.gov.co\/colombia\/wp-json\/wp\/v2\/posts\/240669","targetHints":{"allow":["GET"]}}],"collection":[{"href":"https:\/\/www.fiscalia.gov.co\/colombia\/wp-json\/wp\/v2\/posts"}],"about":[{"href":"https:\/\/www.fiscalia.gov.co\/colombia\/wp-json\/wp\/v2\/types\/post"}],"author":[{"embeddable":true,"href":"https:\/\/www.fiscalia.gov.co\/colombia\/wp-json\/wp\/v2\/users\/176"}],"replies":[{"embeddable":true,"href":"https:\/\/www.fiscalia.gov.co\/colombia\/wp-json\/wp\/v2\/comments?post=240669"}],"version-history":[{"count":2,"href":"https:\/\/www.fiscalia.gov.co\/colombia\/wp-json\/wp\/v2\/posts\/240669\/revisions"}],"predecessor-version":[{"id":241422,"href":"https:\/\/www.fiscalia.gov.co\/colombia\/wp-json\/wp\/v2\/posts\/240669\/revisions\/241422"}],"wp:attachment":[{"href":"https:\/\/www.fiscalia.gov.co\/colombia\/wp-json\/wp\/v2\/media?parent=240669"}],"wp:term":[{"taxonomy":"category","embeddable":true,"href":"https:\/\/www.fiscalia.gov.co\/colombia\/wp-json\/wp\/v2\/categories?post=240669"},{"taxonomy":"post_tag","embeddable":true,"href":"https:\/\/www.fiscalia.gov.co\/colombia\/wp-json\/wp\/v2\/tags?post=240669"}],"curies":[{"name":"wp","href":"https:\/\/api.w.org\/{rel}","templated":true}]}}