{"id":240607,"date":"2022-02-10T15:30:15","date_gmt":"2022-02-10T20:30:15","guid":{"rendered":"https:\/\/www.fiscalia.gov.co\/colombia\/?p=240607"},"modified":"2022-02-17T15:13:17","modified_gmt":"2022-02-17T20:13:17","slug":"fiscalia-acusa-a-alias-19-y-otros-supuestos-integrantes-del-grupo-resistencia-portal-americas-que-estarian-involucrados-en-actos-de-tortura-y-ataques-vandalicos-en-bogota","status":"publish","type":"post","link":"https:\/\/www.fiscalia.gov.co\/colombia\/noticias\/fiscalia-acusa-a-alias-19-y-otros-supuestos-integrantes-del-grupo-resistencia-portal-americas-que-estarian-involucrados-en-actos-de-tortura-y-ataques-vandalicos-en-bogota\/","title":{"rendered":"Fiscal\u00eda acusa a alias 19 y otros supuestos integrantes del grupo \u2018Resistencia Portal Am\u00e9ricas\u2019 que estar\u00edan involucrados en actos de tortura y ataques vand\u00e1licos en Bogot\u00e1"},"content":{"rendered":"<blockquote class=\"td_quote_box td_box_center\">\n<h4><strong><em>El material de prueba indica que habr\u00edan sometido y atacado a tres ciudadanos, con el supuesto de que eran integrantes de la fuerza p\u00fablica.<\/em><\/strong><\/h4>\n<\/blockquote>\n<p>La Fiscal\u00eda General de la Naci\u00f3n acus\u00f3 formalmente a Sergio Andr\u00e9s Pastor Gonz\u00e1lez, alias 19, uno de los presuntos articuladores del grupo \u2018Resistencia Portal Am\u00e9ricas\u2019; y a otros tres se\u00f1alados integrantes de esta organizaci\u00f3n, quienes habr\u00edan participado en distintos actos de vandalismo, tortura a particulares y agresiones contra la fuerza p\u00fablica en el suroccidente de Bogot\u00e1.<\/p>\n<p>Un fiscal de la Direcci\u00f3n Especializada contra las Organizaciones Criminales indic\u00f3 que estas personas, desde el 28 de abril de 2021, se concentraron en campamentos improvisados en las localidades de Kennedy y Bosa. Al parecer, en estos puntos se abastecieron de botellas, l\u00edquidos inflamables y sustancias qu\u00edmicas, las cuales fueron usadas para afectar la infraestructura del portal Am\u00e9ricas de Transmilenio y confrontar a las unidades del ESMAD.<\/p>\n<p>Adicionalmente, el material de prueba da cuenta de que alias 19 y los otros tres procesados estar\u00edan vinculados directamente a los hechos ocurridos en un parque cercano a la Avenida Ciudad de Cali con Calle 13, el 4 de junio de 2021.<\/p>\n<p>Ese d\u00eda habr\u00edan retenido a dos transe\u00fantes y, con el supuesto de que pertenec\u00edan a la Polic\u00eda Nacional, les robaron las pertenencias, los golpearon, hirieron con armas cortopunzantes, amarraron a un \u00e1rbol, los cubrieron con pintura y les rosearon gasolina con la amenaza de prenderles fuego.<\/p>\n<p>El sometimiento dur\u00f3 algo m\u00e1s de dos horas y s\u00f3lo se detuvo con la intervenci\u00f3n de la ciudadan\u00eda. Uno de los hombres afectados, carpintero de ocupaci\u00f3n, denunci\u00f3 lo ocurrido. Por su parte, la comunidad aport\u00f3 videos y otros elementos que permitieron conocer la crudeza del ataque.<\/p>\n<p>Un segundo evento que se les atribuye a estas cuatro personas sucedi\u00f3 el 9 de junio de 2021. Un hombre, que estaba con uno de los grupos asentados en un campamento de Kennedy, fue agredido e intimidado porque lo se\u00f1alaron de ser polic\u00eda. Producto de las heridas, la v\u00edctima recibi\u00f3 una incapacidad m\u00e9dico legal de 10 d\u00edas.<\/p>\n<p>En ese sentido, los presuntos integrantes de \u2018Resistencia Portal Am\u00e9ricas\u2019 deber\u00e1n defenderse en juicio de los delitos de tortura y concierto para delinquir.<\/p>\n<p>Adem\u00e1s de alias 19, los dem\u00e1s acusados son: Marcela Ivonne Rodr\u00edguez Parra, Johan Steven Sainea Rubio y Fernando Urrea Mart\u00ednez.<\/p>\n<p>Esta informaci\u00f3n se publica por razones de inter\u00e9s general.<\/p>\n<p>JARG\/CRIO\/DECOC\/MCRC.<\/p>\n<p><strong>La Fiscal\u00eda habla con resultados.<\/strong><\/p>\n<p>&nbsp;<\/p>\n<p><em>La informaci\u00f3n contenida en este bolet\u00edn de prensa corresponde a la narraci\u00f3n de los hechos noticiosos objetivos, suministrados por los funcionarios encargados de adelantar las investigaciones penales al interior de la Fiscal\u00eda General de la Naci\u00f3n. Para el momento de la divulgaci\u00f3n de este comunicado, la situaci\u00f3n jur\u00eddica de la(s) persona(s) relacionada(s) se encuentra pendiente de resolver por la autoridad judicial competente, siempre bajo los preceptos de la presunci\u00f3n de inocencia, consagrados en el art\u00edculo 29 de la Constituci\u00f3n Pol\u00edtica y el art\u00edculo 7\u00ba de la Ley 906 de 2004.<\/em><\/p>\n\n<div class=\"twitter-share\"><a href=\"https:\/\/twitter.com\/intent\/tweet?via=fiscaliacol\" class=\"twitter-share-button\">Tweet<\/a><\/div>\n","protected":false},"excerpt":{"rendered":"<p>El material de prueba indica que habr\u00edan sometido y atacado a tres ciudadanos, con el supuesto de que eran integrantes de la fuerza p\u00fablica. La Fiscal\u00eda General de la Naci\u00f3n acus\u00f3 formalmente a Sergio Andr\u00e9s Pastor Gonz\u00e1lez, alias 19, uno de los presuntos articuladores del grupo \u2018Resistencia Portal Am\u00e9ricas\u2019; y a otros tres se\u00f1alados integrantes [&hellip;]<\/p>\n","protected":false},"author":176,"featured_media":0,"comment_status":"closed","ping_status":"open","sticky":false,"template":"","format":"video","meta":{"_price":"","_stock":"","_tribe_ticket_header":"","_tribe_default_ticket_provider":"","_tribe_ticket_capacity":"0","_ticket_start_date":"","_ticket_end_date":"","_tribe_ticket_show_description":"","_tribe_ticket_show_not_going":false,"_tribe_ticket_use_global_stock":"","_tribe_ticket_global_stock_level":"","_global_stock_mode":"","_global_stock_cap":"","_tribe_rsvp_for_event":"","_tribe_ticket_going_count":"","_tribe_ticket_not_going_count":"","_tribe_tickets_list":"[]","_tribe_ticket_has_attendee_info_fields":false,"tdm_status":"","tdm_grid_status":"","footnotes":""},"categories":[24098,1],"tags":[30368,24401,24189,26812,27901,30369],"class_list":{"0":"post-240607","1":"post","2":"type-post","3":"status-publish","4":"format-video","6":"category-crimen-organizado","7":"category-noticias","8":"tag-alias-19","9":"tag-fiscal-barbosa-delgado","10":"tag-fiscal-francisco-barbosa-delgado","11":"tag-paro-nacional","12":"tag-primera-linea","13":"tag-sergio-andres-pastor-gonzalez","14":"post_format-post-format-video"},"yoast_head":"<!-- This site is optimized with the Yoast SEO plugin v24.3 - https:\/\/yoast.com\/wordpress\/plugins\/seo\/ -->\n<title>Fiscal\u00eda General de la Naci\u00f3n<\/title>\n<meta name=\"description\" content=\"P\u00e1gina oficial de la Fiscal\u00eda General de la Naci\u00f3n \u2013 Colombia. Garantizamos el acceso efectivo a la justicia, la verdad y la reparaci\u00f3n de las v\u00edctimas de los delitos.\" \/>\n<meta name=\"robots\" content=\"noindex, follow\" \/>\n<meta property=\"og:locale\" content=\"es_ES\" \/>\n<meta property=\"og:type\" content=\"article\" \/>\n<meta property=\"og:title\" content=\"Fiscal\u00eda General de la Naci\u00f3n\" \/>\n<meta property=\"og:description\" content=\"P\u00e1gina oficial de la Fiscal\u00eda General de la Naci\u00f3n \u2013 Colombia. Garantizamos el acceso efectivo a la justicia, la verdad y la reparaci\u00f3n de las v\u00edctimas de los delitos.\" \/>\n<meta property=\"og:url\" content=\"https:\/\/www.fiscalia.gov.co\/colombia\/noticias\/fiscalia-acusa-a-alias-19-y-otros-supuestos-integrantes-del-grupo-resistencia-portal-americas-que-estarian-involucrados-en-actos-de-tortura-y-ataques-vandalicos-en-bogota\/\" \/>\n<meta property=\"og:site_name\" content=\"Fiscal\u00eda General de la Naci\u00f3n\" \/>\n<meta property=\"article:publisher\" content=\"https:\/\/www.facebook.com\/FiscaliaCol\" \/>\n<meta property=\"article:published_time\" content=\"2022-02-10T20:30:15+00:00\" \/>\n<meta property=\"article:modified_time\" content=\"2022-02-17T20:13:17+00:00\" \/>\n<meta name=\"author\" content=\"Johanna Black Prieto Pe\u00f1a\" \/>\n<meta name=\"twitter:card\" content=\"summary_large_image\" \/>\n<meta name=\"twitter:creator\" content=\"@FiscaliaCol\" \/>\n<meta name=\"twitter:site\" content=\"@FiscaliaCol\" \/>\n<meta name=\"twitter:label1\" content=\"Escrito por\" \/>\n\t<meta name=\"twitter:data1\" content=\"Johanna Black Prieto Pe\u00f1a\" \/>\n\t<meta name=\"twitter:label2\" content=\"Tiempo de lectura\" \/>\n\t<meta name=\"twitter:data2\" content=\"3 minutos\" \/>\n<script type=\"application\/ld+json\" class=\"yoast-schema-graph\">{\"@context\":\"https:\/\/schema.org\",\"@graph\":[{\"@type\":\"Article\",\"@id\":\"https:\/\/www.fiscalia.gov.co\/colombia\/noticias\/fiscalia-acusa-a-alias-19-y-otros-supuestos-integrantes-del-grupo-resistencia-portal-americas-que-estarian-involucrados-en-actos-de-tortura-y-ataques-vandalicos-en-bogota\/#article\",\"isPartOf\":{\"@id\":\"https:\/\/www.fiscalia.gov.co\/colombia\/noticias\/fiscalia-acusa-a-alias-19-y-otros-supuestos-integrantes-del-grupo-resistencia-portal-americas-que-estarian-involucrados-en-actos-de-tortura-y-ataques-vandalicos-en-bogota\/\"},\"author\":{\"name\":\"Johanna Black Prieto Pe\u00f1a\",\"@id\":\"https:\/\/www.fiscalia.gov.co\/colombia\/#\/schema\/person\/b19b49f26569f91393176a2b3d13a0e5\"},\"headline\":\"Fiscal\u00eda acusa a alias 19 y otros supuestos integrantes del grupo \u2018Resistencia Portal Am\u00e9ricas\u2019 que estar\u00edan involucrados en actos de tortura y ataques vand\u00e1licos en Bogot\u00e1\",\"datePublished\":\"2022-02-10T20:30:15+00:00\",\"dateModified\":\"2022-02-17T20:13:17+00:00\",\"mainEntityOfPage\":{\"@id\":\"https:\/\/www.fiscalia.gov.co\/colombia\/noticias\/fiscalia-acusa-a-alias-19-y-otros-supuestos-integrantes-del-grupo-resistencia-portal-americas-que-estarian-involucrados-en-actos-de-tortura-y-ataques-vandalicos-en-bogota\/\"},\"wordCount\":560,\"publisher\":{\"@id\":\"https:\/\/www.fiscalia.gov.co\/colombia\/#organization\"},\"keywords\":[\"Alias 19\",\"Fiscal Barbosa Delgado\",\"Fiscal Francisco Barbosa Delgado\",\"paro nacional\",\"primera l\u00ednea\",\"Sergio Andr\u00e9s Pastor Gonz\u00e1lez\"],\"articleSection\":[\"Crimen organizado\",\"Noticias\"],\"inLanguage\":\"es-CO\"},{\"@type\":\"WebPage\",\"@id\":\"https:\/\/www.fiscalia.gov.co\/colombia\/noticias\/fiscalia-acusa-a-alias-19-y-otros-supuestos-integrantes-del-grupo-resistencia-portal-americas-que-estarian-involucrados-en-actos-de-tortura-y-ataques-vandalicos-en-bogota\/\",\"url\":\"https:\/\/www.fiscalia.gov.co\/colombia\/noticias\/fiscalia-acusa-a-alias-19-y-otros-supuestos-integrantes-del-grupo-resistencia-portal-americas-que-estarian-involucrados-en-actos-de-tortura-y-ataques-vandalicos-en-bogota\/\",\"name\":\"Fiscal\u00eda General de la Naci\u00f3n\",\"isPartOf\":{\"@id\":\"https:\/\/www.fiscalia.gov.co\/colombia\/#website\"},\"datePublished\":\"2022-02-10T20:30:15+00:00\",\"dateModified\":\"2022-02-17T20:13:17+00:00\",\"description\":\"P\u00e1gina oficial de la Fiscal\u00eda General de la Naci\u00f3n \u2013 Colombia. Garantizamos el acceso efectivo a la justicia, la verdad y la reparaci\u00f3n de las v\u00edctimas de los delitos.\",\"breadcrumb\":{\"@id\":\"https:\/\/www.fiscalia.gov.co\/colombia\/noticias\/fiscalia-acusa-a-alias-19-y-otros-supuestos-integrantes-del-grupo-resistencia-portal-americas-que-estarian-involucrados-en-actos-de-tortura-y-ataques-vandalicos-en-bogota\/#breadcrumb\"},\"inLanguage\":\"es-CO\",\"potentialAction\":[{\"@type\":\"ReadAction\",\"target\":[\"https:\/\/www.fiscalia.gov.co\/colombia\/noticias\/fiscalia-acusa-a-alias-19-y-otros-supuestos-integrantes-del-grupo-resistencia-portal-americas-que-estarian-involucrados-en-actos-de-tortura-y-ataques-vandalicos-en-bogota\/\"]}]},{\"@type\":\"BreadcrumbList\",\"@id\":\"https:\/\/www.fiscalia.gov.co\/colombia\/noticias\/fiscalia-acusa-a-alias-19-y-otros-supuestos-integrantes-del-grupo-resistencia-portal-americas-que-estarian-involucrados-en-actos-de-tortura-y-ataques-vandalicos-en-bogota\/#breadcrumb\",\"itemListElement\":[{\"@type\":\"ListItem\",\"position\":1,\"name\":\"Home\",\"item\":\"https:\/\/www.fiscalia.gov.co\/colombia\/\"},{\"@type\":\"ListItem\",\"position\":2,\"name\":\"Fiscal\u00eda acusa a alias 19 y otros supuestos integrantes del grupo \u2018Resistencia Portal Am\u00e9ricas\u2019 que estar\u00edan involucrados en actos de tortura y ataques vand\u00e1licos en Bogot\u00e1\"}]},{\"@type\":\"WebSite\",\"@id\":\"https:\/\/www.fiscalia.gov.co\/colombia\/#website\",\"url\":\"https:\/\/www.fiscalia.gov.co\/colombia\/\",\"name\":\"Fiscal\u00eda General de la Naci\u00f3n\",\"description\":\"P\u00e1gina oficial de la Fiscal\u00eda General de la Naci\u00f3n \u2013 Colombia. Garantizamos el acceso efectivo a la justicia, la verdad y la reparaci\u00f3n de las v\u00edctimas de los delitos.\",\"publisher\":{\"@id\":\"https:\/\/www.fiscalia.gov.co\/colombia\/#organization\"},\"potentialAction\":[{\"@type\":\"SearchAction\",\"target\":{\"@type\":\"EntryPoint\",\"urlTemplate\":\"https:\/\/www.fiscalia.gov.co\/colombia\/?s={search_term_string}\"},\"query-input\":{\"@type\":\"PropertyValueSpecification\",\"valueRequired\":true,\"valueName\":\"search_term_string\"}}],\"inLanguage\":\"es-CO\"},{\"@type\":\"Organization\",\"@id\":\"https:\/\/www.fiscalia.gov.co\/colombia\/#organization\",\"name\":\"Fiscal\u00eda General de la Naci\u00f3n\",\"url\":\"https:\/\/www.fiscalia.gov.co\/colombia\/\",\"logo\":{\"@type\":\"ImageObject\",\"inLanguage\":\"es-CO\",\"@id\":\"https:\/\/www.fiscalia.gov.co\/colombia\/#\/schema\/logo\/image\/\",\"url\":\"https:\/\/www.fiscalia.gov.co\/colombia\/wp-content\/uploads\/LogoHorizontal_1.jpg\",\"contentUrl\":\"https:\/\/www.fiscalia.gov.co\/colombia\/wp-content\/uploads\/LogoHorizontal_1.jpg\",\"width\":300,\"height\":90,\"caption\":\"Fiscal\u00eda General de la Naci\u00f3n\"},\"image\":{\"@id\":\"https:\/\/www.fiscalia.gov.co\/colombia\/#\/schema\/logo\/image\/\"},\"sameAs\":[\"https:\/\/www.facebook.com\/FiscaliaCol\",\"https:\/\/x.com\/FiscaliaCol\",\"https:\/\/www.instagram.com\/fiscaliacol\",\"https:\/\/www.linkedin.com\/company\/fiscalia-general-de-la-naci-n\/\",\"https:\/\/youtube.com\/@fiscaliageneraldelanacion-4668?si=6nN79nyQICPU5iTh\"]},{\"@type\":\"Person\",\"@id\":\"https:\/\/www.fiscalia.gov.co\/colombia\/#\/schema\/person\/b19b49f26569f91393176a2b3d13a0e5\",\"name\":\"Johanna Black Prieto Pe\u00f1a\",\"image\":{\"@type\":\"ImageObject\",\"inLanguage\":\"es-CO\",\"@id\":\"https:\/\/www.fiscalia.gov.co\/colombia\/#\/schema\/person\/image\/\",\"url\":\"https:\/\/secure.gravatar.com\/avatar\/7f04518e1774335e76d761d76f04003e?s=96&d=mm&r=g\",\"contentUrl\":\"https:\/\/secure.gravatar.com\/avatar\/7f04518e1774335e76d761d76f04003e?s=96&d=mm&r=g\",\"caption\":\"Johanna Black Prieto Pe\u00f1a\"},\"url\":\"https:\/\/www.fiscalia.gov.co\/colombia\/author\/jprieto\/\"}]}<\/script>\n<!-- \/ Yoast SEO plugin. -->","yoast_head_json":{"title":"Fiscal\u00eda General de la Naci\u00f3n","description":"P\u00e1gina oficial de la Fiscal\u00eda General de la Naci\u00f3n \u2013 Colombia. Garantizamos el acceso efectivo a la justicia, la verdad y la reparaci\u00f3n de las v\u00edctimas de los delitos.","robots":{"index":"noindex","follow":"follow"},"og_locale":"es_ES","og_type":"article","og_title":"Fiscal\u00eda General de la Naci\u00f3n","og_description":"P\u00e1gina oficial de la Fiscal\u00eda General de la Naci\u00f3n \u2013 Colombia. Garantizamos el acceso efectivo a la justicia, la verdad y la reparaci\u00f3n de las v\u00edctimas de los delitos.","og_url":"https:\/\/www.fiscalia.gov.co\/colombia\/noticias\/fiscalia-acusa-a-alias-19-y-otros-supuestos-integrantes-del-grupo-resistencia-portal-americas-que-estarian-involucrados-en-actos-de-tortura-y-ataques-vandalicos-en-bogota\/","og_site_name":"Fiscal\u00eda General de la Naci\u00f3n","article_publisher":"https:\/\/www.facebook.com\/FiscaliaCol","article_published_time":"2022-02-10T20:30:15+00:00","article_modified_time":"2022-02-17T20:13:17+00:00","author":"Johanna Black Prieto Pe\u00f1a","twitter_card":"summary_large_image","twitter_creator":"@FiscaliaCol","twitter_site":"@FiscaliaCol","twitter_misc":{"Escrito por":"Johanna Black Prieto Pe\u00f1a","Tiempo de lectura":"3 minutos"},"schema":{"@context":"https:\/\/schema.org","@graph":[{"@type":"Article","@id":"https:\/\/www.fiscalia.gov.co\/colombia\/noticias\/fiscalia-acusa-a-alias-19-y-otros-supuestos-integrantes-del-grupo-resistencia-portal-americas-que-estarian-involucrados-en-actos-de-tortura-y-ataques-vandalicos-en-bogota\/#article","isPartOf":{"@id":"https:\/\/www.fiscalia.gov.co\/colombia\/noticias\/fiscalia-acusa-a-alias-19-y-otros-supuestos-integrantes-del-grupo-resistencia-portal-americas-que-estarian-involucrados-en-actos-de-tortura-y-ataques-vandalicos-en-bogota\/"},"author":{"name":"Johanna Black Prieto Pe\u00f1a","@id":"https:\/\/www.fiscalia.gov.co\/colombia\/#\/schema\/person\/b19b49f26569f91393176a2b3d13a0e5"},"headline":"Fiscal\u00eda acusa a alias 19 y otros supuestos integrantes del grupo \u2018Resistencia Portal Am\u00e9ricas\u2019 que estar\u00edan involucrados en actos de tortura y ataques vand\u00e1licos en Bogot\u00e1","datePublished":"2022-02-10T20:30:15+00:00","dateModified":"2022-02-17T20:13:17+00:00","mainEntityOfPage":{"@id":"https:\/\/www.fiscalia.gov.co\/colombia\/noticias\/fiscalia-acusa-a-alias-19-y-otros-supuestos-integrantes-del-grupo-resistencia-portal-americas-que-estarian-involucrados-en-actos-de-tortura-y-ataques-vandalicos-en-bogota\/"},"wordCount":560,"publisher":{"@id":"https:\/\/www.fiscalia.gov.co\/colombia\/#organization"},"keywords":["Alias 19","Fiscal Barbosa Delgado","Fiscal Francisco Barbosa Delgado","paro nacional","primera l\u00ednea","Sergio Andr\u00e9s Pastor Gonz\u00e1lez"],"articleSection":["Crimen organizado","Noticias"],"inLanguage":"es-CO"},{"@type":"WebPage","@id":"https:\/\/www.fiscalia.gov.co\/colombia\/noticias\/fiscalia-acusa-a-alias-19-y-otros-supuestos-integrantes-del-grupo-resistencia-portal-americas-que-estarian-involucrados-en-actos-de-tortura-y-ataques-vandalicos-en-bogota\/","url":"https:\/\/www.fiscalia.gov.co\/colombia\/noticias\/fiscalia-acusa-a-alias-19-y-otros-supuestos-integrantes-del-grupo-resistencia-portal-americas-que-estarian-involucrados-en-actos-de-tortura-y-ataques-vandalicos-en-bogota\/","name":"Fiscal\u00eda General de la Naci\u00f3n","isPartOf":{"@id":"https:\/\/www.fiscalia.gov.co\/colombia\/#website"},"datePublished":"2022-02-10T20:30:15+00:00","dateModified":"2022-02-17T20:13:17+00:00","description":"P\u00e1gina oficial de la Fiscal\u00eda General de la Naci\u00f3n \u2013 Colombia. Garantizamos el acceso efectivo a la justicia, la verdad y la reparaci\u00f3n de las v\u00edctimas de los delitos.","breadcrumb":{"@id":"https:\/\/www.fiscalia.gov.co\/colombia\/noticias\/fiscalia-acusa-a-alias-19-y-otros-supuestos-integrantes-del-grupo-resistencia-portal-americas-que-estarian-involucrados-en-actos-de-tortura-y-ataques-vandalicos-en-bogota\/#breadcrumb"},"inLanguage":"es-CO","potentialAction":[{"@type":"ReadAction","target":["https:\/\/www.fiscalia.gov.co\/colombia\/noticias\/fiscalia-acusa-a-alias-19-y-otros-supuestos-integrantes-del-grupo-resistencia-portal-americas-que-estarian-involucrados-en-actos-de-tortura-y-ataques-vandalicos-en-bogota\/"]}]},{"@type":"BreadcrumbList","@id":"https:\/\/www.fiscalia.gov.co\/colombia\/noticias\/fiscalia-acusa-a-alias-19-y-otros-supuestos-integrantes-del-grupo-resistencia-portal-americas-que-estarian-involucrados-en-actos-de-tortura-y-ataques-vandalicos-en-bogota\/#breadcrumb","itemListElement":[{"@type":"ListItem","position":1,"name":"Home","item":"https:\/\/www.fiscalia.gov.co\/colombia\/"},{"@type":"ListItem","position":2,"name":"Fiscal\u00eda acusa a alias 19 y otros supuestos integrantes del grupo \u2018Resistencia Portal Am\u00e9ricas\u2019 que estar\u00edan involucrados en actos de tortura y ataques vand\u00e1licos en Bogot\u00e1"}]},{"@type":"WebSite","@id":"https:\/\/www.fiscalia.gov.co\/colombia\/#website","url":"https:\/\/www.fiscalia.gov.co\/colombia\/","name":"Fiscal\u00eda General de la Naci\u00f3n","description":"P\u00e1gina oficial de la Fiscal\u00eda General de la Naci\u00f3n \u2013 Colombia. Garantizamos el acceso efectivo a la justicia, la verdad y la reparaci\u00f3n de las v\u00edctimas de los delitos.","publisher":{"@id":"https:\/\/www.fiscalia.gov.co\/colombia\/#organization"},"potentialAction":[{"@type":"SearchAction","target":{"@type":"EntryPoint","urlTemplate":"https:\/\/www.fiscalia.gov.co\/colombia\/?s={search_term_string}"},"query-input":{"@type":"PropertyValueSpecification","valueRequired":true,"valueName":"search_term_string"}}],"inLanguage":"es-CO"},{"@type":"Organization","@id":"https:\/\/www.fiscalia.gov.co\/colombia\/#organization","name":"Fiscal\u00eda General de la Naci\u00f3n","url":"https:\/\/www.fiscalia.gov.co\/colombia\/","logo":{"@type":"ImageObject","inLanguage":"es-CO","@id":"https:\/\/www.fiscalia.gov.co\/colombia\/#\/schema\/logo\/image\/","url":"https:\/\/www.fiscalia.gov.co\/colombia\/wp-content\/uploads\/LogoHorizontal_1.jpg","contentUrl":"https:\/\/www.fiscalia.gov.co\/colombia\/wp-content\/uploads\/LogoHorizontal_1.jpg","width":300,"height":90,"caption":"Fiscal\u00eda General de la Naci\u00f3n"},"image":{"@id":"https:\/\/www.fiscalia.gov.co\/colombia\/#\/schema\/logo\/image\/"},"sameAs":["https:\/\/www.facebook.com\/FiscaliaCol","https:\/\/x.com\/FiscaliaCol","https:\/\/www.instagram.com\/fiscaliacol","https:\/\/www.linkedin.com\/company\/fiscalia-general-de-la-naci-n\/","https:\/\/youtube.com\/@fiscaliageneraldelanacion-4668?si=6nN79nyQICPU5iTh"]},{"@type":"Person","@id":"https:\/\/www.fiscalia.gov.co\/colombia\/#\/schema\/person\/b19b49f26569f91393176a2b3d13a0e5","name":"Johanna Black Prieto Pe\u00f1a","image":{"@type":"ImageObject","inLanguage":"es-CO","@id":"https:\/\/www.fiscalia.gov.co\/colombia\/#\/schema\/person\/image\/","url":"https:\/\/secure.gravatar.com\/avatar\/7f04518e1774335e76d761d76f04003e?s=96&d=mm&r=g","contentUrl":"https:\/\/secure.gravatar.com\/avatar\/7f04518e1774335e76d761d76f04003e?s=96&d=mm&r=g","caption":"Johanna Black Prieto Pe\u00f1a"},"url":"https:\/\/www.fiscalia.gov.co\/colombia\/author\/jprieto\/"}]}},"_links":{"self":[{"href":"https:\/\/www.fiscalia.gov.co\/colombia\/wp-json\/wp\/v2\/posts\/240607","targetHints":{"allow":["GET"]}}],"collection":[{"href":"https:\/\/www.fiscalia.gov.co\/colombia\/wp-json\/wp\/v2\/posts"}],"about":[{"href":"https:\/\/www.fiscalia.gov.co\/colombia\/wp-json\/wp\/v2\/types\/post"}],"author":[{"embeddable":true,"href":"https:\/\/www.fiscalia.gov.co\/colombia\/wp-json\/wp\/v2\/users\/176"}],"replies":[{"embeddable":true,"href":"https:\/\/www.fiscalia.gov.co\/colombia\/wp-json\/wp\/v2\/comments?post=240607"}],"version-history":[{"count":2,"href":"https:\/\/www.fiscalia.gov.co\/colombia\/wp-json\/wp\/v2\/posts\/240607\/revisions"}],"predecessor-version":[{"id":241307,"href":"https:\/\/www.fiscalia.gov.co\/colombia\/wp-json\/wp\/v2\/posts\/240607\/revisions\/241307"}],"wp:attachment":[{"href":"https:\/\/www.fiscalia.gov.co\/colombia\/wp-json\/wp\/v2\/media?parent=240607"}],"wp:term":[{"taxonomy":"category","embeddable":true,"href":"https:\/\/www.fiscalia.gov.co\/colombia\/wp-json\/wp\/v2\/categories?post=240607"},{"taxonomy":"post_tag","embeddable":true,"href":"https:\/\/www.fiscalia.gov.co\/colombia\/wp-json\/wp\/v2\/tags?post=240607"}],"curies":[{"name":"wp","href":"https:\/\/api.w.org\/{rel}","templated":true}]}}