{"id":240136,"date":"2022-02-07T11:35:59","date_gmt":"2022-02-07T16:35:59","guid":{"rendered":"https:\/\/www.fiscalia.gov.co\/colombia\/?p=240136"},"modified":"2022-02-07T12:06:43","modified_gmt":"2022-02-07T17:06:43","slug":"fiscalia-judicializo-a-un-patrullero-de-la-policia-por-concusion-en-tumaco-narino","status":"publish","type":"post","link":"https:\/\/www.fiscalia.gov.co\/colombia\/noticias\/fiscalia-judicializo-a-un-patrullero-de-la-policia-por-concusion-en-tumaco-narino\/","title":{"rendered":"Fiscal\u00eda judicializ\u00f3 a un patrullero de la Polic\u00eda por concusi\u00f3n en Tumaco\u00a0(Nari\u00f1o)\u00a0"},"content":{"rendered":"<h4><strong><i>El uniformado le habr\u00eda entregado una l\u00ednea telef\u00f3nica al comerciante v\u00edctima para acordar, a trav\u00e9s de mensajes de texto, la entrega del dinero exigido.\u00a0<\/i><\/strong><\/h4>\n<p><i>\u00a0<\/i><\/p>\n<p>Ante el Juzgado Segundo Penal Municipal de Tumaco (Nari\u00f1o), con funci\u00f3n de control de garant\u00edas, el patrullero\u00a0<b>Carlos Andr\u00e9s Graciano Agudelo<\/b>, adscrito a la Sij\u00edn de la Polic\u00eda en el departamento nari\u00f1ense, no se allan\u00f3 al cargo que la Fiscal\u00eda le imput\u00f3 por\u00a0<a href=\"https:\/\/www.fiscalia.gov.co\/colombia\/noticias\/fiscalia-imputo-cargos-a-jueza-de-paz-por-su-presunta-responsabilidad-en-los-delitos-de-concusion-y-abuso-de-funcion-publica\/\" target=\"_blank\" rel=\"noopener noreferrer\" data-saferedirecturl=\"https:\/\/www.google.com\/url?q=https:\/\/www.fiscalia.gov.co\/colombia\/noticias\/fiscalia-imputo-cargos-a-jueza-de-paz-por-su-presunta-responsabilidad-en-los-delitos-de-concusion-y-abuso-de-funcion-publica\/&amp;source=gmail&amp;ust=1644337500839000&amp;usg=AOvVaw0aubcfdS74ATnKnFb-xSWU\">concusi\u00f3n<\/a>.<\/p>\n<figure id=\"attachment_240137\" aria-describedby=\"caption-attachment-240137\" style=\"width: 220px\" class=\"wp-caption alignleft\"><img loading=\"lazy\" decoding=\"async\" class=\"wp-image-240137 size-medium\" src=\"https:\/\/www.fiscalia.gov.co\/colombia\/wp-content\/uploads\/Patrullero-Carlos-Andres-Graciano-Agudelo-Tumaco-Concusi\u00f3n-220x300.jpeg\" alt=\"\" width=\"220\" height=\"300\" srcset=\"https:\/\/www.fiscalia.gov.co\/colombia\/wp-content\/uploads\/Patrullero-Carlos-Andres-Graciano-Agudelo-Tumaco-Concusi\u00f3n-220x300.jpeg 220w, https:\/\/www.fiscalia.gov.co\/colombia\/wp-content\/uploads\/Patrullero-Carlos-Andres-Graciano-Agudelo-Tumaco-Concusi\u00f3n-750x1024.jpeg 750w, https:\/\/www.fiscalia.gov.co\/colombia\/wp-content\/uploads\/Patrullero-Carlos-Andres-Graciano-Agudelo-Tumaco-Concusi\u00f3n-768x1049.jpeg 768w, https:\/\/www.fiscalia.gov.co\/colombia\/wp-content\/uploads\/Patrullero-Carlos-Andres-Graciano-Agudelo-Tumaco-Concusi\u00f3n-696x951.jpeg 696w, https:\/\/www.fiscalia.gov.co\/colombia\/wp-content\/uploads\/Patrullero-Carlos-Andres-Graciano-Agudelo-Tumaco-Concusi\u00f3n-307x420.jpeg 307w, https:\/\/www.fiscalia.gov.co\/colombia\/wp-content\/uploads\/Patrullero-Carlos-Andres-Graciano-Agudelo-Tumaco-Concusi\u00f3n.jpeg 937w\" sizes=\"auto, (max-width: 220px) 100vw, 220px\" \/><figcaption id=\"caption-attachment-240137\" class=\"wp-caption-text\">El patrullero activo de la Sij\u00edn, Carlos Andr\u00e9s Graciano Agudelo, fue privado de la libertad por incurrir presuntamente en el delito de concusi\u00f3n.<\/figcaption><\/figure>\n<p>Al t\u00e9rmino de las audiencias preliminares, el procesado fue cobijado con medida de aseguramiento consistente en detenci\u00f3n preventiva en el lugar de residencia.<\/p>\n<p>Los hechos por los que el patrullero fue judicializado ocurrieron entre el 17 y 23 de junio de 2021. La v\u00edctima denunci\u00f3 que dos hombres lo abordaron, se identificaron como integrantes de la Sij\u00edn y le\u00a0<b><a href=\"https:\/\/www.fiscalia.gov.co\/colombia\/noticias\/a-la-carcel-presunto-responsable-de-exigirle-dinero-a-un-hombre-a-cambio-de-no-atentar-contra-su-vida\/\" target=\"_blank\" rel=\"noopener noreferrer\" data-saferedirecturl=\"https:\/\/www.google.com\/url?q=https:\/\/www.fiscalia.gov.co\/colombia\/noticias\/a-la-carcel-presunto-responsable-de-exigirle-dinero-a-un-hombre-a-cambio-de-no-atentar-contra-su-vida\/&amp;source=gmail&amp;ust=1644337500839000&amp;usg=AOvVaw3PzMc9C_oYHbzsWXhwnXS5\">exigieron el pago<\/a>\u00a0de $30.000.000,<\/b>\u00a0para no continuar con una supuesta investigaci\u00f3n penal en su contra.<\/p>\n<p>Seg\u00fan lo establecido, los uniformados habr\u00edan trasladado a la v\u00edctima a la estaci\u00f3n de Polic\u00eda de Tumaco, donde al parecer le hicieron dejar sus datos y le entregaron una l\u00ednea de celular para que se mantuviera en contacto con ellos, con el fin de acordar la forma de pago del dinero exigido.<\/p>\n<p>Luego de varios mensajes por whatsapp, se acord\u00f3 una cita en el parque Le\u00f3n del puerto nari\u00f1ense. All\u00ed supuestamente los policiales le dijeron al\u00a0<b>comerciante<\/b>\u00a0que la investigaci\u00f3n en su contra segu\u00eda y deb\u00eda fijar cuanto antes la fecha de entrega del dinero; fue entonces cuando la v\u00edctima les solicit\u00f3 un plazo y les dijo que pod\u00eda conseguir solo $20.000.000.<\/p>\n<p>Al parecer fue el patrullero Graciano quien le envi\u00f3 un mensaje de texto al comerciante y le indic\u00f3 que aceptaban el pago del monto propuesto.<\/p>\n<p>Debido a las supuestas presiones de los agentes, el comerciante se dirigi\u00f3 al Gaula para denunciar su caso. Mientras era entrevistado por los investigadores, entr\u00f3 una llamada a su tel\u00e9fono y era uno de los polic\u00edas para finiquitar la entrega. Enseguida, a trav\u00e9s de un sistema inform\u00e1tico, se identific\u00f3 que el n\u00famero celular que aparec\u00eda correspond\u00eda al del hoy procesado.<\/p>\n<p>Investigadores del\u00a0<b>Gaula<\/b>\u00a0recolectaron informaci\u00f3n sobre los agentes que estuvieron adscritos a la Sij\u00edn de Tumaco, quienes se encontraban en servicio para los d\u00edas de los hechos, logr\u00e1ndose el reconocimiento fotogr\u00e1fico del patrullero.<\/p>\n<p>Servidores del\u00a0<b>Cuerpo T\u00e9cnico de Investigaci\u00f3n (CTI)<\/b>\u00a0materializaron al orden de captura proferida por un juez el pasado 25 de enero.<\/p>\n<p>La Fiscal\u00eda habla con resultados.<\/p>\n<p>&nbsp;<\/p>\n<p>JGPV\/LVB\/DLBM.<\/p>\n<p>&nbsp;<\/p>\n<p><i><span lang=\"ES\">La informaci\u00f3n contenida en este bolet\u00edn de prensa corresponde a la narraci\u00f3n de los hechos noticiosos objetivos, suministrados por los funcionarios encargados de adelantar las investigaciones penales al interior de la Fiscal\u00eda General de la Naci\u00f3n. Para el momento de la divulgaci\u00f3n de este comunicado, la situaci\u00f3n jur\u00eddica de la(s) persona(s) relacionada(s) se encuentra pendiente de resolver por la autoridad judicial competente, siempre bajo los preceptos de la presunci\u00f3n de inocencia, consagrados en el art\u00edculo 29 de la Constituci\u00f3n Pol\u00edtica y el art\u00edculo 7\u00ba de la Ley 906 de 2004.<\/span><\/i><span lang=\"ES\">\u00a0<\/span><\/p>\n<p>Le puede interesar:\u00a0<a href=\"https:\/\/www.fiscalia.gov.co\/colombia\/noticias\/nueva-imputacion-contra-exgerente-del-hospital-mario-correa-rengifo-de-cali-por-concusion\/\" target=\"_blank\" rel=\"noopener noreferrer\" data-saferedirecturl=\"https:\/\/www.google.com\/url?q=https:\/\/www.fiscalia.gov.co\/colombia\/noticias\/nueva-imputacion-contra-exgerente-del-hospital-mario-correa-rengifo-de-cali-por-concusion\/&amp;source=gmail&amp;ust=1644337500839000&amp;usg=AOvVaw2iouLouX6LUJrDQ-KEBCSb\">Nueva imputaci\u00f3n contra exgerente del hospital Mario Correa Rengifo de Cali, por concusi\u00f3n\u00a0<\/a><b>\u00a0<\/b><\/p>\n\n<div class=\"twitter-share\"><a href=\"https:\/\/twitter.com\/intent\/tweet?via=fiscaliacol\" class=\"twitter-share-button\">Tweet<\/a><\/div>\n","protected":false},"excerpt":{"rendered":"<p>El uniformado le habr\u00eda entregado una l\u00ednea telef\u00f3nica al comerciante v\u00edctima para acordar, a trav\u00e9s de mensajes de texto, la entrega del dinero exigido.\u00a0 \u00a0 Ante el Juzgado Segundo Penal Municipal de Tumaco (Nari\u00f1o), con funci\u00f3n de control de garant\u00edas, el patrullero\u00a0Carlos Andr\u00e9s Graciano Agudelo, adscrito a la Sij\u00edn de la Polic\u00eda en el departamento [&hellip;]<\/p>\n","protected":false},"author":176,"featured_media":0,"comment_status":"closed","ping_status":"open","sticky":false,"template":"","format":"standard","meta":{"_price":"","_stock":"","_tribe_ticket_header":"","_tribe_default_ticket_provider":"","_tribe_ticket_capacity":"0","_ticket_start_date":"","_ticket_end_date":"","_tribe_ticket_show_description":"","_tribe_ticket_show_not_going":false,"_tribe_ticket_use_global_stock":"","_tribe_ticket_global_stock_level":"","_global_stock_mode":"","_global_stock_cap":"","_tribe_rsvp_for_event":"","_tribe_ticket_going_count":"","_tribe_ticket_not_going_count":"","_tribe_tickets_list":"[]","_tribe_ticket_has_attendee_info_fields":false,"tdm_status":"","tdm_grid_status":"","footnotes":""},"categories":[24107,24097,1,334,24099],"tags":[23965,30313,24401,24305,24526,24481,1047],"class_list":{"0":"post-240136","1":"post","2":"type-post","3":"status-publish","4":"format-standard","6":"category-lucha-contra-corrupcion","7":"category-corrupcion","8":"category-noticias","9":"category-seccional-pasto","10":"category-seguridad-territorial","11":"tag-concusion","12":"tag-exigirle-el-pago","13":"tag-fiscal-barbosa-delgado","14":"tag-fiscal-general-francisco-barbosa","15":"tag-fiscal-general-francisco-barbosa-delgado","16":"tag-fiscalia-de-colombia","17":"tag-fiscalia-general-de-la-nacion"},"yoast_head":"<!-- This site is optimized with the Yoast SEO plugin v24.3 - https:\/\/yoast.com\/wordpress\/plugins\/seo\/ -->\n<title>Fiscal\u00eda General de la Naci\u00f3n<\/title>\n<meta name=\"description\" content=\"P\u00e1gina oficial de la Fiscal\u00eda General de la Naci\u00f3n \u2013 Colombia. Garantizamos el acceso efectivo a la justicia, la verdad y la reparaci\u00f3n de las v\u00edctimas de los delitos.\" \/>\n<meta name=\"robots\" content=\"noindex, follow\" \/>\n<meta property=\"og:locale\" content=\"es_ES\" \/>\n<meta property=\"og:type\" content=\"article\" \/>\n<meta property=\"og:title\" content=\"Fiscal\u00eda General de la Naci\u00f3n\" \/>\n<meta property=\"og:description\" content=\"P\u00e1gina oficial de la Fiscal\u00eda General de la Naci\u00f3n \u2013 Colombia. Garantizamos el acceso efectivo a la justicia, la verdad y la reparaci\u00f3n de las v\u00edctimas de los delitos.\" \/>\n<meta property=\"og:url\" content=\"https:\/\/www.fiscalia.gov.co\/colombia\/noticias\/fiscalia-judicializo-a-un-patrullero-de-la-policia-por-concusion-en-tumaco-narino\/\" \/>\n<meta property=\"og:site_name\" content=\"Fiscal\u00eda General de la Naci\u00f3n\" \/>\n<meta property=\"article:publisher\" content=\"https:\/\/www.facebook.com\/FiscaliaCol\" \/>\n<meta property=\"article:published_time\" content=\"2022-02-07T16:35:59+00:00\" \/>\n<meta property=\"article:modified_time\" content=\"2022-02-07T17:06:43+00:00\" \/>\n<meta name=\"author\" content=\"Johanna Black Prieto Pe\u00f1a\" \/>\n<meta name=\"twitter:card\" content=\"summary_large_image\" \/>\n<meta name=\"twitter:creator\" content=\"@FiscaliaCol\" \/>\n<meta name=\"twitter:site\" content=\"@FiscaliaCol\" \/>\n<meta name=\"twitter:label1\" content=\"Escrito por\" \/>\n\t<meta name=\"twitter:data1\" content=\"Johanna Black Prieto Pe\u00f1a\" \/>\n\t<meta name=\"twitter:label2\" content=\"Tiempo de lectura\" \/>\n\t<meta name=\"twitter:data2\" content=\"3 minutos\" \/>\n<script type=\"application\/ld+json\" class=\"yoast-schema-graph\">{\"@context\":\"https:\/\/schema.org\",\"@graph\":[{\"@type\":\"Article\",\"@id\":\"https:\/\/www.fiscalia.gov.co\/colombia\/noticias\/fiscalia-judicializo-a-un-patrullero-de-la-policia-por-concusion-en-tumaco-narino\/#article\",\"isPartOf\":{\"@id\":\"https:\/\/www.fiscalia.gov.co\/colombia\/noticias\/fiscalia-judicializo-a-un-patrullero-de-la-policia-por-concusion-en-tumaco-narino\/\"},\"author\":{\"name\":\"Johanna Black Prieto Pe\u00f1a\",\"@id\":\"https:\/\/www.fiscalia.gov.co\/colombia\/#\/schema\/person\/b19b49f26569f91393176a2b3d13a0e5\"},\"headline\":\"Fiscal\u00eda judicializ\u00f3 a un patrullero de la Polic\u00eda por concusi\u00f3n en Tumaco\u00a0(Nari\u00f1o)\u00a0\",\"datePublished\":\"2022-02-07T16:35:59+00:00\",\"dateModified\":\"2022-02-07T17:06:43+00:00\",\"mainEntityOfPage\":{\"@id\":\"https:\/\/www.fiscalia.gov.co\/colombia\/noticias\/fiscalia-judicializo-a-un-patrullero-de-la-policia-por-concusion-en-tumaco-narino\/\"},\"wordCount\":615,\"publisher\":{\"@id\":\"https:\/\/www.fiscalia.gov.co\/colombia\/#organization\"},\"keywords\":[\"Concusi\u00f3n\",\"exigirle el pago\",\"Fiscal Barbosa Delgado\",\"Fiscal General Francisco Barbosa\",\"Fiscal General Francisco Barbosa Delgado\",\"Fiscal\u00eda de Colombia\",\"Fiscal\u00eda General de la Naci\u00f3n\"],\"articleSection\":[\"Corrupci\u00f3n\",\"Corrupci\u00f3n\",\"Noticias\",\"Seccional Pasto\",\"Seguridad territorial\"],\"inLanguage\":\"es-CO\"},{\"@type\":\"WebPage\",\"@id\":\"https:\/\/www.fiscalia.gov.co\/colombia\/noticias\/fiscalia-judicializo-a-un-patrullero-de-la-policia-por-concusion-en-tumaco-narino\/\",\"url\":\"https:\/\/www.fiscalia.gov.co\/colombia\/noticias\/fiscalia-judicializo-a-un-patrullero-de-la-policia-por-concusion-en-tumaco-narino\/\",\"name\":\"Fiscal\u00eda General de la Naci\u00f3n\",\"isPartOf\":{\"@id\":\"https:\/\/www.fiscalia.gov.co\/colombia\/#website\"},\"datePublished\":\"2022-02-07T16:35:59+00:00\",\"dateModified\":\"2022-02-07T17:06:43+00:00\",\"description\":\"P\u00e1gina oficial de la Fiscal\u00eda General de la Naci\u00f3n \u2013 Colombia. Garantizamos el acceso efectivo a la justicia, la verdad y la reparaci\u00f3n de las v\u00edctimas de los delitos.\",\"breadcrumb\":{\"@id\":\"https:\/\/www.fiscalia.gov.co\/colombia\/noticias\/fiscalia-judicializo-a-un-patrullero-de-la-policia-por-concusion-en-tumaco-narino\/#breadcrumb\"},\"inLanguage\":\"es-CO\",\"potentialAction\":[{\"@type\":\"ReadAction\",\"target\":[\"https:\/\/www.fiscalia.gov.co\/colombia\/noticias\/fiscalia-judicializo-a-un-patrullero-de-la-policia-por-concusion-en-tumaco-narino\/\"]}]},{\"@type\":\"BreadcrumbList\",\"@id\":\"https:\/\/www.fiscalia.gov.co\/colombia\/noticias\/fiscalia-judicializo-a-un-patrullero-de-la-policia-por-concusion-en-tumaco-narino\/#breadcrumb\",\"itemListElement\":[{\"@type\":\"ListItem\",\"position\":1,\"name\":\"Home\",\"item\":\"https:\/\/www.fiscalia.gov.co\/colombia\/\"},{\"@type\":\"ListItem\",\"position\":2,\"name\":\"Fiscal\u00eda judicializ\u00f3 a un patrullero de la Polic\u00eda por concusi\u00f3n en Tumaco\u00a0(Nari\u00f1o)\u00a0\"}]},{\"@type\":\"WebSite\",\"@id\":\"https:\/\/www.fiscalia.gov.co\/colombia\/#website\",\"url\":\"https:\/\/www.fiscalia.gov.co\/colombia\/\",\"name\":\"Fiscal\u00eda General de la Naci\u00f3n\",\"description\":\"P\u00e1gina oficial de la Fiscal\u00eda General de la Naci\u00f3n \u2013 Colombia. Garantizamos el acceso efectivo a la justicia, la verdad y la reparaci\u00f3n de las v\u00edctimas de los delitos.\",\"publisher\":{\"@id\":\"https:\/\/www.fiscalia.gov.co\/colombia\/#organization\"},\"potentialAction\":[{\"@type\":\"SearchAction\",\"target\":{\"@type\":\"EntryPoint\",\"urlTemplate\":\"https:\/\/www.fiscalia.gov.co\/colombia\/?s={search_term_string}\"},\"query-input\":{\"@type\":\"PropertyValueSpecification\",\"valueRequired\":true,\"valueName\":\"search_term_string\"}}],\"inLanguage\":\"es-CO\"},{\"@type\":\"Organization\",\"@id\":\"https:\/\/www.fiscalia.gov.co\/colombia\/#organization\",\"name\":\"Fiscal\u00eda General de la Naci\u00f3n\",\"url\":\"https:\/\/www.fiscalia.gov.co\/colombia\/\",\"logo\":{\"@type\":\"ImageObject\",\"inLanguage\":\"es-CO\",\"@id\":\"https:\/\/www.fiscalia.gov.co\/colombia\/#\/schema\/logo\/image\/\",\"url\":\"https:\/\/www.fiscalia.gov.co\/colombia\/wp-content\/uploads\/LogoHorizontal_1.jpg\",\"contentUrl\":\"https:\/\/www.fiscalia.gov.co\/colombia\/wp-content\/uploads\/LogoHorizontal_1.jpg\",\"width\":300,\"height\":90,\"caption\":\"Fiscal\u00eda General de la Naci\u00f3n\"},\"image\":{\"@id\":\"https:\/\/www.fiscalia.gov.co\/colombia\/#\/schema\/logo\/image\/\"},\"sameAs\":[\"https:\/\/www.facebook.com\/FiscaliaCol\",\"https:\/\/x.com\/FiscaliaCol\",\"https:\/\/www.instagram.com\/fiscaliacol\",\"https:\/\/www.linkedin.com\/company\/fiscalia-general-de-la-naci-n\/\",\"https:\/\/youtube.com\/@fiscaliageneraldelanacion-4668?si=6nN79nyQICPU5iTh\"]},{\"@type\":\"Person\",\"@id\":\"https:\/\/www.fiscalia.gov.co\/colombia\/#\/schema\/person\/b19b49f26569f91393176a2b3d13a0e5\",\"name\":\"Johanna Black Prieto Pe\u00f1a\",\"image\":{\"@type\":\"ImageObject\",\"inLanguage\":\"es-CO\",\"@id\":\"https:\/\/www.fiscalia.gov.co\/colombia\/#\/schema\/person\/image\/\",\"url\":\"https:\/\/secure.gravatar.com\/avatar\/7f04518e1774335e76d761d76f04003e?s=96&d=mm&r=g\",\"contentUrl\":\"https:\/\/secure.gravatar.com\/avatar\/7f04518e1774335e76d761d76f04003e?s=96&d=mm&r=g\",\"caption\":\"Johanna Black Prieto Pe\u00f1a\"},\"url\":\"https:\/\/www.fiscalia.gov.co\/colombia\/author\/jprieto\/\"}]}<\/script>\n<!-- \/ Yoast SEO plugin. -->","yoast_head_json":{"title":"Fiscal\u00eda General de la Naci\u00f3n","description":"P\u00e1gina oficial de la Fiscal\u00eda General de la Naci\u00f3n \u2013 Colombia. Garantizamos el acceso efectivo a la justicia, la verdad y la reparaci\u00f3n de las v\u00edctimas de los delitos.","robots":{"index":"noindex","follow":"follow"},"og_locale":"es_ES","og_type":"article","og_title":"Fiscal\u00eda General de la Naci\u00f3n","og_description":"P\u00e1gina oficial de la Fiscal\u00eda General de la Naci\u00f3n \u2013 Colombia. Garantizamos el acceso efectivo a la justicia, la verdad y la reparaci\u00f3n de las v\u00edctimas de los delitos.","og_url":"https:\/\/www.fiscalia.gov.co\/colombia\/noticias\/fiscalia-judicializo-a-un-patrullero-de-la-policia-por-concusion-en-tumaco-narino\/","og_site_name":"Fiscal\u00eda General de la Naci\u00f3n","article_publisher":"https:\/\/www.facebook.com\/FiscaliaCol","article_published_time":"2022-02-07T16:35:59+00:00","article_modified_time":"2022-02-07T17:06:43+00:00","author":"Johanna Black Prieto Pe\u00f1a","twitter_card":"summary_large_image","twitter_creator":"@FiscaliaCol","twitter_site":"@FiscaliaCol","twitter_misc":{"Escrito por":"Johanna Black Prieto Pe\u00f1a","Tiempo de lectura":"3 minutos"},"schema":{"@context":"https:\/\/schema.org","@graph":[{"@type":"Article","@id":"https:\/\/www.fiscalia.gov.co\/colombia\/noticias\/fiscalia-judicializo-a-un-patrullero-de-la-policia-por-concusion-en-tumaco-narino\/#article","isPartOf":{"@id":"https:\/\/www.fiscalia.gov.co\/colombia\/noticias\/fiscalia-judicializo-a-un-patrullero-de-la-policia-por-concusion-en-tumaco-narino\/"},"author":{"name":"Johanna Black Prieto Pe\u00f1a","@id":"https:\/\/www.fiscalia.gov.co\/colombia\/#\/schema\/person\/b19b49f26569f91393176a2b3d13a0e5"},"headline":"Fiscal\u00eda judicializ\u00f3 a un patrullero de la Polic\u00eda por concusi\u00f3n en Tumaco\u00a0(Nari\u00f1o)\u00a0","datePublished":"2022-02-07T16:35:59+00:00","dateModified":"2022-02-07T17:06:43+00:00","mainEntityOfPage":{"@id":"https:\/\/www.fiscalia.gov.co\/colombia\/noticias\/fiscalia-judicializo-a-un-patrullero-de-la-policia-por-concusion-en-tumaco-narino\/"},"wordCount":615,"publisher":{"@id":"https:\/\/www.fiscalia.gov.co\/colombia\/#organization"},"keywords":["Concusi\u00f3n","exigirle el pago","Fiscal Barbosa Delgado","Fiscal General Francisco Barbosa","Fiscal General Francisco Barbosa Delgado","Fiscal\u00eda de Colombia","Fiscal\u00eda General de la Naci\u00f3n"],"articleSection":["Corrupci\u00f3n","Corrupci\u00f3n","Noticias","Seccional Pasto","Seguridad territorial"],"inLanguage":"es-CO"},{"@type":"WebPage","@id":"https:\/\/www.fiscalia.gov.co\/colombia\/noticias\/fiscalia-judicializo-a-un-patrullero-de-la-policia-por-concusion-en-tumaco-narino\/","url":"https:\/\/www.fiscalia.gov.co\/colombia\/noticias\/fiscalia-judicializo-a-un-patrullero-de-la-policia-por-concusion-en-tumaco-narino\/","name":"Fiscal\u00eda General de la Naci\u00f3n","isPartOf":{"@id":"https:\/\/www.fiscalia.gov.co\/colombia\/#website"},"datePublished":"2022-02-07T16:35:59+00:00","dateModified":"2022-02-07T17:06:43+00:00","description":"P\u00e1gina oficial de la Fiscal\u00eda General de la Naci\u00f3n \u2013 Colombia. Garantizamos el acceso efectivo a la justicia, la verdad y la reparaci\u00f3n de las v\u00edctimas de los delitos.","breadcrumb":{"@id":"https:\/\/www.fiscalia.gov.co\/colombia\/noticias\/fiscalia-judicializo-a-un-patrullero-de-la-policia-por-concusion-en-tumaco-narino\/#breadcrumb"},"inLanguage":"es-CO","potentialAction":[{"@type":"ReadAction","target":["https:\/\/www.fiscalia.gov.co\/colombia\/noticias\/fiscalia-judicializo-a-un-patrullero-de-la-policia-por-concusion-en-tumaco-narino\/"]}]},{"@type":"BreadcrumbList","@id":"https:\/\/www.fiscalia.gov.co\/colombia\/noticias\/fiscalia-judicializo-a-un-patrullero-de-la-policia-por-concusion-en-tumaco-narino\/#breadcrumb","itemListElement":[{"@type":"ListItem","position":1,"name":"Home","item":"https:\/\/www.fiscalia.gov.co\/colombia\/"},{"@type":"ListItem","position":2,"name":"Fiscal\u00eda judicializ\u00f3 a un patrullero de la Polic\u00eda por concusi\u00f3n en Tumaco\u00a0(Nari\u00f1o)\u00a0"}]},{"@type":"WebSite","@id":"https:\/\/www.fiscalia.gov.co\/colombia\/#website","url":"https:\/\/www.fiscalia.gov.co\/colombia\/","name":"Fiscal\u00eda General de la Naci\u00f3n","description":"P\u00e1gina oficial de la Fiscal\u00eda General de la Naci\u00f3n \u2013 Colombia. Garantizamos el acceso efectivo a la justicia, la verdad y la reparaci\u00f3n de las v\u00edctimas de los delitos.","publisher":{"@id":"https:\/\/www.fiscalia.gov.co\/colombia\/#organization"},"potentialAction":[{"@type":"SearchAction","target":{"@type":"EntryPoint","urlTemplate":"https:\/\/www.fiscalia.gov.co\/colombia\/?s={search_term_string}"},"query-input":{"@type":"PropertyValueSpecification","valueRequired":true,"valueName":"search_term_string"}}],"inLanguage":"es-CO"},{"@type":"Organization","@id":"https:\/\/www.fiscalia.gov.co\/colombia\/#organization","name":"Fiscal\u00eda General de la Naci\u00f3n","url":"https:\/\/www.fiscalia.gov.co\/colombia\/","logo":{"@type":"ImageObject","inLanguage":"es-CO","@id":"https:\/\/www.fiscalia.gov.co\/colombia\/#\/schema\/logo\/image\/","url":"https:\/\/www.fiscalia.gov.co\/colombia\/wp-content\/uploads\/LogoHorizontal_1.jpg","contentUrl":"https:\/\/www.fiscalia.gov.co\/colombia\/wp-content\/uploads\/LogoHorizontal_1.jpg","width":300,"height":90,"caption":"Fiscal\u00eda General de la Naci\u00f3n"},"image":{"@id":"https:\/\/www.fiscalia.gov.co\/colombia\/#\/schema\/logo\/image\/"},"sameAs":["https:\/\/www.facebook.com\/FiscaliaCol","https:\/\/x.com\/FiscaliaCol","https:\/\/www.instagram.com\/fiscaliacol","https:\/\/www.linkedin.com\/company\/fiscalia-general-de-la-naci-n\/","https:\/\/youtube.com\/@fiscaliageneraldelanacion-4668?si=6nN79nyQICPU5iTh"]},{"@type":"Person","@id":"https:\/\/www.fiscalia.gov.co\/colombia\/#\/schema\/person\/b19b49f26569f91393176a2b3d13a0e5","name":"Johanna Black Prieto Pe\u00f1a","image":{"@type":"ImageObject","inLanguage":"es-CO","@id":"https:\/\/www.fiscalia.gov.co\/colombia\/#\/schema\/person\/image\/","url":"https:\/\/secure.gravatar.com\/avatar\/7f04518e1774335e76d761d76f04003e?s=96&d=mm&r=g","contentUrl":"https:\/\/secure.gravatar.com\/avatar\/7f04518e1774335e76d761d76f04003e?s=96&d=mm&r=g","caption":"Johanna Black Prieto Pe\u00f1a"},"url":"https:\/\/www.fiscalia.gov.co\/colombia\/author\/jprieto\/"}]}},"_links":{"self":[{"href":"https:\/\/www.fiscalia.gov.co\/colombia\/wp-json\/wp\/v2\/posts\/240136","targetHints":{"allow":["GET"]}}],"collection":[{"href":"https:\/\/www.fiscalia.gov.co\/colombia\/wp-json\/wp\/v2\/posts"}],"about":[{"href":"https:\/\/www.fiscalia.gov.co\/colombia\/wp-json\/wp\/v2\/types\/post"}],"author":[{"embeddable":true,"href":"https:\/\/www.fiscalia.gov.co\/colombia\/wp-json\/wp\/v2\/users\/176"}],"replies":[{"embeddable":true,"href":"https:\/\/www.fiscalia.gov.co\/colombia\/wp-json\/wp\/v2\/comments?post=240136"}],"version-history":[{"count":1,"href":"https:\/\/www.fiscalia.gov.co\/colombia\/wp-json\/wp\/v2\/posts\/240136\/revisions"}],"predecessor-version":[{"id":240138,"href":"https:\/\/www.fiscalia.gov.co\/colombia\/wp-json\/wp\/v2\/posts\/240136\/revisions\/240138"}],"wp:attachment":[{"href":"https:\/\/www.fiscalia.gov.co\/colombia\/wp-json\/wp\/v2\/media?parent=240136"}],"wp:term":[{"taxonomy":"category","embeddable":true,"href":"https:\/\/www.fiscalia.gov.co\/colombia\/wp-json\/wp\/v2\/categories?post=240136"},{"taxonomy":"post_tag","embeddable":true,"href":"https:\/\/www.fiscalia.gov.co\/colombia\/wp-json\/wp\/v2\/tags?post=240136"}],"curies":[{"name":"wp","href":"https:\/\/api.w.org\/{rel}","templated":true}]}}