{"id":240059,"date":"2022-02-05T10:15:42","date_gmt":"2022-02-05T15:15:42","guid":{"rendered":"https:\/\/www.fiscalia.gov.co\/colombia\/?p=240059"},"modified":"2022-02-10T22:00:38","modified_gmt":"2022-02-11T03:00:38","slug":"con-destruccion-de-120-kilos-de-explosivo-anfo-fiscalia-y-ejercito-frustran-ataque-terrorista-que-seria-perpetrado-en-tumaco","status":"publish","type":"post","link":"https:\/\/www.fiscalia.gov.co\/colombia\/noticias\/con-destruccion-de-120-kilos-de-explosivo-anfo-fiscalia-y-ejercito-frustran-ataque-terrorista-que-seria-perpetrado-en-tumaco\/","title":{"rendered":"Con destrucci\u00f3n de 120 kilos de explosivo Anfo, Fiscal\u00eda y Ej\u00e9rcito frustran ataque terrorista que ser\u00eda perpetrado en Tumaco"},"content":{"rendered":"<p class=\"s7\"><span class=\"s5\"><span class=\"bumpedFont15\">Servidores del Cuerpo T\u00e9cnico de Investigaci\u00f3n<\/span><\/span><span class=\"s5\"><span class=\"bumpedFont15\"> (C<\/span><\/span><span class=\"s5\"><span class=\"bumpedFont15\">TI<\/span><\/span><span class=\"s5\"><span class=\"bumpedFont15\">) de la Fiscal\u00eda<\/span><\/span><span class=\"s5\"><span class=\"bumpedFont15\">,<\/span><\/span><span class=\"s5\"><span class=\"bumpedFont15\"> en conjunto con <\/span><\/span><span class=\"s5\"><span class=\"bumpedFont15\">unidades del Ej\u00e9rcito Nacional, destruyeron <\/span><\/span><span class=\"s8\"><span class=\"bumpedFont15\">120 kilos de\u00a0Anfo<\/span><\/span><span class=\"s8\"><span class=\"bumpedFont15\">,<\/span><\/span><span class=\"s8\"><span class=\"bumpedFont15\"> explosivo<\/span><\/span><span class=\"s8\"><span class=\"bumpedFont15\">\u00a0de alto poder, <\/span><\/span><span class=\"s8\"><span class=\"bumpedFont15\">que fueron hallados dentro de un recipiente pl\u00e1stico<\/span><\/span><span class=\"s8\"><span class=\"bumpedFont15\"> en un sector de la vereda Agua Clara, <\/span><\/span><span class=\"s8\"><span class=\"bumpedFont15\">por la v\u00eda que de Tumaco conduce a Pasto (Nari\u00f1o).<\/span><\/span><\/p>\n<figure id=\"attachment_240075\" aria-describedby=\"caption-attachment-240075\" style=\"width: 696px\" class=\"wp-caption alignnone\"><img loading=\"lazy\" decoding=\"async\" class=\"size-large wp-image-240075\" src=\"https:\/\/www.fiscalia.gov.co\/colombia\/wp-content\/uploads\/explosivo-anfo-Narino_ELN1-1024x768.jpeg\" alt=\"\" width=\"696\" height=\"522\" srcset=\"https:\/\/www.fiscalia.gov.co\/colombia\/wp-content\/uploads\/explosivo-anfo-Narino_ELN1-1024x768.jpeg 1024w, https:\/\/www.fiscalia.gov.co\/colombia\/wp-content\/uploads\/explosivo-anfo-Narino_ELN1-300x225.jpeg 300w, https:\/\/www.fiscalia.gov.co\/colombia\/wp-content\/uploads\/explosivo-anfo-Narino_ELN1-768x576.jpeg 768w, https:\/\/www.fiscalia.gov.co\/colombia\/wp-content\/uploads\/explosivo-anfo-Narino_ELN1-696x522.jpeg 696w, https:\/\/www.fiscalia.gov.co\/colombia\/wp-content\/uploads\/explosivo-anfo-Narino_ELN1-1068x801.jpeg 1068w, https:\/\/www.fiscalia.gov.co\/colombia\/wp-content\/uploads\/explosivo-anfo-Narino_ELN1-560x420.jpeg 560w, https:\/\/www.fiscalia.gov.co\/colombia\/wp-content\/uploads\/explosivo-anfo-Narino_ELN1-80x60.jpeg 80w, https:\/\/www.fiscalia.gov.co\/colombia\/wp-content\/uploads\/explosivo-anfo-Narino_ELN1-265x198.jpeg 265w, https:\/\/www.fiscalia.gov.co\/colombia\/wp-content\/uploads\/explosivo-anfo-Narino_ELN1.jpeg 1280w\" sizes=\"auto, (max-width: 696px) 100vw, 696px\" \/><figcaption id=\"caption-attachment-240075\" class=\"wp-caption-text\"><strong>Los 120 kilos de Anfo, pertenecientes al ELN, iban a ser utilizados en Tumaco para realizar una oleada terrorista contra instalaciones militares, policiales, la Fiscal\u00eda, el aeropuerto y la refiner\u00eda de Ecopetrol.<\/strong><\/figcaption><\/figure>\n<p class=\"s7\"><span class=\"s8\"><span class=\"bumpedFont15\">De acuerdo con la investigaci\u00f3n, el explosivo industrial iba a ser utilizado en atentados terroristas<\/span><\/span><span class=\"s8\"><span class=\"bumpedFont15\">,<\/span><\/span> <span class=\"s8\"><span class=\"bumpedFont15\">al parecer <\/span><\/span><span class=\"s8\"><span class=\"bumpedFont15\">por guerrilleros de la compa\u00f1\u00eda Jaime To\u00f1o Obando<\/span><\/span><span class=\"s8\"><span class=\"bumpedFont15\"> d<\/span><\/span><span class=\"s8\"><span class=\"bumpedFont15\">el <\/span><\/span><span class=\"s8\"><span class=\"bumpedFont15\">grupo armado<\/span><\/span><span class=\"s8\"><span class=\"bumpedFont15\">\u00a0ELN, contra instalaciones<\/span><\/span><span class=\"s8\"><span class=\"bumpedFont15\"> de diferentes instituciones <\/span><\/span><span class=\"s8\"><span class=\"bumpedFont15\">en <\/span><\/span><span class=\"s8\"><span class=\"bumpedFont15\">el municipio de <\/span><\/span><span class=\"s8\"><span class=\"bumpedFont15\">Tumaco<\/span><\/span><span class=\"s8\"><span class=\"bumpedFont15\">.<\/span><\/span><\/p>\n<p class=\"s7\"><span class=\"s8\"><span class=\"bumpedFont15\">El ente acusador recaud\u00f3 informaci\u00f3n sobre las coordenadas donde fue hallado <\/span><\/span><span class=\"s8\"><span class=\"bumpedFont15\">un dep\u00f3sito ilegal de armas<\/span><\/span><span class=\"s8\"><span class=\"bumpedFont15\"> y en \u00e9l, la caneca<\/span><\/span><span class=\"s8\"><span class=\"bumpedFont15\">con Anfo.<\/span><\/span><\/p>\n<p class=\"s7\"><span class=\"s5\"><span class=\"bumpedFont15\">Un fiscal de la Seccional Nari\u00f1o <\/span><\/span><span class=\"s5\"><span class=\"bumpedFont15\">abri\u00f3 una investigaci\u00f3n por el delito de fabricaci\u00f3n, tr\u00e1fico, y porte de armas de fuego, accesorios, partes<\/span><\/span><span class=\"s5\"><span class=\"bumpedFont15\">,<\/span><\/span><span class=\"s5\"><span class=\"bumpedFont15\"> municiones y explosivos.\u00a0<\/span><\/span><\/p>\n<p class=\"s7\">Con esta acci\u00f3n se logr\u00f3 frustrar una oleada terrorista que afectar\u00eda al puerto nari\u00f1ense.<\/p>\n<p class=\"s10\"><span class=\"s9\"><span class=\"bumpedFont15\">La Fiscal\u00eda habla con resultados.<\/span><\/span><\/p>\n<p class=\"s4\"><span class=\"s5\"><span class=\"bumpedFont15\">JGPV\/LV\/DLBM\/MRC<\/span><\/span><\/p>\n<p class=\"x_x_MsoNormal\">Le puede interesar:\u00a0<a href=\"https:\/\/www.fiscalia.gov.co\/colombia\/noticias\/a-la-carcel-presunto-integrante-del-eln-que-estaria-vinculado-a-atentados-contra-la-fuerza-publica-en-arauca\/\" target=\"_blank\" rel=\"noopener noreferrer\" data-auth=\"NotApplicable\" data-linkindex=\"2\">A la c\u00e1rcel presunto integrante del ELN que estar\u00eda vinculado a atentados contra la fuerza p\u00fablica en Arauca<\/a><\/p>\n<p class=\"x_x_MsoNormal\"><b>\u00a0<\/b><\/p>\n\n<div class=\"twitter-share\"><a href=\"https:\/\/twitter.com\/intent\/tweet?via=fiscaliacol\" class=\"twitter-share-button\">Tweet<\/a><\/div>\n","protected":false},"excerpt":{"rendered":"<p>Servidores del Cuerpo T\u00e9cnico de Investigaci\u00f3n (CTI) de la Fiscal\u00eda, en conjunto con unidades del Ej\u00e9rcito Nacional, destruyeron 120 kilos de\u00a0Anfo, explosivo\u00a0de alto poder, que fueron hallados dentro de un recipiente pl\u00e1stico en un sector de la vereda Agua Clara, por la v\u00eda que de Tumaco conduce a Pasto (Nari\u00f1o). De acuerdo con la investigaci\u00f3n, [&hellip;]<\/p>\n","protected":false},"author":162,"featured_media":240648,"comment_status":"closed","ping_status":"open","sticky":false,"template":"","format":"video","meta":{"tdm_status":"","tdm_grid_status":"","footnotes":""},"categories":[1,334,303],"tags":[15462,25931,762,24526,24481,1047],"class_list":{"0":"post-240059","1":"post","2":"type-post","3":"status-publish","4":"format-video","5":"has-post-thumbnail","7":"category-noticias","8":"category-seccional-pasto","9":"category-seccionales","10":"tag-anfo","11":"tag-ejercito-de-liberacion-nacional","12":"tag-eln","13":"tag-fiscal-general-francisco-barbosa-delgado","14":"tag-fiscalia-de-colombia","15":"tag-fiscalia-general-de-la-nacion","16":"post_format-post-format-video"},"yoast_head":"<!-- This site is optimized with the Yoast SEO plugin v24.3 - https:\/\/yoast.com\/wordpress\/plugins\/seo\/ -->\n<title>Fiscal\u00eda General de la Naci\u00f3n<\/title>\n<meta name=\"description\" content=\"P\u00e1gina oficial de la Fiscal\u00eda General de la Naci\u00f3n \u2013 Colombia. Garantizamos el acceso efectivo a la justicia, la verdad y la reparaci\u00f3n de las v\u00edctimas de los delitos.\" \/>\n<meta name=\"robots\" content=\"noindex, follow\" \/>\n<meta property=\"og:locale\" content=\"es_ES\" \/>\n<meta property=\"og:type\" content=\"article\" \/>\n<meta property=\"og:title\" content=\"Fiscal\u00eda General de la Naci\u00f3n\" \/>\n<meta property=\"og:description\" content=\"P\u00e1gina oficial de la Fiscal\u00eda General de la Naci\u00f3n \u2013 Colombia. Garantizamos el acceso efectivo a la justicia, la verdad y la reparaci\u00f3n de las v\u00edctimas de los delitos.\" \/>\n<meta property=\"og:url\" content=\"https:\/\/www.fiscalia.gov.co\/colombia\/noticias\/con-destruccion-de-120-kilos-de-explosivo-anfo-fiscalia-y-ejercito-frustran-ataque-terrorista-que-seria-perpetrado-en-tumaco\/\" \/>\n<meta property=\"og:site_name\" content=\"Fiscal\u00eda General de la Naci\u00f3n\" \/>\n<meta property=\"article:publisher\" content=\"https:\/\/www.facebook.com\/FiscaliaCol\" \/>\n<meta property=\"article:published_time\" content=\"2022-02-05T15:15:42+00:00\" \/>\n<meta property=\"article:modified_time\" content=\"2022-02-11T03:00:38+00:00\" \/>\n<meta property=\"og:image\" content=\"https:\/\/www.fiscalia.gov.co\/colombia\/wp-content\/uploads\/maxresdefault-334.jpg\" \/>\n\t<meta property=\"og:image:width\" content=\"1280\" \/>\n\t<meta property=\"og:image:height\" content=\"720\" \/>\n\t<meta property=\"og:image:type\" content=\"image\/jpeg\" \/>\n<meta name=\"author\" content=\"Direcci\u00f3n de Comunicaciones Fiscal\u00eda General de la Naci\u00f3n\" \/>\n<meta name=\"twitter:card\" content=\"summary_large_image\" \/>\n<meta name=\"twitter:creator\" content=\"@FiscaliaCol\" \/>\n<meta name=\"twitter:site\" content=\"@FiscaliaCol\" \/>\n<meta name=\"twitter:label1\" content=\"Escrito por\" \/>\n\t<meta name=\"twitter:data1\" content=\"Direcci\u00f3n de Comunicaciones Fiscal\u00eda General de la Naci\u00f3n\" \/>\n\t<meta name=\"twitter:label2\" content=\"Tiempo de lectura\" \/>\n\t<meta name=\"twitter:data2\" content=\"1 minuto\" \/>\n<script type=\"application\/ld+json\" class=\"yoast-schema-graph\">{\"@context\":\"https:\/\/schema.org\",\"@graph\":[{\"@type\":\"Article\",\"@id\":\"https:\/\/www.fiscalia.gov.co\/colombia\/noticias\/con-destruccion-de-120-kilos-de-explosivo-anfo-fiscalia-y-ejercito-frustran-ataque-terrorista-que-seria-perpetrado-en-tumaco\/#article\",\"isPartOf\":{\"@id\":\"https:\/\/www.fiscalia.gov.co\/colombia\/noticias\/con-destruccion-de-120-kilos-de-explosivo-anfo-fiscalia-y-ejercito-frustran-ataque-terrorista-que-seria-perpetrado-en-tumaco\/\"},\"author\":{\"name\":\"Direcci\u00f3n de Comunicaciones Fiscal\u00eda General de la Naci\u00f3n\",\"@id\":\"https:\/\/www.fiscalia.gov.co\/colombia\/#\/schema\/person\/bf28d8ae7f1b287bbe3af484b04f43ea\"},\"headline\":\"Con destrucci\u00f3n de 120 kilos de explosivo Anfo, Fiscal\u00eda y Ej\u00e9rcito frustran ataque terrorista que ser\u00eda perpetrado en Tumaco\",\"datePublished\":\"2022-02-05T15:15:42+00:00\",\"dateModified\":\"2022-02-11T03:00:38+00:00\",\"mainEntityOfPage\":{\"@id\":\"https:\/\/www.fiscalia.gov.co\/colombia\/noticias\/con-destruccion-de-120-kilos-de-explosivo-anfo-fiscalia-y-ejercito-frustran-ataque-terrorista-que-seria-perpetrado-en-tumaco\/\"},\"wordCount\":270,\"publisher\":{\"@id\":\"https:\/\/www.fiscalia.gov.co\/colombia\/#organization\"},\"image\":{\"@id\":\"https:\/\/www.fiscalia.gov.co\/colombia\/noticias\/con-destruccion-de-120-kilos-de-explosivo-anfo-fiscalia-y-ejercito-frustran-ataque-terrorista-que-seria-perpetrado-en-tumaco\/#primaryimage\"},\"thumbnailUrl\":\"https:\/\/www.fiscalia.gov.co\/colombia\/wp-content\/uploads\/maxresdefault-334.jpg\",\"keywords\":[\"Anfo\",\"Ej\u00e9rcito de Liberaci\u00f3n Nacional\",\"Eln\",\"Fiscal General Francisco Barbosa Delgado\",\"Fiscal\u00eda de Colombia\",\"Fiscal\u00eda General de la Naci\u00f3n\"],\"articleSection\":[\"Noticias\",\"Seccional Pasto\",\"Seccionales\"],\"inLanguage\":\"es-CO\"},{\"@type\":\"WebPage\",\"@id\":\"https:\/\/www.fiscalia.gov.co\/colombia\/noticias\/con-destruccion-de-120-kilos-de-explosivo-anfo-fiscalia-y-ejercito-frustran-ataque-terrorista-que-seria-perpetrado-en-tumaco\/\",\"url\":\"https:\/\/www.fiscalia.gov.co\/colombia\/noticias\/con-destruccion-de-120-kilos-de-explosivo-anfo-fiscalia-y-ejercito-frustran-ataque-terrorista-que-seria-perpetrado-en-tumaco\/\",\"name\":\"Fiscal\u00eda General de la Naci\u00f3n\",\"isPartOf\":{\"@id\":\"https:\/\/www.fiscalia.gov.co\/colombia\/#website\"},\"primaryImageOfPage\":{\"@id\":\"https:\/\/www.fiscalia.gov.co\/colombia\/noticias\/con-destruccion-de-120-kilos-de-explosivo-anfo-fiscalia-y-ejercito-frustran-ataque-terrorista-que-seria-perpetrado-en-tumaco\/#primaryimage\"},\"image\":{\"@id\":\"https:\/\/www.fiscalia.gov.co\/colombia\/noticias\/con-destruccion-de-120-kilos-de-explosivo-anfo-fiscalia-y-ejercito-frustran-ataque-terrorista-que-seria-perpetrado-en-tumaco\/#primaryimage\"},\"thumbnailUrl\":\"https:\/\/www.fiscalia.gov.co\/colombia\/wp-content\/uploads\/maxresdefault-334.jpg\",\"datePublished\":\"2022-02-05T15:15:42+00:00\",\"dateModified\":\"2022-02-11T03:00:38+00:00\",\"description\":\"P\u00e1gina oficial de la Fiscal\u00eda General de la Naci\u00f3n \u2013 Colombia. Garantizamos el acceso efectivo a la justicia, la verdad y la reparaci\u00f3n de las v\u00edctimas de los delitos.\",\"breadcrumb\":{\"@id\":\"https:\/\/www.fiscalia.gov.co\/colombia\/noticias\/con-destruccion-de-120-kilos-de-explosivo-anfo-fiscalia-y-ejercito-frustran-ataque-terrorista-que-seria-perpetrado-en-tumaco\/#breadcrumb\"},\"inLanguage\":\"es-CO\",\"potentialAction\":[{\"@type\":\"ReadAction\",\"target\":[\"https:\/\/www.fiscalia.gov.co\/colombia\/noticias\/con-destruccion-de-120-kilos-de-explosivo-anfo-fiscalia-y-ejercito-frustran-ataque-terrorista-que-seria-perpetrado-en-tumaco\/\"]}]},{\"@type\":\"ImageObject\",\"inLanguage\":\"es-CO\",\"@id\":\"https:\/\/www.fiscalia.gov.co\/colombia\/noticias\/con-destruccion-de-120-kilos-de-explosivo-anfo-fiscalia-y-ejercito-frustran-ataque-terrorista-que-seria-perpetrado-en-tumaco\/#primaryimage\",\"url\":\"https:\/\/www.fiscalia.gov.co\/colombia\/wp-content\/uploads\/maxresdefault-334.jpg\",\"contentUrl\":\"https:\/\/www.fiscalia.gov.co\/colombia\/wp-content\/uploads\/maxresdefault-334.jpg\",\"width\":1280,\"height\":720},{\"@type\":\"BreadcrumbList\",\"@id\":\"https:\/\/www.fiscalia.gov.co\/colombia\/noticias\/con-destruccion-de-120-kilos-de-explosivo-anfo-fiscalia-y-ejercito-frustran-ataque-terrorista-que-seria-perpetrado-en-tumaco\/#breadcrumb\",\"itemListElement\":[{\"@type\":\"ListItem\",\"position\":1,\"name\":\"Home\",\"item\":\"https:\/\/www.fiscalia.gov.co\/colombia\/\"},{\"@type\":\"ListItem\",\"position\":2,\"name\":\"Con destrucci\u00f3n de 120 kilos de explosivo Anfo, Fiscal\u00eda y Ej\u00e9rcito frustran ataque terrorista que ser\u00eda perpetrado en Tumaco\"}]},{\"@type\":\"WebSite\",\"@id\":\"https:\/\/www.fiscalia.gov.co\/colombia\/#website\",\"url\":\"https:\/\/www.fiscalia.gov.co\/colombia\/\",\"name\":\"Fiscal\u00eda General de la Naci\u00f3n\",\"description\":\"P\u00e1gina oficial de la Fiscal\u00eda General de la Naci\u00f3n \u2013 Colombia. Garantizamos el acceso efectivo a la justicia, la verdad y la reparaci\u00f3n de las v\u00edctimas de los delitos.\",\"publisher\":{\"@id\":\"https:\/\/www.fiscalia.gov.co\/colombia\/#organization\"},\"potentialAction\":[{\"@type\":\"SearchAction\",\"target\":{\"@type\":\"EntryPoint\",\"urlTemplate\":\"https:\/\/www.fiscalia.gov.co\/colombia\/?s={search_term_string}\"},\"query-input\":{\"@type\":\"PropertyValueSpecification\",\"valueRequired\":true,\"valueName\":\"search_term_string\"}}],\"inLanguage\":\"es-CO\"},{\"@type\":\"Organization\",\"@id\":\"https:\/\/www.fiscalia.gov.co\/colombia\/#organization\",\"name\":\"Fiscal\u00eda General de la Naci\u00f3n\",\"url\":\"https:\/\/www.fiscalia.gov.co\/colombia\/\",\"logo\":{\"@type\":\"ImageObject\",\"inLanguage\":\"es-CO\",\"@id\":\"https:\/\/www.fiscalia.gov.co\/colombia\/#\/schema\/logo\/image\/\",\"url\":\"https:\/\/www.fiscalia.gov.co\/colombia\/wp-content\/uploads\/LogoHorizontal_1.jpg\",\"contentUrl\":\"https:\/\/www.fiscalia.gov.co\/colombia\/wp-content\/uploads\/LogoHorizontal_1.jpg\",\"width\":300,\"height\":90,\"caption\":\"Fiscal\u00eda General de la Naci\u00f3n\"},\"image\":{\"@id\":\"https:\/\/www.fiscalia.gov.co\/colombia\/#\/schema\/logo\/image\/\"},\"sameAs\":[\"https:\/\/www.facebook.com\/FiscaliaCol\",\"https:\/\/x.com\/FiscaliaCol\",\"https:\/\/www.instagram.com\/fiscaliacol\",\"https:\/\/www.linkedin.com\/company\/fiscalia-general-de-la-naci-n\/\",\"https:\/\/youtube.com\/@fiscaliageneraldelanacion-4668?si=6nN79nyQICPU5iTh\"]},{\"@type\":\"Person\",\"@id\":\"https:\/\/www.fiscalia.gov.co\/colombia\/#\/schema\/person\/bf28d8ae7f1b287bbe3af484b04f43ea\",\"name\":\"Direcci\u00f3n de Comunicaciones Fiscal\u00eda General de la Naci\u00f3n\",\"image\":{\"@type\":\"ImageObject\",\"inLanguage\":\"es-CO\",\"@id\":\"https:\/\/www.fiscalia.gov.co\/colombia\/#\/schema\/person\/image\/\",\"url\":\"https:\/\/secure.gravatar.com\/avatar\/9d55ae161d32da16dbdd0b380c080a5f?s=96&d=mm&r=g\",\"contentUrl\":\"https:\/\/secure.gravatar.com\/avatar\/9d55ae161d32da16dbdd0b380c080a5f?s=96&d=mm&r=g\",\"caption\":\"Direcci\u00f3n de Comunicaciones Fiscal\u00eda General de la Naci\u00f3n\"},\"url\":\"https:\/\/www.fiscalia.gov.co\/colombia\/author\/kbonilla\/\"}]}<\/script>\n<!-- \/ Yoast SEO plugin. -->","yoast_head_json":{"title":"Fiscal\u00eda General de la Naci\u00f3n","description":"P\u00e1gina oficial de la Fiscal\u00eda General de la Naci\u00f3n \u2013 Colombia. Garantizamos el acceso efectivo a la justicia, la verdad y la reparaci\u00f3n de las v\u00edctimas de los delitos.","robots":{"index":"noindex","follow":"follow"},"og_locale":"es_ES","og_type":"article","og_title":"Fiscal\u00eda General de la Naci\u00f3n","og_description":"P\u00e1gina oficial de la Fiscal\u00eda General de la Naci\u00f3n \u2013 Colombia. Garantizamos el acceso efectivo a la justicia, la verdad y la reparaci\u00f3n de las v\u00edctimas de los delitos.","og_url":"https:\/\/www.fiscalia.gov.co\/colombia\/noticias\/con-destruccion-de-120-kilos-de-explosivo-anfo-fiscalia-y-ejercito-frustran-ataque-terrorista-que-seria-perpetrado-en-tumaco\/","og_site_name":"Fiscal\u00eda General de la Naci\u00f3n","article_publisher":"https:\/\/www.facebook.com\/FiscaliaCol","article_published_time":"2022-02-05T15:15:42+00:00","article_modified_time":"2022-02-11T03:00:38+00:00","og_image":[{"width":1280,"height":720,"url":"https:\/\/www.fiscalia.gov.co\/colombia\/wp-content\/uploads\/maxresdefault-334.jpg","type":"image\/jpeg"}],"author":"Direcci\u00f3n de Comunicaciones Fiscal\u00eda General de la Naci\u00f3n","twitter_card":"summary_large_image","twitter_creator":"@FiscaliaCol","twitter_site":"@FiscaliaCol","twitter_misc":{"Escrito por":"Direcci\u00f3n de Comunicaciones Fiscal\u00eda General de la Naci\u00f3n","Tiempo de lectura":"1 minuto"},"schema":{"@context":"https:\/\/schema.org","@graph":[{"@type":"Article","@id":"https:\/\/www.fiscalia.gov.co\/colombia\/noticias\/con-destruccion-de-120-kilos-de-explosivo-anfo-fiscalia-y-ejercito-frustran-ataque-terrorista-que-seria-perpetrado-en-tumaco\/#article","isPartOf":{"@id":"https:\/\/www.fiscalia.gov.co\/colombia\/noticias\/con-destruccion-de-120-kilos-de-explosivo-anfo-fiscalia-y-ejercito-frustran-ataque-terrorista-que-seria-perpetrado-en-tumaco\/"},"author":{"name":"Direcci\u00f3n de Comunicaciones Fiscal\u00eda General de la Naci\u00f3n","@id":"https:\/\/www.fiscalia.gov.co\/colombia\/#\/schema\/person\/bf28d8ae7f1b287bbe3af484b04f43ea"},"headline":"Con destrucci\u00f3n de 120 kilos de explosivo Anfo, Fiscal\u00eda y Ej\u00e9rcito frustran ataque terrorista que ser\u00eda perpetrado en Tumaco","datePublished":"2022-02-05T15:15:42+00:00","dateModified":"2022-02-11T03:00:38+00:00","mainEntityOfPage":{"@id":"https:\/\/www.fiscalia.gov.co\/colombia\/noticias\/con-destruccion-de-120-kilos-de-explosivo-anfo-fiscalia-y-ejercito-frustran-ataque-terrorista-que-seria-perpetrado-en-tumaco\/"},"wordCount":270,"publisher":{"@id":"https:\/\/www.fiscalia.gov.co\/colombia\/#organization"},"image":{"@id":"https:\/\/www.fiscalia.gov.co\/colombia\/noticias\/con-destruccion-de-120-kilos-de-explosivo-anfo-fiscalia-y-ejercito-frustran-ataque-terrorista-que-seria-perpetrado-en-tumaco\/#primaryimage"},"thumbnailUrl":"https:\/\/www.fiscalia.gov.co\/colombia\/wp-content\/uploads\/maxresdefault-334.jpg","keywords":["Anfo","Ej\u00e9rcito de Liberaci\u00f3n Nacional","Eln","Fiscal General Francisco Barbosa Delgado","Fiscal\u00eda de Colombia","Fiscal\u00eda General de la Naci\u00f3n"],"articleSection":["Noticias","Seccional Pasto","Seccionales"],"inLanguage":"es-CO"},{"@type":"WebPage","@id":"https:\/\/www.fiscalia.gov.co\/colombia\/noticias\/con-destruccion-de-120-kilos-de-explosivo-anfo-fiscalia-y-ejercito-frustran-ataque-terrorista-que-seria-perpetrado-en-tumaco\/","url":"https:\/\/www.fiscalia.gov.co\/colombia\/noticias\/con-destruccion-de-120-kilos-de-explosivo-anfo-fiscalia-y-ejercito-frustran-ataque-terrorista-que-seria-perpetrado-en-tumaco\/","name":"Fiscal\u00eda General de la Naci\u00f3n","isPartOf":{"@id":"https:\/\/www.fiscalia.gov.co\/colombia\/#website"},"primaryImageOfPage":{"@id":"https:\/\/www.fiscalia.gov.co\/colombia\/noticias\/con-destruccion-de-120-kilos-de-explosivo-anfo-fiscalia-y-ejercito-frustran-ataque-terrorista-que-seria-perpetrado-en-tumaco\/#primaryimage"},"image":{"@id":"https:\/\/www.fiscalia.gov.co\/colombia\/noticias\/con-destruccion-de-120-kilos-de-explosivo-anfo-fiscalia-y-ejercito-frustran-ataque-terrorista-que-seria-perpetrado-en-tumaco\/#primaryimage"},"thumbnailUrl":"https:\/\/www.fiscalia.gov.co\/colombia\/wp-content\/uploads\/maxresdefault-334.jpg","datePublished":"2022-02-05T15:15:42+00:00","dateModified":"2022-02-11T03:00:38+00:00","description":"P\u00e1gina oficial de la Fiscal\u00eda General de la Naci\u00f3n \u2013 Colombia. Garantizamos el acceso efectivo a la justicia, la verdad y la reparaci\u00f3n de las v\u00edctimas de los delitos.","breadcrumb":{"@id":"https:\/\/www.fiscalia.gov.co\/colombia\/noticias\/con-destruccion-de-120-kilos-de-explosivo-anfo-fiscalia-y-ejercito-frustran-ataque-terrorista-que-seria-perpetrado-en-tumaco\/#breadcrumb"},"inLanguage":"es-CO","potentialAction":[{"@type":"ReadAction","target":["https:\/\/www.fiscalia.gov.co\/colombia\/noticias\/con-destruccion-de-120-kilos-de-explosivo-anfo-fiscalia-y-ejercito-frustran-ataque-terrorista-que-seria-perpetrado-en-tumaco\/"]}]},{"@type":"ImageObject","inLanguage":"es-CO","@id":"https:\/\/www.fiscalia.gov.co\/colombia\/noticias\/con-destruccion-de-120-kilos-de-explosivo-anfo-fiscalia-y-ejercito-frustran-ataque-terrorista-que-seria-perpetrado-en-tumaco\/#primaryimage","url":"https:\/\/www.fiscalia.gov.co\/colombia\/wp-content\/uploads\/maxresdefault-334.jpg","contentUrl":"https:\/\/www.fiscalia.gov.co\/colombia\/wp-content\/uploads\/maxresdefault-334.jpg","width":1280,"height":720},{"@type":"BreadcrumbList","@id":"https:\/\/www.fiscalia.gov.co\/colombia\/noticias\/con-destruccion-de-120-kilos-de-explosivo-anfo-fiscalia-y-ejercito-frustran-ataque-terrorista-que-seria-perpetrado-en-tumaco\/#breadcrumb","itemListElement":[{"@type":"ListItem","position":1,"name":"Home","item":"https:\/\/www.fiscalia.gov.co\/colombia\/"},{"@type":"ListItem","position":2,"name":"Con destrucci\u00f3n de 120 kilos de explosivo Anfo, Fiscal\u00eda y Ej\u00e9rcito frustran ataque terrorista que ser\u00eda perpetrado en Tumaco"}]},{"@type":"WebSite","@id":"https:\/\/www.fiscalia.gov.co\/colombia\/#website","url":"https:\/\/www.fiscalia.gov.co\/colombia\/","name":"Fiscal\u00eda General de la Naci\u00f3n","description":"P\u00e1gina oficial de la Fiscal\u00eda General de la Naci\u00f3n \u2013 Colombia. Garantizamos el acceso efectivo a la justicia, la verdad y la reparaci\u00f3n de las v\u00edctimas de los delitos.","publisher":{"@id":"https:\/\/www.fiscalia.gov.co\/colombia\/#organization"},"potentialAction":[{"@type":"SearchAction","target":{"@type":"EntryPoint","urlTemplate":"https:\/\/www.fiscalia.gov.co\/colombia\/?s={search_term_string}"},"query-input":{"@type":"PropertyValueSpecification","valueRequired":true,"valueName":"search_term_string"}}],"inLanguage":"es-CO"},{"@type":"Organization","@id":"https:\/\/www.fiscalia.gov.co\/colombia\/#organization","name":"Fiscal\u00eda General de la Naci\u00f3n","url":"https:\/\/www.fiscalia.gov.co\/colombia\/","logo":{"@type":"ImageObject","inLanguage":"es-CO","@id":"https:\/\/www.fiscalia.gov.co\/colombia\/#\/schema\/logo\/image\/","url":"https:\/\/www.fiscalia.gov.co\/colombia\/wp-content\/uploads\/LogoHorizontal_1.jpg","contentUrl":"https:\/\/www.fiscalia.gov.co\/colombia\/wp-content\/uploads\/LogoHorizontal_1.jpg","width":300,"height":90,"caption":"Fiscal\u00eda General de la Naci\u00f3n"},"image":{"@id":"https:\/\/www.fiscalia.gov.co\/colombia\/#\/schema\/logo\/image\/"},"sameAs":["https:\/\/www.facebook.com\/FiscaliaCol","https:\/\/x.com\/FiscaliaCol","https:\/\/www.instagram.com\/fiscaliacol","https:\/\/www.linkedin.com\/company\/fiscalia-general-de-la-naci-n\/","https:\/\/youtube.com\/@fiscaliageneraldelanacion-4668?si=6nN79nyQICPU5iTh"]},{"@type":"Person","@id":"https:\/\/www.fiscalia.gov.co\/colombia\/#\/schema\/person\/bf28d8ae7f1b287bbe3af484b04f43ea","name":"Direcci\u00f3n de Comunicaciones Fiscal\u00eda General de la Naci\u00f3n","image":{"@type":"ImageObject","inLanguage":"es-CO","@id":"https:\/\/www.fiscalia.gov.co\/colombia\/#\/schema\/person\/image\/","url":"https:\/\/secure.gravatar.com\/avatar\/9d55ae161d32da16dbdd0b380c080a5f?s=96&d=mm&r=g","contentUrl":"https:\/\/secure.gravatar.com\/avatar\/9d55ae161d32da16dbdd0b380c080a5f?s=96&d=mm&r=g","caption":"Direcci\u00f3n de Comunicaciones Fiscal\u00eda General de la Naci\u00f3n"},"url":"https:\/\/www.fiscalia.gov.co\/colombia\/author\/kbonilla\/"}]}},"_links":{"self":[{"href":"https:\/\/www.fiscalia.gov.co\/colombia\/wp-json\/wp\/v2\/posts\/240059","targetHints":{"allow":["GET"]}}],"collection":[{"href":"https:\/\/www.fiscalia.gov.co\/colombia\/wp-json\/wp\/v2\/posts"}],"about":[{"href":"https:\/\/www.fiscalia.gov.co\/colombia\/wp-json\/wp\/v2\/types\/post"}],"author":[{"embeddable":true,"href":"https:\/\/www.fiscalia.gov.co\/colombia\/wp-json\/wp\/v2\/users\/162"}],"replies":[{"embeddable":true,"href":"https:\/\/www.fiscalia.gov.co\/colombia\/wp-json\/wp\/v2\/comments?post=240059"}],"version-history":[{"count":4,"href":"https:\/\/www.fiscalia.gov.co\/colombia\/wp-json\/wp\/v2\/posts\/240059\/revisions"}],"predecessor-version":[{"id":240076,"href":"https:\/\/www.fiscalia.gov.co\/colombia\/wp-json\/wp\/v2\/posts\/240059\/revisions\/240076"}],"wp:featuredmedia":[{"embeddable":true,"href":"https:\/\/www.fiscalia.gov.co\/colombia\/wp-json\/wp\/v2\/media\/240648"}],"wp:attachment":[{"href":"https:\/\/www.fiscalia.gov.co\/colombia\/wp-json\/wp\/v2\/media?parent=240059"}],"wp:term":[{"taxonomy":"category","embeddable":true,"href":"https:\/\/www.fiscalia.gov.co\/colombia\/wp-json\/wp\/v2\/categories?post=240059"},{"taxonomy":"post_tag","embeddable":true,"href":"https:\/\/www.fiscalia.gov.co\/colombia\/wp-json\/wp\/v2\/tags?post=240059"}],"curies":[{"name":"wp","href":"https:\/\/api.w.org\/{rel}","templated":true}]}}