{"id":239620,"date":"2022-02-02T07:21:17","date_gmt":"2022-02-02T12:21:17","guid":{"rendered":"https:\/\/www.fiscalia.gov.co\/colombia\/?p=239620"},"modified":"2022-02-11T15:39:43","modified_gmt":"2022-02-11T20:39:43","slug":"golpe-a-red-criminal-del-eln-que-estaria-involucrada-en-ataques-terroristas-en-cali-y-otras-acciones-violentas-en-el-suroccidente-del-pais","status":"publish","type":"post","link":"https:\/\/www.fiscalia.gov.co\/colombia\/noticias\/golpe-a-red-criminal-del-eln-que-estaria-involucrada-en-ataques-terroristas-en-cali-y-otras-acciones-violentas-en-el-suroccidente-del-pais\/","title":{"rendered":"Golpe a red criminal del ELN que estar\u00eda involucrada en ataques terroristas en Cali y otras acciones violentas en el suroccidente del pa\u00eds"},"content":{"rendered":"<h4><strong><em>Cinco presuntos integrantes de esta estructura fueron capturados, entre ellos la compa\u00f1era sentimental del m\u00e1ximo cabecilla del frente Jos\u00e9 Mar\u00eda Becerra. Una persona adicional fue detenida en situaci\u00f3n de flagrancia. <\/em><\/strong><\/h4>\n<h4><strong><em>Dos de los procesados habr\u00edan participado en el ataque al componente del ESMAD, el pasado 7 de enero en Cali. Por estos hechos ser\u00e1n imputados en los pr\u00f3ximos d\u00edas.<\/em><\/strong><\/h4>\n<p>&nbsp;<\/p>\n<p>Las acciones investigativas contra las redes criminales que promueven actos terroristas en las ciudades permitieron a la Fiscal\u00eda General de la Naci\u00f3n, en trabajo articulado con la Polic\u00eda Nacional, poner en evidencia una red del ELN que estar\u00eda involucrada en ataques contra la fuerza p\u00fablica en Cali (Valle del Cauca), y diversos hechos violentos en otras poblaciones del sur occidente del pa\u00eds.<\/p>\n<iframe loading=\"lazy\"  id=\"_ytid_33107\"  width=\"696\" height=\"392\"  data-origwidth=\"696\" data-origheight=\"392\" src=\"https:\/\/www.youtube.com\/embed\/KDR5Su-zSn4?enablejsapi=1&autoplay=0&cc_load_policy=0&cc_lang_pref=&iv_load_policy=1&loop=0&modestbranding=0&rel=1&fs=1&playsinline=0&autohide=2&theme=dark&color=red&controls=1&\" class=\"__youtube_prefs__  no-lazyload\" title=\"YouTube player\"  allow=\"fullscreen; accelerometer; autoplay; clipboard-write; encrypted-media; gyroscope; picture-in-picture\" allowfullscreen data-no-lazy=\"1\" data-skipgform_ajax_framebjll=\"\"><\/iframe>\n<p>Cinco presuntos integrantes de una estructura del Frente Jos\u00e9 Mar\u00eda Becerra del ELN fueron capturados en diligencias realizadas en diferentes puntos de la ciudad. Una persona adicional fue detenida en situaci\u00f3n de flagrancia. Le fueron encontradas dos granadas de fragmentaci\u00f3n que estaban acondicionadas para aumentar su poder destructor.<\/p>\n<p>Entre los detenidos est\u00e1n \u00c9lber Platic\u00f3n Cuero, alias Quirik\u00fa; y Hern\u00e1n Pertiara M\u00e1laga, alias Walter, quienes habr\u00edan participado en la planeaci\u00f3n y adaptaci\u00f3n con \u2018metralla\u2019 de una granada M 26 que fue lanzada a una patrulla de la Polic\u00eda Nacional en el barrio Comuneros de Cali, el 28 de mayo de 2020. En este evento resultaron heridos cuatro patrulleros.<\/p>\n<p>Tambi\u00e9n fue capturada Sof\u00eda Campaz Caicedo, alias Mabel o Mabe, compa\u00f1era sentimental del alias Marcos Pac\u00edfico, m\u00e1ximo cabecilla del Frente Jos\u00e9 Mar\u00eda Becerra del ELN. Esta mujer, al parecer, transportaba, custodiaba, transformaba y administraba los dineros il\u00edcitos provenientes de extorsiones, secuestros y narcotr\u00e1fico.<\/p>\n<p>Los estudios financieros dan cuenta de que, a trav\u00e9s de giros, \u2018Mabel\u2019 recibi\u00f3 de manera fraccionada cerca de $235\u2019000.000, entre 2016 y 2021, de los cuales no hay soportes sobre su origen. El material de prueba indica que, supuestamente, fueron destinados para la compra de celulares y abastecer las redes urbanas del ELN en Cali.<\/p>\n<p>Otros detenidos son:<\/p>\n<ul>\n<li>Oliver Obando Sinisterra, alias Venado, un se\u00f1alado integrante activo del ELN que, el pasado 10 de enero, habr\u00eda sido encargado de identificar posiciones y movimientos de la fuerza p\u00fablica, y planear ataques terroristas en Cali.<\/li>\n<li>C\u00e9sar Augusto Garc\u00eda Estupi\u00f1\u00e1n, alias Chavo, presunto responsable de extorsiones, tr\u00e1fico de estupefacientes, ejecuci\u00f3n de homicidios y de coordinar el traslado de armas y v\u00edveres para la estructura criminal.<\/li>\n<li>Jhonmar Obando Alegr\u00eda, capturado en flagrancia con dos granadas de fragmentaci\u00f3n que ocultaba en un inmueble del barrio Limonar de Cali.<\/li>\n<\/ul>\n<p>La Fiscal\u00eda obtuvo abundante evidencia f\u00edsica y t\u00e9cnica, como fotograf\u00edas e interceptaciones telef\u00f3nicas, que dan cuenta de los movimientos constantes de estas personas entre Cali y distintos municipios sobre las costas del Pac\u00edfico en Nari\u00f1o y Cauca, donde est\u00e1n ubicados los campamentos del Frente Jos\u00e9 Mar\u00eda Becerra del ELN.<\/p>\n<p>En ese sentido, una fiscal de la Direcci\u00f3n Especializada contra las Organizaciones Criminales imput\u00f3 a \u2018Quirik\u00fa\u2019, \u2018Walter\u2019, \u2018Venado\u2019 y Chavo\u2019, seg\u00fan su posible nivel de participaci\u00f3n, delitos como: terrorismo; concierto para delinquir agravado con fines de homicidio, terrorismo, tr\u00e1fico de estupefacientes y extorsi\u00f3n; y rebeli\u00f3n. \u2018Mabel\u2019 fue imputada por lavado de activos y rebeli\u00f3n. El capturado en flagrancia fue judicializado por fabricaci\u00f3n, tr\u00e1fico y porte de armas, municiones de uso privativo de las Fuerzas Armadas o explosivos.<\/p>\n<p>Ante la contundencia del material de prueba, una juez de control de garant\u00edas impuso a los seis procesados medida de aseguramiento privativa de la libertad en centro carcelario.<\/p>\n<p><strong><u>Imputaci\u00f3n ataque a ESMAD<\/u><\/strong><\/p>\n<p>Las evidencias obtenidas en diferentes l\u00edneas investigativas que se siguen contra el ELN permiten establecer que dos de los asegurados, \u2018Quirik\u00fa\u2019 y \u2018Venado\u2019, tambi\u00e9n habr\u00edan participado en el atentado a un componente del ESMAD, el pasado 7 de enero en Cali, que dej\u00f3 13 uniformados heridos. De esta manera, en 21 d\u00edas se avanza en el esclarecimiento de esta acci\u00f3n terrorista. En los pr\u00f3ximos d\u00edas, estos dos hombres ser\u00e1n presentados nuevamente ante un juez de control de garant\u00edas y se les imputar\u00e1n estos hechos.<\/p>\n<p>Esta informaci\u00f3n se publica por razones de inter\u00e9s general.<\/p>\n<p>JARG\/CRIO\/DECOC\/JEGT\/MCRC.<\/p>\n<p><strong>La Fiscal\u00eda habla con resultados.<\/strong><\/p>\n<p>&nbsp;<\/p>\n<p><em>La informaci\u00f3n contenida en este bolet\u00edn de prensa corresponde a la narraci\u00f3n de los hechos noticiosos objetivos, suministrados por los funcionarios encargados de adelantar las investigaciones penales al interior de la Fiscal\u00eda General de la Naci\u00f3n. Para el momento de la divulgaci\u00f3n de este comunicado, la situaci\u00f3n jur\u00eddica de la(s) persona(s) relacionada(s) se encuentra pendiente de resolver por la autoridad judicial competente, siempre bajo los preceptos de la presunci\u00f3n de inocencia, consagrados en el art\u00edculo 29 de la Constituci\u00f3n Pol\u00edtica y el art\u00edculo 7\u00ba de la Ley 906 de 2004.\u00a0<\/em><\/p>\n\n<div class=\"twitter-share\"><a href=\"https:\/\/twitter.com\/intent\/tweet?via=fiscaliacol\" class=\"twitter-share-button\">Tweet<\/a><\/div>\n","protected":false},"excerpt":{"rendered":"<p>Cinco presuntos integrantes de esta estructura fueron capturados, entre ellos la compa\u00f1era sentimental del m\u00e1ximo cabecilla del frente Jos\u00e9 Mar\u00eda Becerra. Una persona adicional fue detenida en situaci\u00f3n de flagrancia. [&hellip;]<\/p>\n","protected":false},"author":176,"featured_media":0,"comment_status":"closed","ping_status":"open","sticky":false,"template":"","format":"standard","meta":{"tdm_status":"","tdm_grid_status":"","footnotes":""},"categories":[30398,24098,25128,24096,1],"tags":[24401,24188,24526],"class_list":["post-239620","post","type-post","status-publish","format-standard","category-2-anos-de-resultados","category-crimen-organizado","category-el-fiscal-en-los-territorios","category-fiscal-general-de-la-nacion","category-noticias","tag-fiscal-barbosa-delgado","tag-fiscal-francisco-barbosa","tag-fiscal-general-francisco-barbosa-delgado"],"yoast_head":"<!-- This site is optimized with the Yoast SEO plugin v24.3 - https:\/\/yoast.com\/wordpress\/plugins\/seo\/ -->\n<title>Fiscal\u00eda General de la Naci\u00f3n<\/title>\n<meta name=\"description\" content=\"P\u00e1gina oficial de la Fiscal\u00eda General de la Naci\u00f3n \u2013 Colombia. Garantizamos el acceso efectivo a la justicia, la verdad y la reparaci\u00f3n de las v\u00edctimas de los delitos.\" \/>\n<meta name=\"robots\" content=\"noindex, follow\" \/>\n<meta property=\"og:locale\" content=\"es_ES\" \/>\n<meta property=\"og:type\" content=\"article\" \/>\n<meta property=\"og:title\" content=\"Fiscal\u00eda General de la Naci\u00f3n\" \/>\n<meta property=\"og:description\" content=\"P\u00e1gina oficial de la Fiscal\u00eda General de la Naci\u00f3n \u2013 Colombia. Garantizamos el acceso efectivo a la justicia, la verdad y la reparaci\u00f3n de las v\u00edctimas de los delitos.\" \/>\n<meta property=\"og:url\" content=\"https:\/\/www.fiscalia.gov.co\/colombia\/noticias\/golpe-a-red-criminal-del-eln-que-estaria-involucrada-en-ataques-terroristas-en-cali-y-otras-acciones-violentas-en-el-suroccidente-del-pais\/\" \/>\n<meta property=\"og:site_name\" content=\"Fiscal\u00eda General de la Naci\u00f3n\" \/>\n<meta property=\"article:publisher\" content=\"https:\/\/www.facebook.com\/FiscaliaCol\" \/>\n<meta property=\"article:published_time\" content=\"2022-02-02T12:21:17+00:00\" \/>\n<meta property=\"article:modified_time\" content=\"2022-02-11T20:39:43+00:00\" \/>\n<meta name=\"author\" content=\"Johanna Black Prieto Pe\u00f1a\" \/>\n<meta name=\"twitter:card\" content=\"summary_large_image\" \/>\n<meta name=\"twitter:creator\" content=\"@FiscaliaCol\" \/>\n<meta name=\"twitter:site\" content=\"@FiscaliaCol\" \/>\n<meta name=\"twitter:label1\" content=\"Escrito por\" \/>\n\t<meta name=\"twitter:data1\" content=\"Johanna Black Prieto Pe\u00f1a\" \/>\n\t<meta name=\"twitter:label2\" content=\"Tiempo de lectura\" \/>\n\t<meta name=\"twitter:data2\" content=\"4 minutos\" \/>\n<script type=\"application\/ld+json\" class=\"yoast-schema-graph\">{\"@context\":\"https:\/\/schema.org\",\"@graph\":[{\"@type\":\"Article\",\"@id\":\"https:\/\/www.fiscalia.gov.co\/colombia\/noticias\/golpe-a-red-criminal-del-eln-que-estaria-involucrada-en-ataques-terroristas-en-cali-y-otras-acciones-violentas-en-el-suroccidente-del-pais\/#article\",\"isPartOf\":{\"@id\":\"https:\/\/www.fiscalia.gov.co\/colombia\/noticias\/golpe-a-red-criminal-del-eln-que-estaria-involucrada-en-ataques-terroristas-en-cali-y-otras-acciones-violentas-en-el-suroccidente-del-pais\/\"},\"author\":{\"name\":\"Johanna Black Prieto Pe\u00f1a\",\"@id\":\"https:\/\/www.fiscalia.gov.co\/colombia\/#\/schema\/person\/b19b49f26569f91393176a2b3d13a0e5\"},\"headline\":\"Golpe a red criminal del ELN que estar\u00eda involucrada en ataques terroristas en Cali y otras acciones violentas en el suroccidente del pa\u00eds\",\"datePublished\":\"2022-02-02T12:21:17+00:00\",\"dateModified\":\"2022-02-11T20:39:43+00:00\",\"mainEntityOfPage\":{\"@id\":\"https:\/\/www.fiscalia.gov.co\/colombia\/noticias\/golpe-a-red-criminal-del-eln-que-estaria-involucrada-en-ataques-terroristas-en-cali-y-otras-acciones-violentas-en-el-suroccidente-del-pais\/\"},\"wordCount\":881,\"publisher\":{\"@id\":\"https:\/\/www.fiscalia.gov.co\/colombia\/#organization\"},\"keywords\":[\"Fiscal Barbosa Delgado\",\"Fiscal Francisco Barbosa\",\"Fiscal General Francisco Barbosa Delgado\"],\"articleSection\":[\"2 a\u00f1os de resultados\",\"Crimen organizado\",\"El Fiscal en los territorios\",\"Fiscal General de la Naci\u00f3n\",\"Noticias\"],\"inLanguage\":\"es-CO\"},{\"@type\":\"WebPage\",\"@id\":\"https:\/\/www.fiscalia.gov.co\/colombia\/noticias\/golpe-a-red-criminal-del-eln-que-estaria-involucrada-en-ataques-terroristas-en-cali-y-otras-acciones-violentas-en-el-suroccidente-del-pais\/\",\"url\":\"https:\/\/www.fiscalia.gov.co\/colombia\/noticias\/golpe-a-red-criminal-del-eln-que-estaria-involucrada-en-ataques-terroristas-en-cali-y-otras-acciones-violentas-en-el-suroccidente-del-pais\/\",\"name\":\"Fiscal\u00eda General de la Naci\u00f3n\",\"isPartOf\":{\"@id\":\"https:\/\/www.fiscalia.gov.co\/colombia\/#website\"},\"datePublished\":\"2022-02-02T12:21:17+00:00\",\"dateModified\":\"2022-02-11T20:39:43+00:00\",\"description\":\"P\u00e1gina oficial de la Fiscal\u00eda General de la Naci\u00f3n \u2013 Colombia. Garantizamos el acceso efectivo a la justicia, la verdad y la reparaci\u00f3n de las v\u00edctimas de los delitos.\",\"breadcrumb\":{\"@id\":\"https:\/\/www.fiscalia.gov.co\/colombia\/noticias\/golpe-a-red-criminal-del-eln-que-estaria-involucrada-en-ataques-terroristas-en-cali-y-otras-acciones-violentas-en-el-suroccidente-del-pais\/#breadcrumb\"},\"inLanguage\":\"es-CO\",\"potentialAction\":[{\"@type\":\"ReadAction\",\"target\":[\"https:\/\/www.fiscalia.gov.co\/colombia\/noticias\/golpe-a-red-criminal-del-eln-que-estaria-involucrada-en-ataques-terroristas-en-cali-y-otras-acciones-violentas-en-el-suroccidente-del-pais\/\"]}]},{\"@type\":\"BreadcrumbList\",\"@id\":\"https:\/\/www.fiscalia.gov.co\/colombia\/noticias\/golpe-a-red-criminal-del-eln-que-estaria-involucrada-en-ataques-terroristas-en-cali-y-otras-acciones-violentas-en-el-suroccidente-del-pais\/#breadcrumb\",\"itemListElement\":[{\"@type\":\"ListItem\",\"position\":1,\"name\":\"Home\",\"item\":\"https:\/\/www.fiscalia.gov.co\/colombia\/\"},{\"@type\":\"ListItem\",\"position\":2,\"name\":\"Golpe a red criminal del ELN que estar\u00eda involucrada en ataques terroristas en Cali y otras acciones violentas en el suroccidente del pa\u00eds\"}]},{\"@type\":\"WebSite\",\"@id\":\"https:\/\/www.fiscalia.gov.co\/colombia\/#website\",\"url\":\"https:\/\/www.fiscalia.gov.co\/colombia\/\",\"name\":\"Fiscal\u00eda General de la Naci\u00f3n\",\"description\":\"P\u00e1gina oficial de la Fiscal\u00eda General de la Naci\u00f3n \u2013 Colombia. Garantizamos el acceso efectivo a la justicia, la verdad y la reparaci\u00f3n de las v\u00edctimas de los delitos.\",\"publisher\":{\"@id\":\"https:\/\/www.fiscalia.gov.co\/colombia\/#organization\"},\"potentialAction\":[{\"@type\":\"SearchAction\",\"target\":{\"@type\":\"EntryPoint\",\"urlTemplate\":\"https:\/\/www.fiscalia.gov.co\/colombia\/?s={search_term_string}\"},\"query-input\":{\"@type\":\"PropertyValueSpecification\",\"valueRequired\":true,\"valueName\":\"search_term_string\"}}],\"inLanguage\":\"es-CO\"},{\"@type\":\"Organization\",\"@id\":\"https:\/\/www.fiscalia.gov.co\/colombia\/#organization\",\"name\":\"Fiscal\u00eda General de la Naci\u00f3n\",\"url\":\"https:\/\/www.fiscalia.gov.co\/colombia\/\",\"logo\":{\"@type\":\"ImageObject\",\"inLanguage\":\"es-CO\",\"@id\":\"https:\/\/www.fiscalia.gov.co\/colombia\/#\/schema\/logo\/image\/\",\"url\":\"https:\/\/www.fiscalia.gov.co\/colombia\/wp-content\/uploads\/LogoHorizontal_1.jpg\",\"contentUrl\":\"https:\/\/www.fiscalia.gov.co\/colombia\/wp-content\/uploads\/LogoHorizontal_1.jpg\",\"width\":300,\"height\":90,\"caption\":\"Fiscal\u00eda General de la Naci\u00f3n\"},\"image\":{\"@id\":\"https:\/\/www.fiscalia.gov.co\/colombia\/#\/schema\/logo\/image\/\"},\"sameAs\":[\"https:\/\/www.facebook.com\/FiscaliaCol\",\"https:\/\/x.com\/FiscaliaCol\",\"https:\/\/www.instagram.com\/fiscaliacol\",\"https:\/\/www.linkedin.com\/company\/fiscalia-general-de-la-naci-n\/\",\"https:\/\/youtube.com\/@fiscaliageneraldelanacion-4668?si=6nN79nyQICPU5iTh\"]},{\"@type\":\"Person\",\"@id\":\"https:\/\/www.fiscalia.gov.co\/colombia\/#\/schema\/person\/b19b49f26569f91393176a2b3d13a0e5\",\"name\":\"Johanna Black Prieto Pe\u00f1a\",\"image\":{\"@type\":\"ImageObject\",\"inLanguage\":\"es-CO\",\"@id\":\"https:\/\/www.fiscalia.gov.co\/colombia\/#\/schema\/person\/image\/\",\"url\":\"https:\/\/secure.gravatar.com\/avatar\/7f04518e1774335e76d761d76f04003e?s=96&d=mm&r=g\",\"contentUrl\":\"https:\/\/secure.gravatar.com\/avatar\/7f04518e1774335e76d761d76f04003e?s=96&d=mm&r=g\",\"caption\":\"Johanna Black Prieto Pe\u00f1a\"},\"url\":\"https:\/\/www.fiscalia.gov.co\/colombia\/author\/jprieto\/\"}]}<\/script>\n<!-- \/ Yoast SEO plugin. -->","yoast_head_json":{"title":"Fiscal\u00eda General de la Naci\u00f3n","description":"P\u00e1gina oficial de la Fiscal\u00eda General de la Naci\u00f3n \u2013 Colombia. Garantizamos el acceso efectivo a la justicia, la verdad y la reparaci\u00f3n de las v\u00edctimas de los delitos.","robots":{"index":"noindex","follow":"follow"},"og_locale":"es_ES","og_type":"article","og_title":"Fiscal\u00eda General de la Naci\u00f3n","og_description":"P\u00e1gina oficial de la Fiscal\u00eda General de la Naci\u00f3n \u2013 Colombia. Garantizamos el acceso efectivo a la justicia, la verdad y la reparaci\u00f3n de las v\u00edctimas de los delitos.","og_url":"https:\/\/www.fiscalia.gov.co\/colombia\/noticias\/golpe-a-red-criminal-del-eln-que-estaria-involucrada-en-ataques-terroristas-en-cali-y-otras-acciones-violentas-en-el-suroccidente-del-pais\/","og_site_name":"Fiscal\u00eda General de la Naci\u00f3n","article_publisher":"https:\/\/www.facebook.com\/FiscaliaCol","article_published_time":"2022-02-02T12:21:17+00:00","article_modified_time":"2022-02-11T20:39:43+00:00","author":"Johanna Black Prieto Pe\u00f1a","twitter_card":"summary_large_image","twitter_creator":"@FiscaliaCol","twitter_site":"@FiscaliaCol","twitter_misc":{"Escrito por":"Johanna Black Prieto Pe\u00f1a","Tiempo de lectura":"4 minutos"},"schema":{"@context":"https:\/\/schema.org","@graph":[{"@type":"Article","@id":"https:\/\/www.fiscalia.gov.co\/colombia\/noticias\/golpe-a-red-criminal-del-eln-que-estaria-involucrada-en-ataques-terroristas-en-cali-y-otras-acciones-violentas-en-el-suroccidente-del-pais\/#article","isPartOf":{"@id":"https:\/\/www.fiscalia.gov.co\/colombia\/noticias\/golpe-a-red-criminal-del-eln-que-estaria-involucrada-en-ataques-terroristas-en-cali-y-otras-acciones-violentas-en-el-suroccidente-del-pais\/"},"author":{"name":"Johanna Black Prieto Pe\u00f1a","@id":"https:\/\/www.fiscalia.gov.co\/colombia\/#\/schema\/person\/b19b49f26569f91393176a2b3d13a0e5"},"headline":"Golpe a red criminal del ELN que estar\u00eda involucrada en ataques terroristas en Cali y otras acciones violentas en el suroccidente del pa\u00eds","datePublished":"2022-02-02T12:21:17+00:00","dateModified":"2022-02-11T20:39:43+00:00","mainEntityOfPage":{"@id":"https:\/\/www.fiscalia.gov.co\/colombia\/noticias\/golpe-a-red-criminal-del-eln-que-estaria-involucrada-en-ataques-terroristas-en-cali-y-otras-acciones-violentas-en-el-suroccidente-del-pais\/"},"wordCount":881,"publisher":{"@id":"https:\/\/www.fiscalia.gov.co\/colombia\/#organization"},"keywords":["Fiscal Barbosa Delgado","Fiscal Francisco Barbosa","Fiscal General Francisco Barbosa Delgado"],"articleSection":["2 a\u00f1os de resultados","Crimen organizado","El Fiscal en los territorios","Fiscal General de la Naci\u00f3n","Noticias"],"inLanguage":"es-CO"},{"@type":"WebPage","@id":"https:\/\/www.fiscalia.gov.co\/colombia\/noticias\/golpe-a-red-criminal-del-eln-que-estaria-involucrada-en-ataques-terroristas-en-cali-y-otras-acciones-violentas-en-el-suroccidente-del-pais\/","url":"https:\/\/www.fiscalia.gov.co\/colombia\/noticias\/golpe-a-red-criminal-del-eln-que-estaria-involucrada-en-ataques-terroristas-en-cali-y-otras-acciones-violentas-en-el-suroccidente-del-pais\/","name":"Fiscal\u00eda General de la Naci\u00f3n","isPartOf":{"@id":"https:\/\/www.fiscalia.gov.co\/colombia\/#website"},"datePublished":"2022-02-02T12:21:17+00:00","dateModified":"2022-02-11T20:39:43+00:00","description":"P\u00e1gina oficial de la Fiscal\u00eda General de la Naci\u00f3n \u2013 Colombia. Garantizamos el acceso efectivo a la justicia, la verdad y la reparaci\u00f3n de las v\u00edctimas de los delitos.","breadcrumb":{"@id":"https:\/\/www.fiscalia.gov.co\/colombia\/noticias\/golpe-a-red-criminal-del-eln-que-estaria-involucrada-en-ataques-terroristas-en-cali-y-otras-acciones-violentas-en-el-suroccidente-del-pais\/#breadcrumb"},"inLanguage":"es-CO","potentialAction":[{"@type":"ReadAction","target":["https:\/\/www.fiscalia.gov.co\/colombia\/noticias\/golpe-a-red-criminal-del-eln-que-estaria-involucrada-en-ataques-terroristas-en-cali-y-otras-acciones-violentas-en-el-suroccidente-del-pais\/"]}]},{"@type":"BreadcrumbList","@id":"https:\/\/www.fiscalia.gov.co\/colombia\/noticias\/golpe-a-red-criminal-del-eln-que-estaria-involucrada-en-ataques-terroristas-en-cali-y-otras-acciones-violentas-en-el-suroccidente-del-pais\/#breadcrumb","itemListElement":[{"@type":"ListItem","position":1,"name":"Home","item":"https:\/\/www.fiscalia.gov.co\/colombia\/"},{"@type":"ListItem","position":2,"name":"Golpe a red criminal del ELN que estar\u00eda involucrada en ataques terroristas en Cali y otras acciones violentas en el suroccidente del pa\u00eds"}]},{"@type":"WebSite","@id":"https:\/\/www.fiscalia.gov.co\/colombia\/#website","url":"https:\/\/www.fiscalia.gov.co\/colombia\/","name":"Fiscal\u00eda General de la Naci\u00f3n","description":"P\u00e1gina oficial de la Fiscal\u00eda General de la Naci\u00f3n \u2013 Colombia. Garantizamos el acceso efectivo a la justicia, la verdad y la reparaci\u00f3n de las v\u00edctimas de los delitos.","publisher":{"@id":"https:\/\/www.fiscalia.gov.co\/colombia\/#organization"},"potentialAction":[{"@type":"SearchAction","target":{"@type":"EntryPoint","urlTemplate":"https:\/\/www.fiscalia.gov.co\/colombia\/?s={search_term_string}"},"query-input":{"@type":"PropertyValueSpecification","valueRequired":true,"valueName":"search_term_string"}}],"inLanguage":"es-CO"},{"@type":"Organization","@id":"https:\/\/www.fiscalia.gov.co\/colombia\/#organization","name":"Fiscal\u00eda General de la Naci\u00f3n","url":"https:\/\/www.fiscalia.gov.co\/colombia\/","logo":{"@type":"ImageObject","inLanguage":"es-CO","@id":"https:\/\/www.fiscalia.gov.co\/colombia\/#\/schema\/logo\/image\/","url":"https:\/\/www.fiscalia.gov.co\/colombia\/wp-content\/uploads\/LogoHorizontal_1.jpg","contentUrl":"https:\/\/www.fiscalia.gov.co\/colombia\/wp-content\/uploads\/LogoHorizontal_1.jpg","width":300,"height":90,"caption":"Fiscal\u00eda General de la Naci\u00f3n"},"image":{"@id":"https:\/\/www.fiscalia.gov.co\/colombia\/#\/schema\/logo\/image\/"},"sameAs":["https:\/\/www.facebook.com\/FiscaliaCol","https:\/\/x.com\/FiscaliaCol","https:\/\/www.instagram.com\/fiscaliacol","https:\/\/www.linkedin.com\/company\/fiscalia-general-de-la-naci-n\/","https:\/\/youtube.com\/@fiscaliageneraldelanacion-4668?si=6nN79nyQICPU5iTh"]},{"@type":"Person","@id":"https:\/\/www.fiscalia.gov.co\/colombia\/#\/schema\/person\/b19b49f26569f91393176a2b3d13a0e5","name":"Johanna Black Prieto Pe\u00f1a","image":{"@type":"ImageObject","inLanguage":"es-CO","@id":"https:\/\/www.fiscalia.gov.co\/colombia\/#\/schema\/person\/image\/","url":"https:\/\/secure.gravatar.com\/avatar\/7f04518e1774335e76d761d76f04003e?s=96&d=mm&r=g","contentUrl":"https:\/\/secure.gravatar.com\/avatar\/7f04518e1774335e76d761d76f04003e?s=96&d=mm&r=g","caption":"Johanna Black Prieto Pe\u00f1a"},"url":"https:\/\/www.fiscalia.gov.co\/colombia\/author\/jprieto\/"}]}},"_links":{"self":[{"href":"https:\/\/www.fiscalia.gov.co\/colombia\/wp-json\/wp\/v2\/posts\/239620","targetHints":{"allow":["GET"]}}],"collection":[{"href":"https:\/\/www.fiscalia.gov.co\/colombia\/wp-json\/wp\/v2\/posts"}],"about":[{"href":"https:\/\/www.fiscalia.gov.co\/colombia\/wp-json\/wp\/v2\/types\/post"}],"author":[{"embeddable":true,"href":"https:\/\/www.fiscalia.gov.co\/colombia\/wp-json\/wp\/v2\/users\/176"}],"replies":[{"embeddable":true,"href":"https:\/\/www.fiscalia.gov.co\/colombia\/wp-json\/wp\/v2\/comments?post=239620"}],"version-history":[{"count":2,"href":"https:\/\/www.fiscalia.gov.co\/colombia\/wp-json\/wp\/v2\/posts\/239620\/revisions"}],"predecessor-version":[{"id":239622,"href":"https:\/\/www.fiscalia.gov.co\/colombia\/wp-json\/wp\/v2\/posts\/239620\/revisions\/239622"}],"wp:attachment":[{"href":"https:\/\/www.fiscalia.gov.co\/colombia\/wp-json\/wp\/v2\/media?parent=239620"}],"wp:term":[{"taxonomy":"category","embeddable":true,"href":"https:\/\/www.fiscalia.gov.co\/colombia\/wp-json\/wp\/v2\/categories?post=239620"},{"taxonomy":"post_tag","embeddable":true,"href":"https:\/\/www.fiscalia.gov.co\/colombia\/wp-json\/wp\/v2\/tags?post=239620"}],"curies":[{"name":"wp","href":"https:\/\/api.w.org\/{rel}","templated":true}]}}