{"id":239553,"date":"2022-02-01T14:30:45","date_gmt":"2022-02-01T19:30:45","guid":{"rendered":"https:\/\/www.fiscalia.gov.co\/colombia\/?p=239553"},"modified":"2022-02-01T14:30:45","modified_gmt":"2022-02-01T19:30:45","slug":"fiscalia-judicializo-a-5-presuntos-integrantes-de-los-ipialenos-banda-dedicada-a-la-venta-y-distribucion-de-estupefacientes","status":"publish","type":"post","link":"https:\/\/www.fiscalia.gov.co\/colombia\/noticias\/fiscalia-judicializo-a-5-presuntos-integrantes-de-los-ipialenos-banda-dedicada-a-la-venta-y-distribucion-de-estupefacientes\/","title":{"rendered":"Fiscal\u00eda judicializ\u00f3 a 5 presuntos integrantes de \u2018Los Ipiale\u00f1os\u2019, banda dedicada a la venta y distribuci\u00f3n de estupefacientes\u00a0"},"content":{"rendered":"<h4 style=\"font-weight: 400;\"><strong><em>Se presume que tambi\u00e9n vendr\u00eda comercializando objetos hurtados. <\/em><em>Durante los allanamientos le fueron incautadas sustancias il\u00edcitas, as\u00ed como un arma de fuego, munici\u00f3n, dinero en efectivo y varios tel\u00e9fonos celulares.<\/em>\u00a0<\/strong><\/h4>\n<p>&nbsp;<\/p>\n<p style=\"font-weight: 400;\">La Fiscal\u00eda General de la Naci\u00f3n, a trav\u00e9s de la Seccional Nari\u00f1o, judicializ\u00f3 a 5 presuntos integrantes de la\u00a0<strong>banda delictiva Los Ipiale\u00f1os<\/strong>, quienes no aceptaron su responsabilidad en los delitos de fabricaci\u00f3n, tr\u00e1fico y porte de armas de fuego, accesorios, partes y municiones; tr\u00e1fico, fabricaci\u00f3n o\u00a0<a href=\"https:\/\/www.fiscalia.gov.co\/colombia\/noticias\/fiscalia-desmantelo-la-banda-los-lisos-dedicada-al-trafico-y-porte-de-estupefacientes-en-4-sectores-de-palmira\/\" data-saferedirecturl=\"https:\/\/www.google.com\/url?q=https:\/\/www.fiscalia.gov.co\/colombia\/noticias\/fiscalia-desmantelo-la-banda-los-lisos-dedicada-al-trafico-y-porte-de-estupefacientes-en-4-sectores-de-palmira\/&amp;source=gmail&amp;ust=1643828721833000&amp;usg=AOvVaw14cW7M9XKD84nzCdT7RIIS\">porte de estupefacientes<\/a>; y receptaci\u00f3n.<\/p>\n<figure id=\"attachment_239554\" aria-describedby=\"caption-attachment-239554\" style=\"width: 1280px\" class=\"wp-caption alignnone\"><img loading=\"lazy\" decoding=\"async\" class=\"size-full wp-image-239554\" src=\"https:\/\/www.fiscalia.gov.co\/colombia\/wp-content\/uploads\/Los-ipiale\u00f1os_tr\u00e1fico-estupefacientes-Nari\u00f1o.jpeg\" alt=\"\" width=\"1280\" height=\"983\" srcset=\"https:\/\/www.fiscalia.gov.co\/colombia\/wp-content\/uploads\/Los-ipiale\u00f1os_tr\u00e1fico-estupefacientes-Nari\u00f1o.jpeg 1280w, https:\/\/www.fiscalia.gov.co\/colombia\/wp-content\/uploads\/Los-ipiale\u00f1os_tr\u00e1fico-estupefacientes-Nari\u00f1o-300x230.jpeg 300w, https:\/\/www.fiscalia.gov.co\/colombia\/wp-content\/uploads\/Los-ipiale\u00f1os_tr\u00e1fico-estupefacientes-Nari\u00f1o-1024x786.jpeg 1024w, https:\/\/www.fiscalia.gov.co\/colombia\/wp-content\/uploads\/Los-ipiale\u00f1os_tr\u00e1fico-estupefacientes-Nari\u00f1o-768x590.jpeg 768w, https:\/\/www.fiscalia.gov.co\/colombia\/wp-content\/uploads\/Los-ipiale\u00f1os_tr\u00e1fico-estupefacientes-Nari\u00f1o-696x535.jpeg 696w, https:\/\/www.fiscalia.gov.co\/colombia\/wp-content\/uploads\/Los-ipiale\u00f1os_tr\u00e1fico-estupefacientes-Nari\u00f1o-1068x820.jpeg 1068w, https:\/\/www.fiscalia.gov.co\/colombia\/wp-content\/uploads\/Los-ipiale\u00f1os_tr\u00e1fico-estupefacientes-Nari\u00f1o-547x420.jpeg 547w, https:\/\/www.fiscalia.gov.co\/colombia\/wp-content\/uploads\/Los-ipiale\u00f1os_tr\u00e1fico-estupefacientes-Nari\u00f1o-80x60.jpeg 80w\" sizes=\"auto, (max-width: 1280px) 100vw, 1280px\" \/><figcaption id=\"caption-attachment-239554\" class=\"wp-caption-text\">Los 5 presuntos integrantes de la banda Los Ipiale\u00f1os al parecer utilizaban 3 viviendas para almacenar, vender y distribuir estupefacientes, adem\u00e1s de comercializar objetos hurtados.<\/figcaption><\/figure>\n<p style=\"font-weight: 400;\">Por su parte, un juez de control de garant\u00edas les dict\u00f3\u00a0<strong>medida de aseguramiento<\/strong>\u00a0consistente en detenci\u00f3n preventiva en establecimiento carcelario.<\/p>\n<p style=\"font-weight: 400;\">Se trata de Lucy Adriana Coral Ortega, Kevin Andr\u00e9s Rosero Coral, Brayan Sebasti\u00e1n Rosero Coral, Broan Rolando Mora Paredes y Guillermo Paredes Vallejo.<\/p>\n<p style=\"font-weight: 400;\">De acuerdo con la investigaci\u00f3n, estas personas vendr\u00edan utilizando tres viviendas ubicadas en el\u00a0<strong>casco urbano de Ipiales<\/strong>\u00a0para almacenar estupefacientes y armas. Adem\u00e1s, se evidenci\u00f3 que tambi\u00e9n estar\u00edan comercializando bienes hurtados o incluso intercambi\u00e1ndolos por drogas.<\/p>\n<p style=\"font-weight: 400;\">Agentes de la Sij\u00edn de la Polic\u00eda Nacional realizaron operativos de registro y allanamiento este 28 de enero en los inmuebles, donde incautaron marihuana, base de coca, un\u00a0<a href=\"https:\/\/www.fiscalia.gov.co\/colombia\/noticias\/privado-de-la-libertad-un-hombre-que-presuntamente-portaba-un-revolver-sin-salvoconducto-2\/\" data-saferedirecturl=\"https:\/\/www.google.com\/url?q=https:\/\/www.fiscalia.gov.co\/colombia\/noticias\/privado-de-la-libertad-un-hombre-que-presuntamente-portaba-un-revolver-sin-salvoconducto-2\/&amp;source=gmail&amp;ust=1643828721833000&amp;usg=AOvVaw37t5I2M4sNaTSbrYcysIM-\">rev\u00f3lver calibre 38<\/a>, munici\u00f3n, dinero en efectivo y 5 tel\u00e9fonos celulares.<\/p>\n<p style=\"font-weight: 400;\">La Fiscal\u00eda habla con resultados.<\/p>\n<p style=\"font-weight: 400;\">\n<p style=\"font-weight: 400;\">JGPV\/LV\/DLBM.<\/p>\n<p style=\"font-weight: 400;\">\n<p style=\"font-weight: 400;\"><em>La informaci\u00f3n contenida en este bolet\u00edn de prensa corresponde a la narraci\u00f3n de los hechos noticiosos objetivos, suministrados por los funcionarios encargados de adelantar las investigaciones penales al interior de la Fiscal\u00eda General de la Naci\u00f3n. Para el momento de la divulgaci\u00f3n de este comunicado, la situaci\u00f3n jur\u00eddica de la(s) persona(s) relacionada(s) se encuentra pendiente de resolver por la autoridad judicial competente, siempre bajo los preceptos de la presunci\u00f3n de inocencia, consagrados en el art\u00edculo 29 de la Constituci\u00f3n Pol\u00edtica y el art\u00edculo 7\u00ba de la Ley 906 de 2004.<\/em><\/p>\n<p style=\"font-weight: 400;\">Le puede\u00a0interesar:\u00a0<a href=\"https:\/\/www.fiscalia.gov.co\/colombia\/noticias\/tres-hombres-fueron-cobijados-con-medidas-privativas-de-la-libertad-por-presunto-transporte-y-porte-de-estupefacientes-en-putumayo\/\" data-saferedirecturl=\"https:\/\/www.google.com\/url?q=https:\/\/www.fiscalia.gov.co\/colombia\/noticias\/tres-hombres-fueron-cobijados-con-medidas-privativas-de-la-libertad-por-presunto-transporte-y-porte-de-estupefacientes-en-putumayo\/&amp;source=gmail&amp;ust=1643828721833000&amp;usg=AOvVaw1TkDFnzFBdlIaPcv77Q_64\">Tres hombres fueron cobijados con medidas privativas de la<\/a>\u00a0<u style=\"font-style: inherit; font-weight: inherit;\"><a href=\"https:\/\/www.fiscalia.gov.co\/colombia\/noticias\/tres-hombres-fueron-cobijados-con-medidas-privativas-de-la-libertad-por-presunto-transporte-y-porte-de-estupefacientes-en-putumayo\/\" data-saferedirecturl=\"https:\/\/www.google.com\/url?q=https:\/\/www.fiscalia.gov.co\/colombia\/noticias\/tres-hombres-fueron-cobijados-con-medidas-privativas-de-la-libertad-por-presunto-transporte-y-porte-de-estupefacientes-en-putumayo\/&amp;source=gmail&amp;ust=1643828721833000&amp;usg=AOvVaw1TkDFnzFBdlIaPcv77Q_64\">libertad por presunto transporte y porte de estupefacientes en Putumayo\u00a0\u00a0<\/a><\/u>\u00a0<strong style=\"font-style: inherit;\">\u00a0<\/strong><\/p>\n\n<div class=\"twitter-share\"><a href=\"https:\/\/twitter.com\/intent\/tweet?via=fiscaliacol\" class=\"twitter-share-button\">Tweet<\/a><\/div>\n","protected":false},"excerpt":{"rendered":"<p>Se presume que tambi\u00e9n vendr\u00eda comercializando objetos hurtados. Durante los allanamientos le fueron incautadas sustancias il\u00edcitas, as\u00ed como un arma de fuego, munici\u00f3n, dinero en efectivo y varios tel\u00e9fonos celulares.\u00a0 [&hellip;]<\/p>\n","protected":false},"author":176,"featured_media":0,"comment_status":"closed","ping_status":"open","sticky":false,"template":"","format":"standard","meta":{"tdm_status":"","tdm_grid_status":"","footnotes":""},"categories":[1,334,24103],"tags":[24188,24305,24526,24481,1047,12161,25191],"class_list":["post-239553","post","type-post","status-publish","format-standard","category-noticias","category-seccional-pasto","category-trafico-de-estupefacientes","tag-fiscal-francisco-barbosa","tag-fiscal-general-francisco-barbosa","tag-fiscal-general-francisco-barbosa-delgado","tag-fiscalia-de-colombia","tag-fiscalia-general-de-la-nacion","tag-porte-de-estupefacientes","tag-revolver-calibre-38"],"yoast_head":"<!-- This site is optimized with the Yoast SEO plugin v24.3 - https:\/\/yoast.com\/wordpress\/plugins\/seo\/ -->\n<title>Fiscal\u00eda General de la Naci\u00f3n<\/title>\n<meta name=\"description\" content=\"P\u00e1gina oficial de la Fiscal\u00eda General de la Naci\u00f3n \u2013 Colombia. Garantizamos el acceso efectivo a la justicia, la verdad y la reparaci\u00f3n de las v\u00edctimas de los delitos.\" \/>\n<meta name=\"robots\" content=\"noindex, follow\" \/>\n<meta property=\"og:locale\" content=\"es_ES\" \/>\n<meta property=\"og:type\" content=\"article\" \/>\n<meta property=\"og:title\" content=\"Fiscal\u00eda General de la Naci\u00f3n\" \/>\n<meta property=\"og:description\" content=\"P\u00e1gina oficial de la Fiscal\u00eda General de la Naci\u00f3n \u2013 Colombia. Garantizamos el acceso efectivo a la justicia, la verdad y la reparaci\u00f3n de las v\u00edctimas de los delitos.\" \/>\n<meta property=\"og:url\" content=\"https:\/\/www.fiscalia.gov.co\/colombia\/noticias\/fiscalia-judicializo-a-5-presuntos-integrantes-de-los-ipialenos-banda-dedicada-a-la-venta-y-distribucion-de-estupefacientes\/\" \/>\n<meta property=\"og:site_name\" content=\"Fiscal\u00eda General de la Naci\u00f3n\" \/>\n<meta property=\"article:publisher\" content=\"https:\/\/www.facebook.com\/FiscaliaCol\" \/>\n<meta property=\"article:published_time\" content=\"2022-02-01T19:30:45+00:00\" \/>\n<meta name=\"author\" content=\"Johanna Black Prieto Pe\u00f1a\" \/>\n<meta name=\"twitter:card\" content=\"summary_large_image\" \/>\n<meta name=\"twitter:creator\" content=\"@FiscaliaCol\" \/>\n<meta name=\"twitter:site\" content=\"@FiscaliaCol\" \/>\n<meta name=\"twitter:label1\" content=\"Escrito por\" \/>\n\t<meta name=\"twitter:data1\" content=\"Johanna Black Prieto Pe\u00f1a\" \/>\n\t<meta name=\"twitter:label2\" content=\"Tiempo de lectura\" \/>\n\t<meta name=\"twitter:data2\" content=\"2 minutos\" \/>\n<script type=\"application\/ld+json\" class=\"yoast-schema-graph\">{\"@context\":\"https:\/\/schema.org\",\"@graph\":[{\"@type\":\"Article\",\"@id\":\"https:\/\/www.fiscalia.gov.co\/colombia\/noticias\/fiscalia-judicializo-a-5-presuntos-integrantes-de-los-ipialenos-banda-dedicada-a-la-venta-y-distribucion-de-estupefacientes\/#article\",\"isPartOf\":{\"@id\":\"https:\/\/www.fiscalia.gov.co\/colombia\/noticias\/fiscalia-judicializo-a-5-presuntos-integrantes-de-los-ipialenos-banda-dedicada-a-la-venta-y-distribucion-de-estupefacientes\/\"},\"author\":{\"name\":\"Johanna Black Prieto Pe\u00f1a\",\"@id\":\"https:\/\/www.fiscalia.gov.co\/colombia\/#\/schema\/person\/b19b49f26569f91393176a2b3d13a0e5\"},\"headline\":\"Fiscal\u00eda judicializ\u00f3 a 5 presuntos integrantes de \u2018Los Ipiale\u00f1os\u2019, banda dedicada a la venta y distribuci\u00f3n de estupefacientes\u00a0\",\"datePublished\":\"2022-02-01T19:30:45+00:00\",\"dateModified\":\"2022-02-01T19:30:45+00:00\",\"mainEntityOfPage\":{\"@id\":\"https:\/\/www.fiscalia.gov.co\/colombia\/noticias\/fiscalia-judicializo-a-5-presuntos-integrantes-de-los-ipialenos-banda-dedicada-a-la-venta-y-distribucion-de-estupefacientes\/\"},\"wordCount\":414,\"publisher\":{\"@id\":\"https:\/\/www.fiscalia.gov.co\/colombia\/#organization\"},\"keywords\":[\"Fiscal Francisco Barbosa\",\"Fiscal General Francisco Barbosa\",\"Fiscal General Francisco Barbosa Delgado\",\"Fiscal\u00eda de Colombia\",\"Fiscal\u00eda General de la Naci\u00f3n\",\"Porte de estupefacientes\",\"rev\u00f3lver calibre 38\"],\"articleSection\":[\"Noticias\",\"Seccional Pasto\",\"Tr\u00e1fico de estupefacientes\"],\"inLanguage\":\"es-CO\"},{\"@type\":\"WebPage\",\"@id\":\"https:\/\/www.fiscalia.gov.co\/colombia\/noticias\/fiscalia-judicializo-a-5-presuntos-integrantes-de-los-ipialenos-banda-dedicada-a-la-venta-y-distribucion-de-estupefacientes\/\",\"url\":\"https:\/\/www.fiscalia.gov.co\/colombia\/noticias\/fiscalia-judicializo-a-5-presuntos-integrantes-de-los-ipialenos-banda-dedicada-a-la-venta-y-distribucion-de-estupefacientes\/\",\"name\":\"Fiscal\u00eda General de la Naci\u00f3n\",\"isPartOf\":{\"@id\":\"https:\/\/www.fiscalia.gov.co\/colombia\/#website\"},\"datePublished\":\"2022-02-01T19:30:45+00:00\",\"dateModified\":\"2022-02-01T19:30:45+00:00\",\"description\":\"P\u00e1gina oficial de la Fiscal\u00eda General de la Naci\u00f3n \u2013 Colombia. Garantizamos el acceso efectivo a la justicia, la verdad y la reparaci\u00f3n de las v\u00edctimas de los delitos.\",\"breadcrumb\":{\"@id\":\"https:\/\/www.fiscalia.gov.co\/colombia\/noticias\/fiscalia-judicializo-a-5-presuntos-integrantes-de-los-ipialenos-banda-dedicada-a-la-venta-y-distribucion-de-estupefacientes\/#breadcrumb\"},\"inLanguage\":\"es-CO\",\"potentialAction\":[{\"@type\":\"ReadAction\",\"target\":[\"https:\/\/www.fiscalia.gov.co\/colombia\/noticias\/fiscalia-judicializo-a-5-presuntos-integrantes-de-los-ipialenos-banda-dedicada-a-la-venta-y-distribucion-de-estupefacientes\/\"]}]},{\"@type\":\"BreadcrumbList\",\"@id\":\"https:\/\/www.fiscalia.gov.co\/colombia\/noticias\/fiscalia-judicializo-a-5-presuntos-integrantes-de-los-ipialenos-banda-dedicada-a-la-venta-y-distribucion-de-estupefacientes\/#breadcrumb\",\"itemListElement\":[{\"@type\":\"ListItem\",\"position\":1,\"name\":\"Home\",\"item\":\"https:\/\/www.fiscalia.gov.co\/colombia\/\"},{\"@type\":\"ListItem\",\"position\":2,\"name\":\"Fiscal\u00eda judicializ\u00f3 a 5 presuntos integrantes de \u2018Los Ipiale\u00f1os\u2019, banda dedicada a la venta y distribuci\u00f3n de estupefacientes\u00a0\"}]},{\"@type\":\"WebSite\",\"@id\":\"https:\/\/www.fiscalia.gov.co\/colombia\/#website\",\"url\":\"https:\/\/www.fiscalia.gov.co\/colombia\/\",\"name\":\"Fiscal\u00eda General de la Naci\u00f3n\",\"description\":\"P\u00e1gina oficial de la Fiscal\u00eda General de la Naci\u00f3n \u2013 Colombia. Garantizamos el acceso efectivo a la justicia, la verdad y la reparaci\u00f3n de las v\u00edctimas de los delitos.\",\"publisher\":{\"@id\":\"https:\/\/www.fiscalia.gov.co\/colombia\/#organization\"},\"potentialAction\":[{\"@type\":\"SearchAction\",\"target\":{\"@type\":\"EntryPoint\",\"urlTemplate\":\"https:\/\/www.fiscalia.gov.co\/colombia\/?s={search_term_string}\"},\"query-input\":{\"@type\":\"PropertyValueSpecification\",\"valueRequired\":true,\"valueName\":\"search_term_string\"}}],\"inLanguage\":\"es-CO\"},{\"@type\":\"Organization\",\"@id\":\"https:\/\/www.fiscalia.gov.co\/colombia\/#organization\",\"name\":\"Fiscal\u00eda General de la Naci\u00f3n\",\"url\":\"https:\/\/www.fiscalia.gov.co\/colombia\/\",\"logo\":{\"@type\":\"ImageObject\",\"inLanguage\":\"es-CO\",\"@id\":\"https:\/\/www.fiscalia.gov.co\/colombia\/#\/schema\/logo\/image\/\",\"url\":\"https:\/\/www.fiscalia.gov.co\/colombia\/wp-content\/uploads\/LogoHorizontal_1.jpg\",\"contentUrl\":\"https:\/\/www.fiscalia.gov.co\/colombia\/wp-content\/uploads\/LogoHorizontal_1.jpg\",\"width\":300,\"height\":90,\"caption\":\"Fiscal\u00eda General de la Naci\u00f3n\"},\"image\":{\"@id\":\"https:\/\/www.fiscalia.gov.co\/colombia\/#\/schema\/logo\/image\/\"},\"sameAs\":[\"https:\/\/www.facebook.com\/FiscaliaCol\",\"https:\/\/x.com\/FiscaliaCol\",\"https:\/\/www.instagram.com\/fiscaliacol\",\"https:\/\/www.linkedin.com\/company\/fiscalia-general-de-la-naci-n\/\",\"https:\/\/youtube.com\/@fiscaliageneraldelanacion-4668?si=6nN79nyQICPU5iTh\"]},{\"@type\":\"Person\",\"@id\":\"https:\/\/www.fiscalia.gov.co\/colombia\/#\/schema\/person\/b19b49f26569f91393176a2b3d13a0e5\",\"name\":\"Johanna Black Prieto Pe\u00f1a\",\"image\":{\"@type\":\"ImageObject\",\"inLanguage\":\"es-CO\",\"@id\":\"https:\/\/www.fiscalia.gov.co\/colombia\/#\/schema\/person\/image\/\",\"url\":\"https:\/\/secure.gravatar.com\/avatar\/7f04518e1774335e76d761d76f04003e?s=96&d=mm&r=g\",\"contentUrl\":\"https:\/\/secure.gravatar.com\/avatar\/7f04518e1774335e76d761d76f04003e?s=96&d=mm&r=g\",\"caption\":\"Johanna Black Prieto Pe\u00f1a\"},\"url\":\"https:\/\/www.fiscalia.gov.co\/colombia\/author\/jprieto\/\"}]}<\/script>\n<!-- \/ Yoast SEO plugin. -->","yoast_head_json":{"title":"Fiscal\u00eda General de la Naci\u00f3n","description":"P\u00e1gina oficial de la Fiscal\u00eda General de la Naci\u00f3n \u2013 Colombia. Garantizamos el acceso efectivo a la justicia, la verdad y la reparaci\u00f3n de las v\u00edctimas de los delitos.","robots":{"index":"noindex","follow":"follow"},"og_locale":"es_ES","og_type":"article","og_title":"Fiscal\u00eda General de la Naci\u00f3n","og_description":"P\u00e1gina oficial de la Fiscal\u00eda General de la Naci\u00f3n \u2013 Colombia. Garantizamos el acceso efectivo a la justicia, la verdad y la reparaci\u00f3n de las v\u00edctimas de los delitos.","og_url":"https:\/\/www.fiscalia.gov.co\/colombia\/noticias\/fiscalia-judicializo-a-5-presuntos-integrantes-de-los-ipialenos-banda-dedicada-a-la-venta-y-distribucion-de-estupefacientes\/","og_site_name":"Fiscal\u00eda General de la Naci\u00f3n","article_publisher":"https:\/\/www.facebook.com\/FiscaliaCol","article_published_time":"2022-02-01T19:30:45+00:00","author":"Johanna Black Prieto Pe\u00f1a","twitter_card":"summary_large_image","twitter_creator":"@FiscaliaCol","twitter_site":"@FiscaliaCol","twitter_misc":{"Escrito por":"Johanna Black Prieto Pe\u00f1a","Tiempo de lectura":"2 minutos"},"schema":{"@context":"https:\/\/schema.org","@graph":[{"@type":"Article","@id":"https:\/\/www.fiscalia.gov.co\/colombia\/noticias\/fiscalia-judicializo-a-5-presuntos-integrantes-de-los-ipialenos-banda-dedicada-a-la-venta-y-distribucion-de-estupefacientes\/#article","isPartOf":{"@id":"https:\/\/www.fiscalia.gov.co\/colombia\/noticias\/fiscalia-judicializo-a-5-presuntos-integrantes-de-los-ipialenos-banda-dedicada-a-la-venta-y-distribucion-de-estupefacientes\/"},"author":{"name":"Johanna Black Prieto Pe\u00f1a","@id":"https:\/\/www.fiscalia.gov.co\/colombia\/#\/schema\/person\/b19b49f26569f91393176a2b3d13a0e5"},"headline":"Fiscal\u00eda judicializ\u00f3 a 5 presuntos integrantes de \u2018Los Ipiale\u00f1os\u2019, banda dedicada a la venta y distribuci\u00f3n de estupefacientes\u00a0","datePublished":"2022-02-01T19:30:45+00:00","dateModified":"2022-02-01T19:30:45+00:00","mainEntityOfPage":{"@id":"https:\/\/www.fiscalia.gov.co\/colombia\/noticias\/fiscalia-judicializo-a-5-presuntos-integrantes-de-los-ipialenos-banda-dedicada-a-la-venta-y-distribucion-de-estupefacientes\/"},"wordCount":414,"publisher":{"@id":"https:\/\/www.fiscalia.gov.co\/colombia\/#organization"},"keywords":["Fiscal Francisco Barbosa","Fiscal General Francisco Barbosa","Fiscal General Francisco Barbosa Delgado","Fiscal\u00eda de Colombia","Fiscal\u00eda General de la Naci\u00f3n","Porte de estupefacientes","rev\u00f3lver calibre 38"],"articleSection":["Noticias","Seccional Pasto","Tr\u00e1fico de estupefacientes"],"inLanguage":"es-CO"},{"@type":"WebPage","@id":"https:\/\/www.fiscalia.gov.co\/colombia\/noticias\/fiscalia-judicializo-a-5-presuntos-integrantes-de-los-ipialenos-banda-dedicada-a-la-venta-y-distribucion-de-estupefacientes\/","url":"https:\/\/www.fiscalia.gov.co\/colombia\/noticias\/fiscalia-judicializo-a-5-presuntos-integrantes-de-los-ipialenos-banda-dedicada-a-la-venta-y-distribucion-de-estupefacientes\/","name":"Fiscal\u00eda General de la Naci\u00f3n","isPartOf":{"@id":"https:\/\/www.fiscalia.gov.co\/colombia\/#website"},"datePublished":"2022-02-01T19:30:45+00:00","dateModified":"2022-02-01T19:30:45+00:00","description":"P\u00e1gina oficial de la Fiscal\u00eda General de la Naci\u00f3n \u2013 Colombia. Garantizamos el acceso efectivo a la justicia, la verdad y la reparaci\u00f3n de las v\u00edctimas de los delitos.","breadcrumb":{"@id":"https:\/\/www.fiscalia.gov.co\/colombia\/noticias\/fiscalia-judicializo-a-5-presuntos-integrantes-de-los-ipialenos-banda-dedicada-a-la-venta-y-distribucion-de-estupefacientes\/#breadcrumb"},"inLanguage":"es-CO","potentialAction":[{"@type":"ReadAction","target":["https:\/\/www.fiscalia.gov.co\/colombia\/noticias\/fiscalia-judicializo-a-5-presuntos-integrantes-de-los-ipialenos-banda-dedicada-a-la-venta-y-distribucion-de-estupefacientes\/"]}]},{"@type":"BreadcrumbList","@id":"https:\/\/www.fiscalia.gov.co\/colombia\/noticias\/fiscalia-judicializo-a-5-presuntos-integrantes-de-los-ipialenos-banda-dedicada-a-la-venta-y-distribucion-de-estupefacientes\/#breadcrumb","itemListElement":[{"@type":"ListItem","position":1,"name":"Home","item":"https:\/\/www.fiscalia.gov.co\/colombia\/"},{"@type":"ListItem","position":2,"name":"Fiscal\u00eda judicializ\u00f3 a 5 presuntos integrantes de \u2018Los Ipiale\u00f1os\u2019, banda dedicada a la venta y distribuci\u00f3n de estupefacientes\u00a0"}]},{"@type":"WebSite","@id":"https:\/\/www.fiscalia.gov.co\/colombia\/#website","url":"https:\/\/www.fiscalia.gov.co\/colombia\/","name":"Fiscal\u00eda General de la Naci\u00f3n","description":"P\u00e1gina oficial de la Fiscal\u00eda General de la Naci\u00f3n \u2013 Colombia. Garantizamos el acceso efectivo a la justicia, la verdad y la reparaci\u00f3n de las v\u00edctimas de los delitos.","publisher":{"@id":"https:\/\/www.fiscalia.gov.co\/colombia\/#organization"},"potentialAction":[{"@type":"SearchAction","target":{"@type":"EntryPoint","urlTemplate":"https:\/\/www.fiscalia.gov.co\/colombia\/?s={search_term_string}"},"query-input":{"@type":"PropertyValueSpecification","valueRequired":true,"valueName":"search_term_string"}}],"inLanguage":"es-CO"},{"@type":"Organization","@id":"https:\/\/www.fiscalia.gov.co\/colombia\/#organization","name":"Fiscal\u00eda General de la Naci\u00f3n","url":"https:\/\/www.fiscalia.gov.co\/colombia\/","logo":{"@type":"ImageObject","inLanguage":"es-CO","@id":"https:\/\/www.fiscalia.gov.co\/colombia\/#\/schema\/logo\/image\/","url":"https:\/\/www.fiscalia.gov.co\/colombia\/wp-content\/uploads\/LogoHorizontal_1.jpg","contentUrl":"https:\/\/www.fiscalia.gov.co\/colombia\/wp-content\/uploads\/LogoHorizontal_1.jpg","width":300,"height":90,"caption":"Fiscal\u00eda General de la Naci\u00f3n"},"image":{"@id":"https:\/\/www.fiscalia.gov.co\/colombia\/#\/schema\/logo\/image\/"},"sameAs":["https:\/\/www.facebook.com\/FiscaliaCol","https:\/\/x.com\/FiscaliaCol","https:\/\/www.instagram.com\/fiscaliacol","https:\/\/www.linkedin.com\/company\/fiscalia-general-de-la-naci-n\/","https:\/\/youtube.com\/@fiscaliageneraldelanacion-4668?si=6nN79nyQICPU5iTh"]},{"@type":"Person","@id":"https:\/\/www.fiscalia.gov.co\/colombia\/#\/schema\/person\/b19b49f26569f91393176a2b3d13a0e5","name":"Johanna Black Prieto Pe\u00f1a","image":{"@type":"ImageObject","inLanguage":"es-CO","@id":"https:\/\/www.fiscalia.gov.co\/colombia\/#\/schema\/person\/image\/","url":"https:\/\/secure.gravatar.com\/avatar\/7f04518e1774335e76d761d76f04003e?s=96&d=mm&r=g","contentUrl":"https:\/\/secure.gravatar.com\/avatar\/7f04518e1774335e76d761d76f04003e?s=96&d=mm&r=g","caption":"Johanna Black Prieto Pe\u00f1a"},"url":"https:\/\/www.fiscalia.gov.co\/colombia\/author\/jprieto\/"}]}},"_links":{"self":[{"href":"https:\/\/www.fiscalia.gov.co\/colombia\/wp-json\/wp\/v2\/posts\/239553","targetHints":{"allow":["GET"]}}],"collection":[{"href":"https:\/\/www.fiscalia.gov.co\/colombia\/wp-json\/wp\/v2\/posts"}],"about":[{"href":"https:\/\/www.fiscalia.gov.co\/colombia\/wp-json\/wp\/v2\/types\/post"}],"author":[{"embeddable":true,"href":"https:\/\/www.fiscalia.gov.co\/colombia\/wp-json\/wp\/v2\/users\/176"}],"replies":[{"embeddable":true,"href":"https:\/\/www.fiscalia.gov.co\/colombia\/wp-json\/wp\/v2\/comments?post=239553"}],"version-history":[{"count":1,"href":"https:\/\/www.fiscalia.gov.co\/colombia\/wp-json\/wp\/v2\/posts\/239553\/revisions"}],"predecessor-version":[{"id":239555,"href":"https:\/\/www.fiscalia.gov.co\/colombia\/wp-json\/wp\/v2\/posts\/239553\/revisions\/239555"}],"wp:attachment":[{"href":"https:\/\/www.fiscalia.gov.co\/colombia\/wp-json\/wp\/v2\/media?parent=239553"}],"wp:term":[{"taxonomy":"category","embeddable":true,"href":"https:\/\/www.fiscalia.gov.co\/colombia\/wp-json\/wp\/v2\/categories?post=239553"},{"taxonomy":"post_tag","embeddable":true,"href":"https:\/\/www.fiscalia.gov.co\/colombia\/wp-json\/wp\/v2\/tags?post=239553"}],"curies":[{"name":"wp","href":"https:\/\/api.w.org\/{rel}","templated":true}]}}