{"id":239517,"date":"2022-02-01T11:27:17","date_gmt":"2022-02-01T16:27:17","guid":{"rendered":"https:\/\/www.fiscalia.gov.co\/colombia\/?p=239517"},"modified":"2022-02-01T11:27:17","modified_gmt":"2022-02-01T16:27:17","slug":"judicializada-presunta-integrante-de-las-disidencias-de-las-farc-por-trafico-de-armas","status":"publish","type":"post","link":"https:\/\/www.fiscalia.gov.co\/colombia\/noticias\/judicializada-presunta-integrante-de-las-disidencias-de-las-farc-por-trafico-de-armas\/","title":{"rendered":"Judicializada presunta integrante de las disidencias de las Farc por tr\u00e1fico de armas\u00a0"},"content":{"rendered":"<p><span lang=\"ES\">Al acoger la solicitud de la Fiscal\u00eda, un juez de control de garant\u00edas de C\u00facuta (Norte de Santander) dict\u00f3 medida de aseguramiento consistente en detenci\u00f3n preventiva en establecimiento carcelario en contra de Elvia Georgina \u00c1lvarez Pe\u00f1a, alias la Cucha Elvia, por su presunta responsabilidad en los delitos de <\/span><a href=\"https:\/\/www.fiscalia.gov.co\/colombia\/noticias\/asegurados-tres-hombres-investigados-por-trafico-de-armas-de-fuego-en-zona-metropolitana-de-cucuta-norte-de-santander\/\" target=\"_blank\" rel=\"noopener noreferrer\" data-saferedirecturl=\"https:\/\/www.google.com\/url?q=https:\/\/www.fiscalia.gov.co\/colombia\/noticias\/asegurados-tres-hombres-investigados-por-trafico-de-armas-de-fuego-en-zona-metropolitana-de-cucuta-norte-de-santander\/&amp;source=gmail&amp;ust=1643818800592000&amp;usg=AOvVaw0LlXpE-v4b_EDqlUVytxE6\">fabricaci\u00f3n<\/a>, tr\u00e1fico o porte de armas de fuego, accesorios, partes o municiones; y\u00a0<b>fabricaci\u00f3n, tr\u00e1fico y porte de armas, municiones de uso restringido, de uso privativo de las Fuerzas Armadas o explosivos.\u00a0<\/b><\/p>\n<figure id=\"attachment_239518\" aria-describedby=\"caption-attachment-239518\" style=\"width: 283px\" class=\"wp-caption alignleft\"><img loading=\"lazy\" decoding=\"async\" class=\"size-full wp-image-239518\" src=\"https:\/\/www.fiscalia.gov.co\/colombia\/wp-content\/uploads\/Elvia-Georgina-\u00c1lvarez-Pe\u00f1a-alias-la-Cucha-Elvia-por-su-presunta-responsabilidad-en-el-presunto-il\u00edcito-de-tr\u00e1fico-de-armas-de-fuego.jpg\" alt=\"\" width=\"283\" height=\"391\" srcset=\"https:\/\/www.fiscalia.gov.co\/colombia\/wp-content\/uploads\/Elvia-Georgina-\u00c1lvarez-Pe\u00f1a-alias-la-Cucha-Elvia-por-su-presunta-responsabilidad-en-el-presunto-il\u00edcito-de-tr\u00e1fico-de-armas-de-fuego.jpg 283w, https:\/\/www.fiscalia.gov.co\/colombia\/wp-content\/uploads\/Elvia-Georgina-\u00c1lvarez-Pe\u00f1a-alias-la-Cucha-Elvia-por-su-presunta-responsabilidad-en-el-presunto-il\u00edcito-de-tr\u00e1fico-de-armas-de-fuego-217x300.jpg 217w\" sizes=\"auto, (max-width: 283px) 100vw, 283px\" \/><figcaption id=\"caption-attachment-239518\" class=\"wp-caption-text\">Elvia Georgina \u00c1lvarez Pe\u00f1a, alias la Cucha Elvia, quien fue\u00a0capturada por tr\u00e1fico de armas, al parecer hace parte de las disidencias de la Farc.<\/figcaption><\/figure>\n<p><span lang=\"ES\">La mujer fue\u00a0<\/span><a href=\"https:\/\/www.fiscalia.gov.co\/colombia\/noticias\/medida-aseguramiento-para-hombre-investigado-por-trafico-de-armas-y-otras-conductas-delictivas\/\" target=\"_blank\" rel=\"noopener noreferrer\" data-saferedirecturl=\"https:\/\/www.google.com\/url?q=https:\/\/www.fiscalia.gov.co\/colombia\/noticias\/medida-aseguramiento-para-hombre-investigado-por-trafico-de-armas-y-otras-conductas-delictivas\/&amp;source=gmail&amp;ust=1643818800592000&amp;usg=AOvVaw2JwXOvCf2QJpC6uCmcZrPs\"><span lang=\"ES\">capturada<\/span><\/a><span lang=\"ES\">\u00a0en flagrancia este 30 de enero, mediante un procedimiento de registro y allanamiento, por la Polic\u00eda y el Ej\u00e9rcito Nacional, en una vivienda del barrio Villa Paz en el municipio de Tib\u00fa (Norte de Santander), donde le incautaron armas de fuego y municiones.<\/span><\/p>\n<p><span lang=\"ES\">Se presume que la procesada har\u00eda parte de las disidencias de las Farc-EP, que delinquen en el departamento de Norte de Santander y\u00a0<b>estar\u00eda involucrada en un homicidio<\/b>\u00a0perpetrado en Tib\u00fa el 21 de junio de 2021.<\/span><\/p>\n<p>Durante las audiencias concentradas, la asegurado no acept\u00f3 cargos.<\/p>\n<p><span lang=\"ES\">La Fiscal\u00eda habla con resultados.<\/span><\/p>\n<p>&nbsp;<\/p>\n<p><span lang=\"ES\">MPHA\/<\/span>DLBM\/ANMP<\/p>\n<p>&nbsp;<\/p>\n<p><i><span lang=\"ES\">La informaci\u00f3n contenida en este bolet\u00edn de prensa corresponde a la narraci\u00f3n de los hechos noticiosos objetivos, suministrados por los funcionarios encargados de adelantar las investigaciones penales al interior de la Fiscal\u00eda General de la Naci\u00f3n. Para el momento de la divulgaci\u00f3n de este comunicado, la situaci\u00f3n jur\u00eddica de la(s) persona(s) relacionada(s) se encuentra pendiente de resolver por la autoridad\u00a0judicial competente, siempre bajo los preceptos de la presunci\u00f3n de inocencia, consagrados en el art\u00edculo 29 de la Constituci\u00f3n Pol\u00edtica y el art\u00edculo 7\u00ba de la Ley 906 de 2004.<\/span><\/i><span lang=\"ES\">\u00a0<\/span><\/p>\n\n<div class=\"twitter-share\"><a href=\"https:\/\/twitter.com\/intent\/tweet?via=fiscaliacol\" class=\"twitter-share-button\">Tweet<\/a><\/div>\n","protected":false},"excerpt":{"rendered":"<p>Al acoger la solicitud de la Fiscal\u00eda, un juez de control de garant\u00edas de C\u00facuta (Norte de Santander) dict\u00f3 medida de aseguramiento consistente en detenci\u00f3n preventiva en establecimiento carcelario en [&hellip;]<\/p>\n","protected":false},"author":176,"featured_media":0,"comment_status":"closed","ping_status":"open","sticky":false,"template":"","format":"standard","meta":{"tdm_status":"","tdm_grid_status":"","footnotes":""},"categories":[1,326,24099],"tags":[4017,24287,24189,24187,1047,7169,10084],"class_list":["post-239517","post","type-post","status-publish","format-standard","category-noticias","category-seccional-cucuta","category-seguridad-territorial","tag-armas-de-fuego","tag-disidencias-farc","tag-fiscal-francisco-barbosa-delgado","tag-fiscalia-colombia","tag-fiscalia-general-de-la-nacion","tag-flagrancia","tag-seguridad"],"yoast_head":"<!-- This site is optimized with the Yoast SEO plugin v24.3 - https:\/\/yoast.com\/wordpress\/plugins\/seo\/ -->\n<title>Fiscal\u00eda General de la Naci\u00f3n<\/title>\n<meta name=\"description\" content=\"P\u00e1gina oficial de la Fiscal\u00eda General de la Naci\u00f3n \u2013 Colombia. Garantizamos el acceso efectivo a la justicia, la verdad y la reparaci\u00f3n de las v\u00edctimas de los delitos.\" \/>\n<meta name=\"robots\" content=\"noindex, follow\" \/>\n<meta property=\"og:locale\" content=\"es_ES\" \/>\n<meta property=\"og:type\" content=\"article\" \/>\n<meta property=\"og:title\" content=\"Fiscal\u00eda General de la Naci\u00f3n\" \/>\n<meta property=\"og:description\" content=\"P\u00e1gina oficial de la Fiscal\u00eda General de la Naci\u00f3n \u2013 Colombia. Garantizamos el acceso efectivo a la justicia, la verdad y la reparaci\u00f3n de las v\u00edctimas de los delitos.\" \/>\n<meta property=\"og:url\" content=\"https:\/\/www.fiscalia.gov.co\/colombia\/noticias\/judicializada-presunta-integrante-de-las-disidencias-de-las-farc-por-trafico-de-armas\/\" \/>\n<meta property=\"og:site_name\" content=\"Fiscal\u00eda General de la Naci\u00f3n\" \/>\n<meta property=\"article:publisher\" content=\"https:\/\/www.facebook.com\/FiscaliaCol\" \/>\n<meta property=\"article:published_time\" content=\"2022-02-01T16:27:17+00:00\" \/>\n<meta name=\"author\" content=\"Johanna Black Prieto Pe\u00f1a\" \/>\n<meta name=\"twitter:card\" content=\"summary_large_image\" \/>\n<meta name=\"twitter:creator\" content=\"@FiscaliaCol\" \/>\n<meta name=\"twitter:site\" content=\"@FiscaliaCol\" \/>\n<meta name=\"twitter:label1\" content=\"Escrito por\" \/>\n\t<meta name=\"twitter:data1\" content=\"Johanna Black Prieto Pe\u00f1a\" \/>\n\t<meta name=\"twitter:label2\" content=\"Tiempo de lectura\" \/>\n\t<meta name=\"twitter:data2\" content=\"2 minutos\" \/>\n<script type=\"application\/ld+json\" class=\"yoast-schema-graph\">{\"@context\":\"https:\/\/schema.org\",\"@graph\":[{\"@type\":\"Article\",\"@id\":\"https:\/\/www.fiscalia.gov.co\/colombia\/noticias\/judicializada-presunta-integrante-de-las-disidencias-de-las-farc-por-trafico-de-armas\/#article\",\"isPartOf\":{\"@id\":\"https:\/\/www.fiscalia.gov.co\/colombia\/noticias\/judicializada-presunta-integrante-de-las-disidencias-de-las-farc-por-trafico-de-armas\/\"},\"author\":{\"name\":\"Johanna Black Prieto Pe\u00f1a\",\"@id\":\"https:\/\/www.fiscalia.gov.co\/colombia\/#\/schema\/person\/b19b49f26569f91393176a2b3d13a0e5\"},\"headline\":\"Judicializada presunta integrante de las disidencias de las Farc por tr\u00e1fico de armas\u00a0\",\"datePublished\":\"2022-02-01T16:27:17+00:00\",\"dateModified\":\"2022-02-01T16:27:17+00:00\",\"mainEntityOfPage\":{\"@id\":\"https:\/\/www.fiscalia.gov.co\/colombia\/noticias\/judicializada-presunta-integrante-de-las-disidencias-de-las-farc-por-trafico-de-armas\/\"},\"wordCount\":344,\"publisher\":{\"@id\":\"https:\/\/www.fiscalia.gov.co\/colombia\/#organization\"},\"keywords\":[\"Armas de fuego\",\"disidencias Farc\",\"Fiscal Francisco Barbosa Delgado\",\"Fiscal\u00eda Colombia\",\"Fiscal\u00eda General de la Naci\u00f3n\",\"Flagrancia\",\"Seguridad\"],\"articleSection\":[\"Noticias\",\"Seccional C\u00facuta\",\"Seguridad territorial\"],\"inLanguage\":\"es-CO\"},{\"@type\":\"WebPage\",\"@id\":\"https:\/\/www.fiscalia.gov.co\/colombia\/noticias\/judicializada-presunta-integrante-de-las-disidencias-de-las-farc-por-trafico-de-armas\/\",\"url\":\"https:\/\/www.fiscalia.gov.co\/colombia\/noticias\/judicializada-presunta-integrante-de-las-disidencias-de-las-farc-por-trafico-de-armas\/\",\"name\":\"Fiscal\u00eda General de la Naci\u00f3n\",\"isPartOf\":{\"@id\":\"https:\/\/www.fiscalia.gov.co\/colombia\/#website\"},\"datePublished\":\"2022-02-01T16:27:17+00:00\",\"dateModified\":\"2022-02-01T16:27:17+00:00\",\"description\":\"P\u00e1gina oficial de la Fiscal\u00eda General de la Naci\u00f3n \u2013 Colombia. Garantizamos el acceso efectivo a la justicia, la verdad y la reparaci\u00f3n de las v\u00edctimas de los delitos.\",\"breadcrumb\":{\"@id\":\"https:\/\/www.fiscalia.gov.co\/colombia\/noticias\/judicializada-presunta-integrante-de-las-disidencias-de-las-farc-por-trafico-de-armas\/#breadcrumb\"},\"inLanguage\":\"es-CO\",\"potentialAction\":[{\"@type\":\"ReadAction\",\"target\":[\"https:\/\/www.fiscalia.gov.co\/colombia\/noticias\/judicializada-presunta-integrante-de-las-disidencias-de-las-farc-por-trafico-de-armas\/\"]}]},{\"@type\":\"BreadcrumbList\",\"@id\":\"https:\/\/www.fiscalia.gov.co\/colombia\/noticias\/judicializada-presunta-integrante-de-las-disidencias-de-las-farc-por-trafico-de-armas\/#breadcrumb\",\"itemListElement\":[{\"@type\":\"ListItem\",\"position\":1,\"name\":\"Home\",\"item\":\"https:\/\/www.fiscalia.gov.co\/colombia\/\"},{\"@type\":\"ListItem\",\"position\":2,\"name\":\"Judicializada presunta integrante de las disidencias de las Farc por tr\u00e1fico de armas\u00a0\"}]},{\"@type\":\"WebSite\",\"@id\":\"https:\/\/www.fiscalia.gov.co\/colombia\/#website\",\"url\":\"https:\/\/www.fiscalia.gov.co\/colombia\/\",\"name\":\"Fiscal\u00eda General de la Naci\u00f3n\",\"description\":\"P\u00e1gina oficial de la Fiscal\u00eda General de la Naci\u00f3n \u2013 Colombia. Garantizamos el acceso efectivo a la justicia, la verdad y la reparaci\u00f3n de las v\u00edctimas de los delitos.\",\"publisher\":{\"@id\":\"https:\/\/www.fiscalia.gov.co\/colombia\/#organization\"},\"potentialAction\":[{\"@type\":\"SearchAction\",\"target\":{\"@type\":\"EntryPoint\",\"urlTemplate\":\"https:\/\/www.fiscalia.gov.co\/colombia\/?s={search_term_string}\"},\"query-input\":{\"@type\":\"PropertyValueSpecification\",\"valueRequired\":true,\"valueName\":\"search_term_string\"}}],\"inLanguage\":\"es-CO\"},{\"@type\":\"Organization\",\"@id\":\"https:\/\/www.fiscalia.gov.co\/colombia\/#organization\",\"name\":\"Fiscal\u00eda General de la Naci\u00f3n\",\"url\":\"https:\/\/www.fiscalia.gov.co\/colombia\/\",\"logo\":{\"@type\":\"ImageObject\",\"inLanguage\":\"es-CO\",\"@id\":\"https:\/\/www.fiscalia.gov.co\/colombia\/#\/schema\/logo\/image\/\",\"url\":\"https:\/\/www.fiscalia.gov.co\/colombia\/wp-content\/uploads\/LogoHorizontal_1.jpg\",\"contentUrl\":\"https:\/\/www.fiscalia.gov.co\/colombia\/wp-content\/uploads\/LogoHorizontal_1.jpg\",\"width\":300,\"height\":90,\"caption\":\"Fiscal\u00eda General de la Naci\u00f3n\"},\"image\":{\"@id\":\"https:\/\/www.fiscalia.gov.co\/colombia\/#\/schema\/logo\/image\/\"},\"sameAs\":[\"https:\/\/www.facebook.com\/FiscaliaCol\",\"https:\/\/x.com\/FiscaliaCol\",\"https:\/\/www.instagram.com\/fiscaliacol\",\"https:\/\/www.linkedin.com\/company\/fiscalia-general-de-la-naci-n\/\",\"https:\/\/youtube.com\/@fiscaliageneraldelanacion-4668?si=6nN79nyQICPU5iTh\"]},{\"@type\":\"Person\",\"@id\":\"https:\/\/www.fiscalia.gov.co\/colombia\/#\/schema\/person\/b19b49f26569f91393176a2b3d13a0e5\",\"name\":\"Johanna Black Prieto Pe\u00f1a\",\"image\":{\"@type\":\"ImageObject\",\"inLanguage\":\"es-CO\",\"@id\":\"https:\/\/www.fiscalia.gov.co\/colombia\/#\/schema\/person\/image\/\",\"url\":\"https:\/\/secure.gravatar.com\/avatar\/7f04518e1774335e76d761d76f04003e?s=96&d=mm&r=g\",\"contentUrl\":\"https:\/\/secure.gravatar.com\/avatar\/7f04518e1774335e76d761d76f04003e?s=96&d=mm&r=g\",\"caption\":\"Johanna Black Prieto Pe\u00f1a\"},\"url\":\"https:\/\/www.fiscalia.gov.co\/colombia\/author\/jprieto\/\"}]}<\/script>\n<!-- \/ Yoast SEO plugin. -->","yoast_head_json":{"title":"Fiscal\u00eda General de la Naci\u00f3n","description":"P\u00e1gina oficial de la Fiscal\u00eda General de la Naci\u00f3n \u2013 Colombia. Garantizamos el acceso efectivo a la justicia, la verdad y la reparaci\u00f3n de las v\u00edctimas de los delitos.","robots":{"index":"noindex","follow":"follow"},"og_locale":"es_ES","og_type":"article","og_title":"Fiscal\u00eda General de la Naci\u00f3n","og_description":"P\u00e1gina oficial de la Fiscal\u00eda General de la Naci\u00f3n \u2013 Colombia. Garantizamos el acceso efectivo a la justicia, la verdad y la reparaci\u00f3n de las v\u00edctimas de los delitos.","og_url":"https:\/\/www.fiscalia.gov.co\/colombia\/noticias\/judicializada-presunta-integrante-de-las-disidencias-de-las-farc-por-trafico-de-armas\/","og_site_name":"Fiscal\u00eda General de la Naci\u00f3n","article_publisher":"https:\/\/www.facebook.com\/FiscaliaCol","article_published_time":"2022-02-01T16:27:17+00:00","author":"Johanna Black Prieto Pe\u00f1a","twitter_card":"summary_large_image","twitter_creator":"@FiscaliaCol","twitter_site":"@FiscaliaCol","twitter_misc":{"Escrito por":"Johanna Black Prieto Pe\u00f1a","Tiempo de lectura":"2 minutos"},"schema":{"@context":"https:\/\/schema.org","@graph":[{"@type":"Article","@id":"https:\/\/www.fiscalia.gov.co\/colombia\/noticias\/judicializada-presunta-integrante-de-las-disidencias-de-las-farc-por-trafico-de-armas\/#article","isPartOf":{"@id":"https:\/\/www.fiscalia.gov.co\/colombia\/noticias\/judicializada-presunta-integrante-de-las-disidencias-de-las-farc-por-trafico-de-armas\/"},"author":{"name":"Johanna Black Prieto Pe\u00f1a","@id":"https:\/\/www.fiscalia.gov.co\/colombia\/#\/schema\/person\/b19b49f26569f91393176a2b3d13a0e5"},"headline":"Judicializada presunta integrante de las disidencias de las Farc por tr\u00e1fico de armas\u00a0","datePublished":"2022-02-01T16:27:17+00:00","dateModified":"2022-02-01T16:27:17+00:00","mainEntityOfPage":{"@id":"https:\/\/www.fiscalia.gov.co\/colombia\/noticias\/judicializada-presunta-integrante-de-las-disidencias-de-las-farc-por-trafico-de-armas\/"},"wordCount":344,"publisher":{"@id":"https:\/\/www.fiscalia.gov.co\/colombia\/#organization"},"keywords":["Armas de fuego","disidencias Farc","Fiscal Francisco Barbosa Delgado","Fiscal\u00eda Colombia","Fiscal\u00eda General de la Naci\u00f3n","Flagrancia","Seguridad"],"articleSection":["Noticias","Seccional C\u00facuta","Seguridad territorial"],"inLanguage":"es-CO"},{"@type":"WebPage","@id":"https:\/\/www.fiscalia.gov.co\/colombia\/noticias\/judicializada-presunta-integrante-de-las-disidencias-de-las-farc-por-trafico-de-armas\/","url":"https:\/\/www.fiscalia.gov.co\/colombia\/noticias\/judicializada-presunta-integrante-de-las-disidencias-de-las-farc-por-trafico-de-armas\/","name":"Fiscal\u00eda General de la Naci\u00f3n","isPartOf":{"@id":"https:\/\/www.fiscalia.gov.co\/colombia\/#website"},"datePublished":"2022-02-01T16:27:17+00:00","dateModified":"2022-02-01T16:27:17+00:00","description":"P\u00e1gina oficial de la Fiscal\u00eda General de la Naci\u00f3n \u2013 Colombia. Garantizamos el acceso efectivo a la justicia, la verdad y la reparaci\u00f3n de las v\u00edctimas de los delitos.","breadcrumb":{"@id":"https:\/\/www.fiscalia.gov.co\/colombia\/noticias\/judicializada-presunta-integrante-de-las-disidencias-de-las-farc-por-trafico-de-armas\/#breadcrumb"},"inLanguage":"es-CO","potentialAction":[{"@type":"ReadAction","target":["https:\/\/www.fiscalia.gov.co\/colombia\/noticias\/judicializada-presunta-integrante-de-las-disidencias-de-las-farc-por-trafico-de-armas\/"]}]},{"@type":"BreadcrumbList","@id":"https:\/\/www.fiscalia.gov.co\/colombia\/noticias\/judicializada-presunta-integrante-de-las-disidencias-de-las-farc-por-trafico-de-armas\/#breadcrumb","itemListElement":[{"@type":"ListItem","position":1,"name":"Home","item":"https:\/\/www.fiscalia.gov.co\/colombia\/"},{"@type":"ListItem","position":2,"name":"Judicializada presunta integrante de las disidencias de las Farc por tr\u00e1fico de armas\u00a0"}]},{"@type":"WebSite","@id":"https:\/\/www.fiscalia.gov.co\/colombia\/#website","url":"https:\/\/www.fiscalia.gov.co\/colombia\/","name":"Fiscal\u00eda General de la Naci\u00f3n","description":"P\u00e1gina oficial de la Fiscal\u00eda General de la Naci\u00f3n \u2013 Colombia. Garantizamos el acceso efectivo a la justicia, la verdad y la reparaci\u00f3n de las v\u00edctimas de los delitos.","publisher":{"@id":"https:\/\/www.fiscalia.gov.co\/colombia\/#organization"},"potentialAction":[{"@type":"SearchAction","target":{"@type":"EntryPoint","urlTemplate":"https:\/\/www.fiscalia.gov.co\/colombia\/?s={search_term_string}"},"query-input":{"@type":"PropertyValueSpecification","valueRequired":true,"valueName":"search_term_string"}}],"inLanguage":"es-CO"},{"@type":"Organization","@id":"https:\/\/www.fiscalia.gov.co\/colombia\/#organization","name":"Fiscal\u00eda General de la Naci\u00f3n","url":"https:\/\/www.fiscalia.gov.co\/colombia\/","logo":{"@type":"ImageObject","inLanguage":"es-CO","@id":"https:\/\/www.fiscalia.gov.co\/colombia\/#\/schema\/logo\/image\/","url":"https:\/\/www.fiscalia.gov.co\/colombia\/wp-content\/uploads\/LogoHorizontal_1.jpg","contentUrl":"https:\/\/www.fiscalia.gov.co\/colombia\/wp-content\/uploads\/LogoHorizontal_1.jpg","width":300,"height":90,"caption":"Fiscal\u00eda General de la Naci\u00f3n"},"image":{"@id":"https:\/\/www.fiscalia.gov.co\/colombia\/#\/schema\/logo\/image\/"},"sameAs":["https:\/\/www.facebook.com\/FiscaliaCol","https:\/\/x.com\/FiscaliaCol","https:\/\/www.instagram.com\/fiscaliacol","https:\/\/www.linkedin.com\/company\/fiscalia-general-de-la-naci-n\/","https:\/\/youtube.com\/@fiscaliageneraldelanacion-4668?si=6nN79nyQICPU5iTh"]},{"@type":"Person","@id":"https:\/\/www.fiscalia.gov.co\/colombia\/#\/schema\/person\/b19b49f26569f91393176a2b3d13a0e5","name":"Johanna Black Prieto Pe\u00f1a","image":{"@type":"ImageObject","inLanguage":"es-CO","@id":"https:\/\/www.fiscalia.gov.co\/colombia\/#\/schema\/person\/image\/","url":"https:\/\/secure.gravatar.com\/avatar\/7f04518e1774335e76d761d76f04003e?s=96&d=mm&r=g","contentUrl":"https:\/\/secure.gravatar.com\/avatar\/7f04518e1774335e76d761d76f04003e?s=96&d=mm&r=g","caption":"Johanna Black Prieto Pe\u00f1a"},"url":"https:\/\/www.fiscalia.gov.co\/colombia\/author\/jprieto\/"}]}},"_links":{"self":[{"href":"https:\/\/www.fiscalia.gov.co\/colombia\/wp-json\/wp\/v2\/posts\/239517","targetHints":{"allow":["GET"]}}],"collection":[{"href":"https:\/\/www.fiscalia.gov.co\/colombia\/wp-json\/wp\/v2\/posts"}],"about":[{"href":"https:\/\/www.fiscalia.gov.co\/colombia\/wp-json\/wp\/v2\/types\/post"}],"author":[{"embeddable":true,"href":"https:\/\/www.fiscalia.gov.co\/colombia\/wp-json\/wp\/v2\/users\/176"}],"replies":[{"embeddable":true,"href":"https:\/\/www.fiscalia.gov.co\/colombia\/wp-json\/wp\/v2\/comments?post=239517"}],"version-history":[{"count":1,"href":"https:\/\/www.fiscalia.gov.co\/colombia\/wp-json\/wp\/v2\/posts\/239517\/revisions"}],"predecessor-version":[{"id":239519,"href":"https:\/\/www.fiscalia.gov.co\/colombia\/wp-json\/wp\/v2\/posts\/239517\/revisions\/239519"}],"wp:attachment":[{"href":"https:\/\/www.fiscalia.gov.co\/colombia\/wp-json\/wp\/v2\/media?parent=239517"}],"wp:term":[{"taxonomy":"category","embeddable":true,"href":"https:\/\/www.fiscalia.gov.co\/colombia\/wp-json\/wp\/v2\/categories?post=239517"},{"taxonomy":"post_tag","embeddable":true,"href":"https:\/\/www.fiscalia.gov.co\/colombia\/wp-json\/wp\/v2\/tags?post=239517"}],"curies":[{"name":"wp","href":"https:\/\/api.w.org\/{rel}","templated":true}]}}