{"id":239478,"date":"2022-01-31T18:51:53","date_gmt":"2022-01-31T23:51:53","guid":{"rendered":"https:\/\/www.fiscalia.gov.co\/colombia\/?p=239478"},"modified":"2022-01-31T18:51:53","modified_gmt":"2022-01-31T23:51:53","slug":"a-prision-alias-yei-y-jeiro-presuntos-homicidas-de-un-ciudadano-en-medio-de-una-rina","status":"publish","type":"post","link":"https:\/\/www.fiscalia.gov.co\/colombia\/noticias\/a-prision-alias-yei-y-jeiro-presuntos-homicidas-de-un-ciudadano-en-medio-de-una-rina\/","title":{"rendered":"A prisi\u00f3n alias Yei y Jeiro, presuntos homicidas de un ciudadano en medio de una ri\u00f1a"},"content":{"rendered":"<h4 style=\"font-weight: 400;\"><strong><em>De acuerdo con la investigaci\u00f3n en el asesinato de la v\u00edctima, presuntamente, participaron cinco personas. Tres son buscadas por la polic\u00eda.<\/em><\/strong><\/h4>\n<p style=\"font-weight: 400;\">Un juez con funciones de control de garant\u00edas aval\u00f3 el material probatorio presentado por un fiscal de la seccional Bol\u00edvar y dict\u00f3 medida de aseguramiento en establecimiento carcelario en contra de Yeimer Jos\u00e9 Campuzano de \u00c1vila y Jeiron Jos\u00e9 V\u00e1squez Arrieta, por el delito de homicidio agravado, cargo que no aceptaron.<\/p>\n<figure id=\"attachment_239479\" aria-describedby=\"caption-attachment-239479\" style=\"width: 1280px\" class=\"wp-caption alignnone\"><img loading=\"lazy\" decoding=\"async\" class=\"size-full wp-image-239479\" src=\"https:\/\/www.fiscalia.gov.co\/colombia\/wp-content\/uploads\/Yei-y-Jero-presuntos-homicidas.jpeg\" alt=\"\" width=\"1280\" height=\"1029\" srcset=\"https:\/\/www.fiscalia.gov.co\/colombia\/wp-content\/uploads\/Yei-y-Jero-presuntos-homicidas.jpeg 1280w, https:\/\/www.fiscalia.gov.co\/colombia\/wp-content\/uploads\/Yei-y-Jero-presuntos-homicidas-300x241.jpeg 300w, https:\/\/www.fiscalia.gov.co\/colombia\/wp-content\/uploads\/Yei-y-Jero-presuntos-homicidas-1024x823.jpeg 1024w, https:\/\/www.fiscalia.gov.co\/colombia\/wp-content\/uploads\/Yei-y-Jero-presuntos-homicidas-768x617.jpeg 768w, https:\/\/www.fiscalia.gov.co\/colombia\/wp-content\/uploads\/Yei-y-Jero-presuntos-homicidas-696x560.jpeg 696w, https:\/\/www.fiscalia.gov.co\/colombia\/wp-content\/uploads\/Yei-y-Jero-presuntos-homicidas-1068x859.jpeg 1068w, https:\/\/www.fiscalia.gov.co\/colombia\/wp-content\/uploads\/Yei-y-Jero-presuntos-homicidas-522x420.jpeg 522w\" sizes=\"auto, (max-width: 1280px) 100vw, 1280px\" \/><figcaption id=\"caption-attachment-239479\" class=\"wp-caption-text\">Los procesados fueron enviados a prisi\u00f3n se\u00f1alados de acabar con la vida de un joven de 19 a\u00f1os<\/figcaption><\/figure>\n<p style=\"font-weight: 400;\">De acuerdo con el ente investigador, el pasado 26 de enero se present\u00f3 una ri\u00f1a en el barrio Flor del Campo donde estaban, al parecer, los procesados, la v\u00edctima y otras personas.<\/p>\n<p style=\"font-weight: 400;\">En medio de la pelea cay\u00f3 herido Daniel Alex\u00e1nder Alc\u00e1zar Monterroza, de 19 a\u00f1os, que seg\u00fan testigos fue atacado con arma blanca por alias Yei y alias Jeiro. Debido a las heridas la v\u00edctima fue llevada a un centro cl\u00ednico donde ingres\u00f3 sin signos vitales.<\/p>\n<p style=\"font-weight: 400;\">Tras la agresi\u00f3n, un testigo se\u00f1al\u00f3 a cinco ciudadanos los cuales huyeron al notar la presencia de la Polic\u00eda. Sin embargo, en la persecuci\u00f3n se logr\u00f3 la captura de los dos procesados.<\/p>\n<p style=\"font-weight: 400;\">En las audiencias se pudo establecer que, la v\u00edctima fue atacada en m\u00faltiples ocasiones con arma blanca y, al parecer, la ri\u00f1a se present\u00f3 por una situaci\u00f3n de intolerancia.<\/p>\n<p style=\"font-weight: 400;\">Campuzano \u00c1vila tiene varias anotaciones judiciales por homicidio, hurto, violencia intrafamiliar y porte de armas de fuego, entre otras.<\/p>\n<p style=\"font-weight: 400;\">La Fiscal\u00eda habla con resultados<\/p>\n<p style=\"font-weight: 400;\">VHGB\/FAGH\/BCB<\/p>\n<p><em style=\"font-weight: inherit;\">La informaci\u00f3n contenida en este bolet\u00edn de prensa corresponde a la narraci\u00f3n de los hechos noticiosos objetivos, suministrados por los funcionarios encargados de adelantar las investigaciones penales al interior de la Fiscal\u00eda General de la Naci\u00f3n. Para el momento de la divulgaci\u00f3n de este comunicado, la situaci\u00f3n jur\u00eddica de la(s) persona(s) relacionada(s) se encuentra pendiente de resolver por la autoridad judicial competente, siempre bajo los preceptos de la presunci\u00f3n de inocencia, consagrados en el art\u00edculo 29 de la Constituci\u00f3n Pol\u00edtica y el art\u00edculo 7\u00ba de la Ley 906 de 2004<\/em><\/p>\n<p><strong style=\"font-style: inherit;\">Le puede interesar:<\/strong><\/p>\n<p><a href=\"https:\/\/www.fiscalia.gov.co\/colombia\/hechos-concretos\/a-la-carcel-presuntos-homicidas-de-felipe-tobon-deportista-asesinado-en-las-tres-cruces-de-cali\/\" data-saferedirecturl=\"https:\/\/www.google.com\/url?q=https:\/\/www.fiscalia.gov.co\/colombia\/hechos-concretos\/a-la-carcel-presuntos-homicidas-de-felipe-tobon-deportista-asesinado-en-las-tres-cruces-de-cali\/&amp;source=gmail&amp;ust=1643758935085000&amp;usg=AOvVaw1m8iE2VrepfLXJ91GDbs51\">A la c\u00e1rcel presuntos homicidas de Felipe Tob\u00f3n, deportista asesinado en Las Tres Cruces de Cali<\/a><\/p>\n<p><a href=\"https:\/\/www.fiscalia.gov.co\/colombia\/seccionales\/a-la-carcel-cuatro-extranjeros-presuntos-homicidas-de-un-habitante-de-calle-del-barrio-el-restrepo-en-bogota\/\" data-saferedirecturl=\"https:\/\/www.google.com\/url?q=https:\/\/www.fiscalia.gov.co\/colombia\/seccionales\/a-la-carcel-cuatro-extranjeros-presuntos-homicidas-de-un-habitante-de-calle-del-barrio-el-restrepo-en-bogota\/&amp;source=gmail&amp;ust=1643758935085000&amp;usg=AOvVaw32DIN4DIsrao7jNwDqxPLW\">A la c\u00e1rcel cuatro extranjeros, presuntos homicidas de un habitante de calle del barrio El Restrepo en Bogot\u00e1<\/a><\/p>\n<p>&nbsp;<\/p>\n<p>&nbsp;<\/p>\n\n<div class=\"twitter-share\"><a href=\"https:\/\/twitter.com\/intent\/tweet?via=fiscaliacol\" class=\"twitter-share-button\">Tweet<\/a><\/div>\n","protected":false},"excerpt":{"rendered":"<p>De acuerdo con la investigaci\u00f3n en el asesinato de la v\u00edctima, presuntamente, participaron cinco personas. Tres son buscadas por la polic\u00eda. Un juez con funciones de control de garant\u00edas aval\u00f3 el material probatorio presentado por un fiscal de la seccional Bol\u00edvar y dict\u00f3 medida de aseguramiento en establecimiento carcelario en contra de Yeimer Jos\u00e9 Campuzano [&hellip;]<\/p>\n","protected":false},"author":176,"featured_media":0,"comment_status":"closed","ping_status":"open","sticky":false,"template":"","format":"standard","meta":{"_price":"","_stock":"","_tribe_ticket_header":"","_tribe_default_ticket_provider":"","_tribe_ticket_capacity":"0","_ticket_start_date":"","_ticket_end_date":"","_tribe_ticket_show_description":"","_tribe_ticket_show_not_going":false,"_tribe_ticket_use_global_stock":"","_tribe_ticket_global_stock_level":"","_global_stock_mode":"","_global_stock_cap":"","_tribe_rsvp_for_event":"","_tribe_ticket_going_count":"","_tribe_ticket_not_going_count":"","_tribe_tickets_list":"[]","_tribe_ticket_has_attendee_info_fields":false,"tdm_status":"","tdm_grid_status":"","footnotes":""},"categories":[1,325,303,24099],"tags":[5180,24187,1047,686,1185,558,4348],"class_list":{"0":"post-239478","1":"post","2":"type-post","3":"status-publish","4":"format-standard","6":"category-noticias","7":"category-seccional-cartagena","8":"category-seccionales","9":"category-seguridad-territorial","10":"tag-arma-blanca","11":"tag-fiscalia-colombia","12":"tag-fiscalia-general-de-la-nacion","13":"tag-homicidio-agravado","14":"tag-medida-de-aseguramiento","15":"tag-policia-nacional","16":"tag-rina"},"yoast_head":"<!-- This site is optimized with the Yoast SEO plugin v24.3 - https:\/\/yoast.com\/wordpress\/plugins\/seo\/ -->\n<title>Fiscal\u00eda General de la Naci\u00f3n<\/title>\n<meta name=\"description\" content=\"P\u00e1gina oficial de la Fiscal\u00eda General de la Naci\u00f3n \u2013 Colombia. Garantizamos el acceso efectivo a la justicia, la verdad y la reparaci\u00f3n de las v\u00edctimas de los delitos.\" \/>\n<meta name=\"robots\" content=\"noindex, follow\" \/>\n<meta property=\"og:locale\" content=\"es_ES\" \/>\n<meta property=\"og:type\" content=\"article\" \/>\n<meta property=\"og:title\" content=\"Fiscal\u00eda General de la Naci\u00f3n\" \/>\n<meta property=\"og:description\" content=\"P\u00e1gina oficial de la Fiscal\u00eda General de la Naci\u00f3n \u2013 Colombia. Garantizamos el acceso efectivo a la justicia, la verdad y la reparaci\u00f3n de las v\u00edctimas de los delitos.\" \/>\n<meta property=\"og:url\" content=\"https:\/\/www.fiscalia.gov.co\/colombia\/noticias\/a-prision-alias-yei-y-jeiro-presuntos-homicidas-de-un-ciudadano-en-medio-de-una-rina\/\" \/>\n<meta property=\"og:site_name\" content=\"Fiscal\u00eda General de la Naci\u00f3n\" \/>\n<meta property=\"article:publisher\" content=\"https:\/\/www.facebook.com\/FiscaliaCol\" \/>\n<meta property=\"article:published_time\" content=\"2022-01-31T23:51:53+00:00\" \/>\n<meta property=\"og:image\" content=\"https:\/\/www.fiscalia.gov.co\/colombia\/wp-content\/uploads\/Yei-y-Jero-presuntos-homicidas.jpeg\" \/>\n<meta name=\"author\" content=\"Johanna Black Prieto Pe\u00f1a\" \/>\n<meta name=\"twitter:card\" content=\"summary_large_image\" \/>\n<meta name=\"twitter:creator\" content=\"@FiscaliaCol\" \/>\n<meta name=\"twitter:site\" content=\"@FiscaliaCol\" \/>\n<meta name=\"twitter:label1\" content=\"Escrito por\" \/>\n\t<meta name=\"twitter:data1\" content=\"Johanna Black Prieto Pe\u00f1a\" \/>\n\t<meta name=\"twitter:label2\" content=\"Tiempo de lectura\" \/>\n\t<meta name=\"twitter:data2\" content=\"2 minutos\" \/>\n<script type=\"application\/ld+json\" class=\"yoast-schema-graph\">{\"@context\":\"https:\/\/schema.org\",\"@graph\":[{\"@type\":\"Article\",\"@id\":\"https:\/\/www.fiscalia.gov.co\/colombia\/noticias\/a-prision-alias-yei-y-jeiro-presuntos-homicidas-de-un-ciudadano-en-medio-de-una-rina\/#article\",\"isPartOf\":{\"@id\":\"https:\/\/www.fiscalia.gov.co\/colombia\/noticias\/a-prision-alias-yei-y-jeiro-presuntos-homicidas-de-un-ciudadano-en-medio-de-una-rina\/\"},\"author\":{\"name\":\"Johanna Black Prieto Pe\u00f1a\",\"@id\":\"https:\/\/www.fiscalia.gov.co\/colombia\/#\/schema\/person\/b19b49f26569f91393176a2b3d13a0e5\"},\"headline\":\"A prisi\u00f3n alias Yei y Jeiro, presuntos homicidas de un ciudadano en medio de una ri\u00f1a\",\"datePublished\":\"2022-01-31T23:51:53+00:00\",\"dateModified\":\"2022-01-31T23:51:53+00:00\",\"mainEntityOfPage\":{\"@id\":\"https:\/\/www.fiscalia.gov.co\/colombia\/noticias\/a-prision-alias-yei-y-jeiro-presuntos-homicidas-de-un-ciudadano-en-medio-de-una-rina\/\"},\"wordCount\":447,\"publisher\":{\"@id\":\"https:\/\/www.fiscalia.gov.co\/colombia\/#organization\"},\"image\":{\"@id\":\"https:\/\/www.fiscalia.gov.co\/colombia\/noticias\/a-prision-alias-yei-y-jeiro-presuntos-homicidas-de-un-ciudadano-en-medio-de-una-rina\/#primaryimage\"},\"thumbnailUrl\":\"https:\/\/www.fiscalia.gov.co\/colombia\/wp-content\/uploads\/Yei-y-Jero-presuntos-homicidas.jpeg\",\"keywords\":[\"Arma Blanca\",\"Fiscal\u00eda Colombia\",\"Fiscal\u00eda General de la Naci\u00f3n\",\"Homicidio agravado\",\"Medida de aseguramiento\",\"Polic\u00eda Nacional\",\"Ri\u00f1a\"],\"articleSection\":[\"Noticias\",\"Seccional Cartagena\",\"Seccionales\",\"Seguridad territorial\"],\"inLanguage\":\"es-CO\"},{\"@type\":\"WebPage\",\"@id\":\"https:\/\/www.fiscalia.gov.co\/colombia\/noticias\/a-prision-alias-yei-y-jeiro-presuntos-homicidas-de-un-ciudadano-en-medio-de-una-rina\/\",\"url\":\"https:\/\/www.fiscalia.gov.co\/colombia\/noticias\/a-prision-alias-yei-y-jeiro-presuntos-homicidas-de-un-ciudadano-en-medio-de-una-rina\/\",\"name\":\"Fiscal\u00eda General de la Naci\u00f3n\",\"isPartOf\":{\"@id\":\"https:\/\/www.fiscalia.gov.co\/colombia\/#website\"},\"primaryImageOfPage\":{\"@id\":\"https:\/\/www.fiscalia.gov.co\/colombia\/noticias\/a-prision-alias-yei-y-jeiro-presuntos-homicidas-de-un-ciudadano-en-medio-de-una-rina\/#primaryimage\"},\"image\":{\"@id\":\"https:\/\/www.fiscalia.gov.co\/colombia\/noticias\/a-prision-alias-yei-y-jeiro-presuntos-homicidas-de-un-ciudadano-en-medio-de-una-rina\/#primaryimage\"},\"thumbnailUrl\":\"https:\/\/www.fiscalia.gov.co\/colombia\/wp-content\/uploads\/Yei-y-Jero-presuntos-homicidas.jpeg\",\"datePublished\":\"2022-01-31T23:51:53+00:00\",\"dateModified\":\"2022-01-31T23:51:53+00:00\",\"description\":\"P\u00e1gina oficial de la Fiscal\u00eda General de la Naci\u00f3n \u2013 Colombia. Garantizamos el acceso efectivo a la justicia, la verdad y la reparaci\u00f3n de las v\u00edctimas de los delitos.\",\"breadcrumb\":{\"@id\":\"https:\/\/www.fiscalia.gov.co\/colombia\/noticias\/a-prision-alias-yei-y-jeiro-presuntos-homicidas-de-un-ciudadano-en-medio-de-una-rina\/#breadcrumb\"},\"inLanguage\":\"es-CO\",\"potentialAction\":[{\"@type\":\"ReadAction\",\"target\":[\"https:\/\/www.fiscalia.gov.co\/colombia\/noticias\/a-prision-alias-yei-y-jeiro-presuntos-homicidas-de-un-ciudadano-en-medio-de-una-rina\/\"]}]},{\"@type\":\"ImageObject\",\"inLanguage\":\"es-CO\",\"@id\":\"https:\/\/www.fiscalia.gov.co\/colombia\/noticias\/a-prision-alias-yei-y-jeiro-presuntos-homicidas-de-un-ciudadano-en-medio-de-una-rina\/#primaryimage\",\"url\":\"https:\/\/www.fiscalia.gov.co\/colombia\/wp-content\/uploads\/Yei-y-Jero-presuntos-homicidas.jpeg\",\"contentUrl\":\"https:\/\/www.fiscalia.gov.co\/colombia\/wp-content\/uploads\/Yei-y-Jero-presuntos-homicidas.jpeg\",\"width\":1280,\"height\":1029,\"caption\":\"Los procesados fueron enviados a prisi\u00f3n se\u00f1alados de acabar con la vida de un joven de 19 a\u00f1os\"},{\"@type\":\"BreadcrumbList\",\"@id\":\"https:\/\/www.fiscalia.gov.co\/colombia\/noticias\/a-prision-alias-yei-y-jeiro-presuntos-homicidas-de-un-ciudadano-en-medio-de-una-rina\/#breadcrumb\",\"itemListElement\":[{\"@type\":\"ListItem\",\"position\":1,\"name\":\"Home\",\"item\":\"https:\/\/www.fiscalia.gov.co\/colombia\/\"},{\"@type\":\"ListItem\",\"position\":2,\"name\":\"A prisi\u00f3n alias Yei y Jeiro, presuntos homicidas de un ciudadano en medio de una ri\u00f1a\"}]},{\"@type\":\"WebSite\",\"@id\":\"https:\/\/www.fiscalia.gov.co\/colombia\/#website\",\"url\":\"https:\/\/www.fiscalia.gov.co\/colombia\/\",\"name\":\"Fiscal\u00eda General de la Naci\u00f3n\",\"description\":\"P\u00e1gina oficial de la Fiscal\u00eda General de la Naci\u00f3n \u2013 Colombia. Garantizamos el acceso efectivo a la justicia, la verdad y la reparaci\u00f3n de las v\u00edctimas de los delitos.\",\"publisher\":{\"@id\":\"https:\/\/www.fiscalia.gov.co\/colombia\/#organization\"},\"potentialAction\":[{\"@type\":\"SearchAction\",\"target\":{\"@type\":\"EntryPoint\",\"urlTemplate\":\"https:\/\/www.fiscalia.gov.co\/colombia\/?s={search_term_string}\"},\"query-input\":{\"@type\":\"PropertyValueSpecification\",\"valueRequired\":true,\"valueName\":\"search_term_string\"}}],\"inLanguage\":\"es-CO\"},{\"@type\":\"Organization\",\"@id\":\"https:\/\/www.fiscalia.gov.co\/colombia\/#organization\",\"name\":\"Fiscal\u00eda General de la Naci\u00f3n\",\"url\":\"https:\/\/www.fiscalia.gov.co\/colombia\/\",\"logo\":{\"@type\":\"ImageObject\",\"inLanguage\":\"es-CO\",\"@id\":\"https:\/\/www.fiscalia.gov.co\/colombia\/#\/schema\/logo\/image\/\",\"url\":\"https:\/\/www.fiscalia.gov.co\/colombia\/wp-content\/uploads\/LogoHorizontal_1.jpg\",\"contentUrl\":\"https:\/\/www.fiscalia.gov.co\/colombia\/wp-content\/uploads\/LogoHorizontal_1.jpg\",\"width\":300,\"height\":90,\"caption\":\"Fiscal\u00eda General de la Naci\u00f3n\"},\"image\":{\"@id\":\"https:\/\/www.fiscalia.gov.co\/colombia\/#\/schema\/logo\/image\/\"},\"sameAs\":[\"https:\/\/www.facebook.com\/FiscaliaCol\",\"https:\/\/x.com\/FiscaliaCol\",\"https:\/\/www.instagram.com\/fiscaliacol\",\"https:\/\/www.linkedin.com\/company\/fiscalia-general-de-la-naci-n\/\",\"https:\/\/youtube.com\/@fiscaliageneraldelanacion-4668?si=6nN79nyQICPU5iTh\"]},{\"@type\":\"Person\",\"@id\":\"https:\/\/www.fiscalia.gov.co\/colombia\/#\/schema\/person\/b19b49f26569f91393176a2b3d13a0e5\",\"name\":\"Johanna Black Prieto Pe\u00f1a\",\"image\":{\"@type\":\"ImageObject\",\"inLanguage\":\"es-CO\",\"@id\":\"https:\/\/www.fiscalia.gov.co\/colombia\/#\/schema\/person\/image\/\",\"url\":\"https:\/\/secure.gravatar.com\/avatar\/7f04518e1774335e76d761d76f04003e?s=96&d=mm&r=g\",\"contentUrl\":\"https:\/\/secure.gravatar.com\/avatar\/7f04518e1774335e76d761d76f04003e?s=96&d=mm&r=g\",\"caption\":\"Johanna Black Prieto Pe\u00f1a\"},\"url\":\"https:\/\/www.fiscalia.gov.co\/colombia\/author\/jprieto\/\"}]}<\/script>\n<!-- \/ Yoast SEO plugin. -->","yoast_head_json":{"title":"Fiscal\u00eda General de la Naci\u00f3n","description":"P\u00e1gina oficial de la Fiscal\u00eda General de la Naci\u00f3n \u2013 Colombia. Garantizamos el acceso efectivo a la justicia, la verdad y la reparaci\u00f3n de las v\u00edctimas de los delitos.","robots":{"index":"noindex","follow":"follow"},"og_locale":"es_ES","og_type":"article","og_title":"Fiscal\u00eda General de la Naci\u00f3n","og_description":"P\u00e1gina oficial de la Fiscal\u00eda General de la Naci\u00f3n \u2013 Colombia. Garantizamos el acceso efectivo a la justicia, la verdad y la reparaci\u00f3n de las v\u00edctimas de los delitos.","og_url":"https:\/\/www.fiscalia.gov.co\/colombia\/noticias\/a-prision-alias-yei-y-jeiro-presuntos-homicidas-de-un-ciudadano-en-medio-de-una-rina\/","og_site_name":"Fiscal\u00eda General de la Naci\u00f3n","article_publisher":"https:\/\/www.facebook.com\/FiscaliaCol","article_published_time":"2022-01-31T23:51:53+00:00","og_image":[{"url":"https:\/\/www.fiscalia.gov.co\/colombia\/wp-content\/uploads\/Yei-y-Jero-presuntos-homicidas.jpeg","type":"","width":"","height":""}],"author":"Johanna Black Prieto Pe\u00f1a","twitter_card":"summary_large_image","twitter_creator":"@FiscaliaCol","twitter_site":"@FiscaliaCol","twitter_misc":{"Escrito por":"Johanna Black Prieto Pe\u00f1a","Tiempo de lectura":"2 minutos"},"schema":{"@context":"https:\/\/schema.org","@graph":[{"@type":"Article","@id":"https:\/\/www.fiscalia.gov.co\/colombia\/noticias\/a-prision-alias-yei-y-jeiro-presuntos-homicidas-de-un-ciudadano-en-medio-de-una-rina\/#article","isPartOf":{"@id":"https:\/\/www.fiscalia.gov.co\/colombia\/noticias\/a-prision-alias-yei-y-jeiro-presuntos-homicidas-de-un-ciudadano-en-medio-de-una-rina\/"},"author":{"name":"Johanna Black Prieto Pe\u00f1a","@id":"https:\/\/www.fiscalia.gov.co\/colombia\/#\/schema\/person\/b19b49f26569f91393176a2b3d13a0e5"},"headline":"A prisi\u00f3n alias Yei y Jeiro, presuntos homicidas de un ciudadano en medio de una ri\u00f1a","datePublished":"2022-01-31T23:51:53+00:00","dateModified":"2022-01-31T23:51:53+00:00","mainEntityOfPage":{"@id":"https:\/\/www.fiscalia.gov.co\/colombia\/noticias\/a-prision-alias-yei-y-jeiro-presuntos-homicidas-de-un-ciudadano-en-medio-de-una-rina\/"},"wordCount":447,"publisher":{"@id":"https:\/\/www.fiscalia.gov.co\/colombia\/#organization"},"image":{"@id":"https:\/\/www.fiscalia.gov.co\/colombia\/noticias\/a-prision-alias-yei-y-jeiro-presuntos-homicidas-de-un-ciudadano-en-medio-de-una-rina\/#primaryimage"},"thumbnailUrl":"https:\/\/www.fiscalia.gov.co\/colombia\/wp-content\/uploads\/Yei-y-Jero-presuntos-homicidas.jpeg","keywords":["Arma Blanca","Fiscal\u00eda Colombia","Fiscal\u00eda General de la Naci\u00f3n","Homicidio agravado","Medida de aseguramiento","Polic\u00eda Nacional","Ri\u00f1a"],"articleSection":["Noticias","Seccional Cartagena","Seccionales","Seguridad territorial"],"inLanguage":"es-CO"},{"@type":"WebPage","@id":"https:\/\/www.fiscalia.gov.co\/colombia\/noticias\/a-prision-alias-yei-y-jeiro-presuntos-homicidas-de-un-ciudadano-en-medio-de-una-rina\/","url":"https:\/\/www.fiscalia.gov.co\/colombia\/noticias\/a-prision-alias-yei-y-jeiro-presuntos-homicidas-de-un-ciudadano-en-medio-de-una-rina\/","name":"Fiscal\u00eda General de la Naci\u00f3n","isPartOf":{"@id":"https:\/\/www.fiscalia.gov.co\/colombia\/#website"},"primaryImageOfPage":{"@id":"https:\/\/www.fiscalia.gov.co\/colombia\/noticias\/a-prision-alias-yei-y-jeiro-presuntos-homicidas-de-un-ciudadano-en-medio-de-una-rina\/#primaryimage"},"image":{"@id":"https:\/\/www.fiscalia.gov.co\/colombia\/noticias\/a-prision-alias-yei-y-jeiro-presuntos-homicidas-de-un-ciudadano-en-medio-de-una-rina\/#primaryimage"},"thumbnailUrl":"https:\/\/www.fiscalia.gov.co\/colombia\/wp-content\/uploads\/Yei-y-Jero-presuntos-homicidas.jpeg","datePublished":"2022-01-31T23:51:53+00:00","dateModified":"2022-01-31T23:51:53+00:00","description":"P\u00e1gina oficial de la Fiscal\u00eda General de la Naci\u00f3n \u2013 Colombia. Garantizamos el acceso efectivo a la justicia, la verdad y la reparaci\u00f3n de las v\u00edctimas de los delitos.","breadcrumb":{"@id":"https:\/\/www.fiscalia.gov.co\/colombia\/noticias\/a-prision-alias-yei-y-jeiro-presuntos-homicidas-de-un-ciudadano-en-medio-de-una-rina\/#breadcrumb"},"inLanguage":"es-CO","potentialAction":[{"@type":"ReadAction","target":["https:\/\/www.fiscalia.gov.co\/colombia\/noticias\/a-prision-alias-yei-y-jeiro-presuntos-homicidas-de-un-ciudadano-en-medio-de-una-rina\/"]}]},{"@type":"ImageObject","inLanguage":"es-CO","@id":"https:\/\/www.fiscalia.gov.co\/colombia\/noticias\/a-prision-alias-yei-y-jeiro-presuntos-homicidas-de-un-ciudadano-en-medio-de-una-rina\/#primaryimage","url":"https:\/\/www.fiscalia.gov.co\/colombia\/wp-content\/uploads\/Yei-y-Jero-presuntos-homicidas.jpeg","contentUrl":"https:\/\/www.fiscalia.gov.co\/colombia\/wp-content\/uploads\/Yei-y-Jero-presuntos-homicidas.jpeg","width":1280,"height":1029,"caption":"Los procesados fueron enviados a prisi\u00f3n se\u00f1alados de acabar con la vida de un joven de 19 a\u00f1os"},{"@type":"BreadcrumbList","@id":"https:\/\/www.fiscalia.gov.co\/colombia\/noticias\/a-prision-alias-yei-y-jeiro-presuntos-homicidas-de-un-ciudadano-en-medio-de-una-rina\/#breadcrumb","itemListElement":[{"@type":"ListItem","position":1,"name":"Home","item":"https:\/\/www.fiscalia.gov.co\/colombia\/"},{"@type":"ListItem","position":2,"name":"A prisi\u00f3n alias Yei y Jeiro, presuntos homicidas de un ciudadano en medio de una ri\u00f1a"}]},{"@type":"WebSite","@id":"https:\/\/www.fiscalia.gov.co\/colombia\/#website","url":"https:\/\/www.fiscalia.gov.co\/colombia\/","name":"Fiscal\u00eda General de la Naci\u00f3n","description":"P\u00e1gina oficial de la Fiscal\u00eda General de la Naci\u00f3n \u2013 Colombia. Garantizamos el acceso efectivo a la justicia, la verdad y la reparaci\u00f3n de las v\u00edctimas de los delitos.","publisher":{"@id":"https:\/\/www.fiscalia.gov.co\/colombia\/#organization"},"potentialAction":[{"@type":"SearchAction","target":{"@type":"EntryPoint","urlTemplate":"https:\/\/www.fiscalia.gov.co\/colombia\/?s={search_term_string}"},"query-input":{"@type":"PropertyValueSpecification","valueRequired":true,"valueName":"search_term_string"}}],"inLanguage":"es-CO"},{"@type":"Organization","@id":"https:\/\/www.fiscalia.gov.co\/colombia\/#organization","name":"Fiscal\u00eda General de la Naci\u00f3n","url":"https:\/\/www.fiscalia.gov.co\/colombia\/","logo":{"@type":"ImageObject","inLanguage":"es-CO","@id":"https:\/\/www.fiscalia.gov.co\/colombia\/#\/schema\/logo\/image\/","url":"https:\/\/www.fiscalia.gov.co\/colombia\/wp-content\/uploads\/LogoHorizontal_1.jpg","contentUrl":"https:\/\/www.fiscalia.gov.co\/colombia\/wp-content\/uploads\/LogoHorizontal_1.jpg","width":300,"height":90,"caption":"Fiscal\u00eda General de la Naci\u00f3n"},"image":{"@id":"https:\/\/www.fiscalia.gov.co\/colombia\/#\/schema\/logo\/image\/"},"sameAs":["https:\/\/www.facebook.com\/FiscaliaCol","https:\/\/x.com\/FiscaliaCol","https:\/\/www.instagram.com\/fiscaliacol","https:\/\/www.linkedin.com\/company\/fiscalia-general-de-la-naci-n\/","https:\/\/youtube.com\/@fiscaliageneraldelanacion-4668?si=6nN79nyQICPU5iTh"]},{"@type":"Person","@id":"https:\/\/www.fiscalia.gov.co\/colombia\/#\/schema\/person\/b19b49f26569f91393176a2b3d13a0e5","name":"Johanna Black Prieto Pe\u00f1a","image":{"@type":"ImageObject","inLanguage":"es-CO","@id":"https:\/\/www.fiscalia.gov.co\/colombia\/#\/schema\/person\/image\/","url":"https:\/\/secure.gravatar.com\/avatar\/7f04518e1774335e76d761d76f04003e?s=96&d=mm&r=g","contentUrl":"https:\/\/secure.gravatar.com\/avatar\/7f04518e1774335e76d761d76f04003e?s=96&d=mm&r=g","caption":"Johanna Black Prieto Pe\u00f1a"},"url":"https:\/\/www.fiscalia.gov.co\/colombia\/author\/jprieto\/"}]}},"_links":{"self":[{"href":"https:\/\/www.fiscalia.gov.co\/colombia\/wp-json\/wp\/v2\/posts\/239478","targetHints":{"allow":["GET"]}}],"collection":[{"href":"https:\/\/www.fiscalia.gov.co\/colombia\/wp-json\/wp\/v2\/posts"}],"about":[{"href":"https:\/\/www.fiscalia.gov.co\/colombia\/wp-json\/wp\/v2\/types\/post"}],"author":[{"embeddable":true,"href":"https:\/\/www.fiscalia.gov.co\/colombia\/wp-json\/wp\/v2\/users\/176"}],"replies":[{"embeddable":true,"href":"https:\/\/www.fiscalia.gov.co\/colombia\/wp-json\/wp\/v2\/comments?post=239478"}],"version-history":[{"count":1,"href":"https:\/\/www.fiscalia.gov.co\/colombia\/wp-json\/wp\/v2\/posts\/239478\/revisions"}],"predecessor-version":[{"id":239480,"href":"https:\/\/www.fiscalia.gov.co\/colombia\/wp-json\/wp\/v2\/posts\/239478\/revisions\/239480"}],"wp:attachment":[{"href":"https:\/\/www.fiscalia.gov.co\/colombia\/wp-json\/wp\/v2\/media?parent=239478"}],"wp:term":[{"taxonomy":"category","embeddable":true,"href":"https:\/\/www.fiscalia.gov.co\/colombia\/wp-json\/wp\/v2\/categories?post=239478"},{"taxonomy":"post_tag","embeddable":true,"href":"https:\/\/www.fiscalia.gov.co\/colombia\/wp-json\/wp\/v2\/tags?post=239478"}],"curies":[{"name":"wp","href":"https:\/\/api.w.org\/{rel}","templated":true}]}}