{"id":239434,"date":"2022-01-31T14:24:56","date_gmt":"2022-01-31T19:24:56","guid":{"rendered":"https:\/\/www.fiscalia.gov.co\/colombia\/?p=239434"},"modified":"2022-01-31T14:24:56","modified_gmt":"2022-01-31T19:24:56","slug":"a-la-carcel-un-hombre-que-al-parecer-le-disparo-a-su-expareja-sentimental-y-le-quito-la-vida-en-la-localidad-de-kennedy","status":"publish","type":"post","link":"https:\/\/www.fiscalia.gov.co\/colombia\/noticias\/a-la-carcel-un-hombre-que-al-parecer-le-disparo-a-su-expareja-sentimental-y-le-quito-la-vida-en-la-localidad-de-kennedy\/","title":{"rendered":"A la c\u00e1rcel un hombre que al parecer le dispar\u00f3 a su expareja sentimental y le quit\u00f3 la vida en la localidad de Kennedy"},"content":{"rendered":"<p>La Fiscal\u00eda logr\u00f3 la judicializaci\u00f3n de H\u00e9ctor Camilo Fern\u00e1ndez Ram\u00edrez, quien, al parecer, el 25 de diciembre de 2021 le quit\u00f3 la vida a su expareja sentimental.<\/p>\n<p>De acuerdo con la investigaci\u00f3n realizada por el CTI de Bogot\u00e1, bajo la coordinaci\u00f3n de un fiscal de la Unidad de Vida, el d\u00eda de los hechos, en un inmueble ubicado en el barrio Las Luces en la localidad de Kennedy, una joven, de 20 a\u00f1os, se encontraba esperando transporte para ir a la casa de su pareja sentimental.<\/p>\n<p>Presuntamente, ingres\u00f3 a la residencia Fern\u00e1ndez Ram\u00edrez, persona con la cual hab\u00eda tenido una relaci\u00f3n y hab\u00eda sido v\u00edctima de violencia f\u00edsica y psicol\u00f3gica. Ya en la vivienda el hoy procesado habr\u00eda accionado un arma de fuego en contra de la mujer y le produjo la muerte. De acuerdo con el material probatorio, el agresor habr\u00eda huido del lugar.<\/p>\n<p>El hombre fue detenido por orden judicial, por parte de la Polic\u00eda de Vigilancia, en el barrio Santa Lucia de la localidad de Rafael Uribe Uribe.<\/p>\n<p>En audiencias preliminares se legaliz\u00f3 la captura, la Fiscal\u00eda formul\u00f3 imputaci\u00f3n por los delitos de feminicidio agravado y porte ilegal de armas de fuego, cargos que no fueron aceptados por el procesado.<\/p>\n<p>Un juez con funci\u00f3n de control de garant\u00edas impuso medida de aseguramiento en establecimiento carcelario.<\/p>\n<p><strong>La Fiscal\u00eda General de la Naci\u00f3n habla con resultados.<\/strong><strong>\u00a0<\/strong><\/p>\n<p>LMFO\/MOM\/FAGH\/MRC<\/p>\n\n<div class=\"twitter-share\"><a href=\"https:\/\/twitter.com\/intent\/tweet?via=fiscaliacol\" class=\"twitter-share-button\">Tweet<\/a><\/div>\n","protected":false},"excerpt":{"rendered":"<p>La Fiscal\u00eda logr\u00f3 la judicializaci\u00f3n de H\u00e9ctor Camilo Fern\u00e1ndez Ram\u00edrez, quien, al parecer, el 25 de diciembre de 2021 le quit\u00f3 la vida a su expareja sentimental. De acuerdo con [&hellip;]<\/p>\n","protected":false},"author":176,"featured_media":0,"comment_status":"closed","ping_status":"open","sticky":false,"template":"","format":"standard","meta":{"tdm_status":"","tdm_grid_status":"","footnotes":""},"categories":[1,321,303,24099],"tags":[24189,78,24526,1047],"class_list":["post-239434","post","type-post","status-publish","format-standard","category-noticias","category-seccional-bogota","category-seccionales","category-seguridad-territorial","tag-fiscal-francisco-barbosa-delgado","tag-fiscal-general-de-la-nacion","tag-fiscal-general-francisco-barbosa-delgado","tag-fiscalia-general-de-la-nacion"],"yoast_head":"<!-- This site is optimized with the Yoast SEO plugin v24.3 - https:\/\/yoast.com\/wordpress\/plugins\/seo\/ -->\n<title>Fiscal\u00eda General de la Naci\u00f3n<\/title>\n<meta name=\"description\" content=\"P\u00e1gina oficial de la Fiscal\u00eda General de la Naci\u00f3n \u2013 Colombia. Garantizamos el acceso efectivo a la justicia, la verdad y la reparaci\u00f3n de las v\u00edctimas de los delitos.\" \/>\n<meta name=\"robots\" content=\"noindex, follow\" \/>\n<meta property=\"og:locale\" content=\"es_ES\" \/>\n<meta property=\"og:type\" content=\"article\" \/>\n<meta property=\"og:title\" content=\"Fiscal\u00eda General de la Naci\u00f3n\" \/>\n<meta property=\"og:description\" content=\"P\u00e1gina oficial de la Fiscal\u00eda General de la Naci\u00f3n \u2013 Colombia. Garantizamos el acceso efectivo a la justicia, la verdad y la reparaci\u00f3n de las v\u00edctimas de los delitos.\" \/>\n<meta property=\"og:url\" content=\"https:\/\/www.fiscalia.gov.co\/colombia\/noticias\/a-la-carcel-un-hombre-que-al-parecer-le-disparo-a-su-expareja-sentimental-y-le-quito-la-vida-en-la-localidad-de-kennedy\/\" \/>\n<meta property=\"og:site_name\" content=\"Fiscal\u00eda General de la Naci\u00f3n\" \/>\n<meta property=\"article:publisher\" content=\"https:\/\/www.facebook.com\/FiscaliaCol\" \/>\n<meta property=\"article:published_time\" content=\"2022-01-31T19:24:56+00:00\" \/>\n<meta name=\"author\" content=\"Johanna Black Prieto Pe\u00f1a\" \/>\n<meta name=\"twitter:card\" content=\"summary_large_image\" \/>\n<meta name=\"twitter:creator\" content=\"@FiscaliaCol\" \/>\n<meta name=\"twitter:site\" content=\"@FiscaliaCol\" \/>\n<meta name=\"twitter:label1\" content=\"Escrito por\" \/>\n\t<meta name=\"twitter:data1\" content=\"Johanna Black Prieto Pe\u00f1a\" \/>\n\t<meta name=\"twitter:label2\" content=\"Tiempo de lectura\" \/>\n\t<meta name=\"twitter:data2\" content=\"1 minuto\" \/>\n<script type=\"application\/ld+json\" class=\"yoast-schema-graph\">{\"@context\":\"https:\/\/schema.org\",\"@graph\":[{\"@type\":\"Article\",\"@id\":\"https:\/\/www.fiscalia.gov.co\/colombia\/noticias\/a-la-carcel-un-hombre-que-al-parecer-le-disparo-a-su-expareja-sentimental-y-le-quito-la-vida-en-la-localidad-de-kennedy\/#article\",\"isPartOf\":{\"@id\":\"https:\/\/www.fiscalia.gov.co\/colombia\/noticias\/a-la-carcel-un-hombre-que-al-parecer-le-disparo-a-su-expareja-sentimental-y-le-quito-la-vida-en-la-localidad-de-kennedy\/\"},\"author\":{\"name\":\"Johanna Black Prieto Pe\u00f1a\",\"@id\":\"https:\/\/www.fiscalia.gov.co\/colombia\/#\/schema\/person\/b19b49f26569f91393176a2b3d13a0e5\"},\"headline\":\"A la c\u00e1rcel un hombre que al parecer le dispar\u00f3 a su expareja sentimental y le quit\u00f3 la vida en la localidad de Kennedy\",\"datePublished\":\"2022-01-31T19:24:56+00:00\",\"dateModified\":\"2022-01-31T19:24:56+00:00\",\"mainEntityOfPage\":{\"@id\":\"https:\/\/www.fiscalia.gov.co\/colombia\/noticias\/a-la-carcel-un-hombre-que-al-parecer-le-disparo-a-su-expareja-sentimental-y-le-quito-la-vida-en-la-localidad-de-kennedy\/\"},\"wordCount\":279,\"publisher\":{\"@id\":\"https:\/\/www.fiscalia.gov.co\/colombia\/#organization\"},\"keywords\":[\"Fiscal Francisco Barbosa Delgado\",\"Fiscal General de la Naci\u00f3n\",\"Fiscal General Francisco Barbosa Delgado\",\"Fiscal\u00eda General de la Naci\u00f3n\"],\"articleSection\":[\"Noticias\",\"Seccional Bogot\u00e1\",\"Seccionales\",\"Seguridad territorial\"],\"inLanguage\":\"es-CO\"},{\"@type\":\"WebPage\",\"@id\":\"https:\/\/www.fiscalia.gov.co\/colombia\/noticias\/a-la-carcel-un-hombre-que-al-parecer-le-disparo-a-su-expareja-sentimental-y-le-quito-la-vida-en-la-localidad-de-kennedy\/\",\"url\":\"https:\/\/www.fiscalia.gov.co\/colombia\/noticias\/a-la-carcel-un-hombre-que-al-parecer-le-disparo-a-su-expareja-sentimental-y-le-quito-la-vida-en-la-localidad-de-kennedy\/\",\"name\":\"Fiscal\u00eda General de la Naci\u00f3n\",\"isPartOf\":{\"@id\":\"https:\/\/www.fiscalia.gov.co\/colombia\/#website\"},\"datePublished\":\"2022-01-31T19:24:56+00:00\",\"dateModified\":\"2022-01-31T19:24:56+00:00\",\"description\":\"P\u00e1gina oficial de la Fiscal\u00eda General de la Naci\u00f3n \u2013 Colombia. Garantizamos el acceso efectivo a la justicia, la verdad y la reparaci\u00f3n de las v\u00edctimas de los delitos.\",\"breadcrumb\":{\"@id\":\"https:\/\/www.fiscalia.gov.co\/colombia\/noticias\/a-la-carcel-un-hombre-que-al-parecer-le-disparo-a-su-expareja-sentimental-y-le-quito-la-vida-en-la-localidad-de-kennedy\/#breadcrumb\"},\"inLanguage\":\"es-CO\",\"potentialAction\":[{\"@type\":\"ReadAction\",\"target\":[\"https:\/\/www.fiscalia.gov.co\/colombia\/noticias\/a-la-carcel-un-hombre-que-al-parecer-le-disparo-a-su-expareja-sentimental-y-le-quito-la-vida-en-la-localidad-de-kennedy\/\"]}]},{\"@type\":\"BreadcrumbList\",\"@id\":\"https:\/\/www.fiscalia.gov.co\/colombia\/noticias\/a-la-carcel-un-hombre-que-al-parecer-le-disparo-a-su-expareja-sentimental-y-le-quito-la-vida-en-la-localidad-de-kennedy\/#breadcrumb\",\"itemListElement\":[{\"@type\":\"ListItem\",\"position\":1,\"name\":\"Home\",\"item\":\"https:\/\/www.fiscalia.gov.co\/colombia\/\"},{\"@type\":\"ListItem\",\"position\":2,\"name\":\"A la c\u00e1rcel un hombre que al parecer le dispar\u00f3 a su expareja sentimental y le quit\u00f3 la vida en la localidad de Kennedy\"}]},{\"@type\":\"WebSite\",\"@id\":\"https:\/\/www.fiscalia.gov.co\/colombia\/#website\",\"url\":\"https:\/\/www.fiscalia.gov.co\/colombia\/\",\"name\":\"Fiscal\u00eda General de la Naci\u00f3n\",\"description\":\"P\u00e1gina oficial de la Fiscal\u00eda General de la Naci\u00f3n \u2013 Colombia. Garantizamos el acceso efectivo a la justicia, la verdad y la reparaci\u00f3n de las v\u00edctimas de los delitos.\",\"publisher\":{\"@id\":\"https:\/\/www.fiscalia.gov.co\/colombia\/#organization\"},\"potentialAction\":[{\"@type\":\"SearchAction\",\"target\":{\"@type\":\"EntryPoint\",\"urlTemplate\":\"https:\/\/www.fiscalia.gov.co\/colombia\/?s={search_term_string}\"},\"query-input\":{\"@type\":\"PropertyValueSpecification\",\"valueRequired\":true,\"valueName\":\"search_term_string\"}}],\"inLanguage\":\"es-CO\"},{\"@type\":\"Organization\",\"@id\":\"https:\/\/www.fiscalia.gov.co\/colombia\/#organization\",\"name\":\"Fiscal\u00eda General de la Naci\u00f3n\",\"url\":\"https:\/\/www.fiscalia.gov.co\/colombia\/\",\"logo\":{\"@type\":\"ImageObject\",\"inLanguage\":\"es-CO\",\"@id\":\"https:\/\/www.fiscalia.gov.co\/colombia\/#\/schema\/logo\/image\/\",\"url\":\"https:\/\/www.fiscalia.gov.co\/colombia\/wp-content\/uploads\/LogoHorizontal_1.jpg\",\"contentUrl\":\"https:\/\/www.fiscalia.gov.co\/colombia\/wp-content\/uploads\/LogoHorizontal_1.jpg\",\"width\":300,\"height\":90,\"caption\":\"Fiscal\u00eda General de la Naci\u00f3n\"},\"image\":{\"@id\":\"https:\/\/www.fiscalia.gov.co\/colombia\/#\/schema\/logo\/image\/\"},\"sameAs\":[\"https:\/\/www.facebook.com\/FiscaliaCol\",\"https:\/\/x.com\/FiscaliaCol\",\"https:\/\/www.instagram.com\/fiscaliacol\",\"https:\/\/www.linkedin.com\/company\/fiscalia-general-de-la-naci-n\/\",\"https:\/\/youtube.com\/@fiscaliageneraldelanacion-4668?si=6nN79nyQICPU5iTh\"]},{\"@type\":\"Person\",\"@id\":\"https:\/\/www.fiscalia.gov.co\/colombia\/#\/schema\/person\/b19b49f26569f91393176a2b3d13a0e5\",\"name\":\"Johanna Black Prieto Pe\u00f1a\",\"image\":{\"@type\":\"ImageObject\",\"inLanguage\":\"es-CO\",\"@id\":\"https:\/\/www.fiscalia.gov.co\/colombia\/#\/schema\/person\/image\/\",\"url\":\"https:\/\/secure.gravatar.com\/avatar\/7f04518e1774335e76d761d76f04003e?s=96&d=mm&r=g\",\"contentUrl\":\"https:\/\/secure.gravatar.com\/avatar\/7f04518e1774335e76d761d76f04003e?s=96&d=mm&r=g\",\"caption\":\"Johanna Black Prieto Pe\u00f1a\"},\"url\":\"https:\/\/www.fiscalia.gov.co\/colombia\/author\/jprieto\/\"}]}<\/script>\n<!-- \/ Yoast SEO plugin. -->","yoast_head_json":{"title":"Fiscal\u00eda General de la Naci\u00f3n","description":"P\u00e1gina oficial de la Fiscal\u00eda General de la Naci\u00f3n \u2013 Colombia. Garantizamos el acceso efectivo a la justicia, la verdad y la reparaci\u00f3n de las v\u00edctimas de los delitos.","robots":{"index":"noindex","follow":"follow"},"og_locale":"es_ES","og_type":"article","og_title":"Fiscal\u00eda General de la Naci\u00f3n","og_description":"P\u00e1gina oficial de la Fiscal\u00eda General de la Naci\u00f3n \u2013 Colombia. Garantizamos el acceso efectivo a la justicia, la verdad y la reparaci\u00f3n de las v\u00edctimas de los delitos.","og_url":"https:\/\/www.fiscalia.gov.co\/colombia\/noticias\/a-la-carcel-un-hombre-que-al-parecer-le-disparo-a-su-expareja-sentimental-y-le-quito-la-vida-en-la-localidad-de-kennedy\/","og_site_name":"Fiscal\u00eda General de la Naci\u00f3n","article_publisher":"https:\/\/www.facebook.com\/FiscaliaCol","article_published_time":"2022-01-31T19:24:56+00:00","author":"Johanna Black Prieto Pe\u00f1a","twitter_card":"summary_large_image","twitter_creator":"@FiscaliaCol","twitter_site":"@FiscaliaCol","twitter_misc":{"Escrito por":"Johanna Black Prieto Pe\u00f1a","Tiempo de lectura":"1 minuto"},"schema":{"@context":"https:\/\/schema.org","@graph":[{"@type":"Article","@id":"https:\/\/www.fiscalia.gov.co\/colombia\/noticias\/a-la-carcel-un-hombre-que-al-parecer-le-disparo-a-su-expareja-sentimental-y-le-quito-la-vida-en-la-localidad-de-kennedy\/#article","isPartOf":{"@id":"https:\/\/www.fiscalia.gov.co\/colombia\/noticias\/a-la-carcel-un-hombre-que-al-parecer-le-disparo-a-su-expareja-sentimental-y-le-quito-la-vida-en-la-localidad-de-kennedy\/"},"author":{"name":"Johanna Black Prieto Pe\u00f1a","@id":"https:\/\/www.fiscalia.gov.co\/colombia\/#\/schema\/person\/b19b49f26569f91393176a2b3d13a0e5"},"headline":"A la c\u00e1rcel un hombre que al parecer le dispar\u00f3 a su expareja sentimental y le quit\u00f3 la vida en la localidad de Kennedy","datePublished":"2022-01-31T19:24:56+00:00","dateModified":"2022-01-31T19:24:56+00:00","mainEntityOfPage":{"@id":"https:\/\/www.fiscalia.gov.co\/colombia\/noticias\/a-la-carcel-un-hombre-que-al-parecer-le-disparo-a-su-expareja-sentimental-y-le-quito-la-vida-en-la-localidad-de-kennedy\/"},"wordCount":279,"publisher":{"@id":"https:\/\/www.fiscalia.gov.co\/colombia\/#organization"},"keywords":["Fiscal Francisco Barbosa Delgado","Fiscal General de la Naci\u00f3n","Fiscal General Francisco Barbosa Delgado","Fiscal\u00eda General de la Naci\u00f3n"],"articleSection":["Noticias","Seccional Bogot\u00e1","Seccionales","Seguridad territorial"],"inLanguage":"es-CO"},{"@type":"WebPage","@id":"https:\/\/www.fiscalia.gov.co\/colombia\/noticias\/a-la-carcel-un-hombre-que-al-parecer-le-disparo-a-su-expareja-sentimental-y-le-quito-la-vida-en-la-localidad-de-kennedy\/","url":"https:\/\/www.fiscalia.gov.co\/colombia\/noticias\/a-la-carcel-un-hombre-que-al-parecer-le-disparo-a-su-expareja-sentimental-y-le-quito-la-vida-en-la-localidad-de-kennedy\/","name":"Fiscal\u00eda General de la Naci\u00f3n","isPartOf":{"@id":"https:\/\/www.fiscalia.gov.co\/colombia\/#website"},"datePublished":"2022-01-31T19:24:56+00:00","dateModified":"2022-01-31T19:24:56+00:00","description":"P\u00e1gina oficial de la Fiscal\u00eda General de la Naci\u00f3n \u2013 Colombia. Garantizamos el acceso efectivo a la justicia, la verdad y la reparaci\u00f3n de las v\u00edctimas de los delitos.","breadcrumb":{"@id":"https:\/\/www.fiscalia.gov.co\/colombia\/noticias\/a-la-carcel-un-hombre-que-al-parecer-le-disparo-a-su-expareja-sentimental-y-le-quito-la-vida-en-la-localidad-de-kennedy\/#breadcrumb"},"inLanguage":"es-CO","potentialAction":[{"@type":"ReadAction","target":["https:\/\/www.fiscalia.gov.co\/colombia\/noticias\/a-la-carcel-un-hombre-que-al-parecer-le-disparo-a-su-expareja-sentimental-y-le-quito-la-vida-en-la-localidad-de-kennedy\/"]}]},{"@type":"BreadcrumbList","@id":"https:\/\/www.fiscalia.gov.co\/colombia\/noticias\/a-la-carcel-un-hombre-que-al-parecer-le-disparo-a-su-expareja-sentimental-y-le-quito-la-vida-en-la-localidad-de-kennedy\/#breadcrumb","itemListElement":[{"@type":"ListItem","position":1,"name":"Home","item":"https:\/\/www.fiscalia.gov.co\/colombia\/"},{"@type":"ListItem","position":2,"name":"A la c\u00e1rcel un hombre que al parecer le dispar\u00f3 a su expareja sentimental y le quit\u00f3 la vida en la localidad de Kennedy"}]},{"@type":"WebSite","@id":"https:\/\/www.fiscalia.gov.co\/colombia\/#website","url":"https:\/\/www.fiscalia.gov.co\/colombia\/","name":"Fiscal\u00eda General de la Naci\u00f3n","description":"P\u00e1gina oficial de la Fiscal\u00eda General de la Naci\u00f3n \u2013 Colombia. Garantizamos el acceso efectivo a la justicia, la verdad y la reparaci\u00f3n de las v\u00edctimas de los delitos.","publisher":{"@id":"https:\/\/www.fiscalia.gov.co\/colombia\/#organization"},"potentialAction":[{"@type":"SearchAction","target":{"@type":"EntryPoint","urlTemplate":"https:\/\/www.fiscalia.gov.co\/colombia\/?s={search_term_string}"},"query-input":{"@type":"PropertyValueSpecification","valueRequired":true,"valueName":"search_term_string"}}],"inLanguage":"es-CO"},{"@type":"Organization","@id":"https:\/\/www.fiscalia.gov.co\/colombia\/#organization","name":"Fiscal\u00eda General de la Naci\u00f3n","url":"https:\/\/www.fiscalia.gov.co\/colombia\/","logo":{"@type":"ImageObject","inLanguage":"es-CO","@id":"https:\/\/www.fiscalia.gov.co\/colombia\/#\/schema\/logo\/image\/","url":"https:\/\/www.fiscalia.gov.co\/colombia\/wp-content\/uploads\/LogoHorizontal_1.jpg","contentUrl":"https:\/\/www.fiscalia.gov.co\/colombia\/wp-content\/uploads\/LogoHorizontal_1.jpg","width":300,"height":90,"caption":"Fiscal\u00eda General de la Naci\u00f3n"},"image":{"@id":"https:\/\/www.fiscalia.gov.co\/colombia\/#\/schema\/logo\/image\/"},"sameAs":["https:\/\/www.facebook.com\/FiscaliaCol","https:\/\/x.com\/FiscaliaCol","https:\/\/www.instagram.com\/fiscaliacol","https:\/\/www.linkedin.com\/company\/fiscalia-general-de-la-naci-n\/","https:\/\/youtube.com\/@fiscaliageneraldelanacion-4668?si=6nN79nyQICPU5iTh"]},{"@type":"Person","@id":"https:\/\/www.fiscalia.gov.co\/colombia\/#\/schema\/person\/b19b49f26569f91393176a2b3d13a0e5","name":"Johanna Black Prieto Pe\u00f1a","image":{"@type":"ImageObject","inLanguage":"es-CO","@id":"https:\/\/www.fiscalia.gov.co\/colombia\/#\/schema\/person\/image\/","url":"https:\/\/secure.gravatar.com\/avatar\/7f04518e1774335e76d761d76f04003e?s=96&d=mm&r=g","contentUrl":"https:\/\/secure.gravatar.com\/avatar\/7f04518e1774335e76d761d76f04003e?s=96&d=mm&r=g","caption":"Johanna Black Prieto Pe\u00f1a"},"url":"https:\/\/www.fiscalia.gov.co\/colombia\/author\/jprieto\/"}]}},"_links":{"self":[{"href":"https:\/\/www.fiscalia.gov.co\/colombia\/wp-json\/wp\/v2\/posts\/239434","targetHints":{"allow":["GET"]}}],"collection":[{"href":"https:\/\/www.fiscalia.gov.co\/colombia\/wp-json\/wp\/v2\/posts"}],"about":[{"href":"https:\/\/www.fiscalia.gov.co\/colombia\/wp-json\/wp\/v2\/types\/post"}],"author":[{"embeddable":true,"href":"https:\/\/www.fiscalia.gov.co\/colombia\/wp-json\/wp\/v2\/users\/176"}],"replies":[{"embeddable":true,"href":"https:\/\/www.fiscalia.gov.co\/colombia\/wp-json\/wp\/v2\/comments?post=239434"}],"version-history":[{"count":1,"href":"https:\/\/www.fiscalia.gov.co\/colombia\/wp-json\/wp\/v2\/posts\/239434\/revisions"}],"predecessor-version":[{"id":239435,"href":"https:\/\/www.fiscalia.gov.co\/colombia\/wp-json\/wp\/v2\/posts\/239434\/revisions\/239435"}],"wp:attachment":[{"href":"https:\/\/www.fiscalia.gov.co\/colombia\/wp-json\/wp\/v2\/media?parent=239434"}],"wp:term":[{"taxonomy":"category","embeddable":true,"href":"https:\/\/www.fiscalia.gov.co\/colombia\/wp-json\/wp\/v2\/categories?post=239434"},{"taxonomy":"post_tag","embeddable":true,"href":"https:\/\/www.fiscalia.gov.co\/colombia\/wp-json\/wp\/v2\/tags?post=239434"}],"curies":[{"name":"wp","href":"https:\/\/api.w.org\/{rel}","templated":true}]}}