{"id":239378,"date":"2022-01-31T09:30:54","date_gmt":"2022-01-31T14:30:54","guid":{"rendered":"https:\/\/www.fiscalia.gov.co\/colombia\/?p=239378"},"modified":"2022-02-07T21:37:10","modified_gmt":"2022-02-08T02:37:10","slug":"fiscalia-entrego-bienes-de-fredy-rendon-herrera-el-aleman-por-23-000-millones-para-reparacion-a-las-victimas-del-conflicto-armado","status":"publish","type":"post","link":"https:\/\/www.fiscalia.gov.co\/colombia\/noticias\/fiscalia-entrego-bienes-de-fredy-rendon-herrera-el-aleman-por-23-000-millones-para-reparacion-a-las-victimas-del-conflicto-armado\/","title":{"rendered":"Fiscal\u00eda entreg\u00f3 bienes de Fredy Rend\u00f3n Herrera, \u2018El Alem\u00e1n\u2019, por $23.000 millones para reparaci\u00f3n a las v\u00edctimas del conflicto armado"},"content":{"rendered":"<div>\n<h4><i><span lang=\"ES\">Estas propiedades hacen parte de las 56 que la Direcci\u00f3n de Justicia Transicional program\u00f3 para entregar en el primer trimestre de este a\u00f1o, por m\u00e1s de $57.000 millones. \u00a0<\/span><\/i><\/h4>\n<p><i><span lang=\"ES\">\u00a0<\/span><\/i><span lang=\"ES\">La Fiscal\u00eda General de la Naci\u00f3n, a trav\u00e9s de la Direcci\u00f3n de Justicia Transicional, entreg\u00f3 al Fondo para la Reparaci\u00f3n a las V\u00edctimas bienes avaluados en m\u00e1s de $23.000 millones, relacionados con la extinta estructura paramilitar<b>\u00a0Bloque \u00c9lmer C\u00e1rdenas<\/b>\u00a0de las Autodefensas Unidas de Colombia (AUC), y el postulado a la Ley de Justicia y Paz Fredy Rend\u00f3n Herrera, alias el Alem\u00e1n.\u00a0<\/span><\/p>\n<figure id=\"attachment_239380\" aria-describedby=\"caption-attachment-239380\" style=\"width: 1600px\" class=\"wp-caption alignnone\"><img loading=\"lazy\" decoding=\"async\" class=\"size-full wp-image-239380\" src=\"https:\/\/www.fiscalia.gov.co\/colombia\/wp-content\/uploads\/hacienda-Caramanta-Unguia-El-Aleman-2.jpeg\" alt=\"\" width=\"1600\" height=\"720\" srcset=\"https:\/\/www.fiscalia.gov.co\/colombia\/wp-content\/uploads\/hacienda-Caramanta-Unguia-El-Aleman-2.jpeg 1600w, https:\/\/www.fiscalia.gov.co\/colombia\/wp-content\/uploads\/hacienda-Caramanta-Unguia-El-Aleman-2-300x135.jpeg 300w, https:\/\/www.fiscalia.gov.co\/colombia\/wp-content\/uploads\/hacienda-Caramanta-Unguia-El-Aleman-2-1024x461.jpeg 1024w, https:\/\/www.fiscalia.gov.co\/colombia\/wp-content\/uploads\/hacienda-Caramanta-Unguia-El-Aleman-2-768x346.jpeg 768w, https:\/\/www.fiscalia.gov.co\/colombia\/wp-content\/uploads\/hacienda-Caramanta-Unguia-El-Aleman-2-1536x691.jpeg 1536w, https:\/\/www.fiscalia.gov.co\/colombia\/wp-content\/uploads\/hacienda-Caramanta-Unguia-El-Aleman-2-696x313.jpeg 696w, https:\/\/www.fiscalia.gov.co\/colombia\/wp-content\/uploads\/hacienda-Caramanta-Unguia-El-Aleman-2-1068x481.jpeg 1068w, https:\/\/www.fiscalia.gov.co\/colombia\/wp-content\/uploads\/hacienda-Caramanta-Unguia-El-Aleman-2-933x420.jpeg 933w\" sizes=\"auto, (max-width: 1600px) 100vw, 1600px\" \/><figcaption id=\"caption-attachment-239380\" class=\"wp-caption-text\">La hacienda Caramanta, ubicada en Ungu\u00eda (Choc\u00f3), tiene un valos estimado de $18.525&#8217;000.000<\/figcaption><\/figure>\n<p><span lang=\"ES\">Se trata de cuatro propiedades, ubicadas en\u00a0<b>Ungu\u00eda (Choc\u00f3),<\/b>\u00a0que corresponden a los predios:\u00a0<b>Caramanta<\/b>\u00a0(802 hect\u00e1reas), valorado en $18.525\u2019000.000;\u00a0<b>Las Delicias<\/b>\u00a0(204 hect\u00e1reas), con un costo de $3.075\u2019000.000;\u00a0<b>Bellavista<\/b>\u00a0(62,45 hect\u00e1reas), avaluada en $936\u2019765.000; y\u00a0<b>La Burla<\/b>\u00a0(41,84 hect\u00e1reas), cuyo aval\u00fao es de $627\u2019600.000.\u00a0<\/span><\/p>\n<p><span lang=\"ES\">Cabe anotar que, el 22 de noviembre de 2021, un magistrado con funci\u00f3n de control de garant\u00edas de la Sala de\u00a0<b>Justicia y Paz del Tribunal de Bogot\u00e1<\/b>\u00a0decret\u00f3 las medidas cautelares de embargo, secuestro y suspensi\u00f3n del poder dispositivo de dominio sobre estos inmuebles, a petici\u00f3n de un fiscal del Grupo de Persecuci\u00f3n de Bienes que logr\u00f3 establecer el nexo de estos con el citado bloque paramilitar.\u00a0<\/span><\/p>\n<p><b><span lang=\"ES\">Programaci\u00f3n de entregas\u00a0<\/span><\/b><\/p>\n<p><span lang=\"ES\">Las diligencias desarrolladas esta semana hacen parte de las 56 entregas que program\u00f3 la\u00a0<b>Direcci\u00f3n de Justicia Transicional<\/b>\u00a0para el primer trimestre de 2022, que corresponden a bienes\u00a0avaluados en m\u00e1s de\u00a0<b>$57.000 millones<\/b>\u00a0y cuentan con medidas cautelares decretadas previamente por la Magistratura del Tribunal Superior \u2013 Salas de Justicia y Paz. \u00a0<\/span><span lang=\"ES\">\u00a0<\/span><\/p>\n<p><span lang=\"ES\">Tales propiedades, vinculadas con miembros de grupos armados al margen de la ley, desmovilizados en el marco de la Ley 975 de 2005, est\u00e1n ubicados en diferentes en departamentos como Antioquia, C\u00f3rdoba, Cundinamarca, Choc\u00f3 y Sucre, entre otros.\u00a0<\/span><\/p>\n<p><span lang=\"ES\">Los predios se suman a los\u00a0<b>644 entregados en los \u00faltimos dos a\u00f1os, por un valor de 394.517 millones de pesos<\/b>. De esta manera la Fiscal\u00eda General de la Naci\u00f3n ratifica su compromiso de garantizar a las v\u00edctimas sus derechos a la verdad, la justicia, la reparaci\u00f3n y no repetici\u00f3n.\u00a0<\/span><\/p>\n<p><span lang=\"ES\">Esta informaci\u00f3n se publica por razones de inter\u00e9s general.\u00a0<\/span><\/p>\n<p>&nbsp;<\/p>\n<p align=\"center\"><b><span lang=\"ES\">La Fiscal\u00eda habla con resultados.\u00a0<\/span><\/b><\/p>\n<p><span lang=\"ES\">DLBM\/PAM\/SSR<\/span><span lang=\"ES\">\u00a0<\/span><\/p>\n<\/div>\n<div>Le puede interesar:\u00a0\u00a0<a title=\"Fiscal\u00eda entreg\u00f3 bienes de \u2018Memo Fantasma\u2019 para la reparaci\u00f3n a las v\u00edctimas de las Autodefensas, por m\u00e1s de $10.800 millones\" href=\"https:\/\/www.fiscalia.gov.co\/colombia\/noticias\/fiscalia-entrego-bienes-de-memo-fantasma-para-la-reparacion-a-las-victimas-de-las-autodefensas-por-mas-de-10-800-millones\/\" target=\"_blank\" rel=\"noopener noreferrer\" data-saferedirecturl=\"https:\/\/www.google.com\/url?q=https:\/\/www.fiscalia.gov.co\/colombia\/noticias\/fiscalia-entrego-bienes-de-memo-fantasma-para-la-reparacion-a-las-victimas-de-las-autodefensas-por-mas-de-10-800-millones\/&amp;source=gmail&amp;ust=1643725265927000&amp;usg=AOvVaw1EQZ73TO4KhFPNxmU4-8vD\">Fiscal\u00eda entreg\u00f3 bienes de \u2018Memo Fantasma\u2019 para la reparaci\u00f3n a las v\u00edctimas de las Autodefensas, por m\u00e1s de $10.800 millones<\/a><\/div>\n<div><\/div>\n\n<div class=\"twitter-share\"><a href=\"https:\/\/twitter.com\/intent\/tweet?via=fiscaliacol\" class=\"twitter-share-button\">Tweet<\/a><\/div>\n","protected":false},"excerpt":{"rendered":"<p>Estas propiedades hacen parte de las 56 que la Direcci\u00f3n de Justicia Transicional program\u00f3 para entregar en el primer trimestre de este a\u00f1o, por m\u00e1s de $57.000 millones. \u00a0 \u00a0La [&hellip;]<\/p>\n","protected":false},"author":176,"featured_media":240277,"comment_status":"closed","ping_status":"open","sticky":false,"template":"","format":"video","meta":{"tdm_status":"","tdm_grid_status":"","footnotes":""},"categories":[24101,1],"tags":[22087,21,24187,1047,28208,518,8,7559,10350],"class_list":["post-239378","post","type-post","status-publish","format-video","has-post-thumbnail","category-justicia-transicional","category-noticias","tag-bienes","tag-el-aleman","tag-fiscalia-colombia","tag-fiscalia-general-de-la-nacion","tag-fondo-para-la-reparacion-a-las-victimas","tag-justicia-transicional","tag-justicia-y-paz","tag-postulado","tag-reparacion","post_format-post-format-video"],"yoast_head":"<!-- This site is optimized with the Yoast SEO plugin v24.3 - https:\/\/yoast.com\/wordpress\/plugins\/seo\/ -->\n<title>Fiscal\u00eda General de la Naci\u00f3n<\/title>\n<meta name=\"description\" content=\"P\u00e1gina oficial de la Fiscal\u00eda General de la Naci\u00f3n \u2013 Colombia. Garantizamos el acceso efectivo a la justicia, la verdad y la reparaci\u00f3n de las v\u00edctimas de los delitos.\" \/>\n<meta name=\"robots\" content=\"noindex, follow\" \/>\n<meta property=\"og:locale\" content=\"es_ES\" \/>\n<meta property=\"og:type\" content=\"article\" \/>\n<meta property=\"og:title\" content=\"Fiscal\u00eda General de la Naci\u00f3n\" \/>\n<meta property=\"og:description\" content=\"P\u00e1gina oficial de la Fiscal\u00eda General de la Naci\u00f3n \u2013 Colombia. Garantizamos el acceso efectivo a la justicia, la verdad y la reparaci\u00f3n de las v\u00edctimas de los delitos.\" \/>\n<meta property=\"og:url\" content=\"https:\/\/www.fiscalia.gov.co\/colombia\/noticias\/fiscalia-entrego-bienes-de-fredy-rendon-herrera-el-aleman-por-23-000-millones-para-reparacion-a-las-victimas-del-conflicto-armado\/\" \/>\n<meta property=\"og:site_name\" content=\"Fiscal\u00eda General de la Naci\u00f3n\" \/>\n<meta property=\"article:publisher\" content=\"https:\/\/www.facebook.com\/FiscaliaCol\" \/>\n<meta property=\"article:published_time\" content=\"2022-01-31T14:30:54+00:00\" \/>\n<meta property=\"article:modified_time\" content=\"2022-02-08T02:37:10+00:00\" \/>\n<meta property=\"og:image\" content=\"https:\/\/www.fiscalia.gov.co\/colombia\/wp-content\/uploads\/maxresdefault-326.jpg\" \/>\n\t<meta property=\"og:image:width\" content=\"1280\" \/>\n\t<meta property=\"og:image:height\" content=\"720\" \/>\n\t<meta property=\"og:image:type\" content=\"image\/jpeg\" \/>\n<meta name=\"author\" content=\"Johanna Black Prieto Pe\u00f1a\" \/>\n<meta name=\"twitter:card\" content=\"summary_large_image\" \/>\n<meta name=\"twitter:creator\" content=\"@FiscaliaCol\" \/>\n<meta name=\"twitter:site\" content=\"@FiscaliaCol\" \/>\n<meta name=\"twitter:label1\" content=\"Escrito por\" \/>\n\t<meta name=\"twitter:data1\" content=\"Johanna Black Prieto Pe\u00f1a\" \/>\n\t<meta name=\"twitter:label2\" content=\"Tiempo de lectura\" \/>\n\t<meta name=\"twitter:data2\" content=\"2 minutos\" \/>\n<script type=\"application\/ld+json\" class=\"yoast-schema-graph\">{\"@context\":\"https:\/\/schema.org\",\"@graph\":[{\"@type\":\"Article\",\"@id\":\"https:\/\/www.fiscalia.gov.co\/colombia\/noticias\/fiscalia-entrego-bienes-de-fredy-rendon-herrera-el-aleman-por-23-000-millones-para-reparacion-a-las-victimas-del-conflicto-armado\/#article\",\"isPartOf\":{\"@id\":\"https:\/\/www.fiscalia.gov.co\/colombia\/noticias\/fiscalia-entrego-bienes-de-fredy-rendon-herrera-el-aleman-por-23-000-millones-para-reparacion-a-las-victimas-del-conflicto-armado\/\"},\"author\":{\"name\":\"Johanna Black Prieto Pe\u00f1a\",\"@id\":\"https:\/\/www.fiscalia.gov.co\/colombia\/#\/schema\/person\/b19b49f26569f91393176a2b3d13a0e5\"},\"headline\":\"Fiscal\u00eda entreg\u00f3 bienes de Fredy Rend\u00f3n Herrera, \u2018El Alem\u00e1n\u2019, por $23.000 millones para reparaci\u00f3n a las v\u00edctimas del conflicto armado\",\"datePublished\":\"2022-01-31T14:30:54+00:00\",\"dateModified\":\"2022-02-08T02:37:10+00:00\",\"mainEntityOfPage\":{\"@id\":\"https:\/\/www.fiscalia.gov.co\/colombia\/noticias\/fiscalia-entrego-bienes-de-fredy-rendon-herrera-el-aleman-por-23-000-millones-para-reparacion-a-las-victimas-del-conflicto-armado\/\"},\"wordCount\":453,\"publisher\":{\"@id\":\"https:\/\/www.fiscalia.gov.co\/colombia\/#organization\"},\"image\":{\"@id\":\"https:\/\/www.fiscalia.gov.co\/colombia\/noticias\/fiscalia-entrego-bienes-de-fredy-rendon-herrera-el-aleman-por-23-000-millones-para-reparacion-a-las-victimas-del-conflicto-armado\/#primaryimage\"},\"thumbnailUrl\":\"https:\/\/www.fiscalia.gov.co\/colombia\/wp-content\/uploads\/maxresdefault-326.jpg\",\"keywords\":[\"Bienes\",\"El Alem\u00e1n\",\"Fiscal\u00eda Colombia\",\"Fiscal\u00eda General de la Naci\u00f3n\",\"Fondo para la Reparaci\u00f3n a las V\u00edctimas.\",\"Justicia transicional\",\"Justicia y Paz\",\"Postulado\",\"Reparaci\u00f3n\"],\"articleSection\":[\"Justicia Transicional\",\"Noticias\"],\"inLanguage\":\"es-CO\"},{\"@type\":\"WebPage\",\"@id\":\"https:\/\/www.fiscalia.gov.co\/colombia\/noticias\/fiscalia-entrego-bienes-de-fredy-rendon-herrera-el-aleman-por-23-000-millones-para-reparacion-a-las-victimas-del-conflicto-armado\/\",\"url\":\"https:\/\/www.fiscalia.gov.co\/colombia\/noticias\/fiscalia-entrego-bienes-de-fredy-rendon-herrera-el-aleman-por-23-000-millones-para-reparacion-a-las-victimas-del-conflicto-armado\/\",\"name\":\"Fiscal\u00eda General de la Naci\u00f3n\",\"isPartOf\":{\"@id\":\"https:\/\/www.fiscalia.gov.co\/colombia\/#website\"},\"primaryImageOfPage\":{\"@id\":\"https:\/\/www.fiscalia.gov.co\/colombia\/noticias\/fiscalia-entrego-bienes-de-fredy-rendon-herrera-el-aleman-por-23-000-millones-para-reparacion-a-las-victimas-del-conflicto-armado\/#primaryimage\"},\"image\":{\"@id\":\"https:\/\/www.fiscalia.gov.co\/colombia\/noticias\/fiscalia-entrego-bienes-de-fredy-rendon-herrera-el-aleman-por-23-000-millones-para-reparacion-a-las-victimas-del-conflicto-armado\/#primaryimage\"},\"thumbnailUrl\":\"https:\/\/www.fiscalia.gov.co\/colombia\/wp-content\/uploads\/maxresdefault-326.jpg\",\"datePublished\":\"2022-01-31T14:30:54+00:00\",\"dateModified\":\"2022-02-08T02:37:10+00:00\",\"description\":\"P\u00e1gina oficial de la Fiscal\u00eda General de la Naci\u00f3n \u2013 Colombia. Garantizamos el acceso efectivo a la justicia, la verdad y la reparaci\u00f3n de las v\u00edctimas de los delitos.\",\"breadcrumb\":{\"@id\":\"https:\/\/www.fiscalia.gov.co\/colombia\/noticias\/fiscalia-entrego-bienes-de-fredy-rendon-herrera-el-aleman-por-23-000-millones-para-reparacion-a-las-victimas-del-conflicto-armado\/#breadcrumb\"},\"inLanguage\":\"es-CO\",\"potentialAction\":[{\"@type\":\"ReadAction\",\"target\":[\"https:\/\/www.fiscalia.gov.co\/colombia\/noticias\/fiscalia-entrego-bienes-de-fredy-rendon-herrera-el-aleman-por-23-000-millones-para-reparacion-a-las-victimas-del-conflicto-armado\/\"]}]},{\"@type\":\"ImageObject\",\"inLanguage\":\"es-CO\",\"@id\":\"https:\/\/www.fiscalia.gov.co\/colombia\/noticias\/fiscalia-entrego-bienes-de-fredy-rendon-herrera-el-aleman-por-23-000-millones-para-reparacion-a-las-victimas-del-conflicto-armado\/#primaryimage\",\"url\":\"https:\/\/www.fiscalia.gov.co\/colombia\/wp-content\/uploads\/maxresdefault-326.jpg\",\"contentUrl\":\"https:\/\/www.fiscalia.gov.co\/colombia\/wp-content\/uploads\/maxresdefault-326.jpg\",\"width\":1280,\"height\":720},{\"@type\":\"BreadcrumbList\",\"@id\":\"https:\/\/www.fiscalia.gov.co\/colombia\/noticias\/fiscalia-entrego-bienes-de-fredy-rendon-herrera-el-aleman-por-23-000-millones-para-reparacion-a-las-victimas-del-conflicto-armado\/#breadcrumb\",\"itemListElement\":[{\"@type\":\"ListItem\",\"position\":1,\"name\":\"Home\",\"item\":\"https:\/\/www.fiscalia.gov.co\/colombia\/\"},{\"@type\":\"ListItem\",\"position\":2,\"name\":\"Fiscal\u00eda entreg\u00f3 bienes de Fredy Rend\u00f3n Herrera, \u2018El Alem\u00e1n\u2019, por $23.000 millones para reparaci\u00f3n a las v\u00edctimas del conflicto armado\"}]},{\"@type\":\"WebSite\",\"@id\":\"https:\/\/www.fiscalia.gov.co\/colombia\/#website\",\"url\":\"https:\/\/www.fiscalia.gov.co\/colombia\/\",\"name\":\"Fiscal\u00eda General de la Naci\u00f3n\",\"description\":\"P\u00e1gina oficial de la Fiscal\u00eda General de la Naci\u00f3n \u2013 Colombia. Garantizamos el acceso efectivo a la justicia, la verdad y la reparaci\u00f3n de las v\u00edctimas de los delitos.\",\"publisher\":{\"@id\":\"https:\/\/www.fiscalia.gov.co\/colombia\/#organization\"},\"potentialAction\":[{\"@type\":\"SearchAction\",\"target\":{\"@type\":\"EntryPoint\",\"urlTemplate\":\"https:\/\/www.fiscalia.gov.co\/colombia\/?s={search_term_string}\"},\"query-input\":{\"@type\":\"PropertyValueSpecification\",\"valueRequired\":true,\"valueName\":\"search_term_string\"}}],\"inLanguage\":\"es-CO\"},{\"@type\":\"Organization\",\"@id\":\"https:\/\/www.fiscalia.gov.co\/colombia\/#organization\",\"name\":\"Fiscal\u00eda General de la Naci\u00f3n\",\"url\":\"https:\/\/www.fiscalia.gov.co\/colombia\/\",\"logo\":{\"@type\":\"ImageObject\",\"inLanguage\":\"es-CO\",\"@id\":\"https:\/\/www.fiscalia.gov.co\/colombia\/#\/schema\/logo\/image\/\",\"url\":\"https:\/\/www.fiscalia.gov.co\/colombia\/wp-content\/uploads\/LogoHorizontal_1.jpg\",\"contentUrl\":\"https:\/\/www.fiscalia.gov.co\/colombia\/wp-content\/uploads\/LogoHorizontal_1.jpg\",\"width\":300,\"height\":90,\"caption\":\"Fiscal\u00eda General de la Naci\u00f3n\"},\"image\":{\"@id\":\"https:\/\/www.fiscalia.gov.co\/colombia\/#\/schema\/logo\/image\/\"},\"sameAs\":[\"https:\/\/www.facebook.com\/FiscaliaCol\",\"https:\/\/x.com\/FiscaliaCol\",\"https:\/\/www.instagram.com\/fiscaliacol\",\"https:\/\/www.linkedin.com\/company\/fiscalia-general-de-la-naci-n\/\",\"https:\/\/youtube.com\/@fiscaliageneraldelanacion-4668?si=6nN79nyQICPU5iTh\"]},{\"@type\":\"Person\",\"@id\":\"https:\/\/www.fiscalia.gov.co\/colombia\/#\/schema\/person\/b19b49f26569f91393176a2b3d13a0e5\",\"name\":\"Johanna Black Prieto Pe\u00f1a\",\"image\":{\"@type\":\"ImageObject\",\"inLanguage\":\"es-CO\",\"@id\":\"https:\/\/www.fiscalia.gov.co\/colombia\/#\/schema\/person\/image\/\",\"url\":\"https:\/\/secure.gravatar.com\/avatar\/7f04518e1774335e76d761d76f04003e?s=96&d=mm&r=g\",\"contentUrl\":\"https:\/\/secure.gravatar.com\/avatar\/7f04518e1774335e76d761d76f04003e?s=96&d=mm&r=g\",\"caption\":\"Johanna Black Prieto Pe\u00f1a\"},\"url\":\"https:\/\/www.fiscalia.gov.co\/colombia\/author\/jprieto\/\"}]}<\/script>\n<!-- \/ Yoast SEO plugin. -->","yoast_head_json":{"title":"Fiscal\u00eda General de la Naci\u00f3n","description":"P\u00e1gina oficial de la Fiscal\u00eda General de la Naci\u00f3n \u2013 Colombia. Garantizamos el acceso efectivo a la justicia, la verdad y la reparaci\u00f3n de las v\u00edctimas de los delitos.","robots":{"index":"noindex","follow":"follow"},"og_locale":"es_ES","og_type":"article","og_title":"Fiscal\u00eda General de la Naci\u00f3n","og_description":"P\u00e1gina oficial de la Fiscal\u00eda General de la Naci\u00f3n \u2013 Colombia. Garantizamos el acceso efectivo a la justicia, la verdad y la reparaci\u00f3n de las v\u00edctimas de los delitos.","og_url":"https:\/\/www.fiscalia.gov.co\/colombia\/noticias\/fiscalia-entrego-bienes-de-fredy-rendon-herrera-el-aleman-por-23-000-millones-para-reparacion-a-las-victimas-del-conflicto-armado\/","og_site_name":"Fiscal\u00eda General de la Naci\u00f3n","article_publisher":"https:\/\/www.facebook.com\/FiscaliaCol","article_published_time":"2022-01-31T14:30:54+00:00","article_modified_time":"2022-02-08T02:37:10+00:00","og_image":[{"width":1280,"height":720,"url":"https:\/\/www.fiscalia.gov.co\/colombia\/wp-content\/uploads\/maxresdefault-326.jpg","type":"image\/jpeg"}],"author":"Johanna Black Prieto Pe\u00f1a","twitter_card":"summary_large_image","twitter_creator":"@FiscaliaCol","twitter_site":"@FiscaliaCol","twitter_misc":{"Escrito por":"Johanna Black Prieto Pe\u00f1a","Tiempo de lectura":"2 minutos"},"schema":{"@context":"https:\/\/schema.org","@graph":[{"@type":"Article","@id":"https:\/\/www.fiscalia.gov.co\/colombia\/noticias\/fiscalia-entrego-bienes-de-fredy-rendon-herrera-el-aleman-por-23-000-millones-para-reparacion-a-las-victimas-del-conflicto-armado\/#article","isPartOf":{"@id":"https:\/\/www.fiscalia.gov.co\/colombia\/noticias\/fiscalia-entrego-bienes-de-fredy-rendon-herrera-el-aleman-por-23-000-millones-para-reparacion-a-las-victimas-del-conflicto-armado\/"},"author":{"name":"Johanna Black Prieto Pe\u00f1a","@id":"https:\/\/www.fiscalia.gov.co\/colombia\/#\/schema\/person\/b19b49f26569f91393176a2b3d13a0e5"},"headline":"Fiscal\u00eda entreg\u00f3 bienes de Fredy Rend\u00f3n Herrera, \u2018El Alem\u00e1n\u2019, por $23.000 millones para reparaci\u00f3n a las v\u00edctimas del conflicto armado","datePublished":"2022-01-31T14:30:54+00:00","dateModified":"2022-02-08T02:37:10+00:00","mainEntityOfPage":{"@id":"https:\/\/www.fiscalia.gov.co\/colombia\/noticias\/fiscalia-entrego-bienes-de-fredy-rendon-herrera-el-aleman-por-23-000-millones-para-reparacion-a-las-victimas-del-conflicto-armado\/"},"wordCount":453,"publisher":{"@id":"https:\/\/www.fiscalia.gov.co\/colombia\/#organization"},"image":{"@id":"https:\/\/www.fiscalia.gov.co\/colombia\/noticias\/fiscalia-entrego-bienes-de-fredy-rendon-herrera-el-aleman-por-23-000-millones-para-reparacion-a-las-victimas-del-conflicto-armado\/#primaryimage"},"thumbnailUrl":"https:\/\/www.fiscalia.gov.co\/colombia\/wp-content\/uploads\/maxresdefault-326.jpg","keywords":["Bienes","El Alem\u00e1n","Fiscal\u00eda Colombia","Fiscal\u00eda General de la Naci\u00f3n","Fondo para la Reparaci\u00f3n a las V\u00edctimas.","Justicia transicional","Justicia y Paz","Postulado","Reparaci\u00f3n"],"articleSection":["Justicia Transicional","Noticias"],"inLanguage":"es-CO"},{"@type":"WebPage","@id":"https:\/\/www.fiscalia.gov.co\/colombia\/noticias\/fiscalia-entrego-bienes-de-fredy-rendon-herrera-el-aleman-por-23-000-millones-para-reparacion-a-las-victimas-del-conflicto-armado\/","url":"https:\/\/www.fiscalia.gov.co\/colombia\/noticias\/fiscalia-entrego-bienes-de-fredy-rendon-herrera-el-aleman-por-23-000-millones-para-reparacion-a-las-victimas-del-conflicto-armado\/","name":"Fiscal\u00eda General de la Naci\u00f3n","isPartOf":{"@id":"https:\/\/www.fiscalia.gov.co\/colombia\/#website"},"primaryImageOfPage":{"@id":"https:\/\/www.fiscalia.gov.co\/colombia\/noticias\/fiscalia-entrego-bienes-de-fredy-rendon-herrera-el-aleman-por-23-000-millones-para-reparacion-a-las-victimas-del-conflicto-armado\/#primaryimage"},"image":{"@id":"https:\/\/www.fiscalia.gov.co\/colombia\/noticias\/fiscalia-entrego-bienes-de-fredy-rendon-herrera-el-aleman-por-23-000-millones-para-reparacion-a-las-victimas-del-conflicto-armado\/#primaryimage"},"thumbnailUrl":"https:\/\/www.fiscalia.gov.co\/colombia\/wp-content\/uploads\/maxresdefault-326.jpg","datePublished":"2022-01-31T14:30:54+00:00","dateModified":"2022-02-08T02:37:10+00:00","description":"P\u00e1gina oficial de la Fiscal\u00eda General de la Naci\u00f3n \u2013 Colombia. Garantizamos el acceso efectivo a la justicia, la verdad y la reparaci\u00f3n de las v\u00edctimas de los delitos.","breadcrumb":{"@id":"https:\/\/www.fiscalia.gov.co\/colombia\/noticias\/fiscalia-entrego-bienes-de-fredy-rendon-herrera-el-aleman-por-23-000-millones-para-reparacion-a-las-victimas-del-conflicto-armado\/#breadcrumb"},"inLanguage":"es-CO","potentialAction":[{"@type":"ReadAction","target":["https:\/\/www.fiscalia.gov.co\/colombia\/noticias\/fiscalia-entrego-bienes-de-fredy-rendon-herrera-el-aleman-por-23-000-millones-para-reparacion-a-las-victimas-del-conflicto-armado\/"]}]},{"@type":"ImageObject","inLanguage":"es-CO","@id":"https:\/\/www.fiscalia.gov.co\/colombia\/noticias\/fiscalia-entrego-bienes-de-fredy-rendon-herrera-el-aleman-por-23-000-millones-para-reparacion-a-las-victimas-del-conflicto-armado\/#primaryimage","url":"https:\/\/www.fiscalia.gov.co\/colombia\/wp-content\/uploads\/maxresdefault-326.jpg","contentUrl":"https:\/\/www.fiscalia.gov.co\/colombia\/wp-content\/uploads\/maxresdefault-326.jpg","width":1280,"height":720},{"@type":"BreadcrumbList","@id":"https:\/\/www.fiscalia.gov.co\/colombia\/noticias\/fiscalia-entrego-bienes-de-fredy-rendon-herrera-el-aleman-por-23-000-millones-para-reparacion-a-las-victimas-del-conflicto-armado\/#breadcrumb","itemListElement":[{"@type":"ListItem","position":1,"name":"Home","item":"https:\/\/www.fiscalia.gov.co\/colombia\/"},{"@type":"ListItem","position":2,"name":"Fiscal\u00eda entreg\u00f3 bienes de Fredy Rend\u00f3n Herrera, \u2018El Alem\u00e1n\u2019, por $23.000 millones para reparaci\u00f3n a las v\u00edctimas del conflicto armado"}]},{"@type":"WebSite","@id":"https:\/\/www.fiscalia.gov.co\/colombia\/#website","url":"https:\/\/www.fiscalia.gov.co\/colombia\/","name":"Fiscal\u00eda General de la Naci\u00f3n","description":"P\u00e1gina oficial de la Fiscal\u00eda General de la Naci\u00f3n \u2013 Colombia. Garantizamos el acceso efectivo a la justicia, la verdad y la reparaci\u00f3n de las v\u00edctimas de los delitos.","publisher":{"@id":"https:\/\/www.fiscalia.gov.co\/colombia\/#organization"},"potentialAction":[{"@type":"SearchAction","target":{"@type":"EntryPoint","urlTemplate":"https:\/\/www.fiscalia.gov.co\/colombia\/?s={search_term_string}"},"query-input":{"@type":"PropertyValueSpecification","valueRequired":true,"valueName":"search_term_string"}}],"inLanguage":"es-CO"},{"@type":"Organization","@id":"https:\/\/www.fiscalia.gov.co\/colombia\/#organization","name":"Fiscal\u00eda General de la Naci\u00f3n","url":"https:\/\/www.fiscalia.gov.co\/colombia\/","logo":{"@type":"ImageObject","inLanguage":"es-CO","@id":"https:\/\/www.fiscalia.gov.co\/colombia\/#\/schema\/logo\/image\/","url":"https:\/\/www.fiscalia.gov.co\/colombia\/wp-content\/uploads\/LogoHorizontal_1.jpg","contentUrl":"https:\/\/www.fiscalia.gov.co\/colombia\/wp-content\/uploads\/LogoHorizontal_1.jpg","width":300,"height":90,"caption":"Fiscal\u00eda General de la Naci\u00f3n"},"image":{"@id":"https:\/\/www.fiscalia.gov.co\/colombia\/#\/schema\/logo\/image\/"},"sameAs":["https:\/\/www.facebook.com\/FiscaliaCol","https:\/\/x.com\/FiscaliaCol","https:\/\/www.instagram.com\/fiscaliacol","https:\/\/www.linkedin.com\/company\/fiscalia-general-de-la-naci-n\/","https:\/\/youtube.com\/@fiscaliageneraldelanacion-4668?si=6nN79nyQICPU5iTh"]},{"@type":"Person","@id":"https:\/\/www.fiscalia.gov.co\/colombia\/#\/schema\/person\/b19b49f26569f91393176a2b3d13a0e5","name":"Johanna Black Prieto Pe\u00f1a","image":{"@type":"ImageObject","inLanguage":"es-CO","@id":"https:\/\/www.fiscalia.gov.co\/colombia\/#\/schema\/person\/image\/","url":"https:\/\/secure.gravatar.com\/avatar\/7f04518e1774335e76d761d76f04003e?s=96&d=mm&r=g","contentUrl":"https:\/\/secure.gravatar.com\/avatar\/7f04518e1774335e76d761d76f04003e?s=96&d=mm&r=g","caption":"Johanna Black Prieto Pe\u00f1a"},"url":"https:\/\/www.fiscalia.gov.co\/colombia\/author\/jprieto\/"}]}},"_links":{"self":[{"href":"https:\/\/www.fiscalia.gov.co\/colombia\/wp-json\/wp\/v2\/posts\/239378","targetHints":{"allow":["GET"]}}],"collection":[{"href":"https:\/\/www.fiscalia.gov.co\/colombia\/wp-json\/wp\/v2\/posts"}],"about":[{"href":"https:\/\/www.fiscalia.gov.co\/colombia\/wp-json\/wp\/v2\/types\/post"}],"author":[{"embeddable":true,"href":"https:\/\/www.fiscalia.gov.co\/colombia\/wp-json\/wp\/v2\/users\/176"}],"replies":[{"embeddable":true,"href":"https:\/\/www.fiscalia.gov.co\/colombia\/wp-json\/wp\/v2\/comments?post=239378"}],"version-history":[{"count":2,"href":"https:\/\/www.fiscalia.gov.co\/colombia\/wp-json\/wp\/v2\/posts\/239378\/revisions"}],"predecessor-version":[{"id":239382,"href":"https:\/\/www.fiscalia.gov.co\/colombia\/wp-json\/wp\/v2\/posts\/239378\/revisions\/239382"}],"wp:featuredmedia":[{"embeddable":true,"href":"https:\/\/www.fiscalia.gov.co\/colombia\/wp-json\/wp\/v2\/media\/240277"}],"wp:attachment":[{"href":"https:\/\/www.fiscalia.gov.co\/colombia\/wp-json\/wp\/v2\/media?parent=239378"}],"wp:term":[{"taxonomy":"category","embeddable":true,"href":"https:\/\/www.fiscalia.gov.co\/colombia\/wp-json\/wp\/v2\/categories?post=239378"},{"taxonomy":"post_tag","embeddable":true,"href":"https:\/\/www.fiscalia.gov.co\/colombia\/wp-json\/wp\/v2\/tags?post=239378"}],"curies":[{"name":"wp","href":"https:\/\/api.w.org\/{rel}","templated":true}]}}