{"id":239344,"date":"2022-01-30T14:05:16","date_gmt":"2022-01-30T19:05:16","guid":{"rendered":"https:\/\/www.fiscalia.gov.co\/colombia\/?p=239344"},"modified":"2022-02-07T21:33:59","modified_gmt":"2022-02-08T02:33:59","slug":"carcel-para-mujer-que-habria-intentado-asfixiar-a-su-bebe-de-dos-anos-en-atlantico","status":"publish","type":"post","link":"https:\/\/www.fiscalia.gov.co\/colombia\/noticias\/carcel-para-mujer-que-habria-intentado-asfixiar-a-su-bebe-de-dos-anos-en-atlantico\/","title":{"rendered":"C\u00e1rcel para mujer que habr\u00eda intentado asfixiar a su beb\u00e9 de dos a\u00f1os en Atl\u00e1ntico\u00a0"},"content":{"rendered":"<div dir=\"auto\">\n<p>Con base en la estrategia de priorizaci\u00f3n de casos por delitos que afectan a ni\u00f1os, ni\u00f1as y adolescentes, la Fiscal\u00eda General de la Naci\u00f3n logr\u00f3 la judicializaci\u00f3n de una mujer de 22 a\u00f1os que habr\u00eda tratado de asfixiar a su hijo de 2 a\u00f1os.<\/p>\n<figure id=\"attachment_239345\" aria-describedby=\"caption-attachment-239345\" style=\"width: 1280px\" class=\"wp-caption aligncenter\"><img loading=\"lazy\" decoding=\"async\" class=\"wp-image-239345 size-full\" src=\"https:\/\/www.fiscalia.gov.co\/colombia\/wp-content\/uploads\/madre-asegurada-asfixia-hijo-de-2-a\u00f1os-Atl\u00e1ntico.jpeg\" alt=\"\" width=\"1280\" height=\"1181\" srcset=\"https:\/\/www.fiscalia.gov.co\/colombia\/wp-content\/uploads\/madre-asegurada-asfixia-hijo-de-2-a\u00f1os-Atl\u00e1ntico.jpeg 1280w, https:\/\/www.fiscalia.gov.co\/colombia\/wp-content\/uploads\/madre-asegurada-asfixia-hijo-de-2-a\u00f1os-Atl\u00e1ntico-300x277.jpeg 300w, https:\/\/www.fiscalia.gov.co\/colombia\/wp-content\/uploads\/madre-asegurada-asfixia-hijo-de-2-a\u00f1os-Atl\u00e1ntico-1024x945.jpeg 1024w, https:\/\/www.fiscalia.gov.co\/colombia\/wp-content\/uploads\/madre-asegurada-asfixia-hijo-de-2-a\u00f1os-Atl\u00e1ntico-768x709.jpeg 768w, https:\/\/www.fiscalia.gov.co\/colombia\/wp-content\/uploads\/madre-asegurada-asfixia-hijo-de-2-a\u00f1os-Atl\u00e1ntico-696x642.jpeg 696w, https:\/\/www.fiscalia.gov.co\/colombia\/wp-content\/uploads\/madre-asegurada-asfixia-hijo-de-2-a\u00f1os-Atl\u00e1ntico-1068x985.jpeg 1068w, https:\/\/www.fiscalia.gov.co\/colombia\/wp-content\/uploads\/madre-asegurada-asfixia-hijo-de-2-a\u00f1os-Atl\u00e1ntico-455x420.jpeg 455w\" sizes=\"auto, (max-width: 1280px) 100vw, 1280px\" \/><figcaption id=\"caption-attachment-239345\" class=\"wp-caption-text\">Judicializada mujer de 22 a\u00f1os como presunta responsable de intentar asfixiar a su beb\u00e9 de dos a\u00f1os.<\/figcaption><\/figure>\n<p>&nbsp;<\/p>\n<p>El contundente material probatorio recopilado por los investigadores, bajo la coordinaci\u00f3n de una fiscal de la<b>\u00a0Seccional Atl\u00e1ntico<\/b>, permiti\u00f3 que un juez de control de garant\u00edas impusiera medida de aseguramiento en centro carcelario contra la joven.<\/p>\n<p>&nbsp;<\/p>\n<p>En desarrollo del proceso se encontr\u00f3 un video que la presunta agresora grab\u00f3 y en el que qued\u00f3 registrado el hecho, ocurrido el pasado 22 de enero en la invasi\u00f3n Villa Lewis de\u00a0<b>Sabanalarga (Atl\u00e1ntico). \u00a0<\/b><\/p>\n<p><b>\u00a0<\/b><\/p>\n<p>La mujer fue capturada en flagrancia por uniformados de la Polic\u00eda de Vigilancia en esa poblaci\u00f3n del departamento.<\/p>\n<p>&nbsp;<\/p>\n<p>Por estos hechos, el ente acusador le imput\u00f3 el delito de violencia intrafamiliar agravada, al cual no se allan\u00f3 durante las audiencias preliminares. Entretanto, el menor fue puesto bajo custodia del\u00a0<b>Instituto Colombiano de Bienestar Familiar (Icbf).\u00a0<\/b><\/p>\n<p>&nbsp;<\/p>\n<p>Fiscal\u00eda habla con resultados.<\/p>\n<p>&nbsp;<\/p>\n<p>La Fiscal\u00eda General de la Naci\u00f3n habla con resultados.<\/p>\n<p>&nbsp;<\/p>\n<p>SKCR\/DLBM\/LPGG<\/p>\n<p>&nbsp;<\/p>\n<p><i><span lang=\"ES\">La informaci\u00f3n contenida en este bolet\u00edn de prensa corresponde a la narraci\u00f3n de los hechos noticiosos objetivos, suministrados por los funcionarios encargados de adelantar las investigaciones penales al interior de la Fiscal\u00eda General de la Naci\u00f3n. Para el momento de la divulgaci\u00f3n de este comunicado, la situaci\u00f3n jur\u00eddica de la(s) persona(s) relacionada(s) se encuentra pendiente de resolver por la autoridad\u00a0judicial competente, siempre bajo los preceptos de la presunci\u00f3n de inocencia, consagrados en el art\u00edculo 29 de la Constituci\u00f3n Pol\u00edtica y el art\u00edculo 7\u00ba de la Ley 906 de 2004.<\/span><\/i><span lang=\"ES\">\u00a0<\/span><span lang=\"ES\">\u00a0<\/span><\/p>\n<p>&nbsp;<\/p>\n<\/div>\n\n<div class=\"twitter-share\"><a href=\"https:\/\/twitter.com\/intent\/tweet?via=fiscaliacol\" class=\"twitter-share-button\">Tweet<\/a><\/div>\n","protected":false},"excerpt":{"rendered":"<p>Con base en la estrategia de priorizaci\u00f3n de casos por delitos que afectan a ni\u00f1os, ni\u00f1as y adolescentes, la Fiscal\u00eda General de la Naci\u00f3n logr\u00f3 la judicializaci\u00f3n de una mujer de 22 a\u00f1os que habr\u00eda tratado de asfixiar a su hijo de 2 a\u00f1os. &nbsp; El contundente material probatorio recopilado por los investigadores, bajo la [&hellip;]<\/p>\n","protected":false},"author":175,"featured_media":0,"comment_status":"closed","ping_status":"open","sticky":false,"template":"","format":"video","meta":{"_price":"","_stock":"","_tribe_ticket_header":"","_tribe_default_ticket_provider":"","_tribe_ticket_capacity":"0","_ticket_start_date":"","_ticket_end_date":"","_tribe_ticket_show_description":"","_tribe_ticket_show_not_going":false,"_tribe_ticket_use_global_stock":"","_tribe_ticket_global_stock_level":"","_global_stock_mode":"","_global_stock_cap":"","_tribe_rsvp_for_event":"","_tribe_ticket_going_count":"","_tribe_ticket_not_going_count":"","_tribe_tickets_list":"[]","_tribe_ticket_has_attendee_info_fields":false,"tdm_status":"","tdm_grid_status":"","footnotes":""},"categories":[1,320,24127],"tags":[2165,24401,24526,4614,30242,23936,27199,682],"class_list":{"0":"post-239344","1":"post","2":"type-post","3":"status-publish","4":"format-video","6":"category-noticias","7":"category-seccional-barranquilla","8":"category-violencia-sexual-e-intrafamiliar","9":"tag-bebe","10":"tag-fiscal-barbosa-delgado","11":"tag-fiscal-general-francisco-barbosa-delgado","12":"tag-fiscalia-2","13":"tag-menor-de-dos-anos","14":"tag-sabanalarga","15":"tag-seccional-atlantico","16":"tag-violencia-intrafamiliar","17":"post_format-post-format-video"},"yoast_head":"<!-- This site is optimized with the Yoast SEO plugin v24.3 - https:\/\/yoast.com\/wordpress\/plugins\/seo\/ -->\n<title>Fiscal\u00eda General de la Naci\u00f3n<\/title>\n<meta name=\"description\" content=\"P\u00e1gina oficial de la Fiscal\u00eda General de la Naci\u00f3n \u2013 Colombia. Garantizamos el acceso efectivo a la justicia, la verdad y la reparaci\u00f3n de las v\u00edctimas de los delitos.\" \/>\n<meta name=\"robots\" content=\"noindex, follow\" \/>\n<meta property=\"og:locale\" content=\"es_ES\" \/>\n<meta property=\"og:type\" content=\"article\" \/>\n<meta property=\"og:title\" content=\"Fiscal\u00eda General de la Naci\u00f3n\" \/>\n<meta property=\"og:description\" content=\"P\u00e1gina oficial de la Fiscal\u00eda General de la Naci\u00f3n \u2013 Colombia. Garantizamos el acceso efectivo a la justicia, la verdad y la reparaci\u00f3n de las v\u00edctimas de los delitos.\" \/>\n<meta property=\"og:url\" content=\"https:\/\/www.fiscalia.gov.co\/colombia\/noticias\/carcel-para-mujer-que-habria-intentado-asfixiar-a-su-bebe-de-dos-anos-en-atlantico\/\" \/>\n<meta property=\"og:site_name\" content=\"Fiscal\u00eda General de la Naci\u00f3n\" \/>\n<meta property=\"article:publisher\" content=\"https:\/\/www.facebook.com\/FiscaliaCol\" \/>\n<meta property=\"article:published_time\" content=\"2022-01-30T19:05:16+00:00\" \/>\n<meta property=\"article:modified_time\" content=\"2022-02-08T02:33:59+00:00\" \/>\n<meta name=\"author\" content=\"Katherine Loaiza Mart\u00ednez\" \/>\n<meta name=\"twitter:card\" content=\"summary_large_image\" \/>\n<meta name=\"twitter:creator\" content=\"@FiscaliaCol\" \/>\n<meta name=\"twitter:site\" content=\"@FiscaliaCol\" \/>\n<meta name=\"twitter:label1\" content=\"Escrito por\" \/>\n\t<meta name=\"twitter:data1\" content=\"Katherine Loaiza Mart\u00ednez\" \/>\n\t<meta name=\"twitter:label2\" content=\"Tiempo de lectura\" \/>\n\t<meta name=\"twitter:data2\" content=\"2 minutos\" \/>\n<script type=\"application\/ld+json\" class=\"yoast-schema-graph\">{\"@context\":\"https:\/\/schema.org\",\"@graph\":[{\"@type\":\"Article\",\"@id\":\"https:\/\/www.fiscalia.gov.co\/colombia\/noticias\/carcel-para-mujer-que-habria-intentado-asfixiar-a-su-bebe-de-dos-anos-en-atlantico\/#article\",\"isPartOf\":{\"@id\":\"https:\/\/www.fiscalia.gov.co\/colombia\/noticias\/carcel-para-mujer-que-habria-intentado-asfixiar-a-su-bebe-de-dos-anos-en-atlantico\/\"},\"author\":{\"name\":\"Katherine Loaiza Mart\u00ednez\",\"@id\":\"https:\/\/www.fiscalia.gov.co\/colombia\/#\/schema\/person\/2e76b9aba5ecf875ed565ce4de0e0415\"},\"headline\":\"C\u00e1rcel para mujer que habr\u00eda intentado asfixiar a su beb\u00e9 de dos a\u00f1os en Atl\u00e1ntico\u00a0\",\"datePublished\":\"2022-01-30T19:05:16+00:00\",\"dateModified\":\"2022-02-08T02:33:59+00:00\",\"mainEntityOfPage\":{\"@id\":\"https:\/\/www.fiscalia.gov.co\/colombia\/noticias\/carcel-para-mujer-que-habria-intentado-asfixiar-a-su-bebe-de-dos-anos-en-atlantico\/\"},\"wordCount\":356,\"publisher\":{\"@id\":\"https:\/\/www.fiscalia.gov.co\/colombia\/#organization\"},\"keywords\":[\"Beb\u00e9\",\"Fiscal Barbosa Delgado\",\"Fiscal General Francisco Barbosa Delgado\",\"Fiscal\u00eda\",\"menor de dos a\u00f1os\",\"Sabanalarga\",\"Seccional Atl\u00e1ntico\",\"Violencia intrafamiliar\"],\"articleSection\":[\"Noticias\",\"Seccional Barranquilla\",\"Violencia sexual e intrafamiliar\"],\"inLanguage\":\"es-CO\"},{\"@type\":\"WebPage\",\"@id\":\"https:\/\/www.fiscalia.gov.co\/colombia\/noticias\/carcel-para-mujer-que-habria-intentado-asfixiar-a-su-bebe-de-dos-anos-en-atlantico\/\",\"url\":\"https:\/\/www.fiscalia.gov.co\/colombia\/noticias\/carcel-para-mujer-que-habria-intentado-asfixiar-a-su-bebe-de-dos-anos-en-atlantico\/\",\"name\":\"Fiscal\u00eda General de la Naci\u00f3n\",\"isPartOf\":{\"@id\":\"https:\/\/www.fiscalia.gov.co\/colombia\/#website\"},\"datePublished\":\"2022-01-30T19:05:16+00:00\",\"dateModified\":\"2022-02-08T02:33:59+00:00\",\"description\":\"P\u00e1gina oficial de la Fiscal\u00eda General de la Naci\u00f3n \u2013 Colombia. Garantizamos el acceso efectivo a la justicia, la verdad y la reparaci\u00f3n de las v\u00edctimas de los delitos.\",\"breadcrumb\":{\"@id\":\"https:\/\/www.fiscalia.gov.co\/colombia\/noticias\/carcel-para-mujer-que-habria-intentado-asfixiar-a-su-bebe-de-dos-anos-en-atlantico\/#breadcrumb\"},\"inLanguage\":\"es-CO\",\"potentialAction\":[{\"@type\":\"ReadAction\",\"target\":[\"https:\/\/www.fiscalia.gov.co\/colombia\/noticias\/carcel-para-mujer-que-habria-intentado-asfixiar-a-su-bebe-de-dos-anos-en-atlantico\/\"]}]},{\"@type\":\"BreadcrumbList\",\"@id\":\"https:\/\/www.fiscalia.gov.co\/colombia\/noticias\/carcel-para-mujer-que-habria-intentado-asfixiar-a-su-bebe-de-dos-anos-en-atlantico\/#breadcrumb\",\"itemListElement\":[{\"@type\":\"ListItem\",\"position\":1,\"name\":\"Home\",\"item\":\"https:\/\/www.fiscalia.gov.co\/colombia\/\"},{\"@type\":\"ListItem\",\"position\":2,\"name\":\"C\u00e1rcel para mujer que habr\u00eda intentado asfixiar a su beb\u00e9 de dos a\u00f1os en Atl\u00e1ntico\u00a0\"}]},{\"@type\":\"WebSite\",\"@id\":\"https:\/\/www.fiscalia.gov.co\/colombia\/#website\",\"url\":\"https:\/\/www.fiscalia.gov.co\/colombia\/\",\"name\":\"Fiscal\u00eda General de la Naci\u00f3n\",\"description\":\"P\u00e1gina oficial de la Fiscal\u00eda General de la Naci\u00f3n \u2013 Colombia. Garantizamos el acceso efectivo a la justicia, la verdad y la reparaci\u00f3n de las v\u00edctimas de los delitos.\",\"publisher\":{\"@id\":\"https:\/\/www.fiscalia.gov.co\/colombia\/#organization\"},\"potentialAction\":[{\"@type\":\"SearchAction\",\"target\":{\"@type\":\"EntryPoint\",\"urlTemplate\":\"https:\/\/www.fiscalia.gov.co\/colombia\/?s={search_term_string}\"},\"query-input\":{\"@type\":\"PropertyValueSpecification\",\"valueRequired\":true,\"valueName\":\"search_term_string\"}}],\"inLanguage\":\"es-CO\"},{\"@type\":\"Organization\",\"@id\":\"https:\/\/www.fiscalia.gov.co\/colombia\/#organization\",\"name\":\"Fiscal\u00eda General de la Naci\u00f3n\",\"url\":\"https:\/\/www.fiscalia.gov.co\/colombia\/\",\"logo\":{\"@type\":\"ImageObject\",\"inLanguage\":\"es-CO\",\"@id\":\"https:\/\/www.fiscalia.gov.co\/colombia\/#\/schema\/logo\/image\/\",\"url\":\"https:\/\/www.fiscalia.gov.co\/colombia\/wp-content\/uploads\/LogoHorizontal_1.jpg\",\"contentUrl\":\"https:\/\/www.fiscalia.gov.co\/colombia\/wp-content\/uploads\/LogoHorizontal_1.jpg\",\"width\":300,\"height\":90,\"caption\":\"Fiscal\u00eda General de la Naci\u00f3n\"},\"image\":{\"@id\":\"https:\/\/www.fiscalia.gov.co\/colombia\/#\/schema\/logo\/image\/\"},\"sameAs\":[\"https:\/\/www.facebook.com\/FiscaliaCol\",\"https:\/\/x.com\/FiscaliaCol\",\"https:\/\/www.instagram.com\/fiscaliacol\",\"https:\/\/www.linkedin.com\/company\/fiscalia-general-de-la-naci-n\/\",\"https:\/\/youtube.com\/@fiscaliageneraldelanacion-4668?si=6nN79nyQICPU5iTh\"]},{\"@type\":\"Person\",\"@id\":\"https:\/\/www.fiscalia.gov.co\/colombia\/#\/schema\/person\/2e76b9aba5ecf875ed565ce4de0e0415\",\"name\":\"Katherine Loaiza Mart\u00ednez\",\"image\":{\"@type\":\"ImageObject\",\"inLanguage\":\"es-CO\",\"@id\":\"https:\/\/www.fiscalia.gov.co\/colombia\/#\/schema\/person\/image\/\",\"url\":\"https:\/\/secure.gravatar.com\/avatar\/ab775a2f394c1b83b6d6f78680e57b50?s=96&d=mm&r=g\",\"contentUrl\":\"https:\/\/secure.gravatar.com\/avatar\/ab775a2f394c1b83b6d6f78680e57b50?s=96&d=mm&r=g\",\"caption\":\"Katherine Loaiza Mart\u00ednez\"},\"url\":\"https:\/\/www.fiscalia.gov.co\/colombia\/author\/kloaiza\/\"}]}<\/script>\n<!-- \/ Yoast SEO plugin. -->","yoast_head_json":{"title":"Fiscal\u00eda General de la Naci\u00f3n","description":"P\u00e1gina oficial de la Fiscal\u00eda General de la Naci\u00f3n \u2013 Colombia. Garantizamos el acceso efectivo a la justicia, la verdad y la reparaci\u00f3n de las v\u00edctimas de los delitos.","robots":{"index":"noindex","follow":"follow"},"og_locale":"es_ES","og_type":"article","og_title":"Fiscal\u00eda General de la Naci\u00f3n","og_description":"P\u00e1gina oficial de la Fiscal\u00eda General de la Naci\u00f3n \u2013 Colombia. Garantizamos el acceso efectivo a la justicia, la verdad y la reparaci\u00f3n de las v\u00edctimas de los delitos.","og_url":"https:\/\/www.fiscalia.gov.co\/colombia\/noticias\/carcel-para-mujer-que-habria-intentado-asfixiar-a-su-bebe-de-dos-anos-en-atlantico\/","og_site_name":"Fiscal\u00eda General de la Naci\u00f3n","article_publisher":"https:\/\/www.facebook.com\/FiscaliaCol","article_published_time":"2022-01-30T19:05:16+00:00","article_modified_time":"2022-02-08T02:33:59+00:00","author":"Katherine Loaiza Mart\u00ednez","twitter_card":"summary_large_image","twitter_creator":"@FiscaliaCol","twitter_site":"@FiscaliaCol","twitter_misc":{"Escrito por":"Katherine Loaiza Mart\u00ednez","Tiempo de lectura":"2 minutos"},"schema":{"@context":"https:\/\/schema.org","@graph":[{"@type":"Article","@id":"https:\/\/www.fiscalia.gov.co\/colombia\/noticias\/carcel-para-mujer-que-habria-intentado-asfixiar-a-su-bebe-de-dos-anos-en-atlantico\/#article","isPartOf":{"@id":"https:\/\/www.fiscalia.gov.co\/colombia\/noticias\/carcel-para-mujer-que-habria-intentado-asfixiar-a-su-bebe-de-dos-anos-en-atlantico\/"},"author":{"name":"Katherine Loaiza Mart\u00ednez","@id":"https:\/\/www.fiscalia.gov.co\/colombia\/#\/schema\/person\/2e76b9aba5ecf875ed565ce4de0e0415"},"headline":"C\u00e1rcel para mujer que habr\u00eda intentado asfixiar a su beb\u00e9 de dos a\u00f1os en Atl\u00e1ntico\u00a0","datePublished":"2022-01-30T19:05:16+00:00","dateModified":"2022-02-08T02:33:59+00:00","mainEntityOfPage":{"@id":"https:\/\/www.fiscalia.gov.co\/colombia\/noticias\/carcel-para-mujer-que-habria-intentado-asfixiar-a-su-bebe-de-dos-anos-en-atlantico\/"},"wordCount":356,"publisher":{"@id":"https:\/\/www.fiscalia.gov.co\/colombia\/#organization"},"keywords":["Beb\u00e9","Fiscal Barbosa Delgado","Fiscal General Francisco Barbosa Delgado","Fiscal\u00eda","menor de dos a\u00f1os","Sabanalarga","Seccional Atl\u00e1ntico","Violencia intrafamiliar"],"articleSection":["Noticias","Seccional Barranquilla","Violencia sexual e intrafamiliar"],"inLanguage":"es-CO"},{"@type":"WebPage","@id":"https:\/\/www.fiscalia.gov.co\/colombia\/noticias\/carcel-para-mujer-que-habria-intentado-asfixiar-a-su-bebe-de-dos-anos-en-atlantico\/","url":"https:\/\/www.fiscalia.gov.co\/colombia\/noticias\/carcel-para-mujer-que-habria-intentado-asfixiar-a-su-bebe-de-dos-anos-en-atlantico\/","name":"Fiscal\u00eda General de la Naci\u00f3n","isPartOf":{"@id":"https:\/\/www.fiscalia.gov.co\/colombia\/#website"},"datePublished":"2022-01-30T19:05:16+00:00","dateModified":"2022-02-08T02:33:59+00:00","description":"P\u00e1gina oficial de la Fiscal\u00eda General de la Naci\u00f3n \u2013 Colombia. Garantizamos el acceso efectivo a la justicia, la verdad y la reparaci\u00f3n de las v\u00edctimas de los delitos.","breadcrumb":{"@id":"https:\/\/www.fiscalia.gov.co\/colombia\/noticias\/carcel-para-mujer-que-habria-intentado-asfixiar-a-su-bebe-de-dos-anos-en-atlantico\/#breadcrumb"},"inLanguage":"es-CO","potentialAction":[{"@type":"ReadAction","target":["https:\/\/www.fiscalia.gov.co\/colombia\/noticias\/carcel-para-mujer-que-habria-intentado-asfixiar-a-su-bebe-de-dos-anos-en-atlantico\/"]}]},{"@type":"BreadcrumbList","@id":"https:\/\/www.fiscalia.gov.co\/colombia\/noticias\/carcel-para-mujer-que-habria-intentado-asfixiar-a-su-bebe-de-dos-anos-en-atlantico\/#breadcrumb","itemListElement":[{"@type":"ListItem","position":1,"name":"Home","item":"https:\/\/www.fiscalia.gov.co\/colombia\/"},{"@type":"ListItem","position":2,"name":"C\u00e1rcel para mujer que habr\u00eda intentado asfixiar a su beb\u00e9 de dos a\u00f1os en Atl\u00e1ntico\u00a0"}]},{"@type":"WebSite","@id":"https:\/\/www.fiscalia.gov.co\/colombia\/#website","url":"https:\/\/www.fiscalia.gov.co\/colombia\/","name":"Fiscal\u00eda General de la Naci\u00f3n","description":"P\u00e1gina oficial de la Fiscal\u00eda General de la Naci\u00f3n \u2013 Colombia. Garantizamos el acceso efectivo a la justicia, la verdad y la reparaci\u00f3n de las v\u00edctimas de los delitos.","publisher":{"@id":"https:\/\/www.fiscalia.gov.co\/colombia\/#organization"},"potentialAction":[{"@type":"SearchAction","target":{"@type":"EntryPoint","urlTemplate":"https:\/\/www.fiscalia.gov.co\/colombia\/?s={search_term_string}"},"query-input":{"@type":"PropertyValueSpecification","valueRequired":true,"valueName":"search_term_string"}}],"inLanguage":"es-CO"},{"@type":"Organization","@id":"https:\/\/www.fiscalia.gov.co\/colombia\/#organization","name":"Fiscal\u00eda General de la Naci\u00f3n","url":"https:\/\/www.fiscalia.gov.co\/colombia\/","logo":{"@type":"ImageObject","inLanguage":"es-CO","@id":"https:\/\/www.fiscalia.gov.co\/colombia\/#\/schema\/logo\/image\/","url":"https:\/\/www.fiscalia.gov.co\/colombia\/wp-content\/uploads\/LogoHorizontal_1.jpg","contentUrl":"https:\/\/www.fiscalia.gov.co\/colombia\/wp-content\/uploads\/LogoHorizontal_1.jpg","width":300,"height":90,"caption":"Fiscal\u00eda General de la Naci\u00f3n"},"image":{"@id":"https:\/\/www.fiscalia.gov.co\/colombia\/#\/schema\/logo\/image\/"},"sameAs":["https:\/\/www.facebook.com\/FiscaliaCol","https:\/\/x.com\/FiscaliaCol","https:\/\/www.instagram.com\/fiscaliacol","https:\/\/www.linkedin.com\/company\/fiscalia-general-de-la-naci-n\/","https:\/\/youtube.com\/@fiscaliageneraldelanacion-4668?si=6nN79nyQICPU5iTh"]},{"@type":"Person","@id":"https:\/\/www.fiscalia.gov.co\/colombia\/#\/schema\/person\/2e76b9aba5ecf875ed565ce4de0e0415","name":"Katherine Loaiza Mart\u00ednez","image":{"@type":"ImageObject","inLanguage":"es-CO","@id":"https:\/\/www.fiscalia.gov.co\/colombia\/#\/schema\/person\/image\/","url":"https:\/\/secure.gravatar.com\/avatar\/ab775a2f394c1b83b6d6f78680e57b50?s=96&d=mm&r=g","contentUrl":"https:\/\/secure.gravatar.com\/avatar\/ab775a2f394c1b83b6d6f78680e57b50?s=96&d=mm&r=g","caption":"Katherine Loaiza Mart\u00ednez"},"url":"https:\/\/www.fiscalia.gov.co\/colombia\/author\/kloaiza\/"}]}},"_links":{"self":[{"href":"https:\/\/www.fiscalia.gov.co\/colombia\/wp-json\/wp\/v2\/posts\/239344","targetHints":{"allow":["GET"]}}],"collection":[{"href":"https:\/\/www.fiscalia.gov.co\/colombia\/wp-json\/wp\/v2\/posts"}],"about":[{"href":"https:\/\/www.fiscalia.gov.co\/colombia\/wp-json\/wp\/v2\/types\/post"}],"author":[{"embeddable":true,"href":"https:\/\/www.fiscalia.gov.co\/colombia\/wp-json\/wp\/v2\/users\/175"}],"replies":[{"embeddable":true,"href":"https:\/\/www.fiscalia.gov.co\/colombia\/wp-json\/wp\/v2\/comments?post=239344"}],"version-history":[{"count":2,"href":"https:\/\/www.fiscalia.gov.co\/colombia\/wp-json\/wp\/v2\/posts\/239344\/revisions"}],"predecessor-version":[{"id":239445,"href":"https:\/\/www.fiscalia.gov.co\/colombia\/wp-json\/wp\/v2\/posts\/239344\/revisions\/239445"}],"wp:attachment":[{"href":"https:\/\/www.fiscalia.gov.co\/colombia\/wp-json\/wp\/v2\/media?parent=239344"}],"wp:term":[{"taxonomy":"category","embeddable":true,"href":"https:\/\/www.fiscalia.gov.co\/colombia\/wp-json\/wp\/v2\/categories?post=239344"},{"taxonomy":"post_tag","embeddable":true,"href":"https:\/\/www.fiscalia.gov.co\/colombia\/wp-json\/wp\/v2\/tags?post=239344"}],"curies":[{"name":"wp","href":"https:\/\/api.w.org\/{rel}","templated":true}]}}