{"id":239333,"date":"2022-01-29T11:47:00","date_gmt":"2022-01-29T16:47:00","guid":{"rendered":"https:\/\/www.fiscalia.gov.co\/colombia\/?p=239333"},"modified":"2022-02-04T22:04:15","modified_gmt":"2022-02-05T03:04:15","slug":"privado-de-la-libertad-alias-muerto-parado-uno-de-los-mas-buscados-por-hurtos-en-popayan","status":"publish","type":"post","link":"https:\/\/www.fiscalia.gov.co\/colombia\/noticias\/privado-de-la-libertad-alias-muerto-parado-uno-de-los-mas-buscados-por-hurtos-en-popayan\/","title":{"rendered":"Privado de la libertad alias \u2018Muerto Parado\u2019, uno de los m\u00e1s buscados por hurtos en Popay\u00e1n"},"content":{"rendered":"<p><span lang=\"ES\">Un juez de control de garant\u00edas acogi\u00f3 la petici\u00f3n de la Fiscal\u00eda General de la Naci\u00f3n y envi\u00f3 a la c\u00e1rcel\u00a0a\u00a0<\/span><span lang=\"ES\">William Andr\u00e9s Montenegro Sandoval, alias Muerto Parado, presunto integrante del grupo delictivo \u2018Los del Golpe\u2019, dedicado al hurto a veh\u00edculos, residencias y personas, en Popay\u00e1n (Cauca).<\/span><\/p>\n<figure id=\"attachment_239334\" aria-describedby=\"caption-attachment-239334\" style=\"width: 1280px\" class=\"wp-caption aligncenter\"><img loading=\"lazy\" decoding=\"async\" class=\"size-full wp-image-239334\" src=\"https:\/\/www.fiscalia.gov.co\/colombia\/wp-content\/uploads\/Willian-Andr\u00e9s-Montenegro-Sandoval-alias-Muerto-Parado.-Hurto-concierto-y-porte-ilegal-de-armas.-Popay\u00e1n-Cauca..jpg\" alt=\"\" width=\"1280\" height=\"934\" srcset=\"https:\/\/www.fiscalia.gov.co\/colombia\/wp-content\/uploads\/Willian-Andr\u00e9s-Montenegro-Sandoval-alias-Muerto-Parado.-Hurto-concierto-y-porte-ilegal-de-armas.-Popay\u00e1n-Cauca..jpg 1280w, https:\/\/www.fiscalia.gov.co\/colombia\/wp-content\/uploads\/Willian-Andr\u00e9s-Montenegro-Sandoval-alias-Muerto-Parado.-Hurto-concierto-y-porte-ilegal-de-armas.-Popay\u00e1n-Cauca.-300x219.jpg 300w, https:\/\/www.fiscalia.gov.co\/colombia\/wp-content\/uploads\/Willian-Andr\u00e9s-Montenegro-Sandoval-alias-Muerto-Parado.-Hurto-concierto-y-porte-ilegal-de-armas.-Popay\u00e1n-Cauca.-1024x747.jpg 1024w, https:\/\/www.fiscalia.gov.co\/colombia\/wp-content\/uploads\/Willian-Andr\u00e9s-Montenegro-Sandoval-alias-Muerto-Parado.-Hurto-concierto-y-porte-ilegal-de-armas.-Popay\u00e1n-Cauca.-768x560.jpg 768w, https:\/\/www.fiscalia.gov.co\/colombia\/wp-content\/uploads\/Willian-Andr\u00e9s-Montenegro-Sandoval-alias-Muerto-Parado.-Hurto-concierto-y-porte-ilegal-de-armas.-Popay\u00e1n-Cauca.-696x508.jpg 696w, https:\/\/www.fiscalia.gov.co\/colombia\/wp-content\/uploads\/Willian-Andr\u00e9s-Montenegro-Sandoval-alias-Muerto-Parado.-Hurto-concierto-y-porte-ilegal-de-armas.-Popay\u00e1n-Cauca.-1068x779.jpg 1068w, https:\/\/www.fiscalia.gov.co\/colombia\/wp-content\/uploads\/Willian-Andr\u00e9s-Montenegro-Sandoval-alias-Muerto-Parado.-Hurto-concierto-y-porte-ilegal-de-armas.-Popay\u00e1n-Cauca.-576x420.jpg 576w, https:\/\/www.fiscalia.gov.co\/colombia\/wp-content\/uploads\/Willian-Andr\u00e9s-Montenegro-Sandoval-alias-Muerto-Parado.-Hurto-concierto-y-porte-ilegal-de-armas.-Popay\u00e1n-Cauca.-324x235.jpg 324w\" sizes=\"auto, (max-width: 1280px) 100vw, 1280px\" \/><figcaption id=\"caption-attachment-239334\" class=\"wp-caption-text\">William Andr\u00e9s Montenegro Sandoval, alias \u2018Muerto Parado\u2019, presunto integrante del grupo delictivo \u2018Los del Golpe\u2019, uno de los m\u00e1s buscados por las autoridades, por hurtos a personas, residencias, veh\u00edculos y establecimientos comerciales, en Popay\u00e1n (Cauca).<\/figcaption><\/figure>\n<p><span lang=\"ES\">Seg\u00fan la Fiscal\u00eda, alias \u2018Muerto Parado\u2019 era considerado uno de los\u00a0<\/span><a href=\"https:\/\/www.fiscalia.gov.co\/colombia\/noticias\/carcel-para-alias-mello-cote-presunto-integrante-de-los-costenos-y-uno-de-los-hombres-mas-buscados-de-atlantico\/\" target=\"_blank\" rel=\"noopener noreferrer\" data-saferedirecturl=\"https:\/\/www.google.com\/url?q=https:\/\/www.fiscalia.gov.co\/colombia\/noticias\/carcel-para-alias-mello-cote-presunto-integrante-de-los-costenos-y-uno-de-los-hombres-mas-buscados-de-atlantico\/&amp;source=gmail&amp;ust=1643561022602000&amp;usg=AOvVaw1c4i155eImhco81aqdiVot\"><span lang=\"ES\">m\u00e1s buscados<\/span><\/a><span lang=\"ES\">\u00a0en la capital caucana, ya que desde el a\u00f1o 2019 ten\u00eda vigente orden de captura; adem\u00e1s de una\u00a0<\/span><a href=\"https:\/\/www.fiscalia.gov.co\/colombia\/crimen-organizado\/carcel-para-presunto-cabecilla-armado-de-los-pelusos-buscado-mediante-circular-azul-de-interpol\/\" target=\"_blank\" rel=\"noopener noreferrer\" data-saferedirecturl=\"https:\/\/www.google.com\/url?q=https:\/\/www.fiscalia.gov.co\/colombia\/crimen-organizado\/carcel-para-presunto-cabecilla-armado-de-los-pelusos-buscado-mediante-circular-azul-de-interpol\/&amp;source=gmail&amp;ust=1643561022602000&amp;usg=AOvVaw1L4xm-TLbgqN2XaJupuHvq\"><span lang=\"ES\">circular azul de la Interpol<\/span><\/a><span lang=\"ES\">. Asimismo, figuran en su contra 18 anotaciones judiciales por delitos como hurto calificado, concierto para delinquir, violencia intrafamiliar, lesiones personales, da\u00f1o en bien ajeno y porte ilegal de armas de fuego.<\/span><\/p>\n<p><span lang=\"ES\">Investigadores del CTI, la Polic\u00eda Nacional y el Grupo Gaula Militar capturaron al hoy imputado el pasado 27 de enero durante diligencias de registro y allanamiento realizadas a una vivienda ubicada en el barrio Real Pomona de Popay\u00e1n.<\/span><\/p>\n<p><span lang=\"ES\">La Fiscal\u00eda investiga a Montenegro Sandoval como presunto integrante del grupo delictivo en menci\u00f3n a quienes se les endilga su participaci\u00f3n en hurtos a residencias, establecimientos comerciales, veh\u00edculos y personas, hechos cometidos en los \u00faltimos a\u00f1os, afectando la seguridad y la tranquilidad de la ciudadan\u00eda payanesa. Se les atribuye su presunta participaci\u00f3n en dos hurtos a joyer\u00edas de donde se llevaron aproximadamente 400 millones de pesos.<\/span><\/p>\n<p><span lang=\"ES\">Para los il\u00edcitos, los integrantes de este grupo delictivo utilizaban armas de fuego para intimidar a las v\u00edctimas y ponerlas en estado de indefensi\u00f3n.<\/span><\/p>\n<p><span lang=\"ES\">La Fiscal\u00eda imput\u00f3 al procesado cargos por los delitos de\u00a0<\/span><a href=\"https:\/\/www.fiscalia.gov.co\/colombia\/noticias\/a-la-carcel-un-hombre-presuntamente-implicado-en-un-hurto-calificado-y-agravado\/\" target=\"_blank\" rel=\"noopener noreferrer\" data-saferedirecturl=\"https:\/\/www.google.com\/url?q=https:\/\/www.fiscalia.gov.co\/colombia\/noticias\/a-la-carcel-un-hombre-presuntamente-implicado-en-un-hurto-calificado-y-agravado\/&amp;source=gmail&amp;ust=1643561022602000&amp;usg=AOvVaw3rn9Ro13pWRGS4V1DFSzh3\">hurto calificado y agravado<\/a>, tr\u00e1fico, fabricaci\u00f3n o porte de armas de fuego en concurso heterog\u00e9neo con concierto para delinquir.<\/p>\n<p>Por determinaci\u00f3n del juez, el presunto implicado, quien no acept\u00f3 cargos, debe cumplir la medida de aseguramiento en centro carcelario.<\/p>\n<p><b><span lang=\"ES\">La Fiscal\u00eda habla con resultados<\/span><\/b><\/p>\n<p><span lang=\"ES\">\u00a0<\/span><\/p>\n<p><span lang=\"ES\">MAP\/MAGA\/GAMM\/<\/span><\/p>\n<p><span lang=\"ES\">\u00a0<\/span><\/p>\n<p><i><span lang=\"ES\">La informaci\u00f3n contenida en este bolet\u00edn de prensa corresponde a la narraci\u00f3n de los hechos noticiosos objetivos, suministrados por los funcionarios encargados de adelantar las investigaciones penales al interior de la Fiscal\u00eda General de la Naci\u00f3n. Para el momento de la divulgaci\u00f3n de este comunicado, la situaci\u00f3n jur\u00eddica de la(s) persona(s) relacionada(s) se encuentra pendiente de resolver por la autoridad judicial competente, siempre bajo los preceptos de la presunci\u00f3n de inocencia, consagrados en el art\u00edculo 29 de la Constituci\u00f3n Pol\u00edtica y el art\u00edculo 7\u00ba de la Ley 906 de 2004.<\/span><\/i><i><\/i><\/p>\n\n<div class=\"twitter-share\"><a href=\"https:\/\/twitter.com\/intent\/tweet?via=fiscaliacol\" class=\"twitter-share-button\">Tweet<\/a><\/div>\n","protected":false},"excerpt":{"rendered":"<p>Un juez de control de garant\u00edas acogi\u00f3 la petici\u00f3n de la Fiscal\u00eda General de la Naci\u00f3n y envi\u00f3 a la c\u00e1rcel\u00a0a\u00a0William Andr\u00e9s Montenegro Sandoval, alias Muerto Parado, presunto integrante del [&hellip;]<\/p>\n","protected":false},"author":175,"featured_media":240030,"comment_status":"closed","ping_status":"open","sticky":false,"template":"","format":"video","meta":{"tdm_status":"","tdm_grid_status":"","footnotes":""},"categories":[24098,1,336],"tags":[7806,12424,14550,24551,24635,29561,30240,25230,24187,3060,30241,1185,24549,916],"class_list":["post-239333","post","type-post","status-publish","format-video","has-post-thumbnail","category-crimen-organizado","category-noticias","category-seccional-popayan","tag-asegurado","tag-capturado","tag-carcel","tag-centro-carcelario","tag-circular-azul","tag-de-hurto-calificado-y-agravado","tag-fabricacion-o-porte-de-armas-de-fuego-en-concurso-heterogeneo-con-concierto-para-delinquir","tag-fiscal-general-de-nacion","tag-fiscalia-colombia","tag-interpol","tag-mas-buscado","tag-medida-de-aseguramiento","tag-orden-judicial","tag-trafico","post_format-post-format-video"],"yoast_head":"<!-- This site is optimized with the Yoast SEO plugin v24.3 - https:\/\/yoast.com\/wordpress\/plugins\/seo\/ -->\n<title>Fiscal\u00eda General de la Naci\u00f3n<\/title>\n<meta name=\"description\" content=\"P\u00e1gina oficial de la Fiscal\u00eda General de la Naci\u00f3n \u2013 Colombia. Garantizamos el acceso efectivo a la justicia, la verdad y la reparaci\u00f3n de las v\u00edctimas de los delitos.\" \/>\n<meta name=\"robots\" content=\"noindex, follow\" \/>\n<meta property=\"og:locale\" content=\"es_ES\" \/>\n<meta property=\"og:type\" content=\"article\" \/>\n<meta property=\"og:title\" content=\"Fiscal\u00eda General de la Naci\u00f3n\" \/>\n<meta property=\"og:description\" content=\"P\u00e1gina oficial de la Fiscal\u00eda General de la Naci\u00f3n \u2013 Colombia. Garantizamos el acceso efectivo a la justicia, la verdad y la reparaci\u00f3n de las v\u00edctimas de los delitos.\" \/>\n<meta property=\"og:url\" content=\"https:\/\/www.fiscalia.gov.co\/colombia\/noticias\/privado-de-la-libertad-alias-muerto-parado-uno-de-los-mas-buscados-por-hurtos-en-popayan\/\" \/>\n<meta property=\"og:site_name\" content=\"Fiscal\u00eda General de la Naci\u00f3n\" \/>\n<meta property=\"article:publisher\" content=\"https:\/\/www.facebook.com\/FiscaliaCol\" \/>\n<meta property=\"article:published_time\" content=\"2022-01-29T16:47:00+00:00\" \/>\n<meta property=\"article:modified_time\" content=\"2022-02-05T03:04:15+00:00\" \/>\n<meta property=\"og:image\" content=\"https:\/\/www.fiscalia.gov.co\/colombia\/wp-content\/uploads\/maxresdefault-321.jpg\" \/>\n\t<meta property=\"og:image:width\" content=\"1280\" \/>\n\t<meta property=\"og:image:height\" content=\"720\" \/>\n\t<meta property=\"og:image:type\" content=\"image\/jpeg\" \/>\n<meta name=\"author\" content=\"Katherine Loaiza Mart\u00ednez\" \/>\n<meta name=\"twitter:card\" content=\"summary_large_image\" \/>\n<meta name=\"twitter:creator\" content=\"@FiscaliaCol\" \/>\n<meta name=\"twitter:site\" content=\"@FiscaliaCol\" \/>\n<meta name=\"twitter:label1\" content=\"Escrito por\" \/>\n\t<meta name=\"twitter:data1\" content=\"Katherine Loaiza Mart\u00ednez\" \/>\n\t<meta name=\"twitter:label2\" content=\"Tiempo de lectura\" \/>\n\t<meta name=\"twitter:data2\" content=\"2 minutos\" \/>\n<script type=\"application\/ld+json\" class=\"yoast-schema-graph\">{\"@context\":\"https:\/\/schema.org\",\"@graph\":[{\"@type\":\"Article\",\"@id\":\"https:\/\/www.fiscalia.gov.co\/colombia\/noticias\/privado-de-la-libertad-alias-muerto-parado-uno-de-los-mas-buscados-por-hurtos-en-popayan\/#article\",\"isPartOf\":{\"@id\":\"https:\/\/www.fiscalia.gov.co\/colombia\/noticias\/privado-de-la-libertad-alias-muerto-parado-uno-de-los-mas-buscados-por-hurtos-en-popayan\/\"},\"author\":{\"name\":\"Katherine Loaiza Mart\u00ednez\",\"@id\":\"https:\/\/www.fiscalia.gov.co\/colombia\/#\/schema\/person\/2e76b9aba5ecf875ed565ce4de0e0415\"},\"headline\":\"Privado de la libertad alias \u2018Muerto Parado\u2019, uno de los m\u00e1s buscados por hurtos en Popay\u00e1n\",\"datePublished\":\"2022-01-29T16:47:00+00:00\",\"dateModified\":\"2022-02-05T03:04:15+00:00\",\"mainEntityOfPage\":{\"@id\":\"https:\/\/www.fiscalia.gov.co\/colombia\/noticias\/privado-de-la-libertad-alias-muerto-parado-uno-de-los-mas-buscados-por-hurtos-en-popayan\/\"},\"wordCount\":496,\"publisher\":{\"@id\":\"https:\/\/www.fiscalia.gov.co\/colombia\/#organization\"},\"image\":{\"@id\":\"https:\/\/www.fiscalia.gov.co\/colombia\/noticias\/privado-de-la-libertad-alias-muerto-parado-uno-de-los-mas-buscados-por-hurtos-en-popayan\/#primaryimage\"},\"thumbnailUrl\":\"https:\/\/www.fiscalia.gov.co\/colombia\/wp-content\/uploads\/maxresdefault-321.jpg\",\"keywords\":[\"Asegurado\",\"Capturado\",\"C\u00e1rcel\",\"centro carcelario\",\"circular azul\",\"de hurto calificado y agravado\",\"fabricaci\u00f3n o porte de armas de fuego en concurso heterog\u00e9neo con concierto para delinquir\",\"Fiscal General de Naci\u00f3n\",\"Fiscal\u00eda Colombia\",\"Interpol\",\"m\u00e1s buscado\",\"Medida de aseguramiento\",\"orden judicial\",\"Tr\u00e1fico\"],\"articleSection\":[\"Crimen organizado\",\"Noticias\",\"Seccional Popay\u00e1n\"],\"inLanguage\":\"es-CO\"},{\"@type\":\"WebPage\",\"@id\":\"https:\/\/www.fiscalia.gov.co\/colombia\/noticias\/privado-de-la-libertad-alias-muerto-parado-uno-de-los-mas-buscados-por-hurtos-en-popayan\/\",\"url\":\"https:\/\/www.fiscalia.gov.co\/colombia\/noticias\/privado-de-la-libertad-alias-muerto-parado-uno-de-los-mas-buscados-por-hurtos-en-popayan\/\",\"name\":\"Fiscal\u00eda General de la Naci\u00f3n\",\"isPartOf\":{\"@id\":\"https:\/\/www.fiscalia.gov.co\/colombia\/#website\"},\"primaryImageOfPage\":{\"@id\":\"https:\/\/www.fiscalia.gov.co\/colombia\/noticias\/privado-de-la-libertad-alias-muerto-parado-uno-de-los-mas-buscados-por-hurtos-en-popayan\/#primaryimage\"},\"image\":{\"@id\":\"https:\/\/www.fiscalia.gov.co\/colombia\/noticias\/privado-de-la-libertad-alias-muerto-parado-uno-de-los-mas-buscados-por-hurtos-en-popayan\/#primaryimage\"},\"thumbnailUrl\":\"https:\/\/www.fiscalia.gov.co\/colombia\/wp-content\/uploads\/maxresdefault-321.jpg\",\"datePublished\":\"2022-01-29T16:47:00+00:00\",\"dateModified\":\"2022-02-05T03:04:15+00:00\",\"description\":\"P\u00e1gina oficial de la Fiscal\u00eda General de la Naci\u00f3n \u2013 Colombia. Garantizamos el acceso efectivo a la justicia, la verdad y la reparaci\u00f3n de las v\u00edctimas de los delitos.\",\"breadcrumb\":{\"@id\":\"https:\/\/www.fiscalia.gov.co\/colombia\/noticias\/privado-de-la-libertad-alias-muerto-parado-uno-de-los-mas-buscados-por-hurtos-en-popayan\/#breadcrumb\"},\"inLanguage\":\"es-CO\",\"potentialAction\":[{\"@type\":\"ReadAction\",\"target\":[\"https:\/\/www.fiscalia.gov.co\/colombia\/noticias\/privado-de-la-libertad-alias-muerto-parado-uno-de-los-mas-buscados-por-hurtos-en-popayan\/\"]}]},{\"@type\":\"ImageObject\",\"inLanguage\":\"es-CO\",\"@id\":\"https:\/\/www.fiscalia.gov.co\/colombia\/noticias\/privado-de-la-libertad-alias-muerto-parado-uno-de-los-mas-buscados-por-hurtos-en-popayan\/#primaryimage\",\"url\":\"https:\/\/www.fiscalia.gov.co\/colombia\/wp-content\/uploads\/maxresdefault-321.jpg\",\"contentUrl\":\"https:\/\/www.fiscalia.gov.co\/colombia\/wp-content\/uploads\/maxresdefault-321.jpg\",\"width\":1280,\"height\":720},{\"@type\":\"BreadcrumbList\",\"@id\":\"https:\/\/www.fiscalia.gov.co\/colombia\/noticias\/privado-de-la-libertad-alias-muerto-parado-uno-de-los-mas-buscados-por-hurtos-en-popayan\/#breadcrumb\",\"itemListElement\":[{\"@type\":\"ListItem\",\"position\":1,\"name\":\"Home\",\"item\":\"https:\/\/www.fiscalia.gov.co\/colombia\/\"},{\"@type\":\"ListItem\",\"position\":2,\"name\":\"Privado de la libertad alias \u2018Muerto Parado\u2019, uno de los m\u00e1s buscados por hurtos en Popay\u00e1n\"}]},{\"@type\":\"WebSite\",\"@id\":\"https:\/\/www.fiscalia.gov.co\/colombia\/#website\",\"url\":\"https:\/\/www.fiscalia.gov.co\/colombia\/\",\"name\":\"Fiscal\u00eda General de la Naci\u00f3n\",\"description\":\"P\u00e1gina oficial de la Fiscal\u00eda General de la Naci\u00f3n \u2013 Colombia. Garantizamos el acceso efectivo a la justicia, la verdad y la reparaci\u00f3n de las v\u00edctimas de los delitos.\",\"publisher\":{\"@id\":\"https:\/\/www.fiscalia.gov.co\/colombia\/#organization\"},\"potentialAction\":[{\"@type\":\"SearchAction\",\"target\":{\"@type\":\"EntryPoint\",\"urlTemplate\":\"https:\/\/www.fiscalia.gov.co\/colombia\/?s={search_term_string}\"},\"query-input\":{\"@type\":\"PropertyValueSpecification\",\"valueRequired\":true,\"valueName\":\"search_term_string\"}}],\"inLanguage\":\"es-CO\"},{\"@type\":\"Organization\",\"@id\":\"https:\/\/www.fiscalia.gov.co\/colombia\/#organization\",\"name\":\"Fiscal\u00eda General de la Naci\u00f3n\",\"url\":\"https:\/\/www.fiscalia.gov.co\/colombia\/\",\"logo\":{\"@type\":\"ImageObject\",\"inLanguage\":\"es-CO\",\"@id\":\"https:\/\/www.fiscalia.gov.co\/colombia\/#\/schema\/logo\/image\/\",\"url\":\"https:\/\/www.fiscalia.gov.co\/colombia\/wp-content\/uploads\/LogoHorizontal_1.jpg\",\"contentUrl\":\"https:\/\/www.fiscalia.gov.co\/colombia\/wp-content\/uploads\/LogoHorizontal_1.jpg\",\"width\":300,\"height\":90,\"caption\":\"Fiscal\u00eda General de la Naci\u00f3n\"},\"image\":{\"@id\":\"https:\/\/www.fiscalia.gov.co\/colombia\/#\/schema\/logo\/image\/\"},\"sameAs\":[\"https:\/\/www.facebook.com\/FiscaliaCol\",\"https:\/\/x.com\/FiscaliaCol\",\"https:\/\/www.instagram.com\/fiscaliacol\",\"https:\/\/www.linkedin.com\/company\/fiscalia-general-de-la-naci-n\/\",\"https:\/\/youtube.com\/@fiscaliageneraldelanacion-4668?si=6nN79nyQICPU5iTh\"]},{\"@type\":\"Person\",\"@id\":\"https:\/\/www.fiscalia.gov.co\/colombia\/#\/schema\/person\/2e76b9aba5ecf875ed565ce4de0e0415\",\"name\":\"Katherine Loaiza Mart\u00ednez\",\"image\":{\"@type\":\"ImageObject\",\"inLanguage\":\"es-CO\",\"@id\":\"https:\/\/www.fiscalia.gov.co\/colombia\/#\/schema\/person\/image\/\",\"url\":\"https:\/\/secure.gravatar.com\/avatar\/ab775a2f394c1b83b6d6f78680e57b50?s=96&d=mm&r=g\",\"contentUrl\":\"https:\/\/secure.gravatar.com\/avatar\/ab775a2f394c1b83b6d6f78680e57b50?s=96&d=mm&r=g\",\"caption\":\"Katherine Loaiza Mart\u00ednez\"},\"url\":\"https:\/\/www.fiscalia.gov.co\/colombia\/author\/kloaiza\/\"}]}<\/script>\n<!-- \/ Yoast SEO plugin. -->","yoast_head_json":{"title":"Fiscal\u00eda General de la Naci\u00f3n","description":"P\u00e1gina oficial de la Fiscal\u00eda General de la Naci\u00f3n \u2013 Colombia. Garantizamos el acceso efectivo a la justicia, la verdad y la reparaci\u00f3n de las v\u00edctimas de los delitos.","robots":{"index":"noindex","follow":"follow"},"og_locale":"es_ES","og_type":"article","og_title":"Fiscal\u00eda General de la Naci\u00f3n","og_description":"P\u00e1gina oficial de la Fiscal\u00eda General de la Naci\u00f3n \u2013 Colombia. Garantizamos el acceso efectivo a la justicia, la verdad y la reparaci\u00f3n de las v\u00edctimas de los delitos.","og_url":"https:\/\/www.fiscalia.gov.co\/colombia\/noticias\/privado-de-la-libertad-alias-muerto-parado-uno-de-los-mas-buscados-por-hurtos-en-popayan\/","og_site_name":"Fiscal\u00eda General de la Naci\u00f3n","article_publisher":"https:\/\/www.facebook.com\/FiscaliaCol","article_published_time":"2022-01-29T16:47:00+00:00","article_modified_time":"2022-02-05T03:04:15+00:00","og_image":[{"width":1280,"height":720,"url":"https:\/\/www.fiscalia.gov.co\/colombia\/wp-content\/uploads\/maxresdefault-321.jpg","type":"image\/jpeg"}],"author":"Katherine Loaiza Mart\u00ednez","twitter_card":"summary_large_image","twitter_creator":"@FiscaliaCol","twitter_site":"@FiscaliaCol","twitter_misc":{"Escrito por":"Katherine Loaiza Mart\u00ednez","Tiempo de lectura":"2 minutos"},"schema":{"@context":"https:\/\/schema.org","@graph":[{"@type":"Article","@id":"https:\/\/www.fiscalia.gov.co\/colombia\/noticias\/privado-de-la-libertad-alias-muerto-parado-uno-de-los-mas-buscados-por-hurtos-en-popayan\/#article","isPartOf":{"@id":"https:\/\/www.fiscalia.gov.co\/colombia\/noticias\/privado-de-la-libertad-alias-muerto-parado-uno-de-los-mas-buscados-por-hurtos-en-popayan\/"},"author":{"name":"Katherine Loaiza Mart\u00ednez","@id":"https:\/\/www.fiscalia.gov.co\/colombia\/#\/schema\/person\/2e76b9aba5ecf875ed565ce4de0e0415"},"headline":"Privado de la libertad alias \u2018Muerto Parado\u2019, uno de los m\u00e1s buscados por hurtos en Popay\u00e1n","datePublished":"2022-01-29T16:47:00+00:00","dateModified":"2022-02-05T03:04:15+00:00","mainEntityOfPage":{"@id":"https:\/\/www.fiscalia.gov.co\/colombia\/noticias\/privado-de-la-libertad-alias-muerto-parado-uno-de-los-mas-buscados-por-hurtos-en-popayan\/"},"wordCount":496,"publisher":{"@id":"https:\/\/www.fiscalia.gov.co\/colombia\/#organization"},"image":{"@id":"https:\/\/www.fiscalia.gov.co\/colombia\/noticias\/privado-de-la-libertad-alias-muerto-parado-uno-de-los-mas-buscados-por-hurtos-en-popayan\/#primaryimage"},"thumbnailUrl":"https:\/\/www.fiscalia.gov.co\/colombia\/wp-content\/uploads\/maxresdefault-321.jpg","keywords":["Asegurado","Capturado","C\u00e1rcel","centro carcelario","circular azul","de hurto calificado y agravado","fabricaci\u00f3n o porte de armas de fuego en concurso heterog\u00e9neo con concierto para delinquir","Fiscal General de Naci\u00f3n","Fiscal\u00eda Colombia","Interpol","m\u00e1s buscado","Medida de aseguramiento","orden judicial","Tr\u00e1fico"],"articleSection":["Crimen organizado","Noticias","Seccional Popay\u00e1n"],"inLanguage":"es-CO"},{"@type":"WebPage","@id":"https:\/\/www.fiscalia.gov.co\/colombia\/noticias\/privado-de-la-libertad-alias-muerto-parado-uno-de-los-mas-buscados-por-hurtos-en-popayan\/","url":"https:\/\/www.fiscalia.gov.co\/colombia\/noticias\/privado-de-la-libertad-alias-muerto-parado-uno-de-los-mas-buscados-por-hurtos-en-popayan\/","name":"Fiscal\u00eda General de la Naci\u00f3n","isPartOf":{"@id":"https:\/\/www.fiscalia.gov.co\/colombia\/#website"},"primaryImageOfPage":{"@id":"https:\/\/www.fiscalia.gov.co\/colombia\/noticias\/privado-de-la-libertad-alias-muerto-parado-uno-de-los-mas-buscados-por-hurtos-en-popayan\/#primaryimage"},"image":{"@id":"https:\/\/www.fiscalia.gov.co\/colombia\/noticias\/privado-de-la-libertad-alias-muerto-parado-uno-de-los-mas-buscados-por-hurtos-en-popayan\/#primaryimage"},"thumbnailUrl":"https:\/\/www.fiscalia.gov.co\/colombia\/wp-content\/uploads\/maxresdefault-321.jpg","datePublished":"2022-01-29T16:47:00+00:00","dateModified":"2022-02-05T03:04:15+00:00","description":"P\u00e1gina oficial de la Fiscal\u00eda General de la Naci\u00f3n \u2013 Colombia. Garantizamos el acceso efectivo a la justicia, la verdad y la reparaci\u00f3n de las v\u00edctimas de los delitos.","breadcrumb":{"@id":"https:\/\/www.fiscalia.gov.co\/colombia\/noticias\/privado-de-la-libertad-alias-muerto-parado-uno-de-los-mas-buscados-por-hurtos-en-popayan\/#breadcrumb"},"inLanguage":"es-CO","potentialAction":[{"@type":"ReadAction","target":["https:\/\/www.fiscalia.gov.co\/colombia\/noticias\/privado-de-la-libertad-alias-muerto-parado-uno-de-los-mas-buscados-por-hurtos-en-popayan\/"]}]},{"@type":"ImageObject","inLanguage":"es-CO","@id":"https:\/\/www.fiscalia.gov.co\/colombia\/noticias\/privado-de-la-libertad-alias-muerto-parado-uno-de-los-mas-buscados-por-hurtos-en-popayan\/#primaryimage","url":"https:\/\/www.fiscalia.gov.co\/colombia\/wp-content\/uploads\/maxresdefault-321.jpg","contentUrl":"https:\/\/www.fiscalia.gov.co\/colombia\/wp-content\/uploads\/maxresdefault-321.jpg","width":1280,"height":720},{"@type":"BreadcrumbList","@id":"https:\/\/www.fiscalia.gov.co\/colombia\/noticias\/privado-de-la-libertad-alias-muerto-parado-uno-de-los-mas-buscados-por-hurtos-en-popayan\/#breadcrumb","itemListElement":[{"@type":"ListItem","position":1,"name":"Home","item":"https:\/\/www.fiscalia.gov.co\/colombia\/"},{"@type":"ListItem","position":2,"name":"Privado de la libertad alias \u2018Muerto Parado\u2019, uno de los m\u00e1s buscados por hurtos en Popay\u00e1n"}]},{"@type":"WebSite","@id":"https:\/\/www.fiscalia.gov.co\/colombia\/#website","url":"https:\/\/www.fiscalia.gov.co\/colombia\/","name":"Fiscal\u00eda General de la Naci\u00f3n","description":"P\u00e1gina oficial de la Fiscal\u00eda General de la Naci\u00f3n \u2013 Colombia. Garantizamos el acceso efectivo a la justicia, la verdad y la reparaci\u00f3n de las v\u00edctimas de los delitos.","publisher":{"@id":"https:\/\/www.fiscalia.gov.co\/colombia\/#organization"},"potentialAction":[{"@type":"SearchAction","target":{"@type":"EntryPoint","urlTemplate":"https:\/\/www.fiscalia.gov.co\/colombia\/?s={search_term_string}"},"query-input":{"@type":"PropertyValueSpecification","valueRequired":true,"valueName":"search_term_string"}}],"inLanguage":"es-CO"},{"@type":"Organization","@id":"https:\/\/www.fiscalia.gov.co\/colombia\/#organization","name":"Fiscal\u00eda General de la Naci\u00f3n","url":"https:\/\/www.fiscalia.gov.co\/colombia\/","logo":{"@type":"ImageObject","inLanguage":"es-CO","@id":"https:\/\/www.fiscalia.gov.co\/colombia\/#\/schema\/logo\/image\/","url":"https:\/\/www.fiscalia.gov.co\/colombia\/wp-content\/uploads\/LogoHorizontal_1.jpg","contentUrl":"https:\/\/www.fiscalia.gov.co\/colombia\/wp-content\/uploads\/LogoHorizontal_1.jpg","width":300,"height":90,"caption":"Fiscal\u00eda General de la Naci\u00f3n"},"image":{"@id":"https:\/\/www.fiscalia.gov.co\/colombia\/#\/schema\/logo\/image\/"},"sameAs":["https:\/\/www.facebook.com\/FiscaliaCol","https:\/\/x.com\/FiscaliaCol","https:\/\/www.instagram.com\/fiscaliacol","https:\/\/www.linkedin.com\/company\/fiscalia-general-de-la-naci-n\/","https:\/\/youtube.com\/@fiscaliageneraldelanacion-4668?si=6nN79nyQICPU5iTh"]},{"@type":"Person","@id":"https:\/\/www.fiscalia.gov.co\/colombia\/#\/schema\/person\/2e76b9aba5ecf875ed565ce4de0e0415","name":"Katherine Loaiza Mart\u00ednez","image":{"@type":"ImageObject","inLanguage":"es-CO","@id":"https:\/\/www.fiscalia.gov.co\/colombia\/#\/schema\/person\/image\/","url":"https:\/\/secure.gravatar.com\/avatar\/ab775a2f394c1b83b6d6f78680e57b50?s=96&d=mm&r=g","contentUrl":"https:\/\/secure.gravatar.com\/avatar\/ab775a2f394c1b83b6d6f78680e57b50?s=96&d=mm&r=g","caption":"Katherine Loaiza Mart\u00ednez"},"url":"https:\/\/www.fiscalia.gov.co\/colombia\/author\/kloaiza\/"}]}},"_links":{"self":[{"href":"https:\/\/www.fiscalia.gov.co\/colombia\/wp-json\/wp\/v2\/posts\/239333","targetHints":{"allow":["GET"]}}],"collection":[{"href":"https:\/\/www.fiscalia.gov.co\/colombia\/wp-json\/wp\/v2\/posts"}],"about":[{"href":"https:\/\/www.fiscalia.gov.co\/colombia\/wp-json\/wp\/v2\/types\/post"}],"author":[{"embeddable":true,"href":"https:\/\/www.fiscalia.gov.co\/colombia\/wp-json\/wp\/v2\/users\/175"}],"replies":[{"embeddable":true,"href":"https:\/\/www.fiscalia.gov.co\/colombia\/wp-json\/wp\/v2\/comments?post=239333"}],"version-history":[{"count":1,"href":"https:\/\/www.fiscalia.gov.co\/colombia\/wp-json\/wp\/v2\/posts\/239333\/revisions"}],"predecessor-version":[{"id":239335,"href":"https:\/\/www.fiscalia.gov.co\/colombia\/wp-json\/wp\/v2\/posts\/239333\/revisions\/239335"}],"wp:featuredmedia":[{"embeddable":true,"href":"https:\/\/www.fiscalia.gov.co\/colombia\/wp-json\/wp\/v2\/media\/240030"}],"wp:attachment":[{"href":"https:\/\/www.fiscalia.gov.co\/colombia\/wp-json\/wp\/v2\/media?parent=239333"}],"wp:term":[{"taxonomy":"category","embeddable":true,"href":"https:\/\/www.fiscalia.gov.co\/colombia\/wp-json\/wp\/v2\/categories?post=239333"},{"taxonomy":"post_tag","embeddable":true,"href":"https:\/\/www.fiscalia.gov.co\/colombia\/wp-json\/wp\/v2\/tags?post=239333"}],"curies":[{"name":"wp","href":"https:\/\/api.w.org\/{rel}","templated":true}]}}