{"id":239275,"date":"2022-01-28T13:49:34","date_gmt":"2022-01-28T18:49:34","guid":{"rendered":"https:\/\/www.fiscalia.gov.co\/colombia\/?p=239275"},"modified":"2022-01-28T13:49:51","modified_gmt":"2022-01-28T18:49:51","slug":"a-la-carcel-un-hombre-que-habria-maltratado-fisicamente-a-su-ex-companera-sentimental","status":"publish","type":"post","link":"https:\/\/www.fiscalia.gov.co\/colombia\/noticias\/a-la-carcel-un-hombre-que-habria-maltratado-fisicamente-a-su-ex-companera-sentimental\/","title":{"rendered":"A la c\u00e1rcel un hombre que habr\u00eda maltratado f\u00edsicamente a su ex compa\u00f1era sentimental\u00a0\u00a0"},"content":{"rendered":"<p style=\"font-weight: 400;\">Al avalar el material probatorio de la Fiscal\u00eda, un juez de control de garant\u00edas de Cali impuso medida restrictiva de la libertad en centro carcelario contra Christian Camilo Ruiz Guerrero, por su presunta responsabilidad en el delito de\u00a0<strong><a href=\"https:\/\/www.fiscalia.gov.co\/colombia\/noticias\/carcel-para-reincidente-por-violencia-intrafamiliar-en-contra-de-su-ex-companera-sentimental\/\" data-saferedirecturl=\"https:\/\/www.google.com\/url?q=https:\/\/www.fiscalia.gov.co\/colombia\/noticias\/carcel-para-reincidente-por-violencia-intrafamiliar-en-contra-de-su-ex-companera-sentimental\/&amp;source=gmail&amp;ust=1643481698524000&amp;usg=AOvVaw12WglqOqPU4ks2CEXHCIXX\">violencia intrafamiliar<\/a>\u00a0agravado. \u00a0\u00a0<\/strong><\/p>\n<p style=\"font-weight: 400;\">Los hechos por los que Ruiz Guerrero es procesado ocurrieron el 15 de enero \u00faltimo en Pasto (Nari\u00f1o), donde el hombre habr\u00eda agredido f\u00edsicamente a su expareja.<\/p>\n<p style=\"font-weight: 400;\">Seg\u00fan la denuncia de la exsuegra del procesado, su hija tuvo que ser\u00a0<a href=\"https:\/\/www.fiscalia.gov.co\/colombia\/seccionales\/juez-aseguro-a-un-hombre-que-habria-golpeado-violentamente-a-su-propia-esposa\/\" data-saferedirecturl=\"https:\/\/www.google.com\/url?q=https:\/\/www.fiscalia.gov.co\/colombia\/seccionales\/juez-aseguro-a-un-hombre-que-habria-golpeado-violentamente-a-su-propia-esposa\/&amp;source=gmail&amp;ust=1643481698524000&amp;usg=AOvVaw3-uhLTfe0MA220M3HxOh4l\">internada en una cl\u00ednica<\/a>\u00a0de esa ciudad, donde a\u00fan permanece bajo observaci\u00f3n m\u00e9dica, como consecuencia de los golpes que recibi\u00f3 por parte de Ruiz Guerrero.<\/p>\n<p style=\"font-weight: 400;\">Servidores del CTI, junto con agentes de vigilancia de la Polic\u00eda Nacional, capturaron mediante orden judicial al investigado cuando se desplazaba por una v\u00eda p\u00fablica del centro de la ciudad.<\/p>\n<p style=\"font-weight: 400;\">Christian Camilo Ru\u00edz Guerrero no acept\u00f3 los cargos imputados por el ente acusador.<\/p>\n<p style=\"font-weight: 400;\">La Fiscal\u00eda General de la Naci\u00f3n habla con resultados.<\/p>\n<p style=\"font-weight: 400;\">JGPV\/LV\/DLBM.<\/p>\n<p style=\"font-weight: 400;\"><em>La informaci\u00f3n contenida en este bolet\u00edn de prensa corresponde a la narraci\u00f3n de los hechos noticiosos objetivos, suministrados por los funcionarios encargados de adelantar las investigaciones penales al interior de la Fiscal\u00eda General de la Naci\u00f3n. Para el momento de la divulgaci\u00f3n de este comunicado, la situaci\u00f3n jur\u00eddica de la(s) persona(s) relacionada(s) se encuentra pendiente de resolver por la autoridad judicial competente, siempre bajo los preceptos de la presunci\u00f3n de inocencia, consagrados en el art\u00edculo 29 de la Constituci\u00f3n Pol\u00edtica y el art\u00edculo 7\u00ba de la Ley 906 de 2004.<\/em><\/p>\n<p style=\"font-weight: 400;\"><strong>Le puede interesar:<\/strong>\u00a0<strong><a href=\"https:\/\/www.fiscalia.gov.co\/colombia\/noticias\/un-hombre-fue-condenado-a-26-meses-de-prision-por-violencia-intrafamiliar\/\" data-saferedirecturl=\"https:\/\/www.google.com\/url?q=https:\/\/www.fiscalia.gov.co\/colombia\/noticias\/un-hombre-fue-condenado-a-26-meses-de-prision-por-violencia-intrafamiliar\/&amp;source=gmail&amp;ust=1643481698524000&amp;usg=AOvVaw15HHbXoa4OVgBY8FfC8JZy\">Un hombre fue condenado a 26 meses de prisi\u00f3n\u00a0 por violencia intrafamiliar<\/a><\/strong>\u00a0<strong>\u00a0<\/strong><\/p>\n\n<div class=\"twitter-share\"><a href=\"https:\/\/twitter.com\/intent\/tweet?via=fiscaliacol\" class=\"twitter-share-button\">Tweet<\/a><\/div>\n","protected":false},"excerpt":{"rendered":"<p>Al avalar el material probatorio de la Fiscal\u00eda, un juez de control de garant\u00edas de Cali impuso medida restrictiva de la libertad en centro carcelario contra Christian Camilo Ruiz Guerrero, [&hellip;]<\/p>\n","protected":false},"author":176,"featured_media":0,"comment_status":"closed","ping_status":"open","sticky":false,"template":"","format":"standard","meta":{"tdm_status":"","tdm_grid_status":"","footnotes":""},"categories":[1,334,303,24127],"tags":[24526,24481,1047,30236,682],"class_list":["post-239275","post","type-post","status-publish","format-standard","category-noticias","category-seccional-pasto","category-seccionales","category-violencia-sexual-e-intrafamiliar","tag-fiscal-general-francisco-barbosa-delgado","tag-fiscalia-de-colombia","tag-fiscalia-general-de-la-nacion","tag-internada-en-una-clinica","tag-violencia-intrafamiliar"],"yoast_head":"<!-- This site is optimized with the Yoast SEO plugin v24.3 - https:\/\/yoast.com\/wordpress\/plugins\/seo\/ -->\n<title>Fiscal\u00eda General de la Naci\u00f3n<\/title>\n<meta name=\"description\" content=\"P\u00e1gina oficial de la Fiscal\u00eda General de la Naci\u00f3n \u2013 Colombia. Garantizamos el acceso efectivo a la justicia, la verdad y la reparaci\u00f3n de las v\u00edctimas de los delitos.\" \/>\n<meta name=\"robots\" content=\"noindex, follow\" \/>\n<meta property=\"og:locale\" content=\"es_ES\" \/>\n<meta property=\"og:type\" content=\"article\" \/>\n<meta property=\"og:title\" content=\"Fiscal\u00eda General de la Naci\u00f3n\" \/>\n<meta property=\"og:description\" content=\"P\u00e1gina oficial de la Fiscal\u00eda General de la Naci\u00f3n \u2013 Colombia. Garantizamos el acceso efectivo a la justicia, la verdad y la reparaci\u00f3n de las v\u00edctimas de los delitos.\" \/>\n<meta property=\"og:url\" content=\"https:\/\/www.fiscalia.gov.co\/colombia\/noticias\/a-la-carcel-un-hombre-que-habria-maltratado-fisicamente-a-su-ex-companera-sentimental\/\" \/>\n<meta property=\"og:site_name\" content=\"Fiscal\u00eda General de la Naci\u00f3n\" \/>\n<meta property=\"article:publisher\" content=\"https:\/\/www.facebook.com\/FiscaliaCol\" \/>\n<meta property=\"article:published_time\" content=\"2022-01-28T18:49:34+00:00\" \/>\n<meta property=\"article:modified_time\" content=\"2022-01-28T18:49:51+00:00\" \/>\n<meta name=\"author\" content=\"Johanna Black Prieto Pe\u00f1a\" \/>\n<meta name=\"twitter:card\" content=\"summary_large_image\" \/>\n<meta name=\"twitter:creator\" content=\"@FiscaliaCol\" \/>\n<meta name=\"twitter:site\" content=\"@FiscaliaCol\" \/>\n<meta name=\"twitter:label1\" content=\"Escrito por\" \/>\n\t<meta name=\"twitter:data1\" content=\"Johanna Black Prieto Pe\u00f1a\" \/>\n\t<meta name=\"twitter:label2\" content=\"Tiempo de lectura\" \/>\n\t<meta name=\"twitter:data2\" content=\"1 minuto\" \/>\n<script type=\"application\/ld+json\" class=\"yoast-schema-graph\">{\"@context\":\"https:\/\/schema.org\",\"@graph\":[{\"@type\":\"Article\",\"@id\":\"https:\/\/www.fiscalia.gov.co\/colombia\/noticias\/a-la-carcel-un-hombre-que-habria-maltratado-fisicamente-a-su-ex-companera-sentimental\/#article\",\"isPartOf\":{\"@id\":\"https:\/\/www.fiscalia.gov.co\/colombia\/noticias\/a-la-carcel-un-hombre-que-habria-maltratado-fisicamente-a-su-ex-companera-sentimental\/\"},\"author\":{\"name\":\"Johanna Black Prieto Pe\u00f1a\",\"@id\":\"https:\/\/www.fiscalia.gov.co\/colombia\/#\/schema\/person\/b19b49f26569f91393176a2b3d13a0e5\"},\"headline\":\"A la c\u00e1rcel un hombre que habr\u00eda maltratado f\u00edsicamente a su ex compa\u00f1era sentimental\u00a0\u00a0\",\"datePublished\":\"2022-01-28T18:49:34+00:00\",\"dateModified\":\"2022-01-28T18:49:51+00:00\",\"mainEntityOfPage\":{\"@id\":\"https:\/\/www.fiscalia.gov.co\/colombia\/noticias\/a-la-carcel-un-hombre-que-habria-maltratado-fisicamente-a-su-ex-companera-sentimental\/\"},\"wordCount\":311,\"publisher\":{\"@id\":\"https:\/\/www.fiscalia.gov.co\/colombia\/#organization\"},\"keywords\":[\"Fiscal General Francisco Barbosa Delgado\",\"Fiscal\u00eda de Colombia\",\"Fiscal\u00eda General de la Naci\u00f3n\",\"internada en una cl\u00ednica\",\"Violencia intrafamiliar\"],\"articleSection\":[\"Noticias\",\"Seccional Pasto\",\"Seccionales\",\"Violencia sexual e intrafamiliar\"],\"inLanguage\":\"es-CO\"},{\"@type\":\"WebPage\",\"@id\":\"https:\/\/www.fiscalia.gov.co\/colombia\/noticias\/a-la-carcel-un-hombre-que-habria-maltratado-fisicamente-a-su-ex-companera-sentimental\/\",\"url\":\"https:\/\/www.fiscalia.gov.co\/colombia\/noticias\/a-la-carcel-un-hombre-que-habria-maltratado-fisicamente-a-su-ex-companera-sentimental\/\",\"name\":\"Fiscal\u00eda General de la Naci\u00f3n\",\"isPartOf\":{\"@id\":\"https:\/\/www.fiscalia.gov.co\/colombia\/#website\"},\"datePublished\":\"2022-01-28T18:49:34+00:00\",\"dateModified\":\"2022-01-28T18:49:51+00:00\",\"description\":\"P\u00e1gina oficial de la Fiscal\u00eda General de la Naci\u00f3n \u2013 Colombia. Garantizamos el acceso efectivo a la justicia, la verdad y la reparaci\u00f3n de las v\u00edctimas de los delitos.\",\"breadcrumb\":{\"@id\":\"https:\/\/www.fiscalia.gov.co\/colombia\/noticias\/a-la-carcel-un-hombre-que-habria-maltratado-fisicamente-a-su-ex-companera-sentimental\/#breadcrumb\"},\"inLanguage\":\"es-CO\",\"potentialAction\":[{\"@type\":\"ReadAction\",\"target\":[\"https:\/\/www.fiscalia.gov.co\/colombia\/noticias\/a-la-carcel-un-hombre-que-habria-maltratado-fisicamente-a-su-ex-companera-sentimental\/\"]}]},{\"@type\":\"BreadcrumbList\",\"@id\":\"https:\/\/www.fiscalia.gov.co\/colombia\/noticias\/a-la-carcel-un-hombre-que-habria-maltratado-fisicamente-a-su-ex-companera-sentimental\/#breadcrumb\",\"itemListElement\":[{\"@type\":\"ListItem\",\"position\":1,\"name\":\"Home\",\"item\":\"https:\/\/www.fiscalia.gov.co\/colombia\/\"},{\"@type\":\"ListItem\",\"position\":2,\"name\":\"A la c\u00e1rcel un hombre que habr\u00eda maltratado f\u00edsicamente a su ex compa\u00f1era sentimental\u00a0\u00a0\"}]},{\"@type\":\"WebSite\",\"@id\":\"https:\/\/www.fiscalia.gov.co\/colombia\/#website\",\"url\":\"https:\/\/www.fiscalia.gov.co\/colombia\/\",\"name\":\"Fiscal\u00eda General de la Naci\u00f3n\",\"description\":\"P\u00e1gina oficial de la Fiscal\u00eda General de la Naci\u00f3n \u2013 Colombia. Garantizamos el acceso efectivo a la justicia, la verdad y la reparaci\u00f3n de las v\u00edctimas de los delitos.\",\"publisher\":{\"@id\":\"https:\/\/www.fiscalia.gov.co\/colombia\/#organization\"},\"potentialAction\":[{\"@type\":\"SearchAction\",\"target\":{\"@type\":\"EntryPoint\",\"urlTemplate\":\"https:\/\/www.fiscalia.gov.co\/colombia\/?s={search_term_string}\"},\"query-input\":{\"@type\":\"PropertyValueSpecification\",\"valueRequired\":true,\"valueName\":\"search_term_string\"}}],\"inLanguage\":\"es-CO\"},{\"@type\":\"Organization\",\"@id\":\"https:\/\/www.fiscalia.gov.co\/colombia\/#organization\",\"name\":\"Fiscal\u00eda General de la Naci\u00f3n\",\"url\":\"https:\/\/www.fiscalia.gov.co\/colombia\/\",\"logo\":{\"@type\":\"ImageObject\",\"inLanguage\":\"es-CO\",\"@id\":\"https:\/\/www.fiscalia.gov.co\/colombia\/#\/schema\/logo\/image\/\",\"url\":\"https:\/\/www.fiscalia.gov.co\/colombia\/wp-content\/uploads\/LogoHorizontal_1.jpg\",\"contentUrl\":\"https:\/\/www.fiscalia.gov.co\/colombia\/wp-content\/uploads\/LogoHorizontal_1.jpg\",\"width\":300,\"height\":90,\"caption\":\"Fiscal\u00eda General de la Naci\u00f3n\"},\"image\":{\"@id\":\"https:\/\/www.fiscalia.gov.co\/colombia\/#\/schema\/logo\/image\/\"},\"sameAs\":[\"https:\/\/www.facebook.com\/FiscaliaCol\",\"https:\/\/x.com\/FiscaliaCol\",\"https:\/\/www.instagram.com\/fiscaliacol\",\"https:\/\/www.linkedin.com\/company\/fiscalia-general-de-la-naci-n\/\",\"https:\/\/youtube.com\/@fiscaliageneraldelanacion-4668?si=6nN79nyQICPU5iTh\"]},{\"@type\":\"Person\",\"@id\":\"https:\/\/www.fiscalia.gov.co\/colombia\/#\/schema\/person\/b19b49f26569f91393176a2b3d13a0e5\",\"name\":\"Johanna Black Prieto Pe\u00f1a\",\"image\":{\"@type\":\"ImageObject\",\"inLanguage\":\"es-CO\",\"@id\":\"https:\/\/www.fiscalia.gov.co\/colombia\/#\/schema\/person\/image\/\",\"url\":\"https:\/\/secure.gravatar.com\/avatar\/7f04518e1774335e76d761d76f04003e?s=96&d=mm&r=g\",\"contentUrl\":\"https:\/\/secure.gravatar.com\/avatar\/7f04518e1774335e76d761d76f04003e?s=96&d=mm&r=g\",\"caption\":\"Johanna Black Prieto Pe\u00f1a\"},\"url\":\"https:\/\/www.fiscalia.gov.co\/colombia\/author\/jprieto\/\"}]}<\/script>\n<!-- \/ Yoast SEO plugin. -->","yoast_head_json":{"title":"Fiscal\u00eda General de la Naci\u00f3n","description":"P\u00e1gina oficial de la Fiscal\u00eda General de la Naci\u00f3n \u2013 Colombia. Garantizamos el acceso efectivo a la justicia, la verdad y la reparaci\u00f3n de las v\u00edctimas de los delitos.","robots":{"index":"noindex","follow":"follow"},"og_locale":"es_ES","og_type":"article","og_title":"Fiscal\u00eda General de la Naci\u00f3n","og_description":"P\u00e1gina oficial de la Fiscal\u00eda General de la Naci\u00f3n \u2013 Colombia. Garantizamos el acceso efectivo a la justicia, la verdad y la reparaci\u00f3n de las v\u00edctimas de los delitos.","og_url":"https:\/\/www.fiscalia.gov.co\/colombia\/noticias\/a-la-carcel-un-hombre-que-habria-maltratado-fisicamente-a-su-ex-companera-sentimental\/","og_site_name":"Fiscal\u00eda General de la Naci\u00f3n","article_publisher":"https:\/\/www.facebook.com\/FiscaliaCol","article_published_time":"2022-01-28T18:49:34+00:00","article_modified_time":"2022-01-28T18:49:51+00:00","author":"Johanna Black Prieto Pe\u00f1a","twitter_card":"summary_large_image","twitter_creator":"@FiscaliaCol","twitter_site":"@FiscaliaCol","twitter_misc":{"Escrito por":"Johanna Black Prieto Pe\u00f1a","Tiempo de lectura":"1 minuto"},"schema":{"@context":"https:\/\/schema.org","@graph":[{"@type":"Article","@id":"https:\/\/www.fiscalia.gov.co\/colombia\/noticias\/a-la-carcel-un-hombre-que-habria-maltratado-fisicamente-a-su-ex-companera-sentimental\/#article","isPartOf":{"@id":"https:\/\/www.fiscalia.gov.co\/colombia\/noticias\/a-la-carcel-un-hombre-que-habria-maltratado-fisicamente-a-su-ex-companera-sentimental\/"},"author":{"name":"Johanna Black Prieto Pe\u00f1a","@id":"https:\/\/www.fiscalia.gov.co\/colombia\/#\/schema\/person\/b19b49f26569f91393176a2b3d13a0e5"},"headline":"A la c\u00e1rcel un hombre que habr\u00eda maltratado f\u00edsicamente a su ex compa\u00f1era sentimental\u00a0\u00a0","datePublished":"2022-01-28T18:49:34+00:00","dateModified":"2022-01-28T18:49:51+00:00","mainEntityOfPage":{"@id":"https:\/\/www.fiscalia.gov.co\/colombia\/noticias\/a-la-carcel-un-hombre-que-habria-maltratado-fisicamente-a-su-ex-companera-sentimental\/"},"wordCount":311,"publisher":{"@id":"https:\/\/www.fiscalia.gov.co\/colombia\/#organization"},"keywords":["Fiscal General Francisco Barbosa Delgado","Fiscal\u00eda de Colombia","Fiscal\u00eda General de la Naci\u00f3n","internada en una cl\u00ednica","Violencia intrafamiliar"],"articleSection":["Noticias","Seccional Pasto","Seccionales","Violencia sexual e intrafamiliar"],"inLanguage":"es-CO"},{"@type":"WebPage","@id":"https:\/\/www.fiscalia.gov.co\/colombia\/noticias\/a-la-carcel-un-hombre-que-habria-maltratado-fisicamente-a-su-ex-companera-sentimental\/","url":"https:\/\/www.fiscalia.gov.co\/colombia\/noticias\/a-la-carcel-un-hombre-que-habria-maltratado-fisicamente-a-su-ex-companera-sentimental\/","name":"Fiscal\u00eda General de la Naci\u00f3n","isPartOf":{"@id":"https:\/\/www.fiscalia.gov.co\/colombia\/#website"},"datePublished":"2022-01-28T18:49:34+00:00","dateModified":"2022-01-28T18:49:51+00:00","description":"P\u00e1gina oficial de la Fiscal\u00eda General de la Naci\u00f3n \u2013 Colombia. Garantizamos el acceso efectivo a la justicia, la verdad y la reparaci\u00f3n de las v\u00edctimas de los delitos.","breadcrumb":{"@id":"https:\/\/www.fiscalia.gov.co\/colombia\/noticias\/a-la-carcel-un-hombre-que-habria-maltratado-fisicamente-a-su-ex-companera-sentimental\/#breadcrumb"},"inLanguage":"es-CO","potentialAction":[{"@type":"ReadAction","target":["https:\/\/www.fiscalia.gov.co\/colombia\/noticias\/a-la-carcel-un-hombre-que-habria-maltratado-fisicamente-a-su-ex-companera-sentimental\/"]}]},{"@type":"BreadcrumbList","@id":"https:\/\/www.fiscalia.gov.co\/colombia\/noticias\/a-la-carcel-un-hombre-que-habria-maltratado-fisicamente-a-su-ex-companera-sentimental\/#breadcrumb","itemListElement":[{"@type":"ListItem","position":1,"name":"Home","item":"https:\/\/www.fiscalia.gov.co\/colombia\/"},{"@type":"ListItem","position":2,"name":"A la c\u00e1rcel un hombre que habr\u00eda maltratado f\u00edsicamente a su ex compa\u00f1era sentimental\u00a0\u00a0"}]},{"@type":"WebSite","@id":"https:\/\/www.fiscalia.gov.co\/colombia\/#website","url":"https:\/\/www.fiscalia.gov.co\/colombia\/","name":"Fiscal\u00eda General de la Naci\u00f3n","description":"P\u00e1gina oficial de la Fiscal\u00eda General de la Naci\u00f3n \u2013 Colombia. Garantizamos el acceso efectivo a la justicia, la verdad y la reparaci\u00f3n de las v\u00edctimas de los delitos.","publisher":{"@id":"https:\/\/www.fiscalia.gov.co\/colombia\/#organization"},"potentialAction":[{"@type":"SearchAction","target":{"@type":"EntryPoint","urlTemplate":"https:\/\/www.fiscalia.gov.co\/colombia\/?s={search_term_string}"},"query-input":{"@type":"PropertyValueSpecification","valueRequired":true,"valueName":"search_term_string"}}],"inLanguage":"es-CO"},{"@type":"Organization","@id":"https:\/\/www.fiscalia.gov.co\/colombia\/#organization","name":"Fiscal\u00eda General de la Naci\u00f3n","url":"https:\/\/www.fiscalia.gov.co\/colombia\/","logo":{"@type":"ImageObject","inLanguage":"es-CO","@id":"https:\/\/www.fiscalia.gov.co\/colombia\/#\/schema\/logo\/image\/","url":"https:\/\/www.fiscalia.gov.co\/colombia\/wp-content\/uploads\/LogoHorizontal_1.jpg","contentUrl":"https:\/\/www.fiscalia.gov.co\/colombia\/wp-content\/uploads\/LogoHorizontal_1.jpg","width":300,"height":90,"caption":"Fiscal\u00eda General de la Naci\u00f3n"},"image":{"@id":"https:\/\/www.fiscalia.gov.co\/colombia\/#\/schema\/logo\/image\/"},"sameAs":["https:\/\/www.facebook.com\/FiscaliaCol","https:\/\/x.com\/FiscaliaCol","https:\/\/www.instagram.com\/fiscaliacol","https:\/\/www.linkedin.com\/company\/fiscalia-general-de-la-naci-n\/","https:\/\/youtube.com\/@fiscaliageneraldelanacion-4668?si=6nN79nyQICPU5iTh"]},{"@type":"Person","@id":"https:\/\/www.fiscalia.gov.co\/colombia\/#\/schema\/person\/b19b49f26569f91393176a2b3d13a0e5","name":"Johanna Black Prieto Pe\u00f1a","image":{"@type":"ImageObject","inLanguage":"es-CO","@id":"https:\/\/www.fiscalia.gov.co\/colombia\/#\/schema\/person\/image\/","url":"https:\/\/secure.gravatar.com\/avatar\/7f04518e1774335e76d761d76f04003e?s=96&d=mm&r=g","contentUrl":"https:\/\/secure.gravatar.com\/avatar\/7f04518e1774335e76d761d76f04003e?s=96&d=mm&r=g","caption":"Johanna Black Prieto Pe\u00f1a"},"url":"https:\/\/www.fiscalia.gov.co\/colombia\/author\/jprieto\/"}]}},"_links":{"self":[{"href":"https:\/\/www.fiscalia.gov.co\/colombia\/wp-json\/wp\/v2\/posts\/239275","targetHints":{"allow":["GET"]}}],"collection":[{"href":"https:\/\/www.fiscalia.gov.co\/colombia\/wp-json\/wp\/v2\/posts"}],"about":[{"href":"https:\/\/www.fiscalia.gov.co\/colombia\/wp-json\/wp\/v2\/types\/post"}],"author":[{"embeddable":true,"href":"https:\/\/www.fiscalia.gov.co\/colombia\/wp-json\/wp\/v2\/users\/176"}],"replies":[{"embeddable":true,"href":"https:\/\/www.fiscalia.gov.co\/colombia\/wp-json\/wp\/v2\/comments?post=239275"}],"version-history":[{"count":1,"href":"https:\/\/www.fiscalia.gov.co\/colombia\/wp-json\/wp\/v2\/posts\/239275\/revisions"}],"predecessor-version":[{"id":239276,"href":"https:\/\/www.fiscalia.gov.co\/colombia\/wp-json\/wp\/v2\/posts\/239275\/revisions\/239276"}],"wp:attachment":[{"href":"https:\/\/www.fiscalia.gov.co\/colombia\/wp-json\/wp\/v2\/media?parent=239275"}],"wp:term":[{"taxonomy":"category","embeddable":true,"href":"https:\/\/www.fiscalia.gov.co\/colombia\/wp-json\/wp\/v2\/categories?post=239275"},{"taxonomy":"post_tag","embeddable":true,"href":"https:\/\/www.fiscalia.gov.co\/colombia\/wp-json\/wp\/v2\/tags?post=239275"}],"curies":[{"name":"wp","href":"https:\/\/api.w.org\/{rel}","templated":true}]}}