{"id":239218,"date":"2022-01-28T10:25:35","date_gmt":"2022-01-28T15:25:35","guid":{"rendered":"https:\/\/www.fiscalia.gov.co\/colombia\/?p=239218"},"modified":"2022-02-03T20:01:26","modified_gmt":"2022-02-04T01:01:26","slug":"la-fiscalia-judicializo-a-una-mujer-que-al-parecer-estafo-a-28-personas-con-falsos-puestos-de-trabajo-en-choco-y-antioquia-y-a-quienes-habria-cobrado-135-millones","status":"publish","type":"post","link":"https:\/\/www.fiscalia.gov.co\/colombia\/noticias\/la-fiscalia-judicializo-a-una-mujer-que-al-parecer-estafo-a-28-personas-con-falsos-puestos-de-trabajo-en-choco-y-antioquia-y-a-quienes-habria-cobrado-135-millones\/","title":{"rendered":"La Fiscal\u00eda judicializ\u00f3 a una mujer que al parecer estaf\u00f3 a 28 personas con falsos puestos de trabajo en Choc\u00f3 y Antioquia y a quienes habr\u00eda cobrado $135 millones  \u00a0"},"content":{"rendered":"<h4 style=\"font-weight: 400;\"><strong><em>Tras una aceptaci\u00f3n de cargos por los delitos de estafa agravada y concierto para delinquir, un juez le otorg\u00f3 detenci\u00f3n domiciliaria preventiva.<\/em><\/strong><\/h4>\n<p style=\"font-weight: 400;\">De acuerdo con investigaciones de funcionarios del Cuerpo T\u00e9cnico de Investigaci\u00f3n (CTI) de la Fiscal\u00eda, Liseth Mayerlin Palacios al parecer se hac\u00eda pasar como funcionaria de la Secretar\u00eda de Educa\u00a0\u00a0ci\u00f3n del Choc\u00f3 o del Instituto Colombiano de Bienestar Familiar (ICBF) para ofrecer puestos p\u00fablicos, especialmente de docentes, a cambio de dinero. De esta manera habr\u00eda logrado que 28 personas en Choc\u00f3 y Antioquia le entregaran, presuntamente, 135 millones de pesos.<\/p>\n<figure id=\"attachment_239219\" aria-describedby=\"caption-attachment-239219\" style=\"width: 1230px\" class=\"wp-caption alignnone\"><img loading=\"lazy\" decoding=\"async\" class=\"size-full wp-image-239219\" src=\"https:\/\/www.fiscalia.gov.co\/colombia\/wp-content\/uploads\/Judicializada-por-estafa-Choc\u00f3.jpg\" alt=\"\" width=\"1230\" height=\"1036\" srcset=\"https:\/\/www.fiscalia.gov.co\/colombia\/wp-content\/uploads\/Judicializada-por-estafa-Choc\u00f3.jpg 1230w, https:\/\/www.fiscalia.gov.co\/colombia\/wp-content\/uploads\/Judicializada-por-estafa-Choc\u00f3-300x253.jpg 300w, https:\/\/www.fiscalia.gov.co\/colombia\/wp-content\/uploads\/Judicializada-por-estafa-Choc\u00f3-1024x862.jpg 1024w, https:\/\/www.fiscalia.gov.co\/colombia\/wp-content\/uploads\/Judicializada-por-estafa-Choc\u00f3-768x647.jpg 768w, https:\/\/www.fiscalia.gov.co\/colombia\/wp-content\/uploads\/Judicializada-por-estafa-Choc\u00f3-696x586.jpg 696w, https:\/\/www.fiscalia.gov.co\/colombia\/wp-content\/uploads\/Judicializada-por-estafa-Choc\u00f3-1068x900.jpg 1068w, https:\/\/www.fiscalia.gov.co\/colombia\/wp-content\/uploads\/Judicializada-por-estafa-Choc\u00f3-499x420.jpg 499w\" sizes=\"auto, (max-width: 1230px) 100vw, 1230px\" \/><figcaption id=\"caption-attachment-239219\" class=\"wp-caption-text\">Liseth Mayerlin Palacios acept\u00f3 cargos por concierto para delinquir en concurso con estafa agravada.<\/figcaption><\/figure>\n<p style=\"font-weight: 400;\">En las denuncias recibidas en su contra, aseguran las v\u00edctimas que luego de ganarse su confianza les pidi\u00f3 dinero en efectivo. Sumas que oscilaban entre 150.000 y 10 millones de pesos, a cambio de conseguirles puestos de trabajo. Pero las v\u00edctimas denunciaron que no obtuvieron ni el cargo ofrecido ni la devoluci\u00f3n del dinero.<\/p>\n<p style=\"font-weight: 400;\">Sostienen, adem\u00e1s, que recibieron amenazas por parte de la mujer cuando les reclamaban por el incumplimiento.<\/p>\n<p style=\"font-weight: 400;\">Por lo anterior, la Fiscal\u00eda le imput\u00f3 los delitos de concierto para delinquir en concurso con estafa agravada, cargos que acept\u00f3.<\/p>\n<p style=\"font-weight: 400;\">La Fiscal\u00eda le solicit\u00f3 a un juez de control de garant\u00edas de Quibd\u00f3 una medida de aseguramiento en centro carcelario por considerar que la imputada podr\u00eda representar un peligro para las v\u00edctimas. Pero el juez le otorg\u00f3 la prisi\u00f3n domiciliaria argumentando que es cabeza de familia.<\/p>\n<p style=\"font-weight: 400;\">Palacios Perea ya hab\u00eda sido judicializada por otras 8 denuncias similares, pero en ese entonces acord\u00f3 la devoluci\u00f3n del dinero con las v\u00edctimas.<\/p>\n<p style=\"font-weight: 400;\">La Fiscal\u00eda General de la Naci\u00f3n hace un llamado a las personas que hayan sido v\u00edctimas de la indiciada para que se acerquen a sus instalaciones en Quibd\u00f3 y denuncien.<\/p>\n<p style=\"font-weight: 400;\"><strong>La Fiscal\u00eda habla con resultados<\/strong><\/p>\n<p>&nbsp;<\/p>\n\n<div class=\"twitter-share\"><a href=\"https:\/\/twitter.com\/intent\/tweet?via=fiscaliacol\" class=\"twitter-share-button\">Tweet<\/a><\/div>\n","protected":false},"excerpt":{"rendered":"<p>Tras una aceptaci\u00f3n de cargos por los delitos de estafa agravada y concierto para delinquir, un juez le otorg\u00f3 detenci\u00f3n domiciliaria preventiva. De acuerdo con investigaciones de funcionarios del Cuerpo T\u00e9cnico de Investigaci\u00f3n (CTI) de la Fiscal\u00eda, Liseth Mayerlin Palacios al parecer se hac\u00eda pasar como funcionaria de la Secretar\u00eda de Educa\u00a0\u00a0ci\u00f3n del Choc\u00f3 o [&hellip;]<\/p>\n","protected":false},"author":176,"featured_media":0,"comment_status":"closed","ping_status":"open","sticky":false,"template":"","format":"video","meta":{"_price":"","_stock":"","_tribe_ticket_header":"","_tribe_default_ticket_provider":"","_tribe_ticket_capacity":"0","_ticket_start_date":"","_ticket_end_date":"","_tribe_ticket_show_description":"","_tribe_ticket_show_not_going":false,"_tribe_ticket_use_global_stock":"","_tribe_ticket_global_stock_level":"","_global_stock_mode":"","_global_stock_cap":"","_tribe_rsvp_for_event":"","_tribe_ticket_going_count":"","_tribe_ticket_not_going_count":"","_tribe_tickets_list":"[]","_tribe_ticket_has_attendee_info_fields":false,"tdm_status":"","tdm_grid_status":"","footnotes":""},"categories":[1,2336,303],"tags":[],"class_list":{"0":"post-239218","1":"post","2":"type-post","3":"status-publish","4":"format-video","6":"category-noticias","7":"category-seccional-quibdo","8":"category-seccionales","9":"post_format-post-format-video"},"yoast_head":"<!-- This site is optimized with the Yoast SEO plugin v24.3 - https:\/\/yoast.com\/wordpress\/plugins\/seo\/ -->\n<title>Fiscal\u00eda General de la Naci\u00f3n<\/title>\n<meta name=\"description\" content=\"P\u00e1gina oficial de la Fiscal\u00eda General de la Naci\u00f3n \u2013 Colombia. Garantizamos el acceso efectivo a la justicia, la verdad y la reparaci\u00f3n de las v\u00edctimas de los delitos.\" \/>\n<meta name=\"robots\" content=\"noindex, follow\" \/>\n<meta property=\"og:locale\" content=\"es_ES\" \/>\n<meta property=\"og:type\" content=\"article\" \/>\n<meta property=\"og:title\" content=\"Fiscal\u00eda General de la Naci\u00f3n\" \/>\n<meta property=\"og:description\" content=\"P\u00e1gina oficial de la Fiscal\u00eda General de la Naci\u00f3n \u2013 Colombia. Garantizamos el acceso efectivo a la justicia, la verdad y la reparaci\u00f3n de las v\u00edctimas de los delitos.\" \/>\n<meta property=\"og:url\" content=\"https:\/\/www.fiscalia.gov.co\/colombia\/noticias\/la-fiscalia-judicializo-a-una-mujer-que-al-parecer-estafo-a-28-personas-con-falsos-puestos-de-trabajo-en-choco-y-antioquia-y-a-quienes-habria-cobrado-135-millones\/\" \/>\n<meta property=\"og:site_name\" content=\"Fiscal\u00eda General de la Naci\u00f3n\" \/>\n<meta property=\"article:publisher\" content=\"https:\/\/www.facebook.com\/FiscaliaCol\" \/>\n<meta property=\"article:published_time\" content=\"2022-01-28T15:25:35+00:00\" \/>\n<meta property=\"article:modified_time\" content=\"2022-02-04T01:01:26+00:00\" \/>\n<meta name=\"author\" content=\"Johanna Black Prieto Pe\u00f1a\" \/>\n<meta name=\"twitter:card\" content=\"summary_large_image\" \/>\n<meta name=\"twitter:creator\" content=\"@FiscaliaCol\" \/>\n<meta name=\"twitter:site\" content=\"@FiscaliaCol\" \/>\n<meta name=\"twitter:label1\" content=\"Escrito por\" \/>\n\t<meta name=\"twitter:data1\" content=\"Johanna Black Prieto Pe\u00f1a\" \/>\n\t<meta name=\"twitter:label2\" content=\"Tiempo de lectura\" \/>\n\t<meta name=\"twitter:data2\" content=\"2 minutos\" \/>\n<script type=\"application\/ld+json\" class=\"yoast-schema-graph\">{\"@context\":\"https:\/\/schema.org\",\"@graph\":[{\"@type\":\"Article\",\"@id\":\"https:\/\/www.fiscalia.gov.co\/colombia\/noticias\/la-fiscalia-judicializo-a-una-mujer-que-al-parecer-estafo-a-28-personas-con-falsos-puestos-de-trabajo-en-choco-y-antioquia-y-a-quienes-habria-cobrado-135-millones\/#article\",\"isPartOf\":{\"@id\":\"https:\/\/www.fiscalia.gov.co\/colombia\/noticias\/la-fiscalia-judicializo-a-una-mujer-que-al-parecer-estafo-a-28-personas-con-falsos-puestos-de-trabajo-en-choco-y-antioquia-y-a-quienes-habria-cobrado-135-millones\/\"},\"author\":{\"name\":\"Johanna Black Prieto Pe\u00f1a\",\"@id\":\"https:\/\/www.fiscalia.gov.co\/colombia\/#\/schema\/person\/b19b49f26569f91393176a2b3d13a0e5\"},\"headline\":\"La Fiscal\u00eda judicializ\u00f3 a una mujer que al parecer estaf\u00f3 a 28 personas con falsos puestos de trabajo en Choc\u00f3 y Antioquia y a quienes habr\u00eda cobrado $135 millones \u00a0\",\"datePublished\":\"2022-01-28T15:25:35+00:00\",\"dateModified\":\"2022-02-04T01:01:26+00:00\",\"mainEntityOfPage\":{\"@id\":\"https:\/\/www.fiscalia.gov.co\/colombia\/noticias\/la-fiscalia-judicializo-a-una-mujer-que-al-parecer-estafo-a-28-personas-con-falsos-puestos-de-trabajo-en-choco-y-antioquia-y-a-quienes-habria-cobrado-135-millones\/\"},\"wordCount\":361,\"publisher\":{\"@id\":\"https:\/\/www.fiscalia.gov.co\/colombia\/#organization\"},\"articleSection\":[\"Noticias\",\"Seccional Quibd\u00f3\",\"Seccionales\"],\"inLanguage\":\"es-CO\"},{\"@type\":\"WebPage\",\"@id\":\"https:\/\/www.fiscalia.gov.co\/colombia\/noticias\/la-fiscalia-judicializo-a-una-mujer-que-al-parecer-estafo-a-28-personas-con-falsos-puestos-de-trabajo-en-choco-y-antioquia-y-a-quienes-habria-cobrado-135-millones\/\",\"url\":\"https:\/\/www.fiscalia.gov.co\/colombia\/noticias\/la-fiscalia-judicializo-a-una-mujer-que-al-parecer-estafo-a-28-personas-con-falsos-puestos-de-trabajo-en-choco-y-antioquia-y-a-quienes-habria-cobrado-135-millones\/\",\"name\":\"Fiscal\u00eda General de la Naci\u00f3n\",\"isPartOf\":{\"@id\":\"https:\/\/www.fiscalia.gov.co\/colombia\/#website\"},\"datePublished\":\"2022-01-28T15:25:35+00:00\",\"dateModified\":\"2022-02-04T01:01:26+00:00\",\"description\":\"P\u00e1gina oficial de la Fiscal\u00eda General de la Naci\u00f3n \u2013 Colombia. Garantizamos el acceso efectivo a la justicia, la verdad y la reparaci\u00f3n de las v\u00edctimas de los delitos.\",\"breadcrumb\":{\"@id\":\"https:\/\/www.fiscalia.gov.co\/colombia\/noticias\/la-fiscalia-judicializo-a-una-mujer-que-al-parecer-estafo-a-28-personas-con-falsos-puestos-de-trabajo-en-choco-y-antioquia-y-a-quienes-habria-cobrado-135-millones\/#breadcrumb\"},\"inLanguage\":\"es-CO\",\"potentialAction\":[{\"@type\":\"ReadAction\",\"target\":[\"https:\/\/www.fiscalia.gov.co\/colombia\/noticias\/la-fiscalia-judicializo-a-una-mujer-que-al-parecer-estafo-a-28-personas-con-falsos-puestos-de-trabajo-en-choco-y-antioquia-y-a-quienes-habria-cobrado-135-millones\/\"]}]},{\"@type\":\"BreadcrumbList\",\"@id\":\"https:\/\/www.fiscalia.gov.co\/colombia\/noticias\/la-fiscalia-judicializo-a-una-mujer-que-al-parecer-estafo-a-28-personas-con-falsos-puestos-de-trabajo-en-choco-y-antioquia-y-a-quienes-habria-cobrado-135-millones\/#breadcrumb\",\"itemListElement\":[{\"@type\":\"ListItem\",\"position\":1,\"name\":\"Home\",\"item\":\"https:\/\/www.fiscalia.gov.co\/colombia\/\"},{\"@type\":\"ListItem\",\"position\":2,\"name\":\"La Fiscal\u00eda judicializ\u00f3 a una mujer que al parecer estaf\u00f3 a 28 personas con falsos puestos de trabajo en Choc\u00f3 y Antioquia y a quienes habr\u00eda cobrado $135 millones \u00a0\"}]},{\"@type\":\"WebSite\",\"@id\":\"https:\/\/www.fiscalia.gov.co\/colombia\/#website\",\"url\":\"https:\/\/www.fiscalia.gov.co\/colombia\/\",\"name\":\"Fiscal\u00eda General de la Naci\u00f3n\",\"description\":\"P\u00e1gina oficial de la Fiscal\u00eda General de la Naci\u00f3n \u2013 Colombia. Garantizamos el acceso efectivo a la justicia, la verdad y la reparaci\u00f3n de las v\u00edctimas de los delitos.\",\"publisher\":{\"@id\":\"https:\/\/www.fiscalia.gov.co\/colombia\/#organization\"},\"potentialAction\":[{\"@type\":\"SearchAction\",\"target\":{\"@type\":\"EntryPoint\",\"urlTemplate\":\"https:\/\/www.fiscalia.gov.co\/colombia\/?s={search_term_string}\"},\"query-input\":{\"@type\":\"PropertyValueSpecification\",\"valueRequired\":true,\"valueName\":\"search_term_string\"}}],\"inLanguage\":\"es-CO\"},{\"@type\":\"Organization\",\"@id\":\"https:\/\/www.fiscalia.gov.co\/colombia\/#organization\",\"name\":\"Fiscal\u00eda General de la Naci\u00f3n\",\"url\":\"https:\/\/www.fiscalia.gov.co\/colombia\/\",\"logo\":{\"@type\":\"ImageObject\",\"inLanguage\":\"es-CO\",\"@id\":\"https:\/\/www.fiscalia.gov.co\/colombia\/#\/schema\/logo\/image\/\",\"url\":\"https:\/\/www.fiscalia.gov.co\/colombia\/wp-content\/uploads\/LogoHorizontal_1.jpg\",\"contentUrl\":\"https:\/\/www.fiscalia.gov.co\/colombia\/wp-content\/uploads\/LogoHorizontal_1.jpg\",\"width\":300,\"height\":90,\"caption\":\"Fiscal\u00eda General de la Naci\u00f3n\"},\"image\":{\"@id\":\"https:\/\/www.fiscalia.gov.co\/colombia\/#\/schema\/logo\/image\/\"},\"sameAs\":[\"https:\/\/www.facebook.com\/FiscaliaCol\",\"https:\/\/x.com\/FiscaliaCol\",\"https:\/\/www.instagram.com\/fiscaliacol\",\"https:\/\/www.linkedin.com\/company\/fiscalia-general-de-la-naci-n\/\",\"https:\/\/youtube.com\/@fiscaliageneraldelanacion-4668?si=6nN79nyQICPU5iTh\"]},{\"@type\":\"Person\",\"@id\":\"https:\/\/www.fiscalia.gov.co\/colombia\/#\/schema\/person\/b19b49f26569f91393176a2b3d13a0e5\",\"name\":\"Johanna Black Prieto Pe\u00f1a\",\"image\":{\"@type\":\"ImageObject\",\"inLanguage\":\"es-CO\",\"@id\":\"https:\/\/www.fiscalia.gov.co\/colombia\/#\/schema\/person\/image\/\",\"url\":\"https:\/\/secure.gravatar.com\/avatar\/7f04518e1774335e76d761d76f04003e?s=96&d=mm&r=g\",\"contentUrl\":\"https:\/\/secure.gravatar.com\/avatar\/7f04518e1774335e76d761d76f04003e?s=96&d=mm&r=g\",\"caption\":\"Johanna Black Prieto Pe\u00f1a\"},\"url\":\"https:\/\/www.fiscalia.gov.co\/colombia\/author\/jprieto\/\"}]}<\/script>\n<!-- \/ Yoast SEO plugin. -->","yoast_head_json":{"title":"Fiscal\u00eda General de la Naci\u00f3n","description":"P\u00e1gina oficial de la Fiscal\u00eda General de la Naci\u00f3n \u2013 Colombia. Garantizamos el acceso efectivo a la justicia, la verdad y la reparaci\u00f3n de las v\u00edctimas de los delitos.","robots":{"index":"noindex","follow":"follow"},"og_locale":"es_ES","og_type":"article","og_title":"Fiscal\u00eda General de la Naci\u00f3n","og_description":"P\u00e1gina oficial de la Fiscal\u00eda General de la Naci\u00f3n \u2013 Colombia. Garantizamos el acceso efectivo a la justicia, la verdad y la reparaci\u00f3n de las v\u00edctimas de los delitos.","og_url":"https:\/\/www.fiscalia.gov.co\/colombia\/noticias\/la-fiscalia-judicializo-a-una-mujer-que-al-parecer-estafo-a-28-personas-con-falsos-puestos-de-trabajo-en-choco-y-antioquia-y-a-quienes-habria-cobrado-135-millones\/","og_site_name":"Fiscal\u00eda General de la Naci\u00f3n","article_publisher":"https:\/\/www.facebook.com\/FiscaliaCol","article_published_time":"2022-01-28T15:25:35+00:00","article_modified_time":"2022-02-04T01:01:26+00:00","author":"Johanna Black Prieto Pe\u00f1a","twitter_card":"summary_large_image","twitter_creator":"@FiscaliaCol","twitter_site":"@FiscaliaCol","twitter_misc":{"Escrito por":"Johanna Black Prieto Pe\u00f1a","Tiempo de lectura":"2 minutos"},"schema":{"@context":"https:\/\/schema.org","@graph":[{"@type":"Article","@id":"https:\/\/www.fiscalia.gov.co\/colombia\/noticias\/la-fiscalia-judicializo-a-una-mujer-que-al-parecer-estafo-a-28-personas-con-falsos-puestos-de-trabajo-en-choco-y-antioquia-y-a-quienes-habria-cobrado-135-millones\/#article","isPartOf":{"@id":"https:\/\/www.fiscalia.gov.co\/colombia\/noticias\/la-fiscalia-judicializo-a-una-mujer-que-al-parecer-estafo-a-28-personas-con-falsos-puestos-de-trabajo-en-choco-y-antioquia-y-a-quienes-habria-cobrado-135-millones\/"},"author":{"name":"Johanna Black Prieto Pe\u00f1a","@id":"https:\/\/www.fiscalia.gov.co\/colombia\/#\/schema\/person\/b19b49f26569f91393176a2b3d13a0e5"},"headline":"La Fiscal\u00eda judicializ\u00f3 a una mujer que al parecer estaf\u00f3 a 28 personas con falsos puestos de trabajo en Choc\u00f3 y Antioquia y a quienes habr\u00eda cobrado $135 millones \u00a0","datePublished":"2022-01-28T15:25:35+00:00","dateModified":"2022-02-04T01:01:26+00:00","mainEntityOfPage":{"@id":"https:\/\/www.fiscalia.gov.co\/colombia\/noticias\/la-fiscalia-judicializo-a-una-mujer-que-al-parecer-estafo-a-28-personas-con-falsos-puestos-de-trabajo-en-choco-y-antioquia-y-a-quienes-habria-cobrado-135-millones\/"},"wordCount":361,"publisher":{"@id":"https:\/\/www.fiscalia.gov.co\/colombia\/#organization"},"articleSection":["Noticias","Seccional Quibd\u00f3","Seccionales"],"inLanguage":"es-CO"},{"@type":"WebPage","@id":"https:\/\/www.fiscalia.gov.co\/colombia\/noticias\/la-fiscalia-judicializo-a-una-mujer-que-al-parecer-estafo-a-28-personas-con-falsos-puestos-de-trabajo-en-choco-y-antioquia-y-a-quienes-habria-cobrado-135-millones\/","url":"https:\/\/www.fiscalia.gov.co\/colombia\/noticias\/la-fiscalia-judicializo-a-una-mujer-que-al-parecer-estafo-a-28-personas-con-falsos-puestos-de-trabajo-en-choco-y-antioquia-y-a-quienes-habria-cobrado-135-millones\/","name":"Fiscal\u00eda General de la Naci\u00f3n","isPartOf":{"@id":"https:\/\/www.fiscalia.gov.co\/colombia\/#website"},"datePublished":"2022-01-28T15:25:35+00:00","dateModified":"2022-02-04T01:01:26+00:00","description":"P\u00e1gina oficial de la Fiscal\u00eda General de la Naci\u00f3n \u2013 Colombia. Garantizamos el acceso efectivo a la justicia, la verdad y la reparaci\u00f3n de las v\u00edctimas de los delitos.","breadcrumb":{"@id":"https:\/\/www.fiscalia.gov.co\/colombia\/noticias\/la-fiscalia-judicializo-a-una-mujer-que-al-parecer-estafo-a-28-personas-con-falsos-puestos-de-trabajo-en-choco-y-antioquia-y-a-quienes-habria-cobrado-135-millones\/#breadcrumb"},"inLanguage":"es-CO","potentialAction":[{"@type":"ReadAction","target":["https:\/\/www.fiscalia.gov.co\/colombia\/noticias\/la-fiscalia-judicializo-a-una-mujer-que-al-parecer-estafo-a-28-personas-con-falsos-puestos-de-trabajo-en-choco-y-antioquia-y-a-quienes-habria-cobrado-135-millones\/"]}]},{"@type":"BreadcrumbList","@id":"https:\/\/www.fiscalia.gov.co\/colombia\/noticias\/la-fiscalia-judicializo-a-una-mujer-que-al-parecer-estafo-a-28-personas-con-falsos-puestos-de-trabajo-en-choco-y-antioquia-y-a-quienes-habria-cobrado-135-millones\/#breadcrumb","itemListElement":[{"@type":"ListItem","position":1,"name":"Home","item":"https:\/\/www.fiscalia.gov.co\/colombia\/"},{"@type":"ListItem","position":2,"name":"La Fiscal\u00eda judicializ\u00f3 a una mujer que al parecer estaf\u00f3 a 28 personas con falsos puestos de trabajo en Choc\u00f3 y Antioquia y a quienes habr\u00eda cobrado $135 millones \u00a0"}]},{"@type":"WebSite","@id":"https:\/\/www.fiscalia.gov.co\/colombia\/#website","url":"https:\/\/www.fiscalia.gov.co\/colombia\/","name":"Fiscal\u00eda General de la Naci\u00f3n","description":"P\u00e1gina oficial de la Fiscal\u00eda General de la Naci\u00f3n \u2013 Colombia. Garantizamos el acceso efectivo a la justicia, la verdad y la reparaci\u00f3n de las v\u00edctimas de los delitos.","publisher":{"@id":"https:\/\/www.fiscalia.gov.co\/colombia\/#organization"},"potentialAction":[{"@type":"SearchAction","target":{"@type":"EntryPoint","urlTemplate":"https:\/\/www.fiscalia.gov.co\/colombia\/?s={search_term_string}"},"query-input":{"@type":"PropertyValueSpecification","valueRequired":true,"valueName":"search_term_string"}}],"inLanguage":"es-CO"},{"@type":"Organization","@id":"https:\/\/www.fiscalia.gov.co\/colombia\/#organization","name":"Fiscal\u00eda General de la Naci\u00f3n","url":"https:\/\/www.fiscalia.gov.co\/colombia\/","logo":{"@type":"ImageObject","inLanguage":"es-CO","@id":"https:\/\/www.fiscalia.gov.co\/colombia\/#\/schema\/logo\/image\/","url":"https:\/\/www.fiscalia.gov.co\/colombia\/wp-content\/uploads\/LogoHorizontal_1.jpg","contentUrl":"https:\/\/www.fiscalia.gov.co\/colombia\/wp-content\/uploads\/LogoHorizontal_1.jpg","width":300,"height":90,"caption":"Fiscal\u00eda General de la Naci\u00f3n"},"image":{"@id":"https:\/\/www.fiscalia.gov.co\/colombia\/#\/schema\/logo\/image\/"},"sameAs":["https:\/\/www.facebook.com\/FiscaliaCol","https:\/\/x.com\/FiscaliaCol","https:\/\/www.instagram.com\/fiscaliacol","https:\/\/www.linkedin.com\/company\/fiscalia-general-de-la-naci-n\/","https:\/\/youtube.com\/@fiscaliageneraldelanacion-4668?si=6nN79nyQICPU5iTh"]},{"@type":"Person","@id":"https:\/\/www.fiscalia.gov.co\/colombia\/#\/schema\/person\/b19b49f26569f91393176a2b3d13a0e5","name":"Johanna Black Prieto Pe\u00f1a","image":{"@type":"ImageObject","inLanguage":"es-CO","@id":"https:\/\/www.fiscalia.gov.co\/colombia\/#\/schema\/person\/image\/","url":"https:\/\/secure.gravatar.com\/avatar\/7f04518e1774335e76d761d76f04003e?s=96&d=mm&r=g","contentUrl":"https:\/\/secure.gravatar.com\/avatar\/7f04518e1774335e76d761d76f04003e?s=96&d=mm&r=g","caption":"Johanna Black Prieto Pe\u00f1a"},"url":"https:\/\/www.fiscalia.gov.co\/colombia\/author\/jprieto\/"}]}},"_links":{"self":[{"href":"https:\/\/www.fiscalia.gov.co\/colombia\/wp-json\/wp\/v2\/posts\/239218","targetHints":{"allow":["GET"]}}],"collection":[{"href":"https:\/\/www.fiscalia.gov.co\/colombia\/wp-json\/wp\/v2\/posts"}],"about":[{"href":"https:\/\/www.fiscalia.gov.co\/colombia\/wp-json\/wp\/v2\/types\/post"}],"author":[{"embeddable":true,"href":"https:\/\/www.fiscalia.gov.co\/colombia\/wp-json\/wp\/v2\/users\/176"}],"replies":[{"embeddable":true,"href":"https:\/\/www.fiscalia.gov.co\/colombia\/wp-json\/wp\/v2\/comments?post=239218"}],"version-history":[{"count":1,"href":"https:\/\/www.fiscalia.gov.co\/colombia\/wp-json\/wp\/v2\/posts\/239218\/revisions"}],"predecessor-version":[{"id":239220,"href":"https:\/\/www.fiscalia.gov.co\/colombia\/wp-json\/wp\/v2\/posts\/239218\/revisions\/239220"}],"wp:attachment":[{"href":"https:\/\/www.fiscalia.gov.co\/colombia\/wp-json\/wp\/v2\/media?parent=239218"}],"wp:term":[{"taxonomy":"category","embeddable":true,"href":"https:\/\/www.fiscalia.gov.co\/colombia\/wp-json\/wp\/v2\/categories?post=239218"},{"taxonomy":"post_tag","embeddable":true,"href":"https:\/\/www.fiscalia.gov.co\/colombia\/wp-json\/wp\/v2\/tags?post=239218"}],"curies":[{"name":"wp","href":"https:\/\/api.w.org\/{rel}","templated":true}]}}