{"id":239126,"date":"2022-01-27T11:28:17","date_gmt":"2022-01-27T16:28:17","guid":{"rendered":"https:\/\/www.fiscalia.gov.co\/colombia\/?p=239126"},"modified":"2022-02-02T20:38:55","modified_gmt":"2022-02-03T01:38:55","slug":"privado-de-la-libertad-profesor-de-informatica-senalado-de-realizar-actos-sexuales-a-una-estudiante-de-8-anos-en-cali","status":"publish","type":"post","link":"https:\/\/www.fiscalia.gov.co\/colombia\/noticias\/privado-de-la-libertad-profesor-de-informatica-senalado-de-realizar-actos-sexuales-a-una-estudiante-de-8-anos-en-cali\/","title":{"rendered":"Privado de la libertad profesor de inform\u00e1tica se\u00f1alado de realizar actos sexuales a una estudiante de 8 a\u00f1os, en Cali"},"content":{"rendered":"<p><span lang=\"ES\">La Fiscal\u00eda General de la Naci\u00f3n, Seccional Cali, logr\u00f3 la judicializaci\u00f3n de Jefferson Stiven L\u00f3pez Ospina,\u00a0<b>docente de un centro educativo femenino<\/b>\u00a0de la capital de Valle del Cauca, por su presunta responsabilidad en el delito de\u00a0<\/span><b><a href=\"https:\/\/www.fiscalia.gov.co\/colombia\/noticias\/intramural-para-pastor-de-una-iglesia-como-presunto-responsable-de-actos-sexuales-con-menor-de-edad\/\" target=\"_blank\" rel=\"noopener noreferrer\" data-saferedirecturl=\"https:\/\/www.google.com\/url?q=https:\/\/www.fiscalia.gov.co\/colombia\/noticias\/intramural-para-pastor-de-una-iglesia-como-presunto-responsable-de-actos-sexuales-con-menor-de-edad\/&amp;source=gmail&amp;ust=1643384358256000&amp;usg=AOvVaw0UNLKSmGWmil0PRD4LqKUH\"><span lang=\"ES\">actos sexuales con menor de 14 a\u00f1os<\/span><\/a><\/b><span lang=\"ES\">\u00a0en concurso homog\u00e9neo y sucesivo agravado, teniendo en cuenta su especial condici\u00f3n de educador.\u00a0<\/span><\/p>\n<figure id=\"attachment_239127\" aria-describedby=\"caption-attachment-239127\" style=\"width: 1200px\" class=\"wp-caption alignnone\"><img loading=\"lazy\" decoding=\"async\" class=\"size-full wp-image-239127\" src=\"https:\/\/www.fiscalia.gov.co\/colombia\/wp-content\/uploads\/Jefferson-Stiven-L\u00f3pez-Ospina-docente-abuso-sexual-Cali.jpeg\" alt=\"\" width=\"1200\" height=\"1244\" srcset=\"https:\/\/www.fiscalia.gov.co\/colombia\/wp-content\/uploads\/Jefferson-Stiven-L\u00f3pez-Ospina-docente-abuso-sexual-Cali.jpeg 1200w, https:\/\/www.fiscalia.gov.co\/colombia\/wp-content\/uploads\/Jefferson-Stiven-L\u00f3pez-Ospina-docente-abuso-sexual-Cali-289x300.jpeg 289w, https:\/\/www.fiscalia.gov.co\/colombia\/wp-content\/uploads\/Jefferson-Stiven-L\u00f3pez-Ospina-docente-abuso-sexual-Cali-988x1024.jpeg 988w, https:\/\/www.fiscalia.gov.co\/colombia\/wp-content\/uploads\/Jefferson-Stiven-L\u00f3pez-Ospina-docente-abuso-sexual-Cali-768x796.jpeg 768w, https:\/\/www.fiscalia.gov.co\/colombia\/wp-content\/uploads\/Jefferson-Stiven-L\u00f3pez-Ospina-docente-abuso-sexual-Cali-696x722.jpeg 696w, https:\/\/www.fiscalia.gov.co\/colombia\/wp-content\/uploads\/Jefferson-Stiven-L\u00f3pez-Ospina-docente-abuso-sexual-Cali-1068x1107.jpeg 1068w, https:\/\/www.fiscalia.gov.co\/colombia\/wp-content\/uploads\/Jefferson-Stiven-L\u00f3pez-Ospina-docente-abuso-sexual-Cali-405x420.jpeg 405w\" sizes=\"auto, (max-width: 1200px) 100vw, 1200px\" \/><figcaption id=\"caption-attachment-239127\" class=\"wp-caption-text\">Jefferson Stiven L\u00f3pez Ospina, docente de un colegio femenino, fue asegurado en centro carcelario por su presunta responsabilidad en actos sexuales con estudiantes menores de 14 a\u00f1os.<\/figcaption><\/figure>\n<p><span lang=\"ES\">Al acoger los argumentos del ente acusador y el material probatorio presentado, un juez de control de garant\u00eda de la ciudad dict\u00f3 medida de aseguramiento en establecimiento carcelario contra L\u00f3pez Ospina.\u00a0<\/span><\/p>\n<p><span lang=\"ES\">Seg\u00fan la investigaci\u00f3n, los abusos del docente de la asignatura de\u00a0<b>Tecnolog\u00eda e Inform\u00e1tica<\/b>\u00a0se habr\u00edan presentado entre noviembre y diciembre de 2021, cuando al parecer en tres oportunidades le realiz\u00f3 actos sexuales a una de sus alumnas, una ni\u00f1a de 8 a\u00f1os.\u00a0<\/span><\/p>\n<p><span lang=\"ES\">La Fiscal\u00eda evidenci\u00f3 que luego de ganarse la confianza de la v\u00edctima, el docente supuestamente aprovechaba que ella se acercaba al escritorio para que le revisara las tareas, y al parecer era cuando le\u00a0<\/span><b><a href=\"https:\/\/www.fiscalia.gov.co\/colombia\/noticias\/a-la-carcel-tendero-que-presuntamente-realizo-tocamientos-a-una-menor-de-edad-en-valledupar\/\" target=\"_blank\" rel=\"noopener noreferrer\" data-saferedirecturl=\"https:\/\/www.google.com\/url?q=https:\/\/www.fiscalia.gov.co\/colombia\/noticias\/a-la-carcel-tendero-que-presuntamente-realizo-tocamientos-a-una-menor-de-edad-en-valledupar\/&amp;source=gmail&amp;ust=1643384358256000&amp;usg=AOvVaw2N3ePJqByd8S925mfT4n9j\"><span lang=\"ES\">hac\u00eda tocamientos<\/span><\/a><\/b><b><span lang=\"ES\">\u00a0en sus partes \u00edntimas.\u00a0<\/span><\/b><\/p>\n<p><span lang=\"ES\">Es de resaltar que la Seccional Cali investiga igualmente la presunta comisi\u00f3n de otros hechos similares por parte del docente con por lo menos\u00a0<b>6 estudiantes m\u00e1s<\/b>, menores de edad.\u00a0<\/span><\/p>\n<p><span lang=\"ES\">El imputado fue detenido mediante orden judicial el 24 de enero \u00faltimo por agentes de la Sij\u00edn de la Polic\u00eda Metropolitana de Cali (Mecal), en una v\u00eda p\u00fablica del sector de Mel\u00e9ndez, sur de la ciudad.\u00a0<\/span><\/p>\n<p><span lang=\"ES\">La Fiscal\u00eda habla con resultados.\u00a0<\/span><\/p>\n<p><span lang=\"ES\">\u00a0<\/span><span lang=\"ES\">JGPV\/SEGM\/DLBM\u00a0<\/span><span lang=\"ES\">\u00a0<\/span><span lang=\"ES\">\u00a0<\/span><\/p>\n<p><i><span lang=\"ES\">La informaci\u00f3n contenida en este bolet\u00edn de prensa corresponde a la narraci\u00f3n de los hechos noticiosos objetivos, suministrados por los funcionarios encargados de adelantar las investigaciones penales al interior de la Fiscal\u00eda General de la Naci\u00f3n. Para el momento de la divulgaci\u00f3n de este comunicado, la situaci\u00f3n jur\u00eddica de la(s) persona(s) relacionada(s) se encuentra pendiente de resolver por la autoridad judicial competente, siempre bajo los preceptos de la presunci\u00f3n de inocencia, consagrados en el art\u00edculo 29 de la Constituci\u00f3n Pol\u00edtica y el art\u00edculo 7\u00ba de la Ley 906 de 2004.\u00a0<\/span><\/i><span lang=\"ES\">\u00a0<\/span><\/p>\n<p><span lang=\"ES\">Le puede interesar:\u00a0<\/span><a href=\"https:\/\/www.fiscalia.gov.co\/colombia\/seccionales\/a-la-carcel-presunto-responsable-de-actos-sexuales-con-menor-de-14-anos-2\/\" target=\"_blank\" rel=\"noopener noreferrer\" data-saferedirecturl=\"https:\/\/www.google.com\/url?q=https:\/\/www.fiscalia.gov.co\/colombia\/seccionales\/a-la-carcel-presunto-responsable-de-actos-sexuales-con-menor-de-14-anos-2\/&amp;source=gmail&amp;ust=1643384358256000&amp;usg=AOvVaw2ZLBQgyajfTRX-sXEACUwH\"><span lang=\"ES\">A la c\u00e1rcel presunto responsable de actos sexuales con menor de 14 a\u00f1os<\/span><\/a><span lang=\"ES\">\u00a0<\/span><\/p>\n\n<div class=\"twitter-share\"><a href=\"https:\/\/twitter.com\/intent\/tweet?via=fiscaliacol\" class=\"twitter-share-button\">Tweet<\/a><\/div>\n","protected":false},"excerpt":{"rendered":"<p>La Fiscal\u00eda General de la Naci\u00f3n, Seccional Cali, logr\u00f3 la judicializaci\u00f3n de Jefferson Stiven L\u00f3pez Ospina,\u00a0docente de un centro educativo femenino\u00a0de la capital de Valle del Cauca, por su presunta responsabilidad en el delito de\u00a0actos sexuales con menor de 14 a\u00f1os\u00a0en concurso homog\u00e9neo y sucesivo agravado, teniendo en cuenta su especial condici\u00f3n de educador.\u00a0 Al [&hellip;]<\/p>\n","protected":false},"author":176,"featured_media":0,"comment_status":"closed","ping_status":"open","sticky":false,"template":"","format":"video","meta":{"_price":"","_stock":"","_tribe_ticket_header":"","_tribe_default_ticket_provider":"","_tribe_ticket_capacity":"0","_ticket_start_date":"","_ticket_end_date":"","_tribe_ticket_show_description":"","_tribe_ticket_show_not_going":false,"_tribe_ticket_use_global_stock":"","_tribe_ticket_global_stock_level":"","_global_stock_mode":"","_global_stock_cap":"","_tribe_rsvp_for_event":"","_tribe_ticket_going_count":"","_tribe_ticket_not_going_count":"","_tribe_tickets_list":"[]","_tribe_ticket_has_attendee_info_fields":false,"tdm_status":"","tdm_grid_status":"","footnotes":""},"categories":[1,303],"tags":[12642,24526,24481,1047,30196],"class_list":{"0":"post-239126","1":"post","2":"type-post","3":"status-publish","4":"format-video","6":"category-noticias","7":"category-seccionales","8":"tag-actos-sexuales-con-menor-de-14-anos","9":"tag-fiscal-general-francisco-barbosa-delgado","10":"tag-fiscalia-de-colombia","11":"tag-fiscalia-general-de-la-nacion","12":"tag-hacia-tocamientos","13":"post_format-post-format-video"},"yoast_head":"<!-- This site is optimized with the Yoast SEO plugin v24.3 - https:\/\/yoast.com\/wordpress\/plugins\/seo\/ -->\n<title>Fiscal\u00eda General de la Naci\u00f3n<\/title>\n<meta name=\"description\" content=\"P\u00e1gina oficial de la Fiscal\u00eda General de la Naci\u00f3n \u2013 Colombia. Garantizamos el acceso efectivo a la justicia, la verdad y la reparaci\u00f3n de las v\u00edctimas de los delitos.\" \/>\n<meta name=\"robots\" content=\"noindex, follow\" \/>\n<meta property=\"og:locale\" content=\"es_ES\" \/>\n<meta property=\"og:type\" content=\"article\" \/>\n<meta property=\"og:title\" content=\"Fiscal\u00eda General de la Naci\u00f3n\" \/>\n<meta property=\"og:description\" content=\"P\u00e1gina oficial de la Fiscal\u00eda General de la Naci\u00f3n \u2013 Colombia. Garantizamos el acceso efectivo a la justicia, la verdad y la reparaci\u00f3n de las v\u00edctimas de los delitos.\" \/>\n<meta property=\"og:url\" content=\"https:\/\/www.fiscalia.gov.co\/colombia\/noticias\/privado-de-la-libertad-profesor-de-informatica-senalado-de-realizar-actos-sexuales-a-una-estudiante-de-8-anos-en-cali\/\" \/>\n<meta property=\"og:site_name\" content=\"Fiscal\u00eda General de la Naci\u00f3n\" \/>\n<meta property=\"article:publisher\" content=\"https:\/\/www.facebook.com\/FiscaliaCol\" \/>\n<meta property=\"article:published_time\" content=\"2022-01-27T16:28:17+00:00\" \/>\n<meta property=\"article:modified_time\" content=\"2022-02-03T01:38:55+00:00\" \/>\n<meta name=\"author\" content=\"Johanna Black Prieto Pe\u00f1a\" \/>\n<meta name=\"twitter:card\" content=\"summary_large_image\" \/>\n<meta name=\"twitter:creator\" content=\"@FiscaliaCol\" \/>\n<meta name=\"twitter:site\" content=\"@FiscaliaCol\" \/>\n<meta name=\"twitter:label1\" content=\"Escrito por\" \/>\n\t<meta name=\"twitter:data1\" content=\"Johanna Black Prieto Pe\u00f1a\" \/>\n\t<meta name=\"twitter:label2\" content=\"Tiempo de lectura\" \/>\n\t<meta name=\"twitter:data2\" content=\"2 minutos\" \/>\n<script type=\"application\/ld+json\" class=\"yoast-schema-graph\">{\"@context\":\"https:\/\/schema.org\",\"@graph\":[{\"@type\":\"Article\",\"@id\":\"https:\/\/www.fiscalia.gov.co\/colombia\/noticias\/privado-de-la-libertad-profesor-de-informatica-senalado-de-realizar-actos-sexuales-a-una-estudiante-de-8-anos-en-cali\/#article\",\"isPartOf\":{\"@id\":\"https:\/\/www.fiscalia.gov.co\/colombia\/noticias\/privado-de-la-libertad-profesor-de-informatica-senalado-de-realizar-actos-sexuales-a-una-estudiante-de-8-anos-en-cali\/\"},\"author\":{\"name\":\"Johanna Black Prieto Pe\u00f1a\",\"@id\":\"https:\/\/www.fiscalia.gov.co\/colombia\/#\/schema\/person\/b19b49f26569f91393176a2b3d13a0e5\"},\"headline\":\"Privado de la libertad profesor de inform\u00e1tica se\u00f1alado de realizar actos sexuales a una estudiante de 8 a\u00f1os, en Cali\",\"datePublished\":\"2022-01-27T16:28:17+00:00\",\"dateModified\":\"2022-02-03T01:38:55+00:00\",\"mainEntityOfPage\":{\"@id\":\"https:\/\/www.fiscalia.gov.co\/colombia\/noticias\/privado-de-la-libertad-profesor-de-informatica-senalado-de-realizar-actos-sexuales-a-una-estudiante-de-8-anos-en-cali\/\"},\"wordCount\":444,\"publisher\":{\"@id\":\"https:\/\/www.fiscalia.gov.co\/colombia\/#organization\"},\"keywords\":[\"actos sexuales con menor de 14 a\u00f1os\",\"Fiscal General Francisco Barbosa Delgado\",\"Fiscal\u00eda de Colombia\",\"Fiscal\u00eda General de la Naci\u00f3n\",\"hac\u00eda tocamientos\"],\"articleSection\":[\"Noticias\",\"Seccionales\"],\"inLanguage\":\"es-CO\"},{\"@type\":\"WebPage\",\"@id\":\"https:\/\/www.fiscalia.gov.co\/colombia\/noticias\/privado-de-la-libertad-profesor-de-informatica-senalado-de-realizar-actos-sexuales-a-una-estudiante-de-8-anos-en-cali\/\",\"url\":\"https:\/\/www.fiscalia.gov.co\/colombia\/noticias\/privado-de-la-libertad-profesor-de-informatica-senalado-de-realizar-actos-sexuales-a-una-estudiante-de-8-anos-en-cali\/\",\"name\":\"Fiscal\u00eda General de la Naci\u00f3n\",\"isPartOf\":{\"@id\":\"https:\/\/www.fiscalia.gov.co\/colombia\/#website\"},\"datePublished\":\"2022-01-27T16:28:17+00:00\",\"dateModified\":\"2022-02-03T01:38:55+00:00\",\"description\":\"P\u00e1gina oficial de la Fiscal\u00eda General de la Naci\u00f3n \u2013 Colombia. Garantizamos el acceso efectivo a la justicia, la verdad y la reparaci\u00f3n de las v\u00edctimas de los delitos.\",\"breadcrumb\":{\"@id\":\"https:\/\/www.fiscalia.gov.co\/colombia\/noticias\/privado-de-la-libertad-profesor-de-informatica-senalado-de-realizar-actos-sexuales-a-una-estudiante-de-8-anos-en-cali\/#breadcrumb\"},\"inLanguage\":\"es-CO\",\"potentialAction\":[{\"@type\":\"ReadAction\",\"target\":[\"https:\/\/www.fiscalia.gov.co\/colombia\/noticias\/privado-de-la-libertad-profesor-de-informatica-senalado-de-realizar-actos-sexuales-a-una-estudiante-de-8-anos-en-cali\/\"]}]},{\"@type\":\"BreadcrumbList\",\"@id\":\"https:\/\/www.fiscalia.gov.co\/colombia\/noticias\/privado-de-la-libertad-profesor-de-informatica-senalado-de-realizar-actos-sexuales-a-una-estudiante-de-8-anos-en-cali\/#breadcrumb\",\"itemListElement\":[{\"@type\":\"ListItem\",\"position\":1,\"name\":\"Home\",\"item\":\"https:\/\/www.fiscalia.gov.co\/colombia\/\"},{\"@type\":\"ListItem\",\"position\":2,\"name\":\"Privado de la libertad profesor de inform\u00e1tica se\u00f1alado de realizar actos sexuales a una estudiante de 8 a\u00f1os, en Cali\"}]},{\"@type\":\"WebSite\",\"@id\":\"https:\/\/www.fiscalia.gov.co\/colombia\/#website\",\"url\":\"https:\/\/www.fiscalia.gov.co\/colombia\/\",\"name\":\"Fiscal\u00eda General de la Naci\u00f3n\",\"description\":\"P\u00e1gina oficial de la Fiscal\u00eda General de la Naci\u00f3n \u2013 Colombia. Garantizamos el acceso efectivo a la justicia, la verdad y la reparaci\u00f3n de las v\u00edctimas de los delitos.\",\"publisher\":{\"@id\":\"https:\/\/www.fiscalia.gov.co\/colombia\/#organization\"},\"potentialAction\":[{\"@type\":\"SearchAction\",\"target\":{\"@type\":\"EntryPoint\",\"urlTemplate\":\"https:\/\/www.fiscalia.gov.co\/colombia\/?s={search_term_string}\"},\"query-input\":{\"@type\":\"PropertyValueSpecification\",\"valueRequired\":true,\"valueName\":\"search_term_string\"}}],\"inLanguage\":\"es-CO\"},{\"@type\":\"Organization\",\"@id\":\"https:\/\/www.fiscalia.gov.co\/colombia\/#organization\",\"name\":\"Fiscal\u00eda General de la Naci\u00f3n\",\"url\":\"https:\/\/www.fiscalia.gov.co\/colombia\/\",\"logo\":{\"@type\":\"ImageObject\",\"inLanguage\":\"es-CO\",\"@id\":\"https:\/\/www.fiscalia.gov.co\/colombia\/#\/schema\/logo\/image\/\",\"url\":\"https:\/\/www.fiscalia.gov.co\/colombia\/wp-content\/uploads\/LogoHorizontal_1.jpg\",\"contentUrl\":\"https:\/\/www.fiscalia.gov.co\/colombia\/wp-content\/uploads\/LogoHorizontal_1.jpg\",\"width\":300,\"height\":90,\"caption\":\"Fiscal\u00eda General de la Naci\u00f3n\"},\"image\":{\"@id\":\"https:\/\/www.fiscalia.gov.co\/colombia\/#\/schema\/logo\/image\/\"},\"sameAs\":[\"https:\/\/www.facebook.com\/FiscaliaCol\",\"https:\/\/x.com\/FiscaliaCol\",\"https:\/\/www.instagram.com\/fiscaliacol\",\"https:\/\/www.linkedin.com\/company\/fiscalia-general-de-la-naci-n\/\",\"https:\/\/youtube.com\/@fiscaliageneraldelanacion-4668?si=6nN79nyQICPU5iTh\"]},{\"@type\":\"Person\",\"@id\":\"https:\/\/www.fiscalia.gov.co\/colombia\/#\/schema\/person\/b19b49f26569f91393176a2b3d13a0e5\",\"name\":\"Johanna Black Prieto Pe\u00f1a\",\"image\":{\"@type\":\"ImageObject\",\"inLanguage\":\"es-CO\",\"@id\":\"https:\/\/www.fiscalia.gov.co\/colombia\/#\/schema\/person\/image\/\",\"url\":\"https:\/\/secure.gravatar.com\/avatar\/7f04518e1774335e76d761d76f04003e?s=96&d=mm&r=g\",\"contentUrl\":\"https:\/\/secure.gravatar.com\/avatar\/7f04518e1774335e76d761d76f04003e?s=96&d=mm&r=g\",\"caption\":\"Johanna Black Prieto Pe\u00f1a\"},\"url\":\"https:\/\/www.fiscalia.gov.co\/colombia\/author\/jprieto\/\"}]}<\/script>\n<!-- \/ Yoast SEO plugin. -->","yoast_head_json":{"title":"Fiscal\u00eda General de la Naci\u00f3n","description":"P\u00e1gina oficial de la Fiscal\u00eda General de la Naci\u00f3n \u2013 Colombia. Garantizamos el acceso efectivo a la justicia, la verdad y la reparaci\u00f3n de las v\u00edctimas de los delitos.","robots":{"index":"noindex","follow":"follow"},"og_locale":"es_ES","og_type":"article","og_title":"Fiscal\u00eda General de la Naci\u00f3n","og_description":"P\u00e1gina oficial de la Fiscal\u00eda General de la Naci\u00f3n \u2013 Colombia. Garantizamos el acceso efectivo a la justicia, la verdad y la reparaci\u00f3n de las v\u00edctimas de los delitos.","og_url":"https:\/\/www.fiscalia.gov.co\/colombia\/noticias\/privado-de-la-libertad-profesor-de-informatica-senalado-de-realizar-actos-sexuales-a-una-estudiante-de-8-anos-en-cali\/","og_site_name":"Fiscal\u00eda General de la Naci\u00f3n","article_publisher":"https:\/\/www.facebook.com\/FiscaliaCol","article_published_time":"2022-01-27T16:28:17+00:00","article_modified_time":"2022-02-03T01:38:55+00:00","author":"Johanna Black Prieto Pe\u00f1a","twitter_card":"summary_large_image","twitter_creator":"@FiscaliaCol","twitter_site":"@FiscaliaCol","twitter_misc":{"Escrito por":"Johanna Black Prieto Pe\u00f1a","Tiempo de lectura":"2 minutos"},"schema":{"@context":"https:\/\/schema.org","@graph":[{"@type":"Article","@id":"https:\/\/www.fiscalia.gov.co\/colombia\/noticias\/privado-de-la-libertad-profesor-de-informatica-senalado-de-realizar-actos-sexuales-a-una-estudiante-de-8-anos-en-cali\/#article","isPartOf":{"@id":"https:\/\/www.fiscalia.gov.co\/colombia\/noticias\/privado-de-la-libertad-profesor-de-informatica-senalado-de-realizar-actos-sexuales-a-una-estudiante-de-8-anos-en-cali\/"},"author":{"name":"Johanna Black Prieto Pe\u00f1a","@id":"https:\/\/www.fiscalia.gov.co\/colombia\/#\/schema\/person\/b19b49f26569f91393176a2b3d13a0e5"},"headline":"Privado de la libertad profesor de inform\u00e1tica se\u00f1alado de realizar actos sexuales a una estudiante de 8 a\u00f1os, en Cali","datePublished":"2022-01-27T16:28:17+00:00","dateModified":"2022-02-03T01:38:55+00:00","mainEntityOfPage":{"@id":"https:\/\/www.fiscalia.gov.co\/colombia\/noticias\/privado-de-la-libertad-profesor-de-informatica-senalado-de-realizar-actos-sexuales-a-una-estudiante-de-8-anos-en-cali\/"},"wordCount":444,"publisher":{"@id":"https:\/\/www.fiscalia.gov.co\/colombia\/#organization"},"keywords":["actos sexuales con menor de 14 a\u00f1os","Fiscal General Francisco Barbosa Delgado","Fiscal\u00eda de Colombia","Fiscal\u00eda General de la Naci\u00f3n","hac\u00eda tocamientos"],"articleSection":["Noticias","Seccionales"],"inLanguage":"es-CO"},{"@type":"WebPage","@id":"https:\/\/www.fiscalia.gov.co\/colombia\/noticias\/privado-de-la-libertad-profesor-de-informatica-senalado-de-realizar-actos-sexuales-a-una-estudiante-de-8-anos-en-cali\/","url":"https:\/\/www.fiscalia.gov.co\/colombia\/noticias\/privado-de-la-libertad-profesor-de-informatica-senalado-de-realizar-actos-sexuales-a-una-estudiante-de-8-anos-en-cali\/","name":"Fiscal\u00eda General de la Naci\u00f3n","isPartOf":{"@id":"https:\/\/www.fiscalia.gov.co\/colombia\/#website"},"datePublished":"2022-01-27T16:28:17+00:00","dateModified":"2022-02-03T01:38:55+00:00","description":"P\u00e1gina oficial de la Fiscal\u00eda General de la Naci\u00f3n \u2013 Colombia. Garantizamos el acceso efectivo a la justicia, la verdad y la reparaci\u00f3n de las v\u00edctimas de los delitos.","breadcrumb":{"@id":"https:\/\/www.fiscalia.gov.co\/colombia\/noticias\/privado-de-la-libertad-profesor-de-informatica-senalado-de-realizar-actos-sexuales-a-una-estudiante-de-8-anos-en-cali\/#breadcrumb"},"inLanguage":"es-CO","potentialAction":[{"@type":"ReadAction","target":["https:\/\/www.fiscalia.gov.co\/colombia\/noticias\/privado-de-la-libertad-profesor-de-informatica-senalado-de-realizar-actos-sexuales-a-una-estudiante-de-8-anos-en-cali\/"]}]},{"@type":"BreadcrumbList","@id":"https:\/\/www.fiscalia.gov.co\/colombia\/noticias\/privado-de-la-libertad-profesor-de-informatica-senalado-de-realizar-actos-sexuales-a-una-estudiante-de-8-anos-en-cali\/#breadcrumb","itemListElement":[{"@type":"ListItem","position":1,"name":"Home","item":"https:\/\/www.fiscalia.gov.co\/colombia\/"},{"@type":"ListItem","position":2,"name":"Privado de la libertad profesor de inform\u00e1tica se\u00f1alado de realizar actos sexuales a una estudiante de 8 a\u00f1os, en Cali"}]},{"@type":"WebSite","@id":"https:\/\/www.fiscalia.gov.co\/colombia\/#website","url":"https:\/\/www.fiscalia.gov.co\/colombia\/","name":"Fiscal\u00eda General de la Naci\u00f3n","description":"P\u00e1gina oficial de la Fiscal\u00eda General de la Naci\u00f3n \u2013 Colombia. Garantizamos el acceso efectivo a la justicia, la verdad y la reparaci\u00f3n de las v\u00edctimas de los delitos.","publisher":{"@id":"https:\/\/www.fiscalia.gov.co\/colombia\/#organization"},"potentialAction":[{"@type":"SearchAction","target":{"@type":"EntryPoint","urlTemplate":"https:\/\/www.fiscalia.gov.co\/colombia\/?s={search_term_string}"},"query-input":{"@type":"PropertyValueSpecification","valueRequired":true,"valueName":"search_term_string"}}],"inLanguage":"es-CO"},{"@type":"Organization","@id":"https:\/\/www.fiscalia.gov.co\/colombia\/#organization","name":"Fiscal\u00eda General de la Naci\u00f3n","url":"https:\/\/www.fiscalia.gov.co\/colombia\/","logo":{"@type":"ImageObject","inLanguage":"es-CO","@id":"https:\/\/www.fiscalia.gov.co\/colombia\/#\/schema\/logo\/image\/","url":"https:\/\/www.fiscalia.gov.co\/colombia\/wp-content\/uploads\/LogoHorizontal_1.jpg","contentUrl":"https:\/\/www.fiscalia.gov.co\/colombia\/wp-content\/uploads\/LogoHorizontal_1.jpg","width":300,"height":90,"caption":"Fiscal\u00eda General de la Naci\u00f3n"},"image":{"@id":"https:\/\/www.fiscalia.gov.co\/colombia\/#\/schema\/logo\/image\/"},"sameAs":["https:\/\/www.facebook.com\/FiscaliaCol","https:\/\/x.com\/FiscaliaCol","https:\/\/www.instagram.com\/fiscaliacol","https:\/\/www.linkedin.com\/company\/fiscalia-general-de-la-naci-n\/","https:\/\/youtube.com\/@fiscaliageneraldelanacion-4668?si=6nN79nyQICPU5iTh"]},{"@type":"Person","@id":"https:\/\/www.fiscalia.gov.co\/colombia\/#\/schema\/person\/b19b49f26569f91393176a2b3d13a0e5","name":"Johanna Black Prieto Pe\u00f1a","image":{"@type":"ImageObject","inLanguage":"es-CO","@id":"https:\/\/www.fiscalia.gov.co\/colombia\/#\/schema\/person\/image\/","url":"https:\/\/secure.gravatar.com\/avatar\/7f04518e1774335e76d761d76f04003e?s=96&d=mm&r=g","contentUrl":"https:\/\/secure.gravatar.com\/avatar\/7f04518e1774335e76d761d76f04003e?s=96&d=mm&r=g","caption":"Johanna Black Prieto Pe\u00f1a"},"url":"https:\/\/www.fiscalia.gov.co\/colombia\/author\/jprieto\/"}]}},"_links":{"self":[{"href":"https:\/\/www.fiscalia.gov.co\/colombia\/wp-json\/wp\/v2\/posts\/239126","targetHints":{"allow":["GET"]}}],"collection":[{"href":"https:\/\/www.fiscalia.gov.co\/colombia\/wp-json\/wp\/v2\/posts"}],"about":[{"href":"https:\/\/www.fiscalia.gov.co\/colombia\/wp-json\/wp\/v2\/types\/post"}],"author":[{"embeddable":true,"href":"https:\/\/www.fiscalia.gov.co\/colombia\/wp-json\/wp\/v2\/users\/176"}],"replies":[{"embeddable":true,"href":"https:\/\/www.fiscalia.gov.co\/colombia\/wp-json\/wp\/v2\/comments?post=239126"}],"version-history":[{"count":2,"href":"https:\/\/www.fiscalia.gov.co\/colombia\/wp-json\/wp\/v2\/posts\/239126\/revisions"}],"predecessor-version":[{"id":239130,"href":"https:\/\/www.fiscalia.gov.co\/colombia\/wp-json\/wp\/v2\/posts\/239126\/revisions\/239130"}],"wp:attachment":[{"href":"https:\/\/www.fiscalia.gov.co\/colombia\/wp-json\/wp\/v2\/media?parent=239126"}],"wp:term":[{"taxonomy":"category","embeddable":true,"href":"https:\/\/www.fiscalia.gov.co\/colombia\/wp-json\/wp\/v2\/categories?post=239126"},{"taxonomy":"post_tag","embeddable":true,"href":"https:\/\/www.fiscalia.gov.co\/colombia\/wp-json\/wp\/v2\/tags?post=239126"}],"curies":[{"name":"wp","href":"https:\/\/api.w.org\/{rel}","templated":true}]}}