{"id":238981,"date":"2022-01-26T08:32:49","date_gmt":"2022-01-26T13:32:49","guid":{"rendered":"https:\/\/www.fiscalia.gov.co\/colombia\/?p=238981"},"modified":"2022-01-31T16:31:02","modified_gmt":"2022-01-31T21:31:02","slug":"fiscalia-presenta-escrito-de-acusacion-contra-alias-el-zarco-como-presunto-responsable-de-reclutar-victimas-de-ejecuciones-extrajudiciales","status":"publish","type":"post","link":"https:\/\/www.fiscalia.gov.co\/colombia\/noticias\/fiscalia-presenta-escrito-de-acusacion-contra-alias-el-zarco-como-presunto-responsable-de-reclutar-victimas-de-ejecuciones-extrajudiciales\/","title":{"rendered":"Fiscal\u00eda presenta escrito de acusaci\u00f3n contra alias El Zarco, como presunto responsable de reclutar v\u00edctimas de ejecuciones extrajudiciales"},"content":{"rendered":"<h4><strong><em>El procesado estar\u00eda involucrado en tres eventos, en los que 14 civiles fueron presentados como integrantes de organizaciones criminales muertos en combate.<\/em><\/strong><\/h4>\n<p>La Fiscal\u00eda General de la Naci\u00f3n present\u00f3 escrito de acusaci\u00f3n contra Luis Jhon Castro Ram\u00edrez, alias El Zarco, como presunto responsable del reclutamiento de personas que, posteriormente, fueron reportadas como muertos en combate por algunos integrantes del Batall\u00f3n Jaime Rooke del Ej\u00e9rcito Nacional.<\/p>\n<p>De acuerdo con la investigaci\u00f3n, el hoy procesado habr\u00eda contactado a 14 hombres en Cali y otros municipios de (Valle del Cauca) y, mediante enga\u00f1os y ofrecimientos remuneratorios, los convenci\u00f3 de viajar a Tolima.<\/p>\n<p>Posteriormente, las unidades militares, en tres momentos distintos, presentaron a los civiles como integrantes de grupos criminales \u2018abatidos\u2019 durante supuestos procedimientos contra el secuestro y la extorsi\u00f3n. Seis fallecieron en la finca Los Mangos de la\u00a0vereda Potreritos, en Ibagu\u00e9, el 28 de febrero de 2008; otros dos murieron en el Guamo, el 30 de marzo; y seis m\u00e1s en Coyaima, el 23 de junio del mismo a\u00f1o.<\/p>\n<p>En su momento, las tropas detallaron en los reportes operacionales que, en todos los casos, se registraron enfrentamientos armados. Durante las inspecciones a los cuerpos, algunas de las v\u00edctimas fueron encontradas con armas en las manos; sin embargo, los estudios forenses y las actividades investigativas evidenciaron que no ten\u00edan rastros de disparos o p\u00f3lvora. Asimismo, se estableci\u00f3 que las escenas de los hechos fueron alteradas.<\/p>\n<p>Varios integrantes del Ej\u00e9rcito Nacional reconocieron que estos tres eventos correspondieron a las denominadas ejecuciones extrajudiciales y se\u00f1alaron a El Zarco como un desmovilizado del ELN que, consciente de la acci\u00f3n criminal que se iba a realizar, ubic\u00f3 civiles y los persuadi\u00f3 para que aceptaran viajar a Tolima a cambio de dinero.<\/p>\n<p>En ese sentido, un fiscal de la Direcci\u00f3n Especializada contra las Violaciones a los Derechos Humanos acus\u00f3 a Luis Jhon Castro Ram\u00edrez por los delitos de homicidio en persona protegida y concierto para delinquir agravado.<\/p>\n<p>Alias El Zarco fue capturado por funcionarios de la DIJIN \u2013 Interpol de la Polic\u00eda Nacional el 13 de septiembre de 2021, luego de que fuera extraditado por Espa\u00f1a.<\/p>\n<p>Esta informaci\u00f3n se publica por razones de inter\u00e9s general.<\/p>\n<p>JARG\/DJR\/DEVDH\/MCRC<\/p>\n<p><strong>La Fiscal\u00eda habla con resultados<\/strong><\/p>\n<p>&nbsp;<\/p>\n<p>&nbsp;<\/p>\n<p>&nbsp;<\/p>\n<p>&nbsp;<\/p>\n<p>&nbsp;<\/p>\n\n<div class=\"twitter-share\"><a href=\"https:\/\/twitter.com\/intent\/tweet?via=fiscaliacol\" class=\"twitter-share-button\">Tweet<\/a><\/div>\n","protected":false},"excerpt":{"rendered":"<p>El procesado estar\u00eda involucrado en tres eventos, en los que 14 civiles fueron presentados como integrantes de organizaciones criminales muertos en combate. La Fiscal\u00eda General de la Naci\u00f3n present\u00f3 escrito de acusaci\u00f3n contra Luis Jhon Castro Ram\u00edrez, alias El Zarco, como presunto responsable del reclutamiento de personas que, posteriormente, fueron reportadas como muertos en combate [&hellip;]<\/p>\n","protected":false},"author":176,"featured_media":239469,"comment_status":"closed","ping_status":"open","sticky":false,"template":"","format":"video","meta":{"_price":"","_stock":"","_tribe_ticket_header":"","_tribe_default_ticket_provider":"","_tribe_ticket_capacity":"0","_ticket_start_date":"","_ticket_end_date":"","_tribe_ticket_show_description":"","_tribe_ticket_show_not_going":false,"_tribe_ticket_use_global_stock":"","_tribe_ticket_global_stock_level":"","_global_stock_mode":"","_global_stock_cap":"","_tribe_rsvp_for_event":"","_tribe_ticket_going_count":"","_tribe_ticket_not_going_count":"","_tribe_tickets_list":"[]","_tribe_ticket_has_attendee_info_fields":false,"tdm_status":"","tdm_grid_status":"","footnotes":""},"categories":[24102,1],"tags":[24185,24401,24189,78],"class_list":{"0":"post-238981","1":"post","2":"type-post","3":"status-publish","4":"format-video","5":"has-post-thumbnail","7":"category-derechos-humanos","8":"category-noticias","9":"tag-fiscal-barbosa","10":"tag-fiscal-barbosa-delgado","11":"tag-fiscal-francisco-barbosa-delgado","12":"tag-fiscal-general-de-la-nacion","13":"post_format-post-format-video"},"yoast_head":"<!-- This site is optimized with the Yoast SEO plugin v24.3 - https:\/\/yoast.com\/wordpress\/plugins\/seo\/ -->\n<title>Fiscal\u00eda General de la Naci\u00f3n<\/title>\n<meta name=\"description\" content=\"P\u00e1gina oficial de la Fiscal\u00eda General de la Naci\u00f3n \u2013 Colombia. Garantizamos el acceso efectivo a la justicia, la verdad y la reparaci\u00f3n de las v\u00edctimas de los delitos.\" \/>\n<meta name=\"robots\" content=\"noindex, follow\" \/>\n<meta property=\"og:locale\" content=\"es_ES\" \/>\n<meta property=\"og:type\" content=\"article\" \/>\n<meta property=\"og:title\" content=\"Fiscal\u00eda General de la Naci\u00f3n\" \/>\n<meta property=\"og:description\" content=\"P\u00e1gina oficial de la Fiscal\u00eda General de la Naci\u00f3n \u2013 Colombia. Garantizamos el acceso efectivo a la justicia, la verdad y la reparaci\u00f3n de las v\u00edctimas de los delitos.\" \/>\n<meta property=\"og:url\" content=\"https:\/\/www.fiscalia.gov.co\/colombia\/noticias\/fiscalia-presenta-escrito-de-acusacion-contra-alias-el-zarco-como-presunto-responsable-de-reclutar-victimas-de-ejecuciones-extrajudiciales\/\" \/>\n<meta property=\"og:site_name\" content=\"Fiscal\u00eda General de la Naci\u00f3n\" \/>\n<meta property=\"article:publisher\" content=\"https:\/\/www.facebook.com\/FiscaliaCol\" \/>\n<meta property=\"article:published_time\" content=\"2022-01-26T13:32:49+00:00\" \/>\n<meta property=\"article:modified_time\" content=\"2022-01-31T21:31:02+00:00\" \/>\n<meta property=\"og:image\" content=\"https:\/\/www.fiscalia.gov.co\/colombia\/wp-content\/uploads\/maxresdefault-311.jpg\" \/>\n\t<meta property=\"og:image:width\" content=\"1280\" \/>\n\t<meta property=\"og:image:height\" content=\"720\" \/>\n\t<meta property=\"og:image:type\" content=\"image\/jpeg\" \/>\n<meta name=\"author\" content=\"Johanna Black Prieto Pe\u00f1a\" \/>\n<meta name=\"twitter:card\" content=\"summary_large_image\" \/>\n<meta name=\"twitter:creator\" content=\"@FiscaliaCol\" \/>\n<meta name=\"twitter:site\" content=\"@FiscaliaCol\" \/>\n<meta name=\"twitter:label1\" content=\"Escrito por\" \/>\n\t<meta name=\"twitter:data1\" content=\"Johanna Black Prieto Pe\u00f1a\" \/>\n\t<meta name=\"twitter:label2\" content=\"Tiempo de lectura\" \/>\n\t<meta name=\"twitter:data2\" content=\"2 minutos\" \/>\n<script type=\"application\/ld+json\" class=\"yoast-schema-graph\">{\"@context\":\"https:\/\/schema.org\",\"@graph\":[{\"@type\":\"Article\",\"@id\":\"https:\/\/www.fiscalia.gov.co\/colombia\/noticias\/fiscalia-presenta-escrito-de-acusacion-contra-alias-el-zarco-como-presunto-responsable-de-reclutar-victimas-de-ejecuciones-extrajudiciales\/#article\",\"isPartOf\":{\"@id\":\"https:\/\/www.fiscalia.gov.co\/colombia\/noticias\/fiscalia-presenta-escrito-de-acusacion-contra-alias-el-zarco-como-presunto-responsable-de-reclutar-victimas-de-ejecuciones-extrajudiciales\/\"},\"author\":{\"name\":\"Johanna Black Prieto Pe\u00f1a\",\"@id\":\"https:\/\/www.fiscalia.gov.co\/colombia\/#\/schema\/person\/b19b49f26569f91393176a2b3d13a0e5\"},\"headline\":\"Fiscal\u00eda presenta escrito de acusaci\u00f3n contra alias El Zarco, como presunto responsable de reclutar v\u00edctimas de ejecuciones extrajudiciales\",\"datePublished\":\"2022-01-26T13:32:49+00:00\",\"dateModified\":\"2022-01-31T21:31:02+00:00\",\"mainEntityOfPage\":{\"@id\":\"https:\/\/www.fiscalia.gov.co\/colombia\/noticias\/fiscalia-presenta-escrito-de-acusacion-contra-alias-el-zarco-como-presunto-responsable-de-reclutar-victimas-de-ejecuciones-extrajudiciales\/\"},\"wordCount\":409,\"publisher\":{\"@id\":\"https:\/\/www.fiscalia.gov.co\/colombia\/#organization\"},\"image\":{\"@id\":\"https:\/\/www.fiscalia.gov.co\/colombia\/noticias\/fiscalia-presenta-escrito-de-acusacion-contra-alias-el-zarco-como-presunto-responsable-de-reclutar-victimas-de-ejecuciones-extrajudiciales\/#primaryimage\"},\"thumbnailUrl\":\"https:\/\/www.fiscalia.gov.co\/colombia\/wp-content\/uploads\/maxresdefault-311.jpg\",\"keywords\":[\"Fiscal Barbosa\",\"Fiscal Barbosa Delgado\",\"Fiscal Francisco Barbosa Delgado\",\"Fiscal General de la Naci\u00f3n\"],\"articleSection\":[\"Derechos Humanos\",\"Noticias\"],\"inLanguage\":\"es-CO\"},{\"@type\":\"WebPage\",\"@id\":\"https:\/\/www.fiscalia.gov.co\/colombia\/noticias\/fiscalia-presenta-escrito-de-acusacion-contra-alias-el-zarco-como-presunto-responsable-de-reclutar-victimas-de-ejecuciones-extrajudiciales\/\",\"url\":\"https:\/\/www.fiscalia.gov.co\/colombia\/noticias\/fiscalia-presenta-escrito-de-acusacion-contra-alias-el-zarco-como-presunto-responsable-de-reclutar-victimas-de-ejecuciones-extrajudiciales\/\",\"name\":\"Fiscal\u00eda General de la Naci\u00f3n\",\"isPartOf\":{\"@id\":\"https:\/\/www.fiscalia.gov.co\/colombia\/#website\"},\"primaryImageOfPage\":{\"@id\":\"https:\/\/www.fiscalia.gov.co\/colombia\/noticias\/fiscalia-presenta-escrito-de-acusacion-contra-alias-el-zarco-como-presunto-responsable-de-reclutar-victimas-de-ejecuciones-extrajudiciales\/#primaryimage\"},\"image\":{\"@id\":\"https:\/\/www.fiscalia.gov.co\/colombia\/noticias\/fiscalia-presenta-escrito-de-acusacion-contra-alias-el-zarco-como-presunto-responsable-de-reclutar-victimas-de-ejecuciones-extrajudiciales\/#primaryimage\"},\"thumbnailUrl\":\"https:\/\/www.fiscalia.gov.co\/colombia\/wp-content\/uploads\/maxresdefault-311.jpg\",\"datePublished\":\"2022-01-26T13:32:49+00:00\",\"dateModified\":\"2022-01-31T21:31:02+00:00\",\"description\":\"P\u00e1gina oficial de la Fiscal\u00eda General de la Naci\u00f3n \u2013 Colombia. Garantizamos el acceso efectivo a la justicia, la verdad y la reparaci\u00f3n de las v\u00edctimas de los delitos.\",\"breadcrumb\":{\"@id\":\"https:\/\/www.fiscalia.gov.co\/colombia\/noticias\/fiscalia-presenta-escrito-de-acusacion-contra-alias-el-zarco-como-presunto-responsable-de-reclutar-victimas-de-ejecuciones-extrajudiciales\/#breadcrumb\"},\"inLanguage\":\"es-CO\",\"potentialAction\":[{\"@type\":\"ReadAction\",\"target\":[\"https:\/\/www.fiscalia.gov.co\/colombia\/noticias\/fiscalia-presenta-escrito-de-acusacion-contra-alias-el-zarco-como-presunto-responsable-de-reclutar-victimas-de-ejecuciones-extrajudiciales\/\"]}]},{\"@type\":\"ImageObject\",\"inLanguage\":\"es-CO\",\"@id\":\"https:\/\/www.fiscalia.gov.co\/colombia\/noticias\/fiscalia-presenta-escrito-de-acusacion-contra-alias-el-zarco-como-presunto-responsable-de-reclutar-victimas-de-ejecuciones-extrajudiciales\/#primaryimage\",\"url\":\"https:\/\/www.fiscalia.gov.co\/colombia\/wp-content\/uploads\/maxresdefault-311.jpg\",\"contentUrl\":\"https:\/\/www.fiscalia.gov.co\/colombia\/wp-content\/uploads\/maxresdefault-311.jpg\",\"width\":1280,\"height\":720},{\"@type\":\"BreadcrumbList\",\"@id\":\"https:\/\/www.fiscalia.gov.co\/colombia\/noticias\/fiscalia-presenta-escrito-de-acusacion-contra-alias-el-zarco-como-presunto-responsable-de-reclutar-victimas-de-ejecuciones-extrajudiciales\/#breadcrumb\",\"itemListElement\":[{\"@type\":\"ListItem\",\"position\":1,\"name\":\"Home\",\"item\":\"https:\/\/www.fiscalia.gov.co\/colombia\/\"},{\"@type\":\"ListItem\",\"position\":2,\"name\":\"Fiscal\u00eda presenta escrito de acusaci\u00f3n contra alias El Zarco, como presunto responsable de reclutar v\u00edctimas de ejecuciones extrajudiciales\"}]},{\"@type\":\"WebSite\",\"@id\":\"https:\/\/www.fiscalia.gov.co\/colombia\/#website\",\"url\":\"https:\/\/www.fiscalia.gov.co\/colombia\/\",\"name\":\"Fiscal\u00eda General de la Naci\u00f3n\",\"description\":\"P\u00e1gina oficial de la Fiscal\u00eda General de la Naci\u00f3n \u2013 Colombia. Garantizamos el acceso efectivo a la justicia, la verdad y la reparaci\u00f3n de las v\u00edctimas de los delitos.\",\"publisher\":{\"@id\":\"https:\/\/www.fiscalia.gov.co\/colombia\/#organization\"},\"potentialAction\":[{\"@type\":\"SearchAction\",\"target\":{\"@type\":\"EntryPoint\",\"urlTemplate\":\"https:\/\/www.fiscalia.gov.co\/colombia\/?s={search_term_string}\"},\"query-input\":{\"@type\":\"PropertyValueSpecification\",\"valueRequired\":true,\"valueName\":\"search_term_string\"}}],\"inLanguage\":\"es-CO\"},{\"@type\":\"Organization\",\"@id\":\"https:\/\/www.fiscalia.gov.co\/colombia\/#organization\",\"name\":\"Fiscal\u00eda General de la Naci\u00f3n\",\"url\":\"https:\/\/www.fiscalia.gov.co\/colombia\/\",\"logo\":{\"@type\":\"ImageObject\",\"inLanguage\":\"es-CO\",\"@id\":\"https:\/\/www.fiscalia.gov.co\/colombia\/#\/schema\/logo\/image\/\",\"url\":\"https:\/\/www.fiscalia.gov.co\/colombia\/wp-content\/uploads\/LogoHorizontal_1.jpg\",\"contentUrl\":\"https:\/\/www.fiscalia.gov.co\/colombia\/wp-content\/uploads\/LogoHorizontal_1.jpg\",\"width\":300,\"height\":90,\"caption\":\"Fiscal\u00eda General de la Naci\u00f3n\"},\"image\":{\"@id\":\"https:\/\/www.fiscalia.gov.co\/colombia\/#\/schema\/logo\/image\/\"},\"sameAs\":[\"https:\/\/www.facebook.com\/FiscaliaCol\",\"https:\/\/x.com\/FiscaliaCol\",\"https:\/\/www.instagram.com\/fiscaliacol\",\"https:\/\/www.linkedin.com\/company\/fiscalia-general-de-la-naci-n\/\",\"https:\/\/youtube.com\/@fiscaliageneraldelanacion-4668?si=6nN79nyQICPU5iTh\"]},{\"@type\":\"Person\",\"@id\":\"https:\/\/www.fiscalia.gov.co\/colombia\/#\/schema\/person\/b19b49f26569f91393176a2b3d13a0e5\",\"name\":\"Johanna Black Prieto Pe\u00f1a\",\"image\":{\"@type\":\"ImageObject\",\"inLanguage\":\"es-CO\",\"@id\":\"https:\/\/www.fiscalia.gov.co\/colombia\/#\/schema\/person\/image\/\",\"url\":\"https:\/\/secure.gravatar.com\/avatar\/7f04518e1774335e76d761d76f04003e?s=96&d=mm&r=g\",\"contentUrl\":\"https:\/\/secure.gravatar.com\/avatar\/7f04518e1774335e76d761d76f04003e?s=96&d=mm&r=g\",\"caption\":\"Johanna Black Prieto Pe\u00f1a\"},\"url\":\"https:\/\/www.fiscalia.gov.co\/colombia\/author\/jprieto\/\"}]}<\/script>\n<!-- \/ Yoast SEO plugin. -->","yoast_head_json":{"title":"Fiscal\u00eda General de la Naci\u00f3n","description":"P\u00e1gina oficial de la Fiscal\u00eda General de la Naci\u00f3n \u2013 Colombia. Garantizamos el acceso efectivo a la justicia, la verdad y la reparaci\u00f3n de las v\u00edctimas de los delitos.","robots":{"index":"noindex","follow":"follow"},"og_locale":"es_ES","og_type":"article","og_title":"Fiscal\u00eda General de la Naci\u00f3n","og_description":"P\u00e1gina oficial de la Fiscal\u00eda General de la Naci\u00f3n \u2013 Colombia. Garantizamos el acceso efectivo a la justicia, la verdad y la reparaci\u00f3n de las v\u00edctimas de los delitos.","og_url":"https:\/\/www.fiscalia.gov.co\/colombia\/noticias\/fiscalia-presenta-escrito-de-acusacion-contra-alias-el-zarco-como-presunto-responsable-de-reclutar-victimas-de-ejecuciones-extrajudiciales\/","og_site_name":"Fiscal\u00eda General de la Naci\u00f3n","article_publisher":"https:\/\/www.facebook.com\/FiscaliaCol","article_published_time":"2022-01-26T13:32:49+00:00","article_modified_time":"2022-01-31T21:31:02+00:00","og_image":[{"width":1280,"height":720,"url":"https:\/\/www.fiscalia.gov.co\/colombia\/wp-content\/uploads\/maxresdefault-311.jpg","type":"image\/jpeg"}],"author":"Johanna Black Prieto Pe\u00f1a","twitter_card":"summary_large_image","twitter_creator":"@FiscaliaCol","twitter_site":"@FiscaliaCol","twitter_misc":{"Escrito por":"Johanna Black Prieto Pe\u00f1a","Tiempo de lectura":"2 minutos"},"schema":{"@context":"https:\/\/schema.org","@graph":[{"@type":"Article","@id":"https:\/\/www.fiscalia.gov.co\/colombia\/noticias\/fiscalia-presenta-escrito-de-acusacion-contra-alias-el-zarco-como-presunto-responsable-de-reclutar-victimas-de-ejecuciones-extrajudiciales\/#article","isPartOf":{"@id":"https:\/\/www.fiscalia.gov.co\/colombia\/noticias\/fiscalia-presenta-escrito-de-acusacion-contra-alias-el-zarco-como-presunto-responsable-de-reclutar-victimas-de-ejecuciones-extrajudiciales\/"},"author":{"name":"Johanna Black Prieto Pe\u00f1a","@id":"https:\/\/www.fiscalia.gov.co\/colombia\/#\/schema\/person\/b19b49f26569f91393176a2b3d13a0e5"},"headline":"Fiscal\u00eda presenta escrito de acusaci\u00f3n contra alias El Zarco, como presunto responsable de reclutar v\u00edctimas de ejecuciones extrajudiciales","datePublished":"2022-01-26T13:32:49+00:00","dateModified":"2022-01-31T21:31:02+00:00","mainEntityOfPage":{"@id":"https:\/\/www.fiscalia.gov.co\/colombia\/noticias\/fiscalia-presenta-escrito-de-acusacion-contra-alias-el-zarco-como-presunto-responsable-de-reclutar-victimas-de-ejecuciones-extrajudiciales\/"},"wordCount":409,"publisher":{"@id":"https:\/\/www.fiscalia.gov.co\/colombia\/#organization"},"image":{"@id":"https:\/\/www.fiscalia.gov.co\/colombia\/noticias\/fiscalia-presenta-escrito-de-acusacion-contra-alias-el-zarco-como-presunto-responsable-de-reclutar-victimas-de-ejecuciones-extrajudiciales\/#primaryimage"},"thumbnailUrl":"https:\/\/www.fiscalia.gov.co\/colombia\/wp-content\/uploads\/maxresdefault-311.jpg","keywords":["Fiscal Barbosa","Fiscal Barbosa Delgado","Fiscal Francisco Barbosa Delgado","Fiscal General de la Naci\u00f3n"],"articleSection":["Derechos Humanos","Noticias"],"inLanguage":"es-CO"},{"@type":"WebPage","@id":"https:\/\/www.fiscalia.gov.co\/colombia\/noticias\/fiscalia-presenta-escrito-de-acusacion-contra-alias-el-zarco-como-presunto-responsable-de-reclutar-victimas-de-ejecuciones-extrajudiciales\/","url":"https:\/\/www.fiscalia.gov.co\/colombia\/noticias\/fiscalia-presenta-escrito-de-acusacion-contra-alias-el-zarco-como-presunto-responsable-de-reclutar-victimas-de-ejecuciones-extrajudiciales\/","name":"Fiscal\u00eda General de la Naci\u00f3n","isPartOf":{"@id":"https:\/\/www.fiscalia.gov.co\/colombia\/#website"},"primaryImageOfPage":{"@id":"https:\/\/www.fiscalia.gov.co\/colombia\/noticias\/fiscalia-presenta-escrito-de-acusacion-contra-alias-el-zarco-como-presunto-responsable-de-reclutar-victimas-de-ejecuciones-extrajudiciales\/#primaryimage"},"image":{"@id":"https:\/\/www.fiscalia.gov.co\/colombia\/noticias\/fiscalia-presenta-escrito-de-acusacion-contra-alias-el-zarco-como-presunto-responsable-de-reclutar-victimas-de-ejecuciones-extrajudiciales\/#primaryimage"},"thumbnailUrl":"https:\/\/www.fiscalia.gov.co\/colombia\/wp-content\/uploads\/maxresdefault-311.jpg","datePublished":"2022-01-26T13:32:49+00:00","dateModified":"2022-01-31T21:31:02+00:00","description":"P\u00e1gina oficial de la Fiscal\u00eda General de la Naci\u00f3n \u2013 Colombia. Garantizamos el acceso efectivo a la justicia, la verdad y la reparaci\u00f3n de las v\u00edctimas de los delitos.","breadcrumb":{"@id":"https:\/\/www.fiscalia.gov.co\/colombia\/noticias\/fiscalia-presenta-escrito-de-acusacion-contra-alias-el-zarco-como-presunto-responsable-de-reclutar-victimas-de-ejecuciones-extrajudiciales\/#breadcrumb"},"inLanguage":"es-CO","potentialAction":[{"@type":"ReadAction","target":["https:\/\/www.fiscalia.gov.co\/colombia\/noticias\/fiscalia-presenta-escrito-de-acusacion-contra-alias-el-zarco-como-presunto-responsable-de-reclutar-victimas-de-ejecuciones-extrajudiciales\/"]}]},{"@type":"ImageObject","inLanguage":"es-CO","@id":"https:\/\/www.fiscalia.gov.co\/colombia\/noticias\/fiscalia-presenta-escrito-de-acusacion-contra-alias-el-zarco-como-presunto-responsable-de-reclutar-victimas-de-ejecuciones-extrajudiciales\/#primaryimage","url":"https:\/\/www.fiscalia.gov.co\/colombia\/wp-content\/uploads\/maxresdefault-311.jpg","contentUrl":"https:\/\/www.fiscalia.gov.co\/colombia\/wp-content\/uploads\/maxresdefault-311.jpg","width":1280,"height":720},{"@type":"BreadcrumbList","@id":"https:\/\/www.fiscalia.gov.co\/colombia\/noticias\/fiscalia-presenta-escrito-de-acusacion-contra-alias-el-zarco-como-presunto-responsable-de-reclutar-victimas-de-ejecuciones-extrajudiciales\/#breadcrumb","itemListElement":[{"@type":"ListItem","position":1,"name":"Home","item":"https:\/\/www.fiscalia.gov.co\/colombia\/"},{"@type":"ListItem","position":2,"name":"Fiscal\u00eda presenta escrito de acusaci\u00f3n contra alias El Zarco, como presunto responsable de reclutar v\u00edctimas de ejecuciones extrajudiciales"}]},{"@type":"WebSite","@id":"https:\/\/www.fiscalia.gov.co\/colombia\/#website","url":"https:\/\/www.fiscalia.gov.co\/colombia\/","name":"Fiscal\u00eda General de la Naci\u00f3n","description":"P\u00e1gina oficial de la Fiscal\u00eda General de la Naci\u00f3n \u2013 Colombia. Garantizamos el acceso efectivo a la justicia, la verdad y la reparaci\u00f3n de las v\u00edctimas de los delitos.","publisher":{"@id":"https:\/\/www.fiscalia.gov.co\/colombia\/#organization"},"potentialAction":[{"@type":"SearchAction","target":{"@type":"EntryPoint","urlTemplate":"https:\/\/www.fiscalia.gov.co\/colombia\/?s={search_term_string}"},"query-input":{"@type":"PropertyValueSpecification","valueRequired":true,"valueName":"search_term_string"}}],"inLanguage":"es-CO"},{"@type":"Organization","@id":"https:\/\/www.fiscalia.gov.co\/colombia\/#organization","name":"Fiscal\u00eda General de la Naci\u00f3n","url":"https:\/\/www.fiscalia.gov.co\/colombia\/","logo":{"@type":"ImageObject","inLanguage":"es-CO","@id":"https:\/\/www.fiscalia.gov.co\/colombia\/#\/schema\/logo\/image\/","url":"https:\/\/www.fiscalia.gov.co\/colombia\/wp-content\/uploads\/LogoHorizontal_1.jpg","contentUrl":"https:\/\/www.fiscalia.gov.co\/colombia\/wp-content\/uploads\/LogoHorizontal_1.jpg","width":300,"height":90,"caption":"Fiscal\u00eda General de la Naci\u00f3n"},"image":{"@id":"https:\/\/www.fiscalia.gov.co\/colombia\/#\/schema\/logo\/image\/"},"sameAs":["https:\/\/www.facebook.com\/FiscaliaCol","https:\/\/x.com\/FiscaliaCol","https:\/\/www.instagram.com\/fiscaliacol","https:\/\/www.linkedin.com\/company\/fiscalia-general-de-la-naci-n\/","https:\/\/youtube.com\/@fiscaliageneraldelanacion-4668?si=6nN79nyQICPU5iTh"]},{"@type":"Person","@id":"https:\/\/www.fiscalia.gov.co\/colombia\/#\/schema\/person\/b19b49f26569f91393176a2b3d13a0e5","name":"Johanna Black Prieto Pe\u00f1a","image":{"@type":"ImageObject","inLanguage":"es-CO","@id":"https:\/\/www.fiscalia.gov.co\/colombia\/#\/schema\/person\/image\/","url":"https:\/\/secure.gravatar.com\/avatar\/7f04518e1774335e76d761d76f04003e?s=96&d=mm&r=g","contentUrl":"https:\/\/secure.gravatar.com\/avatar\/7f04518e1774335e76d761d76f04003e?s=96&d=mm&r=g","caption":"Johanna Black Prieto Pe\u00f1a"},"url":"https:\/\/www.fiscalia.gov.co\/colombia\/author\/jprieto\/"}]}},"_links":{"self":[{"href":"https:\/\/www.fiscalia.gov.co\/colombia\/wp-json\/wp\/v2\/posts\/238981","targetHints":{"allow":["GET"]}}],"collection":[{"href":"https:\/\/www.fiscalia.gov.co\/colombia\/wp-json\/wp\/v2\/posts"}],"about":[{"href":"https:\/\/www.fiscalia.gov.co\/colombia\/wp-json\/wp\/v2\/types\/post"}],"author":[{"embeddable":true,"href":"https:\/\/www.fiscalia.gov.co\/colombia\/wp-json\/wp\/v2\/users\/176"}],"replies":[{"embeddable":true,"href":"https:\/\/www.fiscalia.gov.co\/colombia\/wp-json\/wp\/v2\/comments?post=238981"}],"version-history":[{"count":2,"href":"https:\/\/www.fiscalia.gov.co\/colombia\/wp-json\/wp\/v2\/posts\/238981\/revisions"}],"predecessor-version":[{"id":238990,"href":"https:\/\/www.fiscalia.gov.co\/colombia\/wp-json\/wp\/v2\/posts\/238981\/revisions\/238990"}],"wp:featuredmedia":[{"embeddable":true,"href":"https:\/\/www.fiscalia.gov.co\/colombia\/wp-json\/wp\/v2\/media\/239469"}],"wp:attachment":[{"href":"https:\/\/www.fiscalia.gov.co\/colombia\/wp-json\/wp\/v2\/media?parent=238981"}],"wp:term":[{"taxonomy":"category","embeddable":true,"href":"https:\/\/www.fiscalia.gov.co\/colombia\/wp-json\/wp\/v2\/categories?post=238981"},{"taxonomy":"post_tag","embeddable":true,"href":"https:\/\/www.fiscalia.gov.co\/colombia\/wp-json\/wp\/v2\/tags?post=238981"}],"curies":[{"name":"wp","href":"https:\/\/api.w.org\/{rel}","templated":true}]}}