{"id":238839,"date":"2022-01-24T15:49:06","date_gmt":"2022-01-24T20:49:06","guid":{"rendered":"https:\/\/www.fiscalia.gov.co\/colombia\/?p=238839"},"modified":"2022-01-24T15:49:06","modified_gmt":"2022-01-24T20:49:06","slug":"privadas-de-las-libertad-cuatro-personas-que-al-parecer-transportaban-10-kilos-de-base-de-coca","status":"publish","type":"post","link":"https:\/\/www.fiscalia.gov.co\/colombia\/noticias\/privadas-de-las-libertad-cuatro-personas-que-al-parecer-transportaban-10-kilos-de-base-de-coca\/","title":{"rendered":"Privadas de las libertad cuatro personas que al parecer transportaban 10 kilos de base de coca"},"content":{"rendered":"<p>Rodrigo Calvache, Lizardo Ferney Rodr\u00edguez, Duver Erney Navia y Karen Vanesa Meneses se movilizaban en un veh\u00edculo particular por la v\u00eda que comunica a Santa Ana (Mocoa) con Villagarzon (Putumayo), cuando fueron sorprendidos en un puesto de control de la Polic\u00eda de Tr\u00e1nsito transportando al parecer\u00a0<strong>casi 10 kilos de base de coca<\/strong>.<\/p>\n<figure id=\"attachment_238840\" aria-describedby=\"caption-attachment-238840\" style=\"width: 1280px\" class=\"wp-caption alignnone\"><img loading=\"lazy\" decoding=\"async\" class=\"size-full wp-image-238840\" src=\"https:\/\/www.fiscalia.gov.co\/colombia\/wp-content\/uploads\/Cuatro-capturados-transportando-estupefaciente-en-Putumayo.jpeg\" alt=\"\" width=\"1280\" height=\"717\" srcset=\"https:\/\/www.fiscalia.gov.co\/colombia\/wp-content\/uploads\/Cuatro-capturados-transportando-estupefaciente-en-Putumayo.jpeg 1280w, https:\/\/www.fiscalia.gov.co\/colombia\/wp-content\/uploads\/Cuatro-capturados-transportando-estupefaciente-en-Putumayo-300x168.jpeg 300w, https:\/\/www.fiscalia.gov.co\/colombia\/wp-content\/uploads\/Cuatro-capturados-transportando-estupefaciente-en-Putumayo-1024x574.jpeg 1024w, https:\/\/www.fiscalia.gov.co\/colombia\/wp-content\/uploads\/Cuatro-capturados-transportando-estupefaciente-en-Putumayo-768x430.jpeg 768w, https:\/\/www.fiscalia.gov.co\/colombia\/wp-content\/uploads\/Cuatro-capturados-transportando-estupefaciente-en-Putumayo-696x390.jpeg 696w, https:\/\/www.fiscalia.gov.co\/colombia\/wp-content\/uploads\/Cuatro-capturados-transportando-estupefaciente-en-Putumayo-1068x598.jpeg 1068w, https:\/\/www.fiscalia.gov.co\/colombia\/wp-content\/uploads\/Cuatro-capturados-transportando-estupefaciente-en-Putumayo-750x420.jpeg 750w\" sizes=\"auto, (max-width: 1280px) 100vw, 1280px\" \/><figcaption id=\"caption-attachment-238840\" class=\"wp-caption-text\">Rodrigo Calvache, Lizardo Ferney Rodr\u00edguez, Duver Erney Navia y Karen Vanesa Meneses no aceptaron su reponsabilidad por el delito de tr\u00e1fico, fabricaci\u00f3n o porte de estupefacientes.<\/figcaption><\/figure>\n<p>La sustancia se encontraba\u00a0<strong>debajo de la silla del conductor<\/strong>, dentro del gotero del\u00a0<strong>aire acondicionado<\/strong>.\u00a0\u00a0Adem\u00e1s, en el\u00a0<strong>tanque de gasolina<\/strong>\u00a0presuntamente llevaban\u00a0<strong>seis botellas selladas<\/strong>\u00a0que tambi\u00e9n conten\u00edan este estupefaciente.<\/p>\n<p>En el registro se hallaron igualmente\u00a0<strong>dos pistolas traum\u00e1ticas<\/strong>, una dentro de la guantera del veh\u00edculo y otra en un bolso.\u00a0.<\/p>\n<p>Los presuntos implicados\u00a0<strong>no aceptaron su responsabilidad<\/strong>\u00a0en el delito de tr\u00e1fico, fabricaci\u00f3n o porte de estupefacientes por el que fueron imputados tras su captura en flagrancia. Sin embafrgo, un juez de control de garat\u00edas acept\u00f3 la petici\u00f3n de la Fiscal\u00eda de asegurarlos en centro carcelario.<\/p>\n<p>La Fiscal\u00eda publica esta informaci\u00f3n por razones de inter\u00e9s general.<\/p>\n<p>LMGM\/CFG\/ GRM<\/p>\n<p><em style=\"font-weight: inherit;\">La informaci\u00f3n contenida en este bolet\u00edn de prensa corresponde a la narraci\u00f3n de los hechos noticiosos objetivos, suministrados por los funcionarios encargados de adelantar las investigaciones penales al interior de la Fiscal\u00eda General de la Naci\u00f3n. Para el momento de la divulgaci\u00f3n de este comunicado, la situaci\u00f3n jur\u00eddica de la(s) persona(s) relacionada(s) se encuentra pendiente de resolver por la autoridad judicial competente, siempre bajo los preceptos de la presunci\u00f3n de inocencia, consagrados en el art\u00edculo 29 de la Constituci\u00f3n Pol\u00edtica y el art\u00edculo 7\u00ba de la Ley 906 de 2004.\u00a0 \u00a0 \u00a0 \u00a0 \u00a0\u00a0<\/em><\/p>\n<p><strong>Tambi\u00e9n le puede interesar:\u00a0<\/strong>\u00a0\u00a0<a href=\"https:\/\/www.fiscalia.gov.co\/colombia\/noticias\/asegurado-presunto-integrante-de-la-organizacion-la-frontera-se-dedicaria-al-trafico-de-estupefacientes-en-cordoba\/\" data-saferedirecturl=\"https:\/\/www.google.com\/url?q=https:\/\/www.fiscalia.gov.co\/colombia\/noticias\/asegurado-presunto-integrante-de-la-organizacion-la-frontera-se-dedicaria-al-trafico-de-estupefacientes-en-cordoba\/&amp;source=gmail&amp;ust=1643143315792000&amp;usg=AOvVaw13AaYgFYfa79bAPn5JUPbV\">Asegurado presunto integrante de la organizaci\u00f3n La Frontera, se dedicar\u00eda al tr\u00e1fico de estupefacientes\u00a0en C\u00f3rdoba<\/a><\/p>\n<h3><\/h3>\n<p>&nbsp;<\/p>\n\n<div class=\"twitter-share\"><a href=\"https:\/\/twitter.com\/intent\/tweet?via=fiscaliacol\" class=\"twitter-share-button\">Tweet<\/a><\/div>\n","protected":false},"excerpt":{"rendered":"<p>Rodrigo Calvache, Lizardo Ferney Rodr\u00edguez, Duver Erney Navia y Karen Vanesa Meneses se movilizaban en un veh\u00edculo particular por la v\u00eda que comunica a Santa Ana (Mocoa) con Villagarzon (Putumayo), cuando fueron sorprendidos en un puesto de control de la Polic\u00eda de Tr\u00e1nsito transportando al parecer\u00a0casi 10 kilos de base de coca. La sustancia se [&hellip;]<\/p>\n","protected":false},"author":176,"featured_media":0,"comment_status":"closed","ping_status":"open","sticky":false,"template":"","format":"standard","meta":{"tdm_status":"","tdm_grid_status":"","footnotes":""},"categories":[1,2910,303,24103],"tags":[3391,25525,25643,23889,2279,30152],"class_list":{"0":"post-238839","1":"post","2":"type-post","3":"status-publish","4":"format-standard","6":"category-noticias","7":"category-seccional-mocoa","8":"category-seccionales","9":"category-trafico-de-estupefacientes","10":"tag-base-de-coca","11":"tag-botellas","12":"tag-corredores-de-microtrafico","13":"tag-mocoa","14":"tag-putumayo","15":"tag-transporte-estupefaciente"},"yoast_head":"<!-- This site is optimized with the Yoast SEO plugin v24.3 - https:\/\/yoast.com\/wordpress\/plugins\/seo\/ -->\n<title>Fiscal\u00eda General de la Naci\u00f3n<\/title>\n<meta name=\"description\" content=\"P\u00e1gina oficial de la Fiscal\u00eda General de la Naci\u00f3n \u2013 Colombia. Garantizamos el acceso efectivo a la justicia, la verdad y la reparaci\u00f3n de las v\u00edctimas de los delitos.\" \/>\n<meta name=\"robots\" content=\"noindex, follow\" \/>\n<meta property=\"og:locale\" content=\"es_ES\" \/>\n<meta property=\"og:type\" content=\"article\" \/>\n<meta property=\"og:title\" content=\"Fiscal\u00eda General de la Naci\u00f3n\" \/>\n<meta property=\"og:description\" content=\"P\u00e1gina oficial de la Fiscal\u00eda General de la Naci\u00f3n \u2013 Colombia. Garantizamos el acceso efectivo a la justicia, la verdad y la reparaci\u00f3n de las v\u00edctimas de los delitos.\" \/>\n<meta property=\"og:url\" content=\"https:\/\/www.fiscalia.gov.co\/colombia\/noticias\/privadas-de-las-libertad-cuatro-personas-que-al-parecer-transportaban-10-kilos-de-base-de-coca\/\" \/>\n<meta property=\"og:site_name\" content=\"Fiscal\u00eda General de la Naci\u00f3n\" \/>\n<meta property=\"article:publisher\" content=\"https:\/\/www.facebook.com\/FiscaliaCol\" \/>\n<meta property=\"article:published_time\" content=\"2022-01-24T20:49:06+00:00\" \/>\n<meta property=\"og:image\" content=\"https:\/\/www.fiscalia.gov.co\/colombia\/wp-content\/uploads\/Cuatro-capturados-transportando-estupefaciente-en-Putumayo.jpeg\" \/>\n<meta name=\"author\" content=\"Johanna Black Prieto Pe\u00f1a\" \/>\n<meta name=\"twitter:card\" content=\"summary_large_image\" \/>\n<meta name=\"twitter:creator\" content=\"@FiscaliaCol\" \/>\n<meta name=\"twitter:site\" content=\"@FiscaliaCol\" \/>\n<meta name=\"twitter:label1\" content=\"Escrito por\" \/>\n\t<meta name=\"twitter:data1\" content=\"Johanna Black Prieto Pe\u00f1a\" \/>\n\t<meta name=\"twitter:label2\" content=\"Tiempo de lectura\" \/>\n\t<meta name=\"twitter:data2\" content=\"2 minutos\" \/>\n<script type=\"application\/ld+json\" class=\"yoast-schema-graph\">{\"@context\":\"https:\/\/schema.org\",\"@graph\":[{\"@type\":\"Article\",\"@id\":\"https:\/\/www.fiscalia.gov.co\/colombia\/noticias\/privadas-de-las-libertad-cuatro-personas-que-al-parecer-transportaban-10-kilos-de-base-de-coca\/#article\",\"isPartOf\":{\"@id\":\"https:\/\/www.fiscalia.gov.co\/colombia\/noticias\/privadas-de-las-libertad-cuatro-personas-que-al-parecer-transportaban-10-kilos-de-base-de-coca\/\"},\"author\":{\"name\":\"Johanna Black Prieto Pe\u00f1a\",\"@id\":\"https:\/\/www.fiscalia.gov.co\/colombia\/#\/schema\/person\/b19b49f26569f91393176a2b3d13a0e5\"},\"headline\":\"Privadas de las libertad cuatro personas que al parecer transportaban 10 kilos de base de coca\",\"datePublished\":\"2022-01-24T20:49:06+00:00\",\"dateModified\":\"2022-01-24T20:49:06+00:00\",\"mainEntityOfPage\":{\"@id\":\"https:\/\/www.fiscalia.gov.co\/colombia\/noticias\/privadas-de-las-libertad-cuatro-personas-que-al-parecer-transportaban-10-kilos-de-base-de-coca\/\"},\"wordCount\":361,\"publisher\":{\"@id\":\"https:\/\/www.fiscalia.gov.co\/colombia\/#organization\"},\"image\":{\"@id\":\"https:\/\/www.fiscalia.gov.co\/colombia\/noticias\/privadas-de-las-libertad-cuatro-personas-que-al-parecer-transportaban-10-kilos-de-base-de-coca\/#primaryimage\"},\"thumbnailUrl\":\"https:\/\/www.fiscalia.gov.co\/colombia\/wp-content\/uploads\/Cuatro-capturados-transportando-estupefaciente-en-Putumayo.jpeg\",\"keywords\":[\"Base de coca\",\"botellas\",\"corredores de microtr\u00e1fico\",\"Mocoa\",\"Putumayo\",\"transporte estupefaciente\"],\"articleSection\":[\"Noticias\",\"Seccional Mocoa\",\"Seccionales\",\"Tr\u00e1fico de estupefacientes\"],\"inLanguage\":\"es-CO\"},{\"@type\":\"WebPage\",\"@id\":\"https:\/\/www.fiscalia.gov.co\/colombia\/noticias\/privadas-de-las-libertad-cuatro-personas-que-al-parecer-transportaban-10-kilos-de-base-de-coca\/\",\"url\":\"https:\/\/www.fiscalia.gov.co\/colombia\/noticias\/privadas-de-las-libertad-cuatro-personas-que-al-parecer-transportaban-10-kilos-de-base-de-coca\/\",\"name\":\"Fiscal\u00eda General de la Naci\u00f3n\",\"isPartOf\":{\"@id\":\"https:\/\/www.fiscalia.gov.co\/colombia\/#website\"},\"primaryImageOfPage\":{\"@id\":\"https:\/\/www.fiscalia.gov.co\/colombia\/noticias\/privadas-de-las-libertad-cuatro-personas-que-al-parecer-transportaban-10-kilos-de-base-de-coca\/#primaryimage\"},\"image\":{\"@id\":\"https:\/\/www.fiscalia.gov.co\/colombia\/noticias\/privadas-de-las-libertad-cuatro-personas-que-al-parecer-transportaban-10-kilos-de-base-de-coca\/#primaryimage\"},\"thumbnailUrl\":\"https:\/\/www.fiscalia.gov.co\/colombia\/wp-content\/uploads\/Cuatro-capturados-transportando-estupefaciente-en-Putumayo.jpeg\",\"datePublished\":\"2022-01-24T20:49:06+00:00\",\"dateModified\":\"2022-01-24T20:49:06+00:00\",\"description\":\"P\u00e1gina oficial de la Fiscal\u00eda General de la Naci\u00f3n \u2013 Colombia. Garantizamos el acceso efectivo a la justicia, la verdad y la reparaci\u00f3n de las v\u00edctimas de los delitos.\",\"breadcrumb\":{\"@id\":\"https:\/\/www.fiscalia.gov.co\/colombia\/noticias\/privadas-de-las-libertad-cuatro-personas-que-al-parecer-transportaban-10-kilos-de-base-de-coca\/#breadcrumb\"},\"inLanguage\":\"es-CO\",\"potentialAction\":[{\"@type\":\"ReadAction\",\"target\":[\"https:\/\/www.fiscalia.gov.co\/colombia\/noticias\/privadas-de-las-libertad-cuatro-personas-que-al-parecer-transportaban-10-kilos-de-base-de-coca\/\"]}]},{\"@type\":\"ImageObject\",\"inLanguage\":\"es-CO\",\"@id\":\"https:\/\/www.fiscalia.gov.co\/colombia\/noticias\/privadas-de-las-libertad-cuatro-personas-que-al-parecer-transportaban-10-kilos-de-base-de-coca\/#primaryimage\",\"url\":\"https:\/\/www.fiscalia.gov.co\/colombia\/wp-content\/uploads\/Cuatro-capturados-transportando-estupefaciente-en-Putumayo.jpeg\",\"contentUrl\":\"https:\/\/www.fiscalia.gov.co\/colombia\/wp-content\/uploads\/Cuatro-capturados-transportando-estupefaciente-en-Putumayo.jpeg\",\"width\":1280,\"height\":717,\"caption\":\"Rodrigo Calvache, Lizardo Ferney Rodr\u00edguez, Duver Erney Navia y Karen Vanesa Meneses no aceptaron su reponsabilidad por el delito de tr\u00e1fico, fabricaci\u00f3n o porte de estupefacientes.\"},{\"@type\":\"BreadcrumbList\",\"@id\":\"https:\/\/www.fiscalia.gov.co\/colombia\/noticias\/privadas-de-las-libertad-cuatro-personas-que-al-parecer-transportaban-10-kilos-de-base-de-coca\/#breadcrumb\",\"itemListElement\":[{\"@type\":\"ListItem\",\"position\":1,\"name\":\"Home\",\"item\":\"https:\/\/www.fiscalia.gov.co\/colombia\/\"},{\"@type\":\"ListItem\",\"position\":2,\"name\":\"Privadas de las libertad cuatro personas que al parecer transportaban 10 kilos de base de coca\"}]},{\"@type\":\"WebSite\",\"@id\":\"https:\/\/www.fiscalia.gov.co\/colombia\/#website\",\"url\":\"https:\/\/www.fiscalia.gov.co\/colombia\/\",\"name\":\"Fiscal\u00eda General de la Naci\u00f3n\",\"description\":\"P\u00e1gina oficial de la Fiscal\u00eda General de la Naci\u00f3n \u2013 Colombia. Garantizamos el acceso efectivo a la justicia, la verdad y la reparaci\u00f3n de las v\u00edctimas de los delitos.\",\"publisher\":{\"@id\":\"https:\/\/www.fiscalia.gov.co\/colombia\/#organization\"},\"potentialAction\":[{\"@type\":\"SearchAction\",\"target\":{\"@type\":\"EntryPoint\",\"urlTemplate\":\"https:\/\/www.fiscalia.gov.co\/colombia\/?s={search_term_string}\"},\"query-input\":{\"@type\":\"PropertyValueSpecification\",\"valueRequired\":true,\"valueName\":\"search_term_string\"}}],\"inLanguage\":\"es-CO\"},{\"@type\":\"Organization\",\"@id\":\"https:\/\/www.fiscalia.gov.co\/colombia\/#organization\",\"name\":\"Fiscal\u00eda General de la Naci\u00f3n\",\"url\":\"https:\/\/www.fiscalia.gov.co\/colombia\/\",\"logo\":{\"@type\":\"ImageObject\",\"inLanguage\":\"es-CO\",\"@id\":\"https:\/\/www.fiscalia.gov.co\/colombia\/#\/schema\/logo\/image\/\",\"url\":\"https:\/\/www.fiscalia.gov.co\/colombia\/wp-content\/uploads\/LogoHorizontal_1.jpg\",\"contentUrl\":\"https:\/\/www.fiscalia.gov.co\/colombia\/wp-content\/uploads\/LogoHorizontal_1.jpg\",\"width\":300,\"height\":90,\"caption\":\"Fiscal\u00eda General de la Naci\u00f3n\"},\"image\":{\"@id\":\"https:\/\/www.fiscalia.gov.co\/colombia\/#\/schema\/logo\/image\/\"},\"sameAs\":[\"https:\/\/www.facebook.com\/FiscaliaCol\",\"https:\/\/x.com\/FiscaliaCol\",\"https:\/\/www.instagram.com\/fiscaliacol\",\"https:\/\/www.linkedin.com\/company\/fiscalia-general-de-la-naci-n\/\",\"https:\/\/youtube.com\/@fiscaliageneraldelanacion-4668?si=6nN79nyQICPU5iTh\"]},{\"@type\":\"Person\",\"@id\":\"https:\/\/www.fiscalia.gov.co\/colombia\/#\/schema\/person\/b19b49f26569f91393176a2b3d13a0e5\",\"name\":\"Johanna Black Prieto Pe\u00f1a\",\"image\":{\"@type\":\"ImageObject\",\"inLanguage\":\"es-CO\",\"@id\":\"https:\/\/www.fiscalia.gov.co\/colombia\/#\/schema\/person\/image\/\",\"url\":\"https:\/\/secure.gravatar.com\/avatar\/7f04518e1774335e76d761d76f04003e?s=96&d=mm&r=g\",\"contentUrl\":\"https:\/\/secure.gravatar.com\/avatar\/7f04518e1774335e76d761d76f04003e?s=96&d=mm&r=g\",\"caption\":\"Johanna Black Prieto Pe\u00f1a\"},\"url\":\"https:\/\/www.fiscalia.gov.co\/colombia\/author\/jprieto\/\"}]}<\/script>\n<!-- \/ Yoast SEO plugin. -->","yoast_head_json":{"title":"Fiscal\u00eda General de la Naci\u00f3n","description":"P\u00e1gina oficial de la Fiscal\u00eda General de la Naci\u00f3n \u2013 Colombia. Garantizamos el acceso efectivo a la justicia, la verdad y la reparaci\u00f3n de las v\u00edctimas de los delitos.","robots":{"index":"noindex","follow":"follow"},"og_locale":"es_ES","og_type":"article","og_title":"Fiscal\u00eda General de la Naci\u00f3n","og_description":"P\u00e1gina oficial de la Fiscal\u00eda General de la Naci\u00f3n \u2013 Colombia. Garantizamos el acceso efectivo a la justicia, la verdad y la reparaci\u00f3n de las v\u00edctimas de los delitos.","og_url":"https:\/\/www.fiscalia.gov.co\/colombia\/noticias\/privadas-de-las-libertad-cuatro-personas-que-al-parecer-transportaban-10-kilos-de-base-de-coca\/","og_site_name":"Fiscal\u00eda General de la Naci\u00f3n","article_publisher":"https:\/\/www.facebook.com\/FiscaliaCol","article_published_time":"2022-01-24T20:49:06+00:00","og_image":[{"url":"https:\/\/www.fiscalia.gov.co\/colombia\/wp-content\/uploads\/Cuatro-capturados-transportando-estupefaciente-en-Putumayo.jpeg","type":"","width":"","height":""}],"author":"Johanna Black Prieto Pe\u00f1a","twitter_card":"summary_large_image","twitter_creator":"@FiscaliaCol","twitter_site":"@FiscaliaCol","twitter_misc":{"Escrito por":"Johanna Black Prieto Pe\u00f1a","Tiempo de lectura":"2 minutos"},"schema":{"@context":"https:\/\/schema.org","@graph":[{"@type":"Article","@id":"https:\/\/www.fiscalia.gov.co\/colombia\/noticias\/privadas-de-las-libertad-cuatro-personas-que-al-parecer-transportaban-10-kilos-de-base-de-coca\/#article","isPartOf":{"@id":"https:\/\/www.fiscalia.gov.co\/colombia\/noticias\/privadas-de-las-libertad-cuatro-personas-que-al-parecer-transportaban-10-kilos-de-base-de-coca\/"},"author":{"name":"Johanna Black Prieto Pe\u00f1a","@id":"https:\/\/www.fiscalia.gov.co\/colombia\/#\/schema\/person\/b19b49f26569f91393176a2b3d13a0e5"},"headline":"Privadas de las libertad cuatro personas que al parecer transportaban 10 kilos de base de coca","datePublished":"2022-01-24T20:49:06+00:00","dateModified":"2022-01-24T20:49:06+00:00","mainEntityOfPage":{"@id":"https:\/\/www.fiscalia.gov.co\/colombia\/noticias\/privadas-de-las-libertad-cuatro-personas-que-al-parecer-transportaban-10-kilos-de-base-de-coca\/"},"wordCount":361,"publisher":{"@id":"https:\/\/www.fiscalia.gov.co\/colombia\/#organization"},"image":{"@id":"https:\/\/www.fiscalia.gov.co\/colombia\/noticias\/privadas-de-las-libertad-cuatro-personas-que-al-parecer-transportaban-10-kilos-de-base-de-coca\/#primaryimage"},"thumbnailUrl":"https:\/\/www.fiscalia.gov.co\/colombia\/wp-content\/uploads\/Cuatro-capturados-transportando-estupefaciente-en-Putumayo.jpeg","keywords":["Base de coca","botellas","corredores de microtr\u00e1fico","Mocoa","Putumayo","transporte estupefaciente"],"articleSection":["Noticias","Seccional Mocoa","Seccionales","Tr\u00e1fico de estupefacientes"],"inLanguage":"es-CO"},{"@type":"WebPage","@id":"https:\/\/www.fiscalia.gov.co\/colombia\/noticias\/privadas-de-las-libertad-cuatro-personas-que-al-parecer-transportaban-10-kilos-de-base-de-coca\/","url":"https:\/\/www.fiscalia.gov.co\/colombia\/noticias\/privadas-de-las-libertad-cuatro-personas-que-al-parecer-transportaban-10-kilos-de-base-de-coca\/","name":"Fiscal\u00eda General de la Naci\u00f3n","isPartOf":{"@id":"https:\/\/www.fiscalia.gov.co\/colombia\/#website"},"primaryImageOfPage":{"@id":"https:\/\/www.fiscalia.gov.co\/colombia\/noticias\/privadas-de-las-libertad-cuatro-personas-que-al-parecer-transportaban-10-kilos-de-base-de-coca\/#primaryimage"},"image":{"@id":"https:\/\/www.fiscalia.gov.co\/colombia\/noticias\/privadas-de-las-libertad-cuatro-personas-que-al-parecer-transportaban-10-kilos-de-base-de-coca\/#primaryimage"},"thumbnailUrl":"https:\/\/www.fiscalia.gov.co\/colombia\/wp-content\/uploads\/Cuatro-capturados-transportando-estupefaciente-en-Putumayo.jpeg","datePublished":"2022-01-24T20:49:06+00:00","dateModified":"2022-01-24T20:49:06+00:00","description":"P\u00e1gina oficial de la Fiscal\u00eda General de la Naci\u00f3n \u2013 Colombia. Garantizamos el acceso efectivo a la justicia, la verdad y la reparaci\u00f3n de las v\u00edctimas de los delitos.","breadcrumb":{"@id":"https:\/\/www.fiscalia.gov.co\/colombia\/noticias\/privadas-de-las-libertad-cuatro-personas-que-al-parecer-transportaban-10-kilos-de-base-de-coca\/#breadcrumb"},"inLanguage":"es-CO","potentialAction":[{"@type":"ReadAction","target":["https:\/\/www.fiscalia.gov.co\/colombia\/noticias\/privadas-de-las-libertad-cuatro-personas-que-al-parecer-transportaban-10-kilos-de-base-de-coca\/"]}]},{"@type":"ImageObject","inLanguage":"es-CO","@id":"https:\/\/www.fiscalia.gov.co\/colombia\/noticias\/privadas-de-las-libertad-cuatro-personas-que-al-parecer-transportaban-10-kilos-de-base-de-coca\/#primaryimage","url":"https:\/\/www.fiscalia.gov.co\/colombia\/wp-content\/uploads\/Cuatro-capturados-transportando-estupefaciente-en-Putumayo.jpeg","contentUrl":"https:\/\/www.fiscalia.gov.co\/colombia\/wp-content\/uploads\/Cuatro-capturados-transportando-estupefaciente-en-Putumayo.jpeg","width":1280,"height":717,"caption":"Rodrigo Calvache, Lizardo Ferney Rodr\u00edguez, Duver Erney Navia y Karen Vanesa Meneses no aceptaron su reponsabilidad por el delito de tr\u00e1fico, fabricaci\u00f3n o porte de estupefacientes."},{"@type":"BreadcrumbList","@id":"https:\/\/www.fiscalia.gov.co\/colombia\/noticias\/privadas-de-las-libertad-cuatro-personas-que-al-parecer-transportaban-10-kilos-de-base-de-coca\/#breadcrumb","itemListElement":[{"@type":"ListItem","position":1,"name":"Home","item":"https:\/\/www.fiscalia.gov.co\/colombia\/"},{"@type":"ListItem","position":2,"name":"Privadas de las libertad cuatro personas que al parecer transportaban 10 kilos de base de coca"}]},{"@type":"WebSite","@id":"https:\/\/www.fiscalia.gov.co\/colombia\/#website","url":"https:\/\/www.fiscalia.gov.co\/colombia\/","name":"Fiscal\u00eda General de la Naci\u00f3n","description":"P\u00e1gina oficial de la Fiscal\u00eda General de la Naci\u00f3n \u2013 Colombia. Garantizamos el acceso efectivo a la justicia, la verdad y la reparaci\u00f3n de las v\u00edctimas de los delitos.","publisher":{"@id":"https:\/\/www.fiscalia.gov.co\/colombia\/#organization"},"potentialAction":[{"@type":"SearchAction","target":{"@type":"EntryPoint","urlTemplate":"https:\/\/www.fiscalia.gov.co\/colombia\/?s={search_term_string}"},"query-input":{"@type":"PropertyValueSpecification","valueRequired":true,"valueName":"search_term_string"}}],"inLanguage":"es-CO"},{"@type":"Organization","@id":"https:\/\/www.fiscalia.gov.co\/colombia\/#organization","name":"Fiscal\u00eda General de la Naci\u00f3n","url":"https:\/\/www.fiscalia.gov.co\/colombia\/","logo":{"@type":"ImageObject","inLanguage":"es-CO","@id":"https:\/\/www.fiscalia.gov.co\/colombia\/#\/schema\/logo\/image\/","url":"https:\/\/www.fiscalia.gov.co\/colombia\/wp-content\/uploads\/LogoHorizontal_1.jpg","contentUrl":"https:\/\/www.fiscalia.gov.co\/colombia\/wp-content\/uploads\/LogoHorizontal_1.jpg","width":300,"height":90,"caption":"Fiscal\u00eda General de la Naci\u00f3n"},"image":{"@id":"https:\/\/www.fiscalia.gov.co\/colombia\/#\/schema\/logo\/image\/"},"sameAs":["https:\/\/www.facebook.com\/FiscaliaCol","https:\/\/x.com\/FiscaliaCol","https:\/\/www.instagram.com\/fiscaliacol","https:\/\/www.linkedin.com\/company\/fiscalia-general-de-la-naci-n\/","https:\/\/youtube.com\/@fiscaliageneraldelanacion-4668?si=6nN79nyQICPU5iTh"]},{"@type":"Person","@id":"https:\/\/www.fiscalia.gov.co\/colombia\/#\/schema\/person\/b19b49f26569f91393176a2b3d13a0e5","name":"Johanna Black Prieto Pe\u00f1a","image":{"@type":"ImageObject","inLanguage":"es-CO","@id":"https:\/\/www.fiscalia.gov.co\/colombia\/#\/schema\/person\/image\/","url":"https:\/\/secure.gravatar.com\/avatar\/7f04518e1774335e76d761d76f04003e?s=96&d=mm&r=g","contentUrl":"https:\/\/secure.gravatar.com\/avatar\/7f04518e1774335e76d761d76f04003e?s=96&d=mm&r=g","caption":"Johanna Black Prieto Pe\u00f1a"},"url":"https:\/\/www.fiscalia.gov.co\/colombia\/author\/jprieto\/"}]}},"_links":{"self":[{"href":"https:\/\/www.fiscalia.gov.co\/colombia\/wp-json\/wp\/v2\/posts\/238839","targetHints":{"allow":["GET"]}}],"collection":[{"href":"https:\/\/www.fiscalia.gov.co\/colombia\/wp-json\/wp\/v2\/posts"}],"about":[{"href":"https:\/\/www.fiscalia.gov.co\/colombia\/wp-json\/wp\/v2\/types\/post"}],"author":[{"embeddable":true,"href":"https:\/\/www.fiscalia.gov.co\/colombia\/wp-json\/wp\/v2\/users\/176"}],"replies":[{"embeddable":true,"href":"https:\/\/www.fiscalia.gov.co\/colombia\/wp-json\/wp\/v2\/comments?post=238839"}],"version-history":[{"count":1,"href":"https:\/\/www.fiscalia.gov.co\/colombia\/wp-json\/wp\/v2\/posts\/238839\/revisions"}],"predecessor-version":[{"id":238841,"href":"https:\/\/www.fiscalia.gov.co\/colombia\/wp-json\/wp\/v2\/posts\/238839\/revisions\/238841"}],"wp:attachment":[{"href":"https:\/\/www.fiscalia.gov.co\/colombia\/wp-json\/wp\/v2\/media?parent=238839"}],"wp:term":[{"taxonomy":"category","embeddable":true,"href":"https:\/\/www.fiscalia.gov.co\/colombia\/wp-json\/wp\/v2\/categories?post=238839"},{"taxonomy":"post_tag","embeddable":true,"href":"https:\/\/www.fiscalia.gov.co\/colombia\/wp-json\/wp\/v2\/tags?post=238839"}],"curies":[{"name":"wp","href":"https:\/\/api.w.org\/{rel}","templated":true}]}}