{"id":238722,"date":"2022-01-23T08:16:03","date_gmt":"2022-01-23T13:16:03","guid":{"rendered":"https:\/\/www.fiscalia.gov.co\/colombia\/?p=238722"},"modified":"2022-01-26T22:06:53","modified_gmt":"2022-01-27T03:06:53","slug":"descubiertas-mas-de-dos-toneladas-y-media-de-cocaina-en-complejo-narcotraficante-del-eln-en-el-catatumbo","status":"publish","type":"post","link":"https:\/\/www.fiscalia.gov.co\/colombia\/noticias\/descubiertas-mas-de-dos-toneladas-y-media-de-cocaina-en-complejo-narcotraficante-del-eln-en-el-catatumbo\/","title":{"rendered":"Descubiertas m\u00e1s de dos toneladas y media de coca\u00edna en complejo narcotraficante del ELN en el Catatumbo"},"content":{"rendered":"<h4><em>Este es el tercer megalaboratorio intervenido durante las tres primeras semanas de 2022, en Norte de Santander.<\/em><\/h4>\n<p>La Fiscal\u00eda General de la Naci\u00f3n, en un esfuerzo investigativo liderado por la Direcci\u00f3n Especializada contra el Narcotr\u00e1fico y un trabajo conjunto con el CTI, el Ej\u00e9rcito Nacional y la Fuerza A\u00e9rea Colombiana, ubic\u00f3 un gigantesco complejo narcotraficante en una zona boscosa de la vereda Corinto, en jurisdicci\u00f3n de Sardinata (Norte de Santander).<\/p>\n<p>El complejo estaba conformado por cuatro estructuras r\u00fasticas, maquinaria y otros elementos utilizados para el procesamiento de estupefacientes. Durante las inspecciones fueron encontrados 2.512 kilogramos de clorhidrato de coca\u00edna, es decir, m\u00e1s de dos toneladas y media del alcaloide que estaban distribuidas en mesones y paquetes, listas para ser prensabas y embaladas para su posterior distribuci\u00f3n.<\/p>\n<p>Adicionalmente, se hallaron 700 kilogramos de pasta base de coca, 720 kilogramos de insumos qu\u00edmicos s\u00f3lidos, 15.729 galones de precursores l\u00edquidos, una pistola calibre 9mm, con su respectivo proveedor, y cinco cartuchos.<\/p>\n<p>El laboratorio pertenecer\u00eda a la subestructura Juan Fernando Porras Mart\u00ednez del frente de guerra nororiental del ELN. Los c\u00e1lculos preliminares dan cuenta de que la coca\u00edna y los elementos hallados superar\u00edan en valor los 14.800 millones de pesos.<\/p>\n<p>El megalaboratorio fue destruido. Una fiscal de la Direcci\u00f3n Especializada contra el Narcotr\u00e1fico obtuvo de un juez de control de garant\u00edas la legalizaci\u00f3n del procedimiento y del material de prueba localizado, que ser\u00e1 de utilidad para el desarrollo de las investigaciones.<\/p>\n<p>Este es el tercer complejo ilegal de los grupos de crimen organizado detectado en las tres primeras semanas de 2022, en Norte de Santander. El primero, en Teorama (Norte de Santander), en el que se incaut\u00f3 m\u00e1s de tonelada y media de coca\u00edna al ELN. El segundo, ubicado hace ocho d\u00edas en Tib\u00fa, que pertenecer\u00eda a las disidencias del frente 33 de las FARC, y donde fueron ubicadas cerca de tres toneladas de coca\u00edna; y este tercero, en Sardinata.<\/p>\n<p>Esta informaci\u00f3n se publica por razones de inter\u00e9s general.<\/p>\n<p>LMBG\/JARG\/DECN\/MRC.<\/p>\n<p><strong>La Fiscal\u00eda habla con resultados.<\/strong><\/p>\n<p><i><span lang=\"ES\">La informaci\u00f3n contenida en este bolet\u00edn de prensa corresponde a la narraci\u00f3n de los hechos noticiosos objetivos, suministrados por los funcionarios encargados de adelantar las investigaciones penales al interior de la Fiscal\u00eda General de la Naci\u00f3n. Para el momento de la divulgaci\u00f3n de este comunicado, la situaci\u00f3n jur\u00eddica de la(s) persona(s) relacionada(s) se encuentra pendiente de resolver por la autoridad judicial competente, siempre bajo los preceptos de la presunci\u00f3n de inocencia, consagrados en el art\u00edculo 29 de la Constituci\u00f3n Pol\u00edtica y el art\u00edculo 7\u00ba de la Ley 906 de 2004.<\/span><\/i><span lang=\"ES\">\u00a0<\/span><\/p>\n\n<div class=\"twitter-share\"><a href=\"https:\/\/twitter.com\/intent\/tweet?via=fiscaliacol\" class=\"twitter-share-button\">Tweet<\/a><\/div>\n","protected":false},"excerpt":{"rendered":"<p>Este es el tercer megalaboratorio intervenido durante las tres primeras semanas de 2022, en Norte de Santander. La Fiscal\u00eda General de la Naci\u00f3n, en un esfuerzo investigativo liderado por la [&hellip;]<\/p>\n","protected":false},"author":176,"featured_media":239086,"comment_status":"closed","ping_status":"open","sticky":false,"template":"","format":"video","meta":{"tdm_status":"","tdm_grid_status":"","footnotes":""},"categories":[24098,1],"tags":[24185,24401,78,24526],"class_list":["post-238722","post","type-post","status-publish","format-video","has-post-thumbnail","category-crimen-organizado","category-noticias","tag-fiscal-barbosa","tag-fiscal-barbosa-delgado","tag-fiscal-general-de-la-nacion","tag-fiscal-general-francisco-barbosa-delgado","post_format-post-format-video"],"yoast_head":"<!-- This site is optimized with the Yoast SEO plugin v24.3 - https:\/\/yoast.com\/wordpress\/plugins\/seo\/ -->\n<title>Fiscal\u00eda General de la Naci\u00f3n<\/title>\n<meta name=\"description\" content=\"P\u00e1gina oficial de la Fiscal\u00eda General de la Naci\u00f3n \u2013 Colombia. Garantizamos el acceso efectivo a la justicia, la verdad y la reparaci\u00f3n de las v\u00edctimas de los delitos.\" \/>\n<meta name=\"robots\" content=\"noindex, follow\" \/>\n<meta property=\"og:locale\" content=\"es_ES\" \/>\n<meta property=\"og:type\" content=\"article\" \/>\n<meta property=\"og:title\" content=\"Fiscal\u00eda General de la Naci\u00f3n\" \/>\n<meta property=\"og:description\" content=\"P\u00e1gina oficial de la Fiscal\u00eda General de la Naci\u00f3n \u2013 Colombia. Garantizamos el acceso efectivo a la justicia, la verdad y la reparaci\u00f3n de las v\u00edctimas de los delitos.\" \/>\n<meta property=\"og:url\" content=\"https:\/\/www.fiscalia.gov.co\/colombia\/noticias\/descubiertas-mas-de-dos-toneladas-y-media-de-cocaina-en-complejo-narcotraficante-del-eln-en-el-catatumbo\/\" \/>\n<meta property=\"og:site_name\" content=\"Fiscal\u00eda General de la Naci\u00f3n\" \/>\n<meta property=\"article:publisher\" content=\"https:\/\/www.facebook.com\/FiscaliaCol\" \/>\n<meta property=\"article:published_time\" content=\"2022-01-23T13:16:03+00:00\" \/>\n<meta property=\"article:modified_time\" content=\"2022-01-27T03:06:53+00:00\" \/>\n<meta property=\"og:image\" content=\"https:\/\/www.fiscalia.gov.co\/colombia\/wp-content\/uploads\/maxresdefault-309.jpg\" \/>\n\t<meta property=\"og:image:width\" content=\"1280\" \/>\n\t<meta property=\"og:image:height\" content=\"720\" \/>\n\t<meta property=\"og:image:type\" content=\"image\/jpeg\" \/>\n<meta name=\"author\" content=\"Johanna Black Prieto Pe\u00f1a\" \/>\n<meta name=\"twitter:card\" content=\"summary_large_image\" \/>\n<meta name=\"twitter:creator\" content=\"@FiscaliaCol\" \/>\n<meta name=\"twitter:site\" content=\"@FiscaliaCol\" \/>\n<meta name=\"twitter:label1\" content=\"Escrito por\" \/>\n\t<meta name=\"twitter:data1\" content=\"Johanna Black Prieto Pe\u00f1a\" \/>\n\t<meta name=\"twitter:label2\" content=\"Tiempo de lectura\" \/>\n\t<meta name=\"twitter:data2\" content=\"2 minutos\" \/>\n<script type=\"application\/ld+json\" class=\"yoast-schema-graph\">{\"@context\":\"https:\/\/schema.org\",\"@graph\":[{\"@type\":\"Article\",\"@id\":\"https:\/\/www.fiscalia.gov.co\/colombia\/noticias\/descubiertas-mas-de-dos-toneladas-y-media-de-cocaina-en-complejo-narcotraficante-del-eln-en-el-catatumbo\/#article\",\"isPartOf\":{\"@id\":\"https:\/\/www.fiscalia.gov.co\/colombia\/noticias\/descubiertas-mas-de-dos-toneladas-y-media-de-cocaina-en-complejo-narcotraficante-del-eln-en-el-catatumbo\/\"},\"author\":{\"name\":\"Johanna Black Prieto Pe\u00f1a\",\"@id\":\"https:\/\/www.fiscalia.gov.co\/colombia\/#\/schema\/person\/b19b49f26569f91393176a2b3d13a0e5\"},\"headline\":\"Descubiertas m\u00e1s de dos toneladas y media de coca\u00edna en complejo narcotraficante del ELN en el Catatumbo\",\"datePublished\":\"2022-01-23T13:16:03+00:00\",\"dateModified\":\"2022-01-27T03:06:53+00:00\",\"mainEntityOfPage\":{\"@id\":\"https:\/\/www.fiscalia.gov.co\/colombia\/noticias\/descubiertas-mas-de-dos-toneladas-y-media-de-cocaina-en-complejo-narcotraficante-del-eln-en-el-catatumbo\/\"},\"wordCount\":478,\"publisher\":{\"@id\":\"https:\/\/www.fiscalia.gov.co\/colombia\/#organization\"},\"image\":{\"@id\":\"https:\/\/www.fiscalia.gov.co\/colombia\/noticias\/descubiertas-mas-de-dos-toneladas-y-media-de-cocaina-en-complejo-narcotraficante-del-eln-en-el-catatumbo\/#primaryimage\"},\"thumbnailUrl\":\"https:\/\/www.fiscalia.gov.co\/colombia\/wp-content\/uploads\/maxresdefault-309.jpg\",\"keywords\":[\"Fiscal Barbosa\",\"Fiscal Barbosa Delgado\",\"Fiscal General de la Naci\u00f3n\",\"Fiscal General Francisco Barbosa Delgado\"],\"articleSection\":[\"Crimen organizado\",\"Noticias\"],\"inLanguage\":\"es-CO\"},{\"@type\":\"WebPage\",\"@id\":\"https:\/\/www.fiscalia.gov.co\/colombia\/noticias\/descubiertas-mas-de-dos-toneladas-y-media-de-cocaina-en-complejo-narcotraficante-del-eln-en-el-catatumbo\/\",\"url\":\"https:\/\/www.fiscalia.gov.co\/colombia\/noticias\/descubiertas-mas-de-dos-toneladas-y-media-de-cocaina-en-complejo-narcotraficante-del-eln-en-el-catatumbo\/\",\"name\":\"Fiscal\u00eda General de la Naci\u00f3n\",\"isPartOf\":{\"@id\":\"https:\/\/www.fiscalia.gov.co\/colombia\/#website\"},\"primaryImageOfPage\":{\"@id\":\"https:\/\/www.fiscalia.gov.co\/colombia\/noticias\/descubiertas-mas-de-dos-toneladas-y-media-de-cocaina-en-complejo-narcotraficante-del-eln-en-el-catatumbo\/#primaryimage\"},\"image\":{\"@id\":\"https:\/\/www.fiscalia.gov.co\/colombia\/noticias\/descubiertas-mas-de-dos-toneladas-y-media-de-cocaina-en-complejo-narcotraficante-del-eln-en-el-catatumbo\/#primaryimage\"},\"thumbnailUrl\":\"https:\/\/www.fiscalia.gov.co\/colombia\/wp-content\/uploads\/maxresdefault-309.jpg\",\"datePublished\":\"2022-01-23T13:16:03+00:00\",\"dateModified\":\"2022-01-27T03:06:53+00:00\",\"description\":\"P\u00e1gina oficial de la Fiscal\u00eda General de la Naci\u00f3n \u2013 Colombia. Garantizamos el acceso efectivo a la justicia, la verdad y la reparaci\u00f3n de las v\u00edctimas de los delitos.\",\"breadcrumb\":{\"@id\":\"https:\/\/www.fiscalia.gov.co\/colombia\/noticias\/descubiertas-mas-de-dos-toneladas-y-media-de-cocaina-en-complejo-narcotraficante-del-eln-en-el-catatumbo\/#breadcrumb\"},\"inLanguage\":\"es-CO\",\"potentialAction\":[{\"@type\":\"ReadAction\",\"target\":[\"https:\/\/www.fiscalia.gov.co\/colombia\/noticias\/descubiertas-mas-de-dos-toneladas-y-media-de-cocaina-en-complejo-narcotraficante-del-eln-en-el-catatumbo\/\"]}]},{\"@type\":\"ImageObject\",\"inLanguage\":\"es-CO\",\"@id\":\"https:\/\/www.fiscalia.gov.co\/colombia\/noticias\/descubiertas-mas-de-dos-toneladas-y-media-de-cocaina-en-complejo-narcotraficante-del-eln-en-el-catatumbo\/#primaryimage\",\"url\":\"https:\/\/www.fiscalia.gov.co\/colombia\/wp-content\/uploads\/maxresdefault-309.jpg\",\"contentUrl\":\"https:\/\/www.fiscalia.gov.co\/colombia\/wp-content\/uploads\/maxresdefault-309.jpg\",\"width\":1280,\"height\":720},{\"@type\":\"BreadcrumbList\",\"@id\":\"https:\/\/www.fiscalia.gov.co\/colombia\/noticias\/descubiertas-mas-de-dos-toneladas-y-media-de-cocaina-en-complejo-narcotraficante-del-eln-en-el-catatumbo\/#breadcrumb\",\"itemListElement\":[{\"@type\":\"ListItem\",\"position\":1,\"name\":\"Home\",\"item\":\"https:\/\/www.fiscalia.gov.co\/colombia\/\"},{\"@type\":\"ListItem\",\"position\":2,\"name\":\"Descubiertas m\u00e1s de dos toneladas y media de coca\u00edna en complejo narcotraficante del ELN en el Catatumbo\"}]},{\"@type\":\"WebSite\",\"@id\":\"https:\/\/www.fiscalia.gov.co\/colombia\/#website\",\"url\":\"https:\/\/www.fiscalia.gov.co\/colombia\/\",\"name\":\"Fiscal\u00eda General de la Naci\u00f3n\",\"description\":\"P\u00e1gina oficial de la Fiscal\u00eda General de la Naci\u00f3n \u2013 Colombia. Garantizamos el acceso efectivo a la justicia, la verdad y la reparaci\u00f3n de las v\u00edctimas de los delitos.\",\"publisher\":{\"@id\":\"https:\/\/www.fiscalia.gov.co\/colombia\/#organization\"},\"potentialAction\":[{\"@type\":\"SearchAction\",\"target\":{\"@type\":\"EntryPoint\",\"urlTemplate\":\"https:\/\/www.fiscalia.gov.co\/colombia\/?s={search_term_string}\"},\"query-input\":{\"@type\":\"PropertyValueSpecification\",\"valueRequired\":true,\"valueName\":\"search_term_string\"}}],\"inLanguage\":\"es-CO\"},{\"@type\":\"Organization\",\"@id\":\"https:\/\/www.fiscalia.gov.co\/colombia\/#organization\",\"name\":\"Fiscal\u00eda General de la Naci\u00f3n\",\"url\":\"https:\/\/www.fiscalia.gov.co\/colombia\/\",\"logo\":{\"@type\":\"ImageObject\",\"inLanguage\":\"es-CO\",\"@id\":\"https:\/\/www.fiscalia.gov.co\/colombia\/#\/schema\/logo\/image\/\",\"url\":\"https:\/\/www.fiscalia.gov.co\/colombia\/wp-content\/uploads\/LogoHorizontal_1.jpg\",\"contentUrl\":\"https:\/\/www.fiscalia.gov.co\/colombia\/wp-content\/uploads\/LogoHorizontal_1.jpg\",\"width\":300,\"height\":90,\"caption\":\"Fiscal\u00eda General de la Naci\u00f3n\"},\"image\":{\"@id\":\"https:\/\/www.fiscalia.gov.co\/colombia\/#\/schema\/logo\/image\/\"},\"sameAs\":[\"https:\/\/www.facebook.com\/FiscaliaCol\",\"https:\/\/x.com\/FiscaliaCol\",\"https:\/\/www.instagram.com\/fiscaliacol\",\"https:\/\/www.linkedin.com\/company\/fiscalia-general-de-la-naci-n\/\",\"https:\/\/youtube.com\/@fiscaliageneraldelanacion-4668?si=6nN79nyQICPU5iTh\"]},{\"@type\":\"Person\",\"@id\":\"https:\/\/www.fiscalia.gov.co\/colombia\/#\/schema\/person\/b19b49f26569f91393176a2b3d13a0e5\",\"name\":\"Johanna Black Prieto Pe\u00f1a\",\"image\":{\"@type\":\"ImageObject\",\"inLanguage\":\"es-CO\",\"@id\":\"https:\/\/www.fiscalia.gov.co\/colombia\/#\/schema\/person\/image\/\",\"url\":\"https:\/\/secure.gravatar.com\/avatar\/7f04518e1774335e76d761d76f04003e?s=96&d=mm&r=g\",\"contentUrl\":\"https:\/\/secure.gravatar.com\/avatar\/7f04518e1774335e76d761d76f04003e?s=96&d=mm&r=g\",\"caption\":\"Johanna Black Prieto Pe\u00f1a\"},\"url\":\"https:\/\/www.fiscalia.gov.co\/colombia\/author\/jprieto\/\"}]}<\/script>\n<!-- \/ Yoast SEO plugin. -->","yoast_head_json":{"title":"Fiscal\u00eda General de la Naci\u00f3n","description":"P\u00e1gina oficial de la Fiscal\u00eda General de la Naci\u00f3n \u2013 Colombia. Garantizamos el acceso efectivo a la justicia, la verdad y la reparaci\u00f3n de las v\u00edctimas de los delitos.","robots":{"index":"noindex","follow":"follow"},"og_locale":"es_ES","og_type":"article","og_title":"Fiscal\u00eda General de la Naci\u00f3n","og_description":"P\u00e1gina oficial de la Fiscal\u00eda General de la Naci\u00f3n \u2013 Colombia. Garantizamos el acceso efectivo a la justicia, la verdad y la reparaci\u00f3n de las v\u00edctimas de los delitos.","og_url":"https:\/\/www.fiscalia.gov.co\/colombia\/noticias\/descubiertas-mas-de-dos-toneladas-y-media-de-cocaina-en-complejo-narcotraficante-del-eln-en-el-catatumbo\/","og_site_name":"Fiscal\u00eda General de la Naci\u00f3n","article_publisher":"https:\/\/www.facebook.com\/FiscaliaCol","article_published_time":"2022-01-23T13:16:03+00:00","article_modified_time":"2022-01-27T03:06:53+00:00","og_image":[{"width":1280,"height":720,"url":"https:\/\/www.fiscalia.gov.co\/colombia\/wp-content\/uploads\/maxresdefault-309.jpg","type":"image\/jpeg"}],"author":"Johanna Black Prieto Pe\u00f1a","twitter_card":"summary_large_image","twitter_creator":"@FiscaliaCol","twitter_site":"@FiscaliaCol","twitter_misc":{"Escrito por":"Johanna Black Prieto Pe\u00f1a","Tiempo de lectura":"2 minutos"},"schema":{"@context":"https:\/\/schema.org","@graph":[{"@type":"Article","@id":"https:\/\/www.fiscalia.gov.co\/colombia\/noticias\/descubiertas-mas-de-dos-toneladas-y-media-de-cocaina-en-complejo-narcotraficante-del-eln-en-el-catatumbo\/#article","isPartOf":{"@id":"https:\/\/www.fiscalia.gov.co\/colombia\/noticias\/descubiertas-mas-de-dos-toneladas-y-media-de-cocaina-en-complejo-narcotraficante-del-eln-en-el-catatumbo\/"},"author":{"name":"Johanna Black Prieto Pe\u00f1a","@id":"https:\/\/www.fiscalia.gov.co\/colombia\/#\/schema\/person\/b19b49f26569f91393176a2b3d13a0e5"},"headline":"Descubiertas m\u00e1s de dos toneladas y media de coca\u00edna en complejo narcotraficante del ELN en el Catatumbo","datePublished":"2022-01-23T13:16:03+00:00","dateModified":"2022-01-27T03:06:53+00:00","mainEntityOfPage":{"@id":"https:\/\/www.fiscalia.gov.co\/colombia\/noticias\/descubiertas-mas-de-dos-toneladas-y-media-de-cocaina-en-complejo-narcotraficante-del-eln-en-el-catatumbo\/"},"wordCount":478,"publisher":{"@id":"https:\/\/www.fiscalia.gov.co\/colombia\/#organization"},"image":{"@id":"https:\/\/www.fiscalia.gov.co\/colombia\/noticias\/descubiertas-mas-de-dos-toneladas-y-media-de-cocaina-en-complejo-narcotraficante-del-eln-en-el-catatumbo\/#primaryimage"},"thumbnailUrl":"https:\/\/www.fiscalia.gov.co\/colombia\/wp-content\/uploads\/maxresdefault-309.jpg","keywords":["Fiscal Barbosa","Fiscal Barbosa Delgado","Fiscal General de la Naci\u00f3n","Fiscal General Francisco Barbosa Delgado"],"articleSection":["Crimen organizado","Noticias"],"inLanguage":"es-CO"},{"@type":"WebPage","@id":"https:\/\/www.fiscalia.gov.co\/colombia\/noticias\/descubiertas-mas-de-dos-toneladas-y-media-de-cocaina-en-complejo-narcotraficante-del-eln-en-el-catatumbo\/","url":"https:\/\/www.fiscalia.gov.co\/colombia\/noticias\/descubiertas-mas-de-dos-toneladas-y-media-de-cocaina-en-complejo-narcotraficante-del-eln-en-el-catatumbo\/","name":"Fiscal\u00eda General de la Naci\u00f3n","isPartOf":{"@id":"https:\/\/www.fiscalia.gov.co\/colombia\/#website"},"primaryImageOfPage":{"@id":"https:\/\/www.fiscalia.gov.co\/colombia\/noticias\/descubiertas-mas-de-dos-toneladas-y-media-de-cocaina-en-complejo-narcotraficante-del-eln-en-el-catatumbo\/#primaryimage"},"image":{"@id":"https:\/\/www.fiscalia.gov.co\/colombia\/noticias\/descubiertas-mas-de-dos-toneladas-y-media-de-cocaina-en-complejo-narcotraficante-del-eln-en-el-catatumbo\/#primaryimage"},"thumbnailUrl":"https:\/\/www.fiscalia.gov.co\/colombia\/wp-content\/uploads\/maxresdefault-309.jpg","datePublished":"2022-01-23T13:16:03+00:00","dateModified":"2022-01-27T03:06:53+00:00","description":"P\u00e1gina oficial de la Fiscal\u00eda General de la Naci\u00f3n \u2013 Colombia. Garantizamos el acceso efectivo a la justicia, la verdad y la reparaci\u00f3n de las v\u00edctimas de los delitos.","breadcrumb":{"@id":"https:\/\/www.fiscalia.gov.co\/colombia\/noticias\/descubiertas-mas-de-dos-toneladas-y-media-de-cocaina-en-complejo-narcotraficante-del-eln-en-el-catatumbo\/#breadcrumb"},"inLanguage":"es-CO","potentialAction":[{"@type":"ReadAction","target":["https:\/\/www.fiscalia.gov.co\/colombia\/noticias\/descubiertas-mas-de-dos-toneladas-y-media-de-cocaina-en-complejo-narcotraficante-del-eln-en-el-catatumbo\/"]}]},{"@type":"ImageObject","inLanguage":"es-CO","@id":"https:\/\/www.fiscalia.gov.co\/colombia\/noticias\/descubiertas-mas-de-dos-toneladas-y-media-de-cocaina-en-complejo-narcotraficante-del-eln-en-el-catatumbo\/#primaryimage","url":"https:\/\/www.fiscalia.gov.co\/colombia\/wp-content\/uploads\/maxresdefault-309.jpg","contentUrl":"https:\/\/www.fiscalia.gov.co\/colombia\/wp-content\/uploads\/maxresdefault-309.jpg","width":1280,"height":720},{"@type":"BreadcrumbList","@id":"https:\/\/www.fiscalia.gov.co\/colombia\/noticias\/descubiertas-mas-de-dos-toneladas-y-media-de-cocaina-en-complejo-narcotraficante-del-eln-en-el-catatumbo\/#breadcrumb","itemListElement":[{"@type":"ListItem","position":1,"name":"Home","item":"https:\/\/www.fiscalia.gov.co\/colombia\/"},{"@type":"ListItem","position":2,"name":"Descubiertas m\u00e1s de dos toneladas y media de coca\u00edna en complejo narcotraficante del ELN en el Catatumbo"}]},{"@type":"WebSite","@id":"https:\/\/www.fiscalia.gov.co\/colombia\/#website","url":"https:\/\/www.fiscalia.gov.co\/colombia\/","name":"Fiscal\u00eda General de la Naci\u00f3n","description":"P\u00e1gina oficial de la Fiscal\u00eda General de la Naci\u00f3n \u2013 Colombia. Garantizamos el acceso efectivo a la justicia, la verdad y la reparaci\u00f3n de las v\u00edctimas de los delitos.","publisher":{"@id":"https:\/\/www.fiscalia.gov.co\/colombia\/#organization"},"potentialAction":[{"@type":"SearchAction","target":{"@type":"EntryPoint","urlTemplate":"https:\/\/www.fiscalia.gov.co\/colombia\/?s={search_term_string}"},"query-input":{"@type":"PropertyValueSpecification","valueRequired":true,"valueName":"search_term_string"}}],"inLanguage":"es-CO"},{"@type":"Organization","@id":"https:\/\/www.fiscalia.gov.co\/colombia\/#organization","name":"Fiscal\u00eda General de la Naci\u00f3n","url":"https:\/\/www.fiscalia.gov.co\/colombia\/","logo":{"@type":"ImageObject","inLanguage":"es-CO","@id":"https:\/\/www.fiscalia.gov.co\/colombia\/#\/schema\/logo\/image\/","url":"https:\/\/www.fiscalia.gov.co\/colombia\/wp-content\/uploads\/LogoHorizontal_1.jpg","contentUrl":"https:\/\/www.fiscalia.gov.co\/colombia\/wp-content\/uploads\/LogoHorizontal_1.jpg","width":300,"height":90,"caption":"Fiscal\u00eda General de la Naci\u00f3n"},"image":{"@id":"https:\/\/www.fiscalia.gov.co\/colombia\/#\/schema\/logo\/image\/"},"sameAs":["https:\/\/www.facebook.com\/FiscaliaCol","https:\/\/x.com\/FiscaliaCol","https:\/\/www.instagram.com\/fiscaliacol","https:\/\/www.linkedin.com\/company\/fiscalia-general-de-la-naci-n\/","https:\/\/youtube.com\/@fiscaliageneraldelanacion-4668?si=6nN79nyQICPU5iTh"]},{"@type":"Person","@id":"https:\/\/www.fiscalia.gov.co\/colombia\/#\/schema\/person\/b19b49f26569f91393176a2b3d13a0e5","name":"Johanna Black Prieto Pe\u00f1a","image":{"@type":"ImageObject","inLanguage":"es-CO","@id":"https:\/\/www.fiscalia.gov.co\/colombia\/#\/schema\/person\/image\/","url":"https:\/\/secure.gravatar.com\/avatar\/7f04518e1774335e76d761d76f04003e?s=96&d=mm&r=g","contentUrl":"https:\/\/secure.gravatar.com\/avatar\/7f04518e1774335e76d761d76f04003e?s=96&d=mm&r=g","caption":"Johanna Black Prieto Pe\u00f1a"},"url":"https:\/\/www.fiscalia.gov.co\/colombia\/author\/jprieto\/"}]}},"_links":{"self":[{"href":"https:\/\/www.fiscalia.gov.co\/colombia\/wp-json\/wp\/v2\/posts\/238722","targetHints":{"allow":["GET"]}}],"collection":[{"href":"https:\/\/www.fiscalia.gov.co\/colombia\/wp-json\/wp\/v2\/posts"}],"about":[{"href":"https:\/\/www.fiscalia.gov.co\/colombia\/wp-json\/wp\/v2\/types\/post"}],"author":[{"embeddable":true,"href":"https:\/\/www.fiscalia.gov.co\/colombia\/wp-json\/wp\/v2\/users\/176"}],"replies":[{"embeddable":true,"href":"https:\/\/www.fiscalia.gov.co\/colombia\/wp-json\/wp\/v2\/comments?post=238722"}],"version-history":[{"count":2,"href":"https:\/\/www.fiscalia.gov.co\/colombia\/wp-json\/wp\/v2\/posts\/238722\/revisions"}],"predecessor-version":[{"id":238727,"href":"https:\/\/www.fiscalia.gov.co\/colombia\/wp-json\/wp\/v2\/posts\/238722\/revisions\/238727"}],"wp:featuredmedia":[{"embeddable":true,"href":"https:\/\/www.fiscalia.gov.co\/colombia\/wp-json\/wp\/v2\/media\/239086"}],"wp:attachment":[{"href":"https:\/\/www.fiscalia.gov.co\/colombia\/wp-json\/wp\/v2\/media?parent=238722"}],"wp:term":[{"taxonomy":"category","embeddable":true,"href":"https:\/\/www.fiscalia.gov.co\/colombia\/wp-json\/wp\/v2\/categories?post=238722"},{"taxonomy":"post_tag","embeddable":true,"href":"https:\/\/www.fiscalia.gov.co\/colombia\/wp-json\/wp\/v2\/tags?post=238722"}],"curies":[{"name":"wp","href":"https:\/\/api.w.org\/{rel}","templated":true}]}}