{"id":238709,"date":"2022-01-22T07:05:09","date_gmt":"2022-01-22T12:05:09","guid":{"rendered":"https:\/\/www.fiscalia.gov.co\/colombia\/?p=238709"},"modified":"2022-01-25T15:44:31","modified_gmt":"2022-01-25T20:44:31","slug":"judicializado-el-supuesto-mayor-reclutador-de-menores-de-edad-para-las-disidencias-de-las-farc-en-antioquia","status":"publish","type":"post","link":"https:\/\/www.fiscalia.gov.co\/colombia\/noticias\/judicializado-el-supuesto-mayor-reclutador-de-menores-de-edad-para-las-disidencias-de-las-farc-en-antioquia\/","title":{"rendered":"Judicializado el supuesto mayor reclutador de menores de edad para las disidencias de las Farc en Antioquia"},"content":{"rendered":"<h4><em><strong>Alias \u2018Mamar\u00f3n\u2019 es se\u00f1alado de incorporar, en medio de amenazas de muerte, a ni\u00f1os, ni\u00f1as y adolescentes para instrumentalizarlos en distintas actividades il\u00edcitas. Junto a este hombre tambi\u00e9n son procesados su hermano y uno de sus presuntos subalternos.<\/strong> <\/em><\/h4>\n<p>El trabajo investigativo realizado por la Fiscal\u00eda General de la Naci\u00f3n, a trav\u00e9s de la Direcci\u00f3n Especializada contra las Organizaciones Criminales, permiti\u00f3 judicializar a Edwin de Jes\u00fas Chavarr\u00eda Monsalve, alias Mamar\u00f3n o Alexis, supuesto jefe de la estructura 5 de las disidencias de las Farc; a su hermano, el segundo cabecilla; y a otro se\u00f1alado integrante del grupo armado.<\/p>\n<p>Alias Mamar\u00f3n ser\u00eda el responsable del reclutamiento e instrumentalizaci\u00f3n de menores de edad para realizar distintas acciones violentas, cobrar extorsiones y vender estupefacientes en el norte de Antioquia. Precisamente, al momento de la captura de este hombre, fue recuperada una adolescente a la que se le reestablecieron sus derechos.<\/p>\n<p>En dos operativos anteriores, realizados en Sabanalarga y San Jos\u00e9 de la Monta\u00f1a (Antioquia), a finales de 2021, tambi\u00e9n fueron encontradas dos menores de edad en los lugares donde, supuestamente, se ocultaba Chavarr\u00eda Monsalve. Las declaraciones entregadas por las v\u00edctimas fueron determinantes para conocer las amenazas y presiones que recibieron los j\u00f3venes para acceder a vincularse a la estructura ilegal.<\/p>\n<p>El material de prueba indica que, como m\u00e1ximo cabecilla de la estructura 5 de las disidencias de las FARC, alias Mamar\u00f3n o Alexis promovi\u00f3 actividades delictivas en San Andr\u00e9s de Cuerquia, Peque, Sabanalarga, Brice\u00f1o, Yarumal, Toledo, San Jos\u00e9 de la Monta\u00f1a, Ituango, Valdivia, Campamento, Angostura y Guadalupe (Antioquia).<\/p>\n<p>En ese sentido, la Fiscal\u00eda le imput\u00f3 los delitos de reclutamiento Il\u00edcito, instrumentalizaci\u00f3n de menores para cometer delitos, concierto para delinquir agravado; fabricaci\u00f3n, tr\u00e1fico o porte de armas de fuego agravado; y fabricaci\u00f3n, tr\u00e1fico o porte de armas de uso privativo de las Fuerzas Armadas.<\/p>\n<p>De otra parte, el hermano de \u2018Mamar\u00f3n\u2019, Juan Carlos Chavarr\u00eda Monsalve, alias David; y el otro procesado, identificado como Ferney Santiago Gaviria Olaya, fueron imputados por concierto para delinquir agravado, tr\u00e1fico de armas e instrumentalizaci\u00f3n de menores para cometer delitos. Todos recibieron medida de aseguramiento en centro carcelario.<\/p>\n<p><strong><u>Captura y vida criminal<\/u><\/strong><\/p>\n<p>Edwin de Jes\u00fas Chavarr\u00eda Monsalve, alias Mamar\u00f3n o Alexis, fue capturado gracias al trabajo articulado del CTI y tropas de la S\u00e9ptima Divisi\u00f3n del Ej\u00e9rcito Nacional, en la vereda Las Llanas, en San Andr\u00e9s de Cuerquia (Antioquia).<\/p>\n<p>En el procedimiento fue encontrada una adolescente, quien qued\u00f3 a disposici\u00f3n de las autoridades de infancia y adolescencia para el restablecimiento de sus derechos; y fueron detenidas dos personas m\u00e1s. Adicionalmente, se incautaron dos fusiles, una subametralladora, dos pistolas, m\u00e1s de 200 cartuchos de diferentes calibres y p\u00f3lvora negra, entre otros elementos.<\/p>\n<p>\u2018Mamar\u00f3n\u2019 perteneci\u00f3 a las extintas FARC. Luego del proceso de dejaci\u00f3n de armas habr\u00eda entrado nuevamente a la clandestinidad. Inicialmente, se vincul\u00f3 a \u2018Los Caparros\u2019; luego, se incorpor\u00f3 a las disidencias del frente 18 de las FARC y fue capturado a finales de 2019. Permaneci\u00f3 privado de la libertad en una sede militar y, en septiembre de 2020, se fug\u00f3.<\/p>\n<p>La evidencia da cuenta de que se ocult\u00f3 en el norte de Antioquia y, con apoyo de otros cabecillas de los grupos residuales, conform\u00f3 la denominada estructura 5. Desde entonces, se convirti\u00f3 en un objetivo de alto valor y, por informaci\u00f3n que permitiera su captura, hab\u00eda un ofrecimiento de hasta 30 millones de pesos.<\/p>\n<p>Esta informaci\u00f3n se publica por razones de inter\u00e9s general.<\/p>\n<p>JARG\/CRIO\/DECOC\/MCRC.<\/p>\n<p><strong>La Fiscal\u00eda habla con resultados<\/strong><\/p>\n<p><em>La informaci\u00f3n contenida en este bolet\u00edn de prensa corresponde a la narraci\u00f3n de los hechos noticiosos objetivos, suministrados por los funcionarios encargados de adelantar las investigaciones penales al interior de la Fiscal\u00eda General de la Naci\u00f3n. Para el momento de la divulgaci\u00f3n de este comunicado, la situaci\u00f3n jur\u00eddica de la(s) persona(s) relacionada(s) se encuentra pendiente de resolver por la autoridad judicial competente, siempre bajo los preceptos de la presunci\u00f3n de inocencia, consagrados en el art\u00edculo 29 de la Constituci\u00f3n Pol\u00edtica y el art\u00edculo 7\u00ba de la Ley 906 de 2004.<\/em><\/p>\n<p>&nbsp;<\/p>\n\n<div class=\"twitter-share\"><a href=\"https:\/\/twitter.com\/intent\/tweet?via=fiscaliacol\" class=\"twitter-share-button\">Tweet<\/a><\/div>\n","protected":false},"excerpt":{"rendered":"<p>Alias \u2018Mamar\u00f3n\u2019 es se\u00f1alado de incorporar, en medio de amenazas de muerte, a ni\u00f1os, ni\u00f1as y adolescentes para instrumentalizarlos en distintas actividades il\u00edcitas. Junto a este hombre tambi\u00e9n son procesados [&hellip;]<\/p>\n","protected":false},"author":176,"featured_media":238952,"comment_status":"closed","ping_status":"open","sticky":false,"template":"","format":"video","meta":{"tdm_status":"","tdm_grid_status":"","footnotes":""},"categories":[24098,1],"tags":[24185,24401,24189,78],"class_list":["post-238709","post","type-post","status-publish","format-video","has-post-thumbnail","category-crimen-organizado","category-noticias","tag-fiscal-barbosa","tag-fiscal-barbosa-delgado","tag-fiscal-francisco-barbosa-delgado","tag-fiscal-general-de-la-nacion","post_format-post-format-video"],"yoast_head":"<!-- This site is optimized with the Yoast SEO plugin v24.3 - https:\/\/yoast.com\/wordpress\/plugins\/seo\/ -->\n<title>Fiscal\u00eda General de la Naci\u00f3n<\/title>\n<meta name=\"description\" content=\"P\u00e1gina oficial de la Fiscal\u00eda General de la Naci\u00f3n \u2013 Colombia. Garantizamos el acceso efectivo a la justicia, la verdad y la reparaci\u00f3n de las v\u00edctimas de los delitos.\" \/>\n<meta name=\"robots\" content=\"noindex, follow\" \/>\n<meta property=\"og:locale\" content=\"es_ES\" \/>\n<meta property=\"og:type\" content=\"article\" \/>\n<meta property=\"og:title\" content=\"Fiscal\u00eda General de la Naci\u00f3n\" \/>\n<meta property=\"og:description\" content=\"P\u00e1gina oficial de la Fiscal\u00eda General de la Naci\u00f3n \u2013 Colombia. Garantizamos el acceso efectivo a la justicia, la verdad y la reparaci\u00f3n de las v\u00edctimas de los delitos.\" \/>\n<meta property=\"og:url\" content=\"https:\/\/www.fiscalia.gov.co\/colombia\/noticias\/judicializado-el-supuesto-mayor-reclutador-de-menores-de-edad-para-las-disidencias-de-las-farc-en-antioquia\/\" \/>\n<meta property=\"og:site_name\" content=\"Fiscal\u00eda General de la Naci\u00f3n\" \/>\n<meta property=\"article:publisher\" content=\"https:\/\/www.facebook.com\/FiscaliaCol\" \/>\n<meta property=\"article:published_time\" content=\"2022-01-22T12:05:09+00:00\" \/>\n<meta property=\"article:modified_time\" content=\"2022-01-25T20:44:31+00:00\" \/>\n<meta property=\"og:image\" content=\"https:\/\/www.fiscalia.gov.co\/colombia\/wp-content\/uploads\/maxresdefault-308.jpg\" \/>\n\t<meta property=\"og:image:width\" content=\"1280\" \/>\n\t<meta property=\"og:image:height\" content=\"720\" \/>\n\t<meta property=\"og:image:type\" content=\"image\/jpeg\" \/>\n<meta name=\"author\" content=\"Johanna Black Prieto Pe\u00f1a\" \/>\n<meta name=\"twitter:card\" content=\"summary_large_image\" \/>\n<meta name=\"twitter:creator\" content=\"@FiscaliaCol\" \/>\n<meta name=\"twitter:site\" content=\"@FiscaliaCol\" \/>\n<meta name=\"twitter:label1\" content=\"Escrito por\" \/>\n\t<meta name=\"twitter:data1\" content=\"Johanna Black Prieto Pe\u00f1a\" \/>\n\t<meta name=\"twitter:label2\" content=\"Tiempo de lectura\" \/>\n\t<meta name=\"twitter:data2\" content=\"4 minutos\" \/>\n<script type=\"application\/ld+json\" class=\"yoast-schema-graph\">{\"@context\":\"https:\/\/schema.org\",\"@graph\":[{\"@type\":\"Article\",\"@id\":\"https:\/\/www.fiscalia.gov.co\/colombia\/noticias\/judicializado-el-supuesto-mayor-reclutador-de-menores-de-edad-para-las-disidencias-de-las-farc-en-antioquia\/#article\",\"isPartOf\":{\"@id\":\"https:\/\/www.fiscalia.gov.co\/colombia\/noticias\/judicializado-el-supuesto-mayor-reclutador-de-menores-de-edad-para-las-disidencias-de-las-farc-en-antioquia\/\"},\"author\":{\"name\":\"Johanna Black Prieto Pe\u00f1a\",\"@id\":\"https:\/\/www.fiscalia.gov.co\/colombia\/#\/schema\/person\/b19b49f26569f91393176a2b3d13a0e5\"},\"headline\":\"Judicializado el supuesto mayor reclutador de menores de edad para las disidencias de las Farc en Antioquia\",\"datePublished\":\"2022-01-22T12:05:09+00:00\",\"dateModified\":\"2022-01-25T20:44:31+00:00\",\"mainEntityOfPage\":{\"@id\":\"https:\/\/www.fiscalia.gov.co\/colombia\/noticias\/judicializado-el-supuesto-mayor-reclutador-de-menores-de-edad-para-las-disidencias-de-las-farc-en-antioquia\/\"},\"wordCount\":740,\"publisher\":{\"@id\":\"https:\/\/www.fiscalia.gov.co\/colombia\/#organization\"},\"image\":{\"@id\":\"https:\/\/www.fiscalia.gov.co\/colombia\/noticias\/judicializado-el-supuesto-mayor-reclutador-de-menores-de-edad-para-las-disidencias-de-las-farc-en-antioquia\/#primaryimage\"},\"thumbnailUrl\":\"https:\/\/www.fiscalia.gov.co\/colombia\/wp-content\/uploads\/maxresdefault-308.jpg\",\"keywords\":[\"Fiscal Barbosa\",\"Fiscal Barbosa Delgado\",\"Fiscal Francisco Barbosa Delgado\",\"Fiscal General de la Naci\u00f3n\"],\"articleSection\":[\"Crimen organizado\",\"Noticias\"],\"inLanguage\":\"es-CO\"},{\"@type\":\"WebPage\",\"@id\":\"https:\/\/www.fiscalia.gov.co\/colombia\/noticias\/judicializado-el-supuesto-mayor-reclutador-de-menores-de-edad-para-las-disidencias-de-las-farc-en-antioquia\/\",\"url\":\"https:\/\/www.fiscalia.gov.co\/colombia\/noticias\/judicializado-el-supuesto-mayor-reclutador-de-menores-de-edad-para-las-disidencias-de-las-farc-en-antioquia\/\",\"name\":\"Fiscal\u00eda General de la Naci\u00f3n\",\"isPartOf\":{\"@id\":\"https:\/\/www.fiscalia.gov.co\/colombia\/#website\"},\"primaryImageOfPage\":{\"@id\":\"https:\/\/www.fiscalia.gov.co\/colombia\/noticias\/judicializado-el-supuesto-mayor-reclutador-de-menores-de-edad-para-las-disidencias-de-las-farc-en-antioquia\/#primaryimage\"},\"image\":{\"@id\":\"https:\/\/www.fiscalia.gov.co\/colombia\/noticias\/judicializado-el-supuesto-mayor-reclutador-de-menores-de-edad-para-las-disidencias-de-las-farc-en-antioquia\/#primaryimage\"},\"thumbnailUrl\":\"https:\/\/www.fiscalia.gov.co\/colombia\/wp-content\/uploads\/maxresdefault-308.jpg\",\"datePublished\":\"2022-01-22T12:05:09+00:00\",\"dateModified\":\"2022-01-25T20:44:31+00:00\",\"description\":\"P\u00e1gina oficial de la Fiscal\u00eda General de la Naci\u00f3n \u2013 Colombia. Garantizamos el acceso efectivo a la justicia, la verdad y la reparaci\u00f3n de las v\u00edctimas de los delitos.\",\"breadcrumb\":{\"@id\":\"https:\/\/www.fiscalia.gov.co\/colombia\/noticias\/judicializado-el-supuesto-mayor-reclutador-de-menores-de-edad-para-las-disidencias-de-las-farc-en-antioquia\/#breadcrumb\"},\"inLanguage\":\"es-CO\",\"potentialAction\":[{\"@type\":\"ReadAction\",\"target\":[\"https:\/\/www.fiscalia.gov.co\/colombia\/noticias\/judicializado-el-supuesto-mayor-reclutador-de-menores-de-edad-para-las-disidencias-de-las-farc-en-antioquia\/\"]}]},{\"@type\":\"ImageObject\",\"inLanguage\":\"es-CO\",\"@id\":\"https:\/\/www.fiscalia.gov.co\/colombia\/noticias\/judicializado-el-supuesto-mayor-reclutador-de-menores-de-edad-para-las-disidencias-de-las-farc-en-antioquia\/#primaryimage\",\"url\":\"https:\/\/www.fiscalia.gov.co\/colombia\/wp-content\/uploads\/maxresdefault-308.jpg\",\"contentUrl\":\"https:\/\/www.fiscalia.gov.co\/colombia\/wp-content\/uploads\/maxresdefault-308.jpg\",\"width\":1280,\"height\":720},{\"@type\":\"BreadcrumbList\",\"@id\":\"https:\/\/www.fiscalia.gov.co\/colombia\/noticias\/judicializado-el-supuesto-mayor-reclutador-de-menores-de-edad-para-las-disidencias-de-las-farc-en-antioquia\/#breadcrumb\",\"itemListElement\":[{\"@type\":\"ListItem\",\"position\":1,\"name\":\"Home\",\"item\":\"https:\/\/www.fiscalia.gov.co\/colombia\/\"},{\"@type\":\"ListItem\",\"position\":2,\"name\":\"Judicializado el supuesto mayor reclutador de menores de edad para las disidencias de las Farc en Antioquia\"}]},{\"@type\":\"WebSite\",\"@id\":\"https:\/\/www.fiscalia.gov.co\/colombia\/#website\",\"url\":\"https:\/\/www.fiscalia.gov.co\/colombia\/\",\"name\":\"Fiscal\u00eda General de la Naci\u00f3n\",\"description\":\"P\u00e1gina oficial de la Fiscal\u00eda General de la Naci\u00f3n \u2013 Colombia. Garantizamos el acceso efectivo a la justicia, la verdad y la reparaci\u00f3n de las v\u00edctimas de los delitos.\",\"publisher\":{\"@id\":\"https:\/\/www.fiscalia.gov.co\/colombia\/#organization\"},\"potentialAction\":[{\"@type\":\"SearchAction\",\"target\":{\"@type\":\"EntryPoint\",\"urlTemplate\":\"https:\/\/www.fiscalia.gov.co\/colombia\/?s={search_term_string}\"},\"query-input\":{\"@type\":\"PropertyValueSpecification\",\"valueRequired\":true,\"valueName\":\"search_term_string\"}}],\"inLanguage\":\"es-CO\"},{\"@type\":\"Organization\",\"@id\":\"https:\/\/www.fiscalia.gov.co\/colombia\/#organization\",\"name\":\"Fiscal\u00eda General de la Naci\u00f3n\",\"url\":\"https:\/\/www.fiscalia.gov.co\/colombia\/\",\"logo\":{\"@type\":\"ImageObject\",\"inLanguage\":\"es-CO\",\"@id\":\"https:\/\/www.fiscalia.gov.co\/colombia\/#\/schema\/logo\/image\/\",\"url\":\"https:\/\/www.fiscalia.gov.co\/colombia\/wp-content\/uploads\/LogoHorizontal_1.jpg\",\"contentUrl\":\"https:\/\/www.fiscalia.gov.co\/colombia\/wp-content\/uploads\/LogoHorizontal_1.jpg\",\"width\":300,\"height\":90,\"caption\":\"Fiscal\u00eda General de la Naci\u00f3n\"},\"image\":{\"@id\":\"https:\/\/www.fiscalia.gov.co\/colombia\/#\/schema\/logo\/image\/\"},\"sameAs\":[\"https:\/\/www.facebook.com\/FiscaliaCol\",\"https:\/\/x.com\/FiscaliaCol\",\"https:\/\/www.instagram.com\/fiscaliacol\",\"https:\/\/www.linkedin.com\/company\/fiscalia-general-de-la-naci-n\/\",\"https:\/\/youtube.com\/@fiscaliageneraldelanacion-4668?si=6nN79nyQICPU5iTh\"]},{\"@type\":\"Person\",\"@id\":\"https:\/\/www.fiscalia.gov.co\/colombia\/#\/schema\/person\/b19b49f26569f91393176a2b3d13a0e5\",\"name\":\"Johanna Black Prieto Pe\u00f1a\",\"image\":{\"@type\":\"ImageObject\",\"inLanguage\":\"es-CO\",\"@id\":\"https:\/\/www.fiscalia.gov.co\/colombia\/#\/schema\/person\/image\/\",\"url\":\"https:\/\/secure.gravatar.com\/avatar\/7f04518e1774335e76d761d76f04003e?s=96&d=mm&r=g\",\"contentUrl\":\"https:\/\/secure.gravatar.com\/avatar\/7f04518e1774335e76d761d76f04003e?s=96&d=mm&r=g\",\"caption\":\"Johanna Black Prieto Pe\u00f1a\"},\"url\":\"https:\/\/www.fiscalia.gov.co\/colombia\/author\/jprieto\/\"}]}<\/script>\n<!-- \/ Yoast SEO plugin. -->","yoast_head_json":{"title":"Fiscal\u00eda General de la Naci\u00f3n","description":"P\u00e1gina oficial de la Fiscal\u00eda General de la Naci\u00f3n \u2013 Colombia. Garantizamos el acceso efectivo a la justicia, la verdad y la reparaci\u00f3n de las v\u00edctimas de los delitos.","robots":{"index":"noindex","follow":"follow"},"og_locale":"es_ES","og_type":"article","og_title":"Fiscal\u00eda General de la Naci\u00f3n","og_description":"P\u00e1gina oficial de la Fiscal\u00eda General de la Naci\u00f3n \u2013 Colombia. Garantizamos el acceso efectivo a la justicia, la verdad y la reparaci\u00f3n de las v\u00edctimas de los delitos.","og_url":"https:\/\/www.fiscalia.gov.co\/colombia\/noticias\/judicializado-el-supuesto-mayor-reclutador-de-menores-de-edad-para-las-disidencias-de-las-farc-en-antioquia\/","og_site_name":"Fiscal\u00eda General de la Naci\u00f3n","article_publisher":"https:\/\/www.facebook.com\/FiscaliaCol","article_published_time":"2022-01-22T12:05:09+00:00","article_modified_time":"2022-01-25T20:44:31+00:00","og_image":[{"width":1280,"height":720,"url":"https:\/\/www.fiscalia.gov.co\/colombia\/wp-content\/uploads\/maxresdefault-308.jpg","type":"image\/jpeg"}],"author":"Johanna Black Prieto Pe\u00f1a","twitter_card":"summary_large_image","twitter_creator":"@FiscaliaCol","twitter_site":"@FiscaliaCol","twitter_misc":{"Escrito por":"Johanna Black Prieto Pe\u00f1a","Tiempo de lectura":"4 minutos"},"schema":{"@context":"https:\/\/schema.org","@graph":[{"@type":"Article","@id":"https:\/\/www.fiscalia.gov.co\/colombia\/noticias\/judicializado-el-supuesto-mayor-reclutador-de-menores-de-edad-para-las-disidencias-de-las-farc-en-antioquia\/#article","isPartOf":{"@id":"https:\/\/www.fiscalia.gov.co\/colombia\/noticias\/judicializado-el-supuesto-mayor-reclutador-de-menores-de-edad-para-las-disidencias-de-las-farc-en-antioquia\/"},"author":{"name":"Johanna Black Prieto Pe\u00f1a","@id":"https:\/\/www.fiscalia.gov.co\/colombia\/#\/schema\/person\/b19b49f26569f91393176a2b3d13a0e5"},"headline":"Judicializado el supuesto mayor reclutador de menores de edad para las disidencias de las Farc en Antioquia","datePublished":"2022-01-22T12:05:09+00:00","dateModified":"2022-01-25T20:44:31+00:00","mainEntityOfPage":{"@id":"https:\/\/www.fiscalia.gov.co\/colombia\/noticias\/judicializado-el-supuesto-mayor-reclutador-de-menores-de-edad-para-las-disidencias-de-las-farc-en-antioquia\/"},"wordCount":740,"publisher":{"@id":"https:\/\/www.fiscalia.gov.co\/colombia\/#organization"},"image":{"@id":"https:\/\/www.fiscalia.gov.co\/colombia\/noticias\/judicializado-el-supuesto-mayor-reclutador-de-menores-de-edad-para-las-disidencias-de-las-farc-en-antioquia\/#primaryimage"},"thumbnailUrl":"https:\/\/www.fiscalia.gov.co\/colombia\/wp-content\/uploads\/maxresdefault-308.jpg","keywords":["Fiscal Barbosa","Fiscal Barbosa Delgado","Fiscal Francisco Barbosa Delgado","Fiscal General de la Naci\u00f3n"],"articleSection":["Crimen organizado","Noticias"],"inLanguage":"es-CO"},{"@type":"WebPage","@id":"https:\/\/www.fiscalia.gov.co\/colombia\/noticias\/judicializado-el-supuesto-mayor-reclutador-de-menores-de-edad-para-las-disidencias-de-las-farc-en-antioquia\/","url":"https:\/\/www.fiscalia.gov.co\/colombia\/noticias\/judicializado-el-supuesto-mayor-reclutador-de-menores-de-edad-para-las-disidencias-de-las-farc-en-antioquia\/","name":"Fiscal\u00eda General de la Naci\u00f3n","isPartOf":{"@id":"https:\/\/www.fiscalia.gov.co\/colombia\/#website"},"primaryImageOfPage":{"@id":"https:\/\/www.fiscalia.gov.co\/colombia\/noticias\/judicializado-el-supuesto-mayor-reclutador-de-menores-de-edad-para-las-disidencias-de-las-farc-en-antioquia\/#primaryimage"},"image":{"@id":"https:\/\/www.fiscalia.gov.co\/colombia\/noticias\/judicializado-el-supuesto-mayor-reclutador-de-menores-de-edad-para-las-disidencias-de-las-farc-en-antioquia\/#primaryimage"},"thumbnailUrl":"https:\/\/www.fiscalia.gov.co\/colombia\/wp-content\/uploads\/maxresdefault-308.jpg","datePublished":"2022-01-22T12:05:09+00:00","dateModified":"2022-01-25T20:44:31+00:00","description":"P\u00e1gina oficial de la Fiscal\u00eda General de la Naci\u00f3n \u2013 Colombia. Garantizamos el acceso efectivo a la justicia, la verdad y la reparaci\u00f3n de las v\u00edctimas de los delitos.","breadcrumb":{"@id":"https:\/\/www.fiscalia.gov.co\/colombia\/noticias\/judicializado-el-supuesto-mayor-reclutador-de-menores-de-edad-para-las-disidencias-de-las-farc-en-antioquia\/#breadcrumb"},"inLanguage":"es-CO","potentialAction":[{"@type":"ReadAction","target":["https:\/\/www.fiscalia.gov.co\/colombia\/noticias\/judicializado-el-supuesto-mayor-reclutador-de-menores-de-edad-para-las-disidencias-de-las-farc-en-antioquia\/"]}]},{"@type":"ImageObject","inLanguage":"es-CO","@id":"https:\/\/www.fiscalia.gov.co\/colombia\/noticias\/judicializado-el-supuesto-mayor-reclutador-de-menores-de-edad-para-las-disidencias-de-las-farc-en-antioquia\/#primaryimage","url":"https:\/\/www.fiscalia.gov.co\/colombia\/wp-content\/uploads\/maxresdefault-308.jpg","contentUrl":"https:\/\/www.fiscalia.gov.co\/colombia\/wp-content\/uploads\/maxresdefault-308.jpg","width":1280,"height":720},{"@type":"BreadcrumbList","@id":"https:\/\/www.fiscalia.gov.co\/colombia\/noticias\/judicializado-el-supuesto-mayor-reclutador-de-menores-de-edad-para-las-disidencias-de-las-farc-en-antioquia\/#breadcrumb","itemListElement":[{"@type":"ListItem","position":1,"name":"Home","item":"https:\/\/www.fiscalia.gov.co\/colombia\/"},{"@type":"ListItem","position":2,"name":"Judicializado el supuesto mayor reclutador de menores de edad para las disidencias de las Farc en Antioquia"}]},{"@type":"WebSite","@id":"https:\/\/www.fiscalia.gov.co\/colombia\/#website","url":"https:\/\/www.fiscalia.gov.co\/colombia\/","name":"Fiscal\u00eda General de la Naci\u00f3n","description":"P\u00e1gina oficial de la Fiscal\u00eda General de la Naci\u00f3n \u2013 Colombia. Garantizamos el acceso efectivo a la justicia, la verdad y la reparaci\u00f3n de las v\u00edctimas de los delitos.","publisher":{"@id":"https:\/\/www.fiscalia.gov.co\/colombia\/#organization"},"potentialAction":[{"@type":"SearchAction","target":{"@type":"EntryPoint","urlTemplate":"https:\/\/www.fiscalia.gov.co\/colombia\/?s={search_term_string}"},"query-input":{"@type":"PropertyValueSpecification","valueRequired":true,"valueName":"search_term_string"}}],"inLanguage":"es-CO"},{"@type":"Organization","@id":"https:\/\/www.fiscalia.gov.co\/colombia\/#organization","name":"Fiscal\u00eda General de la Naci\u00f3n","url":"https:\/\/www.fiscalia.gov.co\/colombia\/","logo":{"@type":"ImageObject","inLanguage":"es-CO","@id":"https:\/\/www.fiscalia.gov.co\/colombia\/#\/schema\/logo\/image\/","url":"https:\/\/www.fiscalia.gov.co\/colombia\/wp-content\/uploads\/LogoHorizontal_1.jpg","contentUrl":"https:\/\/www.fiscalia.gov.co\/colombia\/wp-content\/uploads\/LogoHorizontal_1.jpg","width":300,"height":90,"caption":"Fiscal\u00eda General de la Naci\u00f3n"},"image":{"@id":"https:\/\/www.fiscalia.gov.co\/colombia\/#\/schema\/logo\/image\/"},"sameAs":["https:\/\/www.facebook.com\/FiscaliaCol","https:\/\/x.com\/FiscaliaCol","https:\/\/www.instagram.com\/fiscaliacol","https:\/\/www.linkedin.com\/company\/fiscalia-general-de-la-naci-n\/","https:\/\/youtube.com\/@fiscaliageneraldelanacion-4668?si=6nN79nyQICPU5iTh"]},{"@type":"Person","@id":"https:\/\/www.fiscalia.gov.co\/colombia\/#\/schema\/person\/b19b49f26569f91393176a2b3d13a0e5","name":"Johanna Black Prieto Pe\u00f1a","image":{"@type":"ImageObject","inLanguage":"es-CO","@id":"https:\/\/www.fiscalia.gov.co\/colombia\/#\/schema\/person\/image\/","url":"https:\/\/secure.gravatar.com\/avatar\/7f04518e1774335e76d761d76f04003e?s=96&d=mm&r=g","contentUrl":"https:\/\/secure.gravatar.com\/avatar\/7f04518e1774335e76d761d76f04003e?s=96&d=mm&r=g","caption":"Johanna Black Prieto Pe\u00f1a"},"url":"https:\/\/www.fiscalia.gov.co\/colombia\/author\/jprieto\/"}]}},"_links":{"self":[{"href":"https:\/\/www.fiscalia.gov.co\/colombia\/wp-json\/wp\/v2\/posts\/238709","targetHints":{"allow":["GET"]}}],"collection":[{"href":"https:\/\/www.fiscalia.gov.co\/colombia\/wp-json\/wp\/v2\/posts"}],"about":[{"href":"https:\/\/www.fiscalia.gov.co\/colombia\/wp-json\/wp\/v2\/types\/post"}],"author":[{"embeddable":true,"href":"https:\/\/www.fiscalia.gov.co\/colombia\/wp-json\/wp\/v2\/users\/176"}],"replies":[{"embeddable":true,"href":"https:\/\/www.fiscalia.gov.co\/colombia\/wp-json\/wp\/v2\/comments?post=238709"}],"version-history":[{"count":1,"href":"https:\/\/www.fiscalia.gov.co\/colombia\/wp-json\/wp\/v2\/posts\/238709\/revisions"}],"predecessor-version":[{"id":238710,"href":"https:\/\/www.fiscalia.gov.co\/colombia\/wp-json\/wp\/v2\/posts\/238709\/revisions\/238710"}],"wp:featuredmedia":[{"embeddable":true,"href":"https:\/\/www.fiscalia.gov.co\/colombia\/wp-json\/wp\/v2\/media\/238952"}],"wp:attachment":[{"href":"https:\/\/www.fiscalia.gov.co\/colombia\/wp-json\/wp\/v2\/media?parent=238709"}],"wp:term":[{"taxonomy":"category","embeddable":true,"href":"https:\/\/www.fiscalia.gov.co\/colombia\/wp-json\/wp\/v2\/categories?post=238709"},{"taxonomy":"post_tag","embeddable":true,"href":"https:\/\/www.fiscalia.gov.co\/colombia\/wp-json\/wp\/v2\/tags?post=238709"}],"curies":[{"name":"wp","href":"https:\/\/api.w.org\/{rel}","templated":true}]}}