{"id":238430,"date":"2022-01-19T12:40:33","date_gmt":"2022-01-19T17:40:33","guid":{"rendered":"https:\/\/www.fiscalia.gov.co\/colombia\/?p=238430"},"modified":"2022-01-24T15:28:02","modified_gmt":"2022-01-24T20:28:02","slug":"desarticulada-banda-los-people-dedicada-al-hurto-en-la-modalidad-de-fleteo-y-ruleteo-en-barranquilla","status":"publish","type":"post","link":"https:\/\/www.fiscalia.gov.co\/colombia\/noticias\/desarticulada-banda-los-people-dedicada-al-hurto-en-la-modalidad-de-fleteo-y-ruleteo-en-barranquilla\/","title":{"rendered":"Desarticulada banda Los\u00a0People, dedicada al hurto en la modalidad de fleteo y ruleteo en Barranquilla\u00a0"},"content":{"rendered":"<h4><strong><i>Con la judicializaci\u00f3n de sus presuntos integrantes se esclarecen por lo menos 39 eventos de hurto, de los cuales 23 fueron materializados recientemente en Barranquilla.\u00a0\u00a0<\/i><\/strong><\/h4>\n<p>El trabajo conjunto de la Seccional Atl\u00e1ntico de la Fiscal\u00eda y la Polic\u00eda Metropolitana de Barranquilla permiti\u00f3 desarticular a &#8216;<b>Los<\/b><b>\u00a0People&#8217;<\/b>, grupo delincuencial dedicado al hurto en la modalidad de fleteo y ruleteo.<\/p>\n<figure id=\"attachment_238431\" aria-describedby=\"caption-attachment-238431\" style=\"width: 1280px\" class=\"wp-caption alignnone\"><img loading=\"lazy\" decoding=\"async\" class=\"size-full wp-image-238431\" src=\"https:\/\/www.fiscalia.gov.co\/colombia\/wp-content\/uploads\/Detenci\u00f3n-intramuros-para-seis-presuntos-miembros-de-\u2018Los-People\u2019-que-estar\u00edan-implicados-en-39-hurtos-en-Atl\u00e1ntico..jpeg\" alt=\"\" width=\"1280\" height=\"720\" srcset=\"https:\/\/www.fiscalia.gov.co\/colombia\/wp-content\/uploads\/Detenci\u00f3n-intramuros-para-seis-presuntos-miembros-de-\u2018Los-People\u2019-que-estar\u00edan-implicados-en-39-hurtos-en-Atl\u00e1ntico..jpeg 1280w, https:\/\/www.fiscalia.gov.co\/colombia\/wp-content\/uploads\/Detenci\u00f3n-intramuros-para-seis-presuntos-miembros-de-\u2018Los-People\u2019-que-estar\u00edan-implicados-en-39-hurtos-en-Atl\u00e1ntico.-300x169.jpeg 300w, https:\/\/www.fiscalia.gov.co\/colombia\/wp-content\/uploads\/Detenci\u00f3n-intramuros-para-seis-presuntos-miembros-de-\u2018Los-People\u2019-que-estar\u00edan-implicados-en-39-hurtos-en-Atl\u00e1ntico.-1024x576.jpeg 1024w, https:\/\/www.fiscalia.gov.co\/colombia\/wp-content\/uploads\/Detenci\u00f3n-intramuros-para-seis-presuntos-miembros-de-\u2018Los-People\u2019-que-estar\u00edan-implicados-en-39-hurtos-en-Atl\u00e1ntico.-768x432.jpeg 768w, https:\/\/www.fiscalia.gov.co\/colombia\/wp-content\/uploads\/Detenci\u00f3n-intramuros-para-seis-presuntos-miembros-de-\u2018Los-People\u2019-que-estar\u00edan-implicados-en-39-hurtos-en-Atl\u00e1ntico.-696x392.jpeg 696w, https:\/\/www.fiscalia.gov.co\/colombia\/wp-content\/uploads\/Detenci\u00f3n-intramuros-para-seis-presuntos-miembros-de-\u2018Los-People\u2019-que-estar\u00edan-implicados-en-39-hurtos-en-Atl\u00e1ntico.-1068x601.jpeg 1068w, https:\/\/www.fiscalia.gov.co\/colombia\/wp-content\/uploads\/Detenci\u00f3n-intramuros-para-seis-presuntos-miembros-de-\u2018Los-People\u2019-que-estar\u00edan-implicados-en-39-hurtos-en-Atl\u00e1ntico.-747x420.jpeg 747w\" sizes=\"auto, (max-width: 1280px) 100vw, 1280px\" \/><figcaption id=\"caption-attachment-238431\" class=\"wp-caption-text\">Detenci\u00f3n intramuros para seis presuntos miembros de \u2018Los People\u2019 que estar\u00edan implicados en 39 hurtos en Atl\u00e1ntico.<\/figcaption><\/figure>\n<p>Este resultado se obtiene en el marco de la estrategia investigativa del\u00a0<b>Fiscal General de la Naci\u00f3n<\/b>\u00a0\u201cEn los parques y los barrios\u201d, que busca combatir los delitos que m\u00e1s afectan la seguridad ciudadana en el departamento.<\/p>\n<p>En la indagaci\u00f3n se determin\u00f3 que los investigados al parecer intimidaban\u00a0a las v\u00edctimas con arma de fuego para hurtarles, en la mayor\u00eda de casos, dinero que hab\u00edan retirado de sucursales bancarias, as\u00ed como sus pertenencias.<\/p>\n<p>Durante ocho diligencias de allanamiento en los\u00a0<b>barrios Las Nieves, Rebolo, La Uni\u00f3n y Sim\u00f3n Bol\u00edvar, de Barranquilla,<\/b>\u00a0unidades de la Polic\u00eda Nacional capturaron a las 6 personas que presuntamente integraban la banda, entre ellas alias Jacque, quien ser\u00eda la cabecilla.<\/p>\n<p>Supuestamente era la encargada tambi\u00e9n de conseguir armas, veh\u00edculos tipo taxi, motos, entre otros elementos para su accionar delictivo.<\/p>\n<p>A los procesados, en medio de los procedimientos de captura, les fueron incautados dos tel\u00e9fonos celulares.<\/p>\n<p>Los detenidos son:<\/p>\n<ul>\n<li style=\"list-style-type: none;\">\n<ul>\n<li>Jacqueline Leslie Payares Villanueva, alias Jacque<\/li>\n<li>Jhon Jairo Mart\u00ednez Mart\u00ednez, alias el Gato<\/li>\n<li>Jos\u00e9 Gregorio Morales Naranjo, alias Jos\u00e9<\/li>\n<li>Jean Carlos Cervantes Orozco, alias Jean<\/li>\n<li>Luis Aurelio Yacomelo Londo\u00f1o, alias Alejo<\/li>\n<li>Jair Alberto Santamar\u00eda Corrales, alias Jair<\/li>\n<\/ul>\n<\/li>\n<\/ul>\n<p>La\u00a0<b>Fiscal de la Estructura de Apoyo (EDA) de la Seccional Atl\u00e1ntico<\/b>\u00a0les endilg\u00f3 los delitos de\u00a0<b>concierto para delinquir y<\/b><b>\u00a0<a href=\"https:\/\/www.fiscalia.gov.co\/colombia\/noticias\/condenado-a-16-anos-de-prision-un-hombre-por-hurto-calificado-agravado-y-otros-delitos\/https:\/\/www.fiscalia.gov.co\/colombia\/noticias\/condenado-a-16-anos-de-prision-un-hombre-por-hurto-calificado-agravado-y-otros-delitos\/\" target=\"_blank\" rel=\"noopener noreferrer\" data-saferedirecturl=\"https:\/\/www.google.com\/url?q=https:\/\/www.fiscalia.gov.co\/colombia\/noticias\/condenado-a-16-anos-de-prision-un-hombre-por-hurto-calificado-agravado-y-otros-delitos\/https:\/\/www.fiscalia.gov.co\/colombia\/noticias\/condenado-a-16-anos-de-prision-un-hombre-por-hurto-calificado-agravado-y-otros-delitos\/&amp;source=gmail&amp;ust=1642698520588000&amp;usg=AOvVaw2lrYi7SQndLIjYQ5vZdec_\">hurto calificado agravado<\/a><\/b>, cargos que ninguno acept\u00f3.<\/p>\n<p>Tras avalar los argumentos y elementos materiales probatorios presentados por el ente acusador, el juez de control de garant\u00edas les dict\u00f3 medida de aseguramiento intramuros a todos los presuntos implicados.<\/p>\n<p>La Fiscal\u00eda General de la Naci\u00f3n habla con resultados.<\/p>\n<p>SKCR\/DLBM\/DMNF<\/p>\n<div><i><span lang=\"es\">La informaci\u00f3n contenida en este bolet\u00edn de prensa corresponde a la narraci\u00f3n de los hechos noticiosos objetivos, suministrados por los funcionarios encargados de adelantar las investigaciones penales al interior de la Fiscal\u00eda General de la Naci\u00f3n. Para el momento de la divulgaci\u00f3n de este comunicado, la situaci\u00f3n jur\u00eddica de la(s) persona(s) relacionada(s) se encuentra pendiente de resolver por la autoridad judicial competente, siempre bajo los preceptos de la presunci\u00f3n de inocencia, consagrados en el art\u00edculo 29 de la Constituci\u00f3n Pol\u00edtica y el art\u00edculo 7\u00ba de la Ley 906 de 2004.<\/span><\/i><span lang=\"es\">\u00a0<\/span><\/div>\n<p><b><span lang=\"ES\">Etiquetas:<\/span><\/b><span lang=\"ES\">\u00a0Fiscal\u00eda, Seccional Atl\u00e1ntico, hurtos, EDA, Estructura de Apoyo, 6 implicados, hurto a personas, ruleteo, fleteo.\u00a0<u><\/u>\u00a0<u><\/u><\/span><\/p>\n<p><span lang=\"ES\"><u><\/u>\u00a0<\/span><\/p>\n\n<div class=\"twitter-share\"><a href=\"https:\/\/twitter.com\/intent\/tweet?via=fiscaliacol\" class=\"twitter-share-button\">Tweet<\/a><\/div>\n","protected":false},"excerpt":{"rendered":"<p>Con la judicializaci\u00f3n de sus presuntos integrantes se esclarecen por lo menos 39 eventos de hurto, de los cuales 23 fueron materializados recientemente en Barranquilla.\u00a0\u00a0 El trabajo conjunto de la Seccional Atl\u00e1ntico de la Fiscal\u00eda y la Polic\u00eda Metropolitana de Barranquilla permiti\u00f3 desarticular a &#8216;Los\u00a0People&#8217;, grupo delincuencial dedicado al hurto en la modalidad de fleteo [&hellip;]<\/p>\n","protected":false},"author":176,"featured_media":238837,"comment_status":"closed","ping_status":"open","sticky":false,"template":"","format":"video","meta":{"_price":"","_stock":"","_tribe_ticket_header":"","_tribe_default_ticket_provider":"","_tribe_ticket_capacity":"0","_ticket_start_date":"","_ticket_end_date":"","_tribe_ticket_show_description":"","_tribe_ticket_show_not_going":false,"_tribe_ticket_use_global_stock":"","_tribe_ticket_global_stock_level":"","_global_stock_mode":"","_global_stock_cap":"","_tribe_rsvp_for_event":"","_tribe_ticket_going_count":"","_tribe_ticket_not_going_count":"","_tribe_tickets_list":"[]","_tribe_ticket_has_attendee_info_fields":false,"tdm_status":"","tdm_grid_status":"","footnotes":""},"categories":[1,320,303,24099],"tags":[],"class_list":{"0":"post-238430","1":"post","2":"type-post","3":"status-publish","4":"format-video","5":"has-post-thumbnail","7":"category-noticias","8":"category-seccional-barranquilla","9":"category-seccionales","10":"category-seguridad-territorial","11":"post_format-post-format-video"},"yoast_head":"<!-- This site is optimized with the Yoast SEO plugin v24.3 - https:\/\/yoast.com\/wordpress\/plugins\/seo\/ -->\n<title>Fiscal\u00eda General de la Naci\u00f3n<\/title>\n<meta name=\"description\" content=\"P\u00e1gina oficial de la Fiscal\u00eda General de la Naci\u00f3n \u2013 Colombia. Garantizamos el acceso efectivo a la justicia, la verdad y la reparaci\u00f3n de las v\u00edctimas de los delitos.\" \/>\n<meta name=\"robots\" content=\"noindex, follow\" \/>\n<meta property=\"og:locale\" content=\"es_ES\" \/>\n<meta property=\"og:type\" content=\"article\" \/>\n<meta property=\"og:title\" content=\"Fiscal\u00eda General de la Naci\u00f3n\" \/>\n<meta property=\"og:description\" content=\"P\u00e1gina oficial de la Fiscal\u00eda General de la Naci\u00f3n \u2013 Colombia. Garantizamos el acceso efectivo a la justicia, la verdad y la reparaci\u00f3n de las v\u00edctimas de los delitos.\" \/>\n<meta property=\"og:url\" content=\"https:\/\/www.fiscalia.gov.co\/colombia\/noticias\/desarticulada-banda-los-people-dedicada-al-hurto-en-la-modalidad-de-fleteo-y-ruleteo-en-barranquilla\/\" \/>\n<meta property=\"og:site_name\" content=\"Fiscal\u00eda General de la Naci\u00f3n\" \/>\n<meta property=\"article:publisher\" content=\"https:\/\/www.facebook.com\/FiscaliaCol\" \/>\n<meta property=\"article:published_time\" content=\"2022-01-19T17:40:33+00:00\" \/>\n<meta property=\"article:modified_time\" content=\"2022-01-24T20:28:02+00:00\" \/>\n<meta property=\"og:image\" content=\"https:\/\/www.fiscalia.gov.co\/colombia\/wp-content\/uploads\/maxresdefault-305.jpg\" \/>\n\t<meta property=\"og:image:width\" content=\"1280\" \/>\n\t<meta property=\"og:image:height\" content=\"720\" \/>\n\t<meta property=\"og:image:type\" content=\"image\/jpeg\" \/>\n<meta name=\"author\" content=\"Johanna Black Prieto Pe\u00f1a\" \/>\n<meta name=\"twitter:card\" content=\"summary_large_image\" \/>\n<meta name=\"twitter:creator\" content=\"@FiscaliaCol\" \/>\n<meta name=\"twitter:site\" content=\"@FiscaliaCol\" \/>\n<meta name=\"twitter:label1\" content=\"Escrito por\" \/>\n\t<meta name=\"twitter:data1\" content=\"Johanna Black Prieto Pe\u00f1a\" \/>\n\t<meta name=\"twitter:label2\" content=\"Tiempo de lectura\" \/>\n\t<meta name=\"twitter:data2\" content=\"2 minutos\" \/>\n<script type=\"application\/ld+json\" class=\"yoast-schema-graph\">{\"@context\":\"https:\/\/schema.org\",\"@graph\":[{\"@type\":\"Article\",\"@id\":\"https:\/\/www.fiscalia.gov.co\/colombia\/noticias\/desarticulada-banda-los-people-dedicada-al-hurto-en-la-modalidad-de-fleteo-y-ruleteo-en-barranquilla\/#article\",\"isPartOf\":{\"@id\":\"https:\/\/www.fiscalia.gov.co\/colombia\/noticias\/desarticulada-banda-los-people-dedicada-al-hurto-en-la-modalidad-de-fleteo-y-ruleteo-en-barranquilla\/\"},\"author\":{\"name\":\"Johanna Black Prieto Pe\u00f1a\",\"@id\":\"https:\/\/www.fiscalia.gov.co\/colombia\/#\/schema\/person\/b19b49f26569f91393176a2b3d13a0e5\"},\"headline\":\"Desarticulada banda Los\u00a0People, dedicada al hurto en la modalidad de fleteo y ruleteo en Barranquilla\u00a0\",\"datePublished\":\"2022-01-19T17:40:33+00:00\",\"dateModified\":\"2022-01-24T20:28:02+00:00\",\"mainEntityOfPage\":{\"@id\":\"https:\/\/www.fiscalia.gov.co\/colombia\/noticias\/desarticulada-banda-los-people-dedicada-al-hurto-en-la-modalidad-de-fleteo-y-ruleteo-en-barranquilla\/\"},\"wordCount\":501,\"publisher\":{\"@id\":\"https:\/\/www.fiscalia.gov.co\/colombia\/#organization\"},\"image\":{\"@id\":\"https:\/\/www.fiscalia.gov.co\/colombia\/noticias\/desarticulada-banda-los-people-dedicada-al-hurto-en-la-modalidad-de-fleteo-y-ruleteo-en-barranquilla\/#primaryimage\"},\"thumbnailUrl\":\"https:\/\/www.fiscalia.gov.co\/colombia\/wp-content\/uploads\/maxresdefault-305.jpg\",\"articleSection\":[\"Noticias\",\"Seccional Barranquilla\",\"Seccionales\",\"Seguridad territorial\"],\"inLanguage\":\"es-CO\"},{\"@type\":\"WebPage\",\"@id\":\"https:\/\/www.fiscalia.gov.co\/colombia\/noticias\/desarticulada-banda-los-people-dedicada-al-hurto-en-la-modalidad-de-fleteo-y-ruleteo-en-barranquilla\/\",\"url\":\"https:\/\/www.fiscalia.gov.co\/colombia\/noticias\/desarticulada-banda-los-people-dedicada-al-hurto-en-la-modalidad-de-fleteo-y-ruleteo-en-barranquilla\/\",\"name\":\"Fiscal\u00eda General de la Naci\u00f3n\",\"isPartOf\":{\"@id\":\"https:\/\/www.fiscalia.gov.co\/colombia\/#website\"},\"primaryImageOfPage\":{\"@id\":\"https:\/\/www.fiscalia.gov.co\/colombia\/noticias\/desarticulada-banda-los-people-dedicada-al-hurto-en-la-modalidad-de-fleteo-y-ruleteo-en-barranquilla\/#primaryimage\"},\"image\":{\"@id\":\"https:\/\/www.fiscalia.gov.co\/colombia\/noticias\/desarticulada-banda-los-people-dedicada-al-hurto-en-la-modalidad-de-fleteo-y-ruleteo-en-barranquilla\/#primaryimage\"},\"thumbnailUrl\":\"https:\/\/www.fiscalia.gov.co\/colombia\/wp-content\/uploads\/maxresdefault-305.jpg\",\"datePublished\":\"2022-01-19T17:40:33+00:00\",\"dateModified\":\"2022-01-24T20:28:02+00:00\",\"description\":\"P\u00e1gina oficial de la Fiscal\u00eda General de la Naci\u00f3n \u2013 Colombia. Garantizamos el acceso efectivo a la justicia, la verdad y la reparaci\u00f3n de las v\u00edctimas de los delitos.\",\"breadcrumb\":{\"@id\":\"https:\/\/www.fiscalia.gov.co\/colombia\/noticias\/desarticulada-banda-los-people-dedicada-al-hurto-en-la-modalidad-de-fleteo-y-ruleteo-en-barranquilla\/#breadcrumb\"},\"inLanguage\":\"es-CO\",\"potentialAction\":[{\"@type\":\"ReadAction\",\"target\":[\"https:\/\/www.fiscalia.gov.co\/colombia\/noticias\/desarticulada-banda-los-people-dedicada-al-hurto-en-la-modalidad-de-fleteo-y-ruleteo-en-barranquilla\/\"]}]},{\"@type\":\"ImageObject\",\"inLanguage\":\"es-CO\",\"@id\":\"https:\/\/www.fiscalia.gov.co\/colombia\/noticias\/desarticulada-banda-los-people-dedicada-al-hurto-en-la-modalidad-de-fleteo-y-ruleteo-en-barranquilla\/#primaryimage\",\"url\":\"https:\/\/www.fiscalia.gov.co\/colombia\/wp-content\/uploads\/maxresdefault-305.jpg\",\"contentUrl\":\"https:\/\/www.fiscalia.gov.co\/colombia\/wp-content\/uploads\/maxresdefault-305.jpg\",\"width\":1280,\"height\":720},{\"@type\":\"BreadcrumbList\",\"@id\":\"https:\/\/www.fiscalia.gov.co\/colombia\/noticias\/desarticulada-banda-los-people-dedicada-al-hurto-en-la-modalidad-de-fleteo-y-ruleteo-en-barranquilla\/#breadcrumb\",\"itemListElement\":[{\"@type\":\"ListItem\",\"position\":1,\"name\":\"Home\",\"item\":\"https:\/\/www.fiscalia.gov.co\/colombia\/\"},{\"@type\":\"ListItem\",\"position\":2,\"name\":\"Desarticulada banda Los\u00a0People, dedicada al hurto en la modalidad de fleteo y ruleteo en Barranquilla\u00a0\"}]},{\"@type\":\"WebSite\",\"@id\":\"https:\/\/www.fiscalia.gov.co\/colombia\/#website\",\"url\":\"https:\/\/www.fiscalia.gov.co\/colombia\/\",\"name\":\"Fiscal\u00eda General de la Naci\u00f3n\",\"description\":\"P\u00e1gina oficial de la Fiscal\u00eda General de la Naci\u00f3n \u2013 Colombia. Garantizamos el acceso efectivo a la justicia, la verdad y la reparaci\u00f3n de las v\u00edctimas de los delitos.\",\"publisher\":{\"@id\":\"https:\/\/www.fiscalia.gov.co\/colombia\/#organization\"},\"potentialAction\":[{\"@type\":\"SearchAction\",\"target\":{\"@type\":\"EntryPoint\",\"urlTemplate\":\"https:\/\/www.fiscalia.gov.co\/colombia\/?s={search_term_string}\"},\"query-input\":{\"@type\":\"PropertyValueSpecification\",\"valueRequired\":true,\"valueName\":\"search_term_string\"}}],\"inLanguage\":\"es-CO\"},{\"@type\":\"Organization\",\"@id\":\"https:\/\/www.fiscalia.gov.co\/colombia\/#organization\",\"name\":\"Fiscal\u00eda General de la Naci\u00f3n\",\"url\":\"https:\/\/www.fiscalia.gov.co\/colombia\/\",\"logo\":{\"@type\":\"ImageObject\",\"inLanguage\":\"es-CO\",\"@id\":\"https:\/\/www.fiscalia.gov.co\/colombia\/#\/schema\/logo\/image\/\",\"url\":\"https:\/\/www.fiscalia.gov.co\/colombia\/wp-content\/uploads\/LogoHorizontal_1.jpg\",\"contentUrl\":\"https:\/\/www.fiscalia.gov.co\/colombia\/wp-content\/uploads\/LogoHorizontal_1.jpg\",\"width\":300,\"height\":90,\"caption\":\"Fiscal\u00eda General de la Naci\u00f3n\"},\"image\":{\"@id\":\"https:\/\/www.fiscalia.gov.co\/colombia\/#\/schema\/logo\/image\/\"},\"sameAs\":[\"https:\/\/www.facebook.com\/FiscaliaCol\",\"https:\/\/x.com\/FiscaliaCol\",\"https:\/\/www.instagram.com\/fiscaliacol\",\"https:\/\/www.linkedin.com\/company\/fiscalia-general-de-la-naci-n\/\",\"https:\/\/youtube.com\/@fiscaliageneraldelanacion-4668?si=6nN79nyQICPU5iTh\"]},{\"@type\":\"Person\",\"@id\":\"https:\/\/www.fiscalia.gov.co\/colombia\/#\/schema\/person\/b19b49f26569f91393176a2b3d13a0e5\",\"name\":\"Johanna Black Prieto Pe\u00f1a\",\"image\":{\"@type\":\"ImageObject\",\"inLanguage\":\"es-CO\",\"@id\":\"https:\/\/www.fiscalia.gov.co\/colombia\/#\/schema\/person\/image\/\",\"url\":\"https:\/\/secure.gravatar.com\/avatar\/7f04518e1774335e76d761d76f04003e?s=96&d=mm&r=g\",\"contentUrl\":\"https:\/\/secure.gravatar.com\/avatar\/7f04518e1774335e76d761d76f04003e?s=96&d=mm&r=g\",\"caption\":\"Johanna Black Prieto Pe\u00f1a\"},\"url\":\"https:\/\/www.fiscalia.gov.co\/colombia\/author\/jprieto\/\"}]}<\/script>\n<!-- \/ Yoast SEO plugin. -->","yoast_head_json":{"title":"Fiscal\u00eda General de la Naci\u00f3n","description":"P\u00e1gina oficial de la Fiscal\u00eda General de la Naci\u00f3n \u2013 Colombia. Garantizamos el acceso efectivo a la justicia, la verdad y la reparaci\u00f3n de las v\u00edctimas de los delitos.","robots":{"index":"noindex","follow":"follow"},"og_locale":"es_ES","og_type":"article","og_title":"Fiscal\u00eda General de la Naci\u00f3n","og_description":"P\u00e1gina oficial de la Fiscal\u00eda General de la Naci\u00f3n \u2013 Colombia. Garantizamos el acceso efectivo a la justicia, la verdad y la reparaci\u00f3n de las v\u00edctimas de los delitos.","og_url":"https:\/\/www.fiscalia.gov.co\/colombia\/noticias\/desarticulada-banda-los-people-dedicada-al-hurto-en-la-modalidad-de-fleteo-y-ruleteo-en-barranquilla\/","og_site_name":"Fiscal\u00eda General de la Naci\u00f3n","article_publisher":"https:\/\/www.facebook.com\/FiscaliaCol","article_published_time":"2022-01-19T17:40:33+00:00","article_modified_time":"2022-01-24T20:28:02+00:00","og_image":[{"width":1280,"height":720,"url":"https:\/\/www.fiscalia.gov.co\/colombia\/wp-content\/uploads\/maxresdefault-305.jpg","type":"image\/jpeg"}],"author":"Johanna Black Prieto Pe\u00f1a","twitter_card":"summary_large_image","twitter_creator":"@FiscaliaCol","twitter_site":"@FiscaliaCol","twitter_misc":{"Escrito por":"Johanna Black Prieto Pe\u00f1a","Tiempo de lectura":"2 minutos"},"schema":{"@context":"https:\/\/schema.org","@graph":[{"@type":"Article","@id":"https:\/\/www.fiscalia.gov.co\/colombia\/noticias\/desarticulada-banda-los-people-dedicada-al-hurto-en-la-modalidad-de-fleteo-y-ruleteo-en-barranquilla\/#article","isPartOf":{"@id":"https:\/\/www.fiscalia.gov.co\/colombia\/noticias\/desarticulada-banda-los-people-dedicada-al-hurto-en-la-modalidad-de-fleteo-y-ruleteo-en-barranquilla\/"},"author":{"name":"Johanna Black Prieto Pe\u00f1a","@id":"https:\/\/www.fiscalia.gov.co\/colombia\/#\/schema\/person\/b19b49f26569f91393176a2b3d13a0e5"},"headline":"Desarticulada banda Los\u00a0People, dedicada al hurto en la modalidad de fleteo y ruleteo en Barranquilla\u00a0","datePublished":"2022-01-19T17:40:33+00:00","dateModified":"2022-01-24T20:28:02+00:00","mainEntityOfPage":{"@id":"https:\/\/www.fiscalia.gov.co\/colombia\/noticias\/desarticulada-banda-los-people-dedicada-al-hurto-en-la-modalidad-de-fleteo-y-ruleteo-en-barranquilla\/"},"wordCount":501,"publisher":{"@id":"https:\/\/www.fiscalia.gov.co\/colombia\/#organization"},"image":{"@id":"https:\/\/www.fiscalia.gov.co\/colombia\/noticias\/desarticulada-banda-los-people-dedicada-al-hurto-en-la-modalidad-de-fleteo-y-ruleteo-en-barranquilla\/#primaryimage"},"thumbnailUrl":"https:\/\/www.fiscalia.gov.co\/colombia\/wp-content\/uploads\/maxresdefault-305.jpg","articleSection":["Noticias","Seccional Barranquilla","Seccionales","Seguridad territorial"],"inLanguage":"es-CO"},{"@type":"WebPage","@id":"https:\/\/www.fiscalia.gov.co\/colombia\/noticias\/desarticulada-banda-los-people-dedicada-al-hurto-en-la-modalidad-de-fleteo-y-ruleteo-en-barranquilla\/","url":"https:\/\/www.fiscalia.gov.co\/colombia\/noticias\/desarticulada-banda-los-people-dedicada-al-hurto-en-la-modalidad-de-fleteo-y-ruleteo-en-barranquilla\/","name":"Fiscal\u00eda General de la Naci\u00f3n","isPartOf":{"@id":"https:\/\/www.fiscalia.gov.co\/colombia\/#website"},"primaryImageOfPage":{"@id":"https:\/\/www.fiscalia.gov.co\/colombia\/noticias\/desarticulada-banda-los-people-dedicada-al-hurto-en-la-modalidad-de-fleteo-y-ruleteo-en-barranquilla\/#primaryimage"},"image":{"@id":"https:\/\/www.fiscalia.gov.co\/colombia\/noticias\/desarticulada-banda-los-people-dedicada-al-hurto-en-la-modalidad-de-fleteo-y-ruleteo-en-barranquilla\/#primaryimage"},"thumbnailUrl":"https:\/\/www.fiscalia.gov.co\/colombia\/wp-content\/uploads\/maxresdefault-305.jpg","datePublished":"2022-01-19T17:40:33+00:00","dateModified":"2022-01-24T20:28:02+00:00","description":"P\u00e1gina oficial de la Fiscal\u00eda General de la Naci\u00f3n \u2013 Colombia. Garantizamos el acceso efectivo a la justicia, la verdad y la reparaci\u00f3n de las v\u00edctimas de los delitos.","breadcrumb":{"@id":"https:\/\/www.fiscalia.gov.co\/colombia\/noticias\/desarticulada-banda-los-people-dedicada-al-hurto-en-la-modalidad-de-fleteo-y-ruleteo-en-barranquilla\/#breadcrumb"},"inLanguage":"es-CO","potentialAction":[{"@type":"ReadAction","target":["https:\/\/www.fiscalia.gov.co\/colombia\/noticias\/desarticulada-banda-los-people-dedicada-al-hurto-en-la-modalidad-de-fleteo-y-ruleteo-en-barranquilla\/"]}]},{"@type":"ImageObject","inLanguage":"es-CO","@id":"https:\/\/www.fiscalia.gov.co\/colombia\/noticias\/desarticulada-banda-los-people-dedicada-al-hurto-en-la-modalidad-de-fleteo-y-ruleteo-en-barranquilla\/#primaryimage","url":"https:\/\/www.fiscalia.gov.co\/colombia\/wp-content\/uploads\/maxresdefault-305.jpg","contentUrl":"https:\/\/www.fiscalia.gov.co\/colombia\/wp-content\/uploads\/maxresdefault-305.jpg","width":1280,"height":720},{"@type":"BreadcrumbList","@id":"https:\/\/www.fiscalia.gov.co\/colombia\/noticias\/desarticulada-banda-los-people-dedicada-al-hurto-en-la-modalidad-de-fleteo-y-ruleteo-en-barranquilla\/#breadcrumb","itemListElement":[{"@type":"ListItem","position":1,"name":"Home","item":"https:\/\/www.fiscalia.gov.co\/colombia\/"},{"@type":"ListItem","position":2,"name":"Desarticulada banda Los\u00a0People, dedicada al hurto en la modalidad de fleteo y ruleteo en Barranquilla\u00a0"}]},{"@type":"WebSite","@id":"https:\/\/www.fiscalia.gov.co\/colombia\/#website","url":"https:\/\/www.fiscalia.gov.co\/colombia\/","name":"Fiscal\u00eda General de la Naci\u00f3n","description":"P\u00e1gina oficial de la Fiscal\u00eda General de la Naci\u00f3n \u2013 Colombia. Garantizamos el acceso efectivo a la justicia, la verdad y la reparaci\u00f3n de las v\u00edctimas de los delitos.","publisher":{"@id":"https:\/\/www.fiscalia.gov.co\/colombia\/#organization"},"potentialAction":[{"@type":"SearchAction","target":{"@type":"EntryPoint","urlTemplate":"https:\/\/www.fiscalia.gov.co\/colombia\/?s={search_term_string}"},"query-input":{"@type":"PropertyValueSpecification","valueRequired":true,"valueName":"search_term_string"}}],"inLanguage":"es-CO"},{"@type":"Organization","@id":"https:\/\/www.fiscalia.gov.co\/colombia\/#organization","name":"Fiscal\u00eda General de la Naci\u00f3n","url":"https:\/\/www.fiscalia.gov.co\/colombia\/","logo":{"@type":"ImageObject","inLanguage":"es-CO","@id":"https:\/\/www.fiscalia.gov.co\/colombia\/#\/schema\/logo\/image\/","url":"https:\/\/www.fiscalia.gov.co\/colombia\/wp-content\/uploads\/LogoHorizontal_1.jpg","contentUrl":"https:\/\/www.fiscalia.gov.co\/colombia\/wp-content\/uploads\/LogoHorizontal_1.jpg","width":300,"height":90,"caption":"Fiscal\u00eda General de la Naci\u00f3n"},"image":{"@id":"https:\/\/www.fiscalia.gov.co\/colombia\/#\/schema\/logo\/image\/"},"sameAs":["https:\/\/www.facebook.com\/FiscaliaCol","https:\/\/x.com\/FiscaliaCol","https:\/\/www.instagram.com\/fiscaliacol","https:\/\/www.linkedin.com\/company\/fiscalia-general-de-la-naci-n\/","https:\/\/youtube.com\/@fiscaliageneraldelanacion-4668?si=6nN79nyQICPU5iTh"]},{"@type":"Person","@id":"https:\/\/www.fiscalia.gov.co\/colombia\/#\/schema\/person\/b19b49f26569f91393176a2b3d13a0e5","name":"Johanna Black Prieto Pe\u00f1a","image":{"@type":"ImageObject","inLanguage":"es-CO","@id":"https:\/\/www.fiscalia.gov.co\/colombia\/#\/schema\/person\/image\/","url":"https:\/\/secure.gravatar.com\/avatar\/7f04518e1774335e76d761d76f04003e?s=96&d=mm&r=g","contentUrl":"https:\/\/secure.gravatar.com\/avatar\/7f04518e1774335e76d761d76f04003e?s=96&d=mm&r=g","caption":"Johanna Black Prieto Pe\u00f1a"},"url":"https:\/\/www.fiscalia.gov.co\/colombia\/author\/jprieto\/"}]}},"_links":{"self":[{"href":"https:\/\/www.fiscalia.gov.co\/colombia\/wp-json\/wp\/v2\/posts\/238430","targetHints":{"allow":["GET"]}}],"collection":[{"href":"https:\/\/www.fiscalia.gov.co\/colombia\/wp-json\/wp\/v2\/posts"}],"about":[{"href":"https:\/\/www.fiscalia.gov.co\/colombia\/wp-json\/wp\/v2\/types\/post"}],"author":[{"embeddable":true,"href":"https:\/\/www.fiscalia.gov.co\/colombia\/wp-json\/wp\/v2\/users\/176"}],"replies":[{"embeddable":true,"href":"https:\/\/www.fiscalia.gov.co\/colombia\/wp-json\/wp\/v2\/comments?post=238430"}],"version-history":[{"count":1,"href":"https:\/\/www.fiscalia.gov.co\/colombia\/wp-json\/wp\/v2\/posts\/238430\/revisions"}],"predecessor-version":[{"id":238432,"href":"https:\/\/www.fiscalia.gov.co\/colombia\/wp-json\/wp\/v2\/posts\/238430\/revisions\/238432"}],"wp:featuredmedia":[{"embeddable":true,"href":"https:\/\/www.fiscalia.gov.co\/colombia\/wp-json\/wp\/v2\/media\/238837"}],"wp:attachment":[{"href":"https:\/\/www.fiscalia.gov.co\/colombia\/wp-json\/wp\/v2\/media?parent=238430"}],"wp:term":[{"taxonomy":"category","embeddable":true,"href":"https:\/\/www.fiscalia.gov.co\/colombia\/wp-json\/wp\/v2\/categories?post=238430"},{"taxonomy":"post_tag","embeddable":true,"href":"https:\/\/www.fiscalia.gov.co\/colombia\/wp-json\/wp\/v2\/tags?post=238430"}],"curies":[{"name":"wp","href":"https:\/\/api.w.org\/{rel}","templated":true}]}}