{"id":238312,"date":"2022-01-18T12:14:35","date_gmt":"2022-01-18T17:14:35","guid":{"rendered":"https:\/\/www.fiscalia.gov.co\/colombia\/?p=238312"},"modified":"2022-01-18T12:14:35","modified_gmt":"2022-01-18T17:14:35","slug":"a-prision-un-hombre-que-al-parecer-protagonizo-ataque-armado-contra-un-ciudadano-y-le-causo-la-muerte","status":"publish","type":"post","link":"https:\/\/www.fiscalia.gov.co\/colombia\/noticias\/a-prision-un-hombre-que-al-parecer-protagonizo-ataque-armado-contra-un-ciudadano-y-le-causo-la-muerte\/","title":{"rendered":"A prisi\u00f3n un hombre que al parecer protagoniz\u00f3 ataque armado contra un ciudadano y le caus\u00f3 la muerte\u00a0"},"content":{"rendered":"<p><span lang=\"ES-CO\">Como Hilder Rodr\u00edguez Matacea fue identificado el hombre a quien un juez de garant\u00edas envi\u00f3 a la c\u00e1rcel, con medida de aseguramiento, luego de que la Fiscal\u00eda General de la Naci\u00f3n, Seccional Nari\u00f1o, le imput\u00f3 cargos por los delitos de\u00a0<b><a href=\"https:\/\/www.fiscalia.gov.co\/colombia\/noticias\/judicializan-y-envian-a-la-carcel-a-un-hombre-por-el-homicidio-de-un-extranjero\/\" target=\"_blank\" rel=\"noopener noreferrer\" data-saferedirecturl=\"https:\/\/www.google.com\/url?q=https:\/\/www.fiscalia.gov.co\/colombia\/noticias\/judicializan-y-envian-a-la-carcel-a-un-hombre-por-el-homicidio-de-un-extranjero\/&amp;source=gmail&amp;ust=1642605325807000&amp;usg=AOvVaw2FM6DijvQAxsIyfn-0LPzr\">homicidio<\/a>\u00a0agravado<\/b>\u00a0en concurso con fabricaci\u00f3n, tr\u00e1fico y porte de armas de fuego, accesorios, partes, y municiones.\u00a0\u00a0<\/span><\/p>\n<p class=\"mceTemp\">\n<figure id=\"attachment_238313\" aria-describedby=\"caption-attachment-238313\" style=\"width: 1074px\" class=\"wp-caption alignnone\"><img loading=\"lazy\" decoding=\"async\" class=\"size-full wp-image-238313\" src=\"https:\/\/www.fiscalia.gov.co\/colombia\/wp-content\/uploads\/Hilder-Rodriguez-Matacea-homicidio-Taminango-Nari\u00f1o.jpeg\" alt=\"\" width=\"1074\" height=\"1034\" srcset=\"https:\/\/www.fiscalia.gov.co\/colombia\/wp-content\/uploads\/Hilder-Rodriguez-Matacea-homicidio-Taminango-Nari\u00f1o.jpeg 1074w, https:\/\/www.fiscalia.gov.co\/colombia\/wp-content\/uploads\/Hilder-Rodriguez-Matacea-homicidio-Taminango-Nari\u00f1o-300x289.jpeg 300w, https:\/\/www.fiscalia.gov.co\/colombia\/wp-content\/uploads\/Hilder-Rodriguez-Matacea-homicidio-Taminango-Nari\u00f1o-1024x986.jpeg 1024w, https:\/\/www.fiscalia.gov.co\/colombia\/wp-content\/uploads\/Hilder-Rodriguez-Matacea-homicidio-Taminango-Nari\u00f1o-768x739.jpeg 768w, https:\/\/www.fiscalia.gov.co\/colombia\/wp-content\/uploads\/Hilder-Rodriguez-Matacea-homicidio-Taminango-Nari\u00f1o-696x670.jpeg 696w, https:\/\/www.fiscalia.gov.co\/colombia\/wp-content\/uploads\/Hilder-Rodriguez-Matacea-homicidio-Taminango-Nari\u00f1o-1068x1028.jpeg 1068w, https:\/\/www.fiscalia.gov.co\/colombia\/wp-content\/uploads\/Hilder-Rodriguez-Matacea-homicidio-Taminango-Nari\u00f1o-436x420.jpeg 436w\" sizes=\"auto, (max-width: 1074px) 100vw, 1074px\" \/><figcaption id=\"caption-attachment-238313\" class=\"wp-caption-text\">Hilder Rodr\u00edguez Matacea fue privado de la libertad por un juez penal, luego de que la Fiscal\u00eda present\u00f3 evidencias que lo vinculan como presunto autor material del crimen de un ciudadano en Taminango (Nari\u00f1o).<\/figcaption><\/figure>\n<p><span lang=\"ES-CO\">El hecho se registr\u00f3 en la carrera 3 con calle 4, barrio Los Estudiantes de Taminango (Nari\u00f1o), donde uniformados de la Polic\u00eda Nacional lograron interceptar al sospechoso cuando al parecer pretend\u00eda huir, despu\u00e9s de presuntamente dispararle en la cabeza con un arma de fuego al ciudadano Olidio Betito Villada L\u00f3pez, quien falleci\u00f3 en el lugar.\u00a0<\/span><\/p>\n<p><span lang=\"ES-CO\">Durante el registro al indiciado, las autoridades le\u00a0<b>incautaron un\u00a0<a href=\"https:\/\/www.fiscalia.gov.co\/colombia\/seccionales\/condenado-a-18-anos-de-prision-por-el-porte-ilegal-de-un-revolver\/\" target=\"_blank\" rel=\"noopener noreferrer\" data-saferedirecturl=\"https:\/\/www.google.com\/url?q=https:\/\/www.fiscalia.gov.co\/colombia\/seccionales\/condenado-a-18-anos-de-prision-por-el-porte-ilegal-de-un-revolver\/&amp;source=gmail&amp;ust=1642605325807000&amp;usg=AOvVaw2ZeyXaRkt4H0K4H8ENM86K\">rev\u00f3lver calibre 38<\/a>,<\/b>\u00a0del cual no ten\u00eda salvoconducto.\u00a0<\/span><\/p>\n<p><span lang=\"ES-CO\">En las audiencias concentradas ante un juez de garant\u00edas, el procesado no admiti\u00f3 su responsabilidad.\u00a0<\/span><span lang=\"ES\">\u00a0<\/span><\/p>\n<p><span lang=\"ES-CO\">La Fiscal\u00eda General de la Naci\u00f3n habla con resultados\u00a0<\/span><span lang=\"ES\">\u00a0<\/span><\/p>\n<p><span lang=\"ES-CO\">JGPV\/LV\/DLBM.\u00a0\u00a0<\/span><\/p>\n<p><i><span lang=\"ES\">La informaci\u00f3n contenida en este bolet\u00edn de prensa corresponde a la narraci\u00f3n de los hechos noticiosos objetivos, suministrados por los funcionarios encargados de adelantar las investigaciones penales al interior de la Fiscal\u00eda General de la Naci\u00f3n. Para el momento de la divulgaci\u00f3n de este comunicado, la situaci\u00f3n jur\u00eddica de la(s) persona(s) relacionada(s) se encuentra pendiente de resolver por la autoridad judicial competente, siempre bajo los preceptos de la presunci\u00f3n de inocencia, consagrados en el art\u00edculo 29 de la Constituci\u00f3n Pol\u00edtica y el art\u00edculo 7\u00ba de la Ley 906 de 2004.<\/span><\/i><span lang=\"ES\">\u00a0\u00a0<\/span><span lang=\"ES\">\u00a0<\/span><\/p>\n<p><b><span lang=\"ES\">Le puede interesar:\u00a0<\/span><\/b><b><span lang=\"ES-CO\"><a href=\"https:\/\/www.fiscalia.gov.co\/colombia\/noticias\/a-la-carcel-presuntos-responsables-del-homicidio-de-dos-personas\/\" target=\"_blank\" rel=\"noopener noreferrer\" data-saferedirecturl=\"https:\/\/www.google.com\/url?q=https:\/\/www.fiscalia.gov.co\/colombia\/noticias\/a-la-carcel-presuntos-responsables-del-homicidio-de-dos-personas\/&amp;source=gmail&amp;ust=1642605325807000&amp;usg=AOvVaw0YQ0vxyLscV-DZDSrKkrbB\">A la c\u00e1rcel presuntos responsables del homicidio de dos personas<\/a><\/span><\/b><span lang=\"ES-CO\">\u00a0<\/span><b><span lang=\"ES\">\u00a0<\/span><\/b><\/p>\n<p>&nbsp;<\/p>\n\n<div class=\"twitter-share\"><a href=\"https:\/\/twitter.com\/intent\/tweet?via=fiscaliacol\" class=\"twitter-share-button\">Tweet<\/a><\/div>\n","protected":false},"excerpt":{"rendered":"<p>Como Hilder Rodr\u00edguez Matacea fue identificado el hombre a quien un juez de garant\u00edas envi\u00f3 a la c\u00e1rcel, con medida de aseguramiento, luego de que la Fiscal\u00eda General de la [&hellip;]<\/p>\n","protected":false},"author":176,"featured_media":0,"comment_status":"closed","ping_status":"open","sticky":false,"template":"","format":"standard","meta":{"tdm_status":"","tdm_grid_status":"","footnotes":""},"categories":[1,334,303],"tags":[24526,24481,1047,409,25191,682],"class_list":["post-238312","post","type-post","status-publish","format-standard","category-noticias","category-seccional-pasto","category-seccionales","tag-fiscal-general-francisco-barbosa-delgado","tag-fiscalia-de-colombia","tag-fiscalia-general-de-la-nacion","tag-homicidio","tag-revolver-calibre-38","tag-violencia-intrafamiliar"],"yoast_head":"<!-- This site is optimized with the Yoast SEO plugin v24.3 - https:\/\/yoast.com\/wordpress\/plugins\/seo\/ -->\n<title>Fiscal\u00eda General de la Naci\u00f3n<\/title>\n<meta name=\"description\" content=\"P\u00e1gina oficial de la Fiscal\u00eda General de la Naci\u00f3n \u2013 Colombia. Garantizamos el acceso efectivo a la justicia, la verdad y la reparaci\u00f3n de las v\u00edctimas de los delitos.\" \/>\n<meta name=\"robots\" content=\"noindex, follow\" \/>\n<meta property=\"og:locale\" content=\"es_ES\" \/>\n<meta property=\"og:type\" content=\"article\" \/>\n<meta property=\"og:title\" content=\"Fiscal\u00eda General de la Naci\u00f3n\" \/>\n<meta property=\"og:description\" content=\"P\u00e1gina oficial de la Fiscal\u00eda General de la Naci\u00f3n \u2013 Colombia. Garantizamos el acceso efectivo a la justicia, la verdad y la reparaci\u00f3n de las v\u00edctimas de los delitos.\" \/>\n<meta property=\"og:url\" content=\"https:\/\/www.fiscalia.gov.co\/colombia\/noticias\/a-prision-un-hombre-que-al-parecer-protagonizo-ataque-armado-contra-un-ciudadano-y-le-causo-la-muerte\/\" \/>\n<meta property=\"og:site_name\" content=\"Fiscal\u00eda General de la Naci\u00f3n\" \/>\n<meta property=\"article:publisher\" content=\"https:\/\/www.facebook.com\/FiscaliaCol\" \/>\n<meta property=\"article:published_time\" content=\"2022-01-18T17:14:35+00:00\" \/>\n<meta name=\"author\" content=\"Johanna Black Prieto Pe\u00f1a\" \/>\n<meta name=\"twitter:card\" content=\"summary_large_image\" \/>\n<meta name=\"twitter:creator\" content=\"@FiscaliaCol\" \/>\n<meta name=\"twitter:site\" content=\"@FiscaliaCol\" \/>\n<meta name=\"twitter:label1\" content=\"Escrito por\" \/>\n\t<meta name=\"twitter:data1\" content=\"Johanna Black Prieto Pe\u00f1a\" \/>\n\t<meta name=\"twitter:label2\" content=\"Tiempo de lectura\" \/>\n\t<meta name=\"twitter:data2\" content=\"2 minutos\" \/>\n<script type=\"application\/ld+json\" class=\"yoast-schema-graph\">{\"@context\":\"https:\/\/schema.org\",\"@graph\":[{\"@type\":\"Article\",\"@id\":\"https:\/\/www.fiscalia.gov.co\/colombia\/noticias\/a-prision-un-hombre-que-al-parecer-protagonizo-ataque-armado-contra-un-ciudadano-y-le-causo-la-muerte\/#article\",\"isPartOf\":{\"@id\":\"https:\/\/www.fiscalia.gov.co\/colombia\/noticias\/a-prision-un-hombre-que-al-parecer-protagonizo-ataque-armado-contra-un-ciudadano-y-le-causo-la-muerte\/\"},\"author\":{\"name\":\"Johanna Black Prieto Pe\u00f1a\",\"@id\":\"https:\/\/www.fiscalia.gov.co\/colombia\/#\/schema\/person\/b19b49f26569f91393176a2b3d13a0e5\"},\"headline\":\"A prisi\u00f3n un hombre que al parecer protagoniz\u00f3 ataque armado contra un ciudadano y le caus\u00f3 la muerte\u00a0\",\"datePublished\":\"2022-01-18T17:14:35+00:00\",\"dateModified\":\"2022-01-18T17:14:35+00:00\",\"mainEntityOfPage\":{\"@id\":\"https:\/\/www.fiscalia.gov.co\/colombia\/noticias\/a-prision-un-hombre-que-al-parecer-protagonizo-ataque-armado-contra-un-ciudadano-y-le-causo-la-muerte\/\"},\"wordCount\":352,\"publisher\":{\"@id\":\"https:\/\/www.fiscalia.gov.co\/colombia\/#organization\"},\"keywords\":[\"Fiscal General Francisco Barbosa Delgado\",\"Fiscal\u00eda de Colombia\",\"Fiscal\u00eda General de la Naci\u00f3n\",\"Homicidio\",\"rev\u00f3lver calibre 38\",\"Violencia intrafamiliar\"],\"articleSection\":[\"Noticias\",\"Seccional Pasto\",\"Seccionales\"],\"inLanguage\":\"es-CO\"},{\"@type\":\"WebPage\",\"@id\":\"https:\/\/www.fiscalia.gov.co\/colombia\/noticias\/a-prision-un-hombre-que-al-parecer-protagonizo-ataque-armado-contra-un-ciudadano-y-le-causo-la-muerte\/\",\"url\":\"https:\/\/www.fiscalia.gov.co\/colombia\/noticias\/a-prision-un-hombre-que-al-parecer-protagonizo-ataque-armado-contra-un-ciudadano-y-le-causo-la-muerte\/\",\"name\":\"Fiscal\u00eda General de la Naci\u00f3n\",\"isPartOf\":{\"@id\":\"https:\/\/www.fiscalia.gov.co\/colombia\/#website\"},\"datePublished\":\"2022-01-18T17:14:35+00:00\",\"dateModified\":\"2022-01-18T17:14:35+00:00\",\"description\":\"P\u00e1gina oficial de la Fiscal\u00eda General de la Naci\u00f3n \u2013 Colombia. Garantizamos el acceso efectivo a la justicia, la verdad y la reparaci\u00f3n de las v\u00edctimas de los delitos.\",\"breadcrumb\":{\"@id\":\"https:\/\/www.fiscalia.gov.co\/colombia\/noticias\/a-prision-un-hombre-que-al-parecer-protagonizo-ataque-armado-contra-un-ciudadano-y-le-causo-la-muerte\/#breadcrumb\"},\"inLanguage\":\"es-CO\",\"potentialAction\":[{\"@type\":\"ReadAction\",\"target\":[\"https:\/\/www.fiscalia.gov.co\/colombia\/noticias\/a-prision-un-hombre-que-al-parecer-protagonizo-ataque-armado-contra-un-ciudadano-y-le-causo-la-muerte\/\"]}]},{\"@type\":\"BreadcrumbList\",\"@id\":\"https:\/\/www.fiscalia.gov.co\/colombia\/noticias\/a-prision-un-hombre-que-al-parecer-protagonizo-ataque-armado-contra-un-ciudadano-y-le-causo-la-muerte\/#breadcrumb\",\"itemListElement\":[{\"@type\":\"ListItem\",\"position\":1,\"name\":\"Home\",\"item\":\"https:\/\/www.fiscalia.gov.co\/colombia\/\"},{\"@type\":\"ListItem\",\"position\":2,\"name\":\"A prisi\u00f3n un hombre que al parecer protagoniz\u00f3 ataque armado contra un ciudadano y le caus\u00f3 la muerte\u00a0\"}]},{\"@type\":\"WebSite\",\"@id\":\"https:\/\/www.fiscalia.gov.co\/colombia\/#website\",\"url\":\"https:\/\/www.fiscalia.gov.co\/colombia\/\",\"name\":\"Fiscal\u00eda General de la Naci\u00f3n\",\"description\":\"P\u00e1gina oficial de la Fiscal\u00eda General de la Naci\u00f3n \u2013 Colombia. Garantizamos el acceso efectivo a la justicia, la verdad y la reparaci\u00f3n de las v\u00edctimas de los delitos.\",\"publisher\":{\"@id\":\"https:\/\/www.fiscalia.gov.co\/colombia\/#organization\"},\"potentialAction\":[{\"@type\":\"SearchAction\",\"target\":{\"@type\":\"EntryPoint\",\"urlTemplate\":\"https:\/\/www.fiscalia.gov.co\/colombia\/?s={search_term_string}\"},\"query-input\":{\"@type\":\"PropertyValueSpecification\",\"valueRequired\":true,\"valueName\":\"search_term_string\"}}],\"inLanguage\":\"es-CO\"},{\"@type\":\"Organization\",\"@id\":\"https:\/\/www.fiscalia.gov.co\/colombia\/#organization\",\"name\":\"Fiscal\u00eda General de la Naci\u00f3n\",\"url\":\"https:\/\/www.fiscalia.gov.co\/colombia\/\",\"logo\":{\"@type\":\"ImageObject\",\"inLanguage\":\"es-CO\",\"@id\":\"https:\/\/www.fiscalia.gov.co\/colombia\/#\/schema\/logo\/image\/\",\"url\":\"https:\/\/www.fiscalia.gov.co\/colombia\/wp-content\/uploads\/LogoHorizontal_1.jpg\",\"contentUrl\":\"https:\/\/www.fiscalia.gov.co\/colombia\/wp-content\/uploads\/LogoHorizontal_1.jpg\",\"width\":300,\"height\":90,\"caption\":\"Fiscal\u00eda General de la Naci\u00f3n\"},\"image\":{\"@id\":\"https:\/\/www.fiscalia.gov.co\/colombia\/#\/schema\/logo\/image\/\"},\"sameAs\":[\"https:\/\/www.facebook.com\/FiscaliaCol\",\"https:\/\/x.com\/FiscaliaCol\",\"https:\/\/www.instagram.com\/fiscaliacol\",\"https:\/\/www.linkedin.com\/company\/fiscalia-general-de-la-naci-n\/\",\"https:\/\/youtube.com\/@fiscaliageneraldelanacion-4668?si=6nN79nyQICPU5iTh\"]},{\"@type\":\"Person\",\"@id\":\"https:\/\/www.fiscalia.gov.co\/colombia\/#\/schema\/person\/b19b49f26569f91393176a2b3d13a0e5\",\"name\":\"Johanna Black Prieto Pe\u00f1a\",\"image\":{\"@type\":\"ImageObject\",\"inLanguage\":\"es-CO\",\"@id\":\"https:\/\/www.fiscalia.gov.co\/colombia\/#\/schema\/person\/image\/\",\"url\":\"https:\/\/secure.gravatar.com\/avatar\/7f04518e1774335e76d761d76f04003e?s=96&d=mm&r=g\",\"contentUrl\":\"https:\/\/secure.gravatar.com\/avatar\/7f04518e1774335e76d761d76f04003e?s=96&d=mm&r=g\",\"caption\":\"Johanna Black Prieto Pe\u00f1a\"},\"url\":\"https:\/\/www.fiscalia.gov.co\/colombia\/author\/jprieto\/\"}]}<\/script>\n<!-- \/ Yoast SEO plugin. -->","yoast_head_json":{"title":"Fiscal\u00eda General de la Naci\u00f3n","description":"P\u00e1gina oficial de la Fiscal\u00eda General de la Naci\u00f3n \u2013 Colombia. Garantizamos el acceso efectivo a la justicia, la verdad y la reparaci\u00f3n de las v\u00edctimas de los delitos.","robots":{"index":"noindex","follow":"follow"},"og_locale":"es_ES","og_type":"article","og_title":"Fiscal\u00eda General de la Naci\u00f3n","og_description":"P\u00e1gina oficial de la Fiscal\u00eda General de la Naci\u00f3n \u2013 Colombia. Garantizamos el acceso efectivo a la justicia, la verdad y la reparaci\u00f3n de las v\u00edctimas de los delitos.","og_url":"https:\/\/www.fiscalia.gov.co\/colombia\/noticias\/a-prision-un-hombre-que-al-parecer-protagonizo-ataque-armado-contra-un-ciudadano-y-le-causo-la-muerte\/","og_site_name":"Fiscal\u00eda General de la Naci\u00f3n","article_publisher":"https:\/\/www.facebook.com\/FiscaliaCol","article_published_time":"2022-01-18T17:14:35+00:00","author":"Johanna Black Prieto Pe\u00f1a","twitter_card":"summary_large_image","twitter_creator":"@FiscaliaCol","twitter_site":"@FiscaliaCol","twitter_misc":{"Escrito por":"Johanna Black Prieto Pe\u00f1a","Tiempo de lectura":"2 minutos"},"schema":{"@context":"https:\/\/schema.org","@graph":[{"@type":"Article","@id":"https:\/\/www.fiscalia.gov.co\/colombia\/noticias\/a-prision-un-hombre-que-al-parecer-protagonizo-ataque-armado-contra-un-ciudadano-y-le-causo-la-muerte\/#article","isPartOf":{"@id":"https:\/\/www.fiscalia.gov.co\/colombia\/noticias\/a-prision-un-hombre-que-al-parecer-protagonizo-ataque-armado-contra-un-ciudadano-y-le-causo-la-muerte\/"},"author":{"name":"Johanna Black Prieto Pe\u00f1a","@id":"https:\/\/www.fiscalia.gov.co\/colombia\/#\/schema\/person\/b19b49f26569f91393176a2b3d13a0e5"},"headline":"A prisi\u00f3n un hombre que al parecer protagoniz\u00f3 ataque armado contra un ciudadano y le caus\u00f3 la muerte\u00a0","datePublished":"2022-01-18T17:14:35+00:00","dateModified":"2022-01-18T17:14:35+00:00","mainEntityOfPage":{"@id":"https:\/\/www.fiscalia.gov.co\/colombia\/noticias\/a-prision-un-hombre-que-al-parecer-protagonizo-ataque-armado-contra-un-ciudadano-y-le-causo-la-muerte\/"},"wordCount":352,"publisher":{"@id":"https:\/\/www.fiscalia.gov.co\/colombia\/#organization"},"keywords":["Fiscal General Francisco Barbosa Delgado","Fiscal\u00eda de Colombia","Fiscal\u00eda General de la Naci\u00f3n","Homicidio","rev\u00f3lver calibre 38","Violencia intrafamiliar"],"articleSection":["Noticias","Seccional Pasto","Seccionales"],"inLanguage":"es-CO"},{"@type":"WebPage","@id":"https:\/\/www.fiscalia.gov.co\/colombia\/noticias\/a-prision-un-hombre-que-al-parecer-protagonizo-ataque-armado-contra-un-ciudadano-y-le-causo-la-muerte\/","url":"https:\/\/www.fiscalia.gov.co\/colombia\/noticias\/a-prision-un-hombre-que-al-parecer-protagonizo-ataque-armado-contra-un-ciudadano-y-le-causo-la-muerte\/","name":"Fiscal\u00eda General de la Naci\u00f3n","isPartOf":{"@id":"https:\/\/www.fiscalia.gov.co\/colombia\/#website"},"datePublished":"2022-01-18T17:14:35+00:00","dateModified":"2022-01-18T17:14:35+00:00","description":"P\u00e1gina oficial de la Fiscal\u00eda General de la Naci\u00f3n \u2013 Colombia. Garantizamos el acceso efectivo a la justicia, la verdad y la reparaci\u00f3n de las v\u00edctimas de los delitos.","breadcrumb":{"@id":"https:\/\/www.fiscalia.gov.co\/colombia\/noticias\/a-prision-un-hombre-que-al-parecer-protagonizo-ataque-armado-contra-un-ciudadano-y-le-causo-la-muerte\/#breadcrumb"},"inLanguage":"es-CO","potentialAction":[{"@type":"ReadAction","target":["https:\/\/www.fiscalia.gov.co\/colombia\/noticias\/a-prision-un-hombre-que-al-parecer-protagonizo-ataque-armado-contra-un-ciudadano-y-le-causo-la-muerte\/"]}]},{"@type":"BreadcrumbList","@id":"https:\/\/www.fiscalia.gov.co\/colombia\/noticias\/a-prision-un-hombre-que-al-parecer-protagonizo-ataque-armado-contra-un-ciudadano-y-le-causo-la-muerte\/#breadcrumb","itemListElement":[{"@type":"ListItem","position":1,"name":"Home","item":"https:\/\/www.fiscalia.gov.co\/colombia\/"},{"@type":"ListItem","position":2,"name":"A prisi\u00f3n un hombre que al parecer protagoniz\u00f3 ataque armado contra un ciudadano y le caus\u00f3 la muerte\u00a0"}]},{"@type":"WebSite","@id":"https:\/\/www.fiscalia.gov.co\/colombia\/#website","url":"https:\/\/www.fiscalia.gov.co\/colombia\/","name":"Fiscal\u00eda General de la Naci\u00f3n","description":"P\u00e1gina oficial de la Fiscal\u00eda General de la Naci\u00f3n \u2013 Colombia. Garantizamos el acceso efectivo a la justicia, la verdad y la reparaci\u00f3n de las v\u00edctimas de los delitos.","publisher":{"@id":"https:\/\/www.fiscalia.gov.co\/colombia\/#organization"},"potentialAction":[{"@type":"SearchAction","target":{"@type":"EntryPoint","urlTemplate":"https:\/\/www.fiscalia.gov.co\/colombia\/?s={search_term_string}"},"query-input":{"@type":"PropertyValueSpecification","valueRequired":true,"valueName":"search_term_string"}}],"inLanguage":"es-CO"},{"@type":"Organization","@id":"https:\/\/www.fiscalia.gov.co\/colombia\/#organization","name":"Fiscal\u00eda General de la Naci\u00f3n","url":"https:\/\/www.fiscalia.gov.co\/colombia\/","logo":{"@type":"ImageObject","inLanguage":"es-CO","@id":"https:\/\/www.fiscalia.gov.co\/colombia\/#\/schema\/logo\/image\/","url":"https:\/\/www.fiscalia.gov.co\/colombia\/wp-content\/uploads\/LogoHorizontal_1.jpg","contentUrl":"https:\/\/www.fiscalia.gov.co\/colombia\/wp-content\/uploads\/LogoHorizontal_1.jpg","width":300,"height":90,"caption":"Fiscal\u00eda General de la Naci\u00f3n"},"image":{"@id":"https:\/\/www.fiscalia.gov.co\/colombia\/#\/schema\/logo\/image\/"},"sameAs":["https:\/\/www.facebook.com\/FiscaliaCol","https:\/\/x.com\/FiscaliaCol","https:\/\/www.instagram.com\/fiscaliacol","https:\/\/www.linkedin.com\/company\/fiscalia-general-de-la-naci-n\/","https:\/\/youtube.com\/@fiscaliageneraldelanacion-4668?si=6nN79nyQICPU5iTh"]},{"@type":"Person","@id":"https:\/\/www.fiscalia.gov.co\/colombia\/#\/schema\/person\/b19b49f26569f91393176a2b3d13a0e5","name":"Johanna Black Prieto Pe\u00f1a","image":{"@type":"ImageObject","inLanguage":"es-CO","@id":"https:\/\/www.fiscalia.gov.co\/colombia\/#\/schema\/person\/image\/","url":"https:\/\/secure.gravatar.com\/avatar\/7f04518e1774335e76d761d76f04003e?s=96&d=mm&r=g","contentUrl":"https:\/\/secure.gravatar.com\/avatar\/7f04518e1774335e76d761d76f04003e?s=96&d=mm&r=g","caption":"Johanna Black Prieto Pe\u00f1a"},"url":"https:\/\/www.fiscalia.gov.co\/colombia\/author\/jprieto\/"}]}},"_links":{"self":[{"href":"https:\/\/www.fiscalia.gov.co\/colombia\/wp-json\/wp\/v2\/posts\/238312","targetHints":{"allow":["GET"]}}],"collection":[{"href":"https:\/\/www.fiscalia.gov.co\/colombia\/wp-json\/wp\/v2\/posts"}],"about":[{"href":"https:\/\/www.fiscalia.gov.co\/colombia\/wp-json\/wp\/v2\/types\/post"}],"author":[{"embeddable":true,"href":"https:\/\/www.fiscalia.gov.co\/colombia\/wp-json\/wp\/v2\/users\/176"}],"replies":[{"embeddable":true,"href":"https:\/\/www.fiscalia.gov.co\/colombia\/wp-json\/wp\/v2\/comments?post=238312"}],"version-history":[{"count":1,"href":"https:\/\/www.fiscalia.gov.co\/colombia\/wp-json\/wp\/v2\/posts\/238312\/revisions"}],"predecessor-version":[{"id":238314,"href":"https:\/\/www.fiscalia.gov.co\/colombia\/wp-json\/wp\/v2\/posts\/238312\/revisions\/238314"}],"wp:attachment":[{"href":"https:\/\/www.fiscalia.gov.co\/colombia\/wp-json\/wp\/v2\/media?parent=238312"}],"wp:term":[{"taxonomy":"category","embeddable":true,"href":"https:\/\/www.fiscalia.gov.co\/colombia\/wp-json\/wp\/v2\/categories?post=238312"},{"taxonomy":"post_tag","embeddable":true,"href":"https:\/\/www.fiscalia.gov.co\/colombia\/wp-json\/wp\/v2\/tags?post=238312"}],"curies":[{"name":"wp","href":"https:\/\/api.w.org\/{rel}","templated":true}]}}