{"id":238291,"date":"2022-01-18T09:35:53","date_gmt":"2022-01-18T14:35:53","guid":{"rendered":"https:\/\/www.fiscalia.gov.co\/colombia\/?p=238291"},"modified":"2022-01-18T09:43:24","modified_gmt":"2022-01-18T14:43:24","slug":"a-la-carcel-alias-gago-presunto-lider-de-una-banda-dedicada-al-hurto-en-la-modalidad-de-cocheo-en-manizales","status":"publish","type":"post","link":"https:\/\/www.fiscalia.gov.co\/colombia\/noticias\/a-la-carcel-alias-gago-presunto-lider-de-una-banda-dedicada-al-hurto-en-la-modalidad-de-cocheo-en-manizales\/","title":{"rendered":"A la c\u00e1rcel alias \u2018Gago\u2019, presunto l\u00edder de una banda dedicada al hurto en la modalidad de \u2018cocheo\u2019 en Manizales"},"content":{"rendered":"<p style=\"font-weight: 400;\">La\u00a0<strong>Fiscal\u00eda General de la Naci\u00f3n Seccional Caldas<\/strong>, judicializ\u00f3 en las \u00faltimas horas a\u00a0<strong>Sebasti\u00e1n Mu\u00f1oz Mar\u00edn, alias \u2018Gago\u2019,<\/strong>\u00a0se\u00f1alado de ser el\u00a0<strong>l\u00edder de una organizaci\u00f3n dedicada al hurto en la modalidad \u2018cocheo\u2019 o robo de art\u00edculos en autom\u00f3viles en Manizales (Caldas).<\/strong><\/p>\n<p style=\"font-weight: 400;\">De acuerdo con la denuncia interpuesta el 2 de agosto de 2021, esta persona, habr\u00eda esperado en una moto a su c\u00f3mplice, quien fue el que se acerc\u00f3 al veh\u00edculo de alta gama y luego de bloquear la alarma, da\u00f1ar una de las chapas de las puertas y romper uno de los vidrios se llev\u00f3 pertenencias por\u00a0<strong>15 millones de pesos<\/strong>, entre ellos un malet\u00edn y ropa.<\/p>\n<p style=\"font-weight: 400;\">En c\u00e1maras de seguridad qued\u00f3 registrado el momento en el que huyen del lugar. Pero al ver que los estaban persiguiendo botaron el malet\u00edn, el cual hasta el momento, seg\u00fan se conoci\u00f3 en las audiencias, se encuentra desaparecido.<\/p>\n<p style=\"font-weight: 400;\">Durante las diligencias, Mu\u00f1oz Mar\u00edn no acept\u00f3 los cargos endilgados y fue cobijado por una juez de control de garant\u00edas con medida de aseguramiento intramuros.<\/p>\n<p style=\"font-weight: 400;\">El procesado tiene cuatro condenas desde el 2011 por el delito de hurto y otras investigaciones en este mismo sentido.<\/p>\n<p style=\"font-weight: 400;\">La moto en la que al parecer cometieron el hurto qued\u00f3 en poder de la Fiscal\u00eda hasta que terminen las investigaciones.<\/p>\n<p style=\"font-weight: 400;\">La\u00a0<strong>Fiscal\u00eda General de la Naci\u00f3n<\/strong>\u00a0habla con resultados.<\/p>\n<p style=\"font-weight: 400;\">JLH\/LJV\/CFG<\/p>\n<p><strong>Tambi\u00e9n le puede interesar:<\/strong><\/p>\n<p><a href=\"https:\/\/www.fiscalia.gov.co\/colombia\/seccionales\/fiscalia-judicializo-a-dos-hombres-que-habrian-ingresado-a-una-residencia-en-el-barrio-la-argentina-de-manizales-para-perpetrar-un-hurto\/\" data-saferedirecturl=\"https:\/\/www.google.com\/url?q=https:\/\/www.fiscalia.gov.co\/colombia\/seccionales\/fiscalia-judicializo-a-dos-hombres-que-habrian-ingresado-a-una-residencia-en-el-barrio-la-argentina-de-manizales-para-perpetrar-un-hurto\/&amp;source=gmail&amp;ust=1642601923027000&amp;usg=AOvVaw1_bB1Na7jSf36JnYs9d700\">Fiscal\u00eda judicializ\u00f3 a dos hombres que habr\u00edan ingresado a una residencia en el barrio La Argentina de Manizales para perpetrar un hurto<\/a><\/p>\n<p>&nbsp;<\/p>\n<p>&nbsp;<\/p>\n\n<div class=\"twitter-share\"><a href=\"https:\/\/twitter.com\/intent\/tweet?via=fiscaliacol\" class=\"twitter-share-button\">Tweet<\/a><\/div>\n","protected":false},"excerpt":{"rendered":"<p>La\u00a0Fiscal\u00eda General de la Naci\u00f3n Seccional Caldas, judicializ\u00f3 en las \u00faltimas horas a\u00a0Sebasti\u00e1n Mu\u00f1oz Mar\u00edn, alias \u2018Gago\u2019,\u00a0se\u00f1alado de ser el\u00a0l\u00edder de una organizaci\u00f3n dedicada al hurto en la modalidad \u2018cocheo\u2019 o robo de art\u00edculos en autom\u00f3viles en Manizales (Caldas). De acuerdo con la denuncia interpuesta el 2 de agosto de 2021, esta persona, habr\u00eda esperado [&hellip;]<\/p>\n","protected":false},"author":176,"featured_media":0,"comment_status":"closed","ping_status":"open","sticky":false,"template":"","format":"standard","meta":{"_price":"","_stock":"","_tribe_ticket_header":"","_tribe_default_ticket_provider":"","_tribe_ticket_capacity":"0","_ticket_start_date":"","_ticket_end_date":"","_tribe_ticket_show_description":"","_tribe_ticket_show_not_going":false,"_tribe_ticket_use_global_stock":"","_tribe_ticket_global_stock_level":"","_global_stock_mode":"","_global_stock_cap":"","_tribe_rsvp_for_event":"","_tribe_ticket_going_count":"","_tribe_ticket_not_going_count":"","_tribe_tickets_list":"[]","_tribe_ticket_has_attendee_info_fields":false,"tdm_status":"","tdm_grid_status":"","footnotes":""},"categories":[1,330,303],"tags":[30055,30054,30052,1047,28362,30051,30053],"class_list":{"0":"post-238291","1":"post","2":"type-post","3":"status-publish","4":"format-standard","6":"category-noticias","7":"category-seccional-manizales","8":"category-seccionales","9":"tag-15-millones-de-pesos","10":"tag-alias-gago","11":"tag-dedicada-al-hurto-en-la-modalidad-cocheo-en-manizales-caldas","12":"tag-fiscalia-general-de-la-nacion","13":"tag-fiscalia-general-de-la-nacion-seccional-caldas","14":"tag-lider-de-una-organizacion","15":"tag-sebastian-munoz-marin"},"yoast_head":"<!-- This site is optimized with the Yoast SEO plugin v24.3 - https:\/\/yoast.com\/wordpress\/plugins\/seo\/ -->\n<title>Fiscal\u00eda General de la Naci\u00f3n<\/title>\n<meta name=\"description\" content=\"P\u00e1gina oficial de la Fiscal\u00eda General de la Naci\u00f3n \u2013 Colombia. Garantizamos el acceso efectivo a la justicia, la verdad y la reparaci\u00f3n de las v\u00edctimas de los delitos.\" \/>\n<meta name=\"robots\" content=\"noindex, follow\" \/>\n<meta property=\"og:locale\" content=\"es_ES\" \/>\n<meta property=\"og:type\" content=\"article\" \/>\n<meta property=\"og:title\" content=\"Fiscal\u00eda General de la Naci\u00f3n\" \/>\n<meta property=\"og:description\" content=\"P\u00e1gina oficial de la Fiscal\u00eda General de la Naci\u00f3n \u2013 Colombia. Garantizamos el acceso efectivo a la justicia, la verdad y la reparaci\u00f3n de las v\u00edctimas de los delitos.\" \/>\n<meta property=\"og:url\" content=\"https:\/\/www.fiscalia.gov.co\/colombia\/noticias\/a-la-carcel-alias-gago-presunto-lider-de-una-banda-dedicada-al-hurto-en-la-modalidad-de-cocheo-en-manizales\/\" \/>\n<meta property=\"og:site_name\" content=\"Fiscal\u00eda General de la Naci\u00f3n\" \/>\n<meta property=\"article:publisher\" content=\"https:\/\/www.facebook.com\/FiscaliaCol\" \/>\n<meta property=\"article:published_time\" content=\"2022-01-18T14:35:53+00:00\" \/>\n<meta property=\"article:modified_time\" content=\"2022-01-18T14:43:24+00:00\" \/>\n<meta name=\"author\" content=\"Johanna Black Prieto Pe\u00f1a\" \/>\n<meta name=\"twitter:card\" content=\"summary_large_image\" \/>\n<meta name=\"twitter:creator\" content=\"@FiscaliaCol\" \/>\n<meta name=\"twitter:site\" content=\"@FiscaliaCol\" \/>\n<meta name=\"twitter:label1\" content=\"Escrito por\" \/>\n\t<meta name=\"twitter:data1\" content=\"Johanna Black Prieto Pe\u00f1a\" \/>\n\t<meta name=\"twitter:label2\" content=\"Tiempo de lectura\" \/>\n\t<meta name=\"twitter:data2\" content=\"1 minuto\" \/>\n<script type=\"application\/ld+json\" class=\"yoast-schema-graph\">{\"@context\":\"https:\/\/schema.org\",\"@graph\":[{\"@type\":\"Article\",\"@id\":\"https:\/\/www.fiscalia.gov.co\/colombia\/noticias\/a-la-carcel-alias-gago-presunto-lider-de-una-banda-dedicada-al-hurto-en-la-modalidad-de-cocheo-en-manizales\/#article\",\"isPartOf\":{\"@id\":\"https:\/\/www.fiscalia.gov.co\/colombia\/noticias\/a-la-carcel-alias-gago-presunto-lider-de-una-banda-dedicada-al-hurto-en-la-modalidad-de-cocheo-en-manizales\/\"},\"author\":{\"name\":\"Johanna Black Prieto Pe\u00f1a\",\"@id\":\"https:\/\/www.fiscalia.gov.co\/colombia\/#\/schema\/person\/b19b49f26569f91393176a2b3d13a0e5\"},\"headline\":\"A la c\u00e1rcel alias \u2018Gago\u2019, presunto l\u00edder de una banda dedicada al hurto en la modalidad de \u2018cocheo\u2019 en Manizales\",\"datePublished\":\"2022-01-18T14:35:53+00:00\",\"dateModified\":\"2022-01-18T14:43:24+00:00\",\"mainEntityOfPage\":{\"@id\":\"https:\/\/www.fiscalia.gov.co\/colombia\/noticias\/a-la-carcel-alias-gago-presunto-lider-de-una-banda-dedicada-al-hurto-en-la-modalidad-de-cocheo-en-manizales\/\"},\"wordCount\":299,\"publisher\":{\"@id\":\"https:\/\/www.fiscalia.gov.co\/colombia\/#organization\"},\"keywords\":[\"15 millones de pesos\",\"alias Gago\",\"dedicada al hurto en la modalidad cocheo en Manizales (Caldas)\",\"Fiscal\u00eda General de la Naci\u00f3n\",\"Fiscal\u00eda General de la Naci\u00f3n Seccional Caldas\",\"l\u00edder de una organizaci\u00f3n\",\"Sebasti\u00e1n Mu\u00f1oz Mar\u00edn\"],\"articleSection\":[\"Noticias\",\"Seccional Manizales\",\"Seccionales\"],\"inLanguage\":\"es-CO\"},{\"@type\":\"WebPage\",\"@id\":\"https:\/\/www.fiscalia.gov.co\/colombia\/noticias\/a-la-carcel-alias-gago-presunto-lider-de-una-banda-dedicada-al-hurto-en-la-modalidad-de-cocheo-en-manizales\/\",\"url\":\"https:\/\/www.fiscalia.gov.co\/colombia\/noticias\/a-la-carcel-alias-gago-presunto-lider-de-una-banda-dedicada-al-hurto-en-la-modalidad-de-cocheo-en-manizales\/\",\"name\":\"Fiscal\u00eda General de la Naci\u00f3n\",\"isPartOf\":{\"@id\":\"https:\/\/www.fiscalia.gov.co\/colombia\/#website\"},\"datePublished\":\"2022-01-18T14:35:53+00:00\",\"dateModified\":\"2022-01-18T14:43:24+00:00\",\"description\":\"P\u00e1gina oficial de la Fiscal\u00eda General de la Naci\u00f3n \u2013 Colombia. Garantizamos el acceso efectivo a la justicia, la verdad y la reparaci\u00f3n de las v\u00edctimas de los delitos.\",\"breadcrumb\":{\"@id\":\"https:\/\/www.fiscalia.gov.co\/colombia\/noticias\/a-la-carcel-alias-gago-presunto-lider-de-una-banda-dedicada-al-hurto-en-la-modalidad-de-cocheo-en-manizales\/#breadcrumb\"},\"inLanguage\":\"es-CO\",\"potentialAction\":[{\"@type\":\"ReadAction\",\"target\":[\"https:\/\/www.fiscalia.gov.co\/colombia\/noticias\/a-la-carcel-alias-gago-presunto-lider-de-una-banda-dedicada-al-hurto-en-la-modalidad-de-cocheo-en-manizales\/\"]}]},{\"@type\":\"BreadcrumbList\",\"@id\":\"https:\/\/www.fiscalia.gov.co\/colombia\/noticias\/a-la-carcel-alias-gago-presunto-lider-de-una-banda-dedicada-al-hurto-en-la-modalidad-de-cocheo-en-manizales\/#breadcrumb\",\"itemListElement\":[{\"@type\":\"ListItem\",\"position\":1,\"name\":\"Home\",\"item\":\"https:\/\/www.fiscalia.gov.co\/colombia\/\"},{\"@type\":\"ListItem\",\"position\":2,\"name\":\"A la c\u00e1rcel alias \u2018Gago\u2019, presunto l\u00edder de una banda dedicada al hurto en la modalidad de \u2018cocheo\u2019 en Manizales\"}]},{\"@type\":\"WebSite\",\"@id\":\"https:\/\/www.fiscalia.gov.co\/colombia\/#website\",\"url\":\"https:\/\/www.fiscalia.gov.co\/colombia\/\",\"name\":\"Fiscal\u00eda General de la Naci\u00f3n\",\"description\":\"P\u00e1gina oficial de la Fiscal\u00eda General de la Naci\u00f3n \u2013 Colombia. Garantizamos el acceso efectivo a la justicia, la verdad y la reparaci\u00f3n de las v\u00edctimas de los delitos.\",\"publisher\":{\"@id\":\"https:\/\/www.fiscalia.gov.co\/colombia\/#organization\"},\"potentialAction\":[{\"@type\":\"SearchAction\",\"target\":{\"@type\":\"EntryPoint\",\"urlTemplate\":\"https:\/\/www.fiscalia.gov.co\/colombia\/?s={search_term_string}\"},\"query-input\":{\"@type\":\"PropertyValueSpecification\",\"valueRequired\":true,\"valueName\":\"search_term_string\"}}],\"inLanguage\":\"es-CO\"},{\"@type\":\"Organization\",\"@id\":\"https:\/\/www.fiscalia.gov.co\/colombia\/#organization\",\"name\":\"Fiscal\u00eda General de la Naci\u00f3n\",\"url\":\"https:\/\/www.fiscalia.gov.co\/colombia\/\",\"logo\":{\"@type\":\"ImageObject\",\"inLanguage\":\"es-CO\",\"@id\":\"https:\/\/www.fiscalia.gov.co\/colombia\/#\/schema\/logo\/image\/\",\"url\":\"https:\/\/www.fiscalia.gov.co\/colombia\/wp-content\/uploads\/LogoHorizontal_1.jpg\",\"contentUrl\":\"https:\/\/www.fiscalia.gov.co\/colombia\/wp-content\/uploads\/LogoHorizontal_1.jpg\",\"width\":300,\"height\":90,\"caption\":\"Fiscal\u00eda General de la Naci\u00f3n\"},\"image\":{\"@id\":\"https:\/\/www.fiscalia.gov.co\/colombia\/#\/schema\/logo\/image\/\"},\"sameAs\":[\"https:\/\/www.facebook.com\/FiscaliaCol\",\"https:\/\/x.com\/FiscaliaCol\",\"https:\/\/www.instagram.com\/fiscaliacol\",\"https:\/\/www.linkedin.com\/company\/fiscalia-general-de-la-naci-n\/\",\"https:\/\/youtube.com\/@fiscaliageneraldelanacion-4668?si=6nN79nyQICPU5iTh\"]},{\"@type\":\"Person\",\"@id\":\"https:\/\/www.fiscalia.gov.co\/colombia\/#\/schema\/person\/b19b49f26569f91393176a2b3d13a0e5\",\"name\":\"Johanna Black Prieto Pe\u00f1a\",\"image\":{\"@type\":\"ImageObject\",\"inLanguage\":\"es-CO\",\"@id\":\"https:\/\/www.fiscalia.gov.co\/colombia\/#\/schema\/person\/image\/\",\"url\":\"https:\/\/secure.gravatar.com\/avatar\/7f04518e1774335e76d761d76f04003e?s=96&d=mm&r=g\",\"contentUrl\":\"https:\/\/secure.gravatar.com\/avatar\/7f04518e1774335e76d761d76f04003e?s=96&d=mm&r=g\",\"caption\":\"Johanna Black Prieto Pe\u00f1a\"},\"url\":\"https:\/\/www.fiscalia.gov.co\/colombia\/author\/jprieto\/\"}]}<\/script>\n<!-- \/ Yoast SEO plugin. -->","yoast_head_json":{"title":"Fiscal\u00eda General de la Naci\u00f3n","description":"P\u00e1gina oficial de la Fiscal\u00eda General de la Naci\u00f3n \u2013 Colombia. Garantizamos el acceso efectivo a la justicia, la verdad y la reparaci\u00f3n de las v\u00edctimas de los delitos.","robots":{"index":"noindex","follow":"follow"},"og_locale":"es_ES","og_type":"article","og_title":"Fiscal\u00eda General de la Naci\u00f3n","og_description":"P\u00e1gina oficial de la Fiscal\u00eda General de la Naci\u00f3n \u2013 Colombia. Garantizamos el acceso efectivo a la justicia, la verdad y la reparaci\u00f3n de las v\u00edctimas de los delitos.","og_url":"https:\/\/www.fiscalia.gov.co\/colombia\/noticias\/a-la-carcel-alias-gago-presunto-lider-de-una-banda-dedicada-al-hurto-en-la-modalidad-de-cocheo-en-manizales\/","og_site_name":"Fiscal\u00eda General de la Naci\u00f3n","article_publisher":"https:\/\/www.facebook.com\/FiscaliaCol","article_published_time":"2022-01-18T14:35:53+00:00","article_modified_time":"2022-01-18T14:43:24+00:00","author":"Johanna Black Prieto Pe\u00f1a","twitter_card":"summary_large_image","twitter_creator":"@FiscaliaCol","twitter_site":"@FiscaliaCol","twitter_misc":{"Escrito por":"Johanna Black Prieto Pe\u00f1a","Tiempo de lectura":"1 minuto"},"schema":{"@context":"https:\/\/schema.org","@graph":[{"@type":"Article","@id":"https:\/\/www.fiscalia.gov.co\/colombia\/noticias\/a-la-carcel-alias-gago-presunto-lider-de-una-banda-dedicada-al-hurto-en-la-modalidad-de-cocheo-en-manizales\/#article","isPartOf":{"@id":"https:\/\/www.fiscalia.gov.co\/colombia\/noticias\/a-la-carcel-alias-gago-presunto-lider-de-una-banda-dedicada-al-hurto-en-la-modalidad-de-cocheo-en-manizales\/"},"author":{"name":"Johanna Black Prieto Pe\u00f1a","@id":"https:\/\/www.fiscalia.gov.co\/colombia\/#\/schema\/person\/b19b49f26569f91393176a2b3d13a0e5"},"headline":"A la c\u00e1rcel alias \u2018Gago\u2019, presunto l\u00edder de una banda dedicada al hurto en la modalidad de \u2018cocheo\u2019 en Manizales","datePublished":"2022-01-18T14:35:53+00:00","dateModified":"2022-01-18T14:43:24+00:00","mainEntityOfPage":{"@id":"https:\/\/www.fiscalia.gov.co\/colombia\/noticias\/a-la-carcel-alias-gago-presunto-lider-de-una-banda-dedicada-al-hurto-en-la-modalidad-de-cocheo-en-manizales\/"},"wordCount":299,"publisher":{"@id":"https:\/\/www.fiscalia.gov.co\/colombia\/#organization"},"keywords":["15 millones de pesos","alias Gago","dedicada al hurto en la modalidad cocheo en Manizales (Caldas)","Fiscal\u00eda General de la Naci\u00f3n","Fiscal\u00eda General de la Naci\u00f3n Seccional Caldas","l\u00edder de una organizaci\u00f3n","Sebasti\u00e1n Mu\u00f1oz Mar\u00edn"],"articleSection":["Noticias","Seccional Manizales","Seccionales"],"inLanguage":"es-CO"},{"@type":"WebPage","@id":"https:\/\/www.fiscalia.gov.co\/colombia\/noticias\/a-la-carcel-alias-gago-presunto-lider-de-una-banda-dedicada-al-hurto-en-la-modalidad-de-cocheo-en-manizales\/","url":"https:\/\/www.fiscalia.gov.co\/colombia\/noticias\/a-la-carcel-alias-gago-presunto-lider-de-una-banda-dedicada-al-hurto-en-la-modalidad-de-cocheo-en-manizales\/","name":"Fiscal\u00eda General de la Naci\u00f3n","isPartOf":{"@id":"https:\/\/www.fiscalia.gov.co\/colombia\/#website"},"datePublished":"2022-01-18T14:35:53+00:00","dateModified":"2022-01-18T14:43:24+00:00","description":"P\u00e1gina oficial de la Fiscal\u00eda General de la Naci\u00f3n \u2013 Colombia. Garantizamos el acceso efectivo a la justicia, la verdad y la reparaci\u00f3n de las v\u00edctimas de los delitos.","breadcrumb":{"@id":"https:\/\/www.fiscalia.gov.co\/colombia\/noticias\/a-la-carcel-alias-gago-presunto-lider-de-una-banda-dedicada-al-hurto-en-la-modalidad-de-cocheo-en-manizales\/#breadcrumb"},"inLanguage":"es-CO","potentialAction":[{"@type":"ReadAction","target":["https:\/\/www.fiscalia.gov.co\/colombia\/noticias\/a-la-carcel-alias-gago-presunto-lider-de-una-banda-dedicada-al-hurto-en-la-modalidad-de-cocheo-en-manizales\/"]}]},{"@type":"BreadcrumbList","@id":"https:\/\/www.fiscalia.gov.co\/colombia\/noticias\/a-la-carcel-alias-gago-presunto-lider-de-una-banda-dedicada-al-hurto-en-la-modalidad-de-cocheo-en-manizales\/#breadcrumb","itemListElement":[{"@type":"ListItem","position":1,"name":"Home","item":"https:\/\/www.fiscalia.gov.co\/colombia\/"},{"@type":"ListItem","position":2,"name":"A la c\u00e1rcel alias \u2018Gago\u2019, presunto l\u00edder de una banda dedicada al hurto en la modalidad de \u2018cocheo\u2019 en Manizales"}]},{"@type":"WebSite","@id":"https:\/\/www.fiscalia.gov.co\/colombia\/#website","url":"https:\/\/www.fiscalia.gov.co\/colombia\/","name":"Fiscal\u00eda General de la Naci\u00f3n","description":"P\u00e1gina oficial de la Fiscal\u00eda General de la Naci\u00f3n \u2013 Colombia. Garantizamos el acceso efectivo a la justicia, la verdad y la reparaci\u00f3n de las v\u00edctimas de los delitos.","publisher":{"@id":"https:\/\/www.fiscalia.gov.co\/colombia\/#organization"},"potentialAction":[{"@type":"SearchAction","target":{"@type":"EntryPoint","urlTemplate":"https:\/\/www.fiscalia.gov.co\/colombia\/?s={search_term_string}"},"query-input":{"@type":"PropertyValueSpecification","valueRequired":true,"valueName":"search_term_string"}}],"inLanguage":"es-CO"},{"@type":"Organization","@id":"https:\/\/www.fiscalia.gov.co\/colombia\/#organization","name":"Fiscal\u00eda General de la Naci\u00f3n","url":"https:\/\/www.fiscalia.gov.co\/colombia\/","logo":{"@type":"ImageObject","inLanguage":"es-CO","@id":"https:\/\/www.fiscalia.gov.co\/colombia\/#\/schema\/logo\/image\/","url":"https:\/\/www.fiscalia.gov.co\/colombia\/wp-content\/uploads\/LogoHorizontal_1.jpg","contentUrl":"https:\/\/www.fiscalia.gov.co\/colombia\/wp-content\/uploads\/LogoHorizontal_1.jpg","width":300,"height":90,"caption":"Fiscal\u00eda General de la Naci\u00f3n"},"image":{"@id":"https:\/\/www.fiscalia.gov.co\/colombia\/#\/schema\/logo\/image\/"},"sameAs":["https:\/\/www.facebook.com\/FiscaliaCol","https:\/\/x.com\/FiscaliaCol","https:\/\/www.instagram.com\/fiscaliacol","https:\/\/www.linkedin.com\/company\/fiscalia-general-de-la-naci-n\/","https:\/\/youtube.com\/@fiscaliageneraldelanacion-4668?si=6nN79nyQICPU5iTh"]},{"@type":"Person","@id":"https:\/\/www.fiscalia.gov.co\/colombia\/#\/schema\/person\/b19b49f26569f91393176a2b3d13a0e5","name":"Johanna Black Prieto Pe\u00f1a","image":{"@type":"ImageObject","inLanguage":"es-CO","@id":"https:\/\/www.fiscalia.gov.co\/colombia\/#\/schema\/person\/image\/","url":"https:\/\/secure.gravatar.com\/avatar\/7f04518e1774335e76d761d76f04003e?s=96&d=mm&r=g","contentUrl":"https:\/\/secure.gravatar.com\/avatar\/7f04518e1774335e76d761d76f04003e?s=96&d=mm&r=g","caption":"Johanna Black Prieto Pe\u00f1a"},"url":"https:\/\/www.fiscalia.gov.co\/colombia\/author\/jprieto\/"}]}},"_links":{"self":[{"href":"https:\/\/www.fiscalia.gov.co\/colombia\/wp-json\/wp\/v2\/posts\/238291","targetHints":{"allow":["GET"]}}],"collection":[{"href":"https:\/\/www.fiscalia.gov.co\/colombia\/wp-json\/wp\/v2\/posts"}],"about":[{"href":"https:\/\/www.fiscalia.gov.co\/colombia\/wp-json\/wp\/v2\/types\/post"}],"author":[{"embeddable":true,"href":"https:\/\/www.fiscalia.gov.co\/colombia\/wp-json\/wp\/v2\/users\/176"}],"replies":[{"embeddable":true,"href":"https:\/\/www.fiscalia.gov.co\/colombia\/wp-json\/wp\/v2\/comments?post=238291"}],"version-history":[{"count":1,"href":"https:\/\/www.fiscalia.gov.co\/colombia\/wp-json\/wp\/v2\/posts\/238291\/revisions"}],"predecessor-version":[{"id":238292,"href":"https:\/\/www.fiscalia.gov.co\/colombia\/wp-json\/wp\/v2\/posts\/238291\/revisions\/238292"}],"wp:attachment":[{"href":"https:\/\/www.fiscalia.gov.co\/colombia\/wp-json\/wp\/v2\/media?parent=238291"}],"wp:term":[{"taxonomy":"category","embeddable":true,"href":"https:\/\/www.fiscalia.gov.co\/colombia\/wp-json\/wp\/v2\/categories?post=238291"},{"taxonomy":"post_tag","embeddable":true,"href":"https:\/\/www.fiscalia.gov.co\/colombia\/wp-json\/wp\/v2\/tags?post=238291"}],"curies":[{"name":"wp","href":"https:\/\/api.w.org\/{rel}","templated":true}]}}