{"id":238258,"date":"2022-01-17T16:18:05","date_gmt":"2022-01-17T21:18:05","guid":{"rendered":"https:\/\/www.fiscalia.gov.co\/colombia\/?p=238258"},"modified":"2022-01-17T16:24:15","modified_gmt":"2022-01-17T21:24:15","slug":"carcel-para-alias-victor-presunto-disidente-de-las-farc-que-habria-participado-en-el-ataque-a-una-estacion-de-policia","status":"publish","type":"post","link":"https:\/\/www.fiscalia.gov.co\/colombia\/noticias\/carcel-para-alias-victor-presunto-disidente-de-las-farc-que-habria-participado-en-el-ataque-a-una-estacion-de-policia\/","title":{"rendered":"C\u00e1rcel para alias V\u00edctor, presunto disidente de las Farc que habr\u00eda participado en el ataque a una estaci\u00f3n de Polic\u00eda\u00a0"},"content":{"rendered":"<h4 style=\"font-weight: 400;\"><strong><em>Dos menores de 14 y 17 a\u00f1os fueron cobijados con internamiento preventivo, luego de ser aprehendidos portando presuntamente armas de fuego y munici\u00f3n.<\/em><\/strong><\/h4>\n<figure id=\"attachment_238259\" aria-describedby=\"caption-attachment-238259\" style=\"width: 1280px\" class=\"wp-caption alignnone\"><img loading=\"lazy\" decoding=\"async\" class=\"size-full wp-image-238259\" src=\"https:\/\/www.fiscalia.gov.co\/colombia\/wp-content\/uploads\/Jair-Valencia-Sol\u00eds-alias-V\u00edctor-columna-Jaima-Mart\u00ednez.jpeg\" alt=\"\" width=\"1280\" height=\"683\" srcset=\"https:\/\/www.fiscalia.gov.co\/colombia\/wp-content\/uploads\/Jair-Valencia-Sol\u00eds-alias-V\u00edctor-columna-Jaima-Mart\u00ednez.jpeg 1280w, https:\/\/www.fiscalia.gov.co\/colombia\/wp-content\/uploads\/Jair-Valencia-Sol\u00eds-alias-V\u00edctor-columna-Jaima-Mart\u00ednez-300x160.jpeg 300w, https:\/\/www.fiscalia.gov.co\/colombia\/wp-content\/uploads\/Jair-Valencia-Sol\u00eds-alias-V\u00edctor-columna-Jaima-Mart\u00ednez-1024x546.jpeg 1024w, https:\/\/www.fiscalia.gov.co\/colombia\/wp-content\/uploads\/Jair-Valencia-Sol\u00eds-alias-V\u00edctor-columna-Jaima-Mart\u00ednez-768x410.jpeg 768w, https:\/\/www.fiscalia.gov.co\/colombia\/wp-content\/uploads\/Jair-Valencia-Sol\u00eds-alias-V\u00edctor-columna-Jaima-Mart\u00ednez-696x371.jpeg 696w, https:\/\/www.fiscalia.gov.co\/colombia\/wp-content\/uploads\/Jair-Valencia-Sol\u00eds-alias-V\u00edctor-columna-Jaima-Mart\u00ednez-1068x570.jpeg 1068w, https:\/\/www.fiscalia.gov.co\/colombia\/wp-content\/uploads\/Jair-Valencia-Sol\u00eds-alias-V\u00edctor-columna-Jaima-Mart\u00ednez-787x420.jpeg 787w\" sizes=\"auto, (max-width: 1280px) 100vw, 1280px\" \/><figcaption id=\"caption-attachment-238259\" class=\"wp-caption-text\">Jair Valencia Sol\u00eds, alias V\u00edctor, presunto integrante de la disidencia Columna Jaime Mart\u00ednez, fue asegurado en centro carcelario, mientras que dos menores de edad quedaron con medida de internamiento preventivo.<\/figcaption><\/figure>\n<p style=\"font-weight: 400;\">Un juez de control de garant\u00edas priv\u00f3 de la libertad en centro carcelario a Jair Valencia Sol\u00eds, alias V\u00edctor, se\u00f1alado de pertenecer al grupo residual\u00a0<a href=\"https:\/\/www.fiscalia.gov.co\/colombia\/noticias\/a-la-carcel-tres-hombres-senalados-de-secuestrar-a-una-empresaria-avicola-en-valle-del-cauca\/\" data-saferedirecturl=\"https:\/\/www.google.com\/url?q=https:\/\/www.fiscalia.gov.co\/colombia\/noticias\/a-la-carcel-tres-hombres-senalados-de-secuestrar-a-una-empresaria-avicola-en-valle-del-cauca\/&amp;source=gmail&amp;ust=1642540323664000&amp;usg=AOvVaw1o5K_P1gB_xJkqwanX6Fki\">Columna Jaime Mart\u00ednez<\/a>,\u00a0luego de que la Fiscal\u00eda le imput\u00f3 los delitos de\u00a0fabricaci\u00f3n, tr\u00e1fico y porte de armas de fuego, accesorios, partes y municiones de uso restringido, de uso privativo de las Fuerzas Armadas o explosivos en concurso con\u00a0<strong>uso de menores de edad para la comisi\u00f3n de delitos<\/strong>.<\/p>\n<p style=\"font-weight: 400;\">Por otra parte, un juez de\u00a0<strong>Infancia y Adolescencia<\/strong>\u00a0impuso medida de internamiento preventivo en Centro de Atenci\u00f3n Especializado (CAE) contra dos menores de 14 y 17 a\u00f1os, quienes al parecer hac\u00edan parte de la citada estructura.<\/p>\n<p style=\"font-weight: 400;\">Se presume que los tres investigados participaron en el ataque a la Estaci\u00f3n de Polic\u00eda del corregimiento El Queremal, municipio de Dagua, occidente del Valle, el 13 de enero \u00faltimo.<\/p>\n<p style=\"font-weight: 400;\">Al\u00edas V\u00edctor fue detenido en la vereda El Placer por unidades del Ej\u00e9rcito Nacional y la Polic\u00eda Nacional. En ese momento le fue incautada una\u00a0<strong>granada de fragmentaci\u00f3n<\/strong>, mientras que a los dos menores aprehendidos les hallaron\u00a0<a href=\"https:\/\/www.fiscalia.gov.co\/colombia\/noticias\/carcel-para-dos-hombres-que-al-parecer-portaban-ilegalmente-una-pistola-9-milimetros-en-buenaventura\/\" data-saferedirecturl=\"https:\/\/www.google.com\/url?q=https:\/\/www.fiscalia.gov.co\/colombia\/noticias\/carcel-para-dos-hombres-que-al-parecer-portaban-ilegalmente-una-pistola-9-milimetros-en-buenaventura\/&amp;source=gmail&amp;ust=1642540323664000&amp;usg=AOvVaw2pTrr2IyzmbxK3q6XJzQ3D\">dos pistolas 9 mil\u00edmetros<\/a>\u00a0con sus proveedores y 57 cartuchos del mismo calibre.<\/p>\n<p style=\"font-weight: 400;\">El adulto fue trasladado a la c\u00e1rcel de Villahermosa en la capital del Valle, para que cumpla la medida de aseguramiento impuesta.<\/p>\n<p style=\"font-weight: 400;\">Esta informaci\u00f3n se publica por razones de inter\u00e9s general.<\/p>\n<p style=\"font-weight: 400;\">La Fiscal\u00eda General de la Naci\u00f3n habla con resultados.<\/p>\n<p style=\"font-weight: 400;\">JGPV\/SEG\/DLBM<\/p>\n<p style=\"font-weight: 400;\"><em>La informaci\u00f3n contenida en este bolet\u00edn de prensa corresponde a la narraci\u00f3n de los hechos noticiosos objetivos, suministrados por los funcionarios encargados de adelantar las investigaciones penales al interior de la Fiscal\u00eda General de la Naci\u00f3n. Para el momento de la divulgaci\u00f3n de este comunicado, la situaci\u00f3n jur\u00eddica de la(s) persona(s) relacionada(s) se encuentra pendiente de resolver por la autoridad judicial competente, siempre bajo los preceptos de la presunci\u00f3n de inocencia, consagrados en el art\u00edculo 29 de la Constituci\u00f3n Pol\u00edtica y el art\u00edculo 7\u00ba de la Ley 906 de 2004.<\/em><\/p>\n<p style=\"font-weight: 400;\"><em><br \/>\n<\/em><strong>Le puede interesar:<\/strong>\u00a0<a href=\"https:\/\/www.fiscalia.gov.co\/colombia\/noticias\/fiscalia-judicializo-a-tres-presuntos-integrantes-de-la-disidencia-columna-jaime-martinez-en-buenaventura\/\" data-saferedirecturl=\"https:\/\/www.google.com\/url?q=https:\/\/www.fiscalia.gov.co\/colombia\/noticias\/fiscalia-judicializo-a-tres-presuntos-integrantes-de-la-disidencia-columna-jaime-martinez-en-buenaventura\/&amp;source=gmail&amp;ust=1642540323664000&amp;usg=AOvVaw3ZICn_EjdGPPWSZ4WvAzgI\">Fiscal\u00eda judicializ\u00f3 a tres presuntos integrantes de la disidencia columna Jaime Mart\u00ednez en Buenaventura<\/a><\/p>\n\n<div class=\"twitter-share\"><a href=\"https:\/\/twitter.com\/intent\/tweet?via=fiscaliacol\" class=\"twitter-share-button\">Tweet<\/a><\/div>\n","protected":false},"excerpt":{"rendered":"<p>Dos menores de 14 y 17 a\u00f1os fueron cobijados con internamiento preventivo, luego de ser aprehendidos portando presuntamente armas de fuego y munici\u00f3n. Un juez de control de garant\u00edas priv\u00f3 de la libertad en centro carcelario a Jair Valencia Sol\u00eds, alias V\u00edctor, se\u00f1alado de pertenecer al grupo residual\u00a0Columna Jaime Mart\u00ednez,\u00a0luego de que la Fiscal\u00eda le [&hellip;]<\/p>\n","protected":false},"author":176,"featured_media":0,"comment_status":"closed","ping_status":"open","sticky":false,"template":"","format":"standard","meta":{"_price":"","_stock":"","_tribe_ticket_header":"","_tribe_default_ticket_provider":"","_tribe_ticket_capacity":"0","_ticket_start_date":"","_ticket_end_date":"","_tribe_ticket_show_description":"","_tribe_ticket_show_not_going":false,"_tribe_ticket_use_global_stock":"","_tribe_ticket_global_stock_level":"","_global_stock_mode":"","_global_stock_cap":"","_tribe_rsvp_for_event":"","_tribe_ticket_going_count":"","_tribe_ticket_not_going_count":"","_tribe_tickets_list":"[]","_tribe_ticket_has_attendee_info_fields":false,"tdm_status":"","tdm_grid_status":"","footnotes":""},"categories":[24098,1,324,303],"tags":[29214,30044,24526,24481,1047],"class_list":{"0":"post-238258","1":"post","2":"type-post","3":"status-publish","4":"format-standard","6":"category-crimen-organizado","7":"category-noticias","8":"category-seccional-cali","9":"category-seccionales","10":"tag-columna-jaime-martinez","11":"tag-dos-pistolas-9-milimetros","12":"tag-fiscal-general-francisco-barbosa-delgado","13":"tag-fiscalia-de-colombia","14":"tag-fiscalia-general-de-la-nacion"},"yoast_head":"<!-- This site is optimized with the Yoast SEO plugin v24.3 - https:\/\/yoast.com\/wordpress\/plugins\/seo\/ -->\n<title>Fiscal\u00eda General de la Naci\u00f3n<\/title>\n<meta name=\"description\" content=\"P\u00e1gina oficial de la Fiscal\u00eda General de la Naci\u00f3n \u2013 Colombia. Garantizamos el acceso efectivo a la justicia, la verdad y la reparaci\u00f3n de las v\u00edctimas de los delitos.\" \/>\n<meta name=\"robots\" content=\"noindex, follow\" \/>\n<meta property=\"og:locale\" content=\"es_ES\" \/>\n<meta property=\"og:type\" content=\"article\" \/>\n<meta property=\"og:title\" content=\"Fiscal\u00eda General de la Naci\u00f3n\" \/>\n<meta property=\"og:description\" content=\"P\u00e1gina oficial de la Fiscal\u00eda General de la Naci\u00f3n \u2013 Colombia. Garantizamos el acceso efectivo a la justicia, la verdad y la reparaci\u00f3n de las v\u00edctimas de los delitos.\" \/>\n<meta property=\"og:url\" content=\"https:\/\/www.fiscalia.gov.co\/colombia\/noticias\/carcel-para-alias-victor-presunto-disidente-de-las-farc-que-habria-participado-en-el-ataque-a-una-estacion-de-policia\/\" \/>\n<meta property=\"og:site_name\" content=\"Fiscal\u00eda General de la Naci\u00f3n\" \/>\n<meta property=\"article:publisher\" content=\"https:\/\/www.facebook.com\/FiscaliaCol\" \/>\n<meta property=\"article:published_time\" content=\"2022-01-17T21:18:05+00:00\" \/>\n<meta property=\"article:modified_time\" content=\"2022-01-17T21:24:15+00:00\" \/>\n<meta name=\"author\" content=\"Johanna Black Prieto Pe\u00f1a\" \/>\n<meta name=\"twitter:card\" content=\"summary_large_image\" \/>\n<meta name=\"twitter:creator\" content=\"@FiscaliaCol\" \/>\n<meta name=\"twitter:site\" content=\"@FiscaliaCol\" \/>\n<meta name=\"twitter:label1\" content=\"Escrito por\" \/>\n\t<meta name=\"twitter:data1\" content=\"Johanna Black Prieto Pe\u00f1a\" \/>\n\t<meta name=\"twitter:label2\" content=\"Tiempo de lectura\" \/>\n\t<meta name=\"twitter:data2\" content=\"2 minutos\" \/>\n<script type=\"application\/ld+json\" class=\"yoast-schema-graph\">{\"@context\":\"https:\/\/schema.org\",\"@graph\":[{\"@type\":\"Article\",\"@id\":\"https:\/\/www.fiscalia.gov.co\/colombia\/noticias\/carcel-para-alias-victor-presunto-disidente-de-las-farc-que-habria-participado-en-el-ataque-a-una-estacion-de-policia\/#article\",\"isPartOf\":{\"@id\":\"https:\/\/www.fiscalia.gov.co\/colombia\/noticias\/carcel-para-alias-victor-presunto-disidente-de-las-farc-que-habria-participado-en-el-ataque-a-una-estacion-de-policia\/\"},\"author\":{\"name\":\"Johanna Black Prieto Pe\u00f1a\",\"@id\":\"https:\/\/www.fiscalia.gov.co\/colombia\/#\/schema\/person\/b19b49f26569f91393176a2b3d13a0e5\"},\"headline\":\"C\u00e1rcel para alias V\u00edctor, presunto disidente de las Farc que habr\u00eda participado en el ataque a una estaci\u00f3n de Polic\u00eda\u00a0\",\"datePublished\":\"2022-01-17T21:18:05+00:00\",\"dateModified\":\"2022-01-17T21:24:15+00:00\",\"mainEntityOfPage\":{\"@id\":\"https:\/\/www.fiscalia.gov.co\/colombia\/noticias\/carcel-para-alias-victor-presunto-disidente-de-las-farc-que-habria-participado-en-el-ataque-a-una-estacion-de-policia\/\"},\"wordCount\":464,\"publisher\":{\"@id\":\"https:\/\/www.fiscalia.gov.co\/colombia\/#organization\"},\"keywords\":[\"columna Jaime Mart\u00ednez\",\"dos pistolas 9 mil\u00edmetros\",\"Fiscal General Francisco Barbosa Delgado\",\"Fiscal\u00eda de Colombia\",\"Fiscal\u00eda General de la Naci\u00f3n\"],\"articleSection\":[\"Crimen organizado\",\"Noticias\",\"Seccional Cali\",\"Seccionales\"],\"inLanguage\":\"es-CO\"},{\"@type\":\"WebPage\",\"@id\":\"https:\/\/www.fiscalia.gov.co\/colombia\/noticias\/carcel-para-alias-victor-presunto-disidente-de-las-farc-que-habria-participado-en-el-ataque-a-una-estacion-de-policia\/\",\"url\":\"https:\/\/www.fiscalia.gov.co\/colombia\/noticias\/carcel-para-alias-victor-presunto-disidente-de-las-farc-que-habria-participado-en-el-ataque-a-una-estacion-de-policia\/\",\"name\":\"Fiscal\u00eda General de la Naci\u00f3n\",\"isPartOf\":{\"@id\":\"https:\/\/www.fiscalia.gov.co\/colombia\/#website\"},\"datePublished\":\"2022-01-17T21:18:05+00:00\",\"dateModified\":\"2022-01-17T21:24:15+00:00\",\"description\":\"P\u00e1gina oficial de la Fiscal\u00eda General de la Naci\u00f3n \u2013 Colombia. Garantizamos el acceso efectivo a la justicia, la verdad y la reparaci\u00f3n de las v\u00edctimas de los delitos.\",\"breadcrumb\":{\"@id\":\"https:\/\/www.fiscalia.gov.co\/colombia\/noticias\/carcel-para-alias-victor-presunto-disidente-de-las-farc-que-habria-participado-en-el-ataque-a-una-estacion-de-policia\/#breadcrumb\"},\"inLanguage\":\"es-CO\",\"potentialAction\":[{\"@type\":\"ReadAction\",\"target\":[\"https:\/\/www.fiscalia.gov.co\/colombia\/noticias\/carcel-para-alias-victor-presunto-disidente-de-las-farc-que-habria-participado-en-el-ataque-a-una-estacion-de-policia\/\"]}]},{\"@type\":\"BreadcrumbList\",\"@id\":\"https:\/\/www.fiscalia.gov.co\/colombia\/noticias\/carcel-para-alias-victor-presunto-disidente-de-las-farc-que-habria-participado-en-el-ataque-a-una-estacion-de-policia\/#breadcrumb\",\"itemListElement\":[{\"@type\":\"ListItem\",\"position\":1,\"name\":\"Home\",\"item\":\"https:\/\/www.fiscalia.gov.co\/colombia\/\"},{\"@type\":\"ListItem\",\"position\":2,\"name\":\"C\u00e1rcel para alias V\u00edctor, presunto disidente de las Farc que habr\u00eda participado en el ataque a una estaci\u00f3n de Polic\u00eda\u00a0\"}]},{\"@type\":\"WebSite\",\"@id\":\"https:\/\/www.fiscalia.gov.co\/colombia\/#website\",\"url\":\"https:\/\/www.fiscalia.gov.co\/colombia\/\",\"name\":\"Fiscal\u00eda General de la Naci\u00f3n\",\"description\":\"P\u00e1gina oficial de la Fiscal\u00eda General de la Naci\u00f3n \u2013 Colombia. Garantizamos el acceso efectivo a la justicia, la verdad y la reparaci\u00f3n de las v\u00edctimas de los delitos.\",\"publisher\":{\"@id\":\"https:\/\/www.fiscalia.gov.co\/colombia\/#organization\"},\"potentialAction\":[{\"@type\":\"SearchAction\",\"target\":{\"@type\":\"EntryPoint\",\"urlTemplate\":\"https:\/\/www.fiscalia.gov.co\/colombia\/?s={search_term_string}\"},\"query-input\":{\"@type\":\"PropertyValueSpecification\",\"valueRequired\":true,\"valueName\":\"search_term_string\"}}],\"inLanguage\":\"es-CO\"},{\"@type\":\"Organization\",\"@id\":\"https:\/\/www.fiscalia.gov.co\/colombia\/#organization\",\"name\":\"Fiscal\u00eda General de la Naci\u00f3n\",\"url\":\"https:\/\/www.fiscalia.gov.co\/colombia\/\",\"logo\":{\"@type\":\"ImageObject\",\"inLanguage\":\"es-CO\",\"@id\":\"https:\/\/www.fiscalia.gov.co\/colombia\/#\/schema\/logo\/image\/\",\"url\":\"https:\/\/www.fiscalia.gov.co\/colombia\/wp-content\/uploads\/LogoHorizontal_1.jpg\",\"contentUrl\":\"https:\/\/www.fiscalia.gov.co\/colombia\/wp-content\/uploads\/LogoHorizontal_1.jpg\",\"width\":300,\"height\":90,\"caption\":\"Fiscal\u00eda General de la Naci\u00f3n\"},\"image\":{\"@id\":\"https:\/\/www.fiscalia.gov.co\/colombia\/#\/schema\/logo\/image\/\"},\"sameAs\":[\"https:\/\/www.facebook.com\/FiscaliaCol\",\"https:\/\/x.com\/FiscaliaCol\",\"https:\/\/www.instagram.com\/fiscaliacol\",\"https:\/\/www.linkedin.com\/company\/fiscalia-general-de-la-naci-n\/\",\"https:\/\/youtube.com\/@fiscaliageneraldelanacion-4668?si=6nN79nyQICPU5iTh\"]},{\"@type\":\"Person\",\"@id\":\"https:\/\/www.fiscalia.gov.co\/colombia\/#\/schema\/person\/b19b49f26569f91393176a2b3d13a0e5\",\"name\":\"Johanna Black Prieto Pe\u00f1a\",\"image\":{\"@type\":\"ImageObject\",\"inLanguage\":\"es-CO\",\"@id\":\"https:\/\/www.fiscalia.gov.co\/colombia\/#\/schema\/person\/image\/\",\"url\":\"https:\/\/secure.gravatar.com\/avatar\/7f04518e1774335e76d761d76f04003e?s=96&d=mm&r=g\",\"contentUrl\":\"https:\/\/secure.gravatar.com\/avatar\/7f04518e1774335e76d761d76f04003e?s=96&d=mm&r=g\",\"caption\":\"Johanna Black Prieto Pe\u00f1a\"},\"url\":\"https:\/\/www.fiscalia.gov.co\/colombia\/author\/jprieto\/\"}]}<\/script>\n<!-- \/ Yoast SEO plugin. -->","yoast_head_json":{"title":"Fiscal\u00eda General de la Naci\u00f3n","description":"P\u00e1gina oficial de la Fiscal\u00eda General de la Naci\u00f3n \u2013 Colombia. Garantizamos el acceso efectivo a la justicia, la verdad y la reparaci\u00f3n de las v\u00edctimas de los delitos.","robots":{"index":"noindex","follow":"follow"},"og_locale":"es_ES","og_type":"article","og_title":"Fiscal\u00eda General de la Naci\u00f3n","og_description":"P\u00e1gina oficial de la Fiscal\u00eda General de la Naci\u00f3n \u2013 Colombia. Garantizamos el acceso efectivo a la justicia, la verdad y la reparaci\u00f3n de las v\u00edctimas de los delitos.","og_url":"https:\/\/www.fiscalia.gov.co\/colombia\/noticias\/carcel-para-alias-victor-presunto-disidente-de-las-farc-que-habria-participado-en-el-ataque-a-una-estacion-de-policia\/","og_site_name":"Fiscal\u00eda General de la Naci\u00f3n","article_publisher":"https:\/\/www.facebook.com\/FiscaliaCol","article_published_time":"2022-01-17T21:18:05+00:00","article_modified_time":"2022-01-17T21:24:15+00:00","author":"Johanna Black Prieto Pe\u00f1a","twitter_card":"summary_large_image","twitter_creator":"@FiscaliaCol","twitter_site":"@FiscaliaCol","twitter_misc":{"Escrito por":"Johanna Black Prieto Pe\u00f1a","Tiempo de lectura":"2 minutos"},"schema":{"@context":"https:\/\/schema.org","@graph":[{"@type":"Article","@id":"https:\/\/www.fiscalia.gov.co\/colombia\/noticias\/carcel-para-alias-victor-presunto-disidente-de-las-farc-que-habria-participado-en-el-ataque-a-una-estacion-de-policia\/#article","isPartOf":{"@id":"https:\/\/www.fiscalia.gov.co\/colombia\/noticias\/carcel-para-alias-victor-presunto-disidente-de-las-farc-que-habria-participado-en-el-ataque-a-una-estacion-de-policia\/"},"author":{"name":"Johanna Black Prieto Pe\u00f1a","@id":"https:\/\/www.fiscalia.gov.co\/colombia\/#\/schema\/person\/b19b49f26569f91393176a2b3d13a0e5"},"headline":"C\u00e1rcel para alias V\u00edctor, presunto disidente de las Farc que habr\u00eda participado en el ataque a una estaci\u00f3n de Polic\u00eda\u00a0","datePublished":"2022-01-17T21:18:05+00:00","dateModified":"2022-01-17T21:24:15+00:00","mainEntityOfPage":{"@id":"https:\/\/www.fiscalia.gov.co\/colombia\/noticias\/carcel-para-alias-victor-presunto-disidente-de-las-farc-que-habria-participado-en-el-ataque-a-una-estacion-de-policia\/"},"wordCount":464,"publisher":{"@id":"https:\/\/www.fiscalia.gov.co\/colombia\/#organization"},"keywords":["columna Jaime Mart\u00ednez","dos pistolas 9 mil\u00edmetros","Fiscal General Francisco Barbosa Delgado","Fiscal\u00eda de Colombia","Fiscal\u00eda General de la Naci\u00f3n"],"articleSection":["Crimen organizado","Noticias","Seccional Cali","Seccionales"],"inLanguage":"es-CO"},{"@type":"WebPage","@id":"https:\/\/www.fiscalia.gov.co\/colombia\/noticias\/carcel-para-alias-victor-presunto-disidente-de-las-farc-que-habria-participado-en-el-ataque-a-una-estacion-de-policia\/","url":"https:\/\/www.fiscalia.gov.co\/colombia\/noticias\/carcel-para-alias-victor-presunto-disidente-de-las-farc-que-habria-participado-en-el-ataque-a-una-estacion-de-policia\/","name":"Fiscal\u00eda General de la Naci\u00f3n","isPartOf":{"@id":"https:\/\/www.fiscalia.gov.co\/colombia\/#website"},"datePublished":"2022-01-17T21:18:05+00:00","dateModified":"2022-01-17T21:24:15+00:00","description":"P\u00e1gina oficial de la Fiscal\u00eda General de la Naci\u00f3n \u2013 Colombia. Garantizamos el acceso efectivo a la justicia, la verdad y la reparaci\u00f3n de las v\u00edctimas de los delitos.","breadcrumb":{"@id":"https:\/\/www.fiscalia.gov.co\/colombia\/noticias\/carcel-para-alias-victor-presunto-disidente-de-las-farc-que-habria-participado-en-el-ataque-a-una-estacion-de-policia\/#breadcrumb"},"inLanguage":"es-CO","potentialAction":[{"@type":"ReadAction","target":["https:\/\/www.fiscalia.gov.co\/colombia\/noticias\/carcel-para-alias-victor-presunto-disidente-de-las-farc-que-habria-participado-en-el-ataque-a-una-estacion-de-policia\/"]}]},{"@type":"BreadcrumbList","@id":"https:\/\/www.fiscalia.gov.co\/colombia\/noticias\/carcel-para-alias-victor-presunto-disidente-de-las-farc-que-habria-participado-en-el-ataque-a-una-estacion-de-policia\/#breadcrumb","itemListElement":[{"@type":"ListItem","position":1,"name":"Home","item":"https:\/\/www.fiscalia.gov.co\/colombia\/"},{"@type":"ListItem","position":2,"name":"C\u00e1rcel para alias V\u00edctor, presunto disidente de las Farc que habr\u00eda participado en el ataque a una estaci\u00f3n de Polic\u00eda\u00a0"}]},{"@type":"WebSite","@id":"https:\/\/www.fiscalia.gov.co\/colombia\/#website","url":"https:\/\/www.fiscalia.gov.co\/colombia\/","name":"Fiscal\u00eda General de la Naci\u00f3n","description":"P\u00e1gina oficial de la Fiscal\u00eda General de la Naci\u00f3n \u2013 Colombia. Garantizamos el acceso efectivo a la justicia, la verdad y la reparaci\u00f3n de las v\u00edctimas de los delitos.","publisher":{"@id":"https:\/\/www.fiscalia.gov.co\/colombia\/#organization"},"potentialAction":[{"@type":"SearchAction","target":{"@type":"EntryPoint","urlTemplate":"https:\/\/www.fiscalia.gov.co\/colombia\/?s={search_term_string}"},"query-input":{"@type":"PropertyValueSpecification","valueRequired":true,"valueName":"search_term_string"}}],"inLanguage":"es-CO"},{"@type":"Organization","@id":"https:\/\/www.fiscalia.gov.co\/colombia\/#organization","name":"Fiscal\u00eda General de la Naci\u00f3n","url":"https:\/\/www.fiscalia.gov.co\/colombia\/","logo":{"@type":"ImageObject","inLanguage":"es-CO","@id":"https:\/\/www.fiscalia.gov.co\/colombia\/#\/schema\/logo\/image\/","url":"https:\/\/www.fiscalia.gov.co\/colombia\/wp-content\/uploads\/LogoHorizontal_1.jpg","contentUrl":"https:\/\/www.fiscalia.gov.co\/colombia\/wp-content\/uploads\/LogoHorizontal_1.jpg","width":300,"height":90,"caption":"Fiscal\u00eda General de la Naci\u00f3n"},"image":{"@id":"https:\/\/www.fiscalia.gov.co\/colombia\/#\/schema\/logo\/image\/"},"sameAs":["https:\/\/www.facebook.com\/FiscaliaCol","https:\/\/x.com\/FiscaliaCol","https:\/\/www.instagram.com\/fiscaliacol","https:\/\/www.linkedin.com\/company\/fiscalia-general-de-la-naci-n\/","https:\/\/youtube.com\/@fiscaliageneraldelanacion-4668?si=6nN79nyQICPU5iTh"]},{"@type":"Person","@id":"https:\/\/www.fiscalia.gov.co\/colombia\/#\/schema\/person\/b19b49f26569f91393176a2b3d13a0e5","name":"Johanna Black Prieto Pe\u00f1a","image":{"@type":"ImageObject","inLanguage":"es-CO","@id":"https:\/\/www.fiscalia.gov.co\/colombia\/#\/schema\/person\/image\/","url":"https:\/\/secure.gravatar.com\/avatar\/7f04518e1774335e76d761d76f04003e?s=96&d=mm&r=g","contentUrl":"https:\/\/secure.gravatar.com\/avatar\/7f04518e1774335e76d761d76f04003e?s=96&d=mm&r=g","caption":"Johanna Black Prieto Pe\u00f1a"},"url":"https:\/\/www.fiscalia.gov.co\/colombia\/author\/jprieto\/"}]}},"_links":{"self":[{"href":"https:\/\/www.fiscalia.gov.co\/colombia\/wp-json\/wp\/v2\/posts\/238258","targetHints":{"allow":["GET"]}}],"collection":[{"href":"https:\/\/www.fiscalia.gov.co\/colombia\/wp-json\/wp\/v2\/posts"}],"about":[{"href":"https:\/\/www.fiscalia.gov.co\/colombia\/wp-json\/wp\/v2\/types\/post"}],"author":[{"embeddable":true,"href":"https:\/\/www.fiscalia.gov.co\/colombia\/wp-json\/wp\/v2\/users\/176"}],"replies":[{"embeddable":true,"href":"https:\/\/www.fiscalia.gov.co\/colombia\/wp-json\/wp\/v2\/comments?post=238258"}],"version-history":[{"count":3,"href":"https:\/\/www.fiscalia.gov.co\/colombia\/wp-json\/wp\/v2\/posts\/238258\/revisions"}],"predecessor-version":[{"id":238262,"href":"https:\/\/www.fiscalia.gov.co\/colombia\/wp-json\/wp\/v2\/posts\/238258\/revisions\/238262"}],"wp:attachment":[{"href":"https:\/\/www.fiscalia.gov.co\/colombia\/wp-json\/wp\/v2\/media?parent=238258"}],"wp:term":[{"taxonomy":"category","embeddable":true,"href":"https:\/\/www.fiscalia.gov.co\/colombia\/wp-json\/wp\/v2\/categories?post=238258"},{"taxonomy":"post_tag","embeddable":true,"href":"https:\/\/www.fiscalia.gov.co\/colombia\/wp-json\/wp\/v2\/tags?post=238258"}],"curies":[{"name":"wp","href":"https:\/\/api.w.org\/{rel}","templated":true}]}}