{"id":237860,"date":"2022-01-08T09:40:04","date_gmt":"2022-01-08T14:40:04","guid":{"rendered":"https:\/\/www.fiscalia.gov.co\/colombia\/?p=237860"},"modified":"2022-01-08T09:40:04","modified_gmt":"2022-01-08T14:40:04","slug":"caen-supuestos-integrantes-de-red-de-trata-de-personas-senalada-de-enganar-a-jovenes-con-falsos-ofrecimientos-laborales-en-italia","status":"publish","type":"post","link":"https:\/\/www.fiscalia.gov.co\/colombia\/noticias\/caen-supuestos-integrantes-de-red-de-trata-de-personas-senalada-de-enganar-a-jovenes-con-falsos-ofrecimientos-laborales-en-italia\/","title":{"rendered":"Caen supuestos integrantes de red de trata de personas se\u00f1alada de enga\u00f1ar a j\u00f3venes con falsos ofrecimientos laborales en Italia"},"content":{"rendered":"<h4><em><strong>La Fiscal\u00eda estableci\u00f3 que las v\u00edctimas, al parecer, eran explotadas sexualmente con fines comerciales en la ciudad de Bari (Italia), y sometidas a tratos crueles y degradantes.<\/strong> <\/em><\/h4>\n<p>&nbsp;<\/p>\n<p>La Fiscal\u00eda General de la Naci\u00f3n, a trav\u00e9s de la Direcci\u00f3n Especializada contra las Violaciones a los Derechos Humanos, logr\u00f3 la judicializaci\u00f3n de tres supuestos integrantes de una red de trata de personas.<\/p>\n<p>Los procesados, al parecer, contactaban a j\u00f3venes de escasos recursos en el Eje Cafetero y norte de Valle del Cauca; les ofrec\u00edan falsas ofertas de trabajo en almacenes de ropa en Italia y las convenc\u00edan de viajar. Para este prop\u00f3sito les proporcionaban ropa, tiquetes y euros, y coordinaban el traslado a Bari, en el sur de Italia.<\/p>\n<p>En esta ciudad, la organizaci\u00f3n, presuntamente, les reten\u00edan los documentos a las v\u00edctimas y las explotaba sexualmente para que cubrieran los gastos de manutenci\u00f3n y completaran el dinero que les facilitaron en Colombia. Adicionalmente, hay elementos de prueba que indican que eran sometidas a tratos crueles y degradantes para que no descansaran y estuvieran disponibles a las pretensiones de los denominados clientes.<\/p>\n<p>En ese sentido, los se\u00f1alados responsables de la actividad ilegal fueron capturados en diligencias realizadas de manera articulada con la Polic\u00eda Nacional en el Aeropuerto Internacional Mateca\u00f1a de Pereira (Risaralda), y en Buga (Valle del Cauca). La Fiscal\u00eda los present\u00f3 ante un juez de control de garant\u00edas y les imput\u00f3 los delitos de: trata de personas y concierto para delinquir.<\/p>\n<p>Los investigados no aceptaron los cargos y deber\u00e1n cumplir medida de aseguramiento privativa de la libertad en el lugar de residencia.<\/p>\n<p>Los afectados con la decisi\u00f3n son: las hermanas Martha Cecilia y Alba Lucia \u00c1lvarez Silva, supuestas encargadas de reclutar a las mujeres y recibirlas en Italia; y \u00c9dgar Romero Bonilla, representante de una agencia de viajes en Buga (Valle del Cauca), que ser\u00eda utilizada para agilizar los tr\u00e1mites necesarios para que las v\u00edctimas salieran del pa\u00eds.<\/p>\n<p><strong>El sufrimiento de una v\u00edctima<\/strong><\/p>\n<p>Para identificar a los supuestos integrantes de la red de trata de personas fue determinante el testimonio de una v\u00edctima, una joven que viv\u00eda en Pereira (Risaralda). En su relat\u00f3 se\u00f1al\u00f3 que, en septiembre de 2016, fue contactada en un centro comercial por un hombre que le propuso viajar a Italia y trabajar en almacenes de ropa, que pertenecer\u00edan a Martha Cecilia \u00c1lvarez Silva.<\/p>\n<p>La oferta laboral iba acompa\u00f1ada de la documentaci\u00f3n para ingresar a territorio italiano; vivienda, la alimentaci\u00f3n los primeros d\u00edas de su llegada; y $10\u2019000.000, los cuales deb\u00eda retornar en Italia con los salarios que le iban a dar.<\/p>\n<p>La victima asegur\u00f3 que fue acompa\u00f1ada a realizar los tr\u00e1mites de expedici\u00f3n del pasaporte y la reunieron con \u00c9dgar Romero Bonilla. Este hombre, al parecer, le dio el visto bueno para el viaje y pidi\u00f3 que se soltara el pelo, se arreglara las u\u00f1as y fuera con una de las se\u00f1aladas integrantes de la organizaci\u00f3n a comprar ropa. La denuncia detalla que Romero Bonilla fue a la casa de la joven, le prepar\u00f3 la maleta, le insisti\u00f3 en que no pod\u00eda incluir m\u00e1s pertenencias y le dijo que le conseguir\u00eda el tiquete, a trav\u00e9s de su agencia.<\/p>\n<p>Previo al traslado, la mujer recibi\u00f3 de Alba Lucia \u00c1lvarez Silva el pasaje a\u00e9reo, el baucher del hotel donde se hospedar\u00eda, un seguro, una carta de invitaci\u00f3n italiana y 550 euros.<\/p>\n<p>En Italia, la joven fue sometida al ejercicio de actividades de tipo sexual. Precis\u00f3 que fue coartada su libertad y autonom\u00eda personal, pues le retuvieron el pasaporte, le imped\u00edan ir al ba\u00f1o o suplir sus necesidades personales, y la obligaron a acceder a los prop\u00f3sitos de todos los hombres que se le acercaban, sin recibir pago alguno.<\/p>\n<p>Asegur\u00f3 que los dineros eran entregados a Martha Cecilia \u00c1lvarez Silva o utilizados para cubrir los gastos del sitio donde la alojaban. Tambi\u00e9n revel\u00f3 que la tuvieron vigilada, y soport\u00f3 amenazas de muerte contra ella y su familia.<\/p>\n<p>JARG\/DJR\/DEVDH\/MCRC.<\/p>\n<p><strong>La Fiscal\u00eda habla con resultados<\/strong><\/p>\n<p>&nbsp;<\/p>\n<div class=\"td-post-content tagdiv-type\">\n<p><em>La informaci\u00f3n contenida en este bolet\u00edn de prensa corresponde a la narraci\u00f3n de los hechos noticiosos objetivos, suministrados por los funcionarios encargados de adelantar las investigaciones penales al interior de la Fiscal\u00eda General de la Naci\u00f3n. Para el momento de la divulgaci\u00f3n de este comunicado, la situaci\u00f3n jur\u00eddica de la(s) persona(s) relacionada(s) se encuentra pendiente de resolver por la autoridad judicial competente, siempre bajo los preceptos de la presunci\u00f3n de inocencia, consagrados en el art\u00edculo 29 de la Constituci\u00f3n Pol\u00edtica y el art\u00edculo 7\u00ba de la Ley 906 de 2004.<\/em><\/p>\n<\/div>\n<footer>\n<div class=\"td-post-source-tags\"><\/div>\n<div class=\"td-post-sharing-bottom\"><\/div>\n<\/footer>\n\n<div class=\"twitter-share\"><a href=\"https:\/\/twitter.com\/intent\/tweet?via=fiscaliacol\" class=\"twitter-share-button\">Tweet<\/a><\/div>\n","protected":false},"excerpt":{"rendered":"<p>La Fiscal\u00eda estableci\u00f3 que las v\u00edctimas, al parecer, eran explotadas sexualmente con fines comerciales en la ciudad de Bari (Italia), y sometidas a tratos crueles y degradantes. &nbsp; La Fiscal\u00eda General de la Naci\u00f3n, a trav\u00e9s de la Direcci\u00f3n Especializada contra las Violaciones a los Derechos Humanos, logr\u00f3 la judicializaci\u00f3n de tres supuestos integrantes de [&hellip;]<\/p>\n","protected":false},"author":175,"featured_media":0,"comment_status":"closed","ping_status":"open","sticky":false,"template":"","format":"standard","meta":{"tdm_status":"","tdm_grid_status":"","footnotes":""},"categories":[24102,1],"tags":[24189,24526,213],"class_list":{"0":"post-237860","1":"post","2":"type-post","3":"status-publish","4":"format-standard","6":"category-derechos-humanos","7":"category-noticias","8":"tag-fiscal-francisco-barbosa-delgado","9":"tag-fiscal-general-francisco-barbosa-delgado","10":"tag-trata-de-personas"},"yoast_head":"<!-- This site is optimized with the Yoast SEO plugin v24.3 - https:\/\/yoast.com\/wordpress\/plugins\/seo\/ -->\n<title>Fiscal\u00eda General de la Naci\u00f3n<\/title>\n<meta name=\"description\" content=\"P\u00e1gina oficial de la Fiscal\u00eda General de la Naci\u00f3n \u2013 Colombia. Garantizamos el acceso efectivo a la justicia, la verdad y la reparaci\u00f3n de las v\u00edctimas de los delitos.\" \/>\n<meta name=\"robots\" content=\"noindex, follow\" \/>\n<meta property=\"og:locale\" content=\"es_ES\" \/>\n<meta property=\"og:type\" content=\"article\" \/>\n<meta property=\"og:title\" content=\"Fiscal\u00eda General de la Naci\u00f3n\" \/>\n<meta property=\"og:description\" content=\"P\u00e1gina oficial de la Fiscal\u00eda General de la Naci\u00f3n \u2013 Colombia. Garantizamos el acceso efectivo a la justicia, la verdad y la reparaci\u00f3n de las v\u00edctimas de los delitos.\" \/>\n<meta property=\"og:url\" content=\"https:\/\/www.fiscalia.gov.co\/colombia\/noticias\/caen-supuestos-integrantes-de-red-de-trata-de-personas-senalada-de-enganar-a-jovenes-con-falsos-ofrecimientos-laborales-en-italia\/\" \/>\n<meta property=\"og:site_name\" content=\"Fiscal\u00eda General de la Naci\u00f3n\" \/>\n<meta property=\"article:publisher\" content=\"https:\/\/www.facebook.com\/FiscaliaCol\" \/>\n<meta property=\"article:published_time\" content=\"2022-01-08T14:40:04+00:00\" \/>\n<meta name=\"author\" content=\"Katherine Loaiza Mart\u00ednez\" \/>\n<meta name=\"twitter:card\" content=\"summary_large_image\" \/>\n<meta name=\"twitter:creator\" content=\"@FiscaliaCol\" \/>\n<meta name=\"twitter:site\" content=\"@FiscaliaCol\" \/>\n<meta name=\"twitter:label1\" content=\"Escrito por\" \/>\n\t<meta name=\"twitter:data1\" content=\"Katherine Loaiza Mart\u00ednez\" \/>\n\t<meta name=\"twitter:label2\" content=\"Tiempo de lectura\" \/>\n\t<meta name=\"twitter:data2\" content=\"4 minutos\" \/>\n<script type=\"application\/ld+json\" class=\"yoast-schema-graph\">{\"@context\":\"https:\/\/schema.org\",\"@graph\":[{\"@type\":\"Article\",\"@id\":\"https:\/\/www.fiscalia.gov.co\/colombia\/noticias\/caen-supuestos-integrantes-de-red-de-trata-de-personas-senalada-de-enganar-a-jovenes-con-falsos-ofrecimientos-laborales-en-italia\/#article\",\"isPartOf\":{\"@id\":\"https:\/\/www.fiscalia.gov.co\/colombia\/noticias\/caen-supuestos-integrantes-de-red-de-trata-de-personas-senalada-de-enganar-a-jovenes-con-falsos-ofrecimientos-laborales-en-italia\/\"},\"author\":{\"name\":\"Katherine Loaiza Mart\u00ednez\",\"@id\":\"https:\/\/www.fiscalia.gov.co\/colombia\/#\/schema\/person\/2e76b9aba5ecf875ed565ce4de0e0415\"},\"headline\":\"Caen supuestos integrantes de red de trata de personas se\u00f1alada de enga\u00f1ar a j\u00f3venes con falsos ofrecimientos laborales en Italia\",\"datePublished\":\"2022-01-08T14:40:04+00:00\",\"dateModified\":\"2022-01-08T14:40:04+00:00\",\"mainEntityOfPage\":{\"@id\":\"https:\/\/www.fiscalia.gov.co\/colombia\/noticias\/caen-supuestos-integrantes-de-red-de-trata-de-personas-senalada-de-enganar-a-jovenes-con-falsos-ofrecimientos-laborales-en-italia\/\"},\"wordCount\":834,\"publisher\":{\"@id\":\"https:\/\/www.fiscalia.gov.co\/colombia\/#organization\"},\"keywords\":[\"Fiscal Francisco Barbosa Delgado\",\"Fiscal General Francisco Barbosa Delgado\",\"Trata de personas\"],\"articleSection\":[\"Derechos Humanos\",\"Noticias\"],\"inLanguage\":\"es-CO\"},{\"@type\":\"WebPage\",\"@id\":\"https:\/\/www.fiscalia.gov.co\/colombia\/noticias\/caen-supuestos-integrantes-de-red-de-trata-de-personas-senalada-de-enganar-a-jovenes-con-falsos-ofrecimientos-laborales-en-italia\/\",\"url\":\"https:\/\/www.fiscalia.gov.co\/colombia\/noticias\/caen-supuestos-integrantes-de-red-de-trata-de-personas-senalada-de-enganar-a-jovenes-con-falsos-ofrecimientos-laborales-en-italia\/\",\"name\":\"Fiscal\u00eda General de la Naci\u00f3n\",\"isPartOf\":{\"@id\":\"https:\/\/www.fiscalia.gov.co\/colombia\/#website\"},\"datePublished\":\"2022-01-08T14:40:04+00:00\",\"dateModified\":\"2022-01-08T14:40:04+00:00\",\"description\":\"P\u00e1gina oficial de la Fiscal\u00eda General de la Naci\u00f3n \u2013 Colombia. Garantizamos el acceso efectivo a la justicia, la verdad y la reparaci\u00f3n de las v\u00edctimas de los delitos.\",\"breadcrumb\":{\"@id\":\"https:\/\/www.fiscalia.gov.co\/colombia\/noticias\/caen-supuestos-integrantes-de-red-de-trata-de-personas-senalada-de-enganar-a-jovenes-con-falsos-ofrecimientos-laborales-en-italia\/#breadcrumb\"},\"inLanguage\":\"es-CO\",\"potentialAction\":[{\"@type\":\"ReadAction\",\"target\":[\"https:\/\/www.fiscalia.gov.co\/colombia\/noticias\/caen-supuestos-integrantes-de-red-de-trata-de-personas-senalada-de-enganar-a-jovenes-con-falsos-ofrecimientos-laborales-en-italia\/\"]}]},{\"@type\":\"BreadcrumbList\",\"@id\":\"https:\/\/www.fiscalia.gov.co\/colombia\/noticias\/caen-supuestos-integrantes-de-red-de-trata-de-personas-senalada-de-enganar-a-jovenes-con-falsos-ofrecimientos-laborales-en-italia\/#breadcrumb\",\"itemListElement\":[{\"@type\":\"ListItem\",\"position\":1,\"name\":\"Home\",\"item\":\"https:\/\/www.fiscalia.gov.co\/colombia\/\"},{\"@type\":\"ListItem\",\"position\":2,\"name\":\"Caen supuestos integrantes de red de trata de personas se\u00f1alada de enga\u00f1ar a j\u00f3venes con falsos ofrecimientos laborales en Italia\"}]},{\"@type\":\"WebSite\",\"@id\":\"https:\/\/www.fiscalia.gov.co\/colombia\/#website\",\"url\":\"https:\/\/www.fiscalia.gov.co\/colombia\/\",\"name\":\"Fiscal\u00eda General de la Naci\u00f3n\",\"description\":\"P\u00e1gina oficial de la Fiscal\u00eda General de la Naci\u00f3n \u2013 Colombia. Garantizamos el acceso efectivo a la justicia, la verdad y la reparaci\u00f3n de las v\u00edctimas de los delitos.\",\"publisher\":{\"@id\":\"https:\/\/www.fiscalia.gov.co\/colombia\/#organization\"},\"potentialAction\":[{\"@type\":\"SearchAction\",\"target\":{\"@type\":\"EntryPoint\",\"urlTemplate\":\"https:\/\/www.fiscalia.gov.co\/colombia\/?s={search_term_string}\"},\"query-input\":{\"@type\":\"PropertyValueSpecification\",\"valueRequired\":true,\"valueName\":\"search_term_string\"}}],\"inLanguage\":\"es-CO\"},{\"@type\":\"Organization\",\"@id\":\"https:\/\/www.fiscalia.gov.co\/colombia\/#organization\",\"name\":\"Fiscal\u00eda General de la Naci\u00f3n\",\"url\":\"https:\/\/www.fiscalia.gov.co\/colombia\/\",\"logo\":{\"@type\":\"ImageObject\",\"inLanguage\":\"es-CO\",\"@id\":\"https:\/\/www.fiscalia.gov.co\/colombia\/#\/schema\/logo\/image\/\",\"url\":\"https:\/\/www.fiscalia.gov.co\/colombia\/wp-content\/uploads\/LogoHorizontal_1.jpg\",\"contentUrl\":\"https:\/\/www.fiscalia.gov.co\/colombia\/wp-content\/uploads\/LogoHorizontal_1.jpg\",\"width\":300,\"height\":90,\"caption\":\"Fiscal\u00eda General de la Naci\u00f3n\"},\"image\":{\"@id\":\"https:\/\/www.fiscalia.gov.co\/colombia\/#\/schema\/logo\/image\/\"},\"sameAs\":[\"https:\/\/www.facebook.com\/FiscaliaCol\",\"https:\/\/x.com\/FiscaliaCol\",\"https:\/\/www.instagram.com\/fiscaliacol\",\"https:\/\/www.linkedin.com\/company\/fiscalia-general-de-la-naci-n\/\",\"https:\/\/youtube.com\/@fiscaliageneraldelanacion-4668?si=6nN79nyQICPU5iTh\"]},{\"@type\":\"Person\",\"@id\":\"https:\/\/www.fiscalia.gov.co\/colombia\/#\/schema\/person\/2e76b9aba5ecf875ed565ce4de0e0415\",\"name\":\"Katherine Loaiza Mart\u00ednez\",\"image\":{\"@type\":\"ImageObject\",\"inLanguage\":\"es-CO\",\"@id\":\"https:\/\/www.fiscalia.gov.co\/colombia\/#\/schema\/person\/image\/\",\"url\":\"https:\/\/secure.gravatar.com\/avatar\/ab775a2f394c1b83b6d6f78680e57b50?s=96&d=mm&r=g\",\"contentUrl\":\"https:\/\/secure.gravatar.com\/avatar\/ab775a2f394c1b83b6d6f78680e57b50?s=96&d=mm&r=g\",\"caption\":\"Katherine Loaiza Mart\u00ednez\"},\"url\":\"https:\/\/www.fiscalia.gov.co\/colombia\/author\/kloaiza\/\"}]}<\/script>\n<!-- \/ Yoast SEO plugin. -->","yoast_head_json":{"title":"Fiscal\u00eda General de la Naci\u00f3n","description":"P\u00e1gina oficial de la Fiscal\u00eda General de la Naci\u00f3n \u2013 Colombia. Garantizamos el acceso efectivo a la justicia, la verdad y la reparaci\u00f3n de las v\u00edctimas de los delitos.","robots":{"index":"noindex","follow":"follow"},"og_locale":"es_ES","og_type":"article","og_title":"Fiscal\u00eda General de la Naci\u00f3n","og_description":"P\u00e1gina oficial de la Fiscal\u00eda General de la Naci\u00f3n \u2013 Colombia. Garantizamos el acceso efectivo a la justicia, la verdad y la reparaci\u00f3n de las v\u00edctimas de los delitos.","og_url":"https:\/\/www.fiscalia.gov.co\/colombia\/noticias\/caen-supuestos-integrantes-de-red-de-trata-de-personas-senalada-de-enganar-a-jovenes-con-falsos-ofrecimientos-laborales-en-italia\/","og_site_name":"Fiscal\u00eda General de la Naci\u00f3n","article_publisher":"https:\/\/www.facebook.com\/FiscaliaCol","article_published_time":"2022-01-08T14:40:04+00:00","author":"Katherine Loaiza Mart\u00ednez","twitter_card":"summary_large_image","twitter_creator":"@FiscaliaCol","twitter_site":"@FiscaliaCol","twitter_misc":{"Escrito por":"Katherine Loaiza Mart\u00ednez","Tiempo de lectura":"4 minutos"},"schema":{"@context":"https:\/\/schema.org","@graph":[{"@type":"Article","@id":"https:\/\/www.fiscalia.gov.co\/colombia\/noticias\/caen-supuestos-integrantes-de-red-de-trata-de-personas-senalada-de-enganar-a-jovenes-con-falsos-ofrecimientos-laborales-en-italia\/#article","isPartOf":{"@id":"https:\/\/www.fiscalia.gov.co\/colombia\/noticias\/caen-supuestos-integrantes-de-red-de-trata-de-personas-senalada-de-enganar-a-jovenes-con-falsos-ofrecimientos-laborales-en-italia\/"},"author":{"name":"Katherine Loaiza Mart\u00ednez","@id":"https:\/\/www.fiscalia.gov.co\/colombia\/#\/schema\/person\/2e76b9aba5ecf875ed565ce4de0e0415"},"headline":"Caen supuestos integrantes de red de trata de personas se\u00f1alada de enga\u00f1ar a j\u00f3venes con falsos ofrecimientos laborales en Italia","datePublished":"2022-01-08T14:40:04+00:00","dateModified":"2022-01-08T14:40:04+00:00","mainEntityOfPage":{"@id":"https:\/\/www.fiscalia.gov.co\/colombia\/noticias\/caen-supuestos-integrantes-de-red-de-trata-de-personas-senalada-de-enganar-a-jovenes-con-falsos-ofrecimientos-laborales-en-italia\/"},"wordCount":834,"publisher":{"@id":"https:\/\/www.fiscalia.gov.co\/colombia\/#organization"},"keywords":["Fiscal Francisco Barbosa Delgado","Fiscal General Francisco Barbosa Delgado","Trata de personas"],"articleSection":["Derechos Humanos","Noticias"],"inLanguage":"es-CO"},{"@type":"WebPage","@id":"https:\/\/www.fiscalia.gov.co\/colombia\/noticias\/caen-supuestos-integrantes-de-red-de-trata-de-personas-senalada-de-enganar-a-jovenes-con-falsos-ofrecimientos-laborales-en-italia\/","url":"https:\/\/www.fiscalia.gov.co\/colombia\/noticias\/caen-supuestos-integrantes-de-red-de-trata-de-personas-senalada-de-enganar-a-jovenes-con-falsos-ofrecimientos-laborales-en-italia\/","name":"Fiscal\u00eda General de la Naci\u00f3n","isPartOf":{"@id":"https:\/\/www.fiscalia.gov.co\/colombia\/#website"},"datePublished":"2022-01-08T14:40:04+00:00","dateModified":"2022-01-08T14:40:04+00:00","description":"P\u00e1gina oficial de la Fiscal\u00eda General de la Naci\u00f3n \u2013 Colombia. Garantizamos el acceso efectivo a la justicia, la verdad y la reparaci\u00f3n de las v\u00edctimas de los delitos.","breadcrumb":{"@id":"https:\/\/www.fiscalia.gov.co\/colombia\/noticias\/caen-supuestos-integrantes-de-red-de-trata-de-personas-senalada-de-enganar-a-jovenes-con-falsos-ofrecimientos-laborales-en-italia\/#breadcrumb"},"inLanguage":"es-CO","potentialAction":[{"@type":"ReadAction","target":["https:\/\/www.fiscalia.gov.co\/colombia\/noticias\/caen-supuestos-integrantes-de-red-de-trata-de-personas-senalada-de-enganar-a-jovenes-con-falsos-ofrecimientos-laborales-en-italia\/"]}]},{"@type":"BreadcrumbList","@id":"https:\/\/www.fiscalia.gov.co\/colombia\/noticias\/caen-supuestos-integrantes-de-red-de-trata-de-personas-senalada-de-enganar-a-jovenes-con-falsos-ofrecimientos-laborales-en-italia\/#breadcrumb","itemListElement":[{"@type":"ListItem","position":1,"name":"Home","item":"https:\/\/www.fiscalia.gov.co\/colombia\/"},{"@type":"ListItem","position":2,"name":"Caen supuestos integrantes de red de trata de personas se\u00f1alada de enga\u00f1ar a j\u00f3venes con falsos ofrecimientos laborales en Italia"}]},{"@type":"WebSite","@id":"https:\/\/www.fiscalia.gov.co\/colombia\/#website","url":"https:\/\/www.fiscalia.gov.co\/colombia\/","name":"Fiscal\u00eda General de la Naci\u00f3n","description":"P\u00e1gina oficial de la Fiscal\u00eda General de la Naci\u00f3n \u2013 Colombia. Garantizamos el acceso efectivo a la justicia, la verdad y la reparaci\u00f3n de las v\u00edctimas de los delitos.","publisher":{"@id":"https:\/\/www.fiscalia.gov.co\/colombia\/#organization"},"potentialAction":[{"@type":"SearchAction","target":{"@type":"EntryPoint","urlTemplate":"https:\/\/www.fiscalia.gov.co\/colombia\/?s={search_term_string}"},"query-input":{"@type":"PropertyValueSpecification","valueRequired":true,"valueName":"search_term_string"}}],"inLanguage":"es-CO"},{"@type":"Organization","@id":"https:\/\/www.fiscalia.gov.co\/colombia\/#organization","name":"Fiscal\u00eda General de la Naci\u00f3n","url":"https:\/\/www.fiscalia.gov.co\/colombia\/","logo":{"@type":"ImageObject","inLanguage":"es-CO","@id":"https:\/\/www.fiscalia.gov.co\/colombia\/#\/schema\/logo\/image\/","url":"https:\/\/www.fiscalia.gov.co\/colombia\/wp-content\/uploads\/LogoHorizontal_1.jpg","contentUrl":"https:\/\/www.fiscalia.gov.co\/colombia\/wp-content\/uploads\/LogoHorizontal_1.jpg","width":300,"height":90,"caption":"Fiscal\u00eda General de la Naci\u00f3n"},"image":{"@id":"https:\/\/www.fiscalia.gov.co\/colombia\/#\/schema\/logo\/image\/"},"sameAs":["https:\/\/www.facebook.com\/FiscaliaCol","https:\/\/x.com\/FiscaliaCol","https:\/\/www.instagram.com\/fiscaliacol","https:\/\/www.linkedin.com\/company\/fiscalia-general-de-la-naci-n\/","https:\/\/youtube.com\/@fiscaliageneraldelanacion-4668?si=6nN79nyQICPU5iTh"]},{"@type":"Person","@id":"https:\/\/www.fiscalia.gov.co\/colombia\/#\/schema\/person\/2e76b9aba5ecf875ed565ce4de0e0415","name":"Katherine Loaiza Mart\u00ednez","image":{"@type":"ImageObject","inLanguage":"es-CO","@id":"https:\/\/www.fiscalia.gov.co\/colombia\/#\/schema\/person\/image\/","url":"https:\/\/secure.gravatar.com\/avatar\/ab775a2f394c1b83b6d6f78680e57b50?s=96&d=mm&r=g","contentUrl":"https:\/\/secure.gravatar.com\/avatar\/ab775a2f394c1b83b6d6f78680e57b50?s=96&d=mm&r=g","caption":"Katherine Loaiza Mart\u00ednez"},"url":"https:\/\/www.fiscalia.gov.co\/colombia\/author\/kloaiza\/"}]}},"_links":{"self":[{"href":"https:\/\/www.fiscalia.gov.co\/colombia\/wp-json\/wp\/v2\/posts\/237860","targetHints":{"allow":["GET"]}}],"collection":[{"href":"https:\/\/www.fiscalia.gov.co\/colombia\/wp-json\/wp\/v2\/posts"}],"about":[{"href":"https:\/\/www.fiscalia.gov.co\/colombia\/wp-json\/wp\/v2\/types\/post"}],"author":[{"embeddable":true,"href":"https:\/\/www.fiscalia.gov.co\/colombia\/wp-json\/wp\/v2\/users\/175"}],"replies":[{"embeddable":true,"href":"https:\/\/www.fiscalia.gov.co\/colombia\/wp-json\/wp\/v2\/comments?post=237860"}],"version-history":[{"count":1,"href":"https:\/\/www.fiscalia.gov.co\/colombia\/wp-json\/wp\/v2\/posts\/237860\/revisions"}],"predecessor-version":[{"id":237861,"href":"https:\/\/www.fiscalia.gov.co\/colombia\/wp-json\/wp\/v2\/posts\/237860\/revisions\/237861"}],"wp:attachment":[{"href":"https:\/\/www.fiscalia.gov.co\/colombia\/wp-json\/wp\/v2\/media?parent=237860"}],"wp:term":[{"taxonomy":"category","embeddable":true,"href":"https:\/\/www.fiscalia.gov.co\/colombia\/wp-json\/wp\/v2\/categories?post=237860"},{"taxonomy":"post_tag","embeddable":true,"href":"https:\/\/www.fiscalia.gov.co\/colombia\/wp-json\/wp\/v2\/tags?post=237860"}],"curies":[{"name":"wp","href":"https:\/\/api.w.org\/{rel}","templated":true}]}}